{"id":10035,"date":"2011-10-20T09:37:03","date_gmt":"2011-10-20T08:37:03","guid":{"rendered":"http:\/\/www.aclanester56.com\/velo\/?p=10035"},"modified":"2011-10-23T08:59:34","modified_gmt":"2011-10-23T07:59:34","slug":"victoire-de-christophe-balannec-sur-le-trophee-regional-de-cyclo-cross","status":"publish","type":"post","link":"https:\/\/www.aclanester56.com\/velo\/victoire-de-christophe-balannec-sur-le-trophee-regional-de-cyclo-cross\/","title":{"rendered":"Victoire de Christophe Balannec sur le Troph\u00e9e R\u00e9gional de Cyclo-Cross"},"content":{"rendered":"<div id=\"attachment_10036\" style=\"width: 330px\" class=\"wp-caption alignleft\"><a href=\"http:\/\/www.aclanester56.com\/velo\/wp-content\/uploads\/2011\/10\/C.-BALANNEC.jpg\"><img loading=\"lazy\" decoding=\"async\" aria-describedby=\"caption-attachment-10036\" class=\"size-full wp-image-10036\" title=\"Christophe Balannec \u00e9tait le plus fort \u00e0 Ploeuc-sur-Li\u00e9 (photo www.sportbreizh.com)\" src=\"http:\/\/www.aclanester56.com\/velo\/wp-content\/uploads\/2011\/10\/C.-BALANNEC.jpg\" alt=\"\" width=\"320\" height=\"215\" srcset=\"https:\/\/www.aclanester56.com\/velo\/wp-content\/uploads\/2011\/10\/C.-BALANNEC.jpg 640w, https:\/\/www.aclanester56.com\/velo\/wp-content\/uploads\/2011\/10\/C.-BALANNEC-300x201.jpg 300w, https:\/\/www.aclanester56.com\/velo\/wp-content\/uploads\/2011\/10\/C.-BALANNEC-447x300.jpg 447w\" sizes=\"auto, (max-width: 320px) 100vw, 320px\" \/><\/a><p id=\"caption-attachment-10036\" class=\"wp-caption-text\">Christophe Balannec \u00e9tait le plus fort \u00e0 Ploeuc-sur-Li\u00e9 (photo www.sportbreizh.com)<\/p><\/div>\n<p style=\"text-align: justify;\">Le Lanest\u00e9rien Christophe BALANNEC, auteur d&rsquo;une tr\u00e8s belle fin de saison sur route, a domin\u00e9 dimanche dernier la 1\u00e8re manche du Troph\u00e9e R\u00e9gional Espoirs de Cyclo-Cross disput\u00e9e \u00e0 Ploeuc-sur-Li\u00e9. Antoine COZ prend une tr\u00e8s belle 8\u00e8me place, devant Aur\u00e9lien DANIEL 10\u00e8me.<\/p>\n<p style=\"text-align: justify;\">Chez les \u00e9lites, c&rsquo;est le professionnel de Roubaix-Lille-M\u00e9tropole licenci\u00e9 \u00e0 l&rsquo;AC LANESTER 56 Florian LE CORRE qui l&#8217;emporte.<\/p>\n<p>&nbsp;<\/p>\n<p style=\"text-align: justify;\"><!--more--><\/p>\n<p>&nbsp;<br \/>\n&nbsp;<br \/>\n&nbsp;<br \/>\n&nbsp;<\/p>\n<p style=\"text-align: justify;\"><span style=\"text-decoration: underline;\"><strong>Classement Juniors\/Espoirs :<\/strong><\/span><\/p>\n<p style=\"text-align: justify;\"><span style=\"background-color: #ff6600;\">1\u00a0\u00a0BALANNEC\u00a0CHRISTOPHE\u00a0AC LANESTER 56 ESPOIR<\/span><br \/>\n2\u00a0\u00a0GICQUIAU\u00a0IVAN\u00a0EC QUEVENOISE\u00a0ESPOIR<br \/>\n3\u00a0\u00a0CLERET\u00a0ROMAIN\u00a0VCS BETTONNAIS\u00a0ESPOIR<br \/>\n4\u00a0\u00a0PIRIOU\u00a0JEREMIE\u00a0CC CONCARNOIS\u00a0ESPOIR<br \/>\n5\u00a0\u00a0GOASGUEN\u00a0ERWAN\u00a0EC LANDERNEAU\u00a0ESPOIR<br \/>\n6\u00a0\u00a0RICHEUX\u00a0FLORIAN\u00a0VS PAYS DE LAMBALLE\u00a0JUNIOR<br \/>\n7\u00a0\u00a0PROD&rsquo;HOMME\u00a0ANTOINE\u00a0CC MONCONTOUR\u00a0JUNIOR<br \/>\n<span style=\"background-color: #ff6600;\">8\u00a0\u00a0COZ\u00a0ANTOINE\u00a0AC LANESTER 56 ESPOIR<\/span><br \/>\n9\u00a0\u00a0GESBERT\u00a0ELIE\u00a0ANDELVELO\u00a0JUNIOR<br \/>\n<span style=\"background-color: #ff6600;\">10\u00a0\u00a0DANIEL\u00a0AURELIEN\u00a0AC LANESTER 56 ESPOIR<\/span><\/p>\n","protected":false},"excerpt":{"rendered":"<p>Le Lanest\u00e9rien Christophe BALANNEC, auteur d&rsquo;une tr\u00e8s belle fin de saison sur route, a domin\u00e9 dimanche dernier la 1\u00e8re manche [&hellip;]<\/p>\n","protected":false},"author":14,"featured_media":10041,"comment_status":"open","ping_status":"closed","sticky":false,"template":"","format":"standard","meta":{"ngg_post_thumbnail":0,"footnotes":""},"categories":[5,16,28],"tags":[],"class_list":["post-10035","post","type-post","status-publish","format-standard","has-post-thumbnail","hentry","category-ac-lanester-56","category-resultats","category-resultats-cyclo-cross"],"yoast_head":"<!-- This site is optimized with the Yoast SEO plugin v27.5 - https:\/\/yoast.com\/product\/yoast-seo-wordpress\/ -->\n<title>Victoire de Christophe Balannec sur le Troph\u00e9e R\u00e9gional de Cyclo-Cross - Avenir Cycliste Lanester 56<\/title>\n<meta name=\"robots\" content=\"index, follow, max-snippet:-1, max-image-preview:large, max-video-preview:-1\" \/>\n<link rel=\"canonical\" href=\"https:\/\/www.aclanester56.com\/velo\/victoire-de-christophe-balannec-sur-le-trophee-regional-de-cyclo-cross\/\" \/>\n<meta property=\"og:locale\" content=\"fr_FR\" \/>\n<meta property=\"og:type\" content=\"article\" \/>\n<meta property=\"og:title\" content=\"Victoire de Christophe Balannec sur le Troph\u00e9e R\u00e9gional de Cyclo-Cross - Avenir Cycliste Lanester 56\" \/>\n<meta property=\"og:description\" content=\"Le Lanest\u00e9rien Christophe BALANNEC, auteur d&rsquo;une tr\u00e8s belle fin de saison sur route, a domin\u00e9 dimanche dernier la 1\u00e8re manche [&hellip;]\" \/>\n<meta property=\"og:url\" content=\"https:\/\/www.aclanester56.com\/velo\/victoire-de-christophe-balannec-sur-le-trophee-regional-de-cyclo-cross\/\" \/>\n<meta property=\"og:site_name\" content=\"Avenir Cycliste Lanester 56\" \/>\n<meta property=\"article:publisher\" content=\"https:\/\/www.facebook.com\/pages\/AC-Lanester-56\/190286300991242?fref=ts\" \/>\n<meta property=\"article:published_time\" content=\"2011-10-20T08:37:03+00:00\" \/>\n<meta property=\"article:modified_time\" content=\"2011-10-23T07:59:34+00:00\" \/>\n<meta property=\"og:image\" content=\"https:\/\/www.aclanester56.com\/velo\/wp-content\/uploads\/2011\/10\/Copie-de-C.-BALANNEC.jpg\" \/>\n\t<meta property=\"og:image:width\" content=\"650\" \/>\n\t<meta property=\"og:image:height\" content=\"300\" \/>\n\t<meta property=\"og:image:type\" content=\"image\/jpeg\" \/>\n<meta name=\"author\" content=\"Jean-Christophe\" \/>\n<meta name=\"twitter:label1\" content=\"\u00c9crit par\" \/>\n\t<meta name=\"twitter:data1\" content=\"Jean-Christophe\" \/>\n\t<meta name=\"twitter:label2\" content=\"Dur\u00e9e de lecture estim\u00e9e\" \/>\n\t<meta name=\"twitter:data2\" content=\"1 minute\" \/>\n<script type=\"application\/ld+json\" class=\"yoast-schema-graph\">{\"@context\":\"https:\\\/\\\/schema.org\",\"@graph\":[{\"@type\":\"Article\",\"@id\":\"https:\\\/\\\/www.aclanester56.com\\\/velo\\\/victoire-de-christophe-balannec-sur-le-trophee-regional-de-cyclo-cross\\\/#article\",\"isPartOf\":{\"@id\":\"https:\\\/\\\/www.aclanester56.com\\\/velo\\\/victoire-de-christophe-balannec-sur-le-trophee-regional-de-cyclo-cross\\\/\"},\"author\":{\"name\":\"Jean-Christophe\",\"@id\":\"https:\\\/\\\/www.aclanester56.com\\\/velo\\\/#\\\/schema\\\/person\\\/ca2a44a5fd969e9dd846c72d3b33bc01\"},\"headline\":\"Victoire de Christophe Balannec sur le Troph\u00e9e R\u00e9gional de Cyclo-Cross\",\"datePublished\":\"2011-10-20T08:37:03+00:00\",\"dateModified\":\"2011-10-23T07:59:34+00:00\",\"mainEntityOfPage\":{\"@id\":\"https:\\\/\\\/www.aclanester56.com\\\/velo\\\/victoire-de-christophe-balannec-sur-le-trophee-regional-de-cyclo-cross\\\/\"},\"wordCount\":154,\"commentCount\":0,\"publisher\":{\"@id\":\"https:\\\/\\\/www.aclanester56.com\\\/velo\\\/#organization\"},\"image\":{\"@id\":\"https:\\\/\\\/www.aclanester56.com\\\/velo\\\/victoire-de-christophe-balannec-sur-le-trophee-regional-de-cyclo-cross\\\/#primaryimage\"},\"thumbnailUrl\":\"https:\\\/\\\/www.aclanester56.com\\\/velo\\\/wp-content\\\/uploads\\\/2011\\\/10\\\/Copie-de-C.-BALANNEC.jpg\",\"articleSection\":[\"AC LANESTER 56\",\"R\u00e9sultats\",\"R\u00e9sultats Cyclo-Cross\"],\"inLanguage\":\"fr-FR\",\"potentialAction\":[{\"@type\":\"CommentAction\",\"name\":\"Comment\",\"target\":[\"https:\\\/\\\/www.aclanester56.com\\\/velo\\\/victoire-de-christophe-balannec-sur-le-trophee-regional-de-cyclo-cross\\\/#respond\"]}]},{\"@type\":\"WebPage\",\"@id\":\"https:\\\/\\\/www.aclanester56.com\\\/velo\\\/victoire-de-christophe-balannec-sur-le-trophee-regional-de-cyclo-cross\\\/\",\"url\":\"https:\\\/\\\/www.aclanester56.com\\\/velo\\\/victoire-de-christophe-balannec-sur-le-trophee-regional-de-cyclo-cross\\\/\",\"name\":\"Victoire de Christophe Balannec sur le Troph\u00e9e R\u00e9gional de Cyclo-Cross - Avenir Cycliste Lanester 56\",\"isPartOf\":{\"@id\":\"https:\\\/\\\/www.aclanester56.com\\\/velo\\\/#website\"},\"primaryImageOfPage\":{\"@id\":\"https:\\\/\\\/www.aclanester56.com\\\/velo\\\/victoire-de-christophe-balannec-sur-le-trophee-regional-de-cyclo-cross\\\/#primaryimage\"},\"image\":{\"@id\":\"https:\\\/\\\/www.aclanester56.com\\\/velo\\\/victoire-de-christophe-balannec-sur-le-trophee-regional-de-cyclo-cross\\\/#primaryimage\"},\"thumbnailUrl\":\"https:\\\/\\\/www.aclanester56.com\\\/velo\\\/wp-content\\\/uploads\\\/2011\\\/10\\\/Copie-de-C.-BALANNEC.jpg\",\"datePublished\":\"2011-10-20T08:37:03+00:00\",\"dateModified\":\"2011-10-23T07:59:34+00:00\",\"inLanguage\":\"fr-FR\",\"potentialAction\":[{\"@type\":\"ReadAction\",\"target\":[\"https:\\\/\\\/www.aclanester56.com\\\/velo\\\/victoire-de-christophe-balannec-sur-le-trophee-regional-de-cyclo-cross\\\/\"]}]},{\"@type\":\"ImageObject\",\"inLanguage\":\"fr-FR\",\"@id\":\"https:\\\/\\\/www.aclanester56.com\\\/velo\\\/victoire-de-christophe-balannec-sur-le-trophee-regional-de-cyclo-cross\\\/#primaryimage\",\"url\":\"https:\\\/\\\/www.aclanester56.com\\\/velo\\\/wp-content\\\/uploads\\\/2011\\\/10\\\/Copie-de-C.-BALANNEC.jpg\",\"contentUrl\":\"https:\\\/\\\/www.aclanester56.com\\\/velo\\\/wp-content\\\/uploads\\\/2011\\\/10\\\/Copie-de-C.-BALANNEC.jpg\",\"width\":650,\"height\":300},{\"@type\":\"WebSite\",\"@id\":\"https:\\\/\\\/www.aclanester56.com\\\/velo\\\/#website\",\"url\":\"https:\\\/\\\/www.aclanester56.com\\\/velo\\\/\",\"name\":\"Avenir Cycliste Lanester 56\",\"description\":\"Club cycliste de l&#039;AC LANESTER 56\",\"publisher\":{\"@id\":\"https:\\\/\\\/www.aclanester56.com\\\/velo\\\/#organization\"},\"potentialAction\":[{\"@type\":\"SearchAction\",\"target\":{\"@type\":\"EntryPoint\",\"urlTemplate\":\"https:\\\/\\\/www.aclanester56.com\\\/velo\\\/?s={search_term_string}\"},\"query-input\":{\"@type\":\"PropertyValueSpecification\",\"valueRequired\":true,\"valueName\":\"search_term_string\"}}],\"inLanguage\":\"fr-FR\"},{\"@type\":\"Organization\",\"@id\":\"https:\\\/\\\/www.aclanester56.com\\\/velo\\\/#organization\",\"name\":\"Avenir Cycliste Lanester 56\",\"url\":\"https:\\\/\\\/www.aclanester56.com\\\/velo\\\/\",\"logo\":{\"@type\":\"ImageObject\",\"inLanguage\":\"fr-FR\",\"@id\":\"https:\\\/\\\/www.aclanester56.com\\\/velo\\\/#\\\/schema\\\/logo\\\/image\\\/\",\"url\":\"https:\\\/\\\/www.aclanester56.com\\\/velo\\\/wp-content\\\/uploads\\\/2013\\\/04\\\/logo-ACL.jpg\",\"contentUrl\":\"https:\\\/\\\/www.aclanester56.com\\\/velo\\\/wp-content\\\/uploads\\\/2013\\\/04\\\/logo-ACL.jpg\",\"width\":400,\"height\":334,\"caption\":\"Avenir Cycliste Lanester 56\"},\"image\":{\"@id\":\"https:\\\/\\\/www.aclanester56.com\\\/velo\\\/#\\\/schema\\\/logo\\\/image\\\/\"},\"sameAs\":[\"https:\\\/\\\/www.facebook.com\\\/pages\\\/AC-Lanester-56\\\/190286300991242?fref=ts\"]},{\"@type\":\"Person\",\"@id\":\"https:\\\/\\\/www.aclanester56.com\\\/velo\\\/#\\\/schema\\\/person\\\/ca2a44a5fd969e9dd846c72d3b33bc01\",\"name\":\"Jean-Christophe\",\"url\":\"https:\\\/\\\/www.aclanester56.com\\\/velo\\\/author\\\/jeanchristophe\\\/\"}]}<\/script>\n<!-- \/ Yoast SEO plugin. -->","yoast_head_json":{"title":"Victoire de Christophe Balannec sur le Troph\u00e9e R\u00e9gional de Cyclo-Cross - Avenir Cycliste Lanester 56","robots":{"index":"index","follow":"follow","max-snippet":"max-snippet:-1","max-image-preview":"max-image-preview:large","max-video-preview":"max-video-preview:-1"},"canonical":"https:\/\/www.aclanester56.com\/velo\/victoire-de-christophe-balannec-sur-le-trophee-regional-de-cyclo-cross\/","og_locale":"fr_FR","og_type":"article","og_title":"Victoire de Christophe Balannec sur le Troph\u00e9e R\u00e9gional de Cyclo-Cross - Avenir Cycliste Lanester 56","og_description":"Le Lanest\u00e9rien Christophe BALANNEC, auteur d&rsquo;une tr\u00e8s belle fin de saison sur route, a domin\u00e9 dimanche dernier la 1\u00e8re manche [&hellip;]","og_url":"https:\/\/www.aclanester56.com\/velo\/victoire-de-christophe-balannec-sur-le-trophee-regional-de-cyclo-cross\/","og_site_name":"Avenir Cycliste Lanester 56","article_publisher":"https:\/\/www.facebook.com\/pages\/AC-Lanester-56\/190286300991242?fref=ts","article_published_time":"2011-10-20T08:37:03+00:00","article_modified_time":"2011-10-23T07:59:34+00:00","og_image":[{"width":650,"height":300,"url":"https:\/\/www.aclanester56.com\/velo\/wp-content\/uploads\/2011\/10\/Copie-de-C.-BALANNEC.jpg","type":"image\/jpeg"}],"author":"Jean-Christophe","twitter_misc":{"\u00c9crit par":"Jean-Christophe","Dur\u00e9e de lecture estim\u00e9e":"1 minute"},"schema":{"@context":"https:\/\/schema.org","@graph":[{"@type":"Article","@id":"https:\/\/www.aclanester56.com\/velo\/victoire-de-christophe-balannec-sur-le-trophee-regional-de-cyclo-cross\/#article","isPartOf":{"@id":"https:\/\/www.aclanester56.com\/velo\/victoire-de-christophe-balannec-sur-le-trophee-regional-de-cyclo-cross\/"},"author":{"name":"Jean-Christophe","@id":"https:\/\/www.aclanester56.com\/velo\/#\/schema\/person\/ca2a44a5fd969e9dd846c72d3b33bc01"},"headline":"Victoire de Christophe Balannec sur le Troph\u00e9e R\u00e9gional de Cyclo-Cross","datePublished":"2011-10-20T08:37:03+00:00","dateModified":"2011-10-23T07:59:34+00:00","mainEntityOfPage":{"@id":"https:\/\/www.aclanester56.com\/velo\/victoire-de-christophe-balannec-sur-le-trophee-regional-de-cyclo-cross\/"},"wordCount":154,"commentCount":0,"publisher":{"@id":"https:\/\/www.aclanester56.com\/velo\/#organization"},"image":{"@id":"https:\/\/www.aclanester56.com\/velo\/victoire-de-christophe-balannec-sur-le-trophee-regional-de-cyclo-cross\/#primaryimage"},"thumbnailUrl":"https:\/\/www.aclanester56.com\/velo\/wp-content\/uploads\/2011\/10\/Copie-de-C.-BALANNEC.jpg","articleSection":["AC LANESTER 56","R\u00e9sultats","R\u00e9sultats Cyclo-Cross"],"inLanguage":"fr-FR","potentialAction":[{"@type":"CommentAction","name":"Comment","target":["https:\/\/www.aclanester56.com\/velo\/victoire-de-christophe-balannec-sur-le-trophee-regional-de-cyclo-cross\/#respond"]}]},{"@type":"WebPage","@id":"https:\/\/www.aclanester56.com\/velo\/victoire-de-christophe-balannec-sur-le-trophee-regional-de-cyclo-cross\/","url":"https:\/\/www.aclanester56.com\/velo\/victoire-de-christophe-balannec-sur-le-trophee-regional-de-cyclo-cross\/","name":"Victoire de Christophe Balannec sur le Troph\u00e9e R\u00e9gional de Cyclo-Cross - Avenir Cycliste Lanester 56","isPartOf":{"@id":"https:\/\/www.aclanester56.com\/velo\/#website"},"primaryImageOfPage":{"@id":"https:\/\/www.aclanester56.com\/velo\/victoire-de-christophe-balannec-sur-le-trophee-regional-de-cyclo-cross\/#primaryimage"},"image":{"@id":"https:\/\/www.aclanester56.com\/velo\/victoire-de-christophe-balannec-sur-le-trophee-regional-de-cyclo-cross\/#primaryimage"},"thumbnailUrl":"https:\/\/www.aclanester56.com\/velo\/wp-content\/uploads\/2011\/10\/Copie-de-C.-BALANNEC.jpg","datePublished":"2011-10-20T08:37:03+00:00","dateModified":"2011-10-23T07:59:34+00:00","inLanguage":"fr-FR","potentialAction":[{"@type":"ReadAction","target":["https:\/\/www.aclanester56.com\/velo\/victoire-de-christophe-balannec-sur-le-trophee-regional-de-cyclo-cross\/"]}]},{"@type":"ImageObject","inLanguage":"fr-FR","@id":"https:\/\/www.aclanester56.com\/velo\/victoire-de-christophe-balannec-sur-le-trophee-regional-de-cyclo-cross\/#primaryimage","url":"https:\/\/www.aclanester56.com\/velo\/wp-content\/uploads\/2011\/10\/Copie-de-C.-BALANNEC.jpg","contentUrl":"https:\/\/www.aclanester56.com\/velo\/wp-content\/uploads\/2011\/10\/Copie-de-C.-BALANNEC.jpg","width":650,"height":300},{"@type":"WebSite","@id":"https:\/\/www.aclanester56.com\/velo\/#website","url":"https:\/\/www.aclanester56.com\/velo\/","name":"Avenir Cycliste Lanester 56","description":"Club cycliste de l&#039;AC LANESTER 56","publisher":{"@id":"https:\/\/www.aclanester56.com\/velo\/#organization"},"potentialAction":[{"@type":"SearchAction","target":{"@type":"EntryPoint","urlTemplate":"https:\/\/www.aclanester56.com\/velo\/?s={search_term_string}"},"query-input":{"@type":"PropertyValueSpecification","valueRequired":true,"valueName":"search_term_string"}}],"inLanguage":"fr-FR"},{"@type":"Organization","@id":"https:\/\/www.aclanester56.com\/velo\/#organization","name":"Avenir Cycliste Lanester 56","url":"https:\/\/www.aclanester56.com\/velo\/","logo":{"@type":"ImageObject","inLanguage":"fr-FR","@id":"https:\/\/www.aclanester56.com\/velo\/#\/schema\/logo\/image\/","url":"https:\/\/www.aclanester56.com\/velo\/wp-content\/uploads\/2013\/04\/logo-ACL.jpg","contentUrl":"https:\/\/www.aclanester56.com\/velo\/wp-content\/uploads\/2013\/04\/logo-ACL.jpg","width":400,"height":334,"caption":"Avenir Cycliste Lanester 56"},"image":{"@id":"https:\/\/www.aclanester56.com\/velo\/#\/schema\/logo\/image\/"},"sameAs":["https:\/\/www.facebook.com\/pages\/AC-Lanester-56\/190286300991242?fref=ts"]},{"@type":"Person","@id":"https:\/\/www.aclanester56.com\/velo\/#\/schema\/person\/ca2a44a5fd969e9dd846c72d3b33bc01","name":"Jean-Christophe","url":"https:\/\/www.aclanester56.com\/velo\/author\/jeanchristophe\/"}]}},"_links":{"self":[{"href":"https:\/\/www.aclanester56.com\/velo\/wp-json\/wp\/v2\/posts\/10035","targetHints":{"allow":["GET"]}}],"collection":[{"href":"https:\/\/www.aclanester56.com\/velo\/wp-json\/wp\/v2\/posts"}],"about":[{"href":"https:\/\/www.aclanester56.com\/velo\/wp-json\/wp\/v2\/types\/post"}],"author":[{"embeddable":true,"href":"https:\/\/www.aclanester56.com\/velo\/wp-json\/wp\/v2\/users\/14"}],"replies":[{"embeddable":true,"href":"https:\/\/www.aclanester56.com\/velo\/wp-json\/wp\/v2\/comments?post=10035"}],"version-history":[{"count":0,"href":"https:\/\/www.aclanester56.com\/velo\/wp-json\/wp\/v2\/posts\/10035\/revisions"}],"wp:featuredmedia":[{"embeddable":true,"href":"https:\/\/www.aclanester56.com\/velo\/wp-json\/wp\/v2\/media\/10041"}],"wp:attachment":[{"href":"https:\/\/www.aclanester56.com\/velo\/wp-json\/wp\/v2\/media?parent=10035"}],"wp:term":[{"taxonomy":"category","embeddable":true,"href":"https:\/\/www.aclanester56.com\/velo\/wp-json\/wp\/v2\/categories?post=10035"},{"taxonomy":"post_tag","embeddable":true,"href":"https:\/\/www.aclanester56.com\/velo\/wp-json\/wp\/v2\/tags?post=10035"}],"curies":[{"name":"wp","href":"https:\/\/api.w.org\/{rel}","templated":true}]}}