{"id":10071,"date":"2011-10-24T22:38:35","date_gmt":"2011-10-24T21:38:35","guid":{"rendered":"http:\/\/www.aclanester56.com\/velo\/?p=10071"},"modified":"2013-12-22T22:12:48","modified_gmt":"2013-12-22T20:12:48","slug":"hausse-des-effectifs-cadets-a-lac-lanester-56","status":"publish","type":"post","link":"https:\/\/www.aclanester56.com\/velo\/hausse-des-effectifs-cadets-a-lac-lanester-56\/","title":{"rendered":"Effectif des cadets de l&rsquo;AC LANESTER 56 en hausse !"},"content":{"rendered":"<div id=\"attachment_10072\" style=\"width: 310px\" class=\"wp-caption alignleft\"><a href=\"http:\/\/www.aclanester56.com\/velo\/wp-content\/uploads\/2011\/10\/arriv\u00e9e_chpt_bretagne_minimes_2010.jpg\"><img loading=\"lazy\" decoding=\"async\" aria-describedby=\"caption-attachment-10072\" src=\"http:\/\/www.aclanester56.com\/velo\/wp-content\/uploads\/2011\/10\/arriv\u00e9e_chpt_bretagne_minimes_2010.jpg\" alt=\"\" title=\"Maxime Lannurien, ici lors de sa victoire sur le championnat de Bretagne minimes 2010, rejoint l&#039;\u00e9quipe cadets de l&#039;AC Lanester 56 avec notamment Nicolas Primas, ici au centre (photo www.bretagne-cyclisme.com)\" width=\"300\" height=\"200\" class=\"size-full wp-image-10072\" srcset=\"https:\/\/www.aclanester56.com\/velo\/wp-content\/uploads\/2011\/10\/arriv\u00e9e_chpt_bretagne_minimes_2010.jpg 600w, https:\/\/www.aclanester56.com\/velo\/wp-content\/uploads\/2011\/10\/arriv\u00e9e_chpt_bretagne_minimes_2010-300x199.jpg 300w, https:\/\/www.aclanester56.com\/velo\/wp-content\/uploads\/2011\/10\/arriv\u00e9e_chpt_bretagne_minimes_2010-451x300.jpg 451w\" sizes=\"auto, (max-width: 300px) 100vw, 300px\" \/><\/a><p id=\"caption-attachment-10072\" class=\"wp-caption-text\">Maxime Lannurien, ici lors de sa victoire sur le championnat de Bretagne minimes 2010, rejoint l&#039;\u00e9quipe cadets de l&#039;AC Lanester 56 avec notamment Nicolas Primas, ici au centre (photo www.bretagne-cyclisme.com)<\/p><\/div>\n<p style=\"text-align: justify;\">L&rsquo;AC LANESTER 56 composera une nouvelle fois avec un important effectif dans la cat\u00e9gorie cadets la saison prochaine, puisqu&rsquo;une vingtaine de jeunes coureurs de 15 et 16 ans entameront la pr\u00e9paration hivernale \u00e0 la fin de l&rsquo;ann\u00e9e avec leurs dynamiques encadrants !<\/p>\n<p><!--more--><\/p>\n<p style=\"text-align: justify;\"><span style=\"color: #ff6600;\"><strong>Un encadrement de qualit\u00e9<\/strong><\/span><\/p>\n<p style=\"text-align: justify;\">Bien encadr\u00e9s par Jean-Marc MORVAN et Denis BARGUIL, avec l&rsquo;aide de J\u00e9r\u00f4me, Jean-Yves ou encore Bruno et Michel notamment, les cadets Lanest\u00e9riens ont r\u00e9alis\u00e9 une tr\u00e8s belle saison cette ann\u00e9e, enregistrant pas moins de 15 podiums. Dans cette cat\u00e9gorie, l&rsquo;objectif est essentiellement d&rsquo;acqu\u00e9rir progressivement des qualit\u00e9s physiques, tactiques et techniques sans br\u00fbler les \u00e9tapes, afin de disposer de solides bases avant de passer dans l&rsquo;\u00e9quipe juniors, qui sera par ailleurs \u00e9galement bien fournie cette ann\u00e9e. L&rsquo;anneau G\u00e9rard LE MAGUER repr\u00e9sente un outil int\u00e9ressant pour travailler avec les jeunes.<\/p>\n<p style=\"text-align: justify;\"><span style=\"color: #ff6600;\"><strong>Arriv\u00e9e de Maxime Lannurien<\/strong><\/span><\/p>\n<p style=\"text-align: justify;\">Parmi les \u00ab\u00a0nouveaux\u00a0\u00bb, on peut notamment citer le jeune Maxime LANNURIEN, champion de Bretagne Minimes l&rsquo;an pass\u00e9 \u00e0 Maure-de-Bretagne, qui vient de rejoindre l&rsquo;AC LANESTER 56 !<\/p>\n<p>&nbsp;<\/p>\n","protected":false},"excerpt":{"rendered":"<p>L&rsquo;AC LANESTER 56 composera une nouvelle fois avec un important effectif dans la cat\u00e9gorie cadets la saison prochaine, puisqu&rsquo;une vingtaine [&hellip;]<\/p>\n","protected":false},"author":14,"featured_media":10073,"comment_status":"open","ping_status":"closed","sticky":false,"template":"","format":"standard","meta":{"ngg_post_thumbnail":0,"footnotes":""},"categories":[5,22],"tags":[],"class_list":["post-10071","post","type-post","status-publish","format-standard","has-post-thumbnail","hentry","category-ac-lanester-56","category-resultats-cadets"],"yoast_head":"<!-- This site is optimized with the Yoast SEO plugin v27.5 - https:\/\/yoast.com\/product\/yoast-seo-wordpress\/ -->\n<title>Effectif des cadets de l&#039;AC LANESTER 56 en hausse ! - Avenir Cycliste Lanester 56<\/title>\n<meta name=\"robots\" content=\"index, follow, max-snippet:-1, max-image-preview:large, max-video-preview:-1\" \/>\n<link rel=\"canonical\" href=\"https:\/\/www.aclanester56.com\/velo\/hausse-des-effectifs-cadets-a-lac-lanester-56\/\" \/>\n<meta property=\"og:locale\" content=\"fr_FR\" \/>\n<meta property=\"og:type\" content=\"article\" \/>\n<meta property=\"og:title\" content=\"Effectif des cadets de l&#039;AC LANESTER 56 en hausse ! - Avenir Cycliste Lanester 56\" \/>\n<meta property=\"og:description\" content=\"L&rsquo;AC LANESTER 56 composera une nouvelle fois avec un important effectif dans la cat\u00e9gorie cadets la saison prochaine, puisqu&rsquo;une vingtaine [&hellip;]\" \/>\n<meta property=\"og:url\" content=\"https:\/\/www.aclanester56.com\/velo\/hausse-des-effectifs-cadets-a-lac-lanester-56\/\" \/>\n<meta property=\"og:site_name\" content=\"Avenir Cycliste Lanester 56\" \/>\n<meta property=\"article:publisher\" content=\"https:\/\/www.facebook.com\/pages\/AC-Lanester-56\/190286300991242?fref=ts\" \/>\n<meta property=\"article:published_time\" content=\"2011-10-24T21:38:35+00:00\" \/>\n<meta property=\"article:modified_time\" content=\"2013-12-22T20:12:48+00:00\" \/>\n<meta property=\"og:image\" content=\"https:\/\/www.aclanester56.com\/velo\/wp-content\/uploads\/2011\/10\/arriv\u00e9e_chpt_bretagne_minimes_2010-Copie.jpg\" \/>\n\t<meta property=\"og:image:width\" content=\"650\" \/>\n\t<meta property=\"og:image:height\" content=\"300\" \/>\n\t<meta property=\"og:image:type\" content=\"image\/jpeg\" \/>\n<meta name=\"author\" content=\"Jean-Christophe\" \/>\n<meta name=\"twitter:label1\" content=\"\u00c9crit par\" \/>\n\t<meta name=\"twitter:data1\" content=\"Jean-Christophe\" \/>\n\t<meta name=\"twitter:label2\" content=\"Dur\u00e9e de lecture estim\u00e9e\" \/>\n\t<meta name=\"twitter:data2\" content=\"1 minute\" \/>\n<script type=\"application\/ld+json\" class=\"yoast-schema-graph\">{\"@context\":\"https:\\\/\\\/schema.org\",\"@graph\":[{\"@type\":\"Article\",\"@id\":\"https:\\\/\\\/www.aclanester56.com\\\/velo\\\/hausse-des-effectifs-cadets-a-lac-lanester-56\\\/#article\",\"isPartOf\":{\"@id\":\"https:\\\/\\\/www.aclanester56.com\\\/velo\\\/hausse-des-effectifs-cadets-a-lac-lanester-56\\\/\"},\"author\":{\"name\":\"Jean-Christophe\",\"@id\":\"https:\\\/\\\/www.aclanester56.com\\\/velo\\\/#\\\/schema\\\/person\\\/ca2a44a5fd969e9dd846c72d3b33bc01\"},\"headline\":\"Effectif des cadets de l&rsquo;AC LANESTER 56 en hausse !\",\"datePublished\":\"2011-10-24T21:38:35+00:00\",\"dateModified\":\"2013-12-22T20:12:48+00:00\",\"mainEntityOfPage\":{\"@id\":\"https:\\\/\\\/www.aclanester56.com\\\/velo\\\/hausse-des-effectifs-cadets-a-lac-lanester-56\\\/\"},\"wordCount\":225,\"commentCount\":0,\"publisher\":{\"@id\":\"https:\\\/\\\/www.aclanester56.com\\\/velo\\\/#organization\"},\"image\":{\"@id\":\"https:\\\/\\\/www.aclanester56.com\\\/velo\\\/hausse-des-effectifs-cadets-a-lac-lanester-56\\\/#primaryimage\"},\"thumbnailUrl\":\"https:\\\/\\\/www.aclanester56.com\\\/velo\\\/wp-content\\\/uploads\\\/2011\\\/10\\\/arriv\u00e9e_chpt_bretagne_minimes_2010-Copie.jpg\",\"articleSection\":[\"AC LANESTER 56\",\"R\u00e9sultats Cadets\"],\"inLanguage\":\"fr-FR\",\"potentialAction\":[{\"@type\":\"CommentAction\",\"name\":\"Comment\",\"target\":[\"https:\\\/\\\/www.aclanester56.com\\\/velo\\\/hausse-des-effectifs-cadets-a-lac-lanester-56\\\/#respond\"]}]},{\"@type\":\"WebPage\",\"@id\":\"https:\\\/\\\/www.aclanester56.com\\\/velo\\\/hausse-des-effectifs-cadets-a-lac-lanester-56\\\/\",\"url\":\"https:\\\/\\\/www.aclanester56.com\\\/velo\\\/hausse-des-effectifs-cadets-a-lac-lanester-56\\\/\",\"name\":\"Effectif des cadets de l'AC LANESTER 56 en hausse ! - Avenir Cycliste Lanester 56\",\"isPartOf\":{\"@id\":\"https:\\\/\\\/www.aclanester56.com\\\/velo\\\/#website\"},\"primaryImageOfPage\":{\"@id\":\"https:\\\/\\\/www.aclanester56.com\\\/velo\\\/hausse-des-effectifs-cadets-a-lac-lanester-56\\\/#primaryimage\"},\"image\":{\"@id\":\"https:\\\/\\\/www.aclanester56.com\\\/velo\\\/hausse-des-effectifs-cadets-a-lac-lanester-56\\\/#primaryimage\"},\"thumbnailUrl\":\"https:\\\/\\\/www.aclanester56.com\\\/velo\\\/wp-content\\\/uploads\\\/2011\\\/10\\\/arriv\u00e9e_chpt_bretagne_minimes_2010-Copie.jpg\",\"datePublished\":\"2011-10-24T21:38:35+00:00\",\"dateModified\":\"2013-12-22T20:12:48+00:00\",\"inLanguage\":\"fr-FR\",\"potentialAction\":[{\"@type\":\"ReadAction\",\"target\":[\"https:\\\/\\\/www.aclanester56.com\\\/velo\\\/hausse-des-effectifs-cadets-a-lac-lanester-56\\\/\"]}]},{\"@type\":\"ImageObject\",\"inLanguage\":\"fr-FR\",\"@id\":\"https:\\\/\\\/www.aclanester56.com\\\/velo\\\/hausse-des-effectifs-cadets-a-lac-lanester-56\\\/#primaryimage\",\"url\":\"https:\\\/\\\/www.aclanester56.com\\\/velo\\\/wp-content\\\/uploads\\\/2011\\\/10\\\/arriv\u00e9e_chpt_bretagne_minimes_2010-Copie.jpg\",\"contentUrl\":\"https:\\\/\\\/www.aclanester56.com\\\/velo\\\/wp-content\\\/uploads\\\/2011\\\/10\\\/arriv\u00e9e_chpt_bretagne_minimes_2010-Copie.jpg\",\"width\":650,\"height\":300},{\"@type\":\"WebSite\",\"@id\":\"https:\\\/\\\/www.aclanester56.com\\\/velo\\\/#website\",\"url\":\"https:\\\/\\\/www.aclanester56.com\\\/velo\\\/\",\"name\":\"Avenir Cycliste Lanester 56\",\"description\":\"Club cycliste de l&#039;AC LANESTER 56\",\"publisher\":{\"@id\":\"https:\\\/\\\/www.aclanester56.com\\\/velo\\\/#organization\"},\"potentialAction\":[{\"@type\":\"SearchAction\",\"target\":{\"@type\":\"EntryPoint\",\"urlTemplate\":\"https:\\\/\\\/www.aclanester56.com\\\/velo\\\/?s={search_term_string}\"},\"query-input\":{\"@type\":\"PropertyValueSpecification\",\"valueRequired\":true,\"valueName\":\"search_term_string\"}}],\"inLanguage\":\"fr-FR\"},{\"@type\":\"Organization\",\"@id\":\"https:\\\/\\\/www.aclanester56.com\\\/velo\\\/#organization\",\"name\":\"Avenir Cycliste Lanester 56\",\"url\":\"https:\\\/\\\/www.aclanester56.com\\\/velo\\\/\",\"logo\":{\"@type\":\"ImageObject\",\"inLanguage\":\"fr-FR\",\"@id\":\"https:\\\/\\\/www.aclanester56.com\\\/velo\\\/#\\\/schema\\\/logo\\\/image\\\/\",\"url\":\"https:\\\/\\\/www.aclanester56.com\\\/velo\\\/wp-content\\\/uploads\\\/2013\\\/04\\\/logo-ACL.jpg\",\"contentUrl\":\"https:\\\/\\\/www.aclanester56.com\\\/velo\\\/wp-content\\\/uploads\\\/2013\\\/04\\\/logo-ACL.jpg\",\"width\":400,\"height\":334,\"caption\":\"Avenir Cycliste Lanester 56\"},\"image\":{\"@id\":\"https:\\\/\\\/www.aclanester56.com\\\/velo\\\/#\\\/schema\\\/logo\\\/image\\\/\"},\"sameAs\":[\"https:\\\/\\\/www.facebook.com\\\/pages\\\/AC-Lanester-56\\\/190286300991242?fref=ts\"]},{\"@type\":\"Person\",\"@id\":\"https:\\\/\\\/www.aclanester56.com\\\/velo\\\/#\\\/schema\\\/person\\\/ca2a44a5fd969e9dd846c72d3b33bc01\",\"name\":\"Jean-Christophe\",\"url\":\"https:\\\/\\\/www.aclanester56.com\\\/velo\\\/author\\\/jeanchristophe\\\/\"}]}<\/script>\n<!-- \/ Yoast SEO plugin. -->","yoast_head_json":{"title":"Effectif des cadets de l'AC LANESTER 56 en hausse ! - Avenir Cycliste Lanester 56","robots":{"index":"index","follow":"follow","max-snippet":"max-snippet:-1","max-image-preview":"max-image-preview:large","max-video-preview":"max-video-preview:-1"},"canonical":"https:\/\/www.aclanester56.com\/velo\/hausse-des-effectifs-cadets-a-lac-lanester-56\/","og_locale":"fr_FR","og_type":"article","og_title":"Effectif des cadets de l'AC LANESTER 56 en hausse ! - Avenir Cycliste Lanester 56","og_description":"L&rsquo;AC LANESTER 56 composera une nouvelle fois avec un important effectif dans la cat\u00e9gorie cadets la saison prochaine, puisqu&rsquo;une vingtaine [&hellip;]","og_url":"https:\/\/www.aclanester56.com\/velo\/hausse-des-effectifs-cadets-a-lac-lanester-56\/","og_site_name":"Avenir Cycliste Lanester 56","article_publisher":"https:\/\/www.facebook.com\/pages\/AC-Lanester-56\/190286300991242?fref=ts","article_published_time":"2011-10-24T21:38:35+00:00","article_modified_time":"2013-12-22T20:12:48+00:00","og_image":[{"width":650,"height":300,"url":"https:\/\/www.aclanester56.com\/velo\/wp-content\/uploads\/2011\/10\/arriv\u00e9e_chpt_bretagne_minimes_2010-Copie.jpg","type":"image\/jpeg"}],"author":"Jean-Christophe","twitter_misc":{"\u00c9crit par":"Jean-Christophe","Dur\u00e9e de lecture estim\u00e9e":"1 minute"},"schema":{"@context":"https:\/\/schema.org","@graph":[{"@type":"Article","@id":"https:\/\/www.aclanester56.com\/velo\/hausse-des-effectifs-cadets-a-lac-lanester-56\/#article","isPartOf":{"@id":"https:\/\/www.aclanester56.com\/velo\/hausse-des-effectifs-cadets-a-lac-lanester-56\/"},"author":{"name":"Jean-Christophe","@id":"https:\/\/www.aclanester56.com\/velo\/#\/schema\/person\/ca2a44a5fd969e9dd846c72d3b33bc01"},"headline":"Effectif des cadets de l&rsquo;AC LANESTER 56 en hausse !","datePublished":"2011-10-24T21:38:35+00:00","dateModified":"2013-12-22T20:12:48+00:00","mainEntityOfPage":{"@id":"https:\/\/www.aclanester56.com\/velo\/hausse-des-effectifs-cadets-a-lac-lanester-56\/"},"wordCount":225,"commentCount":0,"publisher":{"@id":"https:\/\/www.aclanester56.com\/velo\/#organization"},"image":{"@id":"https:\/\/www.aclanester56.com\/velo\/hausse-des-effectifs-cadets-a-lac-lanester-56\/#primaryimage"},"thumbnailUrl":"https:\/\/www.aclanester56.com\/velo\/wp-content\/uploads\/2011\/10\/arriv\u00e9e_chpt_bretagne_minimes_2010-Copie.jpg","articleSection":["AC LANESTER 56","R\u00e9sultats Cadets"],"inLanguage":"fr-FR","potentialAction":[{"@type":"CommentAction","name":"Comment","target":["https:\/\/www.aclanester56.com\/velo\/hausse-des-effectifs-cadets-a-lac-lanester-56\/#respond"]}]},{"@type":"WebPage","@id":"https:\/\/www.aclanester56.com\/velo\/hausse-des-effectifs-cadets-a-lac-lanester-56\/","url":"https:\/\/www.aclanester56.com\/velo\/hausse-des-effectifs-cadets-a-lac-lanester-56\/","name":"Effectif des cadets de l'AC LANESTER 56 en hausse ! - Avenir Cycliste Lanester 56","isPartOf":{"@id":"https:\/\/www.aclanester56.com\/velo\/#website"},"primaryImageOfPage":{"@id":"https:\/\/www.aclanester56.com\/velo\/hausse-des-effectifs-cadets-a-lac-lanester-56\/#primaryimage"},"image":{"@id":"https:\/\/www.aclanester56.com\/velo\/hausse-des-effectifs-cadets-a-lac-lanester-56\/#primaryimage"},"thumbnailUrl":"https:\/\/www.aclanester56.com\/velo\/wp-content\/uploads\/2011\/10\/arriv\u00e9e_chpt_bretagne_minimes_2010-Copie.jpg","datePublished":"2011-10-24T21:38:35+00:00","dateModified":"2013-12-22T20:12:48+00:00","inLanguage":"fr-FR","potentialAction":[{"@type":"ReadAction","target":["https:\/\/www.aclanester56.com\/velo\/hausse-des-effectifs-cadets-a-lac-lanester-56\/"]}]},{"@type":"ImageObject","inLanguage":"fr-FR","@id":"https:\/\/www.aclanester56.com\/velo\/hausse-des-effectifs-cadets-a-lac-lanester-56\/#primaryimage","url":"https:\/\/www.aclanester56.com\/velo\/wp-content\/uploads\/2011\/10\/arriv\u00e9e_chpt_bretagne_minimes_2010-Copie.jpg","contentUrl":"https:\/\/www.aclanester56.com\/velo\/wp-content\/uploads\/2011\/10\/arriv\u00e9e_chpt_bretagne_minimes_2010-Copie.jpg","width":650,"height":300},{"@type":"WebSite","@id":"https:\/\/www.aclanester56.com\/velo\/#website","url":"https:\/\/www.aclanester56.com\/velo\/","name":"Avenir Cycliste Lanester 56","description":"Club cycliste de l&#039;AC LANESTER 56","publisher":{"@id":"https:\/\/www.aclanester56.com\/velo\/#organization"},"potentialAction":[{"@type":"SearchAction","target":{"@type":"EntryPoint","urlTemplate":"https:\/\/www.aclanester56.com\/velo\/?s={search_term_string}"},"query-input":{"@type":"PropertyValueSpecification","valueRequired":true,"valueName":"search_term_string"}}],"inLanguage":"fr-FR"},{"@type":"Organization","@id":"https:\/\/www.aclanester56.com\/velo\/#organization","name":"Avenir Cycliste Lanester 56","url":"https:\/\/www.aclanester56.com\/velo\/","logo":{"@type":"ImageObject","inLanguage":"fr-FR","@id":"https:\/\/www.aclanester56.com\/velo\/#\/schema\/logo\/image\/","url":"https:\/\/www.aclanester56.com\/velo\/wp-content\/uploads\/2013\/04\/logo-ACL.jpg","contentUrl":"https:\/\/www.aclanester56.com\/velo\/wp-content\/uploads\/2013\/04\/logo-ACL.jpg","width":400,"height":334,"caption":"Avenir Cycliste Lanester 56"},"image":{"@id":"https:\/\/www.aclanester56.com\/velo\/#\/schema\/logo\/image\/"},"sameAs":["https:\/\/www.facebook.com\/pages\/AC-Lanester-56\/190286300991242?fref=ts"]},{"@type":"Person","@id":"https:\/\/www.aclanester56.com\/velo\/#\/schema\/person\/ca2a44a5fd969e9dd846c72d3b33bc01","name":"Jean-Christophe","url":"https:\/\/www.aclanester56.com\/velo\/author\/jeanchristophe\/"}]}},"_links":{"self":[{"href":"https:\/\/www.aclanester56.com\/velo\/wp-json\/wp\/v2\/posts\/10071","targetHints":{"allow":["GET"]}}],"collection":[{"href":"https:\/\/www.aclanester56.com\/velo\/wp-json\/wp\/v2\/posts"}],"about":[{"href":"https:\/\/www.aclanester56.com\/velo\/wp-json\/wp\/v2\/types\/post"}],"author":[{"embeddable":true,"href":"https:\/\/www.aclanester56.com\/velo\/wp-json\/wp\/v2\/users\/14"}],"replies":[{"embeddable":true,"href":"https:\/\/www.aclanester56.com\/velo\/wp-json\/wp\/v2\/comments?post=10071"}],"version-history":[{"count":0,"href":"https:\/\/www.aclanester56.com\/velo\/wp-json\/wp\/v2\/posts\/10071\/revisions"}],"wp:featuredmedia":[{"embeddable":true,"href":"https:\/\/www.aclanester56.com\/velo\/wp-json\/wp\/v2\/media\/10073"}],"wp:attachment":[{"href":"https:\/\/www.aclanester56.com\/velo\/wp-json\/wp\/v2\/media?parent=10071"}],"wp:term":[{"taxonomy":"category","embeddable":true,"href":"https:\/\/www.aclanester56.com\/velo\/wp-json\/wp\/v2\/categories?post=10071"},{"taxonomy":"post_tag","embeddable":true,"href":"https:\/\/www.aclanester56.com\/velo\/wp-json\/wp\/v2\/tags?post=10071"}],"curies":[{"name":"wp","href":"https:\/\/api.w.org\/{rel}","templated":true}]}}