{"id":10094,"date":"2011-10-27T22:54:16","date_gmt":"2011-10-27T21:54:16","guid":{"rendered":"http:\/\/www.aclanester56.com\/velo\/?p=10094"},"modified":"2013-12-22T22:15:32","modified_gmt":"2013-12-22T20:15:32","slug":"assemblee-generale-de-lac-lanester-56","status":"publish","type":"post","link":"https:\/\/www.aclanester56.com\/velo\/assemblee-generale-de-lac-lanester-56\/","title":{"rendered":"Assembl\u00e9e g\u00e9n\u00e9rale de l&rsquo;AC LANESTER 56"},"content":{"rendered":"<p style=\"text-align: justify;\"><!--more--><\/p>\n<p style=\"text-align: justify;\">L&rsquo;assembl\u00e9e g\u00e9n\u00e9rale de l&rsquo;AC LANESTER 56 s&rsquo;est tenue le samedi 15 octobre \u00e0 la salle Romain Rolland \u00e0 Lanester.<\/p>\n<p style=\"text-align: justify;\"><strong style=\"color: #ff6600; font-size: 14px; line-height: 1.5em;\">150 podiums cette saison !<\/strong><\/p>\n<p style=\"text-align: justify;\">L&rsquo;assembl\u00e9e g\u00e9n\u00e9rale a d\u00e9but\u00e9 par le rapport moral du secr\u00e9taire de l&rsquo;AC LANESTER 56 Marc ESVAN. Il explique que 2011 est pour l&rsquo;AC LANESTER 56 une ann\u00e9e de quelques changements dans une grande continuit\u00e9. En effet, si la structure s&rsquo;est quelque peu modifi\u00e9e par le remplacement du tr\u00e9sorier et le d\u00e9part du DTS au cours du 1er semestre, les r\u00e9sultats obtenus par tous nos sportifs sont aussi exceptionnels que l&rsquo;an pass\u00e9. Les Lanest\u00e9riens sont mont\u00e9s \u00e0 plus de 150 reprises sur le podium cette saison, remportant \u00e9galement de nombreux titres !<\/p>\n<p style=\"text-align: justify;\"><span style=\"color: #ff6600;\"><strong>Des organisations qui continuent \u00e0 progresser<\/strong><\/span><\/p>\n<p style=\"text-align: justify;\">Au chapitre des organisations, la qualit\u00e9 des \u00e9preuves contr\u00f4l\u00e9es par l&rsquo;AC LANESTER 56 se bonifie au fil des ans et de sinc\u00e8res remerciements ont \u00e9t\u00e9 adress\u00e9s \u00e0 l&rsquo;ensemble des b\u00e9n\u00e9voles, comit\u00e9s des f\u00eates, partenaires, \u00e9lus et services municipaux qui nous apportent leurs soutiens.<\/p>\n<p style=\"text-align: justify;\"><span style=\"color: #ff6600;\"><strong>Quatre entrants dans le Comit\u00e9 Directeur<\/strong><\/span><\/p>\n<p style=\"text-align: justify;\">Le tr\u00e9sorier Jean-Marc HELIOU a ensuite pr\u00e9sent\u00e9 un rapport financier \u00e9quilibr\u00e9 pour l&rsquo;ann\u00e9e 2011 et d\u00e9voil\u00e9 un pr\u00e9visionnel r\u00e9aliste qui permet d&rsquo;envisager la saison 2012 avec s\u00e9r\u00e9nit\u00e9. Le pr\u00e9sident Jean-Yves LE GAL a ensuite pr\u00e9sent\u00e9 les quatre personnes entrant dans le Comit\u00e9 Directeur du club : Sonia OLLIVIER, Philippe LANCELOT, Davy LE KER et Jean-Marc HELIOU. Dans une grande continuit\u00e9, le Bureau a \u00e9videmment \u00e9t\u00e9 reconduit \u00e0 l&rsquo;unanimit\u00e9.<\/p>\n<p style=\"text-align: justify;\"><span style=\"color: #ff6600;\"><strong>Les efforts de chacun soulign\u00e9s<\/strong><\/span><\/p>\n<p style=\"text-align: justify;\">Le pr\u00e9sident Jean-Yves LE GAL et le vice-pr\u00e9sident Alain GIROUX ont ensuite chacun exprim\u00e9 leur ressenti sur l&rsquo;ann\u00e9e pass\u00e9e, avant de laisser la parole \u00e0 Gilles CARRERIC, 1er adjoint au Maire de Lanester, lequel a salu\u00e9 l&rsquo;excellent travail r\u00e9alis\u00e9 par les encadrants et les dirigeants.\u00a0Enfin, Jean-Marc MORVAN a pr\u00e9sent\u00e9 de mani\u00e8re d\u00e9taill\u00e9e les diff\u00e9rents r\u00e9sultats r\u00e9alis\u00e9s par les coureurs au cours de la saison 2011, de l&rsquo;\u00e9cole de cyclisme jusqu&rsquo;\u00e0 l&rsquo;\u00e9quipe \u00e9lite.<\/p>\n<p style=\"text-align: justify;\"><span style=\"color: #ff6600;\"><strong>A suivre dans quelques jours !<\/strong><\/span><\/p>\n<p style=\"text-align: justify;\">Le pr\u00e9sident Jean-Yves LE GAL r\u00e9pondra \u00e0 nos questions sur notre site internet <a href=\"http:\/\/www.aclanester56.com\" target=\"_blank\">www.aclanester56.com<\/a> dans quelques jours. Nous vous donnerons \u00e9galement dans les jours \u00e0 venir des informations sur l&rsquo;\u00e9preuve phare organis\u00e9e par l&rsquo;AC LANESTER 56, le Tro Div Ster.<\/p>\n<p>&nbsp;<\/p>\n","protected":false},"excerpt":{"rendered":"","protected":false},"author":14,"featured_media":0,"comment_status":"open","ping_status":"closed","sticky":false,"template":"","format":"standard","meta":{"ngg_post_thumbnail":0,"footnotes":""},"categories":[5,14],"tags":[],"class_list":["post-10094","post","type-post","status-publish","format-standard","hentry","category-ac-lanester-56","category-actualites-dn"],"yoast_head":"<!-- This site is optimized with the Yoast SEO plugin v27.5 - https:\/\/yoast.com\/product\/yoast-seo-wordpress\/ -->\n<title>Assembl\u00e9e g\u00e9n\u00e9rale de l&#039;AC LANESTER 56 - Avenir Cycliste Lanester 56<\/title>\n<meta name=\"robots\" content=\"index, follow, max-snippet:-1, max-image-preview:large, max-video-preview:-1\" \/>\n<link rel=\"canonical\" href=\"https:\/\/www.aclanester56.com\/velo\/assemblee-generale-de-lac-lanester-56\/\" \/>\n<meta property=\"og:locale\" content=\"fr_FR\" \/>\n<meta property=\"og:type\" content=\"article\" \/>\n<meta property=\"og:title\" content=\"Assembl\u00e9e g\u00e9n\u00e9rale de l&#039;AC LANESTER 56 - Avenir Cycliste Lanester 56\" \/>\n<meta property=\"og:url\" content=\"https:\/\/www.aclanester56.com\/velo\/assemblee-generale-de-lac-lanester-56\/\" \/>\n<meta property=\"og:site_name\" content=\"Avenir Cycliste Lanester 56\" \/>\n<meta property=\"article:publisher\" content=\"https:\/\/www.facebook.com\/pages\/AC-Lanester-56\/190286300991242?fref=ts\" \/>\n<meta property=\"article:published_time\" content=\"2011-10-27T21:54:16+00:00\" \/>\n<meta property=\"article:modified_time\" content=\"2013-12-22T20:15:32+00:00\" \/>\n<meta property=\"og:image\" content=\"https:\/\/www.aclanester56.com\/velo\/wp-content\/uploads\/2011\/10\/ag-Copie1.jpg\" \/>\n\t<meta property=\"og:image:width\" content=\"650\" \/>\n\t<meta property=\"og:image:height\" content=\"300\" \/>\n\t<meta property=\"og:image:type\" content=\"image\/jpeg\" \/>\n<meta name=\"author\" content=\"Jean-Christophe\" \/>\n<meta name=\"twitter:label1\" content=\"\u00c9crit par\" \/>\n\t<meta name=\"twitter:data1\" content=\"Jean-Christophe\" \/>\n\t<meta name=\"twitter:label2\" content=\"Dur\u00e9e de lecture estim\u00e9e\" \/>\n\t<meta name=\"twitter:data2\" content=\"2 minutes\" \/>\n<script type=\"application\/ld+json\" class=\"yoast-schema-graph\">{\"@context\":\"https:\\\/\\\/schema.org\",\"@graph\":[{\"@type\":\"Article\",\"@id\":\"https:\\\/\\\/www.aclanester56.com\\\/velo\\\/assemblee-generale-de-lac-lanester-56\\\/#article\",\"isPartOf\":{\"@id\":\"https:\\\/\\\/www.aclanester56.com\\\/velo\\\/assemblee-generale-de-lac-lanester-56\\\/\"},\"author\":{\"name\":\"Jean-Christophe\",\"@id\":\"https:\\\/\\\/www.aclanester56.com\\\/velo\\\/#\\\/schema\\\/person\\\/ca2a44a5fd969e9dd846c72d3b33bc01\"},\"headline\":\"Assembl\u00e9e g\u00e9n\u00e9rale de l&rsquo;AC LANESTER 56\",\"datePublished\":\"2011-10-27T21:54:16+00:00\",\"dateModified\":\"2013-12-22T20:15:32+00:00\",\"mainEntityOfPage\":{\"@id\":\"https:\\\/\\\/www.aclanester56.com\\\/velo\\\/assemblee-generale-de-lac-lanester-56\\\/\"},\"wordCount\":401,\"commentCount\":0,\"publisher\":{\"@id\":\"https:\\\/\\\/www.aclanester56.com\\\/velo\\\/#organization\"},\"articleSection\":[\"AC LANESTER 56\",\"Actualit\u00e9s DN\"],\"inLanguage\":\"fr-FR\",\"potentialAction\":[{\"@type\":\"CommentAction\",\"name\":\"Comment\",\"target\":[\"https:\\\/\\\/www.aclanester56.com\\\/velo\\\/assemblee-generale-de-lac-lanester-56\\\/#respond\"]}]},{\"@type\":\"WebPage\",\"@id\":\"https:\\\/\\\/www.aclanester56.com\\\/velo\\\/assemblee-generale-de-lac-lanester-56\\\/\",\"url\":\"https:\\\/\\\/www.aclanester56.com\\\/velo\\\/assemblee-generale-de-lac-lanester-56\\\/\",\"name\":\"Assembl\u00e9e g\u00e9n\u00e9rale de l'AC LANESTER 56 - Avenir Cycliste Lanester 56\",\"isPartOf\":{\"@id\":\"https:\\\/\\\/www.aclanester56.com\\\/velo\\\/#website\"},\"datePublished\":\"2011-10-27T21:54:16+00:00\",\"dateModified\":\"2013-12-22T20:15:32+00:00\",\"inLanguage\":\"fr-FR\",\"potentialAction\":[{\"@type\":\"ReadAction\",\"target\":[\"https:\\\/\\\/www.aclanester56.com\\\/velo\\\/assemblee-generale-de-lac-lanester-56\\\/\"]}]},{\"@type\":\"WebSite\",\"@id\":\"https:\\\/\\\/www.aclanester56.com\\\/velo\\\/#website\",\"url\":\"https:\\\/\\\/www.aclanester56.com\\\/velo\\\/\",\"name\":\"Avenir Cycliste Lanester 56\",\"description\":\"Club cycliste de l&#039;AC LANESTER 56\",\"publisher\":{\"@id\":\"https:\\\/\\\/www.aclanester56.com\\\/velo\\\/#organization\"},\"potentialAction\":[{\"@type\":\"SearchAction\",\"target\":{\"@type\":\"EntryPoint\",\"urlTemplate\":\"https:\\\/\\\/www.aclanester56.com\\\/velo\\\/?s={search_term_string}\"},\"query-input\":{\"@type\":\"PropertyValueSpecification\",\"valueRequired\":true,\"valueName\":\"search_term_string\"}}],\"inLanguage\":\"fr-FR\"},{\"@type\":\"Organization\",\"@id\":\"https:\\\/\\\/www.aclanester56.com\\\/velo\\\/#organization\",\"name\":\"Avenir Cycliste Lanester 56\",\"url\":\"https:\\\/\\\/www.aclanester56.com\\\/velo\\\/\",\"logo\":{\"@type\":\"ImageObject\",\"inLanguage\":\"fr-FR\",\"@id\":\"https:\\\/\\\/www.aclanester56.com\\\/velo\\\/#\\\/schema\\\/logo\\\/image\\\/\",\"url\":\"https:\\\/\\\/www.aclanester56.com\\\/velo\\\/wp-content\\\/uploads\\\/2013\\\/04\\\/logo-ACL.jpg\",\"contentUrl\":\"https:\\\/\\\/www.aclanester56.com\\\/velo\\\/wp-content\\\/uploads\\\/2013\\\/04\\\/logo-ACL.jpg\",\"width\":400,\"height\":334,\"caption\":\"Avenir Cycliste Lanester 56\"},\"image\":{\"@id\":\"https:\\\/\\\/www.aclanester56.com\\\/velo\\\/#\\\/schema\\\/logo\\\/image\\\/\"},\"sameAs\":[\"https:\\\/\\\/www.facebook.com\\\/pages\\\/AC-Lanester-56\\\/190286300991242?fref=ts\"]},{\"@type\":\"Person\",\"@id\":\"https:\\\/\\\/www.aclanester56.com\\\/velo\\\/#\\\/schema\\\/person\\\/ca2a44a5fd969e9dd846c72d3b33bc01\",\"name\":\"Jean-Christophe\",\"url\":\"https:\\\/\\\/www.aclanester56.com\\\/velo\\\/author\\\/jeanchristophe\\\/\"}]}<\/script>\n<!-- \/ Yoast SEO plugin. -->","yoast_head_json":{"title":"Assembl\u00e9e g\u00e9n\u00e9rale de l'AC LANESTER 56 - Avenir Cycliste Lanester 56","robots":{"index":"index","follow":"follow","max-snippet":"max-snippet:-1","max-image-preview":"max-image-preview:large","max-video-preview":"max-video-preview:-1"},"canonical":"https:\/\/www.aclanester56.com\/velo\/assemblee-generale-de-lac-lanester-56\/","og_locale":"fr_FR","og_type":"article","og_title":"Assembl\u00e9e g\u00e9n\u00e9rale de l'AC LANESTER 56 - Avenir Cycliste Lanester 56","og_url":"https:\/\/www.aclanester56.com\/velo\/assemblee-generale-de-lac-lanester-56\/","og_site_name":"Avenir Cycliste Lanester 56","article_publisher":"https:\/\/www.facebook.com\/pages\/AC-Lanester-56\/190286300991242?fref=ts","article_published_time":"2011-10-27T21:54:16+00:00","article_modified_time":"2013-12-22T20:15:32+00:00","og_image":[{"width":650,"height":300,"url":"https:\/\/www.aclanester56.com\/velo\/wp-content\/uploads\/2011\/10\/ag-Copie1.jpg","type":"image\/jpeg"}],"author":"Jean-Christophe","twitter_misc":{"\u00c9crit par":"Jean-Christophe","Dur\u00e9e de lecture estim\u00e9e":"2 minutes"},"schema":{"@context":"https:\/\/schema.org","@graph":[{"@type":"Article","@id":"https:\/\/www.aclanester56.com\/velo\/assemblee-generale-de-lac-lanester-56\/#article","isPartOf":{"@id":"https:\/\/www.aclanester56.com\/velo\/assemblee-generale-de-lac-lanester-56\/"},"author":{"name":"Jean-Christophe","@id":"https:\/\/www.aclanester56.com\/velo\/#\/schema\/person\/ca2a44a5fd969e9dd846c72d3b33bc01"},"headline":"Assembl\u00e9e g\u00e9n\u00e9rale de l&rsquo;AC LANESTER 56","datePublished":"2011-10-27T21:54:16+00:00","dateModified":"2013-12-22T20:15:32+00:00","mainEntityOfPage":{"@id":"https:\/\/www.aclanester56.com\/velo\/assemblee-generale-de-lac-lanester-56\/"},"wordCount":401,"commentCount":0,"publisher":{"@id":"https:\/\/www.aclanester56.com\/velo\/#organization"},"articleSection":["AC LANESTER 56","Actualit\u00e9s DN"],"inLanguage":"fr-FR","potentialAction":[{"@type":"CommentAction","name":"Comment","target":["https:\/\/www.aclanester56.com\/velo\/assemblee-generale-de-lac-lanester-56\/#respond"]}]},{"@type":"WebPage","@id":"https:\/\/www.aclanester56.com\/velo\/assemblee-generale-de-lac-lanester-56\/","url":"https:\/\/www.aclanester56.com\/velo\/assemblee-generale-de-lac-lanester-56\/","name":"Assembl\u00e9e g\u00e9n\u00e9rale de l'AC LANESTER 56 - Avenir Cycliste Lanester 56","isPartOf":{"@id":"https:\/\/www.aclanester56.com\/velo\/#website"},"datePublished":"2011-10-27T21:54:16+00:00","dateModified":"2013-12-22T20:15:32+00:00","inLanguage":"fr-FR","potentialAction":[{"@type":"ReadAction","target":["https:\/\/www.aclanester56.com\/velo\/assemblee-generale-de-lac-lanester-56\/"]}]},{"@type":"WebSite","@id":"https:\/\/www.aclanester56.com\/velo\/#website","url":"https:\/\/www.aclanester56.com\/velo\/","name":"Avenir Cycliste Lanester 56","description":"Club cycliste de l&#039;AC LANESTER 56","publisher":{"@id":"https:\/\/www.aclanester56.com\/velo\/#organization"},"potentialAction":[{"@type":"SearchAction","target":{"@type":"EntryPoint","urlTemplate":"https:\/\/www.aclanester56.com\/velo\/?s={search_term_string}"},"query-input":{"@type":"PropertyValueSpecification","valueRequired":true,"valueName":"search_term_string"}}],"inLanguage":"fr-FR"},{"@type":"Organization","@id":"https:\/\/www.aclanester56.com\/velo\/#organization","name":"Avenir Cycliste Lanester 56","url":"https:\/\/www.aclanester56.com\/velo\/","logo":{"@type":"ImageObject","inLanguage":"fr-FR","@id":"https:\/\/www.aclanester56.com\/velo\/#\/schema\/logo\/image\/","url":"https:\/\/www.aclanester56.com\/velo\/wp-content\/uploads\/2013\/04\/logo-ACL.jpg","contentUrl":"https:\/\/www.aclanester56.com\/velo\/wp-content\/uploads\/2013\/04\/logo-ACL.jpg","width":400,"height":334,"caption":"Avenir Cycliste Lanester 56"},"image":{"@id":"https:\/\/www.aclanester56.com\/velo\/#\/schema\/logo\/image\/"},"sameAs":["https:\/\/www.facebook.com\/pages\/AC-Lanester-56\/190286300991242?fref=ts"]},{"@type":"Person","@id":"https:\/\/www.aclanester56.com\/velo\/#\/schema\/person\/ca2a44a5fd969e9dd846c72d3b33bc01","name":"Jean-Christophe","url":"https:\/\/www.aclanester56.com\/velo\/author\/jeanchristophe\/"}]}},"_links":{"self":[{"href":"https:\/\/www.aclanester56.com\/velo\/wp-json\/wp\/v2\/posts\/10094","targetHints":{"allow":["GET"]}}],"collection":[{"href":"https:\/\/www.aclanester56.com\/velo\/wp-json\/wp\/v2\/posts"}],"about":[{"href":"https:\/\/www.aclanester56.com\/velo\/wp-json\/wp\/v2\/types\/post"}],"author":[{"embeddable":true,"href":"https:\/\/www.aclanester56.com\/velo\/wp-json\/wp\/v2\/users\/14"}],"replies":[{"embeddable":true,"href":"https:\/\/www.aclanester56.com\/velo\/wp-json\/wp\/v2\/comments?post=10094"}],"version-history":[{"count":0,"href":"https:\/\/www.aclanester56.com\/velo\/wp-json\/wp\/v2\/posts\/10094\/revisions"}],"wp:attachment":[{"href":"https:\/\/www.aclanester56.com\/velo\/wp-json\/wp\/v2\/media?parent=10094"}],"wp:term":[{"taxonomy":"category","embeddable":true,"href":"https:\/\/www.aclanester56.com\/velo\/wp-json\/wp\/v2\/categories?post=10094"},{"taxonomy":"post_tag","embeddable":true,"href":"https:\/\/www.aclanester56.com\/velo\/wp-json\/wp\/v2\/tags?post=10094"}],"curies":[{"name":"wp","href":"https:\/\/api.w.org\/{rel}","templated":true}]}}