{"id":10159,"date":"2011-11-16T20:31:46","date_gmt":"2011-11-16T19:31:46","guid":{"rendered":"http:\/\/www.aclanester56.com\/velo\/?p=10159"},"modified":"2013-12-22T22:14:32","modified_gmt":"2013-12-22T20:14:32","slug":"remise-des-prix-du-brassard-du-credit-agricole","status":"publish","type":"post","link":"https:\/\/www.aclanester56.com\/velo\/remise-des-prix-du-brassard-du-credit-agricole\/","title":{"rendered":"Remise des prix du Brassard du Cr\u00e9dit Agricole"},"content":{"rendered":"<p style=\"text-align: justify;\"><!--more--><\/p>\n<p style=\"text-align: justify;\">La remise des prix du Brassard du Cr\u00e9dit Agricole aura lieu le vendredi 2 d\u00e9cembre prochain au Cr\u00e9dit Agricole du Morbihan \u00e0 Vannes. Les classements ont \u00e9t\u00e9 d\u00e9termin\u00e9s suivant les r\u00e9sultats des coureurs licenci\u00e9s dans le Morbihan sur des \u00e9preuves disput\u00e9es dans le d\u00e9partement.<\/p>\n<p style=\"text-align: justify;\">L&rsquo;AC LANESTER 56 et plusieurs de ses coureurs seront r\u00e9compens\u00e9s lors de cette soir\u00e9e \u00e0 l&rsquo;occasion de laquelle aura lieu une conf\u00e9rence-d\u00e9bat avec la participation de Warren BARGUIL, du professionnel de la FDJ Fr\u00e9d\u00e9ric GUESDON et du pr\u00e9sident de la FFC David LAPPARTIENT.<\/p>\n<p>\u00a0<span style=\"text-decoration: underline;\"><strong>Ecoles de Cyclisme :<\/strong><\/span><\/p>\n<p>1- ACP BAUD<br \/> 2- VELOCE VANNES<br \/> 3- VC PONTIVY<br \/> <span style=\"background-color: #ff6600;\">11- AC LANESTER 56<\/span><\/p>\n<p><span style=\"text-decoration: underline;\"><strong>Route Minimes-Cadettes :<\/strong><\/span><br \/> 1- Am\u00e9lie LE GUEVEL (ACP BAUD) 31 pts<br \/> 2- C\u00e9cilia LE BRIS (VC PONTIVY) 30 pts<br \/> <span style=\"background-color: #ff6600;\">3- Julie LE PRIELLEC (AC LANESTER 56) 20 pts<\/span><\/p>\n<p><span style=\"text-decoration: underline;\"><strong>Route Cadets :<\/strong><\/span><br \/> 1- Gautier ABADIE (VELOCE VANNES) 40 pts<br \/> <span style=\"background-color: #ff6600;\">2- Nicolas PRIMAS (AC LANESTER 56) 30 pts<\/span><br \/> 3- Maxime HARVIS (UC AURAY) 20 pts<br \/> <span style=\"background-color: #ff6600;\">7- Pierre HOLE (AC LANESTER 56) 15 pts<\/span><br \/> <span style=\"background-color: #ff6600;\">12- Melvyn LE HEN(AC LANESTER 56) 10 pts<\/span><\/p>\n<p><span style=\"text-decoration: underline;\"><strong>Route Juniors :<\/strong><\/span><br \/> 1- Cl\u00e9ment BERTHE (VC RIEUXOIS) 25 pts<br \/> 2- Christopher DESHOUX (US LA GACILLY) 9 pts<br \/> 3- Jordan LE GAL (VC LANGUIDIC) 9 pts<br \/> <span style=\"background-color: #ff6600;\">6- Rodolphe HENRY (AC LANESTER 56) 6 pts<\/span><\/p>\n<p><span style=\"text-decoration: underline;\"><strong>Route Pass Cyclisme :<\/strong><\/span><br \/> 1- Antoine OLIVIER (VELOCE VANNETAIS) 29 pts<br \/> 2- Philippe JAMBOU (CHASSEURS GOURIN) 29 pts<br \/> 3- Franck CHARRIER (ACP BAUD) 28 pts<br \/> <span style=\"background-color: #ff6600;\">10- R\u00e9gis DESBOIS (AC LANESTER 56) 8 pts<\/span><\/p>\n<p><span style=\"text-decoration: underline;\"><strong>Route 3\u00e8me cat\u00e9gorie :<\/strong><\/span><br \/> 1- Jean-Philippe LE RUYET (EC QUEVEN) 18 pts<br \/> 2- Jean-Michel VOISIN (AC QUESTEMBERT) 17 pts<br \/> 3- Mickael BUREL (ACP BAUD) 16 pts<br \/> <span style=\"background-color: #ff6600;\">7- Rodolphe HENRY (AC LANESTER 56) 9 pts<\/span><br \/> <span style=\"background-color: #ff6600;\">14- Heimrick SIBY (AC LANESTER 56) 8 pts<\/span><\/p>\n<p><span style=\"text-decoration: underline;\"><strong>Route 2\u00e8me cat\u00e9gorie :<\/strong><\/span><br \/> 1- Arnaud MADEC (UC AURAY) 24 pts<br \/> 2- Benjamin JEGAT (VCP LORIENT) 22 pts<br \/> 3- Pascal HUE (UCL HENNEBONT) 20 pts<br \/> <span style=\"background-color: #ff6600;\">12- Ma\u00ebl NIVINOU (AC LANESTER 56) 8 pts<\/span><br \/> <span style=\"background-color: #ff6600;\">25- Anthony MIRA (AC LANESTER 56) 5 pts<\/span><br \/> <span style=\"background-color: #ff6600;\">29- Romain GUILLOU (AC LANESTER 56) 4 pts<\/span><br \/> <span style=\"background-color: #ff6600;\">29- Jef BONNO (AC LANESTER 56) 4 pts<\/span><\/p>\n<p><span style=\"text-decoration: underline;\"><strong>Route 1\u00e8re cat\u00e9gorie :<\/strong><\/span><br \/> <span style=\"background-color: #ff6600;\">1- Warren BARGUIL (AC LANESTER 56) 37 pts<\/span><br \/> 2- Simon GOUEDARD (VCP LORIENT) 31 pts<br \/> 3- Piotr ZIELINSKI (VCP LORIENT) 25 pts<br \/> <span style=\"background-color: #ff6600;\">4- Ludovic POILVET (AC LANESTER 56) 20 pts<\/span><br \/> <span style=\"background-color: #ff6600;\">6- Yann RAULT (AC LANESTER 56) 15 pts<\/span><br \/> <span style=\"background-color: #ff6600;\">10- Christophe BALANNEC (AC LANESTER 56) 9 pts<\/span><br \/> <span style=\"background-color: #ff6600;\">14- Vincent RAGOT (AC LANESTER 56) 6 pts<\/span><br \/> <span style=\"background-color: #ff6600;\">18- Yann LE BUREL (AC LANESTER 56) 4 pts<\/span><\/p>\n<p><span style=\"text-decoration: underline;\"><strong>Clubs de Division Nationale :<\/strong><\/span><br \/> <span style=\"background-color: #ff6600;\">1- AC LANESTER 56 47 pts<\/span><br \/> 2- HENNEBONT CYCLISME 43 pts<br \/> 3- VCP LORIENT 21 pts<\/p>\n<p><span style=\"text-decoration: underline;\"><strong>Classement final Clubs :<\/strong><\/span><br \/> 1- VELOCE VANNES 44 pts<br \/> 2- ACP BAUD 27 pts<br \/> 3- VCP LORIENT 20 pts<br \/> <span style=\"background-color: #ff6600;\">4- AC LANESTER 56 19 pts<\/span><\/p>\n<p style=\"text-align: justify;\"><em><strong>Les trois premiers coureurs de chaque cat\u00e9gorie seront honor\u00e9s, les organisateurs se r\u00e9servant le droit de ne pas distribuer les r\u00e9compenses aux absents.<\/strong><\/em><\/p>\n","protected":false},"excerpt":{"rendered":"","protected":false},"author":14,"featured_media":10162,"comment_status":"open","ping_status":"closed","sticky":false,"template":"","format":"standard","meta":{"ngg_post_thumbnail":0,"footnotes":""},"categories":[5,14,16],"tags":[],"class_list":["post-10159","post","type-post","status-publish","format-standard","has-post-thumbnail","hentry","category-ac-lanester-56","category-actualites-dn","category-resultats"],"yoast_head":"<!-- This site is optimized with the Yoast SEO plugin v27.5 - https:\/\/yoast.com\/product\/yoast-seo-wordpress\/ -->\n<title>Remise des prix du Brassard du Cr\u00e9dit Agricole - Avenir Cycliste Lanester 56<\/title>\n<meta name=\"robots\" content=\"index, follow, max-snippet:-1, max-image-preview:large, max-video-preview:-1\" \/>\n<link rel=\"canonical\" href=\"https:\/\/www.aclanester56.com\/velo\/remise-des-prix-du-brassard-du-credit-agricole\/\" \/>\n<meta property=\"og:locale\" content=\"fr_FR\" \/>\n<meta property=\"og:type\" content=\"article\" \/>\n<meta property=\"og:title\" content=\"Remise des prix du Brassard du Cr\u00e9dit Agricole - Avenir Cycliste Lanester 56\" \/>\n<meta property=\"og:url\" content=\"https:\/\/www.aclanester56.com\/velo\/remise-des-prix-du-brassard-du-credit-agricole\/\" \/>\n<meta property=\"og:site_name\" content=\"Avenir Cycliste Lanester 56\" \/>\n<meta property=\"article:publisher\" content=\"https:\/\/www.facebook.com\/pages\/AC-Lanester-56\/190286300991242?fref=ts\" \/>\n<meta property=\"article:published_time\" content=\"2011-11-16T19:31:46+00:00\" \/>\n<meta property=\"article:modified_time\" content=\"2013-12-22T20:14:32+00:00\" \/>\n<meta property=\"og:image\" content=\"https:\/\/www.aclanester56.com\/velo\/wp-content\/uploads\/2011\/11\/TDS2011_0042-21.jpg\" \/>\n\t<meta property=\"og:image:width\" content=\"650\" \/>\n\t<meta property=\"og:image:height\" content=\"300\" \/>\n\t<meta property=\"og:image:type\" content=\"image\/jpeg\" \/>\n<meta name=\"author\" content=\"Jean-Christophe\" \/>\n<meta name=\"twitter:label1\" content=\"\u00c9crit par\" \/>\n\t<meta name=\"twitter:data1\" content=\"Jean-Christophe\" \/>\n\t<meta name=\"twitter:label2\" content=\"Dur\u00e9e de lecture estim\u00e9e\" \/>\n\t<meta name=\"twitter:data2\" content=\"2 minutes\" \/>\n<script type=\"application\/ld+json\" class=\"yoast-schema-graph\">{\"@context\":\"https:\\\/\\\/schema.org\",\"@graph\":[{\"@type\":\"Article\",\"@id\":\"https:\\\/\\\/www.aclanester56.com\\\/velo\\\/remise-des-prix-du-brassard-du-credit-agricole\\\/#article\",\"isPartOf\":{\"@id\":\"https:\\\/\\\/www.aclanester56.com\\\/velo\\\/remise-des-prix-du-brassard-du-credit-agricole\\\/\"},\"author\":{\"name\":\"Jean-Christophe\",\"@id\":\"https:\\\/\\\/www.aclanester56.com\\\/velo\\\/#\\\/schema\\\/person\\\/ca2a44a5fd969e9dd846c72d3b33bc01\"},\"headline\":\"Remise des prix du Brassard du Cr\u00e9dit Agricole\",\"datePublished\":\"2011-11-16T19:31:46+00:00\",\"dateModified\":\"2013-12-22T20:14:32+00:00\",\"mainEntityOfPage\":{\"@id\":\"https:\\\/\\\/www.aclanester56.com\\\/velo\\\/remise-des-prix-du-brassard-du-credit-agricole\\\/\"},\"wordCount\":436,\"commentCount\":0,\"publisher\":{\"@id\":\"https:\\\/\\\/www.aclanester56.com\\\/velo\\\/#organization\"},\"image\":{\"@id\":\"https:\\\/\\\/www.aclanester56.com\\\/velo\\\/remise-des-prix-du-brassard-du-credit-agricole\\\/#primaryimage\"},\"thumbnailUrl\":\"https:\\\/\\\/www.aclanester56.com\\\/velo\\\/wp-content\\\/uploads\\\/2011\\\/11\\\/TDS2011_0042-21.jpg\",\"articleSection\":[\"AC LANESTER 56\",\"Actualit\u00e9s DN\",\"R\u00e9sultats\"],\"inLanguage\":\"fr-FR\",\"potentialAction\":[{\"@type\":\"CommentAction\",\"name\":\"Comment\",\"target\":[\"https:\\\/\\\/www.aclanester56.com\\\/velo\\\/remise-des-prix-du-brassard-du-credit-agricole\\\/#respond\"]}]},{\"@type\":\"WebPage\",\"@id\":\"https:\\\/\\\/www.aclanester56.com\\\/velo\\\/remise-des-prix-du-brassard-du-credit-agricole\\\/\",\"url\":\"https:\\\/\\\/www.aclanester56.com\\\/velo\\\/remise-des-prix-du-brassard-du-credit-agricole\\\/\",\"name\":\"Remise des prix du Brassard du Cr\u00e9dit Agricole - Avenir Cycliste Lanester 56\",\"isPartOf\":{\"@id\":\"https:\\\/\\\/www.aclanester56.com\\\/velo\\\/#website\"},\"primaryImageOfPage\":{\"@id\":\"https:\\\/\\\/www.aclanester56.com\\\/velo\\\/remise-des-prix-du-brassard-du-credit-agricole\\\/#primaryimage\"},\"image\":{\"@id\":\"https:\\\/\\\/www.aclanester56.com\\\/velo\\\/remise-des-prix-du-brassard-du-credit-agricole\\\/#primaryimage\"},\"thumbnailUrl\":\"https:\\\/\\\/www.aclanester56.com\\\/velo\\\/wp-content\\\/uploads\\\/2011\\\/11\\\/TDS2011_0042-21.jpg\",\"datePublished\":\"2011-11-16T19:31:46+00:00\",\"dateModified\":\"2013-12-22T20:14:32+00:00\",\"inLanguage\":\"fr-FR\",\"potentialAction\":[{\"@type\":\"ReadAction\",\"target\":[\"https:\\\/\\\/www.aclanester56.com\\\/velo\\\/remise-des-prix-du-brassard-du-credit-agricole\\\/\"]}]},{\"@type\":\"ImageObject\",\"inLanguage\":\"fr-FR\",\"@id\":\"https:\\\/\\\/www.aclanester56.com\\\/velo\\\/remise-des-prix-du-brassard-du-credit-agricole\\\/#primaryimage\",\"url\":\"https:\\\/\\\/www.aclanester56.com\\\/velo\\\/wp-content\\\/uploads\\\/2011\\\/11\\\/TDS2011_0042-21.jpg\",\"contentUrl\":\"https:\\\/\\\/www.aclanester56.com\\\/velo\\\/wp-content\\\/uploads\\\/2011\\\/11\\\/TDS2011_0042-21.jpg\",\"width\":650,\"height\":300},{\"@type\":\"WebSite\",\"@id\":\"https:\\\/\\\/www.aclanester56.com\\\/velo\\\/#website\",\"url\":\"https:\\\/\\\/www.aclanester56.com\\\/velo\\\/\",\"name\":\"Avenir Cycliste Lanester 56\",\"description\":\"Club cycliste de l&#039;AC LANESTER 56\",\"publisher\":{\"@id\":\"https:\\\/\\\/www.aclanester56.com\\\/velo\\\/#organization\"},\"potentialAction\":[{\"@type\":\"SearchAction\",\"target\":{\"@type\":\"EntryPoint\",\"urlTemplate\":\"https:\\\/\\\/www.aclanester56.com\\\/velo\\\/?s={search_term_string}\"},\"query-input\":{\"@type\":\"PropertyValueSpecification\",\"valueRequired\":true,\"valueName\":\"search_term_string\"}}],\"inLanguage\":\"fr-FR\"},{\"@type\":\"Organization\",\"@id\":\"https:\\\/\\\/www.aclanester56.com\\\/velo\\\/#organization\",\"name\":\"Avenir Cycliste Lanester 56\",\"url\":\"https:\\\/\\\/www.aclanester56.com\\\/velo\\\/\",\"logo\":{\"@type\":\"ImageObject\",\"inLanguage\":\"fr-FR\",\"@id\":\"https:\\\/\\\/www.aclanester56.com\\\/velo\\\/#\\\/schema\\\/logo\\\/image\\\/\",\"url\":\"https:\\\/\\\/www.aclanester56.com\\\/velo\\\/wp-content\\\/uploads\\\/2013\\\/04\\\/logo-ACL.jpg\",\"contentUrl\":\"https:\\\/\\\/www.aclanester56.com\\\/velo\\\/wp-content\\\/uploads\\\/2013\\\/04\\\/logo-ACL.jpg\",\"width\":400,\"height\":334,\"caption\":\"Avenir Cycliste Lanester 56\"},\"image\":{\"@id\":\"https:\\\/\\\/www.aclanester56.com\\\/velo\\\/#\\\/schema\\\/logo\\\/image\\\/\"},\"sameAs\":[\"https:\\\/\\\/www.facebook.com\\\/pages\\\/AC-Lanester-56\\\/190286300991242?fref=ts\"]},{\"@type\":\"Person\",\"@id\":\"https:\\\/\\\/www.aclanester56.com\\\/velo\\\/#\\\/schema\\\/person\\\/ca2a44a5fd969e9dd846c72d3b33bc01\",\"name\":\"Jean-Christophe\",\"url\":\"https:\\\/\\\/www.aclanester56.com\\\/velo\\\/author\\\/jeanchristophe\\\/\"}]}<\/script>\n<!-- \/ Yoast SEO plugin. -->","yoast_head_json":{"title":"Remise des prix du Brassard du Cr\u00e9dit Agricole - Avenir Cycliste Lanester 56","robots":{"index":"index","follow":"follow","max-snippet":"max-snippet:-1","max-image-preview":"max-image-preview:large","max-video-preview":"max-video-preview:-1"},"canonical":"https:\/\/www.aclanester56.com\/velo\/remise-des-prix-du-brassard-du-credit-agricole\/","og_locale":"fr_FR","og_type":"article","og_title":"Remise des prix du Brassard du Cr\u00e9dit Agricole - Avenir Cycliste Lanester 56","og_url":"https:\/\/www.aclanester56.com\/velo\/remise-des-prix-du-brassard-du-credit-agricole\/","og_site_name":"Avenir Cycliste Lanester 56","article_publisher":"https:\/\/www.facebook.com\/pages\/AC-Lanester-56\/190286300991242?fref=ts","article_published_time":"2011-11-16T19:31:46+00:00","article_modified_time":"2013-12-22T20:14:32+00:00","og_image":[{"width":650,"height":300,"url":"https:\/\/www.aclanester56.com\/velo\/wp-content\/uploads\/2011\/11\/TDS2011_0042-21.jpg","type":"image\/jpeg"}],"author":"Jean-Christophe","twitter_misc":{"\u00c9crit par":"Jean-Christophe","Dur\u00e9e de lecture estim\u00e9e":"2 minutes"},"schema":{"@context":"https:\/\/schema.org","@graph":[{"@type":"Article","@id":"https:\/\/www.aclanester56.com\/velo\/remise-des-prix-du-brassard-du-credit-agricole\/#article","isPartOf":{"@id":"https:\/\/www.aclanester56.com\/velo\/remise-des-prix-du-brassard-du-credit-agricole\/"},"author":{"name":"Jean-Christophe","@id":"https:\/\/www.aclanester56.com\/velo\/#\/schema\/person\/ca2a44a5fd969e9dd846c72d3b33bc01"},"headline":"Remise des prix du Brassard du Cr\u00e9dit Agricole","datePublished":"2011-11-16T19:31:46+00:00","dateModified":"2013-12-22T20:14:32+00:00","mainEntityOfPage":{"@id":"https:\/\/www.aclanester56.com\/velo\/remise-des-prix-du-brassard-du-credit-agricole\/"},"wordCount":436,"commentCount":0,"publisher":{"@id":"https:\/\/www.aclanester56.com\/velo\/#organization"},"image":{"@id":"https:\/\/www.aclanester56.com\/velo\/remise-des-prix-du-brassard-du-credit-agricole\/#primaryimage"},"thumbnailUrl":"https:\/\/www.aclanester56.com\/velo\/wp-content\/uploads\/2011\/11\/TDS2011_0042-21.jpg","articleSection":["AC LANESTER 56","Actualit\u00e9s DN","R\u00e9sultats"],"inLanguage":"fr-FR","potentialAction":[{"@type":"CommentAction","name":"Comment","target":["https:\/\/www.aclanester56.com\/velo\/remise-des-prix-du-brassard-du-credit-agricole\/#respond"]}]},{"@type":"WebPage","@id":"https:\/\/www.aclanester56.com\/velo\/remise-des-prix-du-brassard-du-credit-agricole\/","url":"https:\/\/www.aclanester56.com\/velo\/remise-des-prix-du-brassard-du-credit-agricole\/","name":"Remise des prix du Brassard du Cr\u00e9dit Agricole - Avenir Cycliste Lanester 56","isPartOf":{"@id":"https:\/\/www.aclanester56.com\/velo\/#website"},"primaryImageOfPage":{"@id":"https:\/\/www.aclanester56.com\/velo\/remise-des-prix-du-brassard-du-credit-agricole\/#primaryimage"},"image":{"@id":"https:\/\/www.aclanester56.com\/velo\/remise-des-prix-du-brassard-du-credit-agricole\/#primaryimage"},"thumbnailUrl":"https:\/\/www.aclanester56.com\/velo\/wp-content\/uploads\/2011\/11\/TDS2011_0042-21.jpg","datePublished":"2011-11-16T19:31:46+00:00","dateModified":"2013-12-22T20:14:32+00:00","inLanguage":"fr-FR","potentialAction":[{"@type":"ReadAction","target":["https:\/\/www.aclanester56.com\/velo\/remise-des-prix-du-brassard-du-credit-agricole\/"]}]},{"@type":"ImageObject","inLanguage":"fr-FR","@id":"https:\/\/www.aclanester56.com\/velo\/remise-des-prix-du-brassard-du-credit-agricole\/#primaryimage","url":"https:\/\/www.aclanester56.com\/velo\/wp-content\/uploads\/2011\/11\/TDS2011_0042-21.jpg","contentUrl":"https:\/\/www.aclanester56.com\/velo\/wp-content\/uploads\/2011\/11\/TDS2011_0042-21.jpg","width":650,"height":300},{"@type":"WebSite","@id":"https:\/\/www.aclanester56.com\/velo\/#website","url":"https:\/\/www.aclanester56.com\/velo\/","name":"Avenir Cycliste Lanester 56","description":"Club cycliste de l&#039;AC LANESTER 56","publisher":{"@id":"https:\/\/www.aclanester56.com\/velo\/#organization"},"potentialAction":[{"@type":"SearchAction","target":{"@type":"EntryPoint","urlTemplate":"https:\/\/www.aclanester56.com\/velo\/?s={search_term_string}"},"query-input":{"@type":"PropertyValueSpecification","valueRequired":true,"valueName":"search_term_string"}}],"inLanguage":"fr-FR"},{"@type":"Organization","@id":"https:\/\/www.aclanester56.com\/velo\/#organization","name":"Avenir Cycliste Lanester 56","url":"https:\/\/www.aclanester56.com\/velo\/","logo":{"@type":"ImageObject","inLanguage":"fr-FR","@id":"https:\/\/www.aclanester56.com\/velo\/#\/schema\/logo\/image\/","url":"https:\/\/www.aclanester56.com\/velo\/wp-content\/uploads\/2013\/04\/logo-ACL.jpg","contentUrl":"https:\/\/www.aclanester56.com\/velo\/wp-content\/uploads\/2013\/04\/logo-ACL.jpg","width":400,"height":334,"caption":"Avenir Cycliste Lanester 56"},"image":{"@id":"https:\/\/www.aclanester56.com\/velo\/#\/schema\/logo\/image\/"},"sameAs":["https:\/\/www.facebook.com\/pages\/AC-Lanester-56\/190286300991242?fref=ts"]},{"@type":"Person","@id":"https:\/\/www.aclanester56.com\/velo\/#\/schema\/person\/ca2a44a5fd969e9dd846c72d3b33bc01","name":"Jean-Christophe","url":"https:\/\/www.aclanester56.com\/velo\/author\/jeanchristophe\/"}]}},"_links":{"self":[{"href":"https:\/\/www.aclanester56.com\/velo\/wp-json\/wp\/v2\/posts\/10159","targetHints":{"allow":["GET"]}}],"collection":[{"href":"https:\/\/www.aclanester56.com\/velo\/wp-json\/wp\/v2\/posts"}],"about":[{"href":"https:\/\/www.aclanester56.com\/velo\/wp-json\/wp\/v2\/types\/post"}],"author":[{"embeddable":true,"href":"https:\/\/www.aclanester56.com\/velo\/wp-json\/wp\/v2\/users\/14"}],"replies":[{"embeddable":true,"href":"https:\/\/www.aclanester56.com\/velo\/wp-json\/wp\/v2\/comments?post=10159"}],"version-history":[{"count":0,"href":"https:\/\/www.aclanester56.com\/velo\/wp-json\/wp\/v2\/posts\/10159\/revisions"}],"wp:featuredmedia":[{"embeddable":true,"href":"https:\/\/www.aclanester56.com\/velo\/wp-json\/wp\/v2\/media\/10162"}],"wp:attachment":[{"href":"https:\/\/www.aclanester56.com\/velo\/wp-json\/wp\/v2\/media?parent=10159"}],"wp:term":[{"taxonomy":"category","embeddable":true,"href":"https:\/\/www.aclanester56.com\/velo\/wp-json\/wp\/v2\/categories?post=10159"},{"taxonomy":"post_tag","embeddable":true,"href":"https:\/\/www.aclanester56.com\/velo\/wp-json\/wp\/v2\/tags?post=10159"}],"curies":[{"name":"wp","href":"https:\/\/api.w.org\/{rel}","templated":true}]}}