{"id":10169,"date":"2011-11-23T23:14:06","date_gmt":"2011-11-23T22:14:06","guid":{"rendered":"http:\/\/www.aclanester56.com\/velo\/?p=10169"},"modified":"2013-12-22T22:14:21","modified_gmt":"2013-12-22T20:14:21","slug":"interview-de-jean-yves-le-gal-president-de-l%e2%80%99ac-lanester-56","status":"publish","type":"post","link":"https:\/\/www.aclanester56.com\/velo\/interview-de-jean-yves-le-gal-president-de-l%e2%80%99ac-lanester-56\/","title":{"rendered":"Interview de Jean-Yves Le Gal, pr\u00e9sident de l\u2019AC Lanester 56"},"content":{"rendered":"<p style=\"text-align: justify;\"><!--more--><\/p>\n<p style=\"text-align: justify;\">En pleine pr\u00e9paration de la saison \u00e0 venir, Jean-Yves LE GAL a r\u00e9pondu \u00e0 nos questions. Le dynamique pr\u00e9sident de l\u2019AC LANESTER 56 nous explique les d\u00e9cisions prises cette saison par le Comit\u00e9 Directeur du club et l\u00e8ve le voile sur les axes qui seront d\u00e9velopp\u00e9s par la structure d\u00e8s les prochaines semaines.<\/p>\n<p style=\"text-align: justify;\"><strong style=\"color: #ff6600; font-size: 14px; line-height: 1.5em;\">aclanester56.com\u00a0: La p\u00e9riode des mutations vient de se terminer. Bon nombre d\u2019observateurs et le milieu cycliste se sont interrog\u00e9s sur l\u2019actualit\u00e9 r\u00e9cente au sein de l\u2019AC LANESTER 56. Pourquoi le club n\u2019a pas communiqu\u00e9 depuis l\u2019\u00e9t\u00e9\u00a0?<\/strong><\/p>\n<p style=\"text-align: justify;\"><strong>Jean-Yves LE GAL<\/strong> : Lors de la r\u00e9union du Comit\u00e9 Directeur du 21 juillet dernier, le club a d\u00e9cid\u00e9 d\u2019une nouvelle politique pour la prochaine saison. Lors de ce Comit\u00e9 Directeur, les dirigeants ont \u00e9galement d\u00e9cid\u00e9 de ne pas communiquer avant le mois de novembre. Nous avons souhait\u00e9 \u00e9viter les discussions, les pol\u00e9miques et les nuisances qu\u2019auraient pu occasionner une actualit\u00e9 fournie non ma\u00eetris\u00e9e.<\/p>\n<p style=\"text-align: justify;\"><span style=\"color: #ff6600;\"><strong>aclanester56.com\u00a0: Peux-tu nous donner des explications sur les choix du club\u00a0?<\/strong><\/span><\/p>\n<p style=\"text-align: justify;\"><strong>J-Y LG\u00a0<\/strong>: Nous avions d\u00e9cid\u00e9 de partir en Division Nationale 2 en 2011 sur la base d\u2019un budget limit\u00e9 qui ne nous permettait pas de sortir des pr\u00e9visionnels et du programme contraint que nous avions arr\u00eat\u00e9s. Nous nous sommes vite rendu compte qu\u2019\u00e0 ce niveau, le fonctionnement pr\u00e9vu et le budget ne pouvaient \u00eatre respect\u00e9s. Il a fallu \u00e9galement composer avec des engagements financiers et sportifs pris en d\u00e9but d\u2019ann\u00e9e qui n\u2019ont pas \u00e9t\u00e9 tenus. A ce niveau, les engagements ne peuvent \u00eatre en aucun cas hypoth\u00e9tiques ou irresponsables. Nous avons sans doute \u00e9t\u00e9 victimes de notre enthousiasme et de notre cr\u00e9dulit\u00e9. Nous avons tr\u00e8s vite compris que notre position dans le haut niveau n\u2019\u00e9tait pas envisageable sans risques en 2012. Nous avons \u00e9galement compris qu\u2019il \u00e9tait souhaitable pour la structure de recentrer temporairement l\u2019activit\u00e9 sur la formation.<\/p>\n<p style=\"text-align: justify;\"><span style=\"color: #ff6600;\"><strong>aclanester56.com\u00a0: Concr\u00e8tement, comment s\u2019est\u00a0pass\u00e9e cette fin de saison?<\/strong><\/span><\/p>\n<p style=\"text-align: justify;\"><strong>J-Y LG\u00a0<\/strong>: D\u00e8s le 21 juillet, nous avons d\u00e9cid\u00e9 d\u2019informer les coureurs de 1<sup>\u00e8re<\/sup> et de 2<sup>\u00e8me<\/sup> cat\u00e9gorie que nous ne solliciterions pas de labellisation en Division Nationale pour 2012. Nous avons souhait\u00e9 ainsi permettre \u00e0 tous nos coureurs de trouver une \u00e9quipe pour la nouvelle saison. Nous avons port\u00e9 nos efforts en fin d\u2019ann\u00e9e sur le renforcement associatif, structurel et financier pour p\u00e9renniser le club. C\u2019est en particulier en accueillant de nouveaux dirigeants au Comit\u00e9 Directeur et en pr\u00e9servant nos partenaires que le club peut voir l\u2019avenir avec s\u00e9r\u00e9nit\u00e9. L\u2019accueil de vingt nouveaux jeunes et enfants de l\u2019Ecole de Cyclisme aux Juniors nous conforte dans notre engagement sur la formation. Cette p\u00e9riode nous a permis de comprendre que le haut-niveau n\u2019\u00e9tait pas une fin en soi, mais que dans notre cadre particulier, il doit \u00eatre une vitrine exemplaire \u2026!<\/p>\n<p style=\"text-align: justify;\"><span style=\"color: #ff6600;\"><strong>aclanester56.com\u00a0: Quel est l\u2019avenir pour le club ?<\/strong><\/span><\/p>\n<p style=\"text-align: justify;\"><strong>J-Y LG<\/strong>\u00a0: Forts des soutiens de nos partenaires et de la collectivit\u00e9 locale sur la base de notre c\u0153ur d\u2019activit\u00e9 qu\u2019est la formation, nous avons des assurances sur l\u2019accompagnement. Nous sommes \u00e9galement en pleine pr\u00e9paration de nos \u00e9preuves phares, le TRO DIV STER, qui aura lieu les 19 et 20 mai 2012, le Grand Prix de la Ville de Lanester qui se d\u00e9roulera le 27 juin, sans oublier les trois Samedis D\u00e9couverte de la Piste qui nous permettront d\u2019accueillir tous les jeunes qui le souhaitent dans quelques semaines sur l\u2019anneau cycliste G\u00e9rard Le Maguer \u00e0 Lanester.<\/p>\n<p style=\"text-align: justify;\"><strong><span style=\"color: #ff6600;\">aclanester56.com\u00a0: L\u2019AC LANESTER 56 aura-t-elle une \u00e9quipe sur les belles \u00e9preuves en ligne et par \u00e9tapes comme le TRO DIV STER par exemple ?<\/span><\/strong><\/p>\n<p style=\"text-align: justify;\"><strong>J-Y LG\u00a0<\/strong>: Oui, bien-s\u00fbr. Bon nombre de coureurs continuent \u00e0 faire confiance \u00e0 notre encadrement reconnu par le milieu. Des jeunes coureurs comme Mickael Siby ou Gildas Le Priellec ont le potentiel pour s\u2019exprimer \u00e0 ce niveau. Nous travaillons \u00e9galement sur l\u2019avenir avec le renfort d\u2019une belle \u00e9quipe de juniors, d\u2019un important groupe de cadets, des minimes et en accompagnant une tr\u00e8s belle Ecole de Cyclisme.<\/p>\n<p style=\"text-align: justify;\"><span style=\"color: #ff6600;\"><strong>aclanester56.com\u00a0: Enfin, le club a lanc\u00e9 un appel \u00e0 candidatures pour un nouveau Directeur Technique et Sportif. Peux-tu nous en dire quelques mots ?<\/strong><\/span><\/p>\n<p style=\"text-align: justify;\"><strong>J-Y LG<\/strong>\u00a0: Suite au d\u00e9part de Rodolphe Henry, le besoin est toujours important bien que les missions soient revues. Les financements pour l\u2019emploi seront toujours pr\u00e9sents et m\u00eame renforc\u00e9s pour nous permettre d\u2019accueillir encore plus de jeunes. Le processus de recrutement est en cours, nous avons \u00e0 ce jour plusieurs candidats pour une prise de poste au mois de janvier. Le nouveau D.T.S. sera titulaire des dipl\u00f4mes requis pour une \u00e9ventuelle labellisation en Division Nationale. La structure souhaite se donner les moyens d\u2019une possibilit\u00e9 de retour dans le haut niveau d\u00e8s 2013.<\/p>\n<p style=\"text-align: justify;\"><em><strong>Remerciements \u00e0 Jean-Yves pour sa disponibilit\u00e9 pour r\u00e9pondre \u00e0 nos questions.<\/strong><\/em><\/p>\n<p>&nbsp;<\/p>\n","protected":false},"excerpt":{"rendered":"","protected":false},"author":14,"featured_media":10173,"comment_status":"open","ping_status":"closed","sticky":false,"template":"","format":"standard","meta":{"ngg_post_thumbnail":0,"footnotes":""},"categories":[5,14],"tags":[],"class_list":["post-10169","post","type-post","status-publish","format-standard","has-post-thumbnail","hentry","category-ac-lanester-56","category-actualites-dn"],"yoast_head":"<!-- This site is optimized with the Yoast SEO plugin v27.5 - https:\/\/yoast.com\/product\/yoast-seo-wordpress\/ -->\n<title>Interview de Jean-Yves Le Gal, pr\u00e9sident de l\u2019AC Lanester 56 - Avenir Cycliste Lanester 56<\/title>\n<meta name=\"robots\" content=\"index, follow, max-snippet:-1, max-image-preview:large, max-video-preview:-1\" \/>\n<link rel=\"canonical\" href=\"https:\/\/www.aclanester56.com\/velo\/interview-de-jean-yves-le-gal-president-de-l\u2019ac-lanester-56\/\" \/>\n<meta property=\"og:locale\" content=\"fr_FR\" \/>\n<meta property=\"og:type\" content=\"article\" \/>\n<meta property=\"og:title\" content=\"Interview de Jean-Yves Le Gal, pr\u00e9sident de l\u2019AC Lanester 56 - Avenir Cycliste Lanester 56\" \/>\n<meta property=\"og:url\" content=\"https:\/\/www.aclanester56.com\/velo\/interview-de-jean-yves-le-gal-president-de-l\u2019ac-lanester-56\/\" \/>\n<meta property=\"og:site_name\" content=\"Avenir Cycliste Lanester 56\" \/>\n<meta property=\"article:publisher\" content=\"https:\/\/www.facebook.com\/pages\/AC-Lanester-56\/190286300991242?fref=ts\" \/>\n<meta property=\"article:published_time\" content=\"2011-11-23T22:14:06+00:00\" \/>\n<meta property=\"article:modified_time\" content=\"2013-12-22T20:14:21+00:00\" \/>\n<meta property=\"og:image\" content=\"https:\/\/www.aclanester56.com\/velo\/wp-content\/uploads\/2011\/11\/DSC_8630-Copie.jpg\" \/>\n\t<meta property=\"og:image:width\" content=\"650\" \/>\n\t<meta property=\"og:image:height\" content=\"300\" \/>\n\t<meta property=\"og:image:type\" content=\"image\/jpeg\" \/>\n<meta name=\"author\" content=\"Jean-Christophe\" \/>\n<meta name=\"twitter:label1\" content=\"\u00c9crit par\" \/>\n\t<meta name=\"twitter:data1\" content=\"Jean-Christophe\" \/>\n\t<meta name=\"twitter:label2\" content=\"Dur\u00e9e de lecture estim\u00e9e\" \/>\n\t<meta name=\"twitter:data2\" content=\"4 minutes\" \/>\n<script type=\"application\/ld+json\" class=\"yoast-schema-graph\">{\"@context\":\"https:\\\/\\\/schema.org\",\"@graph\":[{\"@type\":\"Article\",\"@id\":\"https:\\\/\\\/www.aclanester56.com\\\/velo\\\/interview-de-jean-yves-le-gal-president-de-l%e2%80%99ac-lanester-56\\\/#article\",\"isPartOf\":{\"@id\":\"https:\\\/\\\/www.aclanester56.com\\\/velo\\\/interview-de-jean-yves-le-gal-president-de-l%e2%80%99ac-lanester-56\\\/\"},\"author\":{\"name\":\"Jean-Christophe\",\"@id\":\"https:\\\/\\\/www.aclanester56.com\\\/velo\\\/#\\\/schema\\\/person\\\/ca2a44a5fd969e9dd846c72d3b33bc01\"},\"headline\":\"Interview de Jean-Yves Le Gal, pr\u00e9sident de l\u2019AC Lanester 56\",\"datePublished\":\"2011-11-23T22:14:06+00:00\",\"dateModified\":\"2013-12-22T20:14:21+00:00\",\"mainEntityOfPage\":{\"@id\":\"https:\\\/\\\/www.aclanester56.com\\\/velo\\\/interview-de-jean-yves-le-gal-president-de-l%e2%80%99ac-lanester-56\\\/\"},\"wordCount\":851,\"commentCount\":0,\"publisher\":{\"@id\":\"https:\\\/\\\/www.aclanester56.com\\\/velo\\\/#organization\"},\"image\":{\"@id\":\"https:\\\/\\\/www.aclanester56.com\\\/velo\\\/interview-de-jean-yves-le-gal-president-de-l%e2%80%99ac-lanester-56\\\/#primaryimage\"},\"thumbnailUrl\":\"https:\\\/\\\/www.aclanester56.com\\\/velo\\\/wp-content\\\/uploads\\\/2011\\\/11\\\/DSC_8630-Copie.jpg\",\"articleSection\":[\"AC LANESTER 56\",\"Actualit\u00e9s DN\"],\"inLanguage\":\"fr-FR\",\"potentialAction\":[{\"@type\":\"CommentAction\",\"name\":\"Comment\",\"target\":[\"https:\\\/\\\/www.aclanester56.com\\\/velo\\\/interview-de-jean-yves-le-gal-president-de-l%e2%80%99ac-lanester-56\\\/#respond\"]}]},{\"@type\":\"WebPage\",\"@id\":\"https:\\\/\\\/www.aclanester56.com\\\/velo\\\/interview-de-jean-yves-le-gal-president-de-l%e2%80%99ac-lanester-56\\\/\",\"url\":\"https:\\\/\\\/www.aclanester56.com\\\/velo\\\/interview-de-jean-yves-le-gal-president-de-l%e2%80%99ac-lanester-56\\\/\",\"name\":\"Interview de Jean-Yves Le Gal, pr\u00e9sident de l\u2019AC Lanester 56 - Avenir Cycliste Lanester 56\",\"isPartOf\":{\"@id\":\"https:\\\/\\\/www.aclanester56.com\\\/velo\\\/#website\"},\"primaryImageOfPage\":{\"@id\":\"https:\\\/\\\/www.aclanester56.com\\\/velo\\\/interview-de-jean-yves-le-gal-president-de-l%e2%80%99ac-lanester-56\\\/#primaryimage\"},\"image\":{\"@id\":\"https:\\\/\\\/www.aclanester56.com\\\/velo\\\/interview-de-jean-yves-le-gal-president-de-l%e2%80%99ac-lanester-56\\\/#primaryimage\"},\"thumbnailUrl\":\"https:\\\/\\\/www.aclanester56.com\\\/velo\\\/wp-content\\\/uploads\\\/2011\\\/11\\\/DSC_8630-Copie.jpg\",\"datePublished\":\"2011-11-23T22:14:06+00:00\",\"dateModified\":\"2013-12-22T20:14:21+00:00\",\"inLanguage\":\"fr-FR\",\"potentialAction\":[{\"@type\":\"ReadAction\",\"target\":[\"https:\\\/\\\/www.aclanester56.com\\\/velo\\\/interview-de-jean-yves-le-gal-president-de-l%e2%80%99ac-lanester-56\\\/\"]}]},{\"@type\":\"ImageObject\",\"inLanguage\":\"fr-FR\",\"@id\":\"https:\\\/\\\/www.aclanester56.com\\\/velo\\\/interview-de-jean-yves-le-gal-president-de-l%e2%80%99ac-lanester-56\\\/#primaryimage\",\"url\":\"https:\\\/\\\/www.aclanester56.com\\\/velo\\\/wp-content\\\/uploads\\\/2011\\\/11\\\/DSC_8630-Copie.jpg\",\"contentUrl\":\"https:\\\/\\\/www.aclanester56.com\\\/velo\\\/wp-content\\\/uploads\\\/2011\\\/11\\\/DSC_8630-Copie.jpg\",\"width\":650,\"height\":300},{\"@type\":\"WebSite\",\"@id\":\"https:\\\/\\\/www.aclanester56.com\\\/velo\\\/#website\",\"url\":\"https:\\\/\\\/www.aclanester56.com\\\/velo\\\/\",\"name\":\"Avenir Cycliste Lanester 56\",\"description\":\"Club cycliste de l&#039;AC LANESTER 56\",\"publisher\":{\"@id\":\"https:\\\/\\\/www.aclanester56.com\\\/velo\\\/#organization\"},\"potentialAction\":[{\"@type\":\"SearchAction\",\"target\":{\"@type\":\"EntryPoint\",\"urlTemplate\":\"https:\\\/\\\/www.aclanester56.com\\\/velo\\\/?s={search_term_string}\"},\"query-input\":{\"@type\":\"PropertyValueSpecification\",\"valueRequired\":true,\"valueName\":\"search_term_string\"}}],\"inLanguage\":\"fr-FR\"},{\"@type\":\"Organization\",\"@id\":\"https:\\\/\\\/www.aclanester56.com\\\/velo\\\/#organization\",\"name\":\"Avenir Cycliste Lanester 56\",\"url\":\"https:\\\/\\\/www.aclanester56.com\\\/velo\\\/\",\"logo\":{\"@type\":\"ImageObject\",\"inLanguage\":\"fr-FR\",\"@id\":\"https:\\\/\\\/www.aclanester56.com\\\/velo\\\/#\\\/schema\\\/logo\\\/image\\\/\",\"url\":\"https:\\\/\\\/www.aclanester56.com\\\/velo\\\/wp-content\\\/uploads\\\/2013\\\/04\\\/logo-ACL.jpg\",\"contentUrl\":\"https:\\\/\\\/www.aclanester56.com\\\/velo\\\/wp-content\\\/uploads\\\/2013\\\/04\\\/logo-ACL.jpg\",\"width\":400,\"height\":334,\"caption\":\"Avenir Cycliste Lanester 56\"},\"image\":{\"@id\":\"https:\\\/\\\/www.aclanester56.com\\\/velo\\\/#\\\/schema\\\/logo\\\/image\\\/\"},\"sameAs\":[\"https:\\\/\\\/www.facebook.com\\\/pages\\\/AC-Lanester-56\\\/190286300991242?fref=ts\"]},{\"@type\":\"Person\",\"@id\":\"https:\\\/\\\/www.aclanester56.com\\\/velo\\\/#\\\/schema\\\/person\\\/ca2a44a5fd969e9dd846c72d3b33bc01\",\"name\":\"Jean-Christophe\",\"url\":\"https:\\\/\\\/www.aclanester56.com\\\/velo\\\/author\\\/jeanchristophe\\\/\"}]}<\/script>\n<!-- \/ Yoast SEO plugin. -->","yoast_head_json":{"title":"Interview de Jean-Yves Le Gal, pr\u00e9sident de l\u2019AC Lanester 56 - Avenir Cycliste Lanester 56","robots":{"index":"index","follow":"follow","max-snippet":"max-snippet:-1","max-image-preview":"max-image-preview:large","max-video-preview":"max-video-preview:-1"},"canonical":"https:\/\/www.aclanester56.com\/velo\/interview-de-jean-yves-le-gal-president-de-l\u2019ac-lanester-56\/","og_locale":"fr_FR","og_type":"article","og_title":"Interview de Jean-Yves Le Gal, pr\u00e9sident de l\u2019AC Lanester 56 - Avenir Cycliste Lanester 56","og_url":"https:\/\/www.aclanester56.com\/velo\/interview-de-jean-yves-le-gal-president-de-l\u2019ac-lanester-56\/","og_site_name":"Avenir Cycliste Lanester 56","article_publisher":"https:\/\/www.facebook.com\/pages\/AC-Lanester-56\/190286300991242?fref=ts","article_published_time":"2011-11-23T22:14:06+00:00","article_modified_time":"2013-12-22T20:14:21+00:00","og_image":[{"width":650,"height":300,"url":"https:\/\/www.aclanester56.com\/velo\/wp-content\/uploads\/2011\/11\/DSC_8630-Copie.jpg","type":"image\/jpeg"}],"author":"Jean-Christophe","twitter_misc":{"\u00c9crit par":"Jean-Christophe","Dur\u00e9e de lecture estim\u00e9e":"4 minutes"},"schema":{"@context":"https:\/\/schema.org","@graph":[{"@type":"Article","@id":"https:\/\/www.aclanester56.com\/velo\/interview-de-jean-yves-le-gal-president-de-l%e2%80%99ac-lanester-56\/#article","isPartOf":{"@id":"https:\/\/www.aclanester56.com\/velo\/interview-de-jean-yves-le-gal-president-de-l%e2%80%99ac-lanester-56\/"},"author":{"name":"Jean-Christophe","@id":"https:\/\/www.aclanester56.com\/velo\/#\/schema\/person\/ca2a44a5fd969e9dd846c72d3b33bc01"},"headline":"Interview de Jean-Yves Le Gal, pr\u00e9sident de l\u2019AC Lanester 56","datePublished":"2011-11-23T22:14:06+00:00","dateModified":"2013-12-22T20:14:21+00:00","mainEntityOfPage":{"@id":"https:\/\/www.aclanester56.com\/velo\/interview-de-jean-yves-le-gal-president-de-l%e2%80%99ac-lanester-56\/"},"wordCount":851,"commentCount":0,"publisher":{"@id":"https:\/\/www.aclanester56.com\/velo\/#organization"},"image":{"@id":"https:\/\/www.aclanester56.com\/velo\/interview-de-jean-yves-le-gal-president-de-l%e2%80%99ac-lanester-56\/#primaryimage"},"thumbnailUrl":"https:\/\/www.aclanester56.com\/velo\/wp-content\/uploads\/2011\/11\/DSC_8630-Copie.jpg","articleSection":["AC LANESTER 56","Actualit\u00e9s DN"],"inLanguage":"fr-FR","potentialAction":[{"@type":"CommentAction","name":"Comment","target":["https:\/\/www.aclanester56.com\/velo\/interview-de-jean-yves-le-gal-president-de-l%e2%80%99ac-lanester-56\/#respond"]}]},{"@type":"WebPage","@id":"https:\/\/www.aclanester56.com\/velo\/interview-de-jean-yves-le-gal-president-de-l%e2%80%99ac-lanester-56\/","url":"https:\/\/www.aclanester56.com\/velo\/interview-de-jean-yves-le-gal-president-de-l%e2%80%99ac-lanester-56\/","name":"Interview de Jean-Yves Le Gal, pr\u00e9sident de l\u2019AC Lanester 56 - Avenir Cycliste Lanester 56","isPartOf":{"@id":"https:\/\/www.aclanester56.com\/velo\/#website"},"primaryImageOfPage":{"@id":"https:\/\/www.aclanester56.com\/velo\/interview-de-jean-yves-le-gal-president-de-l%e2%80%99ac-lanester-56\/#primaryimage"},"image":{"@id":"https:\/\/www.aclanester56.com\/velo\/interview-de-jean-yves-le-gal-president-de-l%e2%80%99ac-lanester-56\/#primaryimage"},"thumbnailUrl":"https:\/\/www.aclanester56.com\/velo\/wp-content\/uploads\/2011\/11\/DSC_8630-Copie.jpg","datePublished":"2011-11-23T22:14:06+00:00","dateModified":"2013-12-22T20:14:21+00:00","inLanguage":"fr-FR","potentialAction":[{"@type":"ReadAction","target":["https:\/\/www.aclanester56.com\/velo\/interview-de-jean-yves-le-gal-president-de-l%e2%80%99ac-lanester-56\/"]}]},{"@type":"ImageObject","inLanguage":"fr-FR","@id":"https:\/\/www.aclanester56.com\/velo\/interview-de-jean-yves-le-gal-president-de-l%e2%80%99ac-lanester-56\/#primaryimage","url":"https:\/\/www.aclanester56.com\/velo\/wp-content\/uploads\/2011\/11\/DSC_8630-Copie.jpg","contentUrl":"https:\/\/www.aclanester56.com\/velo\/wp-content\/uploads\/2011\/11\/DSC_8630-Copie.jpg","width":650,"height":300},{"@type":"WebSite","@id":"https:\/\/www.aclanester56.com\/velo\/#website","url":"https:\/\/www.aclanester56.com\/velo\/","name":"Avenir Cycliste Lanester 56","description":"Club cycliste de l&#039;AC LANESTER 56","publisher":{"@id":"https:\/\/www.aclanester56.com\/velo\/#organization"},"potentialAction":[{"@type":"SearchAction","target":{"@type":"EntryPoint","urlTemplate":"https:\/\/www.aclanester56.com\/velo\/?s={search_term_string}"},"query-input":{"@type":"PropertyValueSpecification","valueRequired":true,"valueName":"search_term_string"}}],"inLanguage":"fr-FR"},{"@type":"Organization","@id":"https:\/\/www.aclanester56.com\/velo\/#organization","name":"Avenir Cycliste Lanester 56","url":"https:\/\/www.aclanester56.com\/velo\/","logo":{"@type":"ImageObject","inLanguage":"fr-FR","@id":"https:\/\/www.aclanester56.com\/velo\/#\/schema\/logo\/image\/","url":"https:\/\/www.aclanester56.com\/velo\/wp-content\/uploads\/2013\/04\/logo-ACL.jpg","contentUrl":"https:\/\/www.aclanester56.com\/velo\/wp-content\/uploads\/2013\/04\/logo-ACL.jpg","width":400,"height":334,"caption":"Avenir Cycliste Lanester 56"},"image":{"@id":"https:\/\/www.aclanester56.com\/velo\/#\/schema\/logo\/image\/"},"sameAs":["https:\/\/www.facebook.com\/pages\/AC-Lanester-56\/190286300991242?fref=ts"]},{"@type":"Person","@id":"https:\/\/www.aclanester56.com\/velo\/#\/schema\/person\/ca2a44a5fd969e9dd846c72d3b33bc01","name":"Jean-Christophe","url":"https:\/\/www.aclanester56.com\/velo\/author\/jeanchristophe\/"}]}},"_links":{"self":[{"href":"https:\/\/www.aclanester56.com\/velo\/wp-json\/wp\/v2\/posts\/10169","targetHints":{"allow":["GET"]}}],"collection":[{"href":"https:\/\/www.aclanester56.com\/velo\/wp-json\/wp\/v2\/posts"}],"about":[{"href":"https:\/\/www.aclanester56.com\/velo\/wp-json\/wp\/v2\/types\/post"}],"author":[{"embeddable":true,"href":"https:\/\/www.aclanester56.com\/velo\/wp-json\/wp\/v2\/users\/14"}],"replies":[{"embeddable":true,"href":"https:\/\/www.aclanester56.com\/velo\/wp-json\/wp\/v2\/comments?post=10169"}],"version-history":[{"count":0,"href":"https:\/\/www.aclanester56.com\/velo\/wp-json\/wp\/v2\/posts\/10169\/revisions"}],"wp:featuredmedia":[{"embeddable":true,"href":"https:\/\/www.aclanester56.com\/velo\/wp-json\/wp\/v2\/media\/10173"}],"wp:attachment":[{"href":"https:\/\/www.aclanester56.com\/velo\/wp-json\/wp\/v2\/media?parent=10169"}],"wp:term":[{"taxonomy":"category","embeddable":true,"href":"https:\/\/www.aclanester56.com\/velo\/wp-json\/wp\/v2\/categories?post=10169"},{"taxonomy":"post_tag","embeddable":true,"href":"https:\/\/www.aclanester56.com\/velo\/wp-json\/wp\/v2\/tags?post=10169"}],"curies":[{"name":"wp","href":"https:\/\/api.w.org\/{rel}","templated":true}]}}