{"id":10193,"date":"2011-12-12T20:37:42","date_gmt":"2011-12-12T19:37:42","guid":{"rendered":"http:\/\/www.aclanester56.com\/velo\/?p=10193"},"modified":"2013-12-22T22:13:57","modified_gmt":"2013-12-22T20:13:57","slug":"roues-lenticulaires-et-casques-clm-disponibles-a-la-vente","status":"publish","type":"post","link":"https:\/\/www.aclanester56.com\/velo\/roues-lenticulaires-et-casques-clm-disponibles-a-la-vente\/","title":{"rendered":"Roues lenticulaires et casques CLM disponibles \u00e0 la vente !"},"content":{"rendered":"<p style=\"text-align: justify;\"><!--more--><\/p>\n<p style=\"text-align: justify;\">L\u2019AC LANESTER 56 propose \u00e0 la vente six roues lenticulaires et six casques de contre-la-montre, utilis\u00e9s cette saison par les coureurs de l\u2019\u00e9quipe DN2 sur les \u00e9preuves chronom\u00e9tr\u00e9es !<\/p>\n<p style=\"text-align: left;\"><span style=\"text-align: justify; font-size: 14px; line-height: 1.5em;\">L&rsquo;AC LANESTER 56 propose \u00e0 la vente :<\/span><\/p>\n<p style=\"text-align: justify;\">&#8211; Six roues lenticulaires \u00e0 pneu Shimano Dura Ace avec roue libre 11\/21 .<\/p>\n<p style=\"text-align: justify;\">&#8211; Six casques Giro profil\u00e9s<\/p>\n<p style=\"text-align: justify;\"><span style=\"text-decoration: underline;\"><strong>Tarif :<\/strong><\/span> une Roue + un Casque : 500 Euros<\/p>\n<p style=\"text-align: justify;\">Pour tout renseignement, n&rsquo;h\u00e9sitez pas \u00e0 contacter Franck GUIGO \u00a0au 06.87.88.73.50 !<\/p>\n<div id=\"attachment_10202\" style=\"width: 330px\" class=\"wp-caption alignright\"><a href=\"http:\/\/www.aclanester56.com\/velo\/wp-content\/uploads\/2011\/12\/roue-lenticulaire1.jpg\"><img loading=\"lazy\" decoding=\"async\" aria-describedby=\"caption-attachment-10202\" class=\"size-full wp-image-10202\" title=\"L\u2019AC LANESTER 56 propose \u00e0 la vente six roues lenticulaires et six casques de contre-la-montre, utilis\u00e9s cette saison par les coureurs de l\u2019\u00e9quipe DN2 sur les \u00e9preuves chronom\u00e9tr\u00e9es !\" alt=\"\" src=\"http:\/\/www.aclanester56.com\/velo\/wp-content\/uploads\/2011\/12\/roue-lenticulaire1.jpg\" width=\"320\" height=\"240\" srcset=\"https:\/\/www.aclanester56.com\/velo\/wp-content\/uploads\/2011\/12\/roue-lenticulaire1.jpg 640w, https:\/\/www.aclanester56.com\/velo\/wp-content\/uploads\/2011\/12\/roue-lenticulaire1-300x225.jpg 300w, https:\/\/www.aclanester56.com\/velo\/wp-content\/uploads\/2011\/12\/roue-lenticulaire1-400x300.jpg 400w\" sizes=\"auto, (max-width: 320px) 100vw, 320px\" \/><\/a><p id=\"caption-attachment-10202\" class=\"wp-caption-text\">L\u2019AC LANESTER 56 propose \u00e0 la vente six roues lenticulaires et six casques de contre-la-montre, utilis\u00e9s cette saison par les coureurs de l\u2019\u00e9quipe DN2 sur les \u00e9preuves chronom\u00e9tr\u00e9es !<\/p><\/div>\n","protected":false},"excerpt":{"rendered":"","protected":false},"author":14,"featured_media":10203,"comment_status":"open","ping_status":"closed","sticky":false,"template":"","format":"standard","meta":{"ngg_post_thumbnail":0,"footnotes":""},"categories":[5,11,12],"tags":[],"class_list":["post-10193","post","type-post","status-publish","format-standard","has-post-thumbnail","hentry","category-ac-lanester-56","category-la-boutique","category-le-materiel"],"yoast_head":"<!-- This site is optimized with the Yoast SEO plugin v27.5 - https:\/\/yoast.com\/product\/yoast-seo-wordpress\/ -->\n<title>Roues lenticulaires et casques CLM disponibles \u00e0 la vente ! - Avenir Cycliste Lanester 56<\/title>\n<meta name=\"robots\" content=\"index, follow, max-snippet:-1, max-image-preview:large, max-video-preview:-1\" \/>\n<link rel=\"canonical\" href=\"https:\/\/www.aclanester56.com\/velo\/roues-lenticulaires-et-casques-clm-disponibles-a-la-vente\/\" \/>\n<meta property=\"og:locale\" content=\"fr_FR\" \/>\n<meta property=\"og:type\" content=\"article\" \/>\n<meta property=\"og:title\" content=\"Roues lenticulaires et casques CLM disponibles \u00e0 la vente ! - Avenir Cycliste Lanester 56\" \/>\n<meta property=\"og:url\" content=\"https:\/\/www.aclanester56.com\/velo\/roues-lenticulaires-et-casques-clm-disponibles-a-la-vente\/\" \/>\n<meta property=\"og:site_name\" content=\"Avenir Cycliste Lanester 56\" \/>\n<meta property=\"article:publisher\" content=\"https:\/\/www.facebook.com\/pages\/AC-Lanester-56\/190286300991242?fref=ts\" \/>\n<meta property=\"article:published_time\" content=\"2011-12-12T19:37:42+00:00\" \/>\n<meta property=\"article:modified_time\" content=\"2013-12-22T20:13:57+00:00\" \/>\n<meta property=\"og:image\" content=\"https:\/\/www.aclanester56.com\/velo\/wp-content\/uploads\/2011\/12\/casque-CLM-Copie.jpg\" \/>\n\t<meta property=\"og:image:width\" content=\"650\" \/>\n\t<meta property=\"og:image:height\" content=\"300\" \/>\n\t<meta property=\"og:image:type\" content=\"image\/jpeg\" \/>\n<meta name=\"author\" content=\"Jean-Christophe\" \/>\n<meta name=\"twitter:label1\" content=\"\u00c9crit par\" \/>\n\t<meta name=\"twitter:data1\" content=\"Jean-Christophe\" \/>\n\t<meta name=\"twitter:label2\" content=\"Dur\u00e9e de lecture estim\u00e9e\" \/>\n\t<meta name=\"twitter:data2\" content=\"1 minute\" \/>\n<script type=\"application\/ld+json\" class=\"yoast-schema-graph\">{\"@context\":\"https:\\\/\\\/schema.org\",\"@graph\":[{\"@type\":\"Article\",\"@id\":\"https:\\\/\\\/www.aclanester56.com\\\/velo\\\/roues-lenticulaires-et-casques-clm-disponibles-a-la-vente\\\/#article\",\"isPartOf\":{\"@id\":\"https:\\\/\\\/www.aclanester56.com\\\/velo\\\/roues-lenticulaires-et-casques-clm-disponibles-a-la-vente\\\/\"},\"author\":{\"name\":\"Jean-Christophe\",\"@id\":\"https:\\\/\\\/www.aclanester56.com\\\/velo\\\/#\\\/schema\\\/person\\\/ca2a44a5fd969e9dd846c72d3b33bc01\"},\"headline\":\"Roues lenticulaires et casques CLM disponibles \u00e0 la vente !\",\"datePublished\":\"2011-12-12T19:37:42+00:00\",\"dateModified\":\"2013-12-22T20:13:57+00:00\",\"mainEntityOfPage\":{\"@id\":\"https:\\\/\\\/www.aclanester56.com\\\/velo\\\/roues-lenticulaires-et-casques-clm-disponibles-a-la-vente\\\/\"},\"wordCount\":115,\"commentCount\":1,\"publisher\":{\"@id\":\"https:\\\/\\\/www.aclanester56.com\\\/velo\\\/#organization\"},\"image\":{\"@id\":\"https:\\\/\\\/www.aclanester56.com\\\/velo\\\/roues-lenticulaires-et-casques-clm-disponibles-a-la-vente\\\/#primaryimage\"},\"thumbnailUrl\":\"https:\\\/\\\/www.aclanester56.com\\\/velo\\\/wp-content\\\/uploads\\\/2011\\\/12\\\/casque-CLM-Copie.jpg\",\"articleSection\":[\"AC LANESTER 56\",\"la boutique\",\"le mat\u00e9riel\"],\"inLanguage\":\"fr-FR\",\"potentialAction\":[{\"@type\":\"CommentAction\",\"name\":\"Comment\",\"target\":[\"https:\\\/\\\/www.aclanester56.com\\\/velo\\\/roues-lenticulaires-et-casques-clm-disponibles-a-la-vente\\\/#respond\"]}]},{\"@type\":\"WebPage\",\"@id\":\"https:\\\/\\\/www.aclanester56.com\\\/velo\\\/roues-lenticulaires-et-casques-clm-disponibles-a-la-vente\\\/\",\"url\":\"https:\\\/\\\/www.aclanester56.com\\\/velo\\\/roues-lenticulaires-et-casques-clm-disponibles-a-la-vente\\\/\",\"name\":\"Roues lenticulaires et casques CLM disponibles \u00e0 la vente ! - Avenir Cycliste Lanester 56\",\"isPartOf\":{\"@id\":\"https:\\\/\\\/www.aclanester56.com\\\/velo\\\/#website\"},\"primaryImageOfPage\":{\"@id\":\"https:\\\/\\\/www.aclanester56.com\\\/velo\\\/roues-lenticulaires-et-casques-clm-disponibles-a-la-vente\\\/#primaryimage\"},\"image\":{\"@id\":\"https:\\\/\\\/www.aclanester56.com\\\/velo\\\/roues-lenticulaires-et-casques-clm-disponibles-a-la-vente\\\/#primaryimage\"},\"thumbnailUrl\":\"https:\\\/\\\/www.aclanester56.com\\\/velo\\\/wp-content\\\/uploads\\\/2011\\\/12\\\/casque-CLM-Copie.jpg\",\"datePublished\":\"2011-12-12T19:37:42+00:00\",\"dateModified\":\"2013-12-22T20:13:57+00:00\",\"inLanguage\":\"fr-FR\",\"potentialAction\":[{\"@type\":\"ReadAction\",\"target\":[\"https:\\\/\\\/www.aclanester56.com\\\/velo\\\/roues-lenticulaires-et-casques-clm-disponibles-a-la-vente\\\/\"]}]},{\"@type\":\"ImageObject\",\"inLanguage\":\"fr-FR\",\"@id\":\"https:\\\/\\\/www.aclanester56.com\\\/velo\\\/roues-lenticulaires-et-casques-clm-disponibles-a-la-vente\\\/#primaryimage\",\"url\":\"https:\\\/\\\/www.aclanester56.com\\\/velo\\\/wp-content\\\/uploads\\\/2011\\\/12\\\/casque-CLM-Copie.jpg\",\"contentUrl\":\"https:\\\/\\\/www.aclanester56.com\\\/velo\\\/wp-content\\\/uploads\\\/2011\\\/12\\\/casque-CLM-Copie.jpg\",\"width\":650,\"height\":300},{\"@type\":\"WebSite\",\"@id\":\"https:\\\/\\\/www.aclanester56.com\\\/velo\\\/#website\",\"url\":\"https:\\\/\\\/www.aclanester56.com\\\/velo\\\/\",\"name\":\"Avenir Cycliste Lanester 56\",\"description\":\"Club cycliste de l&#039;AC LANESTER 56\",\"publisher\":{\"@id\":\"https:\\\/\\\/www.aclanester56.com\\\/velo\\\/#organization\"},\"potentialAction\":[{\"@type\":\"SearchAction\",\"target\":{\"@type\":\"EntryPoint\",\"urlTemplate\":\"https:\\\/\\\/www.aclanester56.com\\\/velo\\\/?s={search_term_string}\"},\"query-input\":{\"@type\":\"PropertyValueSpecification\",\"valueRequired\":true,\"valueName\":\"search_term_string\"}}],\"inLanguage\":\"fr-FR\"},{\"@type\":\"Organization\",\"@id\":\"https:\\\/\\\/www.aclanester56.com\\\/velo\\\/#organization\",\"name\":\"Avenir Cycliste Lanester 56\",\"url\":\"https:\\\/\\\/www.aclanester56.com\\\/velo\\\/\",\"logo\":{\"@type\":\"ImageObject\",\"inLanguage\":\"fr-FR\",\"@id\":\"https:\\\/\\\/www.aclanester56.com\\\/velo\\\/#\\\/schema\\\/logo\\\/image\\\/\",\"url\":\"https:\\\/\\\/www.aclanester56.com\\\/velo\\\/wp-content\\\/uploads\\\/2013\\\/04\\\/logo-ACL.jpg\",\"contentUrl\":\"https:\\\/\\\/www.aclanester56.com\\\/velo\\\/wp-content\\\/uploads\\\/2013\\\/04\\\/logo-ACL.jpg\",\"width\":400,\"height\":334,\"caption\":\"Avenir Cycliste Lanester 56\"},\"image\":{\"@id\":\"https:\\\/\\\/www.aclanester56.com\\\/velo\\\/#\\\/schema\\\/logo\\\/image\\\/\"},\"sameAs\":[\"https:\\\/\\\/www.facebook.com\\\/pages\\\/AC-Lanester-56\\\/190286300991242?fref=ts\"]},{\"@type\":\"Person\",\"@id\":\"https:\\\/\\\/www.aclanester56.com\\\/velo\\\/#\\\/schema\\\/person\\\/ca2a44a5fd969e9dd846c72d3b33bc01\",\"name\":\"Jean-Christophe\",\"url\":\"https:\\\/\\\/www.aclanester56.com\\\/velo\\\/author\\\/jeanchristophe\\\/\"}]}<\/script>\n<!-- \/ Yoast SEO plugin. -->","yoast_head_json":{"title":"Roues lenticulaires et casques CLM disponibles \u00e0 la vente ! - Avenir Cycliste Lanester 56","robots":{"index":"index","follow":"follow","max-snippet":"max-snippet:-1","max-image-preview":"max-image-preview:large","max-video-preview":"max-video-preview:-1"},"canonical":"https:\/\/www.aclanester56.com\/velo\/roues-lenticulaires-et-casques-clm-disponibles-a-la-vente\/","og_locale":"fr_FR","og_type":"article","og_title":"Roues lenticulaires et casques CLM disponibles \u00e0 la vente ! - Avenir Cycliste Lanester 56","og_url":"https:\/\/www.aclanester56.com\/velo\/roues-lenticulaires-et-casques-clm-disponibles-a-la-vente\/","og_site_name":"Avenir Cycliste Lanester 56","article_publisher":"https:\/\/www.facebook.com\/pages\/AC-Lanester-56\/190286300991242?fref=ts","article_published_time":"2011-12-12T19:37:42+00:00","article_modified_time":"2013-12-22T20:13:57+00:00","og_image":[{"width":650,"height":300,"url":"https:\/\/www.aclanester56.com\/velo\/wp-content\/uploads\/2011\/12\/casque-CLM-Copie.jpg","type":"image\/jpeg"}],"author":"Jean-Christophe","twitter_misc":{"\u00c9crit par":"Jean-Christophe","Dur\u00e9e de lecture estim\u00e9e":"1 minute"},"schema":{"@context":"https:\/\/schema.org","@graph":[{"@type":"Article","@id":"https:\/\/www.aclanester56.com\/velo\/roues-lenticulaires-et-casques-clm-disponibles-a-la-vente\/#article","isPartOf":{"@id":"https:\/\/www.aclanester56.com\/velo\/roues-lenticulaires-et-casques-clm-disponibles-a-la-vente\/"},"author":{"name":"Jean-Christophe","@id":"https:\/\/www.aclanester56.com\/velo\/#\/schema\/person\/ca2a44a5fd969e9dd846c72d3b33bc01"},"headline":"Roues lenticulaires et casques CLM disponibles \u00e0 la vente !","datePublished":"2011-12-12T19:37:42+00:00","dateModified":"2013-12-22T20:13:57+00:00","mainEntityOfPage":{"@id":"https:\/\/www.aclanester56.com\/velo\/roues-lenticulaires-et-casques-clm-disponibles-a-la-vente\/"},"wordCount":115,"commentCount":1,"publisher":{"@id":"https:\/\/www.aclanester56.com\/velo\/#organization"},"image":{"@id":"https:\/\/www.aclanester56.com\/velo\/roues-lenticulaires-et-casques-clm-disponibles-a-la-vente\/#primaryimage"},"thumbnailUrl":"https:\/\/www.aclanester56.com\/velo\/wp-content\/uploads\/2011\/12\/casque-CLM-Copie.jpg","articleSection":["AC LANESTER 56","la boutique","le mat\u00e9riel"],"inLanguage":"fr-FR","potentialAction":[{"@type":"CommentAction","name":"Comment","target":["https:\/\/www.aclanester56.com\/velo\/roues-lenticulaires-et-casques-clm-disponibles-a-la-vente\/#respond"]}]},{"@type":"WebPage","@id":"https:\/\/www.aclanester56.com\/velo\/roues-lenticulaires-et-casques-clm-disponibles-a-la-vente\/","url":"https:\/\/www.aclanester56.com\/velo\/roues-lenticulaires-et-casques-clm-disponibles-a-la-vente\/","name":"Roues lenticulaires et casques CLM disponibles \u00e0 la vente ! - Avenir Cycliste Lanester 56","isPartOf":{"@id":"https:\/\/www.aclanester56.com\/velo\/#website"},"primaryImageOfPage":{"@id":"https:\/\/www.aclanester56.com\/velo\/roues-lenticulaires-et-casques-clm-disponibles-a-la-vente\/#primaryimage"},"image":{"@id":"https:\/\/www.aclanester56.com\/velo\/roues-lenticulaires-et-casques-clm-disponibles-a-la-vente\/#primaryimage"},"thumbnailUrl":"https:\/\/www.aclanester56.com\/velo\/wp-content\/uploads\/2011\/12\/casque-CLM-Copie.jpg","datePublished":"2011-12-12T19:37:42+00:00","dateModified":"2013-12-22T20:13:57+00:00","inLanguage":"fr-FR","potentialAction":[{"@type":"ReadAction","target":["https:\/\/www.aclanester56.com\/velo\/roues-lenticulaires-et-casques-clm-disponibles-a-la-vente\/"]}]},{"@type":"ImageObject","inLanguage":"fr-FR","@id":"https:\/\/www.aclanester56.com\/velo\/roues-lenticulaires-et-casques-clm-disponibles-a-la-vente\/#primaryimage","url":"https:\/\/www.aclanester56.com\/velo\/wp-content\/uploads\/2011\/12\/casque-CLM-Copie.jpg","contentUrl":"https:\/\/www.aclanester56.com\/velo\/wp-content\/uploads\/2011\/12\/casque-CLM-Copie.jpg","width":650,"height":300},{"@type":"WebSite","@id":"https:\/\/www.aclanester56.com\/velo\/#website","url":"https:\/\/www.aclanester56.com\/velo\/","name":"Avenir Cycliste Lanester 56","description":"Club cycliste de l&#039;AC LANESTER 56","publisher":{"@id":"https:\/\/www.aclanester56.com\/velo\/#organization"},"potentialAction":[{"@type":"SearchAction","target":{"@type":"EntryPoint","urlTemplate":"https:\/\/www.aclanester56.com\/velo\/?s={search_term_string}"},"query-input":{"@type":"PropertyValueSpecification","valueRequired":true,"valueName":"search_term_string"}}],"inLanguage":"fr-FR"},{"@type":"Organization","@id":"https:\/\/www.aclanester56.com\/velo\/#organization","name":"Avenir Cycliste Lanester 56","url":"https:\/\/www.aclanester56.com\/velo\/","logo":{"@type":"ImageObject","inLanguage":"fr-FR","@id":"https:\/\/www.aclanester56.com\/velo\/#\/schema\/logo\/image\/","url":"https:\/\/www.aclanester56.com\/velo\/wp-content\/uploads\/2013\/04\/logo-ACL.jpg","contentUrl":"https:\/\/www.aclanester56.com\/velo\/wp-content\/uploads\/2013\/04\/logo-ACL.jpg","width":400,"height":334,"caption":"Avenir Cycliste Lanester 56"},"image":{"@id":"https:\/\/www.aclanester56.com\/velo\/#\/schema\/logo\/image\/"},"sameAs":["https:\/\/www.facebook.com\/pages\/AC-Lanester-56\/190286300991242?fref=ts"]},{"@type":"Person","@id":"https:\/\/www.aclanester56.com\/velo\/#\/schema\/person\/ca2a44a5fd969e9dd846c72d3b33bc01","name":"Jean-Christophe","url":"https:\/\/www.aclanester56.com\/velo\/author\/jeanchristophe\/"}]}},"_links":{"self":[{"href":"https:\/\/www.aclanester56.com\/velo\/wp-json\/wp\/v2\/posts\/10193","targetHints":{"allow":["GET"]}}],"collection":[{"href":"https:\/\/www.aclanester56.com\/velo\/wp-json\/wp\/v2\/posts"}],"about":[{"href":"https:\/\/www.aclanester56.com\/velo\/wp-json\/wp\/v2\/types\/post"}],"author":[{"embeddable":true,"href":"https:\/\/www.aclanester56.com\/velo\/wp-json\/wp\/v2\/users\/14"}],"replies":[{"embeddable":true,"href":"https:\/\/www.aclanester56.com\/velo\/wp-json\/wp\/v2\/comments?post=10193"}],"version-history":[{"count":0,"href":"https:\/\/www.aclanester56.com\/velo\/wp-json\/wp\/v2\/posts\/10193\/revisions"}],"wp:featuredmedia":[{"embeddable":true,"href":"https:\/\/www.aclanester56.com\/velo\/wp-json\/wp\/v2\/media\/10203"}],"wp:attachment":[{"href":"https:\/\/www.aclanester56.com\/velo\/wp-json\/wp\/v2\/media?parent=10193"}],"wp:term":[{"taxonomy":"category","embeddable":true,"href":"https:\/\/www.aclanester56.com\/velo\/wp-json\/wp\/v2\/categories?post=10193"},{"taxonomy":"post_tag","embeddable":true,"href":"https:\/\/www.aclanester56.com\/velo\/wp-json\/wp\/v2\/tags?post=10193"}],"curies":[{"name":"wp","href":"https:\/\/api.w.org\/{rel}","templated":true}]}}