{"id":10225,"date":"2011-12-20T13:39:15","date_gmt":"2011-12-20T12:39:15","guid":{"rendered":"http:\/\/www.aclanester56.com\/velo\/?p=10225"},"modified":"2013-12-22T21:59:31","modified_gmt":"2013-12-22T19:59:31","slug":"des-lanesteriens-dans-le-livre-%e2%80%9ccyclisme-amateur-2011%e2%80%b3","status":"publish","type":"post","link":"https:\/\/www.aclanester56.com\/velo\/des-lanesteriens-dans-le-livre-%e2%80%9ccyclisme-amateur-2011%e2%80%b3\/","title":{"rendered":"Des Lanest\u00e9riens dans le livre \u201cCyclisme amateur 2011\u2033 !"},"content":{"rendered":"<p style=\"text-align: justify;\"><!--more--><\/p>\n<p style=\"text-align: justify;\">Le livre \u201cCyclisme amateur 2011\u2033 \u00e9voque largement les temps forts de toute la saison amateur fran\u00e7aise qui vient de s\u2019\u00e9couler. Les coureurs de l\u2019AC LANESTER 56 ayant brill\u00e9 cette saison sur quelques-unes des plus belles \u00e9preuves du calendrier national et international, ils figurent \u00e9videmment dans ce superbe ouvrage !<\/p>\n<p style=\"text-align: justify;\"><span style=\"font-size: 14px; line-height: 1.5em;\">Nous vous recommandons la lecture de ce tr\u00e8s beau livre, agr\u00e9ment\u00e9 de d\u00e9licieux textes et illustr\u00e9 par de magnifiques photos, \u00e9dit\u00e9 par\u00a0<\/span><a style=\"font-size: 14px; line-height: 1.5em;\" href=\"http:\/\/www.directvelo.com\/\" target=\"_blank\">DirectV\u00e9lo<\/a><span style=\"font-size: 14px; line-height: 1.5em;\">. La commande se fait directement sur le site internet pr\u00e9vu \u00e0 cet effet, accessible en cliquant ici :\u00a0<\/span><a style=\"font-size: 14px; line-height: 1.5em;\" href=\"http:\/\/www.livre-cyclisme-amateur.com\/#3\" target=\"_blank\">http:\/\/www.livre-cyclisme-amateur.com\/#3<\/a><span style=\"font-size: 14px; line-height: 1.5em;\">.<\/span><\/p>\n<p style=\"text-align: justify;\">A noter que les frais de port sont offerts pour une commande contenant au minimum 3 livres ! Le site <a href=\"www.DirectVelo.com\">www.DirectVelo.com<\/a>, \u00e9diteur de ce livre, garantit une livraison rapide et s\u00e9curis\u00e9e de la commande, ce qui fait de cet ouvrage une excellente id\u00e9e de cadeau en cette p\u00e9riode de f\u00eates de fin d&rsquo;ann\u00e9e !<\/p>\n<p>&nbsp;<\/p>\n<p><div id=\"attachment_10232\" style=\"width: 276px\" class=\"wp-caption alignleft\"><a href=\"http:\/\/www.aclanester56.com\/velo\/wp-content\/uploads\/2011\/12\/P1010272-800x600.jpg\"><img loading=\"lazy\" decoding=\"async\" aria-describedby=\"caption-attachment-10232\" class=\"size-large wp-image-10232\" title=\"L'ouvrage \u00e9voque largement la saison de cyclo-cross, avec notamment ici Florian Le Corre\" alt=\"\" src=\"http:\/\/www.aclanester56.com\/velo\/wp-content\/uploads\/2011\/12\/P1010272-800x600.jpg\" width=\"266\" height=\"200\" srcset=\"https:\/\/www.aclanester56.com\/velo\/wp-content\/uploads\/2011\/12\/P1010272-800x600.jpg 800w, https:\/\/www.aclanester56.com\/velo\/wp-content\/uploads\/2011\/12\/P1010272-300x225.jpg 300w, https:\/\/www.aclanester56.com\/velo\/wp-content\/uploads\/2011\/12\/P1010272-400x300.jpg 400w\" sizes=\"auto, (max-width: 266px) 100vw, 266px\" \/><\/a><p id=\"caption-attachment-10232\" class=\"wp-caption-text\">L&rsquo;ouvrage \u00e9voque largement la saison de cyclo-cross, avec notamment ici Florian Le Corre<\/p><\/div><br \/>\n<div id=\"attachment_10235\" style=\"width: 276px\" class=\"wp-caption alignright\"><a href=\"http:\/\/www.aclanester56.com\/velo\/wp-content\/uploads\/2011\/12\/P1010277-800x600.jpg\"><img loading=\"lazy\" decoding=\"async\" aria-describedby=\"caption-attachment-10235\" class=\"size-large wp-image-10235\" title=\"Omnipr\u00e9sent cette saison, Warren Barguil apparait \u00e9videmment \u00e0 plusieurs reprises dans le livre\" alt=\"\" src=\"http:\/\/www.aclanester56.com\/velo\/wp-content\/uploads\/2011\/12\/P1010277-800x600.jpg\" width=\"266\" height=\"200\" srcset=\"https:\/\/www.aclanester56.com\/velo\/wp-content\/uploads\/2011\/12\/P1010277-800x600.jpg 800w, https:\/\/www.aclanester56.com\/velo\/wp-content\/uploads\/2011\/12\/P1010277-300x225.jpg 300w, https:\/\/www.aclanester56.com\/velo\/wp-content\/uploads\/2011\/12\/P1010277-400x300.jpg 400w\" sizes=\"auto, (max-width: 266px) 100vw, 266px\" \/><\/a><p id=\"caption-attachment-10235\" class=\"wp-caption-text\">Omnipr\u00e9sent cette saison, Warren Barguil apparait \u00e9videmment \u00e0 plusieurs reprises dans le livre<\/p><\/div><\/p>\n<p>&nbsp;<\/p>\n","protected":false},"excerpt":{"rendered":"","protected":false},"author":14,"featured_media":10226,"comment_status":"open","ping_status":"closed","sticky":false,"template":"","format":"standard","meta":{"ngg_post_thumbnail":0,"footnotes":""},"categories":[5,14],"tags":[],"class_list":["post-10225","post","type-post","status-publish","format-standard","has-post-thumbnail","hentry","category-ac-lanester-56","category-actualites-dn"],"yoast_head":"<!-- This site is optimized with the Yoast SEO plugin v27.5 - https:\/\/yoast.com\/product\/yoast-seo-wordpress\/ -->\n<title>Des Lanest\u00e9riens dans le livre \u201cCyclisme amateur 2011\u2033 ! - Avenir Cycliste Lanester 56<\/title>\n<meta name=\"robots\" content=\"index, follow, max-snippet:-1, max-image-preview:large, max-video-preview:-1\" \/>\n<link rel=\"canonical\" href=\"https:\/\/www.aclanester56.com\/velo\/des-lanesteriens-dans-le-livre-\u201ccyclisme-amateur-2011\u2033\/\" \/>\n<meta property=\"og:locale\" content=\"fr_FR\" \/>\n<meta property=\"og:type\" content=\"article\" \/>\n<meta property=\"og:title\" content=\"Des Lanest\u00e9riens dans le livre \u201cCyclisme amateur 2011\u2033 ! - Avenir Cycliste Lanester 56\" \/>\n<meta property=\"og:url\" content=\"https:\/\/www.aclanester56.com\/velo\/des-lanesteriens-dans-le-livre-\u201ccyclisme-amateur-2011\u2033\/\" \/>\n<meta property=\"og:site_name\" content=\"Avenir Cycliste Lanester 56\" \/>\n<meta property=\"article:publisher\" content=\"https:\/\/www.facebook.com\/pages\/AC-Lanester-56\/190286300991242?fref=ts\" \/>\n<meta property=\"article:published_time\" content=\"2011-12-20T12:39:15+00:00\" \/>\n<meta property=\"article:modified_time\" content=\"2013-12-22T19:59:31+00:00\" \/>\n<meta property=\"og:image\" content=\"https:\/\/www.aclanester56.com\/velo\/wp-content\/uploads\/2011\/12\/Livre-Cyclisme-Amateur-Copie.jpg\" \/>\n\t<meta property=\"og:image:width\" content=\"650\" \/>\n\t<meta property=\"og:image:height\" content=\"300\" \/>\n\t<meta property=\"og:image:type\" content=\"image\/jpeg\" \/>\n<meta name=\"author\" content=\"Jean-Christophe\" \/>\n<meta name=\"twitter:label1\" content=\"\u00c9crit par\" \/>\n\t<meta name=\"twitter:data1\" content=\"Jean-Christophe\" \/>\n\t<meta name=\"twitter:label2\" content=\"Dur\u00e9e de lecture estim\u00e9e\" \/>\n\t<meta name=\"twitter:data2\" content=\"1 minute\" \/>\n<script type=\"application\/ld+json\" class=\"yoast-schema-graph\">{\"@context\":\"https:\\\/\\\/schema.org\",\"@graph\":[{\"@type\":\"Article\",\"@id\":\"https:\\\/\\\/www.aclanester56.com\\\/velo\\\/des-lanesteriens-dans-le-livre-%e2%80%9ccyclisme-amateur-2011%e2%80%b3\\\/#article\",\"isPartOf\":{\"@id\":\"https:\\\/\\\/www.aclanester56.com\\\/velo\\\/des-lanesteriens-dans-le-livre-%e2%80%9ccyclisme-amateur-2011%e2%80%b3\\\/\"},\"author\":{\"name\":\"Jean-Christophe\",\"@id\":\"https:\\\/\\\/www.aclanester56.com\\\/velo\\\/#\\\/schema\\\/person\\\/ca2a44a5fd969e9dd846c72d3b33bc01\"},\"headline\":\"Des Lanest\u00e9riens dans le livre \u201cCyclisme amateur 2011\u2033 !\",\"datePublished\":\"2011-12-20T12:39:15+00:00\",\"dateModified\":\"2013-12-22T19:59:31+00:00\",\"mainEntityOfPage\":{\"@id\":\"https:\\\/\\\/www.aclanester56.com\\\/velo\\\/des-lanesteriens-dans-le-livre-%e2%80%9ccyclisme-amateur-2011%e2%80%b3\\\/\"},\"wordCount\":206,\"commentCount\":0,\"publisher\":{\"@id\":\"https:\\\/\\\/www.aclanester56.com\\\/velo\\\/#organization\"},\"image\":{\"@id\":\"https:\\\/\\\/www.aclanester56.com\\\/velo\\\/des-lanesteriens-dans-le-livre-%e2%80%9ccyclisme-amateur-2011%e2%80%b3\\\/#primaryimage\"},\"thumbnailUrl\":\"https:\\\/\\\/www.aclanester56.com\\\/velo\\\/wp-content\\\/uploads\\\/2011\\\/12\\\/Livre-Cyclisme-Amateur-Copie.jpg\",\"articleSection\":[\"AC LANESTER 56\",\"Actualit\u00e9s DN\"],\"inLanguage\":\"fr-FR\",\"potentialAction\":[{\"@type\":\"CommentAction\",\"name\":\"Comment\",\"target\":[\"https:\\\/\\\/www.aclanester56.com\\\/velo\\\/des-lanesteriens-dans-le-livre-%e2%80%9ccyclisme-amateur-2011%e2%80%b3\\\/#respond\"]}]},{\"@type\":\"WebPage\",\"@id\":\"https:\\\/\\\/www.aclanester56.com\\\/velo\\\/des-lanesteriens-dans-le-livre-%e2%80%9ccyclisme-amateur-2011%e2%80%b3\\\/\",\"url\":\"https:\\\/\\\/www.aclanester56.com\\\/velo\\\/des-lanesteriens-dans-le-livre-%e2%80%9ccyclisme-amateur-2011%e2%80%b3\\\/\",\"name\":\"Des Lanest\u00e9riens dans le livre \u201cCyclisme amateur 2011\u2033 ! - Avenir Cycliste Lanester 56\",\"isPartOf\":{\"@id\":\"https:\\\/\\\/www.aclanester56.com\\\/velo\\\/#website\"},\"primaryImageOfPage\":{\"@id\":\"https:\\\/\\\/www.aclanester56.com\\\/velo\\\/des-lanesteriens-dans-le-livre-%e2%80%9ccyclisme-amateur-2011%e2%80%b3\\\/#primaryimage\"},\"image\":{\"@id\":\"https:\\\/\\\/www.aclanester56.com\\\/velo\\\/des-lanesteriens-dans-le-livre-%e2%80%9ccyclisme-amateur-2011%e2%80%b3\\\/#primaryimage\"},\"thumbnailUrl\":\"https:\\\/\\\/www.aclanester56.com\\\/velo\\\/wp-content\\\/uploads\\\/2011\\\/12\\\/Livre-Cyclisme-Amateur-Copie.jpg\",\"datePublished\":\"2011-12-20T12:39:15+00:00\",\"dateModified\":\"2013-12-22T19:59:31+00:00\",\"inLanguage\":\"fr-FR\",\"potentialAction\":[{\"@type\":\"ReadAction\",\"target\":[\"https:\\\/\\\/www.aclanester56.com\\\/velo\\\/des-lanesteriens-dans-le-livre-%e2%80%9ccyclisme-amateur-2011%e2%80%b3\\\/\"]}]},{\"@type\":\"ImageObject\",\"inLanguage\":\"fr-FR\",\"@id\":\"https:\\\/\\\/www.aclanester56.com\\\/velo\\\/des-lanesteriens-dans-le-livre-%e2%80%9ccyclisme-amateur-2011%e2%80%b3\\\/#primaryimage\",\"url\":\"https:\\\/\\\/www.aclanester56.com\\\/velo\\\/wp-content\\\/uploads\\\/2011\\\/12\\\/Livre-Cyclisme-Amateur-Copie.jpg\",\"contentUrl\":\"https:\\\/\\\/www.aclanester56.com\\\/velo\\\/wp-content\\\/uploads\\\/2011\\\/12\\\/Livre-Cyclisme-Amateur-Copie.jpg\",\"width\":650,\"height\":300},{\"@type\":\"WebSite\",\"@id\":\"https:\\\/\\\/www.aclanester56.com\\\/velo\\\/#website\",\"url\":\"https:\\\/\\\/www.aclanester56.com\\\/velo\\\/\",\"name\":\"Avenir Cycliste Lanester 56\",\"description\":\"Club cycliste de l&#039;AC LANESTER 56\",\"publisher\":{\"@id\":\"https:\\\/\\\/www.aclanester56.com\\\/velo\\\/#organization\"},\"potentialAction\":[{\"@type\":\"SearchAction\",\"target\":{\"@type\":\"EntryPoint\",\"urlTemplate\":\"https:\\\/\\\/www.aclanester56.com\\\/velo\\\/?s={search_term_string}\"},\"query-input\":{\"@type\":\"PropertyValueSpecification\",\"valueRequired\":true,\"valueName\":\"search_term_string\"}}],\"inLanguage\":\"fr-FR\"},{\"@type\":\"Organization\",\"@id\":\"https:\\\/\\\/www.aclanester56.com\\\/velo\\\/#organization\",\"name\":\"Avenir Cycliste Lanester 56\",\"url\":\"https:\\\/\\\/www.aclanester56.com\\\/velo\\\/\",\"logo\":{\"@type\":\"ImageObject\",\"inLanguage\":\"fr-FR\",\"@id\":\"https:\\\/\\\/www.aclanester56.com\\\/velo\\\/#\\\/schema\\\/logo\\\/image\\\/\",\"url\":\"https:\\\/\\\/www.aclanester56.com\\\/velo\\\/wp-content\\\/uploads\\\/2013\\\/04\\\/logo-ACL.jpg\",\"contentUrl\":\"https:\\\/\\\/www.aclanester56.com\\\/velo\\\/wp-content\\\/uploads\\\/2013\\\/04\\\/logo-ACL.jpg\",\"width\":400,\"height\":334,\"caption\":\"Avenir Cycliste Lanester 56\"},\"image\":{\"@id\":\"https:\\\/\\\/www.aclanester56.com\\\/velo\\\/#\\\/schema\\\/logo\\\/image\\\/\"},\"sameAs\":[\"https:\\\/\\\/www.facebook.com\\\/pages\\\/AC-Lanester-56\\\/190286300991242?fref=ts\"]},{\"@type\":\"Person\",\"@id\":\"https:\\\/\\\/www.aclanester56.com\\\/velo\\\/#\\\/schema\\\/person\\\/ca2a44a5fd969e9dd846c72d3b33bc01\",\"name\":\"Jean-Christophe\",\"url\":\"https:\\\/\\\/www.aclanester56.com\\\/velo\\\/author\\\/jeanchristophe\\\/\"}]}<\/script>\n<!-- \/ Yoast SEO plugin. -->","yoast_head_json":{"title":"Des Lanest\u00e9riens dans le livre \u201cCyclisme amateur 2011\u2033 ! - Avenir Cycliste Lanester 56","robots":{"index":"index","follow":"follow","max-snippet":"max-snippet:-1","max-image-preview":"max-image-preview:large","max-video-preview":"max-video-preview:-1"},"canonical":"https:\/\/www.aclanester56.com\/velo\/des-lanesteriens-dans-le-livre-\u201ccyclisme-amateur-2011\u2033\/","og_locale":"fr_FR","og_type":"article","og_title":"Des Lanest\u00e9riens dans le livre \u201cCyclisme amateur 2011\u2033 ! - Avenir Cycliste Lanester 56","og_url":"https:\/\/www.aclanester56.com\/velo\/des-lanesteriens-dans-le-livre-\u201ccyclisme-amateur-2011\u2033\/","og_site_name":"Avenir Cycliste Lanester 56","article_publisher":"https:\/\/www.facebook.com\/pages\/AC-Lanester-56\/190286300991242?fref=ts","article_published_time":"2011-12-20T12:39:15+00:00","article_modified_time":"2013-12-22T19:59:31+00:00","og_image":[{"width":650,"height":300,"url":"https:\/\/www.aclanester56.com\/velo\/wp-content\/uploads\/2011\/12\/Livre-Cyclisme-Amateur-Copie.jpg","type":"image\/jpeg"}],"author":"Jean-Christophe","twitter_misc":{"\u00c9crit par":"Jean-Christophe","Dur\u00e9e de lecture estim\u00e9e":"1 minute"},"schema":{"@context":"https:\/\/schema.org","@graph":[{"@type":"Article","@id":"https:\/\/www.aclanester56.com\/velo\/des-lanesteriens-dans-le-livre-%e2%80%9ccyclisme-amateur-2011%e2%80%b3\/#article","isPartOf":{"@id":"https:\/\/www.aclanester56.com\/velo\/des-lanesteriens-dans-le-livre-%e2%80%9ccyclisme-amateur-2011%e2%80%b3\/"},"author":{"name":"Jean-Christophe","@id":"https:\/\/www.aclanester56.com\/velo\/#\/schema\/person\/ca2a44a5fd969e9dd846c72d3b33bc01"},"headline":"Des Lanest\u00e9riens dans le livre \u201cCyclisme amateur 2011\u2033 !","datePublished":"2011-12-20T12:39:15+00:00","dateModified":"2013-12-22T19:59:31+00:00","mainEntityOfPage":{"@id":"https:\/\/www.aclanester56.com\/velo\/des-lanesteriens-dans-le-livre-%e2%80%9ccyclisme-amateur-2011%e2%80%b3\/"},"wordCount":206,"commentCount":0,"publisher":{"@id":"https:\/\/www.aclanester56.com\/velo\/#organization"},"image":{"@id":"https:\/\/www.aclanester56.com\/velo\/des-lanesteriens-dans-le-livre-%e2%80%9ccyclisme-amateur-2011%e2%80%b3\/#primaryimage"},"thumbnailUrl":"https:\/\/www.aclanester56.com\/velo\/wp-content\/uploads\/2011\/12\/Livre-Cyclisme-Amateur-Copie.jpg","articleSection":["AC LANESTER 56","Actualit\u00e9s DN"],"inLanguage":"fr-FR","potentialAction":[{"@type":"CommentAction","name":"Comment","target":["https:\/\/www.aclanester56.com\/velo\/des-lanesteriens-dans-le-livre-%e2%80%9ccyclisme-amateur-2011%e2%80%b3\/#respond"]}]},{"@type":"WebPage","@id":"https:\/\/www.aclanester56.com\/velo\/des-lanesteriens-dans-le-livre-%e2%80%9ccyclisme-amateur-2011%e2%80%b3\/","url":"https:\/\/www.aclanester56.com\/velo\/des-lanesteriens-dans-le-livre-%e2%80%9ccyclisme-amateur-2011%e2%80%b3\/","name":"Des Lanest\u00e9riens dans le livre \u201cCyclisme amateur 2011\u2033 ! - Avenir Cycliste Lanester 56","isPartOf":{"@id":"https:\/\/www.aclanester56.com\/velo\/#website"},"primaryImageOfPage":{"@id":"https:\/\/www.aclanester56.com\/velo\/des-lanesteriens-dans-le-livre-%e2%80%9ccyclisme-amateur-2011%e2%80%b3\/#primaryimage"},"image":{"@id":"https:\/\/www.aclanester56.com\/velo\/des-lanesteriens-dans-le-livre-%e2%80%9ccyclisme-amateur-2011%e2%80%b3\/#primaryimage"},"thumbnailUrl":"https:\/\/www.aclanester56.com\/velo\/wp-content\/uploads\/2011\/12\/Livre-Cyclisme-Amateur-Copie.jpg","datePublished":"2011-12-20T12:39:15+00:00","dateModified":"2013-12-22T19:59:31+00:00","inLanguage":"fr-FR","potentialAction":[{"@type":"ReadAction","target":["https:\/\/www.aclanester56.com\/velo\/des-lanesteriens-dans-le-livre-%e2%80%9ccyclisme-amateur-2011%e2%80%b3\/"]}]},{"@type":"ImageObject","inLanguage":"fr-FR","@id":"https:\/\/www.aclanester56.com\/velo\/des-lanesteriens-dans-le-livre-%e2%80%9ccyclisme-amateur-2011%e2%80%b3\/#primaryimage","url":"https:\/\/www.aclanester56.com\/velo\/wp-content\/uploads\/2011\/12\/Livre-Cyclisme-Amateur-Copie.jpg","contentUrl":"https:\/\/www.aclanester56.com\/velo\/wp-content\/uploads\/2011\/12\/Livre-Cyclisme-Amateur-Copie.jpg","width":650,"height":300},{"@type":"WebSite","@id":"https:\/\/www.aclanester56.com\/velo\/#website","url":"https:\/\/www.aclanester56.com\/velo\/","name":"Avenir Cycliste Lanester 56","description":"Club cycliste de l&#039;AC LANESTER 56","publisher":{"@id":"https:\/\/www.aclanester56.com\/velo\/#organization"},"potentialAction":[{"@type":"SearchAction","target":{"@type":"EntryPoint","urlTemplate":"https:\/\/www.aclanester56.com\/velo\/?s={search_term_string}"},"query-input":{"@type":"PropertyValueSpecification","valueRequired":true,"valueName":"search_term_string"}}],"inLanguage":"fr-FR"},{"@type":"Organization","@id":"https:\/\/www.aclanester56.com\/velo\/#organization","name":"Avenir Cycliste Lanester 56","url":"https:\/\/www.aclanester56.com\/velo\/","logo":{"@type":"ImageObject","inLanguage":"fr-FR","@id":"https:\/\/www.aclanester56.com\/velo\/#\/schema\/logo\/image\/","url":"https:\/\/www.aclanester56.com\/velo\/wp-content\/uploads\/2013\/04\/logo-ACL.jpg","contentUrl":"https:\/\/www.aclanester56.com\/velo\/wp-content\/uploads\/2013\/04\/logo-ACL.jpg","width":400,"height":334,"caption":"Avenir Cycliste Lanester 56"},"image":{"@id":"https:\/\/www.aclanester56.com\/velo\/#\/schema\/logo\/image\/"},"sameAs":["https:\/\/www.facebook.com\/pages\/AC-Lanester-56\/190286300991242?fref=ts"]},{"@type":"Person","@id":"https:\/\/www.aclanester56.com\/velo\/#\/schema\/person\/ca2a44a5fd969e9dd846c72d3b33bc01","name":"Jean-Christophe","url":"https:\/\/www.aclanester56.com\/velo\/author\/jeanchristophe\/"}]}},"_links":{"self":[{"href":"https:\/\/www.aclanester56.com\/velo\/wp-json\/wp\/v2\/posts\/10225","targetHints":{"allow":["GET"]}}],"collection":[{"href":"https:\/\/www.aclanester56.com\/velo\/wp-json\/wp\/v2\/posts"}],"about":[{"href":"https:\/\/www.aclanester56.com\/velo\/wp-json\/wp\/v2\/types\/post"}],"author":[{"embeddable":true,"href":"https:\/\/www.aclanester56.com\/velo\/wp-json\/wp\/v2\/users\/14"}],"replies":[{"embeddable":true,"href":"https:\/\/www.aclanester56.com\/velo\/wp-json\/wp\/v2\/comments?post=10225"}],"version-history":[{"count":0,"href":"https:\/\/www.aclanester56.com\/velo\/wp-json\/wp\/v2\/posts\/10225\/revisions"}],"wp:featuredmedia":[{"embeddable":true,"href":"https:\/\/www.aclanester56.com\/velo\/wp-json\/wp\/v2\/media\/10226"}],"wp:attachment":[{"href":"https:\/\/www.aclanester56.com\/velo\/wp-json\/wp\/v2\/media?parent=10225"}],"wp:term":[{"taxonomy":"category","embeddable":true,"href":"https:\/\/www.aclanester56.com\/velo\/wp-json\/wp\/v2\/categories?post=10225"},{"taxonomy":"post_tag","embeddable":true,"href":"https:\/\/www.aclanester56.com\/velo\/wp-json\/wp\/v2\/tags?post=10225"}],"curies":[{"name":"wp","href":"https:\/\/api.w.org\/{rel}","templated":true}]}}