{"id":10290,"date":"2011-12-26T20:56:47","date_gmt":"2011-12-26T19:56:47","guid":{"rendered":"http:\/\/www.aclanester56.com\/velo\/?p=10290"},"modified":"2013-12-22T21:56:13","modified_gmt":"2013-12-22T19:56:13","slug":"retrospective-2011-27","status":"publish","type":"post","link":"https:\/\/www.aclanester56.com\/velo\/retrospective-2011-27\/","title":{"rendered":"R\u00e9trospective 2011 (2\/7)"},"content":{"rendered":"<p style=\"text-align: justify;\"><!--more--><\/p>\n<p style=\"text-align: justify;\">En cette fin d&rsquo;ann\u00e9e, nous vous proposons toute la semaine de revivre quelques moments forts de l&rsquo;AC Lanester 56 en 2011 \u00e0 travers une s\u00e9lection d\u2019articles\u00a0publi\u00e9s durant l\u2019ann\u00e9e sur notre site internet !<\/p>\n<p style=\"text-align: justify;\">D\u00e9couvrez le deuxi\u00e8me volet aujourd\u2019hui.<\/p>\n<p style=\"text-align: center;\"><span style=\"color: #ff6600;\"><strong>******************************<\/strong><\/span><\/p>\n<p style=\"text-align: justify;\"><span style=\"color: #ff6600;\"><strong>18 f\u00e9vrier 2011<\/strong><\/span> : L&rsquo;AC LANESTER 56 pr\u00e9sente ses \u00e9quipes \u00e0 l&rsquo;H\u00f4tel de Ville de Lanester en pr\u00e9sence des \u00e9lus, partenaires, dirigeants et parents. De l&rsquo;Ecole de Cyclisme \u00e0 la DN2, toutes les cat\u00e9gories de coureurs ont \u00e9t\u00e9 pr\u00e9sent\u00e9es tour \u00e0 tour avec leurs encadrants.<\/p>\n<p style=\"text-align: center;\"><span style=\"color: #ff6600;\"><strong>******************************<\/strong><\/span><\/p>\n<div id=\"attachment_7362\" style=\"width: 325px\" class=\"wp-caption alignright\"><a href=\"http:\/\/www.aclanester56.com\/velo\/wp-content\/uploads\/2011\/02\/DSC03959-631x600.jpg\"><img loading=\"lazy\" decoding=\"async\" aria-describedby=\"caption-attachment-7362\" class=\"size-large wp-image-7362\" title=\"Les soci\u00e9taires de l'AC LANESTER 56 Vincent RAGOT et Warren BARGUIL terminent respectivement 3\u00e8me et 4\u00e8me de la Melrandaise (photo Gabrielle TEIRLYNCK)\" alt=\"\" src=\"http:\/\/www.aclanester56.com\/velo\/wp-content\/uploads\/2011\/02\/DSC03959-631x600.jpg\" width=\"315\" height=\"300\" srcset=\"https:\/\/www.aclanester56.com\/velo\/wp-content\/uploads\/2011\/02\/DSC03959-631x600.jpg 631w, https:\/\/www.aclanester56.com\/velo\/wp-content\/uploads\/2011\/02\/DSC03959-300x285.jpg 300w, https:\/\/www.aclanester56.com\/velo\/wp-content\/uploads\/2011\/02\/DSC03959.jpg 1506w\" sizes=\"auto, (max-width: 315px) 100vw, 315px\" \/><\/a><p id=\"caption-attachment-7362\" class=\"wp-caption-text\">Les soci\u00e9taires de l&rsquo;AC LANESTER 56 Vincent RAGOT et Warren BARGUIL terminent respectivement 3\u00e8me et 4\u00e8me de la Melrandaise (photo Gabrielle TEIRLYNCK)<\/p><\/div>\n<p>\u00a0<br \/> \u00a0<br \/> \u00a0<br \/> \u00a0<\/p>\n<p style=\"text-align: center;\"><span style=\"color: #ff6600;\"><strong>******************************<\/strong><\/span><\/p>\n<p style=\"text-align: justify;\"><span style=\"color: #ff6600;\"><strong>26 f\u00e9vrier 2011<\/strong><\/span> : La Melrandaise, classique d&rsquo;ouverture de la saison contr\u00f4l\u00e9e par l&rsquo;AC LANESTER 56, pr\u00e9sente un plateau royal au d\u00e9part. Devant de nombreux spectateurs, la course est d&rsquo;ailleurs de toute beaut\u00e9. Derri\u00e8re un vainqueur qui fera parler de lui pour des faits beaucoup moins glorieux quelques jours plus tard, les Lanest\u00e9riens n&rsquo;ont pas d\u00e9m\u00e9rit\u00e9, Vincent RAGOT et Warren BARGUIL prenant respectivement les 3\u00e8me et 4\u00e8me place.<\/p>\n<p style=\"text-align: justify;\"><a href=\"http:\/\/www.aclanester56.com\/velo\/2011\/02\/26\/la-melrandaise-les-lanesteriens-butent-sur-le-normand-fabien-taillefer\/\" target=\"_blank\">Retrouvez l\u2019article en cliquant ici.<\/a><\/p>\n<p style=\"text-align: center;\"><span style=\"color: #ff6600;\"><strong>******************************<\/strong><\/span><\/p>\n<p>\u00a0<br \/> \u00a0<\/p>\n<div id=\"attachment_7873\" style=\"width: 330px\" class=\"wp-caption alignleft\"><a href=\"http:\/\/www.aclanester56.com\/velo\/wp-content\/uploads\/2011\/03\/Grand-Prix-Super-U-2.jpg\"><img loading=\"lazy\" decoding=\"async\" aria-describedby=\"caption-attachment-7873\" class=\"size-full wp-image-7873\" title=\"Toujours pr\u00e9sent depuis l'ouverture de la saison, le Lanest\u00e9rien Warren BARGUIL a remport\u00e9 un succ\u00e8s d'envergure sur le Grand Prix Super U (photo Philippe LE COCQ)\" alt=\"\" src=\"http:\/\/www.aclanester56.com\/velo\/wp-content\/uploads\/2011\/03\/Grand-Prix-Super-U-2.jpg\" width=\"320\" height=\"213\" srcset=\"https:\/\/www.aclanester56.com\/velo\/wp-content\/uploads\/2011\/03\/Grand-Prix-Super-U-2.jpg 640w, https:\/\/www.aclanester56.com\/velo\/wp-content\/uploads\/2011\/03\/Grand-Prix-Super-U-2-300x199.jpg 300w, https:\/\/www.aclanester56.com\/velo\/wp-content\/uploads\/2011\/03\/Grand-Prix-Super-U-2-450x300.jpg 450w\" sizes=\"auto, (max-width: 320px) 100vw, 320px\" \/><\/a><p id=\"caption-attachment-7873\" class=\"wp-caption-text\">Toujours pr\u00e9sent depuis l&rsquo;ouverture de la saison, le Lanest\u00e9rien Warren BARGUIL remporte un succ\u00e8s d&rsquo;envergure sur le Grand Prix Super U (photo Philippe LE COCQ)<\/p><\/div>\n<p>&nbsp;<\/p>\n<p style=\"text-align: center;\"><span style=\"color: #ff6600;\"><strong>******************************<\/strong><\/span><\/p>\n<p style=\"text-align: justify;\"><span style=\"color: #ff6600;\"><strong>30 mars 2011<\/strong><\/span> : Apr\u00e8s avoir tourn\u00e9 autour de la victoire sur les plus grandes classiques \u00e9lites bretonnes (5\u00e8me de la Route Bretonne, 7\u00e8me de Manche-Atlantique, 2\u00e8me du GP Gilbert Bousquet, 4\u00e8me des Boucles Gu\u00e9gonnaises) depuis le d\u00e9but de la saison, le soci\u00e9taire de l&rsquo;AC LANESTER 56 Warren BARGUIL remporte le Grand Prix Super U disput\u00e9 entre Plancoet et Tr\u00e9gastel dans des conditions climatiques difficiles. A son aise dans les diff\u00e9rentes c\u00f4tes du circuit, l&rsquo;ancien champion de France juniors ram\u00e8ne \u00e9galement le classement du meilleur grimpeur dans son escarcelle !<\/p>\n<p style=\"text-align: justify;\"><a href=\"http:\/\/www.aclanester56.com\/velo\/2011\/03\/30\/grand-prix-super-u-warren-barguil-lemporte\/\" target=\"_blank\">Retrouvez l\u2019article en cliquant ici.<\/a><\/p>\n<p style=\"text-align: center;\"><span style=\"color: #ff6600;\"><strong>******************************<\/strong><\/span><\/p>\n<div id=\"attachment_7905\" style=\"width: 330px\" class=\"wp-caption alignright\"><a href=\"http:\/\/www.aclanester56.com\/velo\/wp-content\/uploads\/2011\/04\/VAE-Cybien.jpg\"><img loading=\"lazy\" decoding=\"async\" aria-describedby=\"caption-attachment-7905\" class=\"size-full wp-image-7905\" title=\"Les jeunes lanest\u00e9riens utiliseront peut-\u00eatre ce genre de v\u00e9lo d\u00e8s l'an prochain !\" alt=\"\" src=\"http:\/\/www.aclanester56.com\/velo\/wp-content\/uploads\/2011\/04\/VAE-Cybien.jpg\" width=\"320\" height=\"212\" srcset=\"https:\/\/www.aclanester56.com\/velo\/wp-content\/uploads\/2011\/04\/VAE-Cybien.jpg 640w, https:\/\/www.aclanester56.com\/velo\/wp-content\/uploads\/2011\/04\/VAE-Cybien-300x199.jpg 300w, https:\/\/www.aclanester56.com\/velo\/wp-content\/uploads\/2011\/04\/VAE-Cybien-451x300.jpg 451w\" sizes=\"auto, (max-width: 320px) 100vw, 320px\" \/><\/a><p id=\"caption-attachment-7905\" class=\"wp-caption-text\">Les jeunes lanest\u00e9riens utiliseront peut-\u00eatre ce genre de v\u00e9lo d\u00e8s l&rsquo;an prochain !<\/p><\/div>\n<p>\u00a0<br \/> \u00a0<br \/> \u00a0<\/p>\n<p style=\"text-align: center;\"><span style=\"color: #ff6600;\"><strong>******************************<\/strong><\/span><\/p>\n<p style=\"text-align: justify;\"><span style=\"color: #ff6600;\"><strong>1 avril 2011<\/strong><\/span> : Un nouveau r\u00e8glement autorisant l&rsquo;usage de v\u00e9los \u00e9lectriques dans les jeunes cat\u00e9gories pour attirer plus de jeunes coureurs \u00e0 la pratique du cyclisme ? Evidemment, il s&rsquo;agissait d&rsquo;un poisson d&rsquo;avril paru sur notre site internet !<\/p>\n<p style=\"text-align: justify;\"><a href=\"http:\/\/www.aclanester56.com\/velo\/2011\/04\/01\/un-curieux-nouveau-reglement-concernant-les-jeunes-cyclistes\/\" target=\"_blank\">Retrouvez l\u2019article en cliquant ici.<\/a><\/p>\n<p style=\"text-align: center;\"><span style=\"color: #ff6600;\"><strong>******************************<\/strong><\/span><\/p>\n<div id=\"attachment_7927\" style=\"width: 234px\" class=\"wp-caption alignleft\"><a href=\"http:\/\/www.aclanester56.com\/velo\/wp-content\/uploads\/2011\/04\/Vincent-GUEGO-448x600.jpg\"><img loading=\"lazy\" decoding=\"async\" aria-describedby=\"caption-attachment-7927\" class=\"size-large wp-image-7927\" title=\"Vincent GUEGO porte le maillot jaune de leader avant la troisi\u00e8me et derni\u00e8re \u00e9tape cet apr\u00e8s-midi (photo Rodolphe HENRY)\" alt=\"\" src=\"http:\/\/www.aclanester56.com\/velo\/wp-content\/uploads\/2011\/04\/Vincent-GUEGO-448x600.jpg\" width=\"224\" height=\"300\" srcset=\"https:\/\/www.aclanester56.com\/velo\/wp-content\/uploads\/2011\/04\/Vincent-GUEGO-448x600.jpg 448w, https:\/\/www.aclanester56.com\/velo\/wp-content\/uploads\/2011\/04\/Vincent-GUEGO-224x300.jpg 224w, https:\/\/www.aclanester56.com\/velo\/wp-content\/uploads\/2011\/04\/Vincent-GUEGO.jpg 478w\" sizes=\"auto, (max-width: 224px) 100vw, 224px\" \/><\/a><p id=\"caption-attachment-7927\" class=\"wp-caption-text\">Vincent GUEGO porte le maillot jaune de leader avant la troisi\u00e8me et derni\u00e8re \u00e9tape cet apr\u00e8s-midi (photo Rodolphe HENRY)<\/p><\/div>\n<p>\u00a0<br \/> \u00a0<br \/> \u00a0<br \/> \u00a0<br \/> \u00a0<br \/> \u00a0<\/p>\n<p style=\"text-align: center;\"><span style=\"color: #ff6600;\"><strong>******************************<\/strong><\/span><\/p>\n<p style=\"text-align: justify;\"><span style=\"color: #ff6600;\"><strong>2 &amp; 3 avril 2011<\/strong><\/span> : A l&rsquo;issue d&rsquo;une superbe d\u00e9monstration collective, l&rsquo;AC LANESTER 56 place cinq coureurs dans les sept premiers du classement g\u00e9n\u00e9ral du Tour du Pays de Lesneven et de la C\u00f4te des L\u00e9gendes. Vincent GUEGO, habitu\u00e9 aux accessits, remporte ainsi un succ\u00e8s m\u00e9rit\u00e9 devant ses camarades K\u00e9vin SADOUDI et Yann RAULT.<\/p>\n<p style=\"text-align: justify;\"><a href=\"http:\/\/www.aclanester56.com\/velo\/2011\/04\/03\/tour-du-pays-de-lesneven-vincent-guego-victorieux-podium-100-lanesterien\/\" target=\"_blank\">Retrouvez l\u2019article en cliquant ici.<\/a><\/p>\n<p style=\"text-align: center;\"><span style=\"color: #ff6600;\"><strong>******************************<\/strong><\/span><\/p>\n<p>\u00a0<br \/> \u00a0<br \/> \u00a0<\/p>\n<div id=\"attachment_10303\" style=\"width: 370px\" class=\"wp-caption alignright\"><a href=\"http:\/\/www.aclanester56.com\/velo\/wp-content\/uploads\/2011\/12\/D\u00e9monstration-au-Moustoir-avant-match-FCL.jpg\"><img loading=\"lazy\" decoding=\"async\" aria-describedby=\"caption-attachment-10303\" class=\"size-full wp-image-10303\" title=\"Les jeunes de l'Ecole de Cyclisme de l'AC Lanester 56 ont d\u00e9fil\u00e9 avant le coup d'envoi du match Lorient - Sochaux (photo Bruno Perrel)\" alt=\"\" src=\"http:\/\/www.aclanester56.com\/velo\/wp-content\/uploads\/2011\/12\/D\u00e9monstration-au-Moustoir-avant-match-FCL.jpg\" width=\"360\" height=\"240\" srcset=\"https:\/\/www.aclanester56.com\/velo\/wp-content\/uploads\/2011\/12\/D\u00e9monstration-au-Moustoir-avant-match-FCL.jpg 720w, https:\/\/www.aclanester56.com\/velo\/wp-content\/uploads\/2011\/12\/D\u00e9monstration-au-Moustoir-avant-match-FCL-300x200.jpg 300w, https:\/\/www.aclanester56.com\/velo\/wp-content\/uploads\/2011\/12\/D\u00e9monstration-au-Moustoir-avant-match-FCL-450x300.jpg 450w\" sizes=\"auto, (max-width: 360px) 100vw, 360px\" \/><\/a><p id=\"caption-attachment-10303\" class=\"wp-caption-text\">Les jeunes de l&rsquo;Ecole de Cyclisme de l&rsquo;AC Lanester 56 ont d\u00e9fil\u00e9 avant le coup d&rsquo;envoi du match Lorient &#8211; Sochaux (photo Bruno Perrel)<\/p><\/div>\n<p style=\"text-align: center;\"><span style=\"color: #ff6600;\"><strong>******************************<\/strong><\/span><\/p>\n<p style=\"text-align: justify;\"><span style=\"color: #ff6600;\"><strong>9 avril 2011<\/strong><\/span> : Le Comit\u00e9 du Morbihan, en partenariat avec le Football Club de Lorient, organise une journ\u00e9e de promotion du cyclisme au stade du Moustoir. L&rsquo;Ecole de Cyclisme de l&rsquo;AC LANESTER 56 participe \u00e0 cette op\u00e9ration \u00e0 travers diff\u00e9rentes repr\u00e9sentations d&rsquo;exercices d&rsquo;adresse, tandis que Warren BARGUIL et Guillaume COQUEN donnent le coup d&rsquo;envoi du match Lorient-Sochaux !<\/p>\n<p style=\"text-align: justify;\"><a href=\"http:\/\/www.aclanester56.com\/velo\/2011\/04\/10\/guillaume-coquen-et-warren-barguil-donnent-le-coup-denvoi-de-lorient-sochaux\/\" target=\"_blank\">Retrouvez l\u2019article en cliquant ici.<\/a><\/p>\n<p style=\"text-align: center;\"><span style=\"color: #ff6600;\"><strong>******************************<\/strong><\/span><\/p>\n","protected":false},"excerpt":{"rendered":"","protected":false},"author":14,"featured_media":10173,"comment_status":"open","ping_status":"closed","sticky":false,"template":"","format":"standard","meta":{"ngg_post_thumbnail":0,"footnotes":""},"categories":[5,14],"tags":[],"class_list":["post-10290","post","type-post","status-publish","format-standard","has-post-thumbnail","hentry","category-ac-lanester-56","category-actualites-dn"],"yoast_head":"<!-- This site is optimized with the Yoast SEO plugin v27.5 - https:\/\/yoast.com\/product\/yoast-seo-wordpress\/ -->\n<title>R\u00e9trospective 2011 (2\/7) - Avenir Cycliste Lanester 56<\/title>\n<meta name=\"robots\" content=\"index, follow, max-snippet:-1, max-image-preview:large, max-video-preview:-1\" \/>\n<link rel=\"canonical\" href=\"https:\/\/www.aclanester56.com\/velo\/retrospective-2011-27\/\" \/>\n<meta property=\"og:locale\" content=\"fr_FR\" \/>\n<meta property=\"og:type\" content=\"article\" \/>\n<meta property=\"og:title\" content=\"R\u00e9trospective 2011 (2\/7) - Avenir Cycliste Lanester 56\" \/>\n<meta property=\"og:url\" content=\"https:\/\/www.aclanester56.com\/velo\/retrospective-2011-27\/\" \/>\n<meta property=\"og:site_name\" content=\"Avenir Cycliste Lanester 56\" \/>\n<meta property=\"article:publisher\" content=\"https:\/\/www.facebook.com\/pages\/AC-Lanester-56\/190286300991242?fref=ts\" \/>\n<meta property=\"article:published_time\" content=\"2011-12-26T19:56:47+00:00\" \/>\n<meta property=\"article:modified_time\" content=\"2013-12-22T19:56:13+00:00\" \/>\n<meta property=\"og:image\" content=\"https:\/\/www.aclanester56.com\/velo\/wp-content\/uploads\/2011\/11\/DSC_8630-Copie.jpg\" \/>\n\t<meta property=\"og:image:width\" content=\"650\" \/>\n\t<meta property=\"og:image:height\" content=\"300\" \/>\n\t<meta property=\"og:image:type\" content=\"image\/jpeg\" \/>\n<meta name=\"author\" content=\"Jean-Christophe\" \/>\n<meta name=\"twitter:label1\" content=\"\u00c9crit par\" \/>\n\t<meta name=\"twitter:data1\" content=\"Jean-Christophe\" \/>\n\t<meta name=\"twitter:label2\" content=\"Dur\u00e9e de lecture estim\u00e9e\" \/>\n\t<meta name=\"twitter:data2\" content=\"3 minutes\" \/>\n<script type=\"application\/ld+json\" class=\"yoast-schema-graph\">{\"@context\":\"https:\\\/\\\/schema.org\",\"@graph\":[{\"@type\":\"Article\",\"@id\":\"https:\\\/\\\/www.aclanester56.com\\\/velo\\\/retrospective-2011-27\\\/#article\",\"isPartOf\":{\"@id\":\"https:\\\/\\\/www.aclanester56.com\\\/velo\\\/retrospective-2011-27\\\/\"},\"author\":{\"name\":\"Jean-Christophe\",\"@id\":\"https:\\\/\\\/www.aclanester56.com\\\/velo\\\/#\\\/schema\\\/person\\\/ca2a44a5fd969e9dd846c72d3b33bc01\"},\"headline\":\"R\u00e9trospective 2011 (2\\\/7)\",\"datePublished\":\"2011-12-26T19:56:47+00:00\",\"dateModified\":\"2013-12-22T19:56:13+00:00\",\"mainEntityOfPage\":{\"@id\":\"https:\\\/\\\/www.aclanester56.com\\\/velo\\\/retrospective-2011-27\\\/\"},\"wordCount\":586,\"commentCount\":0,\"publisher\":{\"@id\":\"https:\\\/\\\/www.aclanester56.com\\\/velo\\\/#organization\"},\"image\":{\"@id\":\"https:\\\/\\\/www.aclanester56.com\\\/velo\\\/retrospective-2011-27\\\/#primaryimage\"},\"thumbnailUrl\":\"https:\\\/\\\/www.aclanester56.com\\\/velo\\\/wp-content\\\/uploads\\\/2011\\\/11\\\/DSC_8630-Copie.jpg\",\"articleSection\":[\"AC LANESTER 56\",\"Actualit\u00e9s DN\"],\"inLanguage\":\"fr-FR\",\"potentialAction\":[{\"@type\":\"CommentAction\",\"name\":\"Comment\",\"target\":[\"https:\\\/\\\/www.aclanester56.com\\\/velo\\\/retrospective-2011-27\\\/#respond\"]}]},{\"@type\":\"WebPage\",\"@id\":\"https:\\\/\\\/www.aclanester56.com\\\/velo\\\/retrospective-2011-27\\\/\",\"url\":\"https:\\\/\\\/www.aclanester56.com\\\/velo\\\/retrospective-2011-27\\\/\",\"name\":\"R\u00e9trospective 2011 (2\\\/7) - Avenir Cycliste Lanester 56\",\"isPartOf\":{\"@id\":\"https:\\\/\\\/www.aclanester56.com\\\/velo\\\/#website\"},\"primaryImageOfPage\":{\"@id\":\"https:\\\/\\\/www.aclanester56.com\\\/velo\\\/retrospective-2011-27\\\/#primaryimage\"},\"image\":{\"@id\":\"https:\\\/\\\/www.aclanester56.com\\\/velo\\\/retrospective-2011-27\\\/#primaryimage\"},\"thumbnailUrl\":\"https:\\\/\\\/www.aclanester56.com\\\/velo\\\/wp-content\\\/uploads\\\/2011\\\/11\\\/DSC_8630-Copie.jpg\",\"datePublished\":\"2011-12-26T19:56:47+00:00\",\"dateModified\":\"2013-12-22T19:56:13+00:00\",\"inLanguage\":\"fr-FR\",\"potentialAction\":[{\"@type\":\"ReadAction\",\"target\":[\"https:\\\/\\\/www.aclanester56.com\\\/velo\\\/retrospective-2011-27\\\/\"]}]},{\"@type\":\"ImageObject\",\"inLanguage\":\"fr-FR\",\"@id\":\"https:\\\/\\\/www.aclanester56.com\\\/velo\\\/retrospective-2011-27\\\/#primaryimage\",\"url\":\"https:\\\/\\\/www.aclanester56.com\\\/velo\\\/wp-content\\\/uploads\\\/2011\\\/11\\\/DSC_8630-Copie.jpg\",\"contentUrl\":\"https:\\\/\\\/www.aclanester56.com\\\/velo\\\/wp-content\\\/uploads\\\/2011\\\/11\\\/DSC_8630-Copie.jpg\",\"width\":650,\"height\":300},{\"@type\":\"WebSite\",\"@id\":\"https:\\\/\\\/www.aclanester56.com\\\/velo\\\/#website\",\"url\":\"https:\\\/\\\/www.aclanester56.com\\\/velo\\\/\",\"name\":\"Avenir Cycliste Lanester 56\",\"description\":\"Club cycliste de l&#039;AC LANESTER 56\",\"publisher\":{\"@id\":\"https:\\\/\\\/www.aclanester56.com\\\/velo\\\/#organization\"},\"potentialAction\":[{\"@type\":\"SearchAction\",\"target\":{\"@type\":\"EntryPoint\",\"urlTemplate\":\"https:\\\/\\\/www.aclanester56.com\\\/velo\\\/?s={search_term_string}\"},\"query-input\":{\"@type\":\"PropertyValueSpecification\",\"valueRequired\":true,\"valueName\":\"search_term_string\"}}],\"inLanguage\":\"fr-FR\"},{\"@type\":\"Organization\",\"@id\":\"https:\\\/\\\/www.aclanester56.com\\\/velo\\\/#organization\",\"name\":\"Avenir Cycliste Lanester 56\",\"url\":\"https:\\\/\\\/www.aclanester56.com\\\/velo\\\/\",\"logo\":{\"@type\":\"ImageObject\",\"inLanguage\":\"fr-FR\",\"@id\":\"https:\\\/\\\/www.aclanester56.com\\\/velo\\\/#\\\/schema\\\/logo\\\/image\\\/\",\"url\":\"https:\\\/\\\/www.aclanester56.com\\\/velo\\\/wp-content\\\/uploads\\\/2013\\\/04\\\/logo-ACL.jpg\",\"contentUrl\":\"https:\\\/\\\/www.aclanester56.com\\\/velo\\\/wp-content\\\/uploads\\\/2013\\\/04\\\/logo-ACL.jpg\",\"width\":400,\"height\":334,\"caption\":\"Avenir Cycliste Lanester 56\"},\"image\":{\"@id\":\"https:\\\/\\\/www.aclanester56.com\\\/velo\\\/#\\\/schema\\\/logo\\\/image\\\/\"},\"sameAs\":[\"https:\\\/\\\/www.facebook.com\\\/pages\\\/AC-Lanester-56\\\/190286300991242?fref=ts\"]},{\"@type\":\"Person\",\"@id\":\"https:\\\/\\\/www.aclanester56.com\\\/velo\\\/#\\\/schema\\\/person\\\/ca2a44a5fd969e9dd846c72d3b33bc01\",\"name\":\"Jean-Christophe\",\"url\":\"https:\\\/\\\/www.aclanester56.com\\\/velo\\\/author\\\/jeanchristophe\\\/\"}]}<\/script>\n<!-- \/ Yoast SEO plugin. -->","yoast_head_json":{"title":"R\u00e9trospective 2011 (2\/7) - Avenir Cycliste Lanester 56","robots":{"index":"index","follow":"follow","max-snippet":"max-snippet:-1","max-image-preview":"max-image-preview:large","max-video-preview":"max-video-preview:-1"},"canonical":"https:\/\/www.aclanester56.com\/velo\/retrospective-2011-27\/","og_locale":"fr_FR","og_type":"article","og_title":"R\u00e9trospective 2011 (2\/7) - Avenir Cycliste Lanester 56","og_url":"https:\/\/www.aclanester56.com\/velo\/retrospective-2011-27\/","og_site_name":"Avenir Cycliste Lanester 56","article_publisher":"https:\/\/www.facebook.com\/pages\/AC-Lanester-56\/190286300991242?fref=ts","article_published_time":"2011-12-26T19:56:47+00:00","article_modified_time":"2013-12-22T19:56:13+00:00","og_image":[{"width":650,"height":300,"url":"https:\/\/www.aclanester56.com\/velo\/wp-content\/uploads\/2011\/11\/DSC_8630-Copie.jpg","type":"image\/jpeg"}],"author":"Jean-Christophe","twitter_misc":{"\u00c9crit par":"Jean-Christophe","Dur\u00e9e de lecture estim\u00e9e":"3 minutes"},"schema":{"@context":"https:\/\/schema.org","@graph":[{"@type":"Article","@id":"https:\/\/www.aclanester56.com\/velo\/retrospective-2011-27\/#article","isPartOf":{"@id":"https:\/\/www.aclanester56.com\/velo\/retrospective-2011-27\/"},"author":{"name":"Jean-Christophe","@id":"https:\/\/www.aclanester56.com\/velo\/#\/schema\/person\/ca2a44a5fd969e9dd846c72d3b33bc01"},"headline":"R\u00e9trospective 2011 (2\/7)","datePublished":"2011-12-26T19:56:47+00:00","dateModified":"2013-12-22T19:56:13+00:00","mainEntityOfPage":{"@id":"https:\/\/www.aclanester56.com\/velo\/retrospective-2011-27\/"},"wordCount":586,"commentCount":0,"publisher":{"@id":"https:\/\/www.aclanester56.com\/velo\/#organization"},"image":{"@id":"https:\/\/www.aclanester56.com\/velo\/retrospective-2011-27\/#primaryimage"},"thumbnailUrl":"https:\/\/www.aclanester56.com\/velo\/wp-content\/uploads\/2011\/11\/DSC_8630-Copie.jpg","articleSection":["AC LANESTER 56","Actualit\u00e9s DN"],"inLanguage":"fr-FR","potentialAction":[{"@type":"CommentAction","name":"Comment","target":["https:\/\/www.aclanester56.com\/velo\/retrospective-2011-27\/#respond"]}]},{"@type":"WebPage","@id":"https:\/\/www.aclanester56.com\/velo\/retrospective-2011-27\/","url":"https:\/\/www.aclanester56.com\/velo\/retrospective-2011-27\/","name":"R\u00e9trospective 2011 (2\/7) - Avenir Cycliste Lanester 56","isPartOf":{"@id":"https:\/\/www.aclanester56.com\/velo\/#website"},"primaryImageOfPage":{"@id":"https:\/\/www.aclanester56.com\/velo\/retrospective-2011-27\/#primaryimage"},"image":{"@id":"https:\/\/www.aclanester56.com\/velo\/retrospective-2011-27\/#primaryimage"},"thumbnailUrl":"https:\/\/www.aclanester56.com\/velo\/wp-content\/uploads\/2011\/11\/DSC_8630-Copie.jpg","datePublished":"2011-12-26T19:56:47+00:00","dateModified":"2013-12-22T19:56:13+00:00","inLanguage":"fr-FR","potentialAction":[{"@type":"ReadAction","target":["https:\/\/www.aclanester56.com\/velo\/retrospective-2011-27\/"]}]},{"@type":"ImageObject","inLanguage":"fr-FR","@id":"https:\/\/www.aclanester56.com\/velo\/retrospective-2011-27\/#primaryimage","url":"https:\/\/www.aclanester56.com\/velo\/wp-content\/uploads\/2011\/11\/DSC_8630-Copie.jpg","contentUrl":"https:\/\/www.aclanester56.com\/velo\/wp-content\/uploads\/2011\/11\/DSC_8630-Copie.jpg","width":650,"height":300},{"@type":"WebSite","@id":"https:\/\/www.aclanester56.com\/velo\/#website","url":"https:\/\/www.aclanester56.com\/velo\/","name":"Avenir Cycliste Lanester 56","description":"Club cycliste de l&#039;AC LANESTER 56","publisher":{"@id":"https:\/\/www.aclanester56.com\/velo\/#organization"},"potentialAction":[{"@type":"SearchAction","target":{"@type":"EntryPoint","urlTemplate":"https:\/\/www.aclanester56.com\/velo\/?s={search_term_string}"},"query-input":{"@type":"PropertyValueSpecification","valueRequired":true,"valueName":"search_term_string"}}],"inLanguage":"fr-FR"},{"@type":"Organization","@id":"https:\/\/www.aclanester56.com\/velo\/#organization","name":"Avenir Cycliste Lanester 56","url":"https:\/\/www.aclanester56.com\/velo\/","logo":{"@type":"ImageObject","inLanguage":"fr-FR","@id":"https:\/\/www.aclanester56.com\/velo\/#\/schema\/logo\/image\/","url":"https:\/\/www.aclanester56.com\/velo\/wp-content\/uploads\/2013\/04\/logo-ACL.jpg","contentUrl":"https:\/\/www.aclanester56.com\/velo\/wp-content\/uploads\/2013\/04\/logo-ACL.jpg","width":400,"height":334,"caption":"Avenir Cycliste Lanester 56"},"image":{"@id":"https:\/\/www.aclanester56.com\/velo\/#\/schema\/logo\/image\/"},"sameAs":["https:\/\/www.facebook.com\/pages\/AC-Lanester-56\/190286300991242?fref=ts"]},{"@type":"Person","@id":"https:\/\/www.aclanester56.com\/velo\/#\/schema\/person\/ca2a44a5fd969e9dd846c72d3b33bc01","name":"Jean-Christophe","url":"https:\/\/www.aclanester56.com\/velo\/author\/jeanchristophe\/"}]}},"_links":{"self":[{"href":"https:\/\/www.aclanester56.com\/velo\/wp-json\/wp\/v2\/posts\/10290","targetHints":{"allow":["GET"]}}],"collection":[{"href":"https:\/\/www.aclanester56.com\/velo\/wp-json\/wp\/v2\/posts"}],"about":[{"href":"https:\/\/www.aclanester56.com\/velo\/wp-json\/wp\/v2\/types\/post"}],"author":[{"embeddable":true,"href":"https:\/\/www.aclanester56.com\/velo\/wp-json\/wp\/v2\/users\/14"}],"replies":[{"embeddable":true,"href":"https:\/\/www.aclanester56.com\/velo\/wp-json\/wp\/v2\/comments?post=10290"}],"version-history":[{"count":0,"href":"https:\/\/www.aclanester56.com\/velo\/wp-json\/wp\/v2\/posts\/10290\/revisions"}],"wp:featuredmedia":[{"embeddable":true,"href":"https:\/\/www.aclanester56.com\/velo\/wp-json\/wp\/v2\/media\/10173"}],"wp:attachment":[{"href":"https:\/\/www.aclanester56.com\/velo\/wp-json\/wp\/v2\/media?parent=10290"}],"wp:term":[{"taxonomy":"category","embeddable":true,"href":"https:\/\/www.aclanester56.com\/velo\/wp-json\/wp\/v2\/categories?post=10290"},{"taxonomy":"post_tag","embeddable":true,"href":"https:\/\/www.aclanester56.com\/velo\/wp-json\/wp\/v2\/tags?post=10290"}],"curies":[{"name":"wp","href":"https:\/\/api.w.org\/{rel}","templated":true}]}}