{"id":10354,"date":"2011-12-28T00:15:35","date_gmt":"2011-12-27T23:15:35","guid":{"rendered":"http:\/\/www.aclanester56.com\/velo\/?p=10354"},"modified":"2013-12-22T21:55:50","modified_gmt":"2013-12-22T19:55:50","slug":"retrospective-2011-47","status":"publish","type":"post","link":"https:\/\/www.aclanester56.com\/velo\/retrospective-2011-47\/","title":{"rendered":"R\u00e9trospective 2011 (4\/7)"},"content":{"rendered":"<p style=\"text-align: justify;\"><!--more--><\/p>\n<p style=\"text-align: justify;\">En cette fin d&rsquo;ann\u00e9e, nous vous proposons toute la semaine de revivre quelques moments forts de l&rsquo;AC Lanester 56 en 2011 \u00e0 travers une s\u00e9lection d\u2019articles\u00a0publi\u00e9s durant l\u2019ann\u00e9e sur notre site internet !<\/p>\n<p style=\"text-align: justify;\">D\u00e9couvrez le quatri\u00e8me volet aujourd\u2019hui.<\/p>\n<p style=\"text-align: center;\"><span style=\"color: #ff6600;\"><strong>******************************<\/strong><\/span><\/p>\n<p style=\"text-align: justify;\"><span style=\"color: #ff6600;\"><strong>14 &amp; 15 mai 2011<\/strong><\/span> : Le TRO DIV STER s&rsquo;est inscrit comme l&rsquo;une des plus belles \u00e9preuves par \u00e9tapes en Bretagne. Organis\u00e9e par l&rsquo;AC LANESTER 56, la 12\u00e8me \u00e9dition a \u00e9t\u00e9 de toute beaut\u00e9. C&rsquo;est un plateau tr\u00e8s relev\u00e9 qui se pr\u00e9sente sur la ligne du Grand D\u00e9part \u00e0 Gu\u00e9men\u00e9-sur-Scorff.<\/p>\n<div id=\"attachment_8619\" style=\"width: 330px\" class=\"wp-caption alignright\"><a href=\"http:\/\/www.aclanester56.com\/velo\/wp-content\/uploads\/2011\/05\/tro_div_4.jpg\"><img loading=\"lazy\" decoding=\"async\" aria-describedby=\"caption-attachment-8619\" class=\"size-full wp-image-8619\" title=\"Edouard LOUYEST remporte le 12\u00e8me TRO DIV STER (photo Philippe LE COCQ)\" alt=\"\" src=\"http:\/\/www.aclanester56.com\/velo\/wp-content\/uploads\/2011\/05\/tro_div_4.jpg\" width=\"320\" height=\"213\" srcset=\"https:\/\/www.aclanester56.com\/velo\/wp-content\/uploads\/2011\/05\/tro_div_4.jpg 640w, https:\/\/www.aclanester56.com\/velo\/wp-content\/uploads\/2011\/05\/tro_div_4-300x200.jpg 300w, https:\/\/www.aclanester56.com\/velo\/wp-content\/uploads\/2011\/05\/tro_div_4-449x300.jpg 449w\" sizes=\"auto, (max-width: 320px) 100vw, 320px\" \/><\/a><p id=\"caption-attachment-8619\" class=\"wp-caption-text\">Edouard LOUYEST remporte le 12\u00e8me TRO DIV STER (photo Philippe LE COCQ)<\/p><\/div>\n<p style=\"text-align: justify;\">Au terme d&rsquo;une premi\u00e8re \u00e9tape disput\u00e9e sur une rythme effr\u00e9n\u00e9, c&rsquo;est finalement Mickael RENOU (UC Nantes Atlantiques) qui l&#8217;emporte \u00e0 Languidic. L&rsquo;\u00e9quipe Sojasun Espoirs remporte le contre-la-montre par \u00e9quipes entre Kervignac et Lanester, pla\u00e7ant leur leader Edouard LOUYEST en t\u00eate du classement g\u00e9n\u00e9ral.<\/p>\n<p style=\"text-align: justify;\">Les \u00e9carts \u00e9tant extr\u00eamement faibles, la bataille est rude sur la 3\u00e8me \u00e9tape d\u00e8s le d\u00e9part \u00e0 Erdeven, mais c&rsquo;est finalement Jacques BOUCHEVREAU (UC Nantes Atlantiques) qui l&#8217;emporte \u00e0 Lanester devant de nombreux spectateurs. Au classement g\u00e9n\u00e9ral, Edouard LOUYEST (Sojasun Espoirs) remporte le 12\u00e8me Tro Div Ster ! A noter sur la course d&rsquo;attente cadets \u00e0 Lanester la 2\u00e8me place du Lanest\u00e9rien Jean-Victor PICARD !<\/p>\n<p style=\"text-align: justify;\"><a href=\"http:\/\/www.aclanester56.com\/velo\/2011\/05\/16\/3eme-etape-du-tro-div-ster-a-bouchevreau-letape-a-louyest-le-general\/\" target=\"_blank\">Retrouvez l\u2019article en cliquant ici.<\/a><\/p>\n<p style=\"text-align: center;\"><span style=\"color: #ff6600;\"><strong>******************************<\/strong><\/span><\/p>\n<div id=\"attachment_8640\" style=\"width: 370px\" class=\"wp-caption alignleft\"><a href=\"http:\/\/www.aclanester56.com\/velo\/wp-content\/uploads\/2011\/05\/photo-de-groupe.jpg\"><img loading=\"lazy\" decoding=\"async\" aria-describedby=\"caption-attachment-8640\" class=\"size-full wp-image-8640\" title=\"C'est un imposant groupe constitu\u00e9 des jeunes de l'\u00e9cole de cyclisme, mais \u00e9galement de parents et des encadrants qui s'est \u00e9lanc\u00e9 de Guidel-Plage !\" alt=\"\" src=\"http:\/\/www.aclanester56.com\/velo\/wp-content\/uploads\/2011\/05\/photo-de-groupe.jpg\" width=\"360\" height=\"270\" srcset=\"https:\/\/www.aclanester56.com\/velo\/wp-content\/uploads\/2011\/05\/photo-de-groupe.jpg 720w, https:\/\/www.aclanester56.com\/velo\/wp-content\/uploads\/2011\/05\/photo-de-groupe-300x225.jpg 300w, https:\/\/www.aclanester56.com\/velo\/wp-content\/uploads\/2011\/05\/photo-de-groupe-400x300.jpg 400w\" sizes=\"auto, (max-width: 360px) 100vw, 360px\" \/><\/a><p id=\"caption-attachment-8640\" class=\"wp-caption-text\">C&rsquo;est un imposant groupe constitu\u00e9 des jeunes de l&rsquo;\u00e9cole de cyclisme, mais \u00e9galement de parents et des encadrants qui s&rsquo;est \u00e9lanc\u00e9 de Guidel-Plage !<\/p><\/div>\n<p>\u00a0<br \/> \u00a0<br \/> \u00a0<br \/> \u00a0<\/p>\n<p style=\"text-align: center;\"><span style=\"color: #ff6600;\"><strong>******************************<\/strong><\/span><\/p>\n<p style=\"text-align: justify;\"><span style=\"color: #ff6600;\"><strong>21 mai 2011<\/strong><\/span> : En cette magnifique journ\u00e9e ensoleill\u00e9e, les encadrants de l&rsquo;Ecole de Cyclisme ont propos\u00e9 une randonn\u00e9e sur la c\u00f4te entre Guidel et Kerroc&rsquo;h. Les enfants ont pu ainsi rouler aux c\u00f4t\u00e9s de leurs entraineurs et parents dans un cadre magnifique. Tous ont pass\u00e9 une excellente journ\u00e9e !<\/p>\n<p style=\"text-align: justify;\"><a href=\"http:\/\/www.aclanester56.com\/velo\/2011\/05\/22\/randonnee-sur-la-cote-pour-lecole-de-cyclisme\/\" target=\"_blank\">Retrouvez l\u2019article en cliquant ici.<\/a><\/p>\n<p style=\"text-align: center;\"><span style=\"color: #ff6600;\"><strong>******************************<\/strong><\/span><\/p>\n<div id=\"attachment_8719\" style=\"width: 277px\" class=\"wp-caption alignright\"><a href=\"http:\/\/www.aclanester56.com\/velo\/wp-content\/uploads\/2011\/05\/thorigny-2011-6-redim1024-800x600.jpg\"><img loading=\"lazy\" decoding=\"async\" aria-describedby=\"caption-attachment-8719\" class=\"size-large wp-image-8719\" title=\"De gauche \u00e0 droite, Matthieu Guilloux, Rodolphe Henry, Guillaume Coquen et Heimrick Siby, r\u00e9alisent une grosse performance \u00e0 Thorigny en terminant 3\u00e8me de la Coupe de Clubs ! (photo JM Morvan)\" alt=\"\" src=\"http:\/\/www.aclanester56.com\/velo\/wp-content\/uploads\/2011\/05\/thorigny-2011-6-redim1024-800x600.jpg\" width=\"267\" height=\"200\" srcset=\"https:\/\/www.aclanester56.com\/velo\/wp-content\/uploads\/2011\/05\/thorigny-2011-6-redim1024-800x600.jpg 800w, https:\/\/www.aclanester56.com\/velo\/wp-content\/uploads\/2011\/05\/thorigny-2011-6-redim1024-300x225.jpg 300w, https:\/\/www.aclanester56.com\/velo\/wp-content\/uploads\/2011\/05\/thorigny-2011-6-redim1024-400x300.jpg 400w, https:\/\/www.aclanester56.com\/velo\/wp-content\/uploads\/2011\/05\/thorigny-2011-6-redim1024.jpg 1024w\" sizes=\"auto, (max-width: 267px) 100vw, 267px\" \/><\/a><p id=\"caption-attachment-8719\" class=\"wp-caption-text\">De gauche \u00e0 droite, Matthieu Guilloux, Rodolphe Henry, Guillaume Coquen et Heimrick Siby, r\u00e9alisent une grosse performance \u00e0 Thorigny en terminant 3\u00e8me de la Coupe de Clubs ! (photo JM Morvan)<\/p><\/div>\n<p>\u00a0<br \/> \u00a0<br \/> \u00a0<br \/> \u00a0<br \/> \u00a0<\/p>\n<p style=\"text-align: center;\"><span style=\"color: #ff6600;\"><strong>******************************<\/strong><\/span><\/p>\n<p style=\"text-align: justify;\"><span style=\"color: #ff6600;\"><strong>28 mai 2011<\/strong><\/span> : L&rsquo;\u00e9quipe juniors de l&rsquo;AC LANESTER 56 r\u00e9alise une grosse performance sur la Coupe de France des Clubs Contre-la-Montre par \u00e9quipes disput\u00e9e \u00e0 Thorigny (Vend\u00e9e) puisqu&rsquo;elle prend une excellente 3\u00e8me place !<\/p>\n<p style=\"text-align: justify;\"><a href=\"http:\/\/www.aclanester56.com\/velo\/2011\/05\/29\/les-juniors-lanesteriens-3eme-sur-la-coupe-des-clubs-clm-par-equipe-a-thorigny\/\" target=\"_blank\">Retrouvez l\u2019article en cliquant ici.<\/a><\/p>\n<p style=\"text-align: center;\"><span style=\"color: #ff6600;\"><strong>******************************<\/strong><\/span><\/p>\n<div id=\"attachment_8769\" style=\"width: 277px\" class=\"wp-caption alignleft\"><a href=\"http:\/\/www.aclanester56.com\/velo\/wp-content\/uploads\/2011\/06\/DSC_5516.jpg\"><img loading=\"lazy\" decoding=\"async\" aria-describedby=\"caption-attachment-8769\" class=\"size-full wp-image-8769\" title=\"A l'issue d'une longue \u00e9chapp\u00e9e, Yann RAULT (AC LANESTER 56) remporte en puncheur un deuxi\u00e8me titre d\u00e9partemental cons\u00e9cutif ! (photo Philippe Le Cocq)\" alt=\"\" src=\"http:\/\/www.aclanester56.com\/velo\/wp-content\/uploads\/2011\/06\/DSC_5516.jpg\" width=\"267\" height=\"177\" srcset=\"https:\/\/www.aclanester56.com\/velo\/wp-content\/uploads\/2011\/06\/DSC_5516.jpg 800w, https:\/\/www.aclanester56.com\/velo\/wp-content\/uploads\/2011\/06\/DSC_5516-300x199.jpg 300w, https:\/\/www.aclanester56.com\/velo\/wp-content\/uploads\/2011\/06\/DSC_5516-451x300.jpg 451w\" sizes=\"auto, (max-width: 267px) 100vw, 267px\" \/><\/a><p id=\"caption-attachment-8769\" class=\"wp-caption-text\">A l&rsquo;issue d&rsquo;une longue \u00e9chapp\u00e9e, Yann RAULT (AC LANESTER 56) remporte en puncheur un deuxi\u00e8me titre d\u00e9partemental cons\u00e9cutif ! (photo Philippe Le Cocq)<\/p><\/div>\n<p>\u00a0<br \/> \u00a0<br \/> \u00a0<br \/> \u00a0<\/p>\n<p style=\"text-align: center;\"><span style=\"color: #ff6600;\"><strong>******************************<\/strong><\/span><\/p>\n<p style=\"text-align: justify;\"><span style=\"color: #ff6600;\"><strong>2 juin 2011<\/strong><\/span> : Champion du Morbihan 2010 \u00e0 Inzinzac, Yann RAULT (AC LANESTER 56) conserve son titre \u00e0 Pluvigner en s&rsquo;imposant devant Simon GOUEDARD (VCP LORIENT) et Florian AUBERGER (HENNEBONT CYCLISME).<\/p>\n<p style=\"text-align: justify;\"><a href=\"http:\/\/www.aclanester56.com\/velo\/2011\/06\/03\/championnat-du-morbihan-le-lanesterien-yann-rault-double-la-mise\/\" target=\"_blank\">Retrouvez l\u2019article en cliquant ici.<\/a><\/p>\n<p style=\"text-align: center;\"><span style=\"color: #ff6600;\"><strong>******************************<\/strong><\/span><\/p>\n<div id=\"attachment_8828\" style=\"width: 310px\" class=\"wp-caption alignright\"><a href=\"http:\/\/www.aclanester56.com\/velo\/wp-content\/uploads\/2011\/06\/podium-Miraz.jpg\"><img loading=\"lazy\" decoding=\"async\" aria-describedby=\"caption-attachment-8828\" class=\"size-full wp-image-8828\" title=\"Le Lanest\u00e9rien Anthony MIRA ram\u00e8ne un maillot \u00e0 hermines de St Donan ! (photo www.bretagne-cyclisme.com)\" alt=\"\" src=\"http:\/\/www.aclanester56.com\/velo\/wp-content\/uploads\/2011\/06\/podium-Miraz.jpg\" width=\"300\" height=\"228\" srcset=\"https:\/\/www.aclanester56.com\/velo\/wp-content\/uploads\/2011\/06\/podium-Miraz.jpg 600w, https:\/\/www.aclanester56.com\/velo\/wp-content\/uploads\/2011\/06\/podium-Miraz-300x228.jpg 300w, https:\/\/www.aclanester56.com\/velo\/wp-content\/uploads\/2011\/06\/podium-Miraz-394x300.jpg 394w\" sizes=\"auto, (max-width: 300px) 100vw, 300px\" \/><\/a><p id=\"caption-attachment-8828\" class=\"wp-caption-text\">Le Lanest\u00e9rien Anthony MIRA ram\u00e8ne un maillot \u00e0 hermines de St Donan ! (photo www.bretagne-cyclisme.com)<\/p><\/div>\n<p>\u00a0<br \/> \u00a0<br \/> \u00a0<\/p>\n<p style=\"text-align: center;\"><span style=\"color: #ff6600;\"><strong>******************************<\/strong><\/span><\/p>\n<p style=\"text-align: justify;\"><span style=\"color: #ff6600;\"><strong>5 juin 2011<\/strong><\/span> : Pour son premier championnat de Bretagne \u00e9lites, le jeune Lanest\u00e9rien Anthony MIRA en a \u00e9t\u00e9 l&rsquo;un des grands animateurs \u00e0 Saint-Donan. Pr\u00e9sent dans l&rsquo;\u00e9chapp\u00e9e d\u00e8s le d\u00e9but de course, il a su trouver les ressources pour prot\u00e9ger son co\u00e9quipier Yann RAULT, 4\u00e8me du jour, prendre une excellente 7\u00e8me place et surtout enlever le maillot de champion de Bretagne 2\u00e8me cat\u00e9gorie !<\/p>\n<p style=\"text-align: justify;\"><a href=\"http:\/\/www.aclanester56.com\/velo\/2011\/06\/07\/st-donan-a-mira-champion-de-bretagne-2eme-categories\/\" target=\"_blank\">Retrouvez l\u2019article en cliquant ici.<\/a><\/p>\n<p style=\"text-align: center;\"><span style=\"color: #ff6600;\"><strong>******************************<\/strong><\/span><\/p>\n<div id=\"attachment_8882\" style=\"width: 310px\" class=\"wp-caption alignleft\"><a href=\"http:\/\/www.aclanester56.com\/velo\/wp-content\/uploads\/2011\/06\/Yann-Rault-Moncontour.jpg\"><img loading=\"lazy\" decoding=\"async\" aria-describedby=\"caption-attachment-8882\" class=\"size-full wp-image-8882\" title=\"Le Lanest\u00e9rien Yann Rault conclut une formidable course d'\u00e9quipe de l'AC LANESTER 56 en s'imposant sur le tr\u00e8s renomm\u00e9 Circuit de la Pentec\u00f4te \u00e0 Moncontour ! (photo www.bretagne-cyclisme.com)\" alt=\"\" src=\"http:\/\/www.aclanester56.com\/velo\/wp-content\/uploads\/2011\/06\/Yann-Rault-Moncontour.jpg\" width=\"300\" height=\"225\" srcset=\"https:\/\/www.aclanester56.com\/velo\/wp-content\/uploads\/2011\/06\/Yann-Rault-Moncontour.jpg 600w, https:\/\/www.aclanester56.com\/velo\/wp-content\/uploads\/2011\/06\/Yann-Rault-Moncontour-300x225.jpg 300w, https:\/\/www.aclanester56.com\/velo\/wp-content\/uploads\/2011\/06\/Yann-Rault-Moncontour-400x300.jpg 400w\" sizes=\"auto, (max-width: 300px) 100vw, 300px\" \/><\/a><p id=\"caption-attachment-8882\" class=\"wp-caption-text\">Le Lanest\u00e9rien Yann Rault conclut une formidable course d&rsquo;\u00e9quipe de l&rsquo;AC LANESTER 56 en s&rsquo;imposant sur le tr\u00e8s renomm\u00e9 Circuit de la Pentec\u00f4te \u00e0 Moncontour ! (photo www.bretagne-cyclisme.com)<\/p><\/div>\n<p>\u00a0<br \/> \u00a0<br \/> \u00a0<\/p>\n<p style=\"text-align: center;\"><span style=\"color: #ff6600;\"><strong>******************************<\/strong><\/span><\/p>\n<p style=\"text-align: justify;\"><span style=\"color: #ff6600;\"><strong>13 juin 2011<\/strong><\/span> : Les Lanest\u00e9riens r\u00e9alisent un v\u00e9ritable coup de force sur le Grand Prix de la Pentec\u00f4te \u00e0 Moncontour, classique \u00e9lite bretonne tr\u00e8s pris\u00e9e. En force dans le difficile final de la c\u00f4te des Granges, les coureurs de l&rsquo;AC LANESTER 56 manoeuvrent \u00e0 la perfection pour placer Yann RAULT sur la plus haute marche du podium. Quatre Lanest\u00e9riens figurent dans les six premiers.<\/p>\n<p style=\"text-align: justify;\"><a href=\"http:\/\/www.aclanester56.com\/velo\/2011\/06\/13\/yann-rault-et-ses-coequipiers-dominateurs-sur-le-circuit-de-la-pentecote-a-moncontour\/\" target=\"_blank\">Retrouvez l\u2019article en cliquant ici.<\/a><\/p>\n<p style=\"text-align: center;\"><span style=\"color: #ff6600;\"><strong>******************************<\/strong><\/span><\/p>\n<p>&nbsp;<\/p>\n<div id=\"attachment_9012\" style=\"width: 330px\" class=\"wp-caption alignright\"><a href=\"http:\/\/www.aclanester56.com\/velo\/wp-content\/uploads\/2011\/06\/Julie-Le-Priellec.jpg\"><img loading=\"lazy\" decoding=\"async\" aria-describedby=\"caption-attachment-9012\" class=\"size-full wp-image-9012\" title=\"La Lanest\u00e9rienne Julie Le Priellec est championne du Morbihan chez les cadettes ! (photo Camille NICOL)\" alt=\"\" src=\"http:\/\/www.aclanester56.com\/velo\/wp-content\/uploads\/2011\/06\/Julie-Le-Priellec.jpg\" width=\"320\" height=\"207\" srcset=\"https:\/\/www.aclanester56.com\/velo\/wp-content\/uploads\/2011\/06\/Julie-Le-Priellec.jpg 640w, https:\/\/www.aclanester56.com\/velo\/wp-content\/uploads\/2011\/06\/Julie-Le-Priellec-300x194.jpg 300w, https:\/\/www.aclanester56.com\/velo\/wp-content\/uploads\/2011\/06\/Julie-Le-Priellec-462x300.jpg 462w\" sizes=\"auto, (max-width: 320px) 100vw, 320px\" \/><\/a><p id=\"caption-attachment-9012\" class=\"wp-caption-text\">La Lanest\u00e9rienne Julie Le Priellec est championne du Morbihan chez les cadettes ! (photo Camille NICOL)<\/p><\/div>\n<p style=\"text-align: center;\"><span style=\"color: #ff6600;\"><strong>******************************<\/strong><\/span><\/p>\n<p style=\"text-align: justify;\"><span style=\"color: #ff6600;\"><strong>19 juin 2011<\/strong><\/span> : Les Championnats du Morbihan de l&rsquo;Avenir se d\u00e9roulent \u00e0 Tr\u00e9al. Chez les cadettes, Julie LE PRIELLEC (AC LANESTER 56) devient championne du Morbihan, quelques semaines apr\u00e8s avoir termin\u00e9 4\u00e8me du championnat de Bretagne. Ses camarades de club Nicolas PRIMAS et Rodolphe HENRY brillent \u00e9galement en terminant respectivement 4\u00e8me et 5\u00e8me des \u00e9preuves cadets et juniors.<\/p>\n<p style=\"text-align: justify;\"><a href=\"http:\/\/www.aclanester56.com\/velo\/2011\/06\/27\/les-jeunes-lanesteriens-sur-les-championnats-du-morbihan-de-lavenir-a-treal\/\" target=\"_blank\">Retrouvez l\u2019article en cliquant ici.<\/a><\/p>\n<p style=\"text-align: center;\"><span style=\"color: #ff6600;\"><strong>******************************<\/strong><\/span><\/p>\n<div id=\"attachment_9072\" style=\"width: 330px\" class=\"wp-caption alignleft\"><a href=\"http:\/\/www.aclanester56.com\/velo\/wp-content\/uploads\/2011\/07\/JPG_0031.jpg\"><img loading=\"lazy\" decoding=\"async\" aria-describedby=\"caption-attachment-9072\" class=\"size-full wp-image-9072\" title=\"Le Lanest\u00e9rien Warren BARGUIL termine 8\u00e8me du championnat de France amateur (photo Fabrice Lambert - www.sportbreizh.com)\" alt=\"\" src=\"http:\/\/www.aclanester56.com\/velo\/wp-content\/uploads\/2011\/07\/JPG_0031.jpg\" width=\"320\" height=\"215\" srcset=\"https:\/\/www.aclanester56.com\/velo\/wp-content\/uploads\/2011\/07\/JPG_0031.jpg 640w, https:\/\/www.aclanester56.com\/velo\/wp-content\/uploads\/2011\/07\/JPG_0031-300x201.jpg 300w, https:\/\/www.aclanester56.com\/velo\/wp-content\/uploads\/2011\/07\/JPG_0031-447x300.jpg 447w\" sizes=\"auto, (max-width: 320px) 100vw, 320px\" \/><\/a><p id=\"caption-attachment-9072\" class=\"wp-caption-text\">Le Lanest\u00e9rien Warren BARGUIL termine 8\u00e8me du championnat de France amateur (photo Fabrice Lambert &#8211; www.sportbreizh.com)<\/p><\/div>\n<p>\u00a0<br \/> \u00a0<\/p>\n<p style=\"text-align: center;\"><span style=\"color: #ff6600;\"><strong>******************************<\/strong><\/span><\/p>\n<p style=\"text-align: justify;\"><span style=\"color: #ff6600;\"><strong>25 juin 2011<\/strong><\/span> : Deux coureurs de l&rsquo;AC LANESTER 56 participent au championnat de France \u00e9lites amateurs \u00e0 Boulogne-sur-Mer sous les couleurs du Comit\u00e9 de Bretagne. Anthony MIRA sera malchanceux avec un bris de mat\u00e9riel, tandis que Warren BARGUIL prendra une excellente 8\u00e8me place malgr\u00e9 une crevaison dans le final !<\/p>\n<p style=\"text-align: justify;\"><a href=\"http:\/\/www.aclanester56.com\/velo\/2011\/07\/01\/championnat-de-france-amateurs-reactions-danthony-mira-et-warren-barguil\/\" target=\"_blank\">Retrouvez l\u2019article en cliquant ici.<\/a><\/p>\n<p style=\"text-align: center;\"><span style=\"color: #ff6600;\"><strong>******************************<\/strong><\/span><\/p>\n","protected":false},"excerpt":{"rendered":"","protected":false},"author":14,"featured_media":8625,"comment_status":"open","ping_status":"closed","sticky":false,"template":"","format":"standard","meta":{"ngg_post_thumbnail":0,"footnotes":""},"categories":[5,14],"tags":[],"class_list":["post-10354","post","type-post","status-publish","format-standard","has-post-thumbnail","hentry","category-ac-lanester-56","category-actualites-dn"],"yoast_head":"<!-- This site is optimized with the Yoast SEO plugin v27.5 - https:\/\/yoast.com\/product\/yoast-seo-wordpress\/ -->\n<title>R\u00e9trospective 2011 (4\/7) - Avenir Cycliste Lanester 56<\/title>\n<meta name=\"robots\" content=\"index, follow, max-snippet:-1, max-image-preview:large, max-video-preview:-1\" \/>\n<link rel=\"canonical\" href=\"https:\/\/www.aclanester56.com\/velo\/retrospective-2011-47\/\" \/>\n<meta property=\"og:locale\" content=\"fr_FR\" \/>\n<meta property=\"og:type\" content=\"article\" \/>\n<meta property=\"og:title\" content=\"R\u00e9trospective 2011 (4\/7) - Avenir Cycliste Lanester 56\" \/>\n<meta property=\"og:url\" content=\"https:\/\/www.aclanester56.com\/velo\/retrospective-2011-47\/\" \/>\n<meta property=\"og:site_name\" content=\"Avenir Cycliste Lanester 56\" \/>\n<meta property=\"article:publisher\" content=\"https:\/\/www.facebook.com\/pages\/AC-Lanester-56\/190286300991242?fref=ts\" \/>\n<meta property=\"article:published_time\" content=\"2011-12-27T23:15:35+00:00\" \/>\n<meta property=\"article:modified_time\" content=\"2013-12-22T19:55:50+00:00\" \/>\n<meta property=\"og:image\" content=\"https:\/\/www.aclanester56.com\/velo\/wp-content\/uploads\/2011\/05\/Arriv\u00e9e-3eme-\u00e9tape-Copie.jpg\" \/>\n\t<meta property=\"og:image:width\" content=\"650\" \/>\n\t<meta property=\"og:image:height\" content=\"300\" \/>\n\t<meta property=\"og:image:type\" content=\"image\/jpeg\" \/>\n<meta name=\"author\" content=\"Jean-Christophe\" \/>\n<meta name=\"twitter:label1\" content=\"\u00c9crit par\" \/>\n\t<meta name=\"twitter:data1\" content=\"Jean-Christophe\" \/>\n\t<meta name=\"twitter:label2\" content=\"Dur\u00e9e de lecture estim\u00e9e\" \/>\n\t<meta name=\"twitter:data2\" content=\"4 minutes\" \/>\n<script type=\"application\/ld+json\" class=\"yoast-schema-graph\">{\"@context\":\"https:\\\/\\\/schema.org\",\"@graph\":[{\"@type\":\"Article\",\"@id\":\"https:\\\/\\\/www.aclanester56.com\\\/velo\\\/retrospective-2011-47\\\/#article\",\"isPartOf\":{\"@id\":\"https:\\\/\\\/www.aclanester56.com\\\/velo\\\/retrospective-2011-47\\\/\"},\"author\":{\"name\":\"Jean-Christophe\",\"@id\":\"https:\\\/\\\/www.aclanester56.com\\\/velo\\\/#\\\/schema\\\/person\\\/ca2a44a5fd969e9dd846c72d3b33bc01\"},\"headline\":\"R\u00e9trospective 2011 (4\\\/7)\",\"datePublished\":\"2011-12-27T23:15:35+00:00\",\"dateModified\":\"2013-12-22T19:55:50+00:00\",\"mainEntityOfPage\":{\"@id\":\"https:\\\/\\\/www.aclanester56.com\\\/velo\\\/retrospective-2011-47\\\/\"},\"wordCount\":841,\"commentCount\":0,\"publisher\":{\"@id\":\"https:\\\/\\\/www.aclanester56.com\\\/velo\\\/#organization\"},\"image\":{\"@id\":\"https:\\\/\\\/www.aclanester56.com\\\/velo\\\/retrospective-2011-47\\\/#primaryimage\"},\"thumbnailUrl\":\"https:\\\/\\\/www.aclanester56.com\\\/velo\\\/wp-content\\\/uploads\\\/2011\\\/05\\\/Arriv\u00e9e-3eme-\u00e9tape-Copie.jpg\",\"articleSection\":[\"AC LANESTER 56\",\"Actualit\u00e9s DN\"],\"inLanguage\":\"fr-FR\",\"potentialAction\":[{\"@type\":\"CommentAction\",\"name\":\"Comment\",\"target\":[\"https:\\\/\\\/www.aclanester56.com\\\/velo\\\/retrospective-2011-47\\\/#respond\"]}]},{\"@type\":\"WebPage\",\"@id\":\"https:\\\/\\\/www.aclanester56.com\\\/velo\\\/retrospective-2011-47\\\/\",\"url\":\"https:\\\/\\\/www.aclanester56.com\\\/velo\\\/retrospective-2011-47\\\/\",\"name\":\"R\u00e9trospective 2011 (4\\\/7) - Avenir Cycliste Lanester 56\",\"isPartOf\":{\"@id\":\"https:\\\/\\\/www.aclanester56.com\\\/velo\\\/#website\"},\"primaryImageOfPage\":{\"@id\":\"https:\\\/\\\/www.aclanester56.com\\\/velo\\\/retrospective-2011-47\\\/#primaryimage\"},\"image\":{\"@id\":\"https:\\\/\\\/www.aclanester56.com\\\/velo\\\/retrospective-2011-47\\\/#primaryimage\"},\"thumbnailUrl\":\"https:\\\/\\\/www.aclanester56.com\\\/velo\\\/wp-content\\\/uploads\\\/2011\\\/05\\\/Arriv\u00e9e-3eme-\u00e9tape-Copie.jpg\",\"datePublished\":\"2011-12-27T23:15:35+00:00\",\"dateModified\":\"2013-12-22T19:55:50+00:00\",\"inLanguage\":\"fr-FR\",\"potentialAction\":[{\"@type\":\"ReadAction\",\"target\":[\"https:\\\/\\\/www.aclanester56.com\\\/velo\\\/retrospective-2011-47\\\/\"]}]},{\"@type\":\"ImageObject\",\"inLanguage\":\"fr-FR\",\"@id\":\"https:\\\/\\\/www.aclanester56.com\\\/velo\\\/retrospective-2011-47\\\/#primaryimage\",\"url\":\"https:\\\/\\\/www.aclanester56.com\\\/velo\\\/wp-content\\\/uploads\\\/2011\\\/05\\\/Arriv\u00e9e-3eme-\u00e9tape-Copie.jpg\",\"contentUrl\":\"https:\\\/\\\/www.aclanester56.com\\\/velo\\\/wp-content\\\/uploads\\\/2011\\\/05\\\/Arriv\u00e9e-3eme-\u00e9tape-Copie.jpg\",\"width\":650,\"height\":300},{\"@type\":\"WebSite\",\"@id\":\"https:\\\/\\\/www.aclanester56.com\\\/velo\\\/#website\",\"url\":\"https:\\\/\\\/www.aclanester56.com\\\/velo\\\/\",\"name\":\"Avenir Cycliste Lanester 56\",\"description\":\"Club cycliste de l&#039;AC LANESTER 56\",\"publisher\":{\"@id\":\"https:\\\/\\\/www.aclanester56.com\\\/velo\\\/#organization\"},\"potentialAction\":[{\"@type\":\"SearchAction\",\"target\":{\"@type\":\"EntryPoint\",\"urlTemplate\":\"https:\\\/\\\/www.aclanester56.com\\\/velo\\\/?s={search_term_string}\"},\"query-input\":{\"@type\":\"PropertyValueSpecification\",\"valueRequired\":true,\"valueName\":\"search_term_string\"}}],\"inLanguage\":\"fr-FR\"},{\"@type\":\"Organization\",\"@id\":\"https:\\\/\\\/www.aclanester56.com\\\/velo\\\/#organization\",\"name\":\"Avenir Cycliste Lanester 56\",\"url\":\"https:\\\/\\\/www.aclanester56.com\\\/velo\\\/\",\"logo\":{\"@type\":\"ImageObject\",\"inLanguage\":\"fr-FR\",\"@id\":\"https:\\\/\\\/www.aclanester56.com\\\/velo\\\/#\\\/schema\\\/logo\\\/image\\\/\",\"url\":\"https:\\\/\\\/www.aclanester56.com\\\/velo\\\/wp-content\\\/uploads\\\/2013\\\/04\\\/logo-ACL.jpg\",\"contentUrl\":\"https:\\\/\\\/www.aclanester56.com\\\/velo\\\/wp-content\\\/uploads\\\/2013\\\/04\\\/logo-ACL.jpg\",\"width\":400,\"height\":334,\"caption\":\"Avenir Cycliste Lanester 56\"},\"image\":{\"@id\":\"https:\\\/\\\/www.aclanester56.com\\\/velo\\\/#\\\/schema\\\/logo\\\/image\\\/\"},\"sameAs\":[\"https:\\\/\\\/www.facebook.com\\\/pages\\\/AC-Lanester-56\\\/190286300991242?fref=ts\"]},{\"@type\":\"Person\",\"@id\":\"https:\\\/\\\/www.aclanester56.com\\\/velo\\\/#\\\/schema\\\/person\\\/ca2a44a5fd969e9dd846c72d3b33bc01\",\"name\":\"Jean-Christophe\",\"url\":\"https:\\\/\\\/www.aclanester56.com\\\/velo\\\/author\\\/jeanchristophe\\\/\"}]}<\/script>\n<!-- \/ Yoast SEO plugin. -->","yoast_head_json":{"title":"R\u00e9trospective 2011 (4\/7) - Avenir Cycliste Lanester 56","robots":{"index":"index","follow":"follow","max-snippet":"max-snippet:-1","max-image-preview":"max-image-preview:large","max-video-preview":"max-video-preview:-1"},"canonical":"https:\/\/www.aclanester56.com\/velo\/retrospective-2011-47\/","og_locale":"fr_FR","og_type":"article","og_title":"R\u00e9trospective 2011 (4\/7) - Avenir Cycliste Lanester 56","og_url":"https:\/\/www.aclanester56.com\/velo\/retrospective-2011-47\/","og_site_name":"Avenir Cycliste Lanester 56","article_publisher":"https:\/\/www.facebook.com\/pages\/AC-Lanester-56\/190286300991242?fref=ts","article_published_time":"2011-12-27T23:15:35+00:00","article_modified_time":"2013-12-22T19:55:50+00:00","og_image":[{"width":650,"height":300,"url":"https:\/\/www.aclanester56.com\/velo\/wp-content\/uploads\/2011\/05\/Arriv\u00e9e-3eme-\u00e9tape-Copie.jpg","type":"image\/jpeg"}],"author":"Jean-Christophe","twitter_misc":{"\u00c9crit par":"Jean-Christophe","Dur\u00e9e de lecture estim\u00e9e":"4 minutes"},"schema":{"@context":"https:\/\/schema.org","@graph":[{"@type":"Article","@id":"https:\/\/www.aclanester56.com\/velo\/retrospective-2011-47\/#article","isPartOf":{"@id":"https:\/\/www.aclanester56.com\/velo\/retrospective-2011-47\/"},"author":{"name":"Jean-Christophe","@id":"https:\/\/www.aclanester56.com\/velo\/#\/schema\/person\/ca2a44a5fd969e9dd846c72d3b33bc01"},"headline":"R\u00e9trospective 2011 (4\/7)","datePublished":"2011-12-27T23:15:35+00:00","dateModified":"2013-12-22T19:55:50+00:00","mainEntityOfPage":{"@id":"https:\/\/www.aclanester56.com\/velo\/retrospective-2011-47\/"},"wordCount":841,"commentCount":0,"publisher":{"@id":"https:\/\/www.aclanester56.com\/velo\/#organization"},"image":{"@id":"https:\/\/www.aclanester56.com\/velo\/retrospective-2011-47\/#primaryimage"},"thumbnailUrl":"https:\/\/www.aclanester56.com\/velo\/wp-content\/uploads\/2011\/05\/Arriv\u00e9e-3eme-\u00e9tape-Copie.jpg","articleSection":["AC LANESTER 56","Actualit\u00e9s DN"],"inLanguage":"fr-FR","potentialAction":[{"@type":"CommentAction","name":"Comment","target":["https:\/\/www.aclanester56.com\/velo\/retrospective-2011-47\/#respond"]}]},{"@type":"WebPage","@id":"https:\/\/www.aclanester56.com\/velo\/retrospective-2011-47\/","url":"https:\/\/www.aclanester56.com\/velo\/retrospective-2011-47\/","name":"R\u00e9trospective 2011 (4\/7) - Avenir Cycliste Lanester 56","isPartOf":{"@id":"https:\/\/www.aclanester56.com\/velo\/#website"},"primaryImageOfPage":{"@id":"https:\/\/www.aclanester56.com\/velo\/retrospective-2011-47\/#primaryimage"},"image":{"@id":"https:\/\/www.aclanester56.com\/velo\/retrospective-2011-47\/#primaryimage"},"thumbnailUrl":"https:\/\/www.aclanester56.com\/velo\/wp-content\/uploads\/2011\/05\/Arriv\u00e9e-3eme-\u00e9tape-Copie.jpg","datePublished":"2011-12-27T23:15:35+00:00","dateModified":"2013-12-22T19:55:50+00:00","inLanguage":"fr-FR","potentialAction":[{"@type":"ReadAction","target":["https:\/\/www.aclanester56.com\/velo\/retrospective-2011-47\/"]}]},{"@type":"ImageObject","inLanguage":"fr-FR","@id":"https:\/\/www.aclanester56.com\/velo\/retrospective-2011-47\/#primaryimage","url":"https:\/\/www.aclanester56.com\/velo\/wp-content\/uploads\/2011\/05\/Arriv\u00e9e-3eme-\u00e9tape-Copie.jpg","contentUrl":"https:\/\/www.aclanester56.com\/velo\/wp-content\/uploads\/2011\/05\/Arriv\u00e9e-3eme-\u00e9tape-Copie.jpg","width":650,"height":300},{"@type":"WebSite","@id":"https:\/\/www.aclanester56.com\/velo\/#website","url":"https:\/\/www.aclanester56.com\/velo\/","name":"Avenir Cycliste Lanester 56","description":"Club cycliste de l&#039;AC LANESTER 56","publisher":{"@id":"https:\/\/www.aclanester56.com\/velo\/#organization"},"potentialAction":[{"@type":"SearchAction","target":{"@type":"EntryPoint","urlTemplate":"https:\/\/www.aclanester56.com\/velo\/?s={search_term_string}"},"query-input":{"@type":"PropertyValueSpecification","valueRequired":true,"valueName":"search_term_string"}}],"inLanguage":"fr-FR"},{"@type":"Organization","@id":"https:\/\/www.aclanester56.com\/velo\/#organization","name":"Avenir Cycliste Lanester 56","url":"https:\/\/www.aclanester56.com\/velo\/","logo":{"@type":"ImageObject","inLanguage":"fr-FR","@id":"https:\/\/www.aclanester56.com\/velo\/#\/schema\/logo\/image\/","url":"https:\/\/www.aclanester56.com\/velo\/wp-content\/uploads\/2013\/04\/logo-ACL.jpg","contentUrl":"https:\/\/www.aclanester56.com\/velo\/wp-content\/uploads\/2013\/04\/logo-ACL.jpg","width":400,"height":334,"caption":"Avenir Cycliste Lanester 56"},"image":{"@id":"https:\/\/www.aclanester56.com\/velo\/#\/schema\/logo\/image\/"},"sameAs":["https:\/\/www.facebook.com\/pages\/AC-Lanester-56\/190286300991242?fref=ts"]},{"@type":"Person","@id":"https:\/\/www.aclanester56.com\/velo\/#\/schema\/person\/ca2a44a5fd969e9dd846c72d3b33bc01","name":"Jean-Christophe","url":"https:\/\/www.aclanester56.com\/velo\/author\/jeanchristophe\/"}]}},"_links":{"self":[{"href":"https:\/\/www.aclanester56.com\/velo\/wp-json\/wp\/v2\/posts\/10354","targetHints":{"allow":["GET"]}}],"collection":[{"href":"https:\/\/www.aclanester56.com\/velo\/wp-json\/wp\/v2\/posts"}],"about":[{"href":"https:\/\/www.aclanester56.com\/velo\/wp-json\/wp\/v2\/types\/post"}],"author":[{"embeddable":true,"href":"https:\/\/www.aclanester56.com\/velo\/wp-json\/wp\/v2\/users\/14"}],"replies":[{"embeddable":true,"href":"https:\/\/www.aclanester56.com\/velo\/wp-json\/wp\/v2\/comments?post=10354"}],"version-history":[{"count":0,"href":"https:\/\/www.aclanester56.com\/velo\/wp-json\/wp\/v2\/posts\/10354\/revisions"}],"wp:featuredmedia":[{"embeddable":true,"href":"https:\/\/www.aclanester56.com\/velo\/wp-json\/wp\/v2\/media\/8625"}],"wp:attachment":[{"href":"https:\/\/www.aclanester56.com\/velo\/wp-json\/wp\/v2\/media?parent=10354"}],"wp:term":[{"taxonomy":"category","embeddable":true,"href":"https:\/\/www.aclanester56.com\/velo\/wp-json\/wp\/v2\/categories?post=10354"},{"taxonomy":"post_tag","embeddable":true,"href":"https:\/\/www.aclanester56.com\/velo\/wp-json\/wp\/v2\/tags?post=10354"}],"curies":[{"name":"wp","href":"https:\/\/api.w.org\/{rel}","templated":true}]}}