{"id":10419,"date":"2011-12-29T21:22:45","date_gmt":"2011-12-29T20:22:45","guid":{"rendered":"http:\/\/www.aclanester56.com\/velo\/?p=10419"},"modified":"2013-12-22T21:55:39","modified_gmt":"2013-12-22T19:55:39","slug":"retrospective-2011-57","status":"publish","type":"post","link":"https:\/\/www.aclanester56.com\/velo\/retrospective-2011-57\/","title":{"rendered":"R\u00e9trospective 2011 (5\/7)"},"content":{"rendered":"<p style=\"text-align: justify;\"><!--more--><\/p>\n<p style=\"text-align: justify;\">En cette fin d&rsquo;ann\u00e9e, nous vous proposons toute la semaine de revivre quelques moments forts de l&rsquo;AC Lanester 56 en 2011 \u00e0 travers une s\u00e9lection d\u2019articles\u00a0publi\u00e9s durant l\u2019ann\u00e9e sur notre site internet !<\/p>\n<p style=\"text-align: justify;\">D\u00e9couvrez le cinqui\u00e8me volet aujourd\u2019hui.<\/p>\n<p style=\"text-align: center;\"><span style=\"color: #ff6600;\"><strong>******************************<\/strong><\/span><\/p>\n<p style=\"text-align: justify;\"><span style=\"color: #ff6600;\"><strong>29 juin 2011<\/strong><\/span> : Plus d&rsquo;une centaine de coureurs sont au d\u00e9part du Grand Prix de la Ville de Lanester, crit\u00e9rium disput\u00e9 en semi-nocturne. Sur cette organisation de l&rsquo;AC LANESTER 56, le Lanest\u00e9rien Warren BARGUIL l&#8217;emporte en solitaire \u00e0 domicile devant le Quimp\u00e9rois Yann LE QUEAU et un autre Lanest\u00e9rien en la personne de Vincent RAGOT !<\/p>\n<p style=\"text-align: justify;\"><a href=\"http:\/\/www.aclanester56.com\/velo\/2011\/06\/30\/warren-barguil-remporte-le-gp-de-la-ville-de-lanester-devant-les-siens\/\" target=\"_blank\">Retrouvez l\u2019article en cliquant ici.<\/a><\/p>\n<p style=\"text-align: center;\"><span style=\"color: #ff6600;\"><strong>******************************<\/strong><\/span><\/p>\n<div id=\"attachment_9174\" style=\"width: 312px\" class=\"wp-caption alignright\"><a href=\"http:\/\/www.aclanester56.com\/velo\/wp-content\/uploads\/2011\/07\/Mus\u00e9e-au-v\u00e9lo.jpg\"><img loading=\"lazy\" decoding=\"async\" aria-describedby=\"caption-attachment-9174\" class=\"size-full wp-image-9174\" title=\"L'\u00e9cole de cyclisme a visit\u00e9 le Mus\u00e9e du V\u00e9lo \u00e0 Man\u00e9houarn \u00e0 Plouay \u00e0 l'occasion du d\u00e9but des vacances d'\u00e9t\u00e9 ! (photo Sonia Ollivier)\" alt=\"\" src=\"http:\/\/www.aclanester56.com\/velo\/wp-content\/uploads\/2011\/07\/Mus\u00e9e-au-v\u00e9lo.jpg\" width=\"302\" height=\"226\" srcset=\"https:\/\/www.aclanester56.com\/velo\/wp-content\/uploads\/2011\/07\/Mus\u00e9e-au-v\u00e9lo.jpg 604w, https:\/\/www.aclanester56.com\/velo\/wp-content\/uploads\/2011\/07\/Mus\u00e9e-au-v\u00e9lo-300x225.jpg 300w, https:\/\/www.aclanester56.com\/velo\/wp-content\/uploads\/2011\/07\/Mus\u00e9e-au-v\u00e9lo-400x300.jpg 400w\" sizes=\"auto, (max-width: 302px) 100vw, 302px\" \/><\/a><p id=\"caption-attachment-9174\" class=\"wp-caption-text\">L&rsquo;\u00e9cole de cyclisme a visit\u00e9 le Mus\u00e9e du V\u00e9lo \u00e0 Man\u00e9houarn \u00e0 Plouay \u00e0 l&rsquo;occasion du d\u00e9but des vacances d&rsquo;\u00e9t\u00e9 ! (photo Sonia Ollivier)<\/p><\/div>\n<p> \u00a0<br \/> \u00a0<br \/> \u00a0<\/p>\n<p style=\"text-align: center;\"><span style=\"color: #ff6600;\"><strong>******************************<\/strong><\/span><\/p>\n<p style=\"text-align: justify;\"><span style=\"color: #ff6600;\"><strong>2 juillet 2011<\/strong><\/span> : A partir du d\u00e9but des vacances d&rsquo;\u00e9t\u00e9, l&rsquo;Ecole de Cyclisme met ses activit\u00e9s entre parenth\u00e8ses. Cela a \u00e9t\u00e9 l&rsquo;occasion pour les diff\u00e9rents intervenants de se r\u00e9unir une derni\u00e8re fois sur toute une journ\u00e9e avec au programme la visite du Mus\u00e9e du V\u00e9lo, quelques jeux conviviaux avant de partager un repas dansant.<\/p>\n<p style=\"text-align: justify;\"><a href=\"http:\/\/www.aclanester56.com\/velo\/2011\/07\/08\/lecole-de-cyclisme-fete-lete\/\" target=\"_blank\">Retrouvez l\u2019article en cliquant ici.<\/a><\/p>\n<p style=\"text-align: center;\"><span style=\"color: #ff6600;\"><strong>******************************<\/strong><\/span><\/p>\n<div id=\"attachment_9100\" style=\"width: 310px\" class=\"wp-caption alignleft\"><a href=\"http:\/\/www.aclanester56.com\/velo\/wp-content\/uploads\/2011\/07\/Manche-Oc\u00e9an-Victoire-de-Vincent-Ragot.jpg\"><img loading=\"lazy\" decoding=\"async\" aria-describedby=\"caption-attachment-9100\" class=\"size-full wp-image-9100\" title=\"Le Lanest\u00e9rien Vincent Ragot \u00e9tait le plus fort sur la classique Manche-Oc\u00e9an ! (photo www.bretagne-cyclisme.com)\" alt=\"\" src=\"http:\/\/www.aclanester56.com\/velo\/wp-content\/uploads\/2011\/07\/Manche-Oc\u00e9an-Victoire-de-Vincent-Ragot.jpg\" width=\"300\" height=\"211\" srcset=\"https:\/\/www.aclanester56.com\/velo\/wp-content\/uploads\/2011\/07\/Manche-Oc\u00e9an-Victoire-de-Vincent-Ragot.jpg 600w, https:\/\/www.aclanester56.com\/velo\/wp-content\/uploads\/2011\/07\/Manche-Oc\u00e9an-Victoire-de-Vincent-Ragot-300x211.jpg 300w, https:\/\/www.aclanester56.com\/velo\/wp-content\/uploads\/2011\/07\/Manche-Oc\u00e9an-Victoire-de-Vincent-Ragot-425x300.jpg 425w\" sizes=\"auto, (max-width: 300px) 100vw, 300px\" \/><\/a><p id=\"caption-attachment-9100\" class=\"wp-caption-text\">Le Lanest\u00e9rien Vincent Ragot \u00e9tait le plus fort sur la classique Manche-Oc\u00e9an ! (photo www.bretagne-cyclisme.com)<\/p><\/div>\n<p> \u00a0<br \/> \u00a0<br \/> \u00a0<\/p>\n<p style=\"text-align: center;\"><span style=\"color: #ff6600;\"><strong>******************************<\/strong><\/span><\/p>\n<p style=\"text-align: justify;\"><span style=\"color: #ff6600;\"><strong>3 juillet 2011<\/strong><\/span> : Vincent RAGOT (AC LANESTER 56) remporte un splendide succ\u00e8s sur Manche-Oc\u00e9an, l&rsquo;une des plus belles classiques bretonnes disput\u00e9e entre Corlay et Pluneret !<\/p>\n<p style=\"text-align: justify;\"><a href=\"http:\/\/www.aclanester56.com\/velo\/2011\/07\/03\/la-classique-manche-ocean-pour-le-lanesterien-vincent-ragot\/\" target=\"_blank\">Retrouvez l\u2019article en cliquant ici.<\/a><\/p>\n<p style=\"text-align: center;\"><span style=\"color: #ff6600;\"><strong>******************************<\/strong><\/span><\/p>\n<div id=\"attachment_9222\" style=\"width: 330px\" class=\"wp-caption alignright\"><a href=\"http:\/\/www.aclanester56.com\/velo\/wp-content\/uploads\/2011\/07\/Podium-cadets.jpg\"><img loading=\"lazy\" decoding=\"async\" aria-describedby=\"caption-attachment-9222\" class=\"size-full wp-image-9222\" title=\"Le Lanest\u00e9rien Nicolas Primas occupe la 3\u00e8me marche d'un tr\u00e8s beau podium sur le championnat de Bretagne cadets (photo Camille Nicol)\" alt=\"\" src=\"http:\/\/www.aclanester56.com\/velo\/wp-content\/uploads\/2011\/07\/Podium-cadets.jpg\" width=\"320\" height=\"228\" srcset=\"https:\/\/www.aclanester56.com\/velo\/wp-content\/uploads\/2011\/07\/Podium-cadets.jpg 640w, https:\/\/www.aclanester56.com\/velo\/wp-content\/uploads\/2011\/07\/Podium-cadets-300x213.jpg 300w, https:\/\/www.aclanester56.com\/velo\/wp-content\/uploads\/2011\/07\/Podium-cadets-421x300.jpg 421w\" sizes=\"auto, (max-width: 320px) 100vw, 320px\" \/><\/a><p id=\"caption-attachment-9222\" class=\"wp-caption-text\">Le Lanest\u00e9rien Nicolas Primas occupe la 3\u00e8me marche d&rsquo;un tr\u00e8s beau podium sur le championnat de Bretagne cadets (photo Camille Nicol)<\/p><\/div>\n<p style=\"text-align: center;\"><span style=\"color: #ff6600;\"><strong>******************************<\/strong><\/span><\/p>\n<p style=\"text-align: justify;\"><span style=\"color: #ff6600;\"><strong>17 juillet 2011<\/strong><\/span> : Les Championnats de Bretagne de l&rsquo;Avenir se d\u00e9roulent cette ann\u00e9e \u00e0 Plo\u00ebrdut. Vice-champion de Bretagne minimes en 2010, le Lanest\u00e9rien Nicolas PRIMAS r\u00e9alise une grosse performance en prenant la 3\u00e8me place du championnat de Bretagne cadets pour sa premi\u00e8re ann\u00e9e dans la cat\u00e9gorie !<\/p>\n<p style=\"text-align: justify;\"><a href=\"http:\/\/www.aclanester56.com\/velo\/2011\/07\/19\/championnats-de-bretagne-de-lavenir-a-nicolas-primas-3eme-chez-les-cadets\/\" target=\"_blank\">Retrouvez l\u2019article en cliquant ici.<\/a><\/p>\n<p style=\"text-align: center;\"><span style=\"color: #ff6600;\"><strong>******************************<\/strong><\/span><\/p>\n<div id=\"attachment_9309\" style=\"width: 310px\" class=\"wp-caption alignleft\"><a href=\"http:\/\/www.aclanester56.com\/velo\/wp-content\/uploads\/2011\/07\/Mira-Locqu\u00e9nol\u00e9.jpg\"><img loading=\"lazy\" decoding=\"async\" aria-describedby=\"caption-attachment-9309\" class=\"size-full wp-image-9309\" title=\"Sur le terrible circuit de Locqu\u00e9nol\u00e9, Anthony Mira s'est montr\u00e9 le plus fort en l'emportant en solitaire avec plus d'une minute d'avance sur ses poursuivants (photo bretagne-cyclisme.com)\" alt=\"\" src=\"http:\/\/www.aclanester56.com\/velo\/wp-content\/uploads\/2011\/07\/Mira-Locqu\u00e9nol\u00e9.jpg\" width=\"300\" height=\"227\" srcset=\"https:\/\/www.aclanester56.com\/velo\/wp-content\/uploads\/2011\/07\/Mira-Locqu\u00e9nol\u00e9.jpg 600w, https:\/\/www.aclanester56.com\/velo\/wp-content\/uploads\/2011\/07\/Mira-Locqu\u00e9nol\u00e9-300x227.jpg 300w, https:\/\/www.aclanester56.com\/velo\/wp-content\/uploads\/2011\/07\/Mira-Locqu\u00e9nol\u00e9-395x300.jpg 395w\" sizes=\"auto, (max-width: 300px) 100vw, 300px\" \/><\/a><p id=\"caption-attachment-9309\" class=\"wp-caption-text\">Sur le terrible circuit de Locqu\u00e9nol\u00e9, Anthony Mira s&rsquo;est montr\u00e9 le plus fort en l&#8217;emportant en solitaire avec plus d&rsquo;une minute d&rsquo;avance sur ses poursuivants (photo bretagne-cyclisme.com)<\/p><\/div>\n<p style=\"text-align: center;\"><span style=\"color: #ff6600;\"><strong>******************************<\/strong><\/span><\/p>\n<p style=\"text-align: justify;\"><span style=\"color: #ff6600;\"><strong>24 juillet 2011<\/strong><\/span> : Les coureurs de l&rsquo;AC LANESTER 56 r\u00e9alisent \u00e0 nouveau un excellent week-end dans toutes les cat\u00e9gories ! K\u00e9vin BARGUIL l&#8217;emporte \u00e0 Bannalec en cadets et Matthieu GAULTIER est vainqueur \u00e0 Merdrignac en 2\u00e8me cat\u00e9gorie, tout comme Jef BONNO \u00e0 Loh\u00e9ac. Ma\u00ebl NIVINOU gagne \u00e0 Bannalec avec le maillot jaune de leader du Troph\u00e9e Elle-Isole sur le dos, tandis que Anthony MIRA domine de la t\u00eate et des \u00e9paules la difficile \u00e9preuve de Locqu\u00e9nol\u00e9 sur la Ronde Finist\u00e9rienne !<\/p>\n<p style=\"text-align: justify;\"><a href=\"http:\/\/www.aclanester56.com\/velo\/2011\/07\/24\/beaucoup-de-victoires-ce-week-end\/\" target=\"_blank\">Retrouvez l\u2019article en cliquant ici.<\/a><\/p>\n<p style=\"text-align: center;\"><span style=\"color: #ff6600;\"><strong>******************************<\/strong><\/span><\/p>\n<div id=\"attachment_9380\" style=\"width: 277px\" class=\"wp-caption alignright\"><a href=\"http:\/\/www.aclanester56.com\/velo\/wp-content\/uploads\/2011\/08\/entrainement-sur-la-piste-de-lanester-5-redim1024-800x600.jpg\"><img loading=\"lazy\" decoding=\"async\" aria-describedby=\"caption-attachment-9380\" class=\"size-large wp-image-9380\" title=\"Huit cadets \u00e9taient pr\u00e9sents pour la reprise de l'entrainement sur un anneau G\u00e9rard Le Maguer s'\u00e9tant refait une beaut\u00e9 ! (photo J-M Morvan)\" alt=\"\" src=\"http:\/\/www.aclanester56.com\/velo\/wp-content\/uploads\/2011\/08\/entrainement-sur-la-piste-de-lanester-5-redim1024-800x600.jpg\" width=\"267\" height=\"200\" srcset=\"https:\/\/www.aclanester56.com\/velo\/wp-content\/uploads\/2011\/08\/entrainement-sur-la-piste-de-lanester-5-redim1024-800x600.jpg 800w, https:\/\/www.aclanester56.com\/velo\/wp-content\/uploads\/2011\/08\/entrainement-sur-la-piste-de-lanester-5-redim1024-300x225.jpg 300w, https:\/\/www.aclanester56.com\/velo\/wp-content\/uploads\/2011\/08\/entrainement-sur-la-piste-de-lanester-5-redim1024-400x300.jpg 400w, https:\/\/www.aclanester56.com\/velo\/wp-content\/uploads\/2011\/08\/entrainement-sur-la-piste-de-lanester-5-redim1024.jpg 1024w\" sizes=\"auto, (max-width: 267px) 100vw, 267px\" \/><\/a><p id=\"caption-attachment-9380\" class=\"wp-caption-text\">Huit cadets \u00e9taient pr\u00e9sents pour la reprise de l&rsquo;entrainement sur un anneau G\u00e9rard Le Maguer s&rsquo;\u00e9tant refait une beaut\u00e9 ! (photo J-M Morvan)<\/p><\/div>\n<p> \u00a0<br \/> \u00a0<br \/> \u00a0<\/p>\n<p style=\"text-align: center;\"><span style=\"color: #ff6600;\"><strong>******************************<\/strong><\/span><\/p>\n<p style=\"text-align: justify;\"><span style=\"color: #ff6600;\"><strong>12 ao\u00fbt 2011<\/strong><\/span> : Le rev\u00eatement de l&rsquo;anneau cycliste G\u00e9rard LE MAGUER a \u00e9t\u00e9 r\u00e9nov\u00e9 durant le mois de juillet. Lors de la reprise de l&rsquo;entrainement des minimes-cadets sur piste, les jeunes Lanest\u00e9riens ont d\u00e9couvert la nouvelle couleur \u00ab\u00a0pierre\u00a0\u00bb de leur bel outil de travail !<\/p>\n<p style=\"text-align: justify;\"><a href=\"http:\/\/www.aclanester56.com\/velo\/2011\/08\/15\/premier-entrainement-sur-piste-des-cadets-sur-lanneau-gerard-le-maguer-renove\/\" target=\"_blank\">Retrouvez l\u2019article en cliquant ici.<\/a><\/p>\n<p style=\"text-align: center;\"><span style=\"color: #ff6600;\"><strong>******************************<\/strong><\/span><\/p>\n","protected":false},"excerpt":{"rendered":"","protected":false},"author":14,"featured_media":9056,"comment_status":"open","ping_status":"closed","sticky":false,"template":"","format":"standard","meta":{"ngg_post_thumbnail":0,"footnotes":""},"categories":[5],"tags":[],"class_list":["post-10419","post","type-post","status-publish","format-standard","has-post-thumbnail","hentry","category-ac-lanester-56"],"yoast_head":"<!-- This site is optimized with the Yoast SEO plugin v27.5 - https:\/\/yoast.com\/product\/yoast-seo-wordpress\/ -->\n<title>R\u00e9trospective 2011 (5\/7) - Avenir Cycliste Lanester 56<\/title>\n<meta name=\"robots\" content=\"index, follow, max-snippet:-1, max-image-preview:large, max-video-preview:-1\" \/>\n<link rel=\"canonical\" href=\"https:\/\/www.aclanester56.com\/velo\/retrospective-2011-57\/\" \/>\n<meta property=\"og:locale\" content=\"fr_FR\" \/>\n<meta property=\"og:type\" content=\"article\" \/>\n<meta property=\"og:title\" content=\"R\u00e9trospective 2011 (5\/7) - Avenir Cycliste Lanester 56\" \/>\n<meta property=\"og:url\" content=\"https:\/\/www.aclanester56.com\/velo\/retrospective-2011-57\/\" \/>\n<meta property=\"og:site_name\" content=\"Avenir Cycliste Lanester 56\" \/>\n<meta property=\"article:publisher\" content=\"https:\/\/www.facebook.com\/pages\/AC-Lanester-56\/190286300991242?fref=ts\" \/>\n<meta property=\"article:published_time\" content=\"2011-12-29T20:22:45+00:00\" \/>\n<meta property=\"article:modified_time\" content=\"2013-12-22T19:55:39+00:00\" \/>\n<meta property=\"og:image\" content=\"https:\/\/www.aclanester56.com\/velo\/wp-content\/uploads\/2011\/06\/Copie-de-1_v99.jpg\" \/>\n\t<meta property=\"og:image:width\" content=\"650\" \/>\n\t<meta property=\"og:image:height\" content=\"300\" \/>\n\t<meta property=\"og:image:type\" content=\"image\/jpeg\" \/>\n<meta name=\"author\" content=\"Jean-Christophe\" \/>\n<meta name=\"twitter:label1\" content=\"\u00c9crit par\" \/>\n\t<meta name=\"twitter:data1\" content=\"Jean-Christophe\" \/>\n\t<meta name=\"twitter:label2\" content=\"Dur\u00e9e de lecture estim\u00e9e\" \/>\n\t<meta name=\"twitter:data2\" content=\"3 minutes\" \/>\n<script type=\"application\/ld+json\" class=\"yoast-schema-graph\">{\"@context\":\"https:\\\/\\\/schema.org\",\"@graph\":[{\"@type\":\"Article\",\"@id\":\"https:\\\/\\\/www.aclanester56.com\\\/velo\\\/retrospective-2011-57\\\/#article\",\"isPartOf\":{\"@id\":\"https:\\\/\\\/www.aclanester56.com\\\/velo\\\/retrospective-2011-57\\\/\"},\"author\":{\"name\":\"Jean-Christophe\",\"@id\":\"https:\\\/\\\/www.aclanester56.com\\\/velo\\\/#\\\/schema\\\/person\\\/ca2a44a5fd969e9dd846c72d3b33bc01\"},\"headline\":\"R\u00e9trospective 2011 (5\\\/7)\",\"datePublished\":\"2011-12-29T20:22:45+00:00\",\"dateModified\":\"2013-12-22T19:55:39+00:00\",\"mainEntityOfPage\":{\"@id\":\"https:\\\/\\\/www.aclanester56.com\\\/velo\\\/retrospective-2011-57\\\/\"},\"wordCount\":560,\"commentCount\":0,\"publisher\":{\"@id\":\"https:\\\/\\\/www.aclanester56.com\\\/velo\\\/#organization\"},\"image\":{\"@id\":\"https:\\\/\\\/www.aclanester56.com\\\/velo\\\/retrospective-2011-57\\\/#primaryimage\"},\"thumbnailUrl\":\"https:\\\/\\\/www.aclanester56.com\\\/velo\\\/wp-content\\\/uploads\\\/2011\\\/06\\\/Copie-de-1_v99.jpg\",\"articleSection\":[\"AC LANESTER 56\"],\"inLanguage\":\"fr-FR\",\"potentialAction\":[{\"@type\":\"CommentAction\",\"name\":\"Comment\",\"target\":[\"https:\\\/\\\/www.aclanester56.com\\\/velo\\\/retrospective-2011-57\\\/#respond\"]}]},{\"@type\":\"WebPage\",\"@id\":\"https:\\\/\\\/www.aclanester56.com\\\/velo\\\/retrospective-2011-57\\\/\",\"url\":\"https:\\\/\\\/www.aclanester56.com\\\/velo\\\/retrospective-2011-57\\\/\",\"name\":\"R\u00e9trospective 2011 (5\\\/7) - Avenir Cycliste Lanester 56\",\"isPartOf\":{\"@id\":\"https:\\\/\\\/www.aclanester56.com\\\/velo\\\/#website\"},\"primaryImageOfPage\":{\"@id\":\"https:\\\/\\\/www.aclanester56.com\\\/velo\\\/retrospective-2011-57\\\/#primaryimage\"},\"image\":{\"@id\":\"https:\\\/\\\/www.aclanester56.com\\\/velo\\\/retrospective-2011-57\\\/#primaryimage\"},\"thumbnailUrl\":\"https:\\\/\\\/www.aclanester56.com\\\/velo\\\/wp-content\\\/uploads\\\/2011\\\/06\\\/Copie-de-1_v99.jpg\",\"datePublished\":\"2011-12-29T20:22:45+00:00\",\"dateModified\":\"2013-12-22T19:55:39+00:00\",\"inLanguage\":\"fr-FR\",\"potentialAction\":[{\"@type\":\"ReadAction\",\"target\":[\"https:\\\/\\\/www.aclanester56.com\\\/velo\\\/retrospective-2011-57\\\/\"]}]},{\"@type\":\"ImageObject\",\"inLanguage\":\"fr-FR\",\"@id\":\"https:\\\/\\\/www.aclanester56.com\\\/velo\\\/retrospective-2011-57\\\/#primaryimage\",\"url\":\"https:\\\/\\\/www.aclanester56.com\\\/velo\\\/wp-content\\\/uploads\\\/2011\\\/06\\\/Copie-de-1_v99.jpg\",\"contentUrl\":\"https:\\\/\\\/www.aclanester56.com\\\/velo\\\/wp-content\\\/uploads\\\/2011\\\/06\\\/Copie-de-1_v99.jpg\",\"width\":650,\"height\":300},{\"@type\":\"WebSite\",\"@id\":\"https:\\\/\\\/www.aclanester56.com\\\/velo\\\/#website\",\"url\":\"https:\\\/\\\/www.aclanester56.com\\\/velo\\\/\",\"name\":\"Avenir Cycliste Lanester 56\",\"description\":\"Club cycliste de l&#039;AC LANESTER 56\",\"publisher\":{\"@id\":\"https:\\\/\\\/www.aclanester56.com\\\/velo\\\/#organization\"},\"potentialAction\":[{\"@type\":\"SearchAction\",\"target\":{\"@type\":\"EntryPoint\",\"urlTemplate\":\"https:\\\/\\\/www.aclanester56.com\\\/velo\\\/?s={search_term_string}\"},\"query-input\":{\"@type\":\"PropertyValueSpecification\",\"valueRequired\":true,\"valueName\":\"search_term_string\"}}],\"inLanguage\":\"fr-FR\"},{\"@type\":\"Organization\",\"@id\":\"https:\\\/\\\/www.aclanester56.com\\\/velo\\\/#organization\",\"name\":\"Avenir Cycliste Lanester 56\",\"url\":\"https:\\\/\\\/www.aclanester56.com\\\/velo\\\/\",\"logo\":{\"@type\":\"ImageObject\",\"inLanguage\":\"fr-FR\",\"@id\":\"https:\\\/\\\/www.aclanester56.com\\\/velo\\\/#\\\/schema\\\/logo\\\/image\\\/\",\"url\":\"https:\\\/\\\/www.aclanester56.com\\\/velo\\\/wp-content\\\/uploads\\\/2013\\\/04\\\/logo-ACL.jpg\",\"contentUrl\":\"https:\\\/\\\/www.aclanester56.com\\\/velo\\\/wp-content\\\/uploads\\\/2013\\\/04\\\/logo-ACL.jpg\",\"width\":400,\"height\":334,\"caption\":\"Avenir Cycliste Lanester 56\"},\"image\":{\"@id\":\"https:\\\/\\\/www.aclanester56.com\\\/velo\\\/#\\\/schema\\\/logo\\\/image\\\/\"},\"sameAs\":[\"https:\\\/\\\/www.facebook.com\\\/pages\\\/AC-Lanester-56\\\/190286300991242?fref=ts\"]},{\"@type\":\"Person\",\"@id\":\"https:\\\/\\\/www.aclanester56.com\\\/velo\\\/#\\\/schema\\\/person\\\/ca2a44a5fd969e9dd846c72d3b33bc01\",\"name\":\"Jean-Christophe\",\"url\":\"https:\\\/\\\/www.aclanester56.com\\\/velo\\\/author\\\/jeanchristophe\\\/\"}]}<\/script>\n<!-- \/ Yoast SEO plugin. -->","yoast_head_json":{"title":"R\u00e9trospective 2011 (5\/7) - Avenir Cycliste Lanester 56","robots":{"index":"index","follow":"follow","max-snippet":"max-snippet:-1","max-image-preview":"max-image-preview:large","max-video-preview":"max-video-preview:-1"},"canonical":"https:\/\/www.aclanester56.com\/velo\/retrospective-2011-57\/","og_locale":"fr_FR","og_type":"article","og_title":"R\u00e9trospective 2011 (5\/7) - Avenir Cycliste Lanester 56","og_url":"https:\/\/www.aclanester56.com\/velo\/retrospective-2011-57\/","og_site_name":"Avenir Cycliste Lanester 56","article_publisher":"https:\/\/www.facebook.com\/pages\/AC-Lanester-56\/190286300991242?fref=ts","article_published_time":"2011-12-29T20:22:45+00:00","article_modified_time":"2013-12-22T19:55:39+00:00","og_image":[{"width":650,"height":300,"url":"https:\/\/www.aclanester56.com\/velo\/wp-content\/uploads\/2011\/06\/Copie-de-1_v99.jpg","type":"image\/jpeg"}],"author":"Jean-Christophe","twitter_misc":{"\u00c9crit par":"Jean-Christophe","Dur\u00e9e de lecture estim\u00e9e":"3 minutes"},"schema":{"@context":"https:\/\/schema.org","@graph":[{"@type":"Article","@id":"https:\/\/www.aclanester56.com\/velo\/retrospective-2011-57\/#article","isPartOf":{"@id":"https:\/\/www.aclanester56.com\/velo\/retrospective-2011-57\/"},"author":{"name":"Jean-Christophe","@id":"https:\/\/www.aclanester56.com\/velo\/#\/schema\/person\/ca2a44a5fd969e9dd846c72d3b33bc01"},"headline":"R\u00e9trospective 2011 (5\/7)","datePublished":"2011-12-29T20:22:45+00:00","dateModified":"2013-12-22T19:55:39+00:00","mainEntityOfPage":{"@id":"https:\/\/www.aclanester56.com\/velo\/retrospective-2011-57\/"},"wordCount":560,"commentCount":0,"publisher":{"@id":"https:\/\/www.aclanester56.com\/velo\/#organization"},"image":{"@id":"https:\/\/www.aclanester56.com\/velo\/retrospective-2011-57\/#primaryimage"},"thumbnailUrl":"https:\/\/www.aclanester56.com\/velo\/wp-content\/uploads\/2011\/06\/Copie-de-1_v99.jpg","articleSection":["AC LANESTER 56"],"inLanguage":"fr-FR","potentialAction":[{"@type":"CommentAction","name":"Comment","target":["https:\/\/www.aclanester56.com\/velo\/retrospective-2011-57\/#respond"]}]},{"@type":"WebPage","@id":"https:\/\/www.aclanester56.com\/velo\/retrospective-2011-57\/","url":"https:\/\/www.aclanester56.com\/velo\/retrospective-2011-57\/","name":"R\u00e9trospective 2011 (5\/7) - Avenir Cycliste Lanester 56","isPartOf":{"@id":"https:\/\/www.aclanester56.com\/velo\/#website"},"primaryImageOfPage":{"@id":"https:\/\/www.aclanester56.com\/velo\/retrospective-2011-57\/#primaryimage"},"image":{"@id":"https:\/\/www.aclanester56.com\/velo\/retrospective-2011-57\/#primaryimage"},"thumbnailUrl":"https:\/\/www.aclanester56.com\/velo\/wp-content\/uploads\/2011\/06\/Copie-de-1_v99.jpg","datePublished":"2011-12-29T20:22:45+00:00","dateModified":"2013-12-22T19:55:39+00:00","inLanguage":"fr-FR","potentialAction":[{"@type":"ReadAction","target":["https:\/\/www.aclanester56.com\/velo\/retrospective-2011-57\/"]}]},{"@type":"ImageObject","inLanguage":"fr-FR","@id":"https:\/\/www.aclanester56.com\/velo\/retrospective-2011-57\/#primaryimage","url":"https:\/\/www.aclanester56.com\/velo\/wp-content\/uploads\/2011\/06\/Copie-de-1_v99.jpg","contentUrl":"https:\/\/www.aclanester56.com\/velo\/wp-content\/uploads\/2011\/06\/Copie-de-1_v99.jpg","width":650,"height":300},{"@type":"WebSite","@id":"https:\/\/www.aclanester56.com\/velo\/#website","url":"https:\/\/www.aclanester56.com\/velo\/","name":"Avenir Cycliste Lanester 56","description":"Club cycliste de l&#039;AC LANESTER 56","publisher":{"@id":"https:\/\/www.aclanester56.com\/velo\/#organization"},"potentialAction":[{"@type":"SearchAction","target":{"@type":"EntryPoint","urlTemplate":"https:\/\/www.aclanester56.com\/velo\/?s={search_term_string}"},"query-input":{"@type":"PropertyValueSpecification","valueRequired":true,"valueName":"search_term_string"}}],"inLanguage":"fr-FR"},{"@type":"Organization","@id":"https:\/\/www.aclanester56.com\/velo\/#organization","name":"Avenir Cycliste Lanester 56","url":"https:\/\/www.aclanester56.com\/velo\/","logo":{"@type":"ImageObject","inLanguage":"fr-FR","@id":"https:\/\/www.aclanester56.com\/velo\/#\/schema\/logo\/image\/","url":"https:\/\/www.aclanester56.com\/velo\/wp-content\/uploads\/2013\/04\/logo-ACL.jpg","contentUrl":"https:\/\/www.aclanester56.com\/velo\/wp-content\/uploads\/2013\/04\/logo-ACL.jpg","width":400,"height":334,"caption":"Avenir Cycliste Lanester 56"},"image":{"@id":"https:\/\/www.aclanester56.com\/velo\/#\/schema\/logo\/image\/"},"sameAs":["https:\/\/www.facebook.com\/pages\/AC-Lanester-56\/190286300991242?fref=ts"]},{"@type":"Person","@id":"https:\/\/www.aclanester56.com\/velo\/#\/schema\/person\/ca2a44a5fd969e9dd846c72d3b33bc01","name":"Jean-Christophe","url":"https:\/\/www.aclanester56.com\/velo\/author\/jeanchristophe\/"}]}},"_links":{"self":[{"href":"https:\/\/www.aclanester56.com\/velo\/wp-json\/wp\/v2\/posts\/10419","targetHints":{"allow":["GET"]}}],"collection":[{"href":"https:\/\/www.aclanester56.com\/velo\/wp-json\/wp\/v2\/posts"}],"about":[{"href":"https:\/\/www.aclanester56.com\/velo\/wp-json\/wp\/v2\/types\/post"}],"author":[{"embeddable":true,"href":"https:\/\/www.aclanester56.com\/velo\/wp-json\/wp\/v2\/users\/14"}],"replies":[{"embeddable":true,"href":"https:\/\/www.aclanester56.com\/velo\/wp-json\/wp\/v2\/comments?post=10419"}],"version-history":[{"count":0,"href":"https:\/\/www.aclanester56.com\/velo\/wp-json\/wp\/v2\/posts\/10419\/revisions"}],"wp:featuredmedia":[{"embeddable":true,"href":"https:\/\/www.aclanester56.com\/velo\/wp-json\/wp\/v2\/media\/9056"}],"wp:attachment":[{"href":"https:\/\/www.aclanester56.com\/velo\/wp-json\/wp\/v2\/media?parent=10419"}],"wp:term":[{"taxonomy":"category","embeddable":true,"href":"https:\/\/www.aclanester56.com\/velo\/wp-json\/wp\/v2\/categories?post=10419"},{"taxonomy":"post_tag","embeddable":true,"href":"https:\/\/www.aclanester56.com\/velo\/wp-json\/wp\/v2\/tags?post=10419"}],"curies":[{"name":"wp","href":"https:\/\/api.w.org\/{rel}","templated":true}]}}