{"id":10496,"date":"2011-12-31T00:05:31","date_gmt":"2011-12-30T23:05:31","guid":{"rendered":"http:\/\/www.aclanester56.com\/velo\/?p=10496"},"modified":"2012-01-08T21:24:49","modified_gmt":"2012-01-08T20:24:49","slug":"voeux-2012-du-president-de-l%e2%80%99ac-lanester-56-jean-yves-le-gal","status":"publish","type":"post","link":"https:\/\/www.aclanester56.com\/velo\/voeux-2012-du-president-de-l%e2%80%99ac-lanester-56-jean-yves-le-gal\/","title":{"rendered":"Voeux 2012 du pr\u00e9sident de l\u2019AC LANESTER 56 Jean-Yves LE GAL"},"content":{"rendered":"<div id=\"attachment_8813\" style=\"width: 220px\" class=\"wp-caption alignleft\"><a href=\"http:\/\/www.aclanester56.com\/velo\/wp-content\/uploads\/2011\/06\/Jean-Yves-Le-Gal.jpg\"><img loading=\"lazy\" decoding=\"async\" aria-describedby=\"caption-attachment-8813\" src=\"http:\/\/www.aclanester56.com\/velo\/wp-content\/uploads\/2011\/06\/Jean-Yves-Le-Gal.jpg\" alt=\"\" title=\"Jean-Yves Le Gal, pr\u00e9sident de l&#039;AC LANESTER 56, vous pr\u00e9sente ses voeux pour 2012\" width=\"210\" height=\"256\" class=\"size-full wp-image-8813\" srcset=\"https:\/\/www.aclanester56.com\/velo\/wp-content\/uploads\/2011\/06\/Jean-Yves-Le-Gal.jpg 420w, https:\/\/www.aclanester56.com\/velo\/wp-content\/uploads\/2011\/06\/Jean-Yves-Le-Gal-246x300.jpg 246w\" sizes=\"auto, (max-width: 210px) 100vw, 210px\" \/><\/a><p id=\"caption-attachment-8813\" class=\"wp-caption-text\">Jean-Yves Le Gal, pr\u00e9sident de l&#039;AC LANESTER 56, vous pr\u00e9sente ses voeux pour 2012<\/p><\/div>\n<p style=\"text-align: justify;\">Jean-Yves LE GAL, dynamique pr\u00e9sident de l\u2019AC LANESTER 56, formule ses voeux \u00e0 destination de l\u2019ensemble des acteurs du club pour la nouvelle ann\u00e9e qui d\u00e9bute !<\/p>\n<p><!--more--><br \/>\n&nbsp;<\/p>\n<p style=\"text-align: justify;\"><em><strong>\u00ab\u00a0L\u2019ann\u00e9e 2011 se termine et comme tous les ans \u00e0 cette \u00e9poque, des r\u00e9trospectives sont r\u00e9alis\u00e9es et les premiers bilans sont faits.\u00a0<\/strong><\/em><\/p>\n<p style=\"text-align: justify;\"><em><strong>Notre structure a v\u00e9cu bien des \u00e9v\u00e9nements en 2011, des bons moments que nous n\u2019avons sans doute pas su vraiment appr\u00e9cier \u2026 et des moments d\u00e9licats auxquels nous avons peut \u00eatre donn\u00e9 trop d\u2019importance.\u00a0<\/strong><\/em><\/p>\n<p style=\"text-align: justify;\"><em><strong>Nous avons d\u00e9cid\u00e9, en juillet dernier, de ne pas reconduire notre pr\u00e9sence dans le haut niveau en 2012, conscients que cette vitrine DN n\u2019\u00e9tait pas une finalit\u00e9 pour le club.\u00a0<\/strong><\/em><\/p>\n<p style=\"text-align: justify;\"><em><strong>Pour de nombreuses personnes, cette d\u00e9cision demeure paradoxale au regard de nos excellents r\u00e9sultats sportifs, l\u2019AC LANESTER 56 \u00e9tant class\u00e9 15<sup>\u00e8me<\/sup> club amateur fran\u00e7ais cette ann\u00e9e par le site \u00ab\u00a0DirectV\u00e9lo\u00a0\u00bb.\u00a0<\/strong><\/em><\/p>\n<p style=\"text-align: justify;\"><em><strong>La preuve est ainsi faite que les r\u00e9sultats ne sont pas syst\u00e9matiquement en ad\u00e9quation avec le fonctionnement des structures qui h\u00e9bergent les athl\u00e8tes auteurs des exploits sportifs.\u00a0<\/strong><\/em><\/p>\n<p style=\"text-align: justify;\"><em><strong>Nous nous sommes mis d\u2019accord au m\u00eame moment pour renforcer notre c\u0153ur d\u2019activit\u00e9 qu\u2019est la formation et conforter notre savoir-faire dans l\u2019organisation de belles courses\u00a0:\u00a0<\/strong><\/em><\/p>\n<p style=\"text-align: justify;\"><em><strong>&#8211; La formation des jeunes, que nous accueillons toujours plus nombreux, motive l\u2019implication des b\u00e9n\u00e9voles et conforte l\u2019engagement de nos partenaires.\u00a0<\/strong><\/em><\/p>\n<p style=\"text-align: justify;\"><em><strong>&#8211; Nos \u00e9preuves qui se bonifient, \u00e0 l\u2019image du TRO DIV STER pour lequel le Comit\u00e9 d\u2019Organisation pr\u00e9pare activement l&rsquo;\u00e9dition 2012. \u00a0<\/strong><\/em><\/p>\n<p style=\"text-align: justify;\"><em><strong>Le Comit\u00e9 Directeur a pris ces d\u00e9cisions, avant tout, dans l\u2019int\u00e9r\u00eat de la structure et de l\u2019ensemble de ses membres. <\/strong><\/em><\/p>\n<p style=\"text-align: justify;\"><em><strong>Les choix d\u2019aujourd\u2019hui ne seront peut \u00eatre pas ceux de demain mais avec le souhait qu\u2019ils soient lucides des contraintes et des risques du moment pour pr\u00e9server l\u2019association.\u00a0<\/strong><\/em><\/p>\n<p style=\"text-align: justify;\"><em><strong>La ma\u00eetrise de notre fonctionnement, la volont\u00e9 de bien faire et le plaisir retrouv\u00e9s, nous laissent entrevoir maintenant l\u2019avenir avec optimisme et s\u00e9r\u00e9nit\u00e9.\u00a0<\/strong><\/em><\/p>\n<p style=\"text-align: justify;\"><em><strong>Je souhaite \u00e0 chacun d\u2019entre vous ainsi qu\u2019\u00e0 vos familles et vos proches, une bonne ann\u00e9e 2012.<\/strong><\/em><\/p>\n<p style=\"text-align: justify;\"><em><strong>Que le bonheur, la r\u00e9ussite et la sant\u00e9 soient au rendez-vous pour tous.\u00a0\u00bb<\/strong><\/em><\/p>\n<div id=\"attachment_10503\" style=\"width: 410px\" class=\"wp-caption alignleft\"><a href=\"http:\/\/www.aclanester56.com\/velo\/wp-content\/uploads\/2011\/12\/Voeux-2012-ACLANESTER56-800x382.jpg\"><img loading=\"lazy\" decoding=\"async\" aria-describedby=\"caption-attachment-10503\" src=\"http:\/\/www.aclanester56.com\/velo\/wp-content\/uploads\/2011\/12\/Voeux-2012-ACLANESTER56-800x382.jpg\" alt=\"\" title=\"Bonne ann\u00e9e 2012 \u00e0 tous !\" width=\"400\" height=\"191\" class=\"size-large wp-image-10503\" srcset=\"https:\/\/www.aclanester56.com\/velo\/wp-content\/uploads\/2011\/12\/Voeux-2012-ACLANESTER56-800x382.jpg 800w, https:\/\/www.aclanester56.com\/velo\/wp-content\/uploads\/2011\/12\/Voeux-2012-ACLANESTER56-300x143.jpg 300w, https:\/\/www.aclanester56.com\/velo\/wp-content\/uploads\/2011\/12\/Voeux-2012-ACLANESTER56-627x300.jpg 627w, https:\/\/www.aclanester56.com\/velo\/wp-content\/uploads\/2011\/12\/Voeux-2012-ACLANESTER56.jpg 1308w\" sizes=\"auto, (max-width: 400px) 100vw, 400px\" \/><\/a><p id=\"caption-attachment-10503\" class=\"wp-caption-text\">Bonne ann\u00e9e 2012 \u00e0 tous !<\/p><\/div>\n<p>&nbsp;<\/p>\n<p style=\"text-align: right;\"><strong>Jean Yves LE GAL<\/strong><\/p>\n<p style=\"text-align: right;\"><strong>Pr\u00e9sident de l\u2019AC LANESTER 56<\/strong><\/p>\n<p>&nbsp;<\/p>\n","protected":false},"excerpt":{"rendered":"<p>Jean-Yves LE GAL, dynamique pr\u00e9sident de l\u2019AC LANESTER 56, formule ses voeux \u00e0 destination de l\u2019ensemble des acteurs du club [&hellip;]<\/p>\n","protected":false},"author":14,"featured_media":10502,"comment_status":"open","ping_status":"closed","sticky":false,"template":"","format":"standard","meta":{"ngg_post_thumbnail":0,"footnotes":""},"categories":[5],"tags":[],"class_list":["post-10496","post","type-post","status-publish","format-standard","has-post-thumbnail","hentry","category-ac-lanester-56"],"yoast_head":"<!-- This site is optimized with the Yoast SEO plugin v27.5 - https:\/\/yoast.com\/product\/yoast-seo-wordpress\/ -->\n<title>Voeux 2012 du pr\u00e9sident de l\u2019AC LANESTER 56 Jean-Yves LE GAL - Avenir Cycliste Lanester 56<\/title>\n<meta name=\"robots\" content=\"index, follow, max-snippet:-1, max-image-preview:large, max-video-preview:-1\" \/>\n<link rel=\"canonical\" href=\"https:\/\/www.aclanester56.com\/velo\/voeux-2012-du-president-de-l\u2019ac-lanester-56-jean-yves-le-gal\/\" \/>\n<meta property=\"og:locale\" content=\"fr_FR\" \/>\n<meta property=\"og:type\" content=\"article\" \/>\n<meta property=\"og:title\" content=\"Voeux 2012 du pr\u00e9sident de l\u2019AC LANESTER 56 Jean-Yves LE GAL - Avenir Cycliste Lanester 56\" \/>\n<meta property=\"og:description\" content=\"Jean-Yves LE GAL, dynamique pr\u00e9sident de l\u2019AC LANESTER 56, formule ses voeux \u00e0 destination de l\u2019ensemble des acteurs du club [&hellip;]\" \/>\n<meta property=\"og:url\" content=\"https:\/\/www.aclanester56.com\/velo\/voeux-2012-du-president-de-l\u2019ac-lanester-56-jean-yves-le-gal\/\" \/>\n<meta property=\"og:site_name\" content=\"Avenir Cycliste Lanester 56\" \/>\n<meta property=\"article:publisher\" content=\"https:\/\/www.facebook.com\/pages\/AC-Lanester-56\/190286300991242?fref=ts\" \/>\n<meta property=\"article:published_time\" content=\"2011-12-30T23:05:31+00:00\" \/>\n<meta property=\"article:modified_time\" content=\"2012-01-08T20:24:49+00:00\" \/>\n<meta property=\"og:image\" content=\"https:\/\/www.aclanester56.com\/velo\/wp-content\/uploads\/2011\/12\/Voeux-2012-ACLANESTER56-Copie.jpg\" \/>\n\t<meta property=\"og:image:width\" content=\"650\" \/>\n\t<meta property=\"og:image:height\" content=\"300\" \/>\n\t<meta property=\"og:image:type\" content=\"image\/jpeg\" \/>\n<meta name=\"author\" content=\"Jean-Christophe\" \/>\n<meta name=\"twitter:label1\" content=\"\u00c9crit par\" \/>\n\t<meta name=\"twitter:data1\" content=\"Jean-Christophe\" \/>\n\t<meta name=\"twitter:label2\" content=\"Dur\u00e9e de lecture estim\u00e9e\" \/>\n\t<meta name=\"twitter:data2\" content=\"2 minutes\" \/>\n<script type=\"application\/ld+json\" class=\"yoast-schema-graph\">{\"@context\":\"https:\\\/\\\/schema.org\",\"@graph\":[{\"@type\":\"Article\",\"@id\":\"https:\\\/\\\/www.aclanester56.com\\\/velo\\\/voeux-2012-du-president-de-l%e2%80%99ac-lanester-56-jean-yves-le-gal\\\/#article\",\"isPartOf\":{\"@id\":\"https:\\\/\\\/www.aclanester56.com\\\/velo\\\/voeux-2012-du-president-de-l%e2%80%99ac-lanester-56-jean-yves-le-gal\\\/\"},\"author\":{\"name\":\"Jean-Christophe\",\"@id\":\"https:\\\/\\\/www.aclanester56.com\\\/velo\\\/#\\\/schema\\\/person\\\/ca2a44a5fd969e9dd846c72d3b33bc01\"},\"headline\":\"Voeux 2012 du pr\u00e9sident de l\u2019AC LANESTER 56 Jean-Yves LE GAL\",\"datePublished\":\"2011-12-30T23:05:31+00:00\",\"dateModified\":\"2012-01-08T20:24:49+00:00\",\"mainEntityOfPage\":{\"@id\":\"https:\\\/\\\/www.aclanester56.com\\\/velo\\\/voeux-2012-du-president-de-l%e2%80%99ac-lanester-56-jean-yves-le-gal\\\/\"},\"wordCount\":446,\"commentCount\":0,\"publisher\":{\"@id\":\"https:\\\/\\\/www.aclanester56.com\\\/velo\\\/#organization\"},\"image\":{\"@id\":\"https:\\\/\\\/www.aclanester56.com\\\/velo\\\/voeux-2012-du-president-de-l%e2%80%99ac-lanester-56-jean-yves-le-gal\\\/#primaryimage\"},\"thumbnailUrl\":\"https:\\\/\\\/www.aclanester56.com\\\/velo\\\/wp-content\\\/uploads\\\/2011\\\/12\\\/Voeux-2012-ACLANESTER56-Copie.jpg\",\"articleSection\":[\"AC LANESTER 56\"],\"inLanguage\":\"fr-FR\",\"potentialAction\":[{\"@type\":\"CommentAction\",\"name\":\"Comment\",\"target\":[\"https:\\\/\\\/www.aclanester56.com\\\/velo\\\/voeux-2012-du-president-de-l%e2%80%99ac-lanester-56-jean-yves-le-gal\\\/#respond\"]}]},{\"@type\":\"WebPage\",\"@id\":\"https:\\\/\\\/www.aclanester56.com\\\/velo\\\/voeux-2012-du-president-de-l%e2%80%99ac-lanester-56-jean-yves-le-gal\\\/\",\"url\":\"https:\\\/\\\/www.aclanester56.com\\\/velo\\\/voeux-2012-du-president-de-l%e2%80%99ac-lanester-56-jean-yves-le-gal\\\/\",\"name\":\"Voeux 2012 du pr\u00e9sident de l\u2019AC LANESTER 56 Jean-Yves LE GAL - Avenir Cycliste Lanester 56\",\"isPartOf\":{\"@id\":\"https:\\\/\\\/www.aclanester56.com\\\/velo\\\/#website\"},\"primaryImageOfPage\":{\"@id\":\"https:\\\/\\\/www.aclanester56.com\\\/velo\\\/voeux-2012-du-president-de-l%e2%80%99ac-lanester-56-jean-yves-le-gal\\\/#primaryimage\"},\"image\":{\"@id\":\"https:\\\/\\\/www.aclanester56.com\\\/velo\\\/voeux-2012-du-president-de-l%e2%80%99ac-lanester-56-jean-yves-le-gal\\\/#primaryimage\"},\"thumbnailUrl\":\"https:\\\/\\\/www.aclanester56.com\\\/velo\\\/wp-content\\\/uploads\\\/2011\\\/12\\\/Voeux-2012-ACLANESTER56-Copie.jpg\",\"datePublished\":\"2011-12-30T23:05:31+00:00\",\"dateModified\":\"2012-01-08T20:24:49+00:00\",\"inLanguage\":\"fr-FR\",\"potentialAction\":[{\"@type\":\"ReadAction\",\"target\":[\"https:\\\/\\\/www.aclanester56.com\\\/velo\\\/voeux-2012-du-president-de-l%e2%80%99ac-lanester-56-jean-yves-le-gal\\\/\"]}]},{\"@type\":\"ImageObject\",\"inLanguage\":\"fr-FR\",\"@id\":\"https:\\\/\\\/www.aclanester56.com\\\/velo\\\/voeux-2012-du-president-de-l%e2%80%99ac-lanester-56-jean-yves-le-gal\\\/#primaryimage\",\"url\":\"https:\\\/\\\/www.aclanester56.com\\\/velo\\\/wp-content\\\/uploads\\\/2011\\\/12\\\/Voeux-2012-ACLANESTER56-Copie.jpg\",\"contentUrl\":\"https:\\\/\\\/www.aclanester56.com\\\/velo\\\/wp-content\\\/uploads\\\/2011\\\/12\\\/Voeux-2012-ACLANESTER56-Copie.jpg\",\"width\":650,\"height\":300},{\"@type\":\"WebSite\",\"@id\":\"https:\\\/\\\/www.aclanester56.com\\\/velo\\\/#website\",\"url\":\"https:\\\/\\\/www.aclanester56.com\\\/velo\\\/\",\"name\":\"Avenir Cycliste Lanester 56\",\"description\":\"Club cycliste de l&#039;AC LANESTER 56\",\"publisher\":{\"@id\":\"https:\\\/\\\/www.aclanester56.com\\\/velo\\\/#organization\"},\"potentialAction\":[{\"@type\":\"SearchAction\",\"target\":{\"@type\":\"EntryPoint\",\"urlTemplate\":\"https:\\\/\\\/www.aclanester56.com\\\/velo\\\/?s={search_term_string}\"},\"query-input\":{\"@type\":\"PropertyValueSpecification\",\"valueRequired\":true,\"valueName\":\"search_term_string\"}}],\"inLanguage\":\"fr-FR\"},{\"@type\":\"Organization\",\"@id\":\"https:\\\/\\\/www.aclanester56.com\\\/velo\\\/#organization\",\"name\":\"Avenir Cycliste Lanester 56\",\"url\":\"https:\\\/\\\/www.aclanester56.com\\\/velo\\\/\",\"logo\":{\"@type\":\"ImageObject\",\"inLanguage\":\"fr-FR\",\"@id\":\"https:\\\/\\\/www.aclanester56.com\\\/velo\\\/#\\\/schema\\\/logo\\\/image\\\/\",\"url\":\"https:\\\/\\\/www.aclanester56.com\\\/velo\\\/wp-content\\\/uploads\\\/2013\\\/04\\\/logo-ACL.jpg\",\"contentUrl\":\"https:\\\/\\\/www.aclanester56.com\\\/velo\\\/wp-content\\\/uploads\\\/2013\\\/04\\\/logo-ACL.jpg\",\"width\":400,\"height\":334,\"caption\":\"Avenir Cycliste Lanester 56\"},\"image\":{\"@id\":\"https:\\\/\\\/www.aclanester56.com\\\/velo\\\/#\\\/schema\\\/logo\\\/image\\\/\"},\"sameAs\":[\"https:\\\/\\\/www.facebook.com\\\/pages\\\/AC-Lanester-56\\\/190286300991242?fref=ts\"]},{\"@type\":\"Person\",\"@id\":\"https:\\\/\\\/www.aclanester56.com\\\/velo\\\/#\\\/schema\\\/person\\\/ca2a44a5fd969e9dd846c72d3b33bc01\",\"name\":\"Jean-Christophe\",\"url\":\"https:\\\/\\\/www.aclanester56.com\\\/velo\\\/author\\\/jeanchristophe\\\/\"}]}<\/script>\n<!-- \/ Yoast SEO plugin. -->","yoast_head_json":{"title":"Voeux 2012 du pr\u00e9sident de l\u2019AC LANESTER 56 Jean-Yves LE GAL - Avenir Cycliste Lanester 56","robots":{"index":"index","follow":"follow","max-snippet":"max-snippet:-1","max-image-preview":"max-image-preview:large","max-video-preview":"max-video-preview:-1"},"canonical":"https:\/\/www.aclanester56.com\/velo\/voeux-2012-du-president-de-l\u2019ac-lanester-56-jean-yves-le-gal\/","og_locale":"fr_FR","og_type":"article","og_title":"Voeux 2012 du pr\u00e9sident de l\u2019AC LANESTER 56 Jean-Yves LE GAL - Avenir Cycliste Lanester 56","og_description":"Jean-Yves LE GAL, dynamique pr\u00e9sident de l\u2019AC LANESTER 56, formule ses voeux \u00e0 destination de l\u2019ensemble des acteurs du club [&hellip;]","og_url":"https:\/\/www.aclanester56.com\/velo\/voeux-2012-du-president-de-l\u2019ac-lanester-56-jean-yves-le-gal\/","og_site_name":"Avenir Cycliste Lanester 56","article_publisher":"https:\/\/www.facebook.com\/pages\/AC-Lanester-56\/190286300991242?fref=ts","article_published_time":"2011-12-30T23:05:31+00:00","article_modified_time":"2012-01-08T20:24:49+00:00","og_image":[{"width":650,"height":300,"url":"https:\/\/www.aclanester56.com\/velo\/wp-content\/uploads\/2011\/12\/Voeux-2012-ACLANESTER56-Copie.jpg","type":"image\/jpeg"}],"author":"Jean-Christophe","twitter_misc":{"\u00c9crit par":"Jean-Christophe","Dur\u00e9e de lecture estim\u00e9e":"2 minutes"},"schema":{"@context":"https:\/\/schema.org","@graph":[{"@type":"Article","@id":"https:\/\/www.aclanester56.com\/velo\/voeux-2012-du-president-de-l%e2%80%99ac-lanester-56-jean-yves-le-gal\/#article","isPartOf":{"@id":"https:\/\/www.aclanester56.com\/velo\/voeux-2012-du-president-de-l%e2%80%99ac-lanester-56-jean-yves-le-gal\/"},"author":{"name":"Jean-Christophe","@id":"https:\/\/www.aclanester56.com\/velo\/#\/schema\/person\/ca2a44a5fd969e9dd846c72d3b33bc01"},"headline":"Voeux 2012 du pr\u00e9sident de l\u2019AC LANESTER 56 Jean-Yves LE GAL","datePublished":"2011-12-30T23:05:31+00:00","dateModified":"2012-01-08T20:24:49+00:00","mainEntityOfPage":{"@id":"https:\/\/www.aclanester56.com\/velo\/voeux-2012-du-president-de-l%e2%80%99ac-lanester-56-jean-yves-le-gal\/"},"wordCount":446,"commentCount":0,"publisher":{"@id":"https:\/\/www.aclanester56.com\/velo\/#organization"},"image":{"@id":"https:\/\/www.aclanester56.com\/velo\/voeux-2012-du-president-de-l%e2%80%99ac-lanester-56-jean-yves-le-gal\/#primaryimage"},"thumbnailUrl":"https:\/\/www.aclanester56.com\/velo\/wp-content\/uploads\/2011\/12\/Voeux-2012-ACLANESTER56-Copie.jpg","articleSection":["AC LANESTER 56"],"inLanguage":"fr-FR","potentialAction":[{"@type":"CommentAction","name":"Comment","target":["https:\/\/www.aclanester56.com\/velo\/voeux-2012-du-president-de-l%e2%80%99ac-lanester-56-jean-yves-le-gal\/#respond"]}]},{"@type":"WebPage","@id":"https:\/\/www.aclanester56.com\/velo\/voeux-2012-du-president-de-l%e2%80%99ac-lanester-56-jean-yves-le-gal\/","url":"https:\/\/www.aclanester56.com\/velo\/voeux-2012-du-president-de-l%e2%80%99ac-lanester-56-jean-yves-le-gal\/","name":"Voeux 2012 du pr\u00e9sident de l\u2019AC LANESTER 56 Jean-Yves LE GAL - Avenir Cycliste Lanester 56","isPartOf":{"@id":"https:\/\/www.aclanester56.com\/velo\/#website"},"primaryImageOfPage":{"@id":"https:\/\/www.aclanester56.com\/velo\/voeux-2012-du-president-de-l%e2%80%99ac-lanester-56-jean-yves-le-gal\/#primaryimage"},"image":{"@id":"https:\/\/www.aclanester56.com\/velo\/voeux-2012-du-president-de-l%e2%80%99ac-lanester-56-jean-yves-le-gal\/#primaryimage"},"thumbnailUrl":"https:\/\/www.aclanester56.com\/velo\/wp-content\/uploads\/2011\/12\/Voeux-2012-ACLANESTER56-Copie.jpg","datePublished":"2011-12-30T23:05:31+00:00","dateModified":"2012-01-08T20:24:49+00:00","inLanguage":"fr-FR","potentialAction":[{"@type":"ReadAction","target":["https:\/\/www.aclanester56.com\/velo\/voeux-2012-du-president-de-l%e2%80%99ac-lanester-56-jean-yves-le-gal\/"]}]},{"@type":"ImageObject","inLanguage":"fr-FR","@id":"https:\/\/www.aclanester56.com\/velo\/voeux-2012-du-president-de-l%e2%80%99ac-lanester-56-jean-yves-le-gal\/#primaryimage","url":"https:\/\/www.aclanester56.com\/velo\/wp-content\/uploads\/2011\/12\/Voeux-2012-ACLANESTER56-Copie.jpg","contentUrl":"https:\/\/www.aclanester56.com\/velo\/wp-content\/uploads\/2011\/12\/Voeux-2012-ACLANESTER56-Copie.jpg","width":650,"height":300},{"@type":"WebSite","@id":"https:\/\/www.aclanester56.com\/velo\/#website","url":"https:\/\/www.aclanester56.com\/velo\/","name":"Avenir Cycliste Lanester 56","description":"Club cycliste de l&#039;AC LANESTER 56","publisher":{"@id":"https:\/\/www.aclanester56.com\/velo\/#organization"},"potentialAction":[{"@type":"SearchAction","target":{"@type":"EntryPoint","urlTemplate":"https:\/\/www.aclanester56.com\/velo\/?s={search_term_string}"},"query-input":{"@type":"PropertyValueSpecification","valueRequired":true,"valueName":"search_term_string"}}],"inLanguage":"fr-FR"},{"@type":"Organization","@id":"https:\/\/www.aclanester56.com\/velo\/#organization","name":"Avenir Cycliste Lanester 56","url":"https:\/\/www.aclanester56.com\/velo\/","logo":{"@type":"ImageObject","inLanguage":"fr-FR","@id":"https:\/\/www.aclanester56.com\/velo\/#\/schema\/logo\/image\/","url":"https:\/\/www.aclanester56.com\/velo\/wp-content\/uploads\/2013\/04\/logo-ACL.jpg","contentUrl":"https:\/\/www.aclanester56.com\/velo\/wp-content\/uploads\/2013\/04\/logo-ACL.jpg","width":400,"height":334,"caption":"Avenir Cycliste Lanester 56"},"image":{"@id":"https:\/\/www.aclanester56.com\/velo\/#\/schema\/logo\/image\/"},"sameAs":["https:\/\/www.facebook.com\/pages\/AC-Lanester-56\/190286300991242?fref=ts"]},{"@type":"Person","@id":"https:\/\/www.aclanester56.com\/velo\/#\/schema\/person\/ca2a44a5fd969e9dd846c72d3b33bc01","name":"Jean-Christophe","url":"https:\/\/www.aclanester56.com\/velo\/author\/jeanchristophe\/"}]}},"_links":{"self":[{"href":"https:\/\/www.aclanester56.com\/velo\/wp-json\/wp\/v2\/posts\/10496","targetHints":{"allow":["GET"]}}],"collection":[{"href":"https:\/\/www.aclanester56.com\/velo\/wp-json\/wp\/v2\/posts"}],"about":[{"href":"https:\/\/www.aclanester56.com\/velo\/wp-json\/wp\/v2\/types\/post"}],"author":[{"embeddable":true,"href":"https:\/\/www.aclanester56.com\/velo\/wp-json\/wp\/v2\/users\/14"}],"replies":[{"embeddable":true,"href":"https:\/\/www.aclanester56.com\/velo\/wp-json\/wp\/v2\/comments?post=10496"}],"version-history":[{"count":0,"href":"https:\/\/www.aclanester56.com\/velo\/wp-json\/wp\/v2\/posts\/10496\/revisions"}],"wp:featuredmedia":[{"embeddable":true,"href":"https:\/\/www.aclanester56.com\/velo\/wp-json\/wp\/v2\/media\/10502"}],"wp:attachment":[{"href":"https:\/\/www.aclanester56.com\/velo\/wp-json\/wp\/v2\/media?parent=10496"}],"wp:term":[{"taxonomy":"category","embeddable":true,"href":"https:\/\/www.aclanester56.com\/velo\/wp-json\/wp\/v2\/categories?post=10496"},{"taxonomy":"post_tag","embeddable":true,"href":"https:\/\/www.aclanester56.com\/velo\/wp-json\/wp\/v2\/tags?post=10496"}],"curies":[{"name":"wp","href":"https:\/\/api.w.org\/{rel}","templated":true}]}}