{"id":1051,"date":"2010-01-13T12:04:13","date_gmt":"2010-01-13T11:04:13","guid":{"rendered":"http:\/\/www.aclanester56.com\/velo\/?p=1051"},"modified":"2010-01-18T14:00:57","modified_gmt":"2010-01-18T13:00:57","slug":"du-16-01-au-24-01-stage-doxygenation-dans-les-pyrenees","status":"publish","type":"post","link":"https:\/\/www.aclanester56.com\/velo\/du-16-01-au-24-01-stage-doxygenation-dans-les-pyrenees\/","title":{"rendered":"Du 16 au 24 janvier : Stage d&rsquo;oxyg\u00e9nation dans les Pyr\u00e9n\u00e9es."},"content":{"rendered":"<p><!-- \t\t@page { margin: 2cm } \t\tP { margin-bottom: 0.21cm } --><\/p>\n<p style=\"margin-bottom: 0cm\">\u00a0<img loading=\"lazy\" decoding=\"async\" class=\"size-thumbnail wp-image-1052\" src=\"http:\/\/www.aclanester56.com\/velo\/wp-content\/uploads\/2010\/01\/Photo-191-150x150.jpg\" alt=\"Mont\u00e9e de l'Aspin 2009\" width=\"150\" height=\"150\" \/><\/p>\n<p style=\"margin-bottom: 0cm\">En effet, l&rsquo;\u00e9quipe de la DN Espoirs de l&rsquo;AC LANESTER\u00a056 se d\u00e9placera \u00e0 Peyragudes (1600 m\u00e8tres d&rsquo;altitude).<\/p>\n<p style=\"margin-bottom: 0cm\"><!--more--><\/p>\n<p><!-- \t\t@page { margin: 2cm } \t\tP { margin-bottom: 0.21cm } --><\/p>\n<p style=\"margin-bottom: 0cm\">Cette semaine sera\u00a0le deuxi\u00e8me stage pour l&rsquo;\u00e9quipe 2010.<\/p>\n<p style=\"margin-bottom: 0cm\">Il s&rsquo;articulera sur diff\u00e9rentes activit\u00e9s pleine nature :<\/p>\n<p><!-- \t\t@page { margin: 2cm } \t\tP { margin-bottom: 0.21cm } --><\/p>\n<p style=\"margin-bottom: 0cm\">&#8211; Randonn\u00e9es raquettes, ski, sauna.<\/p>\n<p>&#8211; Et bien entendu du v\u00e9lo en passant\u00a0par les\u00a0cols mythiques de Peyresourde, d&rsquo;Aspin, de Super Bagn\u00e8res&#8230;<\/p>\n<p style=\"margin-bottom: 0cm\">\u00a0<\/p>\n<p style=\"margin-bottom: 0cm\">[googleMap name=\u00a0\u00bbPeyragudes\u00a0\u00bb zoompancontrol=\u00a0\u00bbfalse\u00a0\u00bb directions_to=\u00a0\u00bbfalse\u00a0\u00bb]Peyragudes[\/googleMap]<\/p>\n<p style=\"margin-bottom: 0cm\">\u00a0<\/p>\n","protected":false},"excerpt":{"rendered":"<p>\u00a0 En effet, l&rsquo;\u00e9quipe de la DN Espoirs de l&rsquo;AC LANESTER\u00a056 se d\u00e9placera \u00e0 Peyragudes (1600 m\u00e8tres d&rsquo;altitude).<\/p>\n","protected":false},"author":14,"featured_media":1052,"comment_status":"open","ping_status":"open","sticky":false,"template":"","format":"standard","meta":{"ngg_post_thumbnail":0,"footnotes":""},"categories":[14],"tags":[],"class_list":["post-1051","post","type-post","status-publish","format-standard","has-post-thumbnail","hentry","category-actualites-dn"],"yoast_head":"<!-- This site is optimized with the Yoast SEO plugin v27.5 - https:\/\/yoast.com\/product\/yoast-seo-wordpress\/ -->\n<title>Du 16 au 24 janvier : Stage d&#039;oxyg\u00e9nation dans les Pyr\u00e9n\u00e9es. - Avenir Cycliste Lanester 56<\/title>\n<meta name=\"robots\" content=\"index, follow, max-snippet:-1, max-image-preview:large, max-video-preview:-1\" \/>\n<link rel=\"canonical\" href=\"https:\/\/www.aclanester56.com\/velo\/du-16-01-au-24-01-stage-doxygenation-dans-les-pyrenees\/\" \/>\n<meta property=\"og:locale\" content=\"fr_FR\" \/>\n<meta property=\"og:type\" content=\"article\" \/>\n<meta property=\"og:title\" content=\"Du 16 au 24 janvier : Stage d&#039;oxyg\u00e9nation dans les Pyr\u00e9n\u00e9es. - Avenir Cycliste Lanester 56\" \/>\n<meta property=\"og:description\" content=\"\u00a0 En effet, l&rsquo;\u00e9quipe de la DN Espoirs de l&rsquo;AC LANESTER\u00a056 se d\u00e9placera \u00e0 Peyragudes (1600 m\u00e8tres d&rsquo;altitude).\" \/>\n<meta property=\"og:url\" content=\"https:\/\/www.aclanester56.com\/velo\/du-16-01-au-24-01-stage-doxygenation-dans-les-pyrenees\/\" \/>\n<meta property=\"og:site_name\" content=\"Avenir Cycliste Lanester 56\" \/>\n<meta property=\"article:publisher\" content=\"https:\/\/www.facebook.com\/pages\/AC-Lanester-56\/190286300991242?fref=ts\" \/>\n<meta property=\"article:published_time\" content=\"2010-01-13T11:04:13+00:00\" \/>\n<meta property=\"article:modified_time\" content=\"2010-01-18T13:00:57+00:00\" \/>\n<meta property=\"og:image\" content=\"https:\/\/www.aclanester56.com\/velo\/wp-content\/uploads\/2010\/01\/Photo-191.jpg\" \/>\n\t<meta property=\"og:image:width\" content=\"800\" \/>\n\t<meta property=\"og:image:height\" content=\"600\" \/>\n\t<meta property=\"og:image:type\" content=\"image\/jpeg\" \/>\n<meta name=\"author\" content=\"Jean-Christophe\" \/>\n<meta name=\"twitter:label1\" content=\"\u00c9crit par\" \/>\n\t<meta name=\"twitter:data1\" content=\"Jean-Christophe\" \/>\n<script type=\"application\/ld+json\" class=\"yoast-schema-graph\">{\"@context\":\"https:\\\/\\\/schema.org\",\"@graph\":[{\"@type\":\"Article\",\"@id\":\"https:\\\/\\\/www.aclanester56.com\\\/velo\\\/du-16-01-au-24-01-stage-doxygenation-dans-les-pyrenees\\\/#article\",\"isPartOf\":{\"@id\":\"https:\\\/\\\/www.aclanester56.com\\\/velo\\\/du-16-01-au-24-01-stage-doxygenation-dans-les-pyrenees\\\/\"},\"author\":{\"name\":\"Jean-Christophe\",\"@id\":\"https:\\\/\\\/www.aclanester56.com\\\/velo\\\/#\\\/schema\\\/person\\\/ca2a44a5fd969e9dd846c72d3b33bc01\"},\"headline\":\"Du 16 au 24 janvier : Stage d&rsquo;oxyg\u00e9nation dans les Pyr\u00e9n\u00e9es.\",\"datePublished\":\"2010-01-13T11:04:13+00:00\",\"dateModified\":\"2010-01-18T13:00:57+00:00\",\"mainEntityOfPage\":{\"@id\":\"https:\\\/\\\/www.aclanester56.com\\\/velo\\\/du-16-01-au-24-01-stage-doxygenation-dans-les-pyrenees\\\/\"},\"wordCount\":84,\"commentCount\":0,\"publisher\":{\"@id\":\"https:\\\/\\\/www.aclanester56.com\\\/velo\\\/#organization\"},\"image\":{\"@id\":\"https:\\\/\\\/www.aclanester56.com\\\/velo\\\/du-16-01-au-24-01-stage-doxygenation-dans-les-pyrenees\\\/#primaryimage\"},\"thumbnailUrl\":\"https:\\\/\\\/www.aclanester56.com\\\/velo\\\/wp-content\\\/uploads\\\/2010\\\/01\\\/Photo-191.jpg\",\"articleSection\":[\"Actualit\u00e9s DN\"],\"inLanguage\":\"fr-FR\",\"potentialAction\":[{\"@type\":\"CommentAction\",\"name\":\"Comment\",\"target\":[\"https:\\\/\\\/www.aclanester56.com\\\/velo\\\/du-16-01-au-24-01-stage-doxygenation-dans-les-pyrenees\\\/#respond\"]}]},{\"@type\":\"WebPage\",\"@id\":\"https:\\\/\\\/www.aclanester56.com\\\/velo\\\/du-16-01-au-24-01-stage-doxygenation-dans-les-pyrenees\\\/\",\"url\":\"https:\\\/\\\/www.aclanester56.com\\\/velo\\\/du-16-01-au-24-01-stage-doxygenation-dans-les-pyrenees\\\/\",\"name\":\"Du 16 au 24 janvier : Stage d'oxyg\u00e9nation dans les Pyr\u00e9n\u00e9es. - Avenir Cycliste Lanester 56\",\"isPartOf\":{\"@id\":\"https:\\\/\\\/www.aclanester56.com\\\/velo\\\/#website\"},\"primaryImageOfPage\":{\"@id\":\"https:\\\/\\\/www.aclanester56.com\\\/velo\\\/du-16-01-au-24-01-stage-doxygenation-dans-les-pyrenees\\\/#primaryimage\"},\"image\":{\"@id\":\"https:\\\/\\\/www.aclanester56.com\\\/velo\\\/du-16-01-au-24-01-stage-doxygenation-dans-les-pyrenees\\\/#primaryimage\"},\"thumbnailUrl\":\"https:\\\/\\\/www.aclanester56.com\\\/velo\\\/wp-content\\\/uploads\\\/2010\\\/01\\\/Photo-191.jpg\",\"datePublished\":\"2010-01-13T11:04:13+00:00\",\"dateModified\":\"2010-01-18T13:00:57+00:00\",\"inLanguage\":\"fr-FR\",\"potentialAction\":[{\"@type\":\"ReadAction\",\"target\":[\"https:\\\/\\\/www.aclanester56.com\\\/velo\\\/du-16-01-au-24-01-stage-doxygenation-dans-les-pyrenees\\\/\"]}]},{\"@type\":\"ImageObject\",\"inLanguage\":\"fr-FR\",\"@id\":\"https:\\\/\\\/www.aclanester56.com\\\/velo\\\/du-16-01-au-24-01-stage-doxygenation-dans-les-pyrenees\\\/#primaryimage\",\"url\":\"https:\\\/\\\/www.aclanester56.com\\\/velo\\\/wp-content\\\/uploads\\\/2010\\\/01\\\/Photo-191.jpg\",\"contentUrl\":\"https:\\\/\\\/www.aclanester56.com\\\/velo\\\/wp-content\\\/uploads\\\/2010\\\/01\\\/Photo-191.jpg\",\"width\":800,\"height\":600,\"caption\":\"Mont\u00e9e de l'Aspin 2009\"},{\"@type\":\"WebSite\",\"@id\":\"https:\\\/\\\/www.aclanester56.com\\\/velo\\\/#website\",\"url\":\"https:\\\/\\\/www.aclanester56.com\\\/velo\\\/\",\"name\":\"Avenir Cycliste Lanester 56\",\"description\":\"Club cycliste de l&#039;AC LANESTER 56\",\"publisher\":{\"@id\":\"https:\\\/\\\/www.aclanester56.com\\\/velo\\\/#organization\"},\"potentialAction\":[{\"@type\":\"SearchAction\",\"target\":{\"@type\":\"EntryPoint\",\"urlTemplate\":\"https:\\\/\\\/www.aclanester56.com\\\/velo\\\/?s={search_term_string}\"},\"query-input\":{\"@type\":\"PropertyValueSpecification\",\"valueRequired\":true,\"valueName\":\"search_term_string\"}}],\"inLanguage\":\"fr-FR\"},{\"@type\":\"Organization\",\"@id\":\"https:\\\/\\\/www.aclanester56.com\\\/velo\\\/#organization\",\"name\":\"Avenir Cycliste Lanester 56\",\"url\":\"https:\\\/\\\/www.aclanester56.com\\\/velo\\\/\",\"logo\":{\"@type\":\"ImageObject\",\"inLanguage\":\"fr-FR\",\"@id\":\"https:\\\/\\\/www.aclanester56.com\\\/velo\\\/#\\\/schema\\\/logo\\\/image\\\/\",\"url\":\"https:\\\/\\\/www.aclanester56.com\\\/velo\\\/wp-content\\\/uploads\\\/2013\\\/04\\\/logo-ACL.jpg\",\"contentUrl\":\"https:\\\/\\\/www.aclanester56.com\\\/velo\\\/wp-content\\\/uploads\\\/2013\\\/04\\\/logo-ACL.jpg\",\"width\":400,\"height\":334,\"caption\":\"Avenir Cycliste Lanester 56\"},\"image\":{\"@id\":\"https:\\\/\\\/www.aclanester56.com\\\/velo\\\/#\\\/schema\\\/logo\\\/image\\\/\"},\"sameAs\":[\"https:\\\/\\\/www.facebook.com\\\/pages\\\/AC-Lanester-56\\\/190286300991242?fref=ts\"]},{\"@type\":\"Person\",\"@id\":\"https:\\\/\\\/www.aclanester56.com\\\/velo\\\/#\\\/schema\\\/person\\\/ca2a44a5fd969e9dd846c72d3b33bc01\",\"name\":\"Jean-Christophe\",\"url\":\"https:\\\/\\\/www.aclanester56.com\\\/velo\\\/author\\\/jeanchristophe\\\/\"}]}<\/script>\n<!-- \/ Yoast SEO plugin. -->","yoast_head_json":{"title":"Du 16 au 24 janvier : Stage d'oxyg\u00e9nation dans les Pyr\u00e9n\u00e9es. - Avenir Cycliste Lanester 56","robots":{"index":"index","follow":"follow","max-snippet":"max-snippet:-1","max-image-preview":"max-image-preview:large","max-video-preview":"max-video-preview:-1"},"canonical":"https:\/\/www.aclanester56.com\/velo\/du-16-01-au-24-01-stage-doxygenation-dans-les-pyrenees\/","og_locale":"fr_FR","og_type":"article","og_title":"Du 16 au 24 janvier : Stage d'oxyg\u00e9nation dans les Pyr\u00e9n\u00e9es. - Avenir Cycliste Lanester 56","og_description":"\u00a0 En effet, l&rsquo;\u00e9quipe de la DN Espoirs de l&rsquo;AC LANESTER\u00a056 se d\u00e9placera \u00e0 Peyragudes (1600 m\u00e8tres d&rsquo;altitude).","og_url":"https:\/\/www.aclanester56.com\/velo\/du-16-01-au-24-01-stage-doxygenation-dans-les-pyrenees\/","og_site_name":"Avenir Cycliste Lanester 56","article_publisher":"https:\/\/www.facebook.com\/pages\/AC-Lanester-56\/190286300991242?fref=ts","article_published_time":"2010-01-13T11:04:13+00:00","article_modified_time":"2010-01-18T13:00:57+00:00","og_image":[{"width":800,"height":600,"url":"https:\/\/www.aclanester56.com\/velo\/wp-content\/uploads\/2010\/01\/Photo-191.jpg","type":"image\/jpeg"}],"author":"Jean-Christophe","twitter_misc":{"\u00c9crit par":"Jean-Christophe"},"schema":{"@context":"https:\/\/schema.org","@graph":[{"@type":"Article","@id":"https:\/\/www.aclanester56.com\/velo\/du-16-01-au-24-01-stage-doxygenation-dans-les-pyrenees\/#article","isPartOf":{"@id":"https:\/\/www.aclanester56.com\/velo\/du-16-01-au-24-01-stage-doxygenation-dans-les-pyrenees\/"},"author":{"name":"Jean-Christophe","@id":"https:\/\/www.aclanester56.com\/velo\/#\/schema\/person\/ca2a44a5fd969e9dd846c72d3b33bc01"},"headline":"Du 16 au 24 janvier : Stage d&rsquo;oxyg\u00e9nation dans les Pyr\u00e9n\u00e9es.","datePublished":"2010-01-13T11:04:13+00:00","dateModified":"2010-01-18T13:00:57+00:00","mainEntityOfPage":{"@id":"https:\/\/www.aclanester56.com\/velo\/du-16-01-au-24-01-stage-doxygenation-dans-les-pyrenees\/"},"wordCount":84,"commentCount":0,"publisher":{"@id":"https:\/\/www.aclanester56.com\/velo\/#organization"},"image":{"@id":"https:\/\/www.aclanester56.com\/velo\/du-16-01-au-24-01-stage-doxygenation-dans-les-pyrenees\/#primaryimage"},"thumbnailUrl":"https:\/\/www.aclanester56.com\/velo\/wp-content\/uploads\/2010\/01\/Photo-191.jpg","articleSection":["Actualit\u00e9s DN"],"inLanguage":"fr-FR","potentialAction":[{"@type":"CommentAction","name":"Comment","target":["https:\/\/www.aclanester56.com\/velo\/du-16-01-au-24-01-stage-doxygenation-dans-les-pyrenees\/#respond"]}]},{"@type":"WebPage","@id":"https:\/\/www.aclanester56.com\/velo\/du-16-01-au-24-01-stage-doxygenation-dans-les-pyrenees\/","url":"https:\/\/www.aclanester56.com\/velo\/du-16-01-au-24-01-stage-doxygenation-dans-les-pyrenees\/","name":"Du 16 au 24 janvier : Stage d'oxyg\u00e9nation dans les Pyr\u00e9n\u00e9es. - Avenir Cycliste Lanester 56","isPartOf":{"@id":"https:\/\/www.aclanester56.com\/velo\/#website"},"primaryImageOfPage":{"@id":"https:\/\/www.aclanester56.com\/velo\/du-16-01-au-24-01-stage-doxygenation-dans-les-pyrenees\/#primaryimage"},"image":{"@id":"https:\/\/www.aclanester56.com\/velo\/du-16-01-au-24-01-stage-doxygenation-dans-les-pyrenees\/#primaryimage"},"thumbnailUrl":"https:\/\/www.aclanester56.com\/velo\/wp-content\/uploads\/2010\/01\/Photo-191.jpg","datePublished":"2010-01-13T11:04:13+00:00","dateModified":"2010-01-18T13:00:57+00:00","inLanguage":"fr-FR","potentialAction":[{"@type":"ReadAction","target":["https:\/\/www.aclanester56.com\/velo\/du-16-01-au-24-01-stage-doxygenation-dans-les-pyrenees\/"]}]},{"@type":"ImageObject","inLanguage":"fr-FR","@id":"https:\/\/www.aclanester56.com\/velo\/du-16-01-au-24-01-stage-doxygenation-dans-les-pyrenees\/#primaryimage","url":"https:\/\/www.aclanester56.com\/velo\/wp-content\/uploads\/2010\/01\/Photo-191.jpg","contentUrl":"https:\/\/www.aclanester56.com\/velo\/wp-content\/uploads\/2010\/01\/Photo-191.jpg","width":800,"height":600,"caption":"Mont\u00e9e de l'Aspin 2009"},{"@type":"WebSite","@id":"https:\/\/www.aclanester56.com\/velo\/#website","url":"https:\/\/www.aclanester56.com\/velo\/","name":"Avenir Cycliste Lanester 56","description":"Club cycliste de l&#039;AC LANESTER 56","publisher":{"@id":"https:\/\/www.aclanester56.com\/velo\/#organization"},"potentialAction":[{"@type":"SearchAction","target":{"@type":"EntryPoint","urlTemplate":"https:\/\/www.aclanester56.com\/velo\/?s={search_term_string}"},"query-input":{"@type":"PropertyValueSpecification","valueRequired":true,"valueName":"search_term_string"}}],"inLanguage":"fr-FR"},{"@type":"Organization","@id":"https:\/\/www.aclanester56.com\/velo\/#organization","name":"Avenir Cycliste Lanester 56","url":"https:\/\/www.aclanester56.com\/velo\/","logo":{"@type":"ImageObject","inLanguage":"fr-FR","@id":"https:\/\/www.aclanester56.com\/velo\/#\/schema\/logo\/image\/","url":"https:\/\/www.aclanester56.com\/velo\/wp-content\/uploads\/2013\/04\/logo-ACL.jpg","contentUrl":"https:\/\/www.aclanester56.com\/velo\/wp-content\/uploads\/2013\/04\/logo-ACL.jpg","width":400,"height":334,"caption":"Avenir Cycliste Lanester 56"},"image":{"@id":"https:\/\/www.aclanester56.com\/velo\/#\/schema\/logo\/image\/"},"sameAs":["https:\/\/www.facebook.com\/pages\/AC-Lanester-56\/190286300991242?fref=ts"]},{"@type":"Person","@id":"https:\/\/www.aclanester56.com\/velo\/#\/schema\/person\/ca2a44a5fd969e9dd846c72d3b33bc01","name":"Jean-Christophe","url":"https:\/\/www.aclanester56.com\/velo\/author\/jeanchristophe\/"}]}},"_links":{"self":[{"href":"https:\/\/www.aclanester56.com\/velo\/wp-json\/wp\/v2\/posts\/1051","targetHints":{"allow":["GET"]}}],"collection":[{"href":"https:\/\/www.aclanester56.com\/velo\/wp-json\/wp\/v2\/posts"}],"about":[{"href":"https:\/\/www.aclanester56.com\/velo\/wp-json\/wp\/v2\/types\/post"}],"author":[{"embeddable":true,"href":"https:\/\/www.aclanester56.com\/velo\/wp-json\/wp\/v2\/users\/14"}],"replies":[{"embeddable":true,"href":"https:\/\/www.aclanester56.com\/velo\/wp-json\/wp\/v2\/comments?post=1051"}],"version-history":[{"count":0,"href":"https:\/\/www.aclanester56.com\/velo\/wp-json\/wp\/v2\/posts\/1051\/revisions"}],"wp:featuredmedia":[{"embeddable":true,"href":"https:\/\/www.aclanester56.com\/velo\/wp-json\/wp\/v2\/media\/1052"}],"wp:attachment":[{"href":"https:\/\/www.aclanester56.com\/velo\/wp-json\/wp\/v2\/media?parent=1051"}],"wp:term":[{"taxonomy":"category","embeddable":true,"href":"https:\/\/www.aclanester56.com\/velo\/wp-json\/wp\/v2\/categories?post=1051"},{"taxonomy":"post_tag","embeddable":true,"href":"https:\/\/www.aclanester56.com\/velo\/wp-json\/wp\/v2\/tags?post=1051"}],"curies":[{"name":"wp","href":"https:\/\/api.w.org\/{rel}","templated":true}]}}