{"id":10723,"date":"2012-02-13T15:45:56","date_gmt":"2012-02-13T14:45:56","guid":{"rendered":"http:\/\/www.aclanester56.com\/velo\/?p=10723"},"modified":"2013-12-22T21:53:22","modified_gmt":"2013-12-22T19:53:22","slug":"les-lanesteriens-en-stage-avec-le-comite-du-morbihan","status":"publish","type":"post","link":"https:\/\/www.aclanester56.com\/velo\/les-lanesteriens-en-stage-avec-le-comite-du-morbihan\/","title":{"rendered":"Les Lanest\u00e9riens en stage avec le Comit\u00e9 du Morbihan"},"content":{"rendered":"<p style=\"text-align: justify;\"><!--more--><\/p>\n<p style=\"text-align: justify;\">Plusieurs cadets et juniors de l&rsquo;AC LANESTER 56 participaient ce week-end \u00e0 un stage avec le Comit\u00e9 du Morbihan de\u00a0Cyclisme \u00e0 St Laurent-sur-Oust. S&rsquo;ils ont tous tr\u00e8s bien travaill\u00e9, le stage s&rsquo;est mal termin\u00e9 pour le jeune\u00a0Vincent TEIRLYNCK, victime d&rsquo;une chute dimanche apr\u00e8s-midi lors de la derni\u00e8re sortie d&rsquo;entrainement.<\/p>\n<p style=\"text-align: justify;\"><strong style=\"color: #ff6600; font-size: 14px; line-height: 1.5em;\">Cinq cadets et deux juniors de l&rsquo;ACL56 en stage<\/strong><\/p>\n<p style=\"text-align: justify;\">L&rsquo;\u00e9ducateur lanest\u00e9rien Jean-Marc MORVAN a accompagn\u00e9 les cadets hier matin et a pass\u00e9 toute la journ\u00e9e avec eux.\u00a0Chez les cadets, l&rsquo;AC LANESTER 56 \u00e9tait repr\u00e9sent\u00e9 par cinq coureurs : Thomas DENIS, Nicolas PRIMAS,\u00a0Maxime LANNURIEN, Thibault MORVAN et Vincent TEIRLYNCK. Il y avait \u00e9galement deux Lanest\u00e9riens chez les juniors avec\u00a0K\u00e9vin BARGUIL et Pierre HOLE, qui ont particip\u00e9 \u00e0 la pr\u00e9sentation du Club Morbihan Juniors samedi.<\/p>\n<div id=\"attachment_10727\" style=\"width: 277px\" class=\"wp-caption alignright\"><a href=\"http:\/\/www.aclanester56.com\/velo\/wp-content\/uploads\/2012\/02\/stage-morbihan-Cad-juni-redim1024-800x600.jpg\"><img loading=\"lazy\" decoding=\"async\" aria-describedby=\"caption-attachment-10727\" class=\"size-large wp-image-10727\" title=\"Les cadets et juniors, qui posent ici tous ensemble, ont bien travaill\u00e9 ce week-end lors du stage du CD56 (photo J-M Morvan)\" alt=\"\" src=\"http:\/\/www.aclanester56.com\/velo\/wp-content\/uploads\/2012\/02\/stage-morbihan-Cad-juni-redim1024-800x600.jpg\" width=\"267\" height=\"200\" srcset=\"https:\/\/www.aclanester56.com\/velo\/wp-content\/uploads\/2012\/02\/stage-morbihan-Cad-juni-redim1024-800x600.jpg 800w, https:\/\/www.aclanester56.com\/velo\/wp-content\/uploads\/2012\/02\/stage-morbihan-Cad-juni-redim1024-300x225.jpg 300w, https:\/\/www.aclanester56.com\/velo\/wp-content\/uploads\/2012\/02\/stage-morbihan-Cad-juni-redim1024-400x300.jpg 400w, https:\/\/www.aclanester56.com\/velo\/wp-content\/uploads\/2012\/02\/stage-morbihan-Cad-juni-redim1024.jpg 1024w\" sizes=\"auto, (max-width: 267px) 100vw, 267px\" \/><\/a><p id=\"caption-attachment-10727\" class=\"wp-caption-text\">Les cadets et juniors, qui posent ici tous ensemble, ont bien travaill\u00e9 ce week-end lors du stage du CD56 (photo J-M Morvan)<\/p><\/div>\n<p style=\"text-align: justify;\"><span style=\"color: #ff6600;\"><strong>Fracture de l&rsquo;avant-bras pour Vincent Teirlynck<\/strong><\/span><\/p>\n<p style=\"text-align: justify;\">Sous la responsabilit\u00e9 du CTD Olivier BOUNIOU, nos jeunes ont bien travaill\u00e9 et se sont beaucoup investis\u00a0dans les diff\u00e9rents exercices qui leur \u00e9taient demand\u00e9s. Malheureusement, lors de l&rsquo;entrainement du\u00a0dimanche apr\u00e8s-midi, Vincent touche la roue du coureur qui le pr\u00e9c\u00e8de et est d\u00e9s\u00e9quilibr\u00e9. La chute semble b\u00e9nigne,\u00a0mais Vincent va se relever avec une fracture du bras. Cette fracture se trouve au m\u00eame endroit que celle qu&rsquo;il\u00a0avait d\u00e9j\u00e0 eue <a href=\"http:\/\/www.aclanester56.com\/velo\/2011\/03\/29\/resultats-des-jeunes-lanesteriens-a-tregunc-et-st-gerand\/\" target=\"_blank\">il y a presque un an lors de l&rsquo;\u00e9preuve de Tr\u00e9gunc<\/a>. Pour couronner le tout l&rsquo;an pass\u00e9, il avait ensuite \u00e9t\u00e9\u00a0victime d&rsquo;une mononucl\u00e9ose, qui lui avait fait compl\u00e9tement manquer sa saison&#8230;<\/p>\n<p style=\"text-align: justify;\"><span style=\"color: #ff6600;\"><strong>Le soutien de tous !<\/strong><\/span><\/p>\n<p style=\"text-align: justify;\">Les radios \u00e0 l&rsquo;h\u00f4pital de Ploermel ont confirm\u00e9 la fracture. le jeune Lanest\u00e9rien a \u00e9t\u00e9 op\u00e9r\u00e9 hier soir. \u00ab\u00a0<em><strong>La poisse continue pour\u00a0Vincent&#8230; Malgr\u00e9 cette malchance, on esp\u00e8re tous qu&rsquo;il revienne encore plus fort apr\u00e8s ce nouveau p\u00e9pin !<\/strong><\/em>\u00ab\u00a0,\u00a0pr\u00e9cise Jean-Marc MORVAN. Ses jeunes co\u00e9quipiers attendent \u00e9galement tous avec impatience le retour de leur camarade dans le groupe !<\/p>\n<p style=\"text-align: justify;\">Bon r\u00e9tablissement Vincent !<\/p>\n<p><em><strong>\u00a0Remerciements \u00e0 Jean-Marc Morvan.<\/strong><\/em><\/p>\n","protected":false},"excerpt":{"rendered":"","protected":false},"author":14,"featured_media":10726,"comment_status":"open","ping_status":"closed","sticky":false,"template":"","format":"standard","meta":{"ngg_post_thumbnail":0,"footnotes":""},"categories":[5,22,21],"tags":[],"class_list":["post-10723","post","type-post","status-publish","format-standard","has-post-thumbnail","hentry","category-ac-lanester-56","category-resultats-cadets","category-resultats-juniors"],"yoast_head":"<!-- This site is optimized with the Yoast SEO plugin v27.5 - https:\/\/yoast.com\/product\/yoast-seo-wordpress\/ -->\n<title>Les Lanest\u00e9riens en stage avec le Comit\u00e9 du Morbihan - Avenir Cycliste Lanester 56<\/title>\n<meta name=\"robots\" content=\"index, follow, max-snippet:-1, max-image-preview:large, max-video-preview:-1\" \/>\n<link rel=\"canonical\" href=\"https:\/\/www.aclanester56.com\/velo\/les-lanesteriens-en-stage-avec-le-comite-du-morbihan\/\" \/>\n<meta property=\"og:locale\" content=\"fr_FR\" \/>\n<meta property=\"og:type\" content=\"article\" \/>\n<meta property=\"og:title\" content=\"Les Lanest\u00e9riens en stage avec le Comit\u00e9 du Morbihan - Avenir Cycliste Lanester 56\" \/>\n<meta property=\"og:url\" content=\"https:\/\/www.aclanester56.com\/velo\/les-lanesteriens-en-stage-avec-le-comite-du-morbihan\/\" \/>\n<meta property=\"og:site_name\" content=\"Avenir Cycliste Lanester 56\" \/>\n<meta property=\"article:publisher\" content=\"https:\/\/www.facebook.com\/pages\/AC-Lanester-56\/190286300991242?fref=ts\" \/>\n<meta property=\"article:published_time\" content=\"2012-02-13T14:45:56+00:00\" \/>\n<meta property=\"article:modified_time\" content=\"2013-12-22T19:53:22+00:00\" \/>\n<meta property=\"og:image\" content=\"https:\/\/www.aclanester56.com\/velo\/wp-content\/uploads\/2012\/02\/stage-morbihan-cadet-juniors-redim1024-Copie.jpg\" \/>\n\t<meta property=\"og:image:width\" content=\"650\" \/>\n\t<meta property=\"og:image:height\" content=\"300\" \/>\n\t<meta property=\"og:image:type\" content=\"image\/jpeg\" \/>\n<meta name=\"author\" content=\"Jean-Christophe\" \/>\n<meta name=\"twitter:label1\" content=\"\u00c9crit par\" \/>\n\t<meta name=\"twitter:data1\" content=\"Jean-Christophe\" \/>\n\t<meta name=\"twitter:label2\" content=\"Dur\u00e9e de lecture estim\u00e9e\" \/>\n\t<meta name=\"twitter:data2\" content=\"2 minutes\" \/>\n<script type=\"application\/ld+json\" class=\"yoast-schema-graph\">{\"@context\":\"https:\\\/\\\/schema.org\",\"@graph\":[{\"@type\":\"Article\",\"@id\":\"https:\\\/\\\/www.aclanester56.com\\\/velo\\\/les-lanesteriens-en-stage-avec-le-comite-du-morbihan\\\/#article\",\"isPartOf\":{\"@id\":\"https:\\\/\\\/www.aclanester56.com\\\/velo\\\/les-lanesteriens-en-stage-avec-le-comite-du-morbihan\\\/\"},\"author\":{\"name\":\"Jean-Christophe\",\"@id\":\"https:\\\/\\\/www.aclanester56.com\\\/velo\\\/#\\\/schema\\\/person\\\/ca2a44a5fd969e9dd846c72d3b33bc01\"},\"headline\":\"Les Lanest\u00e9riens en stage avec le Comit\u00e9 du Morbihan\",\"datePublished\":\"2012-02-13T14:45:56+00:00\",\"dateModified\":\"2013-12-22T19:53:22+00:00\",\"mainEntityOfPage\":{\"@id\":\"https:\\\/\\\/www.aclanester56.com\\\/velo\\\/les-lanesteriens-en-stage-avec-le-comite-du-morbihan\\\/\"},\"wordCount\":368,\"commentCount\":0,\"publisher\":{\"@id\":\"https:\\\/\\\/www.aclanester56.com\\\/velo\\\/#organization\"},\"image\":{\"@id\":\"https:\\\/\\\/www.aclanester56.com\\\/velo\\\/les-lanesteriens-en-stage-avec-le-comite-du-morbihan\\\/#primaryimage\"},\"thumbnailUrl\":\"https:\\\/\\\/www.aclanester56.com\\\/velo\\\/wp-content\\\/uploads\\\/2012\\\/02\\\/stage-morbihan-cadet-juniors-redim1024-Copie.jpg\",\"articleSection\":[\"AC LANESTER 56\",\"R\u00e9sultats Cadets\",\"R\u00e9sultats Juniors\"],\"inLanguage\":\"fr-FR\",\"potentialAction\":[{\"@type\":\"CommentAction\",\"name\":\"Comment\",\"target\":[\"https:\\\/\\\/www.aclanester56.com\\\/velo\\\/les-lanesteriens-en-stage-avec-le-comite-du-morbihan\\\/#respond\"]}]},{\"@type\":\"WebPage\",\"@id\":\"https:\\\/\\\/www.aclanester56.com\\\/velo\\\/les-lanesteriens-en-stage-avec-le-comite-du-morbihan\\\/\",\"url\":\"https:\\\/\\\/www.aclanester56.com\\\/velo\\\/les-lanesteriens-en-stage-avec-le-comite-du-morbihan\\\/\",\"name\":\"Les Lanest\u00e9riens en stage avec le Comit\u00e9 du Morbihan - Avenir Cycliste Lanester 56\",\"isPartOf\":{\"@id\":\"https:\\\/\\\/www.aclanester56.com\\\/velo\\\/#website\"},\"primaryImageOfPage\":{\"@id\":\"https:\\\/\\\/www.aclanester56.com\\\/velo\\\/les-lanesteriens-en-stage-avec-le-comite-du-morbihan\\\/#primaryimage\"},\"image\":{\"@id\":\"https:\\\/\\\/www.aclanester56.com\\\/velo\\\/les-lanesteriens-en-stage-avec-le-comite-du-morbihan\\\/#primaryimage\"},\"thumbnailUrl\":\"https:\\\/\\\/www.aclanester56.com\\\/velo\\\/wp-content\\\/uploads\\\/2012\\\/02\\\/stage-morbihan-cadet-juniors-redim1024-Copie.jpg\",\"datePublished\":\"2012-02-13T14:45:56+00:00\",\"dateModified\":\"2013-12-22T19:53:22+00:00\",\"inLanguage\":\"fr-FR\",\"potentialAction\":[{\"@type\":\"ReadAction\",\"target\":[\"https:\\\/\\\/www.aclanester56.com\\\/velo\\\/les-lanesteriens-en-stage-avec-le-comite-du-morbihan\\\/\"]}]},{\"@type\":\"ImageObject\",\"inLanguage\":\"fr-FR\",\"@id\":\"https:\\\/\\\/www.aclanester56.com\\\/velo\\\/les-lanesteriens-en-stage-avec-le-comite-du-morbihan\\\/#primaryimage\",\"url\":\"https:\\\/\\\/www.aclanester56.com\\\/velo\\\/wp-content\\\/uploads\\\/2012\\\/02\\\/stage-morbihan-cadet-juniors-redim1024-Copie.jpg\",\"contentUrl\":\"https:\\\/\\\/www.aclanester56.com\\\/velo\\\/wp-content\\\/uploads\\\/2012\\\/02\\\/stage-morbihan-cadet-juniors-redim1024-Copie.jpg\",\"width\":650,\"height\":300},{\"@type\":\"WebSite\",\"@id\":\"https:\\\/\\\/www.aclanester56.com\\\/velo\\\/#website\",\"url\":\"https:\\\/\\\/www.aclanester56.com\\\/velo\\\/\",\"name\":\"Avenir Cycliste Lanester 56\",\"description\":\"Club cycliste de l&#039;AC LANESTER 56\",\"publisher\":{\"@id\":\"https:\\\/\\\/www.aclanester56.com\\\/velo\\\/#organization\"},\"potentialAction\":[{\"@type\":\"SearchAction\",\"target\":{\"@type\":\"EntryPoint\",\"urlTemplate\":\"https:\\\/\\\/www.aclanester56.com\\\/velo\\\/?s={search_term_string}\"},\"query-input\":{\"@type\":\"PropertyValueSpecification\",\"valueRequired\":true,\"valueName\":\"search_term_string\"}}],\"inLanguage\":\"fr-FR\"},{\"@type\":\"Organization\",\"@id\":\"https:\\\/\\\/www.aclanester56.com\\\/velo\\\/#organization\",\"name\":\"Avenir Cycliste Lanester 56\",\"url\":\"https:\\\/\\\/www.aclanester56.com\\\/velo\\\/\",\"logo\":{\"@type\":\"ImageObject\",\"inLanguage\":\"fr-FR\",\"@id\":\"https:\\\/\\\/www.aclanester56.com\\\/velo\\\/#\\\/schema\\\/logo\\\/image\\\/\",\"url\":\"https:\\\/\\\/www.aclanester56.com\\\/velo\\\/wp-content\\\/uploads\\\/2013\\\/04\\\/logo-ACL.jpg\",\"contentUrl\":\"https:\\\/\\\/www.aclanester56.com\\\/velo\\\/wp-content\\\/uploads\\\/2013\\\/04\\\/logo-ACL.jpg\",\"width\":400,\"height\":334,\"caption\":\"Avenir Cycliste Lanester 56\"},\"image\":{\"@id\":\"https:\\\/\\\/www.aclanester56.com\\\/velo\\\/#\\\/schema\\\/logo\\\/image\\\/\"},\"sameAs\":[\"https:\\\/\\\/www.facebook.com\\\/pages\\\/AC-Lanester-56\\\/190286300991242?fref=ts\"]},{\"@type\":\"Person\",\"@id\":\"https:\\\/\\\/www.aclanester56.com\\\/velo\\\/#\\\/schema\\\/person\\\/ca2a44a5fd969e9dd846c72d3b33bc01\",\"name\":\"Jean-Christophe\",\"url\":\"https:\\\/\\\/www.aclanester56.com\\\/velo\\\/author\\\/jeanchristophe\\\/\"}]}<\/script>\n<!-- \/ Yoast SEO plugin. -->","yoast_head_json":{"title":"Les Lanest\u00e9riens en stage avec le Comit\u00e9 du Morbihan - Avenir Cycliste Lanester 56","robots":{"index":"index","follow":"follow","max-snippet":"max-snippet:-1","max-image-preview":"max-image-preview:large","max-video-preview":"max-video-preview:-1"},"canonical":"https:\/\/www.aclanester56.com\/velo\/les-lanesteriens-en-stage-avec-le-comite-du-morbihan\/","og_locale":"fr_FR","og_type":"article","og_title":"Les Lanest\u00e9riens en stage avec le Comit\u00e9 du Morbihan - Avenir Cycliste Lanester 56","og_url":"https:\/\/www.aclanester56.com\/velo\/les-lanesteriens-en-stage-avec-le-comite-du-morbihan\/","og_site_name":"Avenir Cycliste Lanester 56","article_publisher":"https:\/\/www.facebook.com\/pages\/AC-Lanester-56\/190286300991242?fref=ts","article_published_time":"2012-02-13T14:45:56+00:00","article_modified_time":"2013-12-22T19:53:22+00:00","og_image":[{"width":650,"height":300,"url":"https:\/\/www.aclanester56.com\/velo\/wp-content\/uploads\/2012\/02\/stage-morbihan-cadet-juniors-redim1024-Copie.jpg","type":"image\/jpeg"}],"author":"Jean-Christophe","twitter_misc":{"\u00c9crit par":"Jean-Christophe","Dur\u00e9e de lecture estim\u00e9e":"2 minutes"},"schema":{"@context":"https:\/\/schema.org","@graph":[{"@type":"Article","@id":"https:\/\/www.aclanester56.com\/velo\/les-lanesteriens-en-stage-avec-le-comite-du-morbihan\/#article","isPartOf":{"@id":"https:\/\/www.aclanester56.com\/velo\/les-lanesteriens-en-stage-avec-le-comite-du-morbihan\/"},"author":{"name":"Jean-Christophe","@id":"https:\/\/www.aclanester56.com\/velo\/#\/schema\/person\/ca2a44a5fd969e9dd846c72d3b33bc01"},"headline":"Les Lanest\u00e9riens en stage avec le Comit\u00e9 du Morbihan","datePublished":"2012-02-13T14:45:56+00:00","dateModified":"2013-12-22T19:53:22+00:00","mainEntityOfPage":{"@id":"https:\/\/www.aclanester56.com\/velo\/les-lanesteriens-en-stage-avec-le-comite-du-morbihan\/"},"wordCount":368,"commentCount":0,"publisher":{"@id":"https:\/\/www.aclanester56.com\/velo\/#organization"},"image":{"@id":"https:\/\/www.aclanester56.com\/velo\/les-lanesteriens-en-stage-avec-le-comite-du-morbihan\/#primaryimage"},"thumbnailUrl":"https:\/\/www.aclanester56.com\/velo\/wp-content\/uploads\/2012\/02\/stage-morbihan-cadet-juniors-redim1024-Copie.jpg","articleSection":["AC LANESTER 56","R\u00e9sultats Cadets","R\u00e9sultats Juniors"],"inLanguage":"fr-FR","potentialAction":[{"@type":"CommentAction","name":"Comment","target":["https:\/\/www.aclanester56.com\/velo\/les-lanesteriens-en-stage-avec-le-comite-du-morbihan\/#respond"]}]},{"@type":"WebPage","@id":"https:\/\/www.aclanester56.com\/velo\/les-lanesteriens-en-stage-avec-le-comite-du-morbihan\/","url":"https:\/\/www.aclanester56.com\/velo\/les-lanesteriens-en-stage-avec-le-comite-du-morbihan\/","name":"Les Lanest\u00e9riens en stage avec le Comit\u00e9 du Morbihan - Avenir Cycliste Lanester 56","isPartOf":{"@id":"https:\/\/www.aclanester56.com\/velo\/#website"},"primaryImageOfPage":{"@id":"https:\/\/www.aclanester56.com\/velo\/les-lanesteriens-en-stage-avec-le-comite-du-morbihan\/#primaryimage"},"image":{"@id":"https:\/\/www.aclanester56.com\/velo\/les-lanesteriens-en-stage-avec-le-comite-du-morbihan\/#primaryimage"},"thumbnailUrl":"https:\/\/www.aclanester56.com\/velo\/wp-content\/uploads\/2012\/02\/stage-morbihan-cadet-juniors-redim1024-Copie.jpg","datePublished":"2012-02-13T14:45:56+00:00","dateModified":"2013-12-22T19:53:22+00:00","inLanguage":"fr-FR","potentialAction":[{"@type":"ReadAction","target":["https:\/\/www.aclanester56.com\/velo\/les-lanesteriens-en-stage-avec-le-comite-du-morbihan\/"]}]},{"@type":"ImageObject","inLanguage":"fr-FR","@id":"https:\/\/www.aclanester56.com\/velo\/les-lanesteriens-en-stage-avec-le-comite-du-morbihan\/#primaryimage","url":"https:\/\/www.aclanester56.com\/velo\/wp-content\/uploads\/2012\/02\/stage-morbihan-cadet-juniors-redim1024-Copie.jpg","contentUrl":"https:\/\/www.aclanester56.com\/velo\/wp-content\/uploads\/2012\/02\/stage-morbihan-cadet-juniors-redim1024-Copie.jpg","width":650,"height":300},{"@type":"WebSite","@id":"https:\/\/www.aclanester56.com\/velo\/#website","url":"https:\/\/www.aclanester56.com\/velo\/","name":"Avenir Cycliste Lanester 56","description":"Club cycliste de l&#039;AC LANESTER 56","publisher":{"@id":"https:\/\/www.aclanester56.com\/velo\/#organization"},"potentialAction":[{"@type":"SearchAction","target":{"@type":"EntryPoint","urlTemplate":"https:\/\/www.aclanester56.com\/velo\/?s={search_term_string}"},"query-input":{"@type":"PropertyValueSpecification","valueRequired":true,"valueName":"search_term_string"}}],"inLanguage":"fr-FR"},{"@type":"Organization","@id":"https:\/\/www.aclanester56.com\/velo\/#organization","name":"Avenir Cycliste Lanester 56","url":"https:\/\/www.aclanester56.com\/velo\/","logo":{"@type":"ImageObject","inLanguage":"fr-FR","@id":"https:\/\/www.aclanester56.com\/velo\/#\/schema\/logo\/image\/","url":"https:\/\/www.aclanester56.com\/velo\/wp-content\/uploads\/2013\/04\/logo-ACL.jpg","contentUrl":"https:\/\/www.aclanester56.com\/velo\/wp-content\/uploads\/2013\/04\/logo-ACL.jpg","width":400,"height":334,"caption":"Avenir Cycliste Lanester 56"},"image":{"@id":"https:\/\/www.aclanester56.com\/velo\/#\/schema\/logo\/image\/"},"sameAs":["https:\/\/www.facebook.com\/pages\/AC-Lanester-56\/190286300991242?fref=ts"]},{"@type":"Person","@id":"https:\/\/www.aclanester56.com\/velo\/#\/schema\/person\/ca2a44a5fd969e9dd846c72d3b33bc01","name":"Jean-Christophe","url":"https:\/\/www.aclanester56.com\/velo\/author\/jeanchristophe\/"}]}},"_links":{"self":[{"href":"https:\/\/www.aclanester56.com\/velo\/wp-json\/wp\/v2\/posts\/10723","targetHints":{"allow":["GET"]}}],"collection":[{"href":"https:\/\/www.aclanester56.com\/velo\/wp-json\/wp\/v2\/posts"}],"about":[{"href":"https:\/\/www.aclanester56.com\/velo\/wp-json\/wp\/v2\/types\/post"}],"author":[{"embeddable":true,"href":"https:\/\/www.aclanester56.com\/velo\/wp-json\/wp\/v2\/users\/14"}],"replies":[{"embeddable":true,"href":"https:\/\/www.aclanester56.com\/velo\/wp-json\/wp\/v2\/comments?post=10723"}],"version-history":[{"count":0,"href":"https:\/\/www.aclanester56.com\/velo\/wp-json\/wp\/v2\/posts\/10723\/revisions"}],"wp:featuredmedia":[{"embeddable":true,"href":"https:\/\/www.aclanester56.com\/velo\/wp-json\/wp\/v2\/media\/10726"}],"wp:attachment":[{"href":"https:\/\/www.aclanester56.com\/velo\/wp-json\/wp\/v2\/media?parent=10723"}],"wp:term":[{"taxonomy":"category","embeddable":true,"href":"https:\/\/www.aclanester56.com\/velo\/wp-json\/wp\/v2\/categories?post=10723"},{"taxonomy":"post_tag","embeddable":true,"href":"https:\/\/www.aclanester56.com\/velo\/wp-json\/wp\/v2\/tags?post=10723"}],"curies":[{"name":"wp","href":"https:\/\/api.w.org\/{rel}","templated":true}]}}