{"id":10739,"date":"2012-02-13T20:57:25","date_gmt":"2012-02-13T19:57:25","guid":{"rendered":"http:\/\/www.aclanester56.com\/velo\/?p=10739"},"modified":"2013-12-22T21:53:11","modified_gmt":"2013-12-22T19:53:11","slug":"les-juniors-seniors-de-lac-lanester-56-reunis-en-stage","status":"publish","type":"post","link":"https:\/\/www.aclanester56.com\/velo\/les-juniors-seniors-de-lac-lanester-56-reunis-en-stage\/","title":{"rendered":"Les juniors-seniors de l&rsquo;AC LANESTER 56 r\u00e9unis en stage"},"content":{"rendered":"<p style=\"text-align: justify;\"><!--more--><\/p>\n<p style=\"text-align: justify;\">L&rsquo;AC LANESTER 56 a organis\u00e9 ce week-end un stage r\u00e9serv\u00e9 aux coureurs juniors et seniors. A une semaine de la reprise sur les interclubs de Camors, les Lanest\u00e9riens en ont profit\u00e9 pour aligner les kilom\u00e8tres et \u00e9voquer le calendrier des courses auxquels ils vont participer lors de la premi\u00e8re partie de la saison !<\/p>\n<p style=\"text-align: justify;\"><strong style=\"color: #ff6600; font-size: 14px; line-height: 1.5em;\">Une sortie de 3H30 le samedi<\/strong><\/p>\n<p style=\"text-align: justify;\">Samedi, le groupe a effectu\u00e9 une sortie de 3H30 sur un parcours vallonn\u00e9, avec une incursion en terre finist\u00e9rienne avant de revenir par la c\u00f4te (entre Guidel-Plage et Le Cour\u00e9gant).<\/p>\n<div id=\"attachment_10743\" style=\"width: 235px\" class=\"wp-caption alignright\"><a href=\"http:\/\/www.aclanester56.com\/velo\/wp-content\/uploads\/2012\/02\/036-450x600.jpg\"><img loading=\"lazy\" decoding=\"async\" aria-describedby=\"caption-attachment-10743\" class=\"size-large wp-image-10743\" title=\"Benoit Le Bruchec et Melvyn Le Hen emm\u00e8nent ici le groupe dans la c\u00f4te du L\u00e9zot \u00e0 Plouay (photo J. Beldent)\" alt=\"\" src=\"http:\/\/www.aclanester56.com\/velo\/wp-content\/uploads\/2012\/02\/036-450x600.jpg\" width=\"225\" height=\"300\" srcset=\"https:\/\/www.aclanester56.com\/velo\/wp-content\/uploads\/2012\/02\/036-450x600.jpg 450w, https:\/\/www.aclanester56.com\/velo\/wp-content\/uploads\/2012\/02\/036-225x300.jpg 225w, https:\/\/www.aclanester56.com\/velo\/wp-content\/uploads\/2012\/02\/036.jpg 600w\" sizes=\"auto, (max-width: 225px) 100vw, 225px\" \/><\/a><p id=\"caption-attachment-10743\" class=\"wp-caption-text\">Benoit Le Bruchec et Melvyn Le Hen emm\u00e8nent ici le groupe dans la c\u00f4te du L\u00e9zot \u00e0 Plouay (photo J. Beldent)<\/p><\/div>\n<p style=\"text-align: justify;\"><span style=\"color: #ff6600;\"><strong>Programmation du d\u00e9but de saison<\/strong><\/span><\/p>\n<p style=\"text-align: justify;\">Le soir, les encadrants J\u00e9r\u00f4me BELDENT et Davy LE KER ont \u00e9voqu\u00e9 le programme des courses pour le d\u00e9but de saison. Tous les coureurs pr\u00e9sents au stage participeront \u00e0 l&rsquo;interclub de Camors dimanche prochain, tandis qu&rsquo;une \u00e9quipe sera \u00e9galement pr\u00e9sente sur la Melrandaise le week-end suivant !<\/p>\n<p style=\"text-align: justify;\"><span style=\"color: #ff6600;\"><strong>Des c\u00f4tes le dimanche matin !<\/strong><\/span><\/p>\n<p style=\"text-align: justify;\">Les jeunes Lanest\u00e9riens ont remis le couvert le dimanche matin avec une s\u00e9ance de 3H, avec du travail sp\u00e9cifique en c\u00f4te.<\/p>\n<p style=\"text-align: justify;\"><span style=\"color: #ff6600;\"><strong>\u00ab\u00a0Une tr\u00e8s bonne ambiance\u00a0\u00bb<\/strong><\/span><\/p>\n<p style=\"text-align: justify;\">\u00ab\u00a0\u00c7a a \u00e9t\u00e9 un tr\u00e8s bon stage, il y a eu une tr\u00e8s bonne ambiance durant ces 2 jours. Nous avons pu constater les progr\u00e8s de chacun\u00a0\u00bb, souligne J\u00e9r\u00f4me BELDENT, qui dirigeait ce stage avec Davy LE KER, tandis que Jean-Claude SAGOT assurait le d\u00e9pannage. Les juniors Pierre HOLE et K\u00e9vin BARGUIL participaient au m\u00eame moment <a href=\"http:\/\/www.aclanester56.com\/velo\/2012\/02\/13\/les-lanesteriens-en-stage-avec-le-comite-du-morbihan\/\" target=\"_blank\">\u00e0 un stage avec le CD56 \u00e0 St Laurent-sur-Oust<\/a>.<\/p>\n<p><strong><em>Remerciements \u00e0 J\u00e9r\u00f4me BELDENT.<\/em><\/strong><\/p>\n<div id=\"attachment_10745\" style=\"width: 277px\" class=\"wp-caption alignleft\"><a href=\"http:\/\/www.aclanester56.com\/velo\/wp-content\/uploads\/2012\/02\/040.jpg\"><img loading=\"lazy\" decoding=\"async\" aria-describedby=\"caption-attachment-10745\" class=\"size-full wp-image-10745\" title=\"Ce stage s'est d\u00e9roul\u00e9 dans la bonne humeur ! (photo J. Beldent)\" alt=\"\" src=\"http:\/\/www.aclanester56.com\/velo\/wp-content\/uploads\/2012\/02\/040.jpg\" width=\"267\" height=\"200\" srcset=\"https:\/\/www.aclanester56.com\/velo\/wp-content\/uploads\/2012\/02\/040.jpg 800w, https:\/\/www.aclanester56.com\/velo\/wp-content\/uploads\/2012\/02\/040-300x225.jpg 300w, https:\/\/www.aclanester56.com\/velo\/wp-content\/uploads\/2012\/02\/040-400x300.jpg 400w\" sizes=\"auto, (max-width: 267px) 100vw, 267px\" \/><\/a><p id=\"caption-attachment-10745\" class=\"wp-caption-text\">Ce stage s&rsquo;est d\u00e9roul\u00e9 dans la bonne humeur ! (photo J. Beldent)<\/p><\/div>\n","protected":false},"excerpt":{"rendered":"","protected":false},"author":14,"featured_media":10742,"comment_status":"open","ping_status":"closed","sticky":false,"template":"","format":"standard","meta":{"ngg_post_thumbnail":0,"footnotes":""},"categories":[5,19,18,21],"tags":[],"class_list":["post-10739","post","type-post","status-publish","format-standard","has-post-thumbnail","hentry","category-ac-lanester-56","category-resultats-2eme-categorie","category-resultats-3eme-categorie","category-resultats-juniors"],"yoast_head":"<!-- This site is optimized with the Yoast SEO plugin v27.5 - https:\/\/yoast.com\/product\/yoast-seo-wordpress\/ -->\n<title>Les juniors-seniors de l&#039;AC LANESTER 56 r\u00e9unis en stage - Avenir Cycliste Lanester 56<\/title>\n<meta name=\"robots\" content=\"index, follow, max-snippet:-1, max-image-preview:large, max-video-preview:-1\" \/>\n<link rel=\"canonical\" href=\"https:\/\/www.aclanester56.com\/velo\/les-juniors-seniors-de-lac-lanester-56-reunis-en-stage\/\" \/>\n<meta property=\"og:locale\" content=\"fr_FR\" \/>\n<meta property=\"og:type\" content=\"article\" \/>\n<meta property=\"og:title\" content=\"Les juniors-seniors de l&#039;AC LANESTER 56 r\u00e9unis en stage - Avenir Cycliste Lanester 56\" \/>\n<meta property=\"og:url\" content=\"https:\/\/www.aclanester56.com\/velo\/les-juniors-seniors-de-lac-lanester-56-reunis-en-stage\/\" \/>\n<meta property=\"og:site_name\" content=\"Avenir Cycliste Lanester 56\" \/>\n<meta property=\"article:publisher\" content=\"https:\/\/www.facebook.com\/pages\/AC-Lanester-56\/190286300991242?fref=ts\" \/>\n<meta property=\"article:published_time\" content=\"2012-02-13T19:57:25+00:00\" \/>\n<meta property=\"article:modified_time\" content=\"2013-12-22T19:53:11+00:00\" \/>\n<meta property=\"og:image\" content=\"https:\/\/www.aclanester56.com\/velo\/wp-content\/uploads\/2012\/02\/021-Copie.jpg\" \/>\n\t<meta property=\"og:image:width\" content=\"650\" \/>\n\t<meta property=\"og:image:height\" content=\"300\" \/>\n\t<meta property=\"og:image:type\" content=\"image\/jpeg\" \/>\n<meta name=\"author\" content=\"Jean-Christophe\" \/>\n<meta name=\"twitter:label1\" content=\"\u00c9crit par\" \/>\n\t<meta name=\"twitter:data1\" content=\"Jean-Christophe\" \/>\n\t<meta name=\"twitter:label2\" content=\"Dur\u00e9e de lecture estim\u00e9e\" \/>\n\t<meta name=\"twitter:data2\" content=\"2 minutes\" \/>\n<script type=\"application\/ld+json\" class=\"yoast-schema-graph\">{\"@context\":\"https:\\\/\\\/schema.org\",\"@graph\":[{\"@type\":\"Article\",\"@id\":\"https:\\\/\\\/www.aclanester56.com\\\/velo\\\/les-juniors-seniors-de-lac-lanester-56-reunis-en-stage\\\/#article\",\"isPartOf\":{\"@id\":\"https:\\\/\\\/www.aclanester56.com\\\/velo\\\/les-juniors-seniors-de-lac-lanester-56-reunis-en-stage\\\/\"},\"author\":{\"name\":\"Jean-Christophe\",\"@id\":\"https:\\\/\\\/www.aclanester56.com\\\/velo\\\/#\\\/schema\\\/person\\\/ca2a44a5fd969e9dd846c72d3b33bc01\"},\"headline\":\"Les juniors-seniors de l&rsquo;AC LANESTER 56 r\u00e9unis en stage\",\"datePublished\":\"2012-02-13T19:57:25+00:00\",\"dateModified\":\"2013-12-22T19:53:11+00:00\",\"mainEntityOfPage\":{\"@id\":\"https:\\\/\\\/www.aclanester56.com\\\/velo\\\/les-juniors-seniors-de-lac-lanester-56-reunis-en-stage\\\/\"},\"wordCount\":320,\"commentCount\":1,\"publisher\":{\"@id\":\"https:\\\/\\\/www.aclanester56.com\\\/velo\\\/#organization\"},\"image\":{\"@id\":\"https:\\\/\\\/www.aclanester56.com\\\/velo\\\/les-juniors-seniors-de-lac-lanester-56-reunis-en-stage\\\/#primaryimage\"},\"thumbnailUrl\":\"https:\\\/\\\/www.aclanester56.com\\\/velo\\\/wp-content\\\/uploads\\\/2012\\\/02\\\/021-Copie.jpg\",\"articleSection\":[\"AC LANESTER 56\",\"R\u00e9sultats 2eme cat\u00e9gorie\",\"R\u00e9sultats 3eme cat\u00e9gorie\",\"R\u00e9sultats Juniors\"],\"inLanguage\":\"fr-FR\",\"potentialAction\":[{\"@type\":\"CommentAction\",\"name\":\"Comment\",\"target\":[\"https:\\\/\\\/www.aclanester56.com\\\/velo\\\/les-juniors-seniors-de-lac-lanester-56-reunis-en-stage\\\/#respond\"]}]},{\"@type\":\"WebPage\",\"@id\":\"https:\\\/\\\/www.aclanester56.com\\\/velo\\\/les-juniors-seniors-de-lac-lanester-56-reunis-en-stage\\\/\",\"url\":\"https:\\\/\\\/www.aclanester56.com\\\/velo\\\/les-juniors-seniors-de-lac-lanester-56-reunis-en-stage\\\/\",\"name\":\"Les juniors-seniors de l'AC LANESTER 56 r\u00e9unis en stage - Avenir Cycliste Lanester 56\",\"isPartOf\":{\"@id\":\"https:\\\/\\\/www.aclanester56.com\\\/velo\\\/#website\"},\"primaryImageOfPage\":{\"@id\":\"https:\\\/\\\/www.aclanester56.com\\\/velo\\\/les-juniors-seniors-de-lac-lanester-56-reunis-en-stage\\\/#primaryimage\"},\"image\":{\"@id\":\"https:\\\/\\\/www.aclanester56.com\\\/velo\\\/les-juniors-seniors-de-lac-lanester-56-reunis-en-stage\\\/#primaryimage\"},\"thumbnailUrl\":\"https:\\\/\\\/www.aclanester56.com\\\/velo\\\/wp-content\\\/uploads\\\/2012\\\/02\\\/021-Copie.jpg\",\"datePublished\":\"2012-02-13T19:57:25+00:00\",\"dateModified\":\"2013-12-22T19:53:11+00:00\",\"inLanguage\":\"fr-FR\",\"potentialAction\":[{\"@type\":\"ReadAction\",\"target\":[\"https:\\\/\\\/www.aclanester56.com\\\/velo\\\/les-juniors-seniors-de-lac-lanester-56-reunis-en-stage\\\/\"]}]},{\"@type\":\"ImageObject\",\"inLanguage\":\"fr-FR\",\"@id\":\"https:\\\/\\\/www.aclanester56.com\\\/velo\\\/les-juniors-seniors-de-lac-lanester-56-reunis-en-stage\\\/#primaryimage\",\"url\":\"https:\\\/\\\/www.aclanester56.com\\\/velo\\\/wp-content\\\/uploads\\\/2012\\\/02\\\/021-Copie.jpg\",\"contentUrl\":\"https:\\\/\\\/www.aclanester56.com\\\/velo\\\/wp-content\\\/uploads\\\/2012\\\/02\\\/021-Copie.jpg\",\"width\":650,\"height\":300},{\"@type\":\"WebSite\",\"@id\":\"https:\\\/\\\/www.aclanester56.com\\\/velo\\\/#website\",\"url\":\"https:\\\/\\\/www.aclanester56.com\\\/velo\\\/\",\"name\":\"Avenir Cycliste Lanester 56\",\"description\":\"Club cycliste de l&#039;AC LANESTER 56\",\"publisher\":{\"@id\":\"https:\\\/\\\/www.aclanester56.com\\\/velo\\\/#organization\"},\"potentialAction\":[{\"@type\":\"SearchAction\",\"target\":{\"@type\":\"EntryPoint\",\"urlTemplate\":\"https:\\\/\\\/www.aclanester56.com\\\/velo\\\/?s={search_term_string}\"},\"query-input\":{\"@type\":\"PropertyValueSpecification\",\"valueRequired\":true,\"valueName\":\"search_term_string\"}}],\"inLanguage\":\"fr-FR\"},{\"@type\":\"Organization\",\"@id\":\"https:\\\/\\\/www.aclanester56.com\\\/velo\\\/#organization\",\"name\":\"Avenir Cycliste Lanester 56\",\"url\":\"https:\\\/\\\/www.aclanester56.com\\\/velo\\\/\",\"logo\":{\"@type\":\"ImageObject\",\"inLanguage\":\"fr-FR\",\"@id\":\"https:\\\/\\\/www.aclanester56.com\\\/velo\\\/#\\\/schema\\\/logo\\\/image\\\/\",\"url\":\"https:\\\/\\\/www.aclanester56.com\\\/velo\\\/wp-content\\\/uploads\\\/2013\\\/04\\\/logo-ACL.jpg\",\"contentUrl\":\"https:\\\/\\\/www.aclanester56.com\\\/velo\\\/wp-content\\\/uploads\\\/2013\\\/04\\\/logo-ACL.jpg\",\"width\":400,\"height\":334,\"caption\":\"Avenir Cycliste Lanester 56\"},\"image\":{\"@id\":\"https:\\\/\\\/www.aclanester56.com\\\/velo\\\/#\\\/schema\\\/logo\\\/image\\\/\"},\"sameAs\":[\"https:\\\/\\\/www.facebook.com\\\/pages\\\/AC-Lanester-56\\\/190286300991242?fref=ts\"]},{\"@type\":\"Person\",\"@id\":\"https:\\\/\\\/www.aclanester56.com\\\/velo\\\/#\\\/schema\\\/person\\\/ca2a44a5fd969e9dd846c72d3b33bc01\",\"name\":\"Jean-Christophe\",\"url\":\"https:\\\/\\\/www.aclanester56.com\\\/velo\\\/author\\\/jeanchristophe\\\/\"}]}<\/script>\n<!-- \/ Yoast SEO plugin. -->","yoast_head_json":{"title":"Les juniors-seniors de l'AC LANESTER 56 r\u00e9unis en stage - Avenir Cycliste Lanester 56","robots":{"index":"index","follow":"follow","max-snippet":"max-snippet:-1","max-image-preview":"max-image-preview:large","max-video-preview":"max-video-preview:-1"},"canonical":"https:\/\/www.aclanester56.com\/velo\/les-juniors-seniors-de-lac-lanester-56-reunis-en-stage\/","og_locale":"fr_FR","og_type":"article","og_title":"Les juniors-seniors de l'AC LANESTER 56 r\u00e9unis en stage - Avenir Cycliste Lanester 56","og_url":"https:\/\/www.aclanester56.com\/velo\/les-juniors-seniors-de-lac-lanester-56-reunis-en-stage\/","og_site_name":"Avenir Cycliste Lanester 56","article_publisher":"https:\/\/www.facebook.com\/pages\/AC-Lanester-56\/190286300991242?fref=ts","article_published_time":"2012-02-13T19:57:25+00:00","article_modified_time":"2013-12-22T19:53:11+00:00","og_image":[{"width":650,"height":300,"url":"https:\/\/www.aclanester56.com\/velo\/wp-content\/uploads\/2012\/02\/021-Copie.jpg","type":"image\/jpeg"}],"author":"Jean-Christophe","twitter_misc":{"\u00c9crit par":"Jean-Christophe","Dur\u00e9e de lecture estim\u00e9e":"2 minutes"},"schema":{"@context":"https:\/\/schema.org","@graph":[{"@type":"Article","@id":"https:\/\/www.aclanester56.com\/velo\/les-juniors-seniors-de-lac-lanester-56-reunis-en-stage\/#article","isPartOf":{"@id":"https:\/\/www.aclanester56.com\/velo\/les-juniors-seniors-de-lac-lanester-56-reunis-en-stage\/"},"author":{"name":"Jean-Christophe","@id":"https:\/\/www.aclanester56.com\/velo\/#\/schema\/person\/ca2a44a5fd969e9dd846c72d3b33bc01"},"headline":"Les juniors-seniors de l&rsquo;AC LANESTER 56 r\u00e9unis en stage","datePublished":"2012-02-13T19:57:25+00:00","dateModified":"2013-12-22T19:53:11+00:00","mainEntityOfPage":{"@id":"https:\/\/www.aclanester56.com\/velo\/les-juniors-seniors-de-lac-lanester-56-reunis-en-stage\/"},"wordCount":320,"commentCount":1,"publisher":{"@id":"https:\/\/www.aclanester56.com\/velo\/#organization"},"image":{"@id":"https:\/\/www.aclanester56.com\/velo\/les-juniors-seniors-de-lac-lanester-56-reunis-en-stage\/#primaryimage"},"thumbnailUrl":"https:\/\/www.aclanester56.com\/velo\/wp-content\/uploads\/2012\/02\/021-Copie.jpg","articleSection":["AC LANESTER 56","R\u00e9sultats 2eme cat\u00e9gorie","R\u00e9sultats 3eme cat\u00e9gorie","R\u00e9sultats Juniors"],"inLanguage":"fr-FR","potentialAction":[{"@type":"CommentAction","name":"Comment","target":["https:\/\/www.aclanester56.com\/velo\/les-juniors-seniors-de-lac-lanester-56-reunis-en-stage\/#respond"]}]},{"@type":"WebPage","@id":"https:\/\/www.aclanester56.com\/velo\/les-juniors-seniors-de-lac-lanester-56-reunis-en-stage\/","url":"https:\/\/www.aclanester56.com\/velo\/les-juniors-seniors-de-lac-lanester-56-reunis-en-stage\/","name":"Les juniors-seniors de l'AC LANESTER 56 r\u00e9unis en stage - Avenir Cycliste Lanester 56","isPartOf":{"@id":"https:\/\/www.aclanester56.com\/velo\/#website"},"primaryImageOfPage":{"@id":"https:\/\/www.aclanester56.com\/velo\/les-juniors-seniors-de-lac-lanester-56-reunis-en-stage\/#primaryimage"},"image":{"@id":"https:\/\/www.aclanester56.com\/velo\/les-juniors-seniors-de-lac-lanester-56-reunis-en-stage\/#primaryimage"},"thumbnailUrl":"https:\/\/www.aclanester56.com\/velo\/wp-content\/uploads\/2012\/02\/021-Copie.jpg","datePublished":"2012-02-13T19:57:25+00:00","dateModified":"2013-12-22T19:53:11+00:00","inLanguage":"fr-FR","potentialAction":[{"@type":"ReadAction","target":["https:\/\/www.aclanester56.com\/velo\/les-juniors-seniors-de-lac-lanester-56-reunis-en-stage\/"]}]},{"@type":"ImageObject","inLanguage":"fr-FR","@id":"https:\/\/www.aclanester56.com\/velo\/les-juniors-seniors-de-lac-lanester-56-reunis-en-stage\/#primaryimage","url":"https:\/\/www.aclanester56.com\/velo\/wp-content\/uploads\/2012\/02\/021-Copie.jpg","contentUrl":"https:\/\/www.aclanester56.com\/velo\/wp-content\/uploads\/2012\/02\/021-Copie.jpg","width":650,"height":300},{"@type":"WebSite","@id":"https:\/\/www.aclanester56.com\/velo\/#website","url":"https:\/\/www.aclanester56.com\/velo\/","name":"Avenir Cycliste Lanester 56","description":"Club cycliste de l&#039;AC LANESTER 56","publisher":{"@id":"https:\/\/www.aclanester56.com\/velo\/#organization"},"potentialAction":[{"@type":"SearchAction","target":{"@type":"EntryPoint","urlTemplate":"https:\/\/www.aclanester56.com\/velo\/?s={search_term_string}"},"query-input":{"@type":"PropertyValueSpecification","valueRequired":true,"valueName":"search_term_string"}}],"inLanguage":"fr-FR"},{"@type":"Organization","@id":"https:\/\/www.aclanester56.com\/velo\/#organization","name":"Avenir Cycliste Lanester 56","url":"https:\/\/www.aclanester56.com\/velo\/","logo":{"@type":"ImageObject","inLanguage":"fr-FR","@id":"https:\/\/www.aclanester56.com\/velo\/#\/schema\/logo\/image\/","url":"https:\/\/www.aclanester56.com\/velo\/wp-content\/uploads\/2013\/04\/logo-ACL.jpg","contentUrl":"https:\/\/www.aclanester56.com\/velo\/wp-content\/uploads\/2013\/04\/logo-ACL.jpg","width":400,"height":334,"caption":"Avenir Cycliste Lanester 56"},"image":{"@id":"https:\/\/www.aclanester56.com\/velo\/#\/schema\/logo\/image\/"},"sameAs":["https:\/\/www.facebook.com\/pages\/AC-Lanester-56\/190286300991242?fref=ts"]},{"@type":"Person","@id":"https:\/\/www.aclanester56.com\/velo\/#\/schema\/person\/ca2a44a5fd969e9dd846c72d3b33bc01","name":"Jean-Christophe","url":"https:\/\/www.aclanester56.com\/velo\/author\/jeanchristophe\/"}]}},"_links":{"self":[{"href":"https:\/\/www.aclanester56.com\/velo\/wp-json\/wp\/v2\/posts\/10739","targetHints":{"allow":["GET"]}}],"collection":[{"href":"https:\/\/www.aclanester56.com\/velo\/wp-json\/wp\/v2\/posts"}],"about":[{"href":"https:\/\/www.aclanester56.com\/velo\/wp-json\/wp\/v2\/types\/post"}],"author":[{"embeddable":true,"href":"https:\/\/www.aclanester56.com\/velo\/wp-json\/wp\/v2\/users\/14"}],"replies":[{"embeddable":true,"href":"https:\/\/www.aclanester56.com\/velo\/wp-json\/wp\/v2\/comments?post=10739"}],"version-history":[{"count":0,"href":"https:\/\/www.aclanester56.com\/velo\/wp-json\/wp\/v2\/posts\/10739\/revisions"}],"wp:featuredmedia":[{"embeddable":true,"href":"https:\/\/www.aclanester56.com\/velo\/wp-json\/wp\/v2\/media\/10742"}],"wp:attachment":[{"href":"https:\/\/www.aclanester56.com\/velo\/wp-json\/wp\/v2\/media?parent=10739"}],"wp:term":[{"taxonomy":"category","embeddable":true,"href":"https:\/\/www.aclanester56.com\/velo\/wp-json\/wp\/v2\/categories?post=10739"},{"taxonomy":"post_tag","embeddable":true,"href":"https:\/\/www.aclanester56.com\/velo\/wp-json\/wp\/v2\/tags?post=10739"}],"curies":[{"name":"wp","href":"https:\/\/api.w.org\/{rel}","templated":true}]}}