{"id":10900,"date":"2012-02-28T20:51:06","date_gmt":"2012-02-28T19:51:06","guid":{"rendered":"http:\/\/www.aclanester56.com\/velo\/?p=10900"},"modified":"2013-12-22T21:50:06","modified_gmt":"2013-12-22T19:50:06","slug":"les-lanesteriens-sur-le-grand-prix-jean-robic-a-radenac","status":"publish","type":"post","link":"https:\/\/www.aclanester56.com\/velo\/les-lanesteriens-sur-le-grand-prix-jean-robic-a-radenac\/","title":{"rendered":"Les Lanest\u00e9riens sur le Grand Prix Jean Robic \u00e0 Radenac"},"content":{"rendered":"<p style=\"text-align: justify;\"><!--more--><\/p>\n<p style=\"text-align: justify;\">Les coureurs de l&rsquo;AC LANESTER 56, de l&rsquo;\u00e9cole de cyclisme aux 3\u00e8me cat\u00e9gorie, \u00e9taient pr\u00e9sents en nombre dimanche sur le Grand Prix Jean Robic \u00e0 Radenac !<\/p>\n<p>\u00a0<span style=\"color: #ff6600;\"><strong>R\u00e9cup\u00e9ration difficile pour certains, malchance pour d&rsquo;autres en d\u00e9but de course !<\/strong><\/span><\/p>\n<p style=\"text-align: justify;\">Le d\u00e9part de cette course en circuit est difficile pour Davy LE KER, Benoit et Mathieu LE BRUCHEC, qui avaient les jambes lourdes au lendemain de la Melrandaise. D\u00e8s le deuxi\u00e8me tour, notre junior Gael LE BOUDOUIL, qui semblait bien en jambes, est malheureusement victime d&rsquo;un bris de rayon qui le contraindra \u00e0 mettre pied \u00e0 terre.<\/p>\n<div id=\"attachment_10905\" style=\"width: 410px\" class=\"wp-caption alignright\"><a href=\"http:\/\/www.aclanester56.com\/velo\/wp-content\/uploads\/2012\/02\/DSC_1409-800x600.jpeg\"><img loading=\"lazy\" decoding=\"async\" aria-describedby=\"caption-attachment-10905\" class=\"size-full wp-image-10905\" title=\"Benoit Le Bruchec a beaucoup donn\u00e9 sur le circuit de Radenac (photo Sylvain Beauval-Zerrilli - Fionaphotobreizh)\" alt=\"\" src=\"http:\/\/www.aclanester56.com\/velo\/wp-content\/uploads\/2012\/02\/DSC_1409-800x600.jpeg\" width=\"400\" height=\"265\" srcset=\"https:\/\/www.aclanester56.com\/velo\/wp-content\/uploads\/2012\/02\/DSC_1409-800x600.jpeg 800w, https:\/\/www.aclanester56.com\/velo\/wp-content\/uploads\/2012\/02\/DSC_1409-800x600-300x198.jpg 300w, https:\/\/www.aclanester56.com\/velo\/wp-content\/uploads\/2012\/02\/DSC_1409-800x600-452x300.jpg 452w\" sizes=\"auto, (max-width: 400px) 100vw, 400px\" \/><\/a><p id=\"caption-attachment-10905\" class=\"wp-caption-text\">Benoit Le Bruchec a beaucoup donn\u00e9 sur le circuit de Radenac (photo Sylvain Beauval-Zerrilli &#8211; \u00ab\u00a0Fionaphotobreizh\u00a0\u00bb)<\/p><\/div>\n<p style=\"text-align: justify;\"><span style=\"color: #ff6600;\"><strong>Les Lanest\u00e9riens ont tent\u00e9 !<\/strong><\/span><\/p>\n<p style=\"text-align: justify;\">Plusieurs escarmouches secouent le peloton avec notamment parmi les Lanest\u00e9riens les plus actifs Davy LE KER, le junior Pierre HOLE ou encore les fr\u00e8res LE BRUCHEC. Mais c&rsquo;est un peloton group\u00e9 qui amorce la derni\u00e8re boucle de circuit. Sept coureurs parvenaient \u00e0 prendre la poudre d&rsquo;escampette \u00e0 2 Km de l&rsquo;arriv\u00e9e, sans aucun coureur de l&rsquo;AC LANESTER 56.<\/p>\n<p style=\"text-align: justify;\"><span style=\"color: #ff6600;\"><strong>Davy Le Ker vient \u00ab\u00a0mourir\u00a0\u00bb sur les \u00e9chapp\u00e9s<\/strong><\/span><\/p>\n<p style=\"text-align: justify;\">Le Lanest\u00e9rien J\u00e9r\u00f4me BELDENT emm\u00e8ne alors le peloton pendant tout le dernier kilom\u00e8tre, et au terme d&rsquo;un ultime effort, Davy LE KER parvient \u00e0 revenir sur l&rsquo;\u00e9chapp\u00e9e et prendre une belle 5\u00e8me place. Pierre HOLE, qui \u00e9tait encore dans les rangs cadets l&rsquo;an dernier, prend une belle 18\u00e8me place qui devrait lui donner confiance pour les prochains rendez-vous. Kevin BARGUIL, J\u00e9r\u00f4me BELDENT, Benoit et Mathieu LE BRUCHEC terminent \u00e9galement dans le peloton !<\/p>\n<div id=\"attachment_10924\" style=\"width: 370px\" class=\"wp-caption alignleft\"><a href=\"http:\/\/www.aclanester56.com\/velo\/wp-content\/uploads\/2012\/02\/Patrick-Duval-encadre-Charles-Samuel-et-Benjamin.jpg\"><img loading=\"lazy\" decoding=\"async\" aria-describedby=\"caption-attachment-10924\" class=\"size-full wp-image-10924\" title=\"Patrick Duval est venu encourager ses poulains Charles, Samuel et Benjamin ! (photo St\u00e9phane Le Crom)\" alt=\"\" src=\"http:\/\/www.aclanester56.com\/velo\/wp-content\/uploads\/2012\/02\/Patrick-Duval-encadre-Charles-Samuel-et-Benjamin.jpg\" width=\"360\" height=\"270\" srcset=\"https:\/\/www.aclanester56.com\/velo\/wp-content\/uploads\/2012\/02\/Patrick-Duval-encadre-Charles-Samuel-et-Benjamin.jpg 720w, https:\/\/www.aclanester56.com\/velo\/wp-content\/uploads\/2012\/02\/Patrick-Duval-encadre-Charles-Samuel-et-Benjamin-300x225.jpg 300w, https:\/\/www.aclanester56.com\/velo\/wp-content\/uploads\/2012\/02\/Patrick-Duval-encadre-Charles-Samuel-et-Benjamin-400x300.jpg 400w\" sizes=\"auto, (max-width: 360px) 100vw, 360px\" \/><\/a><p id=\"caption-attachment-10924\" class=\"wp-caption-text\">Patrick Duval est venu encourager ses poulains Charles, Samuel et Benjamin ! (photo St\u00e9phane Le Crom)<\/p><\/div>\n<p style=\"text-align: justify;\"><span style=\"color: #ff6600;\"><strong>Les jeunes de l&rsquo;Ecole de Cyclisme de la partie !<\/strong><\/span><\/p>\n<p style=\"text-align: justify;\">Plusieurs des jeunes coureurs de l&rsquo;Ecole de Cyclisme de l&rsquo;AC LANESTER 56 ont particip\u00e9 \u00e9galement aux \u00e9preuves de Radenac. Louis LE BIDEAU prend une tr\u00e8s belle 12\u00e8me place chez les poussins, tandis que Mehdi BACHIR termine bon 18\u00e8me.<\/p>\n<p style=\"text-align: justify;\">Chez les Benjamins, Charles LE CROM, Samuel HUSER et Benjamin MOREL r\u00e9alisent une tr\u00e8s belle course et terminent respectivement 18\u00e8me, 21\u00e8me et 58\u00e8me. Patrick DUVAL, qui encadre les benjamins de l&rsquo;AC LANESTER 56, \u00e9tait d&rsquo;ailleurs pr\u00e9sent pour les encourager !<\/p>\n<p style=\"text-align: justify;\">Enfin, chez les minimes, Eric LE CARER termine 38\u00e8me. La jeune Ma\u00e9va MALRY n&rsquo;a pas pu terminer la course suite \u00e0 un malaise (heureusement sans cons\u00e9quence), certainement d\u00fb au stress li\u00e9 \u00e0 sa toute premi\u00e8re participation \u00e0 une course sur route !<\/p>\n<div id=\"attachment_10910\" style=\"width: 370px\" class=\"wp-caption alignright\"><a href=\"http:\/\/www.aclanester56.com\/velo\/wp-content\/uploads\/2012\/02\/Louis.jpg\"><img loading=\"lazy\" decoding=\"async\" aria-describedby=\"caption-attachment-10910\" class=\"size-full wp-image-10910\" title=\"Louis est concentr\u00e9 avant le d\u00e9part des poussins ! (photo St\u00e9phane Le Crom)\" alt=\"\" src=\"http:\/\/www.aclanester56.com\/velo\/wp-content\/uploads\/2012\/02\/Louis.jpg\" width=\"360\" height=\"270\" srcset=\"https:\/\/www.aclanester56.com\/velo\/wp-content\/uploads\/2012\/02\/Louis.jpg 720w, https:\/\/www.aclanester56.com\/velo\/wp-content\/uploads\/2012\/02\/Louis-300x225.jpg 300w, https:\/\/www.aclanester56.com\/velo\/wp-content\/uploads\/2012\/02\/Louis-400x300.jpg 400w\" sizes=\"auto, (max-width: 360px) 100vw, 360px\" \/><\/a><p id=\"caption-attachment-10910\" class=\"wp-caption-text\">Louis est concentr\u00e9 avant le d\u00e9part des poussins ! (photo St\u00e9phane Le Crom)<\/p><\/div>\n<p style=\"text-align: justify;\">En conclusion, les jeunes Lanest\u00e9riens continuent d&rsquo;apprendre gr\u00e2ce \u00e0 leurs encadrants qui veillent \u00e0 ce que leur progression se d\u00e9roule sans br\u00fbler les \u00e9tapes !<\/p>\n<p><span style=\"color: #ff6600;\"><strong>\u00a0Plus de photos !<\/strong><\/span><\/p>\n<p style=\"text-align: justify;\">Retrouvez des photos de l&rsquo;\u00e9preuve juniors-seniors de Radenac sign\u00e9es Sylvain Beauval-Zerrilli (www.fionaphotobreizh.fr) dans notre galerie accessible <a href=\"http:\/\/www.aclanester56.com\/velo\/medias\/photos\/galerie-2012\/?album=10&amp;gallery=99\" target=\"_blank\">en cliquant ici<\/a> !<\/p>\n<p style=\"text-align: center;\"><span style=\"text-decoration: underline; color: #ff6600;\"><strong>Classements :<\/strong><\/span><\/p>\n<p><span style=\"color: #ff6600;\"><strong>***** \u00a0 \u00a0 Poussins \u00a0 \u00a0 *****<\/strong><\/span><\/p>\n<p><span style=\"text-decoration: underline;\"><strong>Radenac :<\/strong><\/span><br \/> 1\u00a0CUSHWAY\u00a0Maximilian\u00a0V VANNETAIS<br \/> 2\u00a0LE NOA\u00a0Th\u00e9o\u00a0V VANNETAIS<br \/> 3\u00a0HUBY\u00a0Thomas\u00a0CC UZELAIS<br \/> 4\u00a0DROUAL\u00a0Fran\u00e7ois\u00a0OC LOCMINE<br \/> 5\u00a0TREGOUET\u00a0Maur\u00e8ne ( F )\u00a0V VANNETAIS<br \/> <span style=\"background-color: #ff6600;\">12\u00a0LE BIDEAU\u00a0Louis AC LANESTER 56<\/span><\/p>\n<div id=\"attachment_10916\" style=\"width: 280px\" class=\"wp-caption alignright\"><a href=\"http:\/\/www.aclanester56.com\/velo\/wp-content\/uploads\/2012\/02\/Mehdi.jpg\"><img loading=\"lazy\" decoding=\"async\" aria-describedby=\"caption-attachment-10916\" class=\"size-full wp-image-10916\" title=\"Mehdi prend une belle 18\u00e8me place en pupilles (photo St\u00e9phane Le Crom)\" alt=\"\" src=\"http:\/\/www.aclanester56.com\/velo\/wp-content\/uploads\/2012\/02\/Mehdi.jpg\" width=\"270\" height=\"360\" srcset=\"https:\/\/www.aclanester56.com\/velo\/wp-content\/uploads\/2012\/02\/Mehdi.jpg 540w, https:\/\/www.aclanester56.com\/velo\/wp-content\/uploads\/2012\/02\/Mehdi-225x300.jpg 225w, https:\/\/www.aclanester56.com\/velo\/wp-content\/uploads\/2012\/02\/Mehdi-450x600.jpg 450w\" sizes=\"auto, (max-width: 270px) 100vw, 270px\" \/><\/a><p id=\"caption-attachment-10916\" class=\"wp-caption-text\">Mehdi prend une belle 18\u00e8me place en pupilles (photo St\u00e9phane Le Crom)<\/p><\/div>\n<p><span style=\"color: #ff6600;\"><strong>***** \u00a0 \u00a0 Pupilles \u00a0 \u00a0 *****<\/strong><\/span><\/p>\n<p><span style=\"text-decoration: underline;\"><strong>Radenac :<\/strong><\/span><br \/> 1\u00a0STEVANT\u00a0Malo\u00a0V VANNETAIS<br \/> 2\u00a0GIQUEL\u00a0Melvin\u00a0VSP LAMBALLE<br \/> 3\u00a0HINAULT\u00a0Thomas\u00a0V VANNETAIS<br \/> 4\u00a0GUIDEC\u00a0Rapha\u00ebl\u00a0OC LOCMINE<br \/> 5\u00a0LE HUITOUZE\u00a0Eddy\u00a0EC PLUVIGNOISE<br \/> <span style=\"background-color: #ff6600;\">18\u00a0BACHIR\u00a0Medhi AC LANESTER 56<\/span><\/p>\n<p><span style=\"color: #ff6600;\"><strong>***** \u00a0 \u00a0 Benjamins \u00a0 \u00a0 *****<\/strong><\/span><\/p>\n<p><span style=\"text-decoration: underline;\"><strong>Radenac :<\/strong><\/span><br \/> 1\u00a0LE LESLE\u00a0Nicolas\u00a0VC LANGUIDIC<br \/> 2\u00a0ADAM\u00a0KILLIAN\u00a0UC GUINEFORT<br \/> 3\u00a0BOIVIN\u00a0Florian\u00a0VC DINAN<br \/> 4\u00a0LE GUEVEL\u00a0Alexis\u00a0ACP BAUD<br \/> 5\u00a0CUSHWAY\u00a0Charles\u00a0V VANNETAIS<br \/> <span style=\"background-color: #ff6600;\">18\u00a0LE CROM\u00a0Charles AC LANESTER 56<\/span><br \/> <span style=\"background-color: #ff6600;\"> 21\u00a0HUSER\u00a0Samuel AC LANESTER 56<\/span><br \/> <span style=\"background-color: #ff6600;\"> 58\u00a0MOREL\u00a0Benjamin AC LANESTER 56<\/span><\/p>\n<p><span style=\"color: #ff6600;\"><strong>***** \u00a0 \u00a0 Minimes \u00a0 \u00a0 *****<\/strong><\/span><\/p>\n<p><span style=\"text-decoration: underline;\"><strong>Radenac :<\/strong><\/span><br \/> 1\u00a0ROUPSARD\u00a0Quentin\u00a0UC GUINEFORT<br \/> 2\u00a0DESLANDO\u00a0MAXIME\u00a0VC PONTIVY<br \/> 3\u00a0LE SCOUARNEC\u00a0Vincent\u00a0UCP PLOUAY<br \/> 4\u00a0BALTENWECK\u00a0Meven\u00a0ACP BAUD<br \/> 5\u00a0SEBILE\u00a0Quentin\u00a0V VANNETAIS<br \/> <span style=\"background-color: #ff6600;\">38\u00a0LE CARER\u00a0Eric AC LANESTER 56<\/span><\/p>\n<div id=\"attachment_10918\" style=\"width: 370px\" class=\"wp-caption alignright\"><a href=\"http:\/\/www.aclanester56.com\/velo\/wp-content\/uploads\/2012\/02\/Maeva-et-Eric.jpg\"><img loading=\"lazy\" decoding=\"async\" aria-describedby=\"caption-attachment-10918\" class=\"size-full wp-image-10918\" title=\"Maeva et Eric au d\u00e9part de l'\u00e9preuve r\u00e9serv\u00e9e aux minimes ! (photo St\u00e9phane Le Crom)\" alt=\"\" src=\"http:\/\/www.aclanester56.com\/velo\/wp-content\/uploads\/2012\/02\/Maeva-et-Eric.jpg\" width=\"360\" height=\"270\" srcset=\"https:\/\/www.aclanester56.com\/velo\/wp-content\/uploads\/2012\/02\/Maeva-et-Eric.jpg 720w, https:\/\/www.aclanester56.com\/velo\/wp-content\/uploads\/2012\/02\/Maeva-et-Eric-300x225.jpg 300w, https:\/\/www.aclanester56.com\/velo\/wp-content\/uploads\/2012\/02\/Maeva-et-Eric-400x300.jpg 400w\" sizes=\"auto, (max-width: 360px) 100vw, 360px\" \/><\/a><p id=\"caption-attachment-10918\" class=\"wp-caption-text\">Maeva et Eric au d\u00e9part de l&rsquo;\u00e9preuve r\u00e9serv\u00e9e aux minimes ! (photo St\u00e9phane Le Crom)<\/p><\/div>\n<p><span style=\"color: #ff6600;\"><strong>\u00a0***** \u00a0 \u00a0 3\u00e8me Cat, PC et Juniors \u00a0 \u00a0 *****<\/strong><\/span><\/p>\n<p><span style=\"text-decoration: underline;\"><strong>Grand Prix Jean Robic \u00e0 Radenac :<\/strong><\/span><br \/> 1\u00a0QUEHE\u00a0Pierre Yves\u00a0EC PLOUHA LANVOLLON<br \/> 2\u00a0LEBRANCHU\u00a0Dylan\u00a0UC GUINEFORT PAYS DE DINAN<br \/> 3\u00a0CORNILLET\u00a0Erwan\u00a0VS PAYS DE LAMBALLE<br \/> 4\u00a0FAURE\u00a0OLIVIER\u00a0U.V.LIMOUSINE<br \/> <span style=\"background-color: #ff6600;\">5\u00a0LE KER\u00a0Davy\u00a0AC LANESTER 56<\/span><br \/> <span style=\"background-color: #ff6600;\"> 18\u00a0HOLE\u00a0Pierre\u00a0AC LANESTER 56<\/span><br \/> <span style=\"background-color: #ff6600;\"> 26\u00a0LE BRUCHEC\u00a0Mathieu\u00a0AC LANESTER 56<\/span><br \/> <span style=\"background-color: #ff6600;\"> 38\u00a0BARGUIL\u00a0K\u00e9vin\u00a0AC LANESTER 56<\/span><br \/> <span style=\"background-color: #ff6600;\"> 45\u00a0LE BRUCHEC\u00a0Benoit\u00a0AC LANESTER 56<\/span><\/p>\n<p>\u00a0<br \/> \u00a0<br \/> <em><strong>Remerciements \u00e0 J\u00e9r\u00f4me Beldent, Sylvain Beauval-Zerrilli et St\u00e9phane Le Crom.<\/strong><\/em><\/p>\n","protected":false},"excerpt":{"rendered":"","protected":false},"author":14,"featured_media":10923,"comment_status":"open","ping_status":"closed","sticky":false,"template":"","format":"standard","meta":{"ngg_post_thumbnail":0,"footnotes":""},"categories":[5],"tags":[],"class_list":["post-10900","post","type-post","status-publish","format-standard","has-post-thumbnail","hentry","category-ac-lanester-56"],"yoast_head":"<!-- This site is optimized with the Yoast SEO plugin v27.5 - https:\/\/yoast.com\/product\/yoast-seo-wordpress\/ -->\n<title>Les Lanest\u00e9riens sur le Grand Prix Jean Robic \u00e0 Radenac - Avenir Cycliste Lanester 56<\/title>\n<meta name=\"robots\" content=\"index, follow, max-snippet:-1, max-image-preview:large, max-video-preview:-1\" \/>\n<link rel=\"canonical\" href=\"https:\/\/www.aclanester56.com\/velo\/les-lanesteriens-sur-le-grand-prix-jean-robic-a-radenac\/\" \/>\n<meta property=\"og:locale\" content=\"fr_FR\" \/>\n<meta property=\"og:type\" content=\"article\" \/>\n<meta property=\"og:title\" content=\"Les Lanest\u00e9riens sur le Grand Prix Jean Robic \u00e0 Radenac - Avenir Cycliste Lanester 56\" \/>\n<meta property=\"og:url\" content=\"https:\/\/www.aclanester56.com\/velo\/les-lanesteriens-sur-le-grand-prix-jean-robic-a-radenac\/\" \/>\n<meta property=\"og:site_name\" content=\"Avenir Cycliste Lanester 56\" \/>\n<meta property=\"article:publisher\" content=\"https:\/\/www.facebook.com\/pages\/AC-Lanester-56\/190286300991242?fref=ts\" \/>\n<meta property=\"article:published_time\" content=\"2012-02-28T19:51:06+00:00\" \/>\n<meta property=\"article:modified_time\" content=\"2013-12-22T19:50:06+00:00\" \/>\n<meta property=\"og:image\" content=\"https:\/\/www.aclanester56.com\/velo\/wp-content\/uploads\/2012\/02\/DSC_1414-Copie.jpeg\" \/>\n\t<meta property=\"og:image:width\" content=\"650\" \/>\n\t<meta property=\"og:image:height\" content=\"300\" \/>\n\t<meta property=\"og:image:type\" content=\"image\/jpeg\" \/>\n<meta name=\"author\" content=\"Jean-Christophe\" \/>\n<meta name=\"twitter:label1\" content=\"\u00c9crit par\" \/>\n\t<meta name=\"twitter:data1\" content=\"Jean-Christophe\" \/>\n\t<meta name=\"twitter:label2\" content=\"Dur\u00e9e de lecture estim\u00e9e\" \/>\n\t<meta name=\"twitter:data2\" content=\"4 minutes\" \/>\n<script type=\"application\/ld+json\" class=\"yoast-schema-graph\">{\"@context\":\"https:\\\/\\\/schema.org\",\"@graph\":[{\"@type\":\"Article\",\"@id\":\"https:\\\/\\\/www.aclanester56.com\\\/velo\\\/les-lanesteriens-sur-le-grand-prix-jean-robic-a-radenac\\\/#article\",\"isPartOf\":{\"@id\":\"https:\\\/\\\/www.aclanester56.com\\\/velo\\\/les-lanesteriens-sur-le-grand-prix-jean-robic-a-radenac\\\/\"},\"author\":{\"name\":\"Jean-Christophe\",\"@id\":\"https:\\\/\\\/www.aclanester56.com\\\/velo\\\/#\\\/schema\\\/person\\\/ca2a44a5fd969e9dd846c72d3b33bc01\"},\"headline\":\"Les Lanest\u00e9riens sur le Grand Prix Jean Robic \u00e0 Radenac\",\"datePublished\":\"2012-02-28T19:51:06+00:00\",\"dateModified\":\"2013-12-22T19:50:06+00:00\",\"mainEntityOfPage\":{\"@id\":\"https:\\\/\\\/www.aclanester56.com\\\/velo\\\/les-lanesteriens-sur-le-grand-prix-jean-robic-a-radenac\\\/\"},\"wordCount\":751,\"commentCount\":0,\"publisher\":{\"@id\":\"https:\\\/\\\/www.aclanester56.com\\\/velo\\\/#organization\"},\"image\":{\"@id\":\"https:\\\/\\\/www.aclanester56.com\\\/velo\\\/les-lanesteriens-sur-le-grand-prix-jean-robic-a-radenac\\\/#primaryimage\"},\"thumbnailUrl\":\"https:\\\/\\\/www.aclanester56.com\\\/velo\\\/wp-content\\\/uploads\\\/2012\\\/02\\\/DSC_1414-Copie.jpeg\",\"articleSection\":[\"AC LANESTER 56\"],\"inLanguage\":\"fr-FR\",\"potentialAction\":[{\"@type\":\"CommentAction\",\"name\":\"Comment\",\"target\":[\"https:\\\/\\\/www.aclanester56.com\\\/velo\\\/les-lanesteriens-sur-le-grand-prix-jean-robic-a-radenac\\\/#respond\"]}]},{\"@type\":\"WebPage\",\"@id\":\"https:\\\/\\\/www.aclanester56.com\\\/velo\\\/les-lanesteriens-sur-le-grand-prix-jean-robic-a-radenac\\\/\",\"url\":\"https:\\\/\\\/www.aclanester56.com\\\/velo\\\/les-lanesteriens-sur-le-grand-prix-jean-robic-a-radenac\\\/\",\"name\":\"Les Lanest\u00e9riens sur le Grand Prix Jean Robic \u00e0 Radenac - Avenir Cycliste Lanester 56\",\"isPartOf\":{\"@id\":\"https:\\\/\\\/www.aclanester56.com\\\/velo\\\/#website\"},\"primaryImageOfPage\":{\"@id\":\"https:\\\/\\\/www.aclanester56.com\\\/velo\\\/les-lanesteriens-sur-le-grand-prix-jean-robic-a-radenac\\\/#primaryimage\"},\"image\":{\"@id\":\"https:\\\/\\\/www.aclanester56.com\\\/velo\\\/les-lanesteriens-sur-le-grand-prix-jean-robic-a-radenac\\\/#primaryimage\"},\"thumbnailUrl\":\"https:\\\/\\\/www.aclanester56.com\\\/velo\\\/wp-content\\\/uploads\\\/2012\\\/02\\\/DSC_1414-Copie.jpeg\",\"datePublished\":\"2012-02-28T19:51:06+00:00\",\"dateModified\":\"2013-12-22T19:50:06+00:00\",\"inLanguage\":\"fr-FR\",\"potentialAction\":[{\"@type\":\"ReadAction\",\"target\":[\"https:\\\/\\\/www.aclanester56.com\\\/velo\\\/les-lanesteriens-sur-le-grand-prix-jean-robic-a-radenac\\\/\"]}]},{\"@type\":\"ImageObject\",\"inLanguage\":\"fr-FR\",\"@id\":\"https:\\\/\\\/www.aclanester56.com\\\/velo\\\/les-lanesteriens-sur-le-grand-prix-jean-robic-a-radenac\\\/#primaryimage\",\"url\":\"https:\\\/\\\/www.aclanester56.com\\\/velo\\\/wp-content\\\/uploads\\\/2012\\\/02\\\/DSC_1414-Copie.jpeg\",\"contentUrl\":\"https:\\\/\\\/www.aclanester56.com\\\/velo\\\/wp-content\\\/uploads\\\/2012\\\/02\\\/DSC_1414-Copie.jpeg\",\"width\":650,\"height\":300},{\"@type\":\"WebSite\",\"@id\":\"https:\\\/\\\/www.aclanester56.com\\\/velo\\\/#website\",\"url\":\"https:\\\/\\\/www.aclanester56.com\\\/velo\\\/\",\"name\":\"Avenir Cycliste Lanester 56\",\"description\":\"Club cycliste de l&#039;AC LANESTER 56\",\"publisher\":{\"@id\":\"https:\\\/\\\/www.aclanester56.com\\\/velo\\\/#organization\"},\"potentialAction\":[{\"@type\":\"SearchAction\",\"target\":{\"@type\":\"EntryPoint\",\"urlTemplate\":\"https:\\\/\\\/www.aclanester56.com\\\/velo\\\/?s={search_term_string}\"},\"query-input\":{\"@type\":\"PropertyValueSpecification\",\"valueRequired\":true,\"valueName\":\"search_term_string\"}}],\"inLanguage\":\"fr-FR\"},{\"@type\":\"Organization\",\"@id\":\"https:\\\/\\\/www.aclanester56.com\\\/velo\\\/#organization\",\"name\":\"Avenir Cycliste Lanester 56\",\"url\":\"https:\\\/\\\/www.aclanester56.com\\\/velo\\\/\",\"logo\":{\"@type\":\"ImageObject\",\"inLanguage\":\"fr-FR\",\"@id\":\"https:\\\/\\\/www.aclanester56.com\\\/velo\\\/#\\\/schema\\\/logo\\\/image\\\/\",\"url\":\"https:\\\/\\\/www.aclanester56.com\\\/velo\\\/wp-content\\\/uploads\\\/2013\\\/04\\\/logo-ACL.jpg\",\"contentUrl\":\"https:\\\/\\\/www.aclanester56.com\\\/velo\\\/wp-content\\\/uploads\\\/2013\\\/04\\\/logo-ACL.jpg\",\"width\":400,\"height\":334,\"caption\":\"Avenir Cycliste Lanester 56\"},\"image\":{\"@id\":\"https:\\\/\\\/www.aclanester56.com\\\/velo\\\/#\\\/schema\\\/logo\\\/image\\\/\"},\"sameAs\":[\"https:\\\/\\\/www.facebook.com\\\/pages\\\/AC-Lanester-56\\\/190286300991242?fref=ts\"]},{\"@type\":\"Person\",\"@id\":\"https:\\\/\\\/www.aclanester56.com\\\/velo\\\/#\\\/schema\\\/person\\\/ca2a44a5fd969e9dd846c72d3b33bc01\",\"name\":\"Jean-Christophe\",\"url\":\"https:\\\/\\\/www.aclanester56.com\\\/velo\\\/author\\\/jeanchristophe\\\/\"}]}<\/script>\n<!-- \/ Yoast SEO plugin. -->","yoast_head_json":{"title":"Les Lanest\u00e9riens sur le Grand Prix Jean Robic \u00e0 Radenac - Avenir Cycliste Lanester 56","robots":{"index":"index","follow":"follow","max-snippet":"max-snippet:-1","max-image-preview":"max-image-preview:large","max-video-preview":"max-video-preview:-1"},"canonical":"https:\/\/www.aclanester56.com\/velo\/les-lanesteriens-sur-le-grand-prix-jean-robic-a-radenac\/","og_locale":"fr_FR","og_type":"article","og_title":"Les Lanest\u00e9riens sur le Grand Prix Jean Robic \u00e0 Radenac - Avenir Cycliste Lanester 56","og_url":"https:\/\/www.aclanester56.com\/velo\/les-lanesteriens-sur-le-grand-prix-jean-robic-a-radenac\/","og_site_name":"Avenir Cycliste Lanester 56","article_publisher":"https:\/\/www.facebook.com\/pages\/AC-Lanester-56\/190286300991242?fref=ts","article_published_time":"2012-02-28T19:51:06+00:00","article_modified_time":"2013-12-22T19:50:06+00:00","og_image":[{"width":650,"height":300,"url":"https:\/\/www.aclanester56.com\/velo\/wp-content\/uploads\/2012\/02\/DSC_1414-Copie.jpeg","type":"image\/jpeg"}],"author":"Jean-Christophe","twitter_misc":{"\u00c9crit par":"Jean-Christophe","Dur\u00e9e de lecture estim\u00e9e":"4 minutes"},"schema":{"@context":"https:\/\/schema.org","@graph":[{"@type":"Article","@id":"https:\/\/www.aclanester56.com\/velo\/les-lanesteriens-sur-le-grand-prix-jean-robic-a-radenac\/#article","isPartOf":{"@id":"https:\/\/www.aclanester56.com\/velo\/les-lanesteriens-sur-le-grand-prix-jean-robic-a-radenac\/"},"author":{"name":"Jean-Christophe","@id":"https:\/\/www.aclanester56.com\/velo\/#\/schema\/person\/ca2a44a5fd969e9dd846c72d3b33bc01"},"headline":"Les Lanest\u00e9riens sur le Grand Prix Jean Robic \u00e0 Radenac","datePublished":"2012-02-28T19:51:06+00:00","dateModified":"2013-12-22T19:50:06+00:00","mainEntityOfPage":{"@id":"https:\/\/www.aclanester56.com\/velo\/les-lanesteriens-sur-le-grand-prix-jean-robic-a-radenac\/"},"wordCount":751,"commentCount":0,"publisher":{"@id":"https:\/\/www.aclanester56.com\/velo\/#organization"},"image":{"@id":"https:\/\/www.aclanester56.com\/velo\/les-lanesteriens-sur-le-grand-prix-jean-robic-a-radenac\/#primaryimage"},"thumbnailUrl":"https:\/\/www.aclanester56.com\/velo\/wp-content\/uploads\/2012\/02\/DSC_1414-Copie.jpeg","articleSection":["AC LANESTER 56"],"inLanguage":"fr-FR","potentialAction":[{"@type":"CommentAction","name":"Comment","target":["https:\/\/www.aclanester56.com\/velo\/les-lanesteriens-sur-le-grand-prix-jean-robic-a-radenac\/#respond"]}]},{"@type":"WebPage","@id":"https:\/\/www.aclanester56.com\/velo\/les-lanesteriens-sur-le-grand-prix-jean-robic-a-radenac\/","url":"https:\/\/www.aclanester56.com\/velo\/les-lanesteriens-sur-le-grand-prix-jean-robic-a-radenac\/","name":"Les Lanest\u00e9riens sur le Grand Prix Jean Robic \u00e0 Radenac - Avenir Cycliste Lanester 56","isPartOf":{"@id":"https:\/\/www.aclanester56.com\/velo\/#website"},"primaryImageOfPage":{"@id":"https:\/\/www.aclanester56.com\/velo\/les-lanesteriens-sur-le-grand-prix-jean-robic-a-radenac\/#primaryimage"},"image":{"@id":"https:\/\/www.aclanester56.com\/velo\/les-lanesteriens-sur-le-grand-prix-jean-robic-a-radenac\/#primaryimage"},"thumbnailUrl":"https:\/\/www.aclanester56.com\/velo\/wp-content\/uploads\/2012\/02\/DSC_1414-Copie.jpeg","datePublished":"2012-02-28T19:51:06+00:00","dateModified":"2013-12-22T19:50:06+00:00","inLanguage":"fr-FR","potentialAction":[{"@type":"ReadAction","target":["https:\/\/www.aclanester56.com\/velo\/les-lanesteriens-sur-le-grand-prix-jean-robic-a-radenac\/"]}]},{"@type":"ImageObject","inLanguage":"fr-FR","@id":"https:\/\/www.aclanester56.com\/velo\/les-lanesteriens-sur-le-grand-prix-jean-robic-a-radenac\/#primaryimage","url":"https:\/\/www.aclanester56.com\/velo\/wp-content\/uploads\/2012\/02\/DSC_1414-Copie.jpeg","contentUrl":"https:\/\/www.aclanester56.com\/velo\/wp-content\/uploads\/2012\/02\/DSC_1414-Copie.jpeg","width":650,"height":300},{"@type":"WebSite","@id":"https:\/\/www.aclanester56.com\/velo\/#website","url":"https:\/\/www.aclanester56.com\/velo\/","name":"Avenir Cycliste Lanester 56","description":"Club cycliste de l&#039;AC LANESTER 56","publisher":{"@id":"https:\/\/www.aclanester56.com\/velo\/#organization"},"potentialAction":[{"@type":"SearchAction","target":{"@type":"EntryPoint","urlTemplate":"https:\/\/www.aclanester56.com\/velo\/?s={search_term_string}"},"query-input":{"@type":"PropertyValueSpecification","valueRequired":true,"valueName":"search_term_string"}}],"inLanguage":"fr-FR"},{"@type":"Organization","@id":"https:\/\/www.aclanester56.com\/velo\/#organization","name":"Avenir Cycliste Lanester 56","url":"https:\/\/www.aclanester56.com\/velo\/","logo":{"@type":"ImageObject","inLanguage":"fr-FR","@id":"https:\/\/www.aclanester56.com\/velo\/#\/schema\/logo\/image\/","url":"https:\/\/www.aclanester56.com\/velo\/wp-content\/uploads\/2013\/04\/logo-ACL.jpg","contentUrl":"https:\/\/www.aclanester56.com\/velo\/wp-content\/uploads\/2013\/04\/logo-ACL.jpg","width":400,"height":334,"caption":"Avenir Cycliste Lanester 56"},"image":{"@id":"https:\/\/www.aclanester56.com\/velo\/#\/schema\/logo\/image\/"},"sameAs":["https:\/\/www.facebook.com\/pages\/AC-Lanester-56\/190286300991242?fref=ts"]},{"@type":"Person","@id":"https:\/\/www.aclanester56.com\/velo\/#\/schema\/person\/ca2a44a5fd969e9dd846c72d3b33bc01","name":"Jean-Christophe","url":"https:\/\/www.aclanester56.com\/velo\/author\/jeanchristophe\/"}]}},"_links":{"self":[{"href":"https:\/\/www.aclanester56.com\/velo\/wp-json\/wp\/v2\/posts\/10900","targetHints":{"allow":["GET"]}}],"collection":[{"href":"https:\/\/www.aclanester56.com\/velo\/wp-json\/wp\/v2\/posts"}],"about":[{"href":"https:\/\/www.aclanester56.com\/velo\/wp-json\/wp\/v2\/types\/post"}],"author":[{"embeddable":true,"href":"https:\/\/www.aclanester56.com\/velo\/wp-json\/wp\/v2\/users\/14"}],"replies":[{"embeddable":true,"href":"https:\/\/www.aclanester56.com\/velo\/wp-json\/wp\/v2\/comments?post=10900"}],"version-history":[{"count":0,"href":"https:\/\/www.aclanester56.com\/velo\/wp-json\/wp\/v2\/posts\/10900\/revisions"}],"wp:featuredmedia":[{"embeddable":true,"href":"https:\/\/www.aclanester56.com\/velo\/wp-json\/wp\/v2\/media\/10923"}],"wp:attachment":[{"href":"https:\/\/www.aclanester56.com\/velo\/wp-json\/wp\/v2\/media?parent=10900"}],"wp:term":[{"taxonomy":"category","embeddable":true,"href":"https:\/\/www.aclanester56.com\/velo\/wp-json\/wp\/v2\/categories?post=10900"},{"taxonomy":"post_tag","embeddable":true,"href":"https:\/\/www.aclanester56.com\/velo\/wp-json\/wp\/v2\/tags?post=10900"}],"curies":[{"name":"wp","href":"https:\/\/api.w.org\/{rel}","templated":true}]}}