{"id":11089,"date":"2012-03-22T01:22:38","date_gmt":"2012-03-22T00:22:38","guid":{"rendered":"http:\/\/www.aclanester56.com\/velo\/?p=11089"},"modified":"2013-12-22T21:47:09","modified_gmt":"2013-12-22T19:47:09","slug":"resultats-du-week-end-22","status":"publish","type":"post","link":"https:\/\/www.aclanester56.com\/velo\/resultats-du-week-end-22\/","title":{"rendered":"R\u00e9sultats du week-end (2\/2)"},"content":{"rendered":"<p style=\"text-align: justify;\"><!--more--><\/p>\n<p style=\"text-align: justify;\">D\u00e9couvrez le deuxi\u00e8me volet des r\u00e9sultats r\u00e9alis\u00e9s par les Lanest\u00e9riens le week-end dernier \u00e0 Planco\u00ebt, Ste Anne d&rsquo;Auray, Brest et Plestin Les Gr\u00e8ves !<\/p>\n<p style=\"text-align: justify;\"><strong style=\"color: #ff6600; font-size: 14px; line-height: 1.5em;\">Les cadets lanest\u00e9riens dans le coup \u00e0 Planco\u00ebt !<\/strong><\/p>\n<p style=\"text-align: justify;\">Sur l&rsquo;\u00e9preuve cadets en attente de la Ronde du Printemps \u00e0 Planco\u00ebt, c&rsquo;est un imposant peloton de 164 coureurs qui s&rsquo;\u00e9lance avec neuf ascensions de la fameuse c\u00f4te de Nazareth. D\u00e8s le d\u00e9part, les cinq Lanest\u00e9riens K\u00e9vin LE GAL, Thibaut SEVENO, Thibault MORVAN, Nicolas PRIMAS et Lo\u00efc LE BARBIER, pointent aux avant-postes d&rsquo;un peloton qui s&rsquo;\u00e9tire rapidement. A mi-parcours, il ne sont d\u00e9j\u00e0 plus qu&rsquo;une petite cinquantaine de coureurs dans le peloton et nos cinq cadets sont toujours l\u00e0 ! A 3 tours de l&rsquo;arriv\u00e9e, Thibaut SEVENO ressent une douleur au poignet et ne peut suivre le rythme infernal du peloton.<\/p>\n<div id=\"attachment_11095\" style=\"width: 227px\" class=\"wp-caption alignright\"><a href=\"http:\/\/www.aclanester56.com\/velo\/wp-content\/uploads\/2012\/03\/DSC_0472-435x600.jpg\"><img loading=\"lazy\" decoding=\"async\" aria-describedby=\"caption-attachment-11095\" class=\"size-large wp-image-11095\" title=\"Pour sa premi\u00e8re ann\u00e9e de v\u00e9lo, il n'a pas manqu\u00e9 grand chose au jeune Lanest\u00e9rien Maxime Guennec pour terminer dans le premier peloton (photo V\u00e9ronique Pierre - sportbreizh)\" alt=\"\" src=\"http:\/\/www.aclanester56.com\/velo\/wp-content\/uploads\/2012\/03\/DSC_0472-435x600.jpg\" width=\"217\" height=\"300\" srcset=\"https:\/\/www.aclanester56.com\/velo\/wp-content\/uploads\/2012\/03\/DSC_0472-435x600.jpg 435w, https:\/\/www.aclanester56.com\/velo\/wp-content\/uploads\/2012\/03\/DSC_0472-217x300.jpg 217w, https:\/\/www.aclanester56.com\/velo\/wp-content\/uploads\/2012\/03\/DSC_0472.jpg 464w\" sizes=\"auto, (max-width: 217px) 100vw, 217px\" \/><\/a><p id=\"caption-attachment-11095\" class=\"wp-caption-text\">Pour sa premi\u00e8re ann\u00e9e de v\u00e9lo, il n&rsquo;a pas manqu\u00e9 grand chose au jeune Lanest\u00e9rien Maxime Guennec pour terminer dans le premier peloton (photo V\u00e9ronique Pierre &#8211; sportbreizh)<\/p><\/div>\n<p style=\"text-align: justify;\"><span style=\"color: #ff6600;\"><strong>Nicolas Primas 3\u00e8me, Thibault Morvan 4\u00e8me !<\/strong><\/span><\/p>\n<p style=\"text-align: justify;\">Ce sont finalement 40 coureurs qui se pr\u00e9sentent en bas de la difficile c\u00f4te en haut de laquelle est juch\u00e9e l&rsquo;arriv\u00e9e. Le sprint est lanc\u00e9 de loin. Nicolas PRIMAS, tr\u00e8s mal plac\u00e9 au d\u00e9part du sprint, fait une spectaculaire remont\u00e9e pour venir arracher le podium ! Son co\u00e9quipier Thibault MORVAN, auteur d&rsquo;une remarquable sprint \u00e9galement, prend une tr\u00e8s belle 4\u00e8me place. Les autres Lanest\u00e9riens K\u00e9vin LE GAL et Lo\u00efc LE BARBIER, toujours bien plac\u00e9s dans cette \u00e9preuve au niveau tr\u00e8s relev\u00e9, ont \u00e9galement montr\u00e9 qu&rsquo;ils avaient les moyens de monter sur les podiums lors des prochains week-ends !<\/p>\n<p style=\"text-align: justify;\"><strong><span style=\"color: #ff6600;\">Yoann Selo confirme \u00e0 Brest !<\/span><\/strong><\/p>\n<p style=\"text-align: justify;\">Sur l&rsquo;\u00e9preuve cadets disput\u00e9e \u00e0 Brest Keraudren, Yoann SELO termine 4\u00e8me et confirme ainsi son podium de Noyal la semaine pass\u00e9e ! Pour sa premi\u00e8re ann\u00e9e de v\u00e9lo, Maxime GUENNEC montre de belles dispositions. Pas forc\u00e9ment \u00e0 son aise sur le petit circuit tr\u00e8s technique brestois, il termine la course apr\u00e8s avoir l\u00e9g\u00e8rement d\u00e9croch\u00e9 sur la fin et va tr\u00e8s vite s&rsquo;adapter ! L&rsquo;\u00e9preuve a \u00e9t\u00e9 domin\u00e9e par Valentin MADOUAS (BIC 2000), fils de l&rsquo;ancien professionnel Laurent MADOUAS. La Lanest\u00e9rienne Julie Le Priellec a malheureusment \u00e9t\u00e9 victime d&rsquo;une chute qui lui a occasionn\u00e9 une entorse au poignet et quelques plaies superficielles. Bon r\u00e9tablissement Julie !<\/p>\n<p style=\"text-align: justify;\"><span style=\"color: #ff6600;\"><strong>Julien et Corentin \u00e0 Plestin-Les-Gr\u00e8ves !<\/strong><\/span><\/p>\n<p style=\"text-align: justify;\">A Plestin-Les-Gr\u00e8ves, les cadets lanest\u00e9riens Julien GUIHO et Corentin LE BOUEDEC-REVOLT ont \u00e9t\u00e9 distanc\u00e9s \u00e0 mi-course, mais ont bien termin\u00e9 l&rsquo;\u00e9preuve. Leurs encadrants estiment qu&rsquo;ils ont le potentiel pour tenir leur place dans le peloton et vont les accompagner dans ce premier objectif pour les prochaines semaines.<\/p>\n<div id=\"attachment_11098\" style=\"width: 370px\" class=\"wp-caption alignleft\"><a href=\"http:\/\/www.aclanester56.com\/velo\/wp-content\/uploads\/2012\/03\/poussins-2.jpg\"><img loading=\"lazy\" decoding=\"async\" aria-describedby=\"caption-attachment-11098\" class=\"size-full wp-image-11098\" title=\"Les poussins de l'AC Lanester 56 au d\u00e9part \u00e0 Ste Anne d'Auray ! (photo Sonia Ollivier)\" alt=\"\" src=\"http:\/\/www.aclanester56.com\/velo\/wp-content\/uploads\/2012\/03\/poussins-2.jpg\" width=\"360\" height=\"270\" srcset=\"https:\/\/www.aclanester56.com\/velo\/wp-content\/uploads\/2012\/03\/poussins-2.jpg 720w, https:\/\/www.aclanester56.com\/velo\/wp-content\/uploads\/2012\/03\/poussins-2-300x225.jpg 300w, https:\/\/www.aclanester56.com\/velo\/wp-content\/uploads\/2012\/03\/poussins-2-400x300.jpg 400w\" sizes=\"auto, (max-width: 360px) 100vw, 360px\" \/><\/a><p id=\"caption-attachment-11098\" class=\"wp-caption-text\">Les poussins de l&rsquo;AC Lanester 56 au d\u00e9part \u00e0 Ste Anne d&rsquo;Auray ! (photo Sonia Ollivier)<\/p><\/div>\n<p style=\"text-align: justify;\"><span style=\"color: #ff6600;\"><strong>Les plus jeunes \u00e0 Ste Anne d&rsquo;Auray !<\/strong><\/span><\/p>\n<p style=\"text-align: justify;\">L&rsquo;Ecole de Cyclisme de l&rsquo;AC LANESTER 56 \u00e9tait pr\u00e9sente en force \u00e0 Ste Anne d&rsquo;Auray ! Si \u00e0 cet \u00e2ge, les r\u00e9sultats sont moins importants que le plaisir pris sur le v\u00e9lo, les jeunes Lanest\u00e9riens ont tout de m\u00eame donn\u00e9 le meilleur d&rsquo;eux-m\u00eame sur un circuit pr\u00e9sentant beaucoup de relances. Les bases techniques acquises lors de ces \u00e9preuves et lors des\u00a0entra\u00eenements\u00a0collectifs avec les encadrants de l&rsquo;AC LANESTER 56 leur permettront d&rsquo;aborder dans quelques ann\u00e9es les cat\u00e9gories sup\u00e9rieures avec un objectif plus orient\u00e9 \u00ab\u00a0comp\u00e9tition\u00a0\u00bb !<\/p>\n<p style=\"text-align: justify;\"><span style=\"color: #ff6600;\"><strong>Davy Le Ker 6\u00e8me \u00e0 Ste Anne d&rsquo;Auray<\/strong><\/span><\/p>\n<p style=\"text-align: justify;\">Davy LE KER prend une belle 6\u00e8me place sur l&rsquo;\u00e9preuve 3\u00e8me cat\u00e9gorie sur le circuit tr\u00e8s roulant de Ste Anne d&rsquo;Auray. Tr\u00e8s actif dans la poursuite derri\u00e8re les \u00e9chapp\u00e9s du jour, le Lanest\u00e9rien r\u00e9ussit \u00e0 sortir en contre-attaque. Malheureusement, ses concurrents n&rsquo;avaient pas la m\u00eame d\u00e9termination que lui \u00e0 revoir la t\u00eate et il arrive au sprint pour la 3\u00e8me place. Derri\u00e8re, Melvyn LE HEN a montr\u00e9 de belles dispositions en \u00ab\u00a0frottant\u00a0\u00bb tout au long de la course pour conserver sa place en t\u00eate de peloton et termine dans les toutes premi\u00e8res positions de ce peloton au sprint. Il sera r\u00e9compens\u00e9 en tant que 1er junior de l&rsquo;\u00e9preuve. Florian MOREAC termine \u00e9galement au sein du peloton dans cette \u00e9preuve, qui s&rsquo;est disput\u00e9e sur un rythme tr\u00e8s rapide.<\/p>\n<div id=\"attachment_11100\" style=\"width: 410px\" class=\"wp-caption alignright\"><a href=\"http:\/\/www.aclanester56.com\/velo\/wp-content\/uploads\/2012\/03\/plancoet-2012-redim1024-800x600.jpg\"><img loading=\"lazy\" decoding=\"async\" aria-describedby=\"caption-attachment-11100\" class=\"size-large wp-image-11100\" title=\"Nicolas Primas, 3\u00e8me \u00e0 Plancoet, r\u00e9pond ici aux questions du speaker Nicolas Lebreton. (photo J-Marc Morvan)\" alt=\"\" src=\"http:\/\/www.aclanester56.com\/velo\/wp-content\/uploads\/2012\/03\/plancoet-2012-redim1024-800x600.jpg\" width=\"400\" height=\"300\" srcset=\"https:\/\/www.aclanester56.com\/velo\/wp-content\/uploads\/2012\/03\/plancoet-2012-redim1024-800x600.jpg 800w, https:\/\/www.aclanester56.com\/velo\/wp-content\/uploads\/2012\/03\/plancoet-2012-redim1024-300x225.jpg 300w, https:\/\/www.aclanester56.com\/velo\/wp-content\/uploads\/2012\/03\/plancoet-2012-redim1024-400x300.jpg 400w, https:\/\/www.aclanester56.com\/velo\/wp-content\/uploads\/2012\/03\/plancoet-2012-redim1024.jpg 1024w\" sizes=\"auto, (max-width: 400px) 100vw, 400px\" \/><\/a><p id=\"caption-attachment-11100\" class=\"wp-caption-text\">Nicolas Primas, 3\u00e8me \u00e0 Plancoet, r\u00e9pond ici aux questions du speaker Nicolas Lebreton. (photo J-Marc Morvan)<\/p><\/div>\n<p><span style=\"text-decoration: underline;\"><strong>Classement de Planco\u00ebt (Cadets) :<\/strong><\/span><br \/> 1\u00a0JEANNE Maxence VC ST LO PONT HEBERT<br \/> 2\u00a0VALOGNES Quentin UC BRICQUEBEC<br \/> <span style=\"background-color: #ff6600;\">3\u00a0PRIMAS Nicolas AC LANESTER 56<\/span><br \/> <span style=\"background-color: #ff6600;\">4\u00a0MORVAN Thibault AC LANESTER 56<\/span><br \/> <span style=\"background-color: #ff6600;\"> 27\u00a0LE GAL K\u00e9vin\u00a0\u00a0AC LANESTER 56<\/span><\/p>\n<p><span style=\"text-decoration: underline;\"><strong>Classement de Ste Anne d&rsquo;Auray (Poussins) :<\/strong><\/span><br \/> 1\u00a0CUSHWAY\u00a0MAXIMILAN\u00a0VELOCE VANNES<br \/> 2\u00a0LE NOA\u00a0THEO\u00a0VELOCE VANNES<br \/> 3\u00a0LE GUILLANT\u00a0MATHIS\u00a0UC AURAY<br \/> 4\u00a0LE TUTOUR\u00a0FRANCOIS\u00a0VC PONTIVY<br \/> 5\u00a0CONANEC\u00a0MARTIN\u00a0ACP BAUD<br \/> <span style=\"background-color: #ff6600;\">9\u00a0LE BIDEAU \u00a0LOUIS\u00a0AC LANESTER 56<\/span><br \/> <span style=\"background-color: #ff6600;\">12\u00a0MIRA\u00a0ALEXANDRE\u00a0AC LANESTER\u00a056<\/span><br \/> <span style=\"background-color: #ff6600;\">22\u00a0OLLIVIER\u00a0ENZO\u00a0AC LANESTER\u00a056<\/span><br \/> <span style=\"background-color: #ff6600;\">25\u00a0FERRANT\u00a0THOMAS\u00a0AC LANESTER\u00a056<\/span><\/p>\n<p><span style=\"text-decoration: underline;\"><strong>Classement de Ste Anne d&rsquo;Auray (Pupilles) :<\/strong><\/span><br \/> 1\u00a0BISQUAY\u00a0Yoen\u00a0UC AURAY<br \/> 2\u00a0STEVANT\u00a0Malo\u00a0VELOCE VANNES<br \/> 3\u00a0HINAULT\u00a0THOMAS\u00a0VELOCE VANNES<br \/> 4\u00a0GUIDEC\u00a0Raphael OC LOCMINE<br \/> 5\u00a0MORICE\u00a0Ludovic\u00a0OC LOCMINE<br \/> <span style=\"background-color: #ff6600;\">55\u00a0FERRANT\u00a0Mathieu\u00a0AC LANESTER 56<\/span><\/p>\n<div id=\"attachment_11102\" style=\"width: 370px\" class=\"wp-caption alignright\"><a href=\"http:\/\/www.aclanester56.com\/velo\/wp-content\/uploads\/2012\/03\/Minimes.jpg\"><img loading=\"lazy\" decoding=\"async\" aria-describedby=\"caption-attachment-11102\" class=\"size-full wp-image-11102\" title=\"Brendan Communal et Eric Le Carer ont le sourire avant le baisser du drapeau pour la course minimes (photo Sonia Ollivier)\" alt=\"\" src=\"http:\/\/www.aclanester56.com\/velo\/wp-content\/uploads\/2012\/03\/Minimes.jpg\" width=\"360\" height=\"270\" srcset=\"https:\/\/www.aclanester56.com\/velo\/wp-content\/uploads\/2012\/03\/Minimes.jpg 720w, https:\/\/www.aclanester56.com\/velo\/wp-content\/uploads\/2012\/03\/Minimes-300x225.jpg 300w, https:\/\/www.aclanester56.com\/velo\/wp-content\/uploads\/2012\/03\/Minimes-400x300.jpg 400w\" sizes=\"auto, (max-width: 360px) 100vw, 360px\" \/><\/a><p id=\"caption-attachment-11102\" class=\"wp-caption-text\">Brendan Communal et Eric Le Carer ont le sourire avant le baisser du drapeau pour la course minimes (photo Sonia Ollivier)<\/p><\/div>\n<p><span style=\"text-decoration: underline;\"><strong>Classement de Ste Anne d&rsquo;Auray (Benjamins) :<\/strong><\/span><br \/> 1\u00a0LE GUEVEL\u00a0ALEXIS\u00a0ACP BAUD<br \/> 2\u00a0CUSHWAY\u00a0CHARLES\u00a0VELOCE VANNES<br \/> 3\u00a0GOUAULT LAMOUR\u00a0VICTOR\u00a0VELOCE<br \/> 4\u00a0LE NET\u00a0MARIE\u00a0VC PONTIVY<br \/> 5\u00a0DROUIN DETREZ\u00a0VICTOR\u00a0VELOCE<br \/> <span style=\"background-color: #ff6600;\">19\u00a0SOKOL\u00a0YANN\u00a0AC LANESTER 56<\/span><br \/> <span style=\"background-color: #ff6600;\">30\u00a0LE CROM\u00a0CHARLES\u00a0AC LANESTER\u00a056<\/span><br \/> <span style=\"background-color: #ff6600;\">37\u00a0HUSER\u00a0SAMUEL\u00a0AC LANESTER\u00a056<\/span><br \/> <span style=\"background-color: #ff6600;\">57\u00a0PICART \u00a0LEO\u00a0AC LANESTER\u00a056<\/span><br \/> <span style=\"background-color: #ff6600;\">63\u00a0DE NIAU\u00a0OWEN\u00a0AC LANESTER\u00a056<\/span><br \/> <span style=\"background-color: #ff6600;\">65\u00a0MIREL\u00a0BENJAMIN\u00a0AC LANESTER\u00a056<\/span><br \/> <span style=\"background-color: #ff6600;\">67\u00a0AMICE\u00a0KYLIAN\u00a0AC LANESTER\u00a056<\/span><\/p>\n<p><span style=\"text-decoration: underline;\"><strong>Classement de Ste Anne d&rsquo;Auray (Minimes) :<\/strong><\/span><br \/> 1\u00a0LE NY \u00a0JEAN LOUIS\u00a0ACP BAUD<br \/> 2\u00a0BESNARD\u00a0VINCENT\u00a0UC AURAY<br \/> 3\u00a0GICQUEL\u00a0BENJAMIN\u00a0OC REDON<br \/> 4\u00a0GUERIN\u00a0MATHIS\u00a0OC REDON<br \/> 5\u00a0GOREL\u00a0BENOIT\u00a0UCP PLOUAY<br \/> <span style=\"background-color: #ff6600;\">23\u00a0AUDIC\u00a0DYLAN\u00a0AC LANESTER 56<\/span><br \/> <span style=\"background-color: #ff6600;\">28\u00a0BOURDON\u00a0ALEXIS\u00a0AC LANESTER 56<\/span><\/p>\n<p><span style=\"text-decoration: underline;\"><strong>Classement de Ste Anne d&rsquo;Auray (3\u00e8me Cat) :<\/strong><\/span><br \/> 1\u00a0COQUEN\u00a0Guillaume\u00a0\u00a0M C C P\u00a0 AVEN\u00a03 Cat<br \/> 2\u00a0LE PARC\u00a0Mathieu\u00a0\u00a0EC QUEVEN\u00a03 Cat<br \/> 3\u00a0LELIEVRE\u00a0J-Charles\u00a0\u00a0U S LA GACILLY\u00a03 Cat<br \/> 4\u00a0GUILLEMET\u00a0Cyrille\u00a0\u00a0S C MANEGUEN\u00a0P-C\u00a0 D1<br \/> 5\u00a0DIEUMEGARD\u00a0Philippe\u00a0\u00a0U S LA GACILLY\u00a03 Cat<br \/> <span style=\"background-color: #ff6600;\">6\u00a0LE\u00a0 KER\u00a0David\u00a0\u00a0A C\u00a0\u00a0 LANESTER\u00a03 Cat<\/span><br \/> <span style=\"background-color: #ff6600;\">24\u00a0LE\u00a0 HEN\u00a0Melvyn\u00a0\u00a0A C\u00a0\u00a0 LANESTER\u00a0JUNIOR<\/span><\/p>\n<p>&nbsp;<\/p>\n","protected":false},"excerpt":{"rendered":"","protected":false},"author":14,"featured_media":11104,"comment_status":"open","ping_status":"closed","sticky":false,"template":"","format":"standard","meta":{"ngg_post_thumbnail":0,"footnotes":""},"categories":[5],"tags":[],"class_list":["post-11089","post","type-post","status-publish","format-standard","has-post-thumbnail","hentry","category-ac-lanester-56"],"yoast_head":"<!-- This site is optimized with the Yoast SEO plugin v27.5 - https:\/\/yoast.com\/product\/yoast-seo-wordpress\/ -->\n<title>R\u00e9sultats du week-end (2\/2) - Avenir Cycliste Lanester 56<\/title>\n<meta name=\"robots\" content=\"index, follow, max-snippet:-1, max-image-preview:large, max-video-preview:-1\" \/>\n<link rel=\"canonical\" href=\"https:\/\/www.aclanester56.com\/velo\/resultats-du-week-end-22\/\" \/>\n<meta property=\"og:locale\" content=\"fr_FR\" \/>\n<meta property=\"og:type\" content=\"article\" \/>\n<meta property=\"og:title\" content=\"R\u00e9sultats du week-end (2\/2) - Avenir Cycliste Lanester 56\" \/>\n<meta property=\"og:url\" content=\"https:\/\/www.aclanester56.com\/velo\/resultats-du-week-end-22\/\" \/>\n<meta property=\"og:site_name\" content=\"Avenir Cycliste Lanester 56\" \/>\n<meta property=\"article:publisher\" content=\"https:\/\/www.facebook.com\/pages\/AC-Lanester-56\/190286300991242?fref=ts\" \/>\n<meta property=\"article:published_time\" content=\"2012-03-22T00:22:38+00:00\" \/>\n<meta property=\"article:modified_time\" content=\"2013-12-22T19:47:09+00:00\" \/>\n<meta property=\"og:image\" content=\"https:\/\/www.aclanester56.com\/velo\/wp-content\/uploads\/2012\/03\/plancoet-2012-3-redim1024-Copie.jpg\" \/>\n\t<meta property=\"og:image:width\" content=\"650\" \/>\n\t<meta property=\"og:image:height\" content=\"300\" \/>\n\t<meta property=\"og:image:type\" content=\"image\/jpeg\" \/>\n<meta name=\"author\" content=\"Jean-Christophe\" \/>\n<meta name=\"twitter:label1\" content=\"\u00c9crit par\" \/>\n\t<meta name=\"twitter:data1\" content=\"Jean-Christophe\" \/>\n\t<meta name=\"twitter:label2\" content=\"Dur\u00e9e de lecture estim\u00e9e\" \/>\n\t<meta name=\"twitter:data2\" content=\"5 minutes\" \/>\n<script type=\"application\/ld+json\" class=\"yoast-schema-graph\">{\"@context\":\"https:\\\/\\\/schema.org\",\"@graph\":[{\"@type\":\"Article\",\"@id\":\"https:\\\/\\\/www.aclanester56.com\\\/velo\\\/resultats-du-week-end-22\\\/#article\",\"isPartOf\":{\"@id\":\"https:\\\/\\\/www.aclanester56.com\\\/velo\\\/resultats-du-week-end-22\\\/\"},\"author\":{\"name\":\"Jean-Christophe\",\"@id\":\"https:\\\/\\\/www.aclanester56.com\\\/velo\\\/#\\\/schema\\\/person\\\/ca2a44a5fd969e9dd846c72d3b33bc01\"},\"headline\":\"R\u00e9sultats du week-end (2\\\/2)\",\"datePublished\":\"2012-03-22T00:22:38+00:00\",\"dateModified\":\"2013-12-22T19:47:09+00:00\",\"mainEntityOfPage\":{\"@id\":\"https:\\\/\\\/www.aclanester56.com\\\/velo\\\/resultats-du-week-end-22\\\/\"},\"wordCount\":1059,\"commentCount\":0,\"publisher\":{\"@id\":\"https:\\\/\\\/www.aclanester56.com\\\/velo\\\/#organization\"},\"image\":{\"@id\":\"https:\\\/\\\/www.aclanester56.com\\\/velo\\\/resultats-du-week-end-22\\\/#primaryimage\"},\"thumbnailUrl\":\"https:\\\/\\\/www.aclanester56.com\\\/velo\\\/wp-content\\\/uploads\\\/2012\\\/03\\\/plancoet-2012-3-redim1024-Copie.jpg\",\"articleSection\":[\"AC LANESTER 56\"],\"inLanguage\":\"fr-FR\",\"potentialAction\":[{\"@type\":\"CommentAction\",\"name\":\"Comment\",\"target\":[\"https:\\\/\\\/www.aclanester56.com\\\/velo\\\/resultats-du-week-end-22\\\/#respond\"]}]},{\"@type\":\"WebPage\",\"@id\":\"https:\\\/\\\/www.aclanester56.com\\\/velo\\\/resultats-du-week-end-22\\\/\",\"url\":\"https:\\\/\\\/www.aclanester56.com\\\/velo\\\/resultats-du-week-end-22\\\/\",\"name\":\"R\u00e9sultats du week-end (2\\\/2) - Avenir Cycliste Lanester 56\",\"isPartOf\":{\"@id\":\"https:\\\/\\\/www.aclanester56.com\\\/velo\\\/#website\"},\"primaryImageOfPage\":{\"@id\":\"https:\\\/\\\/www.aclanester56.com\\\/velo\\\/resultats-du-week-end-22\\\/#primaryimage\"},\"image\":{\"@id\":\"https:\\\/\\\/www.aclanester56.com\\\/velo\\\/resultats-du-week-end-22\\\/#primaryimage\"},\"thumbnailUrl\":\"https:\\\/\\\/www.aclanester56.com\\\/velo\\\/wp-content\\\/uploads\\\/2012\\\/03\\\/plancoet-2012-3-redim1024-Copie.jpg\",\"datePublished\":\"2012-03-22T00:22:38+00:00\",\"dateModified\":\"2013-12-22T19:47:09+00:00\",\"inLanguage\":\"fr-FR\",\"potentialAction\":[{\"@type\":\"ReadAction\",\"target\":[\"https:\\\/\\\/www.aclanester56.com\\\/velo\\\/resultats-du-week-end-22\\\/\"]}]},{\"@type\":\"ImageObject\",\"inLanguage\":\"fr-FR\",\"@id\":\"https:\\\/\\\/www.aclanester56.com\\\/velo\\\/resultats-du-week-end-22\\\/#primaryimage\",\"url\":\"https:\\\/\\\/www.aclanester56.com\\\/velo\\\/wp-content\\\/uploads\\\/2012\\\/03\\\/plancoet-2012-3-redim1024-Copie.jpg\",\"contentUrl\":\"https:\\\/\\\/www.aclanester56.com\\\/velo\\\/wp-content\\\/uploads\\\/2012\\\/03\\\/plancoet-2012-3-redim1024-Copie.jpg\",\"width\":650,\"height\":300},{\"@type\":\"WebSite\",\"@id\":\"https:\\\/\\\/www.aclanester56.com\\\/velo\\\/#website\",\"url\":\"https:\\\/\\\/www.aclanester56.com\\\/velo\\\/\",\"name\":\"Avenir Cycliste Lanester 56\",\"description\":\"Club cycliste de l&#039;AC LANESTER 56\",\"publisher\":{\"@id\":\"https:\\\/\\\/www.aclanester56.com\\\/velo\\\/#organization\"},\"potentialAction\":[{\"@type\":\"SearchAction\",\"target\":{\"@type\":\"EntryPoint\",\"urlTemplate\":\"https:\\\/\\\/www.aclanester56.com\\\/velo\\\/?s={search_term_string}\"},\"query-input\":{\"@type\":\"PropertyValueSpecification\",\"valueRequired\":true,\"valueName\":\"search_term_string\"}}],\"inLanguage\":\"fr-FR\"},{\"@type\":\"Organization\",\"@id\":\"https:\\\/\\\/www.aclanester56.com\\\/velo\\\/#organization\",\"name\":\"Avenir Cycliste Lanester 56\",\"url\":\"https:\\\/\\\/www.aclanester56.com\\\/velo\\\/\",\"logo\":{\"@type\":\"ImageObject\",\"inLanguage\":\"fr-FR\",\"@id\":\"https:\\\/\\\/www.aclanester56.com\\\/velo\\\/#\\\/schema\\\/logo\\\/image\\\/\",\"url\":\"https:\\\/\\\/www.aclanester56.com\\\/velo\\\/wp-content\\\/uploads\\\/2013\\\/04\\\/logo-ACL.jpg\",\"contentUrl\":\"https:\\\/\\\/www.aclanester56.com\\\/velo\\\/wp-content\\\/uploads\\\/2013\\\/04\\\/logo-ACL.jpg\",\"width\":400,\"height\":334,\"caption\":\"Avenir Cycliste Lanester 56\"},\"image\":{\"@id\":\"https:\\\/\\\/www.aclanester56.com\\\/velo\\\/#\\\/schema\\\/logo\\\/image\\\/\"},\"sameAs\":[\"https:\\\/\\\/www.facebook.com\\\/pages\\\/AC-Lanester-56\\\/190286300991242?fref=ts\"]},{\"@type\":\"Person\",\"@id\":\"https:\\\/\\\/www.aclanester56.com\\\/velo\\\/#\\\/schema\\\/person\\\/ca2a44a5fd969e9dd846c72d3b33bc01\",\"name\":\"Jean-Christophe\",\"url\":\"https:\\\/\\\/www.aclanester56.com\\\/velo\\\/author\\\/jeanchristophe\\\/\"}]}<\/script>\n<!-- \/ Yoast SEO plugin. -->","yoast_head_json":{"title":"R\u00e9sultats du week-end (2\/2) - Avenir Cycliste Lanester 56","robots":{"index":"index","follow":"follow","max-snippet":"max-snippet:-1","max-image-preview":"max-image-preview:large","max-video-preview":"max-video-preview:-1"},"canonical":"https:\/\/www.aclanester56.com\/velo\/resultats-du-week-end-22\/","og_locale":"fr_FR","og_type":"article","og_title":"R\u00e9sultats du week-end (2\/2) - Avenir Cycliste Lanester 56","og_url":"https:\/\/www.aclanester56.com\/velo\/resultats-du-week-end-22\/","og_site_name":"Avenir Cycliste Lanester 56","article_publisher":"https:\/\/www.facebook.com\/pages\/AC-Lanester-56\/190286300991242?fref=ts","article_published_time":"2012-03-22T00:22:38+00:00","article_modified_time":"2013-12-22T19:47:09+00:00","og_image":[{"width":650,"height":300,"url":"https:\/\/www.aclanester56.com\/velo\/wp-content\/uploads\/2012\/03\/plancoet-2012-3-redim1024-Copie.jpg","type":"image\/jpeg"}],"author":"Jean-Christophe","twitter_misc":{"\u00c9crit par":"Jean-Christophe","Dur\u00e9e de lecture estim\u00e9e":"5 minutes"},"schema":{"@context":"https:\/\/schema.org","@graph":[{"@type":"Article","@id":"https:\/\/www.aclanester56.com\/velo\/resultats-du-week-end-22\/#article","isPartOf":{"@id":"https:\/\/www.aclanester56.com\/velo\/resultats-du-week-end-22\/"},"author":{"name":"Jean-Christophe","@id":"https:\/\/www.aclanester56.com\/velo\/#\/schema\/person\/ca2a44a5fd969e9dd846c72d3b33bc01"},"headline":"R\u00e9sultats du week-end (2\/2)","datePublished":"2012-03-22T00:22:38+00:00","dateModified":"2013-12-22T19:47:09+00:00","mainEntityOfPage":{"@id":"https:\/\/www.aclanester56.com\/velo\/resultats-du-week-end-22\/"},"wordCount":1059,"commentCount":0,"publisher":{"@id":"https:\/\/www.aclanester56.com\/velo\/#organization"},"image":{"@id":"https:\/\/www.aclanester56.com\/velo\/resultats-du-week-end-22\/#primaryimage"},"thumbnailUrl":"https:\/\/www.aclanester56.com\/velo\/wp-content\/uploads\/2012\/03\/plancoet-2012-3-redim1024-Copie.jpg","articleSection":["AC LANESTER 56"],"inLanguage":"fr-FR","potentialAction":[{"@type":"CommentAction","name":"Comment","target":["https:\/\/www.aclanester56.com\/velo\/resultats-du-week-end-22\/#respond"]}]},{"@type":"WebPage","@id":"https:\/\/www.aclanester56.com\/velo\/resultats-du-week-end-22\/","url":"https:\/\/www.aclanester56.com\/velo\/resultats-du-week-end-22\/","name":"R\u00e9sultats du week-end (2\/2) - Avenir Cycliste Lanester 56","isPartOf":{"@id":"https:\/\/www.aclanester56.com\/velo\/#website"},"primaryImageOfPage":{"@id":"https:\/\/www.aclanester56.com\/velo\/resultats-du-week-end-22\/#primaryimage"},"image":{"@id":"https:\/\/www.aclanester56.com\/velo\/resultats-du-week-end-22\/#primaryimage"},"thumbnailUrl":"https:\/\/www.aclanester56.com\/velo\/wp-content\/uploads\/2012\/03\/plancoet-2012-3-redim1024-Copie.jpg","datePublished":"2012-03-22T00:22:38+00:00","dateModified":"2013-12-22T19:47:09+00:00","inLanguage":"fr-FR","potentialAction":[{"@type":"ReadAction","target":["https:\/\/www.aclanester56.com\/velo\/resultats-du-week-end-22\/"]}]},{"@type":"ImageObject","inLanguage":"fr-FR","@id":"https:\/\/www.aclanester56.com\/velo\/resultats-du-week-end-22\/#primaryimage","url":"https:\/\/www.aclanester56.com\/velo\/wp-content\/uploads\/2012\/03\/plancoet-2012-3-redim1024-Copie.jpg","contentUrl":"https:\/\/www.aclanester56.com\/velo\/wp-content\/uploads\/2012\/03\/plancoet-2012-3-redim1024-Copie.jpg","width":650,"height":300},{"@type":"WebSite","@id":"https:\/\/www.aclanester56.com\/velo\/#website","url":"https:\/\/www.aclanester56.com\/velo\/","name":"Avenir Cycliste Lanester 56","description":"Club cycliste de l&#039;AC LANESTER 56","publisher":{"@id":"https:\/\/www.aclanester56.com\/velo\/#organization"},"potentialAction":[{"@type":"SearchAction","target":{"@type":"EntryPoint","urlTemplate":"https:\/\/www.aclanester56.com\/velo\/?s={search_term_string}"},"query-input":{"@type":"PropertyValueSpecification","valueRequired":true,"valueName":"search_term_string"}}],"inLanguage":"fr-FR"},{"@type":"Organization","@id":"https:\/\/www.aclanester56.com\/velo\/#organization","name":"Avenir Cycliste Lanester 56","url":"https:\/\/www.aclanester56.com\/velo\/","logo":{"@type":"ImageObject","inLanguage":"fr-FR","@id":"https:\/\/www.aclanester56.com\/velo\/#\/schema\/logo\/image\/","url":"https:\/\/www.aclanester56.com\/velo\/wp-content\/uploads\/2013\/04\/logo-ACL.jpg","contentUrl":"https:\/\/www.aclanester56.com\/velo\/wp-content\/uploads\/2013\/04\/logo-ACL.jpg","width":400,"height":334,"caption":"Avenir Cycliste Lanester 56"},"image":{"@id":"https:\/\/www.aclanester56.com\/velo\/#\/schema\/logo\/image\/"},"sameAs":["https:\/\/www.facebook.com\/pages\/AC-Lanester-56\/190286300991242?fref=ts"]},{"@type":"Person","@id":"https:\/\/www.aclanester56.com\/velo\/#\/schema\/person\/ca2a44a5fd969e9dd846c72d3b33bc01","name":"Jean-Christophe","url":"https:\/\/www.aclanester56.com\/velo\/author\/jeanchristophe\/"}]}},"_links":{"self":[{"href":"https:\/\/www.aclanester56.com\/velo\/wp-json\/wp\/v2\/posts\/11089","targetHints":{"allow":["GET"]}}],"collection":[{"href":"https:\/\/www.aclanester56.com\/velo\/wp-json\/wp\/v2\/posts"}],"about":[{"href":"https:\/\/www.aclanester56.com\/velo\/wp-json\/wp\/v2\/types\/post"}],"author":[{"embeddable":true,"href":"https:\/\/www.aclanester56.com\/velo\/wp-json\/wp\/v2\/users\/14"}],"replies":[{"embeddable":true,"href":"https:\/\/www.aclanester56.com\/velo\/wp-json\/wp\/v2\/comments?post=11089"}],"version-history":[{"count":0,"href":"https:\/\/www.aclanester56.com\/velo\/wp-json\/wp\/v2\/posts\/11089\/revisions"}],"wp:featuredmedia":[{"embeddable":true,"href":"https:\/\/www.aclanester56.com\/velo\/wp-json\/wp\/v2\/media\/11104"}],"wp:attachment":[{"href":"https:\/\/www.aclanester56.com\/velo\/wp-json\/wp\/v2\/media?parent=11089"}],"wp:term":[{"taxonomy":"category","embeddable":true,"href":"https:\/\/www.aclanester56.com\/velo\/wp-json\/wp\/v2\/categories?post=11089"},{"taxonomy":"post_tag","embeddable":true,"href":"https:\/\/www.aclanester56.com\/velo\/wp-json\/wp\/v2\/tags?post=11089"}],"curies":[{"name":"wp","href":"https:\/\/api.w.org\/{rel}","templated":true}]}}