{"id":11116,"date":"2012-03-27T19:00:43","date_gmt":"2012-03-27T18:00:43","guid":{"rendered":"http:\/\/www.aclanester56.com\/velo\/?p=11116"},"modified":"2013-12-22T13:18:29","modified_gmt":"2013-12-22T11:18:29","slug":"les-juniors-lanesteriens-sur-la-penn-ar-bed-2012","status":"publish","type":"post","link":"https:\/\/www.aclanester56.com\/velo\/les-juniors-lanesteriens-sur-la-penn-ar-bed-2012\/","title":{"rendered":"Les juniors lanest\u00e9riens sur la Penn Ar Bed 2012 !"},"content":{"rendered":"<p style=\"text-align: justify;\"><!--more--><\/p>\n<p style=\"text-align: justify;\">Cinq juniors de l&rsquo;AC LANESTER 56 participaient dimanche dernier \u00e0 la Penn Ar Bed, belle et difficile classique du Nord-Finist\u00e8re r\u00e9serv\u00e9e aux coureurs \u00e2g\u00e9s de 17 et 18 ans.<\/p>\n<p><strong style=\"color: #ff6600; text-align: justify; font-size: 14px; line-height: 1.5em;\">Objectif : Apprendre !<\/strong><\/p>\n<p style=\"text-align: justify;\">Au d\u00e9part de Plouzan\u00e9, l&rsquo;\u00e9quipe lanest\u00e9rienne, encadr\u00e9e par Jean-Marc Morvan, est constitu\u00e9e de Pierre Hol\u00e9, K\u00e9vin Barguil, Ga\u00ebl Le Boudouil, Melvyn Le Hen et Joshua Gastine. Avec quatre juniors 1\u00e8re ann\u00e9e et un junior 2\u00e8me ann\u00e9e qui d\u00e9bute sur les courses de ce niveau dans le groupe, l&rsquo;objectif est avant de tout d&rsquo;apprendre et de terminer l&rsquo;\u00e9preuve en vue de progresser.<\/p>\n<div id=\"attachment_11121\" style=\"width: 332px\" class=\"wp-caption alignright\"><a href=\"http:\/\/www.aclanester56.com\/velo\/wp-content\/uploads\/2012\/03\/Joshua-Gastine-645x600.jpg\"><img loading=\"lazy\" decoding=\"async\" aria-describedby=\"caption-attachment-11121\" class=\"size-large wp-image-11121\" title=\"Le Lanest\u00e9rien Joshua Gastine, m\u00eame s'il ne peut pas s'entra\u00eener r\u00e9guli\u00e8rement, s'est bien battu sur les difficiles routes nord-finist\u00e9riennes (photo Camille Nicol)\" alt=\"\" src=\"http:\/\/www.aclanester56.com\/velo\/wp-content\/uploads\/2012\/03\/Joshua-Gastine-645x600.jpg\" width=\"322\" height=\"300\" srcset=\"https:\/\/www.aclanester56.com\/velo\/wp-content\/uploads\/2012\/03\/Joshua-Gastine-645x600.jpg 645w, https:\/\/www.aclanester56.com\/velo\/wp-content\/uploads\/2012\/03\/Joshua-Gastine-322x300.jpg 322w, https:\/\/www.aclanester56.com\/velo\/wp-content\/uploads\/2012\/03\/Joshua-Gastine.jpg 720w\" sizes=\"auto, (max-width: 322px) 100vw, 322px\" \/><\/a><p id=\"caption-attachment-11121\" class=\"wp-caption-text\">Le Lanest\u00e9rien Joshua Gastine, m\u00eame s&rsquo;il ne peut pas s&rsquo;entra\u00eener r\u00e9guli\u00e8rement, s&rsquo;est bien battu sur les difficiles routes nord-finist\u00e9riennes (photo Camille Nicol)<\/p><\/div>\n<p style=\"text-align: justify;\"><span style=\"color: #ff6600;\"><strong>Une bonne exp\u00e9rience pour Ga\u00ebl et Joshua<\/strong><\/span><\/p>\n<p style=\"text-align: justify;\">Ga\u00ebl Le Boudouil, pour qui il s&rsquo;agit de la premi\u00e8re ann\u00e9e de comp\u00e9tition, c\u00e8de dans la premi\u00e8re c\u00f4te\u00a0r\u00e9pertori\u00e9e\u00a0dans le classement du meilleur grimpeur. Son manque d&rsquo;adresse et de rep\u00e8res dans ce genre de course l&rsquo;ont p\u00e9nalis\u00e9, mais cette Penn Ar Bed repr\u00e9sente une excellente exp\u00e9rience pour notre jeune n\u00e9ophyte !\u00a0Son co\u00e9quipier Joshua Gastine est en difficult\u00e9s dans le deuxi\u00e8me classement \u00ab\u00a0Grimpeurs\u00a0\u00bb. Ses progr\u00e8s sont visibles, mais il est frein\u00e9 dans son \u00e9volution car il ne peut pas s&rsquo;entrainer r\u00e9guli\u00e8rement.<\/p>\n<p style=\"text-align: justify;\"><span style=\"color: #ff6600;\"><strong>Pierre Hol\u00e9 victime d&rsquo;une chute<\/strong><\/span><\/p>\n<p style=\"text-align: justify;\">Le plus malchanceux de la journ\u00e9e est Pierre Hol\u00e9, victime d&rsquo;une chute au bout de 25 Km seulement et contraint \u00e0 l&rsquo;abandon. Melvyn Le Hen n&rsquo;a pas non plus \u00e9t\u00e9 \u00e9pargn\u00e9 par la malchance, puisqu&rsquo;un saut de\u00a0cha\u00eene\u00a0dans l&rsquo;ascension la plus difficile du parcours le contraint \u00e0 un gros effort pour recoller au peloton.<\/p>\n<p style=\"text-align: justify;\"><span style=\"color: #ff6600;\"><strong>Un Melvyn Le Hen tr\u00e8s courageux !<\/strong><\/span><\/p>\n<p style=\"text-align: justify;\">Quelques minutes plus tard, il doit s&rsquo;arr\u00eater pour changer de roue (bris de rayon) et engage une nouvelle poursuite pour revenir sur le peloton. Il r\u00e9ussit \u00e0 revenir, mais sa d\u00e9bauche d&rsquo;\u00e9nergie lui reste dans les jambes lors de l&rsquo;ascension de la 5\u00e8me difficult\u00e9 de la journ\u00e9e. Melvyn fait preuve de beaucoup de courage en parvenant \u00e0 rejoindre \u00e0 nouveau le peloton avant l&rsquo;entr\u00e9e sur le circuit final, o\u00f9 ce sont finalement les crampes qui auront raison de sa t\u00e9nacit\u00e9.<\/p>\n<div id=\"attachment_11123\" style=\"width: 364px\" class=\"wp-caption alignright\"><a href=\"http:\/\/www.aclanester56.com\/velo\/wp-content\/uploads\/2012\/03\/K\u00e9vin-Barguil-709x600.jpg\"><img loading=\"lazy\" decoding=\"async\" aria-describedby=\"caption-attachment-11123\" class=\"size-large wp-image-11123\" title=\"K\u00e9vin Barguil  termine dans le peloton \u00e0 Plouzan\u00e9 (photo Camille Nicol)\" alt=\"\" src=\"http:\/\/www.aclanester56.com\/velo\/wp-content\/uploads\/2012\/03\/K\u00e9vin-Barguil-709x600.jpg\" width=\"354\" height=\"300\" srcset=\"https:\/\/www.aclanester56.com\/velo\/wp-content\/uploads\/2012\/03\/K\u00e9vin-Barguil-709x600.jpg 709w, https:\/\/www.aclanester56.com\/velo\/wp-content\/uploads\/2012\/03\/K\u00e9vin-Barguil-300x253.jpg 300w, https:\/\/www.aclanester56.com\/velo\/wp-content\/uploads\/2012\/03\/K\u00e9vin-Barguil-354x300.jpg 354w, https:\/\/www.aclanester56.com\/velo\/wp-content\/uploads\/2012\/03\/K\u00e9vin-Barguil.jpg 720w\" sizes=\"auto, (max-width: 354px) 100vw, 354px\" \/><\/a><p id=\"caption-attachment-11123\" class=\"wp-caption-text\">K\u00e9vin Barguil termine dans le peloton \u00e0 Plouzan\u00e9 (photo Camille Nicol)<\/p><\/div>\n<p style=\"text-align: justify;\"><span style=\"color: #ff6600;\"><strong>K\u00e9vin Barguil confirme ses progr\u00e8s !<\/strong><\/span><\/p>\n<p style=\"text-align: justify;\">La meilleure prestation de l&rsquo;\u00e9quipe est finalement r\u00e9alis\u00e9e par K\u00e9vin Barguil, qui termine dans le maigre peloton subsistant. Apr\u00e8s un d\u00e9but de saison difficile, cela augure de bonnes choses pour le reste de la saison pour le jeune coureur de l&rsquo;AC LANESTER 56 !<\/p>\n<p style=\"text-align: justify;\"><span style=\"color: #ff6600;\"><strong>\u00ab\u00a0Les efforts vont payer\u00a0\u00bb<\/strong><\/span><\/p>\n<p style=\"text-align: justify;\">Les jeunes Lanest\u00e9riens ont fait preuve de courage et d&rsquo;un bon temp\u00e9rament sur cette 27\u00e8me \u00e9dition de la Penn Ar Bed, \u00e0 laquelle le club est fid\u00e8le tous les ans. Jean-Marc Morvan pr\u00e9cise, en connaisseur, que \u00ab\u00a0<em><strong>tous les efforts qu&rsquo;ils ont faits vont payer dans les courses \u00e0 venir<\/strong><\/em>\u00ab\u00a0.<\/p>\n<p style=\"text-align: justify;\"><span style=\"text-decoration: underline;\"><strong>Classement :<\/strong><\/span><br \/> 1\u00a0GESBERT\u00a0Elie\u00a0ANDEL VELO SPORT\u00a0J1<br \/> 2\u00a0LE GALL\u00a0Quentin\u00a0UC BRIOCHINE\u00a0J2<br \/> 3\u00a0ROLLAND\u00a0Fabien\u00a0UC BRIOCHINE\u00a0J2<br \/> 4\u00a0MOSIN\u00a0Pierre\u00a0SC MALESTROIT\u00a0J2<br \/> 5\u00a0RICHEUX\u00a0Florian\u00a0COTES D`ARMOR CYCL.\u00a0J1<br \/> 6\u00a0ADAM\u00a0Romain\u00a0UC QUIMPERLOISE\u00a0J2<br \/> 7\u00a0GESTIN\u00a0Axel\u00a0COTES D`ARMOR CYCL.\u00a0J2<br \/> 8\u00a0BONNAMOUR\u00a0Franck\u00a0LANNION CYCLISME\u00a0J1<br \/> 9\u00a0CORNILLET\u00a0Erwan\u00a0VS PAYS DE LAMBALLE\u00a0J1<br \/> 10\u00a0CAM\u00a0Florian\u00a0UC BRIOCHINE\u00a0J1<br \/> <span style=\"background-color: #ff6600;\">44\u00a0BARGUIL K\u00e9vin\u00a0AC LANESTER 56\u00a0J1<\/span><\/p>\n<p><em><strong>Remerciements \u00e0 Jean-Marc Morvan.<\/strong><\/em><\/p>\n","protected":false},"excerpt":{"rendered":"","protected":false},"author":14,"featured_media":11125,"comment_status":"open","ping_status":"closed","sticky":false,"template":"","format":"standard","meta":{"ngg_post_thumbnail":0,"footnotes":""},"categories":[5,21],"tags":[],"class_list":["post-11116","post","type-post","status-publish","format-standard","has-post-thumbnail","hentry","category-ac-lanester-56","category-resultats-juniors"],"yoast_head":"<!-- This site is optimized with the Yoast SEO plugin v27.5 - https:\/\/yoast.com\/product\/yoast-seo-wordpress\/ -->\n<title>Les juniors lanest\u00e9riens sur la Penn Ar Bed 2012 ! - Avenir Cycliste Lanester 56<\/title>\n<meta name=\"robots\" content=\"index, follow, max-snippet:-1, max-image-preview:large, max-video-preview:-1\" \/>\n<link rel=\"canonical\" href=\"https:\/\/www.aclanester56.com\/velo\/les-juniors-lanesteriens-sur-la-penn-ar-bed-2012\/\" \/>\n<meta property=\"og:locale\" content=\"fr_FR\" \/>\n<meta property=\"og:type\" content=\"article\" \/>\n<meta property=\"og:title\" content=\"Les juniors lanest\u00e9riens sur la Penn Ar Bed 2012 ! - Avenir Cycliste Lanester 56\" \/>\n<meta property=\"og:url\" content=\"https:\/\/www.aclanester56.com\/velo\/les-juniors-lanesteriens-sur-la-penn-ar-bed-2012\/\" \/>\n<meta property=\"og:site_name\" content=\"Avenir Cycliste Lanester 56\" \/>\n<meta property=\"article:publisher\" content=\"https:\/\/www.facebook.com\/pages\/AC-Lanester-56\/190286300991242?fref=ts\" \/>\n<meta property=\"article:published_time\" content=\"2012-03-27T18:00:43+00:00\" \/>\n<meta property=\"article:modified_time\" content=\"2013-12-22T11:18:29+00:00\" \/>\n<meta property=\"og:image\" content=\"https:\/\/www.aclanester56.com\/velo\/wp-content\/uploads\/2012\/03\/pen-ar-bed-2012-redim1024-Copie.jpg\" \/>\n\t<meta property=\"og:image:width\" content=\"650\" \/>\n\t<meta property=\"og:image:height\" content=\"300\" \/>\n\t<meta property=\"og:image:type\" content=\"image\/jpeg\" \/>\n<meta name=\"author\" content=\"Jean-Christophe\" \/>\n<meta name=\"twitter:label1\" content=\"\u00c9crit par\" \/>\n\t<meta name=\"twitter:data1\" content=\"Jean-Christophe\" \/>\n\t<meta name=\"twitter:label2\" content=\"Dur\u00e9e de lecture estim\u00e9e\" \/>\n\t<meta name=\"twitter:data2\" content=\"3 minutes\" \/>\n<script type=\"application\/ld+json\" class=\"yoast-schema-graph\">{\"@context\":\"https:\\\/\\\/schema.org\",\"@graph\":[{\"@type\":\"Article\",\"@id\":\"https:\\\/\\\/www.aclanester56.com\\\/velo\\\/les-juniors-lanesteriens-sur-la-penn-ar-bed-2012\\\/#article\",\"isPartOf\":{\"@id\":\"https:\\\/\\\/www.aclanester56.com\\\/velo\\\/les-juniors-lanesteriens-sur-la-penn-ar-bed-2012\\\/\"},\"author\":{\"name\":\"Jean-Christophe\",\"@id\":\"https:\\\/\\\/www.aclanester56.com\\\/velo\\\/#\\\/schema\\\/person\\\/ca2a44a5fd969e9dd846c72d3b33bc01\"},\"headline\":\"Les juniors lanest\u00e9riens sur la Penn Ar Bed 2012 !\",\"datePublished\":\"2012-03-27T18:00:43+00:00\",\"dateModified\":\"2013-12-22T11:18:29+00:00\",\"mainEntityOfPage\":{\"@id\":\"https:\\\/\\\/www.aclanester56.com\\\/velo\\\/les-juniors-lanesteriens-sur-la-penn-ar-bed-2012\\\/\"},\"wordCount\":603,\"commentCount\":0,\"publisher\":{\"@id\":\"https:\\\/\\\/www.aclanester56.com\\\/velo\\\/#organization\"},\"image\":{\"@id\":\"https:\\\/\\\/www.aclanester56.com\\\/velo\\\/les-juniors-lanesteriens-sur-la-penn-ar-bed-2012\\\/#primaryimage\"},\"thumbnailUrl\":\"https:\\\/\\\/www.aclanester56.com\\\/velo\\\/wp-content\\\/uploads\\\/2012\\\/03\\\/pen-ar-bed-2012-redim1024-Copie.jpg\",\"articleSection\":[\"AC LANESTER 56\",\"R\u00e9sultats Juniors\"],\"inLanguage\":\"fr-FR\",\"potentialAction\":[{\"@type\":\"CommentAction\",\"name\":\"Comment\",\"target\":[\"https:\\\/\\\/www.aclanester56.com\\\/velo\\\/les-juniors-lanesteriens-sur-la-penn-ar-bed-2012\\\/#respond\"]}]},{\"@type\":\"WebPage\",\"@id\":\"https:\\\/\\\/www.aclanester56.com\\\/velo\\\/les-juniors-lanesteriens-sur-la-penn-ar-bed-2012\\\/\",\"url\":\"https:\\\/\\\/www.aclanester56.com\\\/velo\\\/les-juniors-lanesteriens-sur-la-penn-ar-bed-2012\\\/\",\"name\":\"Les juniors lanest\u00e9riens sur la Penn Ar Bed 2012 ! - Avenir Cycliste Lanester 56\",\"isPartOf\":{\"@id\":\"https:\\\/\\\/www.aclanester56.com\\\/velo\\\/#website\"},\"primaryImageOfPage\":{\"@id\":\"https:\\\/\\\/www.aclanester56.com\\\/velo\\\/les-juniors-lanesteriens-sur-la-penn-ar-bed-2012\\\/#primaryimage\"},\"image\":{\"@id\":\"https:\\\/\\\/www.aclanester56.com\\\/velo\\\/les-juniors-lanesteriens-sur-la-penn-ar-bed-2012\\\/#primaryimage\"},\"thumbnailUrl\":\"https:\\\/\\\/www.aclanester56.com\\\/velo\\\/wp-content\\\/uploads\\\/2012\\\/03\\\/pen-ar-bed-2012-redim1024-Copie.jpg\",\"datePublished\":\"2012-03-27T18:00:43+00:00\",\"dateModified\":\"2013-12-22T11:18:29+00:00\",\"inLanguage\":\"fr-FR\",\"potentialAction\":[{\"@type\":\"ReadAction\",\"target\":[\"https:\\\/\\\/www.aclanester56.com\\\/velo\\\/les-juniors-lanesteriens-sur-la-penn-ar-bed-2012\\\/\"]}]},{\"@type\":\"ImageObject\",\"inLanguage\":\"fr-FR\",\"@id\":\"https:\\\/\\\/www.aclanester56.com\\\/velo\\\/les-juniors-lanesteriens-sur-la-penn-ar-bed-2012\\\/#primaryimage\",\"url\":\"https:\\\/\\\/www.aclanester56.com\\\/velo\\\/wp-content\\\/uploads\\\/2012\\\/03\\\/pen-ar-bed-2012-redim1024-Copie.jpg\",\"contentUrl\":\"https:\\\/\\\/www.aclanester56.com\\\/velo\\\/wp-content\\\/uploads\\\/2012\\\/03\\\/pen-ar-bed-2012-redim1024-Copie.jpg\",\"width\":650,\"height\":300},{\"@type\":\"WebSite\",\"@id\":\"https:\\\/\\\/www.aclanester56.com\\\/velo\\\/#website\",\"url\":\"https:\\\/\\\/www.aclanester56.com\\\/velo\\\/\",\"name\":\"Avenir Cycliste Lanester 56\",\"description\":\"Club cycliste de l&#039;AC LANESTER 56\",\"publisher\":{\"@id\":\"https:\\\/\\\/www.aclanester56.com\\\/velo\\\/#organization\"},\"potentialAction\":[{\"@type\":\"SearchAction\",\"target\":{\"@type\":\"EntryPoint\",\"urlTemplate\":\"https:\\\/\\\/www.aclanester56.com\\\/velo\\\/?s={search_term_string}\"},\"query-input\":{\"@type\":\"PropertyValueSpecification\",\"valueRequired\":true,\"valueName\":\"search_term_string\"}}],\"inLanguage\":\"fr-FR\"},{\"@type\":\"Organization\",\"@id\":\"https:\\\/\\\/www.aclanester56.com\\\/velo\\\/#organization\",\"name\":\"Avenir Cycliste Lanester 56\",\"url\":\"https:\\\/\\\/www.aclanester56.com\\\/velo\\\/\",\"logo\":{\"@type\":\"ImageObject\",\"inLanguage\":\"fr-FR\",\"@id\":\"https:\\\/\\\/www.aclanester56.com\\\/velo\\\/#\\\/schema\\\/logo\\\/image\\\/\",\"url\":\"https:\\\/\\\/www.aclanester56.com\\\/velo\\\/wp-content\\\/uploads\\\/2013\\\/04\\\/logo-ACL.jpg\",\"contentUrl\":\"https:\\\/\\\/www.aclanester56.com\\\/velo\\\/wp-content\\\/uploads\\\/2013\\\/04\\\/logo-ACL.jpg\",\"width\":400,\"height\":334,\"caption\":\"Avenir Cycliste Lanester 56\"},\"image\":{\"@id\":\"https:\\\/\\\/www.aclanester56.com\\\/velo\\\/#\\\/schema\\\/logo\\\/image\\\/\"},\"sameAs\":[\"https:\\\/\\\/www.facebook.com\\\/pages\\\/AC-Lanester-56\\\/190286300991242?fref=ts\"]},{\"@type\":\"Person\",\"@id\":\"https:\\\/\\\/www.aclanester56.com\\\/velo\\\/#\\\/schema\\\/person\\\/ca2a44a5fd969e9dd846c72d3b33bc01\",\"name\":\"Jean-Christophe\",\"url\":\"https:\\\/\\\/www.aclanester56.com\\\/velo\\\/author\\\/jeanchristophe\\\/\"}]}<\/script>\n<!-- \/ Yoast SEO plugin. -->","yoast_head_json":{"title":"Les juniors lanest\u00e9riens sur la Penn Ar Bed 2012 ! - Avenir Cycliste Lanester 56","robots":{"index":"index","follow":"follow","max-snippet":"max-snippet:-1","max-image-preview":"max-image-preview:large","max-video-preview":"max-video-preview:-1"},"canonical":"https:\/\/www.aclanester56.com\/velo\/les-juniors-lanesteriens-sur-la-penn-ar-bed-2012\/","og_locale":"fr_FR","og_type":"article","og_title":"Les juniors lanest\u00e9riens sur la Penn Ar Bed 2012 ! - Avenir Cycliste Lanester 56","og_url":"https:\/\/www.aclanester56.com\/velo\/les-juniors-lanesteriens-sur-la-penn-ar-bed-2012\/","og_site_name":"Avenir Cycliste Lanester 56","article_publisher":"https:\/\/www.facebook.com\/pages\/AC-Lanester-56\/190286300991242?fref=ts","article_published_time":"2012-03-27T18:00:43+00:00","article_modified_time":"2013-12-22T11:18:29+00:00","og_image":[{"width":650,"height":300,"url":"https:\/\/www.aclanester56.com\/velo\/wp-content\/uploads\/2012\/03\/pen-ar-bed-2012-redim1024-Copie.jpg","type":"image\/jpeg"}],"author":"Jean-Christophe","twitter_misc":{"\u00c9crit par":"Jean-Christophe","Dur\u00e9e de lecture estim\u00e9e":"3 minutes"},"schema":{"@context":"https:\/\/schema.org","@graph":[{"@type":"Article","@id":"https:\/\/www.aclanester56.com\/velo\/les-juniors-lanesteriens-sur-la-penn-ar-bed-2012\/#article","isPartOf":{"@id":"https:\/\/www.aclanester56.com\/velo\/les-juniors-lanesteriens-sur-la-penn-ar-bed-2012\/"},"author":{"name":"Jean-Christophe","@id":"https:\/\/www.aclanester56.com\/velo\/#\/schema\/person\/ca2a44a5fd969e9dd846c72d3b33bc01"},"headline":"Les juniors lanest\u00e9riens sur la Penn Ar Bed 2012 !","datePublished":"2012-03-27T18:00:43+00:00","dateModified":"2013-12-22T11:18:29+00:00","mainEntityOfPage":{"@id":"https:\/\/www.aclanester56.com\/velo\/les-juniors-lanesteriens-sur-la-penn-ar-bed-2012\/"},"wordCount":603,"commentCount":0,"publisher":{"@id":"https:\/\/www.aclanester56.com\/velo\/#organization"},"image":{"@id":"https:\/\/www.aclanester56.com\/velo\/les-juniors-lanesteriens-sur-la-penn-ar-bed-2012\/#primaryimage"},"thumbnailUrl":"https:\/\/www.aclanester56.com\/velo\/wp-content\/uploads\/2012\/03\/pen-ar-bed-2012-redim1024-Copie.jpg","articleSection":["AC LANESTER 56","R\u00e9sultats Juniors"],"inLanguage":"fr-FR","potentialAction":[{"@type":"CommentAction","name":"Comment","target":["https:\/\/www.aclanester56.com\/velo\/les-juniors-lanesteriens-sur-la-penn-ar-bed-2012\/#respond"]}]},{"@type":"WebPage","@id":"https:\/\/www.aclanester56.com\/velo\/les-juniors-lanesteriens-sur-la-penn-ar-bed-2012\/","url":"https:\/\/www.aclanester56.com\/velo\/les-juniors-lanesteriens-sur-la-penn-ar-bed-2012\/","name":"Les juniors lanest\u00e9riens sur la Penn Ar Bed 2012 ! - Avenir Cycliste Lanester 56","isPartOf":{"@id":"https:\/\/www.aclanester56.com\/velo\/#website"},"primaryImageOfPage":{"@id":"https:\/\/www.aclanester56.com\/velo\/les-juniors-lanesteriens-sur-la-penn-ar-bed-2012\/#primaryimage"},"image":{"@id":"https:\/\/www.aclanester56.com\/velo\/les-juniors-lanesteriens-sur-la-penn-ar-bed-2012\/#primaryimage"},"thumbnailUrl":"https:\/\/www.aclanester56.com\/velo\/wp-content\/uploads\/2012\/03\/pen-ar-bed-2012-redim1024-Copie.jpg","datePublished":"2012-03-27T18:00:43+00:00","dateModified":"2013-12-22T11:18:29+00:00","inLanguage":"fr-FR","potentialAction":[{"@type":"ReadAction","target":["https:\/\/www.aclanester56.com\/velo\/les-juniors-lanesteriens-sur-la-penn-ar-bed-2012\/"]}]},{"@type":"ImageObject","inLanguage":"fr-FR","@id":"https:\/\/www.aclanester56.com\/velo\/les-juniors-lanesteriens-sur-la-penn-ar-bed-2012\/#primaryimage","url":"https:\/\/www.aclanester56.com\/velo\/wp-content\/uploads\/2012\/03\/pen-ar-bed-2012-redim1024-Copie.jpg","contentUrl":"https:\/\/www.aclanester56.com\/velo\/wp-content\/uploads\/2012\/03\/pen-ar-bed-2012-redim1024-Copie.jpg","width":650,"height":300},{"@type":"WebSite","@id":"https:\/\/www.aclanester56.com\/velo\/#website","url":"https:\/\/www.aclanester56.com\/velo\/","name":"Avenir Cycliste Lanester 56","description":"Club cycliste de l&#039;AC LANESTER 56","publisher":{"@id":"https:\/\/www.aclanester56.com\/velo\/#organization"},"potentialAction":[{"@type":"SearchAction","target":{"@type":"EntryPoint","urlTemplate":"https:\/\/www.aclanester56.com\/velo\/?s={search_term_string}"},"query-input":{"@type":"PropertyValueSpecification","valueRequired":true,"valueName":"search_term_string"}}],"inLanguage":"fr-FR"},{"@type":"Organization","@id":"https:\/\/www.aclanester56.com\/velo\/#organization","name":"Avenir Cycliste Lanester 56","url":"https:\/\/www.aclanester56.com\/velo\/","logo":{"@type":"ImageObject","inLanguage":"fr-FR","@id":"https:\/\/www.aclanester56.com\/velo\/#\/schema\/logo\/image\/","url":"https:\/\/www.aclanester56.com\/velo\/wp-content\/uploads\/2013\/04\/logo-ACL.jpg","contentUrl":"https:\/\/www.aclanester56.com\/velo\/wp-content\/uploads\/2013\/04\/logo-ACL.jpg","width":400,"height":334,"caption":"Avenir Cycliste Lanester 56"},"image":{"@id":"https:\/\/www.aclanester56.com\/velo\/#\/schema\/logo\/image\/"},"sameAs":["https:\/\/www.facebook.com\/pages\/AC-Lanester-56\/190286300991242?fref=ts"]},{"@type":"Person","@id":"https:\/\/www.aclanester56.com\/velo\/#\/schema\/person\/ca2a44a5fd969e9dd846c72d3b33bc01","name":"Jean-Christophe","url":"https:\/\/www.aclanester56.com\/velo\/author\/jeanchristophe\/"}]}},"_links":{"self":[{"href":"https:\/\/www.aclanester56.com\/velo\/wp-json\/wp\/v2\/posts\/11116","targetHints":{"allow":["GET"]}}],"collection":[{"href":"https:\/\/www.aclanester56.com\/velo\/wp-json\/wp\/v2\/posts"}],"about":[{"href":"https:\/\/www.aclanester56.com\/velo\/wp-json\/wp\/v2\/types\/post"}],"author":[{"embeddable":true,"href":"https:\/\/www.aclanester56.com\/velo\/wp-json\/wp\/v2\/users\/14"}],"replies":[{"embeddable":true,"href":"https:\/\/www.aclanester56.com\/velo\/wp-json\/wp\/v2\/comments?post=11116"}],"version-history":[{"count":0,"href":"https:\/\/www.aclanester56.com\/velo\/wp-json\/wp\/v2\/posts\/11116\/revisions"}],"wp:featuredmedia":[{"embeddable":true,"href":"https:\/\/www.aclanester56.com\/velo\/wp-json\/wp\/v2\/media\/11125"}],"wp:attachment":[{"href":"https:\/\/www.aclanester56.com\/velo\/wp-json\/wp\/v2\/media?parent=11116"}],"wp:term":[{"taxonomy":"category","embeddable":true,"href":"https:\/\/www.aclanester56.com\/velo\/wp-json\/wp\/v2\/categories?post=11116"},{"taxonomy":"post_tag","embeddable":true,"href":"https:\/\/www.aclanester56.com\/velo\/wp-json\/wp\/v2\/tags?post=11116"}],"curies":[{"name":"wp","href":"https:\/\/api.w.org\/{rel}","templated":true}]}}