{"id":11190,"date":"2012-04-01T00:03:07","date_gmt":"2012-03-31T23:03:07","guid":{"rendered":"http:\/\/www.aclanester56.com\/velo\/?p=11190"},"modified":"2013-12-22T13:17:33","modified_gmt":"2013-12-22T11:17:33","slug":"du-nouveau-pour-ledition-2012-du-tro-div-ster","status":"publish","type":"post","link":"https:\/\/www.aclanester56.com\/velo\/du-nouveau-pour-ledition-2012-du-tro-div-ster\/","title":{"rendered":"Du nouveau pour l&rsquo;\u00e9dition 2012 du Tro Div Ster !"},"content":{"rendered":"<p style=\"text-align: justify;\"><!--more--><\/p>\n<p style=\"text-align: justify;\">Le bruit commen\u00e7ait \u00e0 courir dans le milieu cycliste r\u00e9gional &#8230; Le Comit\u00e9 d&rsquo;Organisation du TRO DIV STER a apport\u00e9 un nouveau point au r\u00e8glement de l&rsquo;\u00e9preuve. C&rsquo;est donc d\u00e9sormais officiel, la 13\u00e8me \u00e9dition de l&rsquo;\u00e9preuve phare organis\u00e9e par l&rsquo;AC LANESTER 56 va revenir aux sources de notre sport !<\/p>\n<p style=\"text-align: justify;\"><strong style=\"color: #ff6600; font-size: 14px; line-height: 1.5em;\">Un nouveau r\u00e8glement !<\/strong><\/p>\n<p style=\"text-align: justify;\">C&rsquo;est une nouvelle qui devrait s\u00fbrement beaucoup faire parler ! Sur la ligne du Grand D\u00e9part du TRO DIV STER qui sera accueilli par la commune de Silfiac le 19 mai prochain, les concurrents devront obligatoirement utiliser les machines du type de celles qui ont \u00e9t\u00e9 enfourch\u00e9es par des anciens grands champions tels Louison BOBET ou Fausto COPPI ! Les cadres des bicyclettes devront correspondre \u00e0 des mod\u00e8les fabriqu\u00e9s avant 1960. Les changements de vitesse index\u00e9s au guidon seront strictement interdits. De plus, l&rsquo;usage de cale-pieds de type \u00ab\u00a0automatique\u00a0\u00bb ne sera pas autoris\u00e9. Enfin, les coureurs ne pourront pas b\u00e9n\u00e9ficier d&rsquo;assistance tactique et m\u00e9canique : les v\u00e9hicules des directeurs sportifs et m\u00e9caniciens ne seront en effet pas invit\u00e9s \u00e0 suivre la caravane de la course. Cependant, le choix est laiss\u00e9 libre aux coureurs quant \u00e0 l&rsquo;anticipation et l&rsquo;organisation de leur propre d\u00e9pannage. Le port de boyaux autour du cou sera notamment autoris\u00e9.<\/p>\n<div id=\"attachment_11194\" style=\"width: 410px\" class=\"wp-caption alignright\"><a href=\"http:\/\/www.aclanester56.com\/velo\/wp-content\/uploads\/2012\/03\/TDS2011_0084.jpg\"><img loading=\"lazy\" decoding=\"async\" aria-describedby=\"caption-attachment-11194\" class=\"size-full wp-image-11194\" title=\"Pour le contre-la-montre par \u00e9quipes, les coureurs devront d\u00e9laisser leur machine sp\u00e9cifique habituelle ! (photo Michel Le Douairon)\" alt=\"\" src=\"http:\/\/www.aclanester56.com\/velo\/wp-content\/uploads\/2012\/03\/TDS2011_0084.jpg\" width=\"400\" height=\"266\" srcset=\"https:\/\/www.aclanester56.com\/velo\/wp-content\/uploads\/2012\/03\/TDS2011_0084.jpg 800w, https:\/\/www.aclanester56.com\/velo\/wp-content\/uploads\/2012\/03\/TDS2011_0084-300x199.jpg 300w, https:\/\/www.aclanester56.com\/velo\/wp-content\/uploads\/2012\/03\/TDS2011_0084-450x300.jpg 450w\" sizes=\"auto, (max-width: 400px) 100vw, 400px\" \/><\/a><p id=\"caption-attachment-11194\" class=\"wp-caption-text\">Pour le contre-la-montre par \u00e9quipes, les coureurs devront d\u00e9laisser leur machine sp\u00e9cifique habituelle ! (photo Michel Le Douairon)<\/p><\/div>\n<p style=\"text-align: justify;\"><span style=\"color: #ff6600;\"><strong>Pour mettre en lumi\u00e8re les nouveaux \u00ab\u00a0for\u00e7ats de la route\u00a0\u00bb !<\/strong><\/span><\/p>\n<p style=\"text-align: justify;\">Le Pr\u00e9sident de l&rsquo;AC LANESTER 56 Jean-Yves LE GAL explique les mesures prises par le Comit\u00e9 d&rsquo;Organisation du TRO DIV STER : \u00ab\u00a0<em><strong>Il ne s&rsquo;agit pas d&rsquo;un retour en arri\u00e8re. Nous souhaitons revenir aux vraies valeurs du cyclisme de courage et d\u00e9passement de soi v\u00e9hicul\u00e9es par les anciens \u00ab\u00a0for\u00e7ats de la route\u00a0\u00bb. L&rsquo;id\u00e9e est de valoriser aupr\u00e8s des spectateurs les efforts fournis par les coureurs, qui n&rsquo;en seront que plus m\u00e9ritants.<\/strong><\/em>\u00a0\u00bb Le retour du casque \u00e0 boudins sera-t-il \u00e9galement impos\u00e9 aux coureurs ? \u00ab\u00a0<em><strong>Non, nous ne souhaitons pas jouer avec la s\u00e9curit\u00e9 des participants. Il n&rsquo;a jamais \u00e9t\u00e9 question de nous soustraire \u00e0 la r\u00e8gle de l&rsquo;obligation du port du casque rigide<\/strong><\/em>.\u00a0\u00bb<\/p>\n<p style=\"text-align: justify;\"><span style=\"color: #ff6600;\"><strong>Il nous tarde d&rsquo;y \u00eatre !<\/strong><\/span><\/p>\n<p style=\"text-align: justify;\">Ce nouveau point de r\u00e8glement va assur\u00e9ment apporter du spectacle les 19 et 20 mai prochain sur cette 13\u00e8me \u00e9dition du TRO DIV STER ! Il nous tarde d\u00e9j\u00e0 d&rsquo;y \u00eatre pour observer la nouvelle g\u00e9n\u00e9ration des \u00ab\u00a0for\u00e7ats de la route\u00a0\u00bb \u00e0 l&rsquo;oeuvre sur le magnifique parcours dessin\u00e9 par J\u00e9r\u00f4me LE CALVE, qui sera par ailleurs pr\u00e9sent\u00e9 en d\u00e9tails sur notre site internet dans quelques jours !<\/p>\n<p>&nbsp;<\/p>\n","protected":false},"excerpt":{"rendered":"","protected":false},"author":14,"featured_media":11196,"comment_status":"open","ping_status":"closed","sticky":false,"template":"","format":"standard","meta":{"ngg_post_thumbnail":0,"footnotes":""},"categories":[5,8,7],"tags":[],"class_list":["post-11190","post","type-post","status-publish","format-standard","has-post-thumbnail","hentry","category-ac-lanester-56","category-tro-div-ster","category-organisations"],"yoast_head":"<!-- This site is optimized with the Yoast SEO plugin v27.5 - https:\/\/yoast.com\/product\/yoast-seo-wordpress\/ -->\n<title>Du nouveau pour l&#039;\u00e9dition 2012 du Tro Div Ster ! - Avenir Cycliste Lanester 56<\/title>\n<meta name=\"robots\" content=\"index, follow, max-snippet:-1, max-image-preview:large, max-video-preview:-1\" \/>\n<link rel=\"canonical\" href=\"https:\/\/www.aclanester56.com\/velo\/du-nouveau-pour-ledition-2012-du-tro-div-ster\/\" \/>\n<meta property=\"og:locale\" content=\"fr_FR\" \/>\n<meta property=\"og:type\" content=\"article\" \/>\n<meta property=\"og:title\" content=\"Du nouveau pour l&#039;\u00e9dition 2012 du Tro Div Ster ! - Avenir Cycliste Lanester 56\" \/>\n<meta property=\"og:url\" content=\"https:\/\/www.aclanester56.com\/velo\/du-nouveau-pour-ledition-2012-du-tro-div-ster\/\" \/>\n<meta property=\"og:site_name\" content=\"Avenir Cycliste Lanester 56\" \/>\n<meta property=\"article:publisher\" content=\"https:\/\/www.facebook.com\/pages\/AC-Lanester-56\/190286300991242?fref=ts\" \/>\n<meta property=\"article:published_time\" content=\"2012-03-31T23:03:07+00:00\" \/>\n<meta property=\"article:modified_time\" content=\"2013-12-22T11:17:33+00:00\" \/>\n<meta property=\"og:image\" content=\"https:\/\/www.aclanester56.com\/velo\/wp-content\/uploads\/2012\/03\/TDS2011_0122-Copie.jpg\" \/>\n\t<meta property=\"og:image:width\" content=\"650\" \/>\n\t<meta property=\"og:image:height\" content=\"299\" \/>\n\t<meta property=\"og:image:type\" content=\"image\/jpeg\" \/>\n<meta name=\"author\" content=\"Jean-Christophe\" \/>\n<meta name=\"twitter:label1\" content=\"\u00c9crit par\" \/>\n\t<meta name=\"twitter:data1\" content=\"Jean-Christophe\" \/>\n\t<meta name=\"twitter:label2\" content=\"Dur\u00e9e de lecture estim\u00e9e\" \/>\n\t<meta name=\"twitter:data2\" content=\"2 minutes\" \/>\n<script type=\"application\/ld+json\" class=\"yoast-schema-graph\">{\"@context\":\"https:\\\/\\\/schema.org\",\"@graph\":[{\"@type\":\"Article\",\"@id\":\"https:\\\/\\\/www.aclanester56.com\\\/velo\\\/du-nouveau-pour-ledition-2012-du-tro-div-ster\\\/#article\",\"isPartOf\":{\"@id\":\"https:\\\/\\\/www.aclanester56.com\\\/velo\\\/du-nouveau-pour-ledition-2012-du-tro-div-ster\\\/\"},\"author\":{\"name\":\"Jean-Christophe\",\"@id\":\"https:\\\/\\\/www.aclanester56.com\\\/velo\\\/#\\\/schema\\\/person\\\/ca2a44a5fd969e9dd846c72d3b33bc01\"},\"headline\":\"Du nouveau pour l&rsquo;\u00e9dition 2012 du Tro Div Ster !\",\"datePublished\":\"2012-03-31T23:03:07+00:00\",\"dateModified\":\"2013-12-22T11:17:33+00:00\",\"mainEntityOfPage\":{\"@id\":\"https:\\\/\\\/www.aclanester56.com\\\/velo\\\/du-nouveau-pour-ledition-2012-du-tro-div-ster\\\/\"},\"wordCount\":457,\"commentCount\":0,\"publisher\":{\"@id\":\"https:\\\/\\\/www.aclanester56.com\\\/velo\\\/#organization\"},\"image\":{\"@id\":\"https:\\\/\\\/www.aclanester56.com\\\/velo\\\/du-nouveau-pour-ledition-2012-du-tro-div-ster\\\/#primaryimage\"},\"thumbnailUrl\":\"https:\\\/\\\/www.aclanester56.com\\\/velo\\\/wp-content\\\/uploads\\\/2012\\\/03\\\/TDS2011_0122-Copie.jpg\",\"articleSection\":[\"AC LANESTER 56\",\"Le Tro Div Ster\",\"Les organisations\"],\"inLanguage\":\"fr-FR\",\"potentialAction\":[{\"@type\":\"CommentAction\",\"name\":\"Comment\",\"target\":[\"https:\\\/\\\/www.aclanester56.com\\\/velo\\\/du-nouveau-pour-ledition-2012-du-tro-div-ster\\\/#respond\"]}]},{\"@type\":\"WebPage\",\"@id\":\"https:\\\/\\\/www.aclanester56.com\\\/velo\\\/du-nouveau-pour-ledition-2012-du-tro-div-ster\\\/\",\"url\":\"https:\\\/\\\/www.aclanester56.com\\\/velo\\\/du-nouveau-pour-ledition-2012-du-tro-div-ster\\\/\",\"name\":\"Du nouveau pour l'\u00e9dition 2012 du Tro Div Ster ! - Avenir Cycliste Lanester 56\",\"isPartOf\":{\"@id\":\"https:\\\/\\\/www.aclanester56.com\\\/velo\\\/#website\"},\"primaryImageOfPage\":{\"@id\":\"https:\\\/\\\/www.aclanester56.com\\\/velo\\\/du-nouveau-pour-ledition-2012-du-tro-div-ster\\\/#primaryimage\"},\"image\":{\"@id\":\"https:\\\/\\\/www.aclanester56.com\\\/velo\\\/du-nouveau-pour-ledition-2012-du-tro-div-ster\\\/#primaryimage\"},\"thumbnailUrl\":\"https:\\\/\\\/www.aclanester56.com\\\/velo\\\/wp-content\\\/uploads\\\/2012\\\/03\\\/TDS2011_0122-Copie.jpg\",\"datePublished\":\"2012-03-31T23:03:07+00:00\",\"dateModified\":\"2013-12-22T11:17:33+00:00\",\"inLanguage\":\"fr-FR\",\"potentialAction\":[{\"@type\":\"ReadAction\",\"target\":[\"https:\\\/\\\/www.aclanester56.com\\\/velo\\\/du-nouveau-pour-ledition-2012-du-tro-div-ster\\\/\"]}]},{\"@type\":\"ImageObject\",\"inLanguage\":\"fr-FR\",\"@id\":\"https:\\\/\\\/www.aclanester56.com\\\/velo\\\/du-nouveau-pour-ledition-2012-du-tro-div-ster\\\/#primaryimage\",\"url\":\"https:\\\/\\\/www.aclanester56.com\\\/velo\\\/wp-content\\\/uploads\\\/2012\\\/03\\\/TDS2011_0122-Copie.jpg\",\"contentUrl\":\"https:\\\/\\\/www.aclanester56.com\\\/velo\\\/wp-content\\\/uploads\\\/2012\\\/03\\\/TDS2011_0122-Copie.jpg\",\"width\":650,\"height\":299},{\"@type\":\"WebSite\",\"@id\":\"https:\\\/\\\/www.aclanester56.com\\\/velo\\\/#website\",\"url\":\"https:\\\/\\\/www.aclanester56.com\\\/velo\\\/\",\"name\":\"Avenir Cycliste Lanester 56\",\"description\":\"Club cycliste de l&#039;AC LANESTER 56\",\"publisher\":{\"@id\":\"https:\\\/\\\/www.aclanester56.com\\\/velo\\\/#organization\"},\"potentialAction\":[{\"@type\":\"SearchAction\",\"target\":{\"@type\":\"EntryPoint\",\"urlTemplate\":\"https:\\\/\\\/www.aclanester56.com\\\/velo\\\/?s={search_term_string}\"},\"query-input\":{\"@type\":\"PropertyValueSpecification\",\"valueRequired\":true,\"valueName\":\"search_term_string\"}}],\"inLanguage\":\"fr-FR\"},{\"@type\":\"Organization\",\"@id\":\"https:\\\/\\\/www.aclanester56.com\\\/velo\\\/#organization\",\"name\":\"Avenir Cycliste Lanester 56\",\"url\":\"https:\\\/\\\/www.aclanester56.com\\\/velo\\\/\",\"logo\":{\"@type\":\"ImageObject\",\"inLanguage\":\"fr-FR\",\"@id\":\"https:\\\/\\\/www.aclanester56.com\\\/velo\\\/#\\\/schema\\\/logo\\\/image\\\/\",\"url\":\"https:\\\/\\\/www.aclanester56.com\\\/velo\\\/wp-content\\\/uploads\\\/2013\\\/04\\\/logo-ACL.jpg\",\"contentUrl\":\"https:\\\/\\\/www.aclanester56.com\\\/velo\\\/wp-content\\\/uploads\\\/2013\\\/04\\\/logo-ACL.jpg\",\"width\":400,\"height\":334,\"caption\":\"Avenir Cycliste Lanester 56\"},\"image\":{\"@id\":\"https:\\\/\\\/www.aclanester56.com\\\/velo\\\/#\\\/schema\\\/logo\\\/image\\\/\"},\"sameAs\":[\"https:\\\/\\\/www.facebook.com\\\/pages\\\/AC-Lanester-56\\\/190286300991242?fref=ts\"]},{\"@type\":\"Person\",\"@id\":\"https:\\\/\\\/www.aclanester56.com\\\/velo\\\/#\\\/schema\\\/person\\\/ca2a44a5fd969e9dd846c72d3b33bc01\",\"name\":\"Jean-Christophe\",\"url\":\"https:\\\/\\\/www.aclanester56.com\\\/velo\\\/author\\\/jeanchristophe\\\/\"}]}<\/script>\n<!-- \/ Yoast SEO plugin. -->","yoast_head_json":{"title":"Du nouveau pour l'\u00e9dition 2012 du Tro Div Ster ! - Avenir Cycliste Lanester 56","robots":{"index":"index","follow":"follow","max-snippet":"max-snippet:-1","max-image-preview":"max-image-preview:large","max-video-preview":"max-video-preview:-1"},"canonical":"https:\/\/www.aclanester56.com\/velo\/du-nouveau-pour-ledition-2012-du-tro-div-ster\/","og_locale":"fr_FR","og_type":"article","og_title":"Du nouveau pour l'\u00e9dition 2012 du Tro Div Ster ! - Avenir Cycliste Lanester 56","og_url":"https:\/\/www.aclanester56.com\/velo\/du-nouveau-pour-ledition-2012-du-tro-div-ster\/","og_site_name":"Avenir Cycliste Lanester 56","article_publisher":"https:\/\/www.facebook.com\/pages\/AC-Lanester-56\/190286300991242?fref=ts","article_published_time":"2012-03-31T23:03:07+00:00","article_modified_time":"2013-12-22T11:17:33+00:00","og_image":[{"width":650,"height":299,"url":"https:\/\/www.aclanester56.com\/velo\/wp-content\/uploads\/2012\/03\/TDS2011_0122-Copie.jpg","type":"image\/jpeg"}],"author":"Jean-Christophe","twitter_misc":{"\u00c9crit par":"Jean-Christophe","Dur\u00e9e de lecture estim\u00e9e":"2 minutes"},"schema":{"@context":"https:\/\/schema.org","@graph":[{"@type":"Article","@id":"https:\/\/www.aclanester56.com\/velo\/du-nouveau-pour-ledition-2012-du-tro-div-ster\/#article","isPartOf":{"@id":"https:\/\/www.aclanester56.com\/velo\/du-nouveau-pour-ledition-2012-du-tro-div-ster\/"},"author":{"name":"Jean-Christophe","@id":"https:\/\/www.aclanester56.com\/velo\/#\/schema\/person\/ca2a44a5fd969e9dd846c72d3b33bc01"},"headline":"Du nouveau pour l&rsquo;\u00e9dition 2012 du Tro Div Ster !","datePublished":"2012-03-31T23:03:07+00:00","dateModified":"2013-12-22T11:17:33+00:00","mainEntityOfPage":{"@id":"https:\/\/www.aclanester56.com\/velo\/du-nouveau-pour-ledition-2012-du-tro-div-ster\/"},"wordCount":457,"commentCount":0,"publisher":{"@id":"https:\/\/www.aclanester56.com\/velo\/#organization"},"image":{"@id":"https:\/\/www.aclanester56.com\/velo\/du-nouveau-pour-ledition-2012-du-tro-div-ster\/#primaryimage"},"thumbnailUrl":"https:\/\/www.aclanester56.com\/velo\/wp-content\/uploads\/2012\/03\/TDS2011_0122-Copie.jpg","articleSection":["AC LANESTER 56","Le Tro Div Ster","Les organisations"],"inLanguage":"fr-FR","potentialAction":[{"@type":"CommentAction","name":"Comment","target":["https:\/\/www.aclanester56.com\/velo\/du-nouveau-pour-ledition-2012-du-tro-div-ster\/#respond"]}]},{"@type":"WebPage","@id":"https:\/\/www.aclanester56.com\/velo\/du-nouveau-pour-ledition-2012-du-tro-div-ster\/","url":"https:\/\/www.aclanester56.com\/velo\/du-nouveau-pour-ledition-2012-du-tro-div-ster\/","name":"Du nouveau pour l'\u00e9dition 2012 du Tro Div Ster ! - Avenir Cycliste Lanester 56","isPartOf":{"@id":"https:\/\/www.aclanester56.com\/velo\/#website"},"primaryImageOfPage":{"@id":"https:\/\/www.aclanester56.com\/velo\/du-nouveau-pour-ledition-2012-du-tro-div-ster\/#primaryimage"},"image":{"@id":"https:\/\/www.aclanester56.com\/velo\/du-nouveau-pour-ledition-2012-du-tro-div-ster\/#primaryimage"},"thumbnailUrl":"https:\/\/www.aclanester56.com\/velo\/wp-content\/uploads\/2012\/03\/TDS2011_0122-Copie.jpg","datePublished":"2012-03-31T23:03:07+00:00","dateModified":"2013-12-22T11:17:33+00:00","inLanguage":"fr-FR","potentialAction":[{"@type":"ReadAction","target":["https:\/\/www.aclanester56.com\/velo\/du-nouveau-pour-ledition-2012-du-tro-div-ster\/"]}]},{"@type":"ImageObject","inLanguage":"fr-FR","@id":"https:\/\/www.aclanester56.com\/velo\/du-nouveau-pour-ledition-2012-du-tro-div-ster\/#primaryimage","url":"https:\/\/www.aclanester56.com\/velo\/wp-content\/uploads\/2012\/03\/TDS2011_0122-Copie.jpg","contentUrl":"https:\/\/www.aclanester56.com\/velo\/wp-content\/uploads\/2012\/03\/TDS2011_0122-Copie.jpg","width":650,"height":299},{"@type":"WebSite","@id":"https:\/\/www.aclanester56.com\/velo\/#website","url":"https:\/\/www.aclanester56.com\/velo\/","name":"Avenir Cycliste Lanester 56","description":"Club cycliste de l&#039;AC LANESTER 56","publisher":{"@id":"https:\/\/www.aclanester56.com\/velo\/#organization"},"potentialAction":[{"@type":"SearchAction","target":{"@type":"EntryPoint","urlTemplate":"https:\/\/www.aclanester56.com\/velo\/?s={search_term_string}"},"query-input":{"@type":"PropertyValueSpecification","valueRequired":true,"valueName":"search_term_string"}}],"inLanguage":"fr-FR"},{"@type":"Organization","@id":"https:\/\/www.aclanester56.com\/velo\/#organization","name":"Avenir Cycliste Lanester 56","url":"https:\/\/www.aclanester56.com\/velo\/","logo":{"@type":"ImageObject","inLanguage":"fr-FR","@id":"https:\/\/www.aclanester56.com\/velo\/#\/schema\/logo\/image\/","url":"https:\/\/www.aclanester56.com\/velo\/wp-content\/uploads\/2013\/04\/logo-ACL.jpg","contentUrl":"https:\/\/www.aclanester56.com\/velo\/wp-content\/uploads\/2013\/04\/logo-ACL.jpg","width":400,"height":334,"caption":"Avenir Cycliste Lanester 56"},"image":{"@id":"https:\/\/www.aclanester56.com\/velo\/#\/schema\/logo\/image\/"},"sameAs":["https:\/\/www.facebook.com\/pages\/AC-Lanester-56\/190286300991242?fref=ts"]},{"@type":"Person","@id":"https:\/\/www.aclanester56.com\/velo\/#\/schema\/person\/ca2a44a5fd969e9dd846c72d3b33bc01","name":"Jean-Christophe","url":"https:\/\/www.aclanester56.com\/velo\/author\/jeanchristophe\/"}]}},"_links":{"self":[{"href":"https:\/\/www.aclanester56.com\/velo\/wp-json\/wp\/v2\/posts\/11190","targetHints":{"allow":["GET"]}}],"collection":[{"href":"https:\/\/www.aclanester56.com\/velo\/wp-json\/wp\/v2\/posts"}],"about":[{"href":"https:\/\/www.aclanester56.com\/velo\/wp-json\/wp\/v2\/types\/post"}],"author":[{"embeddable":true,"href":"https:\/\/www.aclanester56.com\/velo\/wp-json\/wp\/v2\/users\/14"}],"replies":[{"embeddable":true,"href":"https:\/\/www.aclanester56.com\/velo\/wp-json\/wp\/v2\/comments?post=11190"}],"version-history":[{"count":0,"href":"https:\/\/www.aclanester56.com\/velo\/wp-json\/wp\/v2\/posts\/11190\/revisions"}],"wp:featuredmedia":[{"embeddable":true,"href":"https:\/\/www.aclanester56.com\/velo\/wp-json\/wp\/v2\/media\/11196"}],"wp:attachment":[{"href":"https:\/\/www.aclanester56.com\/velo\/wp-json\/wp\/v2\/media?parent=11190"}],"wp:term":[{"taxonomy":"category","embeddable":true,"href":"https:\/\/www.aclanester56.com\/velo\/wp-json\/wp\/v2\/categories?post=11190"},{"taxonomy":"post_tag","embeddable":true,"href":"https:\/\/www.aclanester56.com\/velo\/wp-json\/wp\/v2\/tags?post=11190"}],"curies":[{"name":"wp","href":"https:\/\/api.w.org\/{rel}","templated":true}]}}