{"id":11247,"date":"2012-04-07T18:37:51","date_gmt":"2012-04-07T17:37:51","guid":{"rendered":"http:\/\/www.aclanester56.com\/velo\/?p=11247"},"modified":"2013-12-22T13:16:26","modified_gmt":"2013-12-22T11:16:26","slug":"les-cadets-et-juniors-sur-le-printemps-darmorique-a-st-brieuc","status":"publish","type":"post","link":"https:\/\/www.aclanester56.com\/velo\/les-cadets-et-juniors-sur-le-printemps-darmorique-a-st-brieuc\/","title":{"rendered":"Les Cadets et Juniors sur le Printemps d&rsquo;Armorique \u00e0 St Brieuc"},"content":{"rendered":"<p style=\"text-align: justify;\"><!--more--><\/p>\n<p style=\"text-align: justify;\">Sept cadets et deux juniors de l&rsquo;AC LANESTER 56 ont particip\u00e9 mercredi au Printemps d&rsquo;Armorique \u00e0 St Brieuc, \u00e9preuve scolaire et universitaire.<\/p>\n<p style=\"text-align: justify;\"><strong style=\"color: #ff6600; font-size: 14px; line-height: 1.5em;\">D\u00e9but de course rapide chez les cadets<\/strong><\/p>\n<p style=\"text-align: justify;\">Chez les cadets, on retrouve au d\u00e9part les Lanest\u00e9riens Maxime Lannurien, Thomas Denis, Luca Morizur, Benjamin Duval, Julien Guiho, Yoann S\u00e9lo et Nicolas Primas. Ce dernier portait pour l&rsquo;occasion le maillot du P\u00f4le Espoirs de Lorient. Notre f\u00e9minine Julie Le Priellec est \u00e9galement de la partie. Comme tous les ans, le d\u00e9but de course est tr\u00e8s rapide. D\u00e8s le premier tour, on retrouve d\u00e9j\u00e0 les costauds \u00e0 l&rsquo;avant avec notamment le Lanest\u00e9rien Nicolas Primas. Un trio compos\u00e9 du\u00a0Brestois Madouas, du Scaerois Kern\u00e9is et du Normand Becret se d\u00e9tache le tour suivant et derri\u00e8re le peloton explose en plusieurs parties.<\/p>\n<div id=\"attachment_11251\" style=\"width: 410px\" class=\"wp-caption alignright\"><a href=\"http:\/\/www.aclanester56.com\/velo\/wp-content\/uploads\/2012\/04\/d\u00e9part-printemps-darmorique-2012-redim1024-800x600.jpg\"><img loading=\"lazy\" decoding=\"async\" aria-describedby=\"caption-attachment-11251\" class=\"size-large wp-image-11251\" title=\"Au d\u00e9part des cadets, on peut reconna\u00eetre de gauche \u00e0 droite Thomas Denis, Julien Guiho, Luca Morizur et Maxime Lannurien (photo J-Marc Morvan)\" alt=\"\" src=\"http:\/\/www.aclanester56.com\/velo\/wp-content\/uploads\/2012\/04\/d\u00e9part-printemps-darmorique-2012-redim1024-800x600.jpg\" width=\"400\" height=\"300\" srcset=\"https:\/\/www.aclanester56.com\/velo\/wp-content\/uploads\/2012\/04\/d\u00e9part-printemps-darmorique-2012-redim1024-800x600.jpg 800w, https:\/\/www.aclanester56.com\/velo\/wp-content\/uploads\/2012\/04\/d\u00e9part-printemps-darmorique-2012-redim1024-300x225.jpg 300w, https:\/\/www.aclanester56.com\/velo\/wp-content\/uploads\/2012\/04\/d\u00e9part-printemps-darmorique-2012-redim1024-400x300.jpg 400w, https:\/\/www.aclanester56.com\/velo\/wp-content\/uploads\/2012\/04\/d\u00e9part-printemps-darmorique-2012-redim1024.jpg 1024w\" sizes=\"auto, (max-width: 400px) 100vw, 400px\" \/><\/a><p id=\"caption-attachment-11251\" class=\"wp-caption-text\">Au d\u00e9part des cadets, on peut reconna\u00eetre de gauche \u00e0 droite Thomas Denis, Julien Guiho, Luca Morizur et Maxime Lannurien (photo J-Marc Morvan)<\/p><\/div>\n<p style=\"text-align: justify;\"><span style=\"color: #ff6600;\"><strong>Thomas Denis 6\u00e8me<\/strong><\/span><\/p>\n<p style=\"text-align: justify;\">Thomas Denis, Nicolas Primas et Yoann S\u00e9lo pointent dans le premier peloton, Benjamin Duval dans le deuxi\u00e8me, tandis que Maxime Lannurien, qui manque de comp\u00e9tition, Julie Le Priellec, Julien Guiho et Luca Morizur sont un peu plus loin dans cette course d&rsquo;un tr\u00e8s bon niveau. Les positions ne vont plus changer et c&rsquo;est Madouas qui s&rsquo;impose facilement (suite \u00e0 un saut de chaine de Kern\u00e9is). Dans le premier peloton qui arrive pour la m\u00e9daille en chocolat, Thomas Denis prend une belle 6\u00e8me place, Nicolas Primas 7\u00e8me et Yoann S\u00e9lo 23\u00e8me. Benjamin Duval, qui a fait tr\u00e8s bonne impression sur l&rsquo;\u00e9preuve, remporte le sprint du 2\u00e8me peloton, aux alentours de la 25\u00e8me place. Maxime Lannurien, Julie\u00a0Le Priellec, Julien Guiho et Luca Morizur terminent \u00e9galement l&rsquo;\u00e9preuve.<\/p>\n<p style=\"text-align: justify;\"><span style=\"color: #ff6600;\"><strong>Pierre Hol\u00e9 62\u00e8me chez les juniors\/seniors<\/strong><\/span><\/p>\n<p style=\"text-align: justify;\">Dans l&rsquo;\u00e9preuve Juniors\/S\u00e9niors, le jeune Lanest\u00e9rien Pierre Hol\u00e9 portait les couleurs du P\u00f4le Espoirs de Lorient. Sur un circuit qui ne correspondait pas forc\u00e9ment \u00e0 ses qualit\u00e9s, notre junior suivait ais\u00e9ment l&rsquo;allure du peloton mais \u00e9tait trop en queue de peloton pour \u00e9viter les cassures qui finissent toujours par se faire sur le circuit briochin. Il termine 62\u00e8me d&rsquo;une \u00e9preuve remport\u00e9e par le soci\u00e9taire du P\u00f4le Espoirs de St Brieuc Erwann Corbel.<\/p>\n<p style=\"text-align: justify;\"><span style=\"color: #ff6600;\"><strong>Merci aux sympathiques accompagnateurs !<\/strong><\/span><\/p>\n<p style=\"text-align: justify;\">Les jeunes Lanest\u00e9riens \u00e9taient encadr\u00e9s ce mercredi apr\u00e8s-midi \u00e0 St Brieuc par Jean-Marc Morvan, J\u00e9r\u00f4me Beldent et Patrick Duval.<\/p>\n<p><span style=\"text-decoration: underline;\"><strong>Classement cadets :<\/strong><\/span><br \/> 1 MADOUAS Valentin BIC 2000<br \/> 2 BECRET Geoffroy Sport Etudes FLERS<br \/> 3 KERNEIS Nicolas V.S. Sca\u00e9rois Coll\u00e8ge Tour D&rsquo;Auvergne QUIMPER<br \/> 4 LE BRETON Fabien<br \/> 5 LHOMME Guillaume Sport Etudes FLERS<br \/> <span style=\"background-color: #ff6600;\">6 DENIS Thomas AC Lanester 56<\/span><br \/> <span style=\"background-color: #ff6600;\"> 7 PRIMAS Nicolas AC Lanester 56 &#8211; Pole Espoir Bretagne SUD<\/span><br \/> <span style=\"background-color: #ff6600;\"> 23 SELO Yoann AC Lanester 56<\/span><br \/> <span style=\"background-color: #ff6600;\"> 25 DUVAL Benjamin AC Lanester 56<\/span><br \/> <span style=\"background-color: #ff6600;\"> 36 GUIHO Julien AC Lanester 56<\/span><br \/> <span style=\"background-color: #ff6600;\"> 46 MORIZUR Lucas AC Lanester 56<\/span><\/p>\n<p><span style=\"text-decoration: underline;\"><strong>Classement juniors\/s\u00e9niors :<\/strong><\/span><br \/> 1 CORBEL Erwann S P\u00f4le Cyclisme ST-BRIEUC<br \/> 2 PECHEUL Baptiste S ASUB P\u00f4le Cyclisme ST-BRIEUC ffsu<br \/> 3 LE ROUX Romain S P\u00f4le Cyclisme ST-BRIEUC<br \/> 4 GESBERT Elie (J) Lyc\u00e9e Sacr\u00e9 C\u0153ur ST-BRIEUC<br \/> 5 LE COGUIC Fabien S ASUB P\u00f4le Cyclisme ST-BRIEUC ffsu<br \/> <span style=\"background-color: #ff6600;\">62 HOLE Pierre (J) AC Lanester 56 &#8211; P\u00f4le Espoirs Bretagne Sud<\/span><\/p>\n<p><em><strong>\u00a0Remerciements \u00e0 Jean-Marc Morvan.<\/strong><\/em><\/p>\n","protected":false},"excerpt":{"rendered":"","protected":false},"author":14,"featured_media":11253,"comment_status":"open","ping_status":"closed","sticky":false,"template":"","format":"standard","meta":{"ngg_post_thumbnail":0,"footnotes":""},"categories":[5],"tags":[],"class_list":["post-11247","post","type-post","status-publish","format-standard","has-post-thumbnail","hentry","category-ac-lanester-56"],"yoast_head":"<!-- This site is optimized with the Yoast SEO plugin v27.5 - https:\/\/yoast.com\/product\/yoast-seo-wordpress\/ -->\n<title>Les Cadets et Juniors sur le Printemps d&#039;Armorique \u00e0 St Brieuc - Avenir Cycliste Lanester 56<\/title>\n<meta name=\"robots\" content=\"index, follow, max-snippet:-1, max-image-preview:large, max-video-preview:-1\" \/>\n<link rel=\"canonical\" href=\"https:\/\/www.aclanester56.com\/velo\/les-cadets-et-juniors-sur-le-printemps-darmorique-a-st-brieuc\/\" \/>\n<meta property=\"og:locale\" content=\"fr_FR\" \/>\n<meta property=\"og:type\" content=\"article\" \/>\n<meta property=\"og:title\" content=\"Les Cadets et Juniors sur le Printemps d&#039;Armorique \u00e0 St Brieuc - Avenir Cycliste Lanester 56\" \/>\n<meta property=\"og:url\" content=\"https:\/\/www.aclanester56.com\/velo\/les-cadets-et-juniors-sur-le-printemps-darmorique-a-st-brieuc\/\" \/>\n<meta property=\"og:site_name\" content=\"Avenir Cycliste Lanester 56\" \/>\n<meta property=\"article:publisher\" content=\"https:\/\/www.facebook.com\/pages\/AC-Lanester-56\/190286300991242?fref=ts\" \/>\n<meta property=\"article:published_time\" content=\"2012-04-07T17:37:51+00:00\" \/>\n<meta property=\"article:modified_time\" content=\"2013-12-22T11:16:26+00:00\" \/>\n<meta property=\"og:image\" content=\"https:\/\/www.aclanester56.com\/velo\/wp-content\/uploads\/2012\/04\/printemps-darmorique-cadets-2012-redim1024-Copie.jpg\" \/>\n\t<meta property=\"og:image:width\" content=\"650\" \/>\n\t<meta property=\"og:image:height\" content=\"300\" \/>\n\t<meta property=\"og:image:type\" content=\"image\/jpeg\" \/>\n<meta name=\"author\" content=\"Jean-Christophe\" \/>\n<meta name=\"twitter:label1\" content=\"\u00c9crit par\" \/>\n\t<meta name=\"twitter:data1\" content=\"Jean-Christophe\" \/>\n\t<meta name=\"twitter:label2\" content=\"Dur\u00e9e de lecture estim\u00e9e\" \/>\n\t<meta name=\"twitter:data2\" content=\"3 minutes\" \/>\n<script type=\"application\/ld+json\" class=\"yoast-schema-graph\">{\"@context\":\"https:\\\/\\\/schema.org\",\"@graph\":[{\"@type\":\"Article\",\"@id\":\"https:\\\/\\\/www.aclanester56.com\\\/velo\\\/les-cadets-et-juniors-sur-le-printemps-darmorique-a-st-brieuc\\\/#article\",\"isPartOf\":{\"@id\":\"https:\\\/\\\/www.aclanester56.com\\\/velo\\\/les-cadets-et-juniors-sur-le-printemps-darmorique-a-st-brieuc\\\/\"},\"author\":{\"name\":\"Jean-Christophe\",\"@id\":\"https:\\\/\\\/www.aclanester56.com\\\/velo\\\/#\\\/schema\\\/person\\\/ca2a44a5fd969e9dd846c72d3b33bc01\"},\"headline\":\"Les Cadets et Juniors sur le Printemps d&rsquo;Armorique \u00e0 St Brieuc\",\"datePublished\":\"2012-04-07T17:37:51+00:00\",\"dateModified\":\"2013-12-22T11:16:26+00:00\",\"mainEntityOfPage\":{\"@id\":\"https:\\\/\\\/www.aclanester56.com\\\/velo\\\/les-cadets-et-juniors-sur-le-printemps-darmorique-a-st-brieuc\\\/\"},\"wordCount\":553,\"commentCount\":0,\"publisher\":{\"@id\":\"https:\\\/\\\/www.aclanester56.com\\\/velo\\\/#organization\"},\"image\":{\"@id\":\"https:\\\/\\\/www.aclanester56.com\\\/velo\\\/les-cadets-et-juniors-sur-le-printemps-darmorique-a-st-brieuc\\\/#primaryimage\"},\"thumbnailUrl\":\"https:\\\/\\\/www.aclanester56.com\\\/velo\\\/wp-content\\\/uploads\\\/2012\\\/04\\\/printemps-darmorique-cadets-2012-redim1024-Copie.jpg\",\"articleSection\":[\"AC LANESTER 56\"],\"inLanguage\":\"fr-FR\",\"potentialAction\":[{\"@type\":\"CommentAction\",\"name\":\"Comment\",\"target\":[\"https:\\\/\\\/www.aclanester56.com\\\/velo\\\/les-cadets-et-juniors-sur-le-printemps-darmorique-a-st-brieuc\\\/#respond\"]}]},{\"@type\":\"WebPage\",\"@id\":\"https:\\\/\\\/www.aclanester56.com\\\/velo\\\/les-cadets-et-juniors-sur-le-printemps-darmorique-a-st-brieuc\\\/\",\"url\":\"https:\\\/\\\/www.aclanester56.com\\\/velo\\\/les-cadets-et-juniors-sur-le-printemps-darmorique-a-st-brieuc\\\/\",\"name\":\"Les Cadets et Juniors sur le Printemps d'Armorique \u00e0 St Brieuc - Avenir Cycliste Lanester 56\",\"isPartOf\":{\"@id\":\"https:\\\/\\\/www.aclanester56.com\\\/velo\\\/#website\"},\"primaryImageOfPage\":{\"@id\":\"https:\\\/\\\/www.aclanester56.com\\\/velo\\\/les-cadets-et-juniors-sur-le-printemps-darmorique-a-st-brieuc\\\/#primaryimage\"},\"image\":{\"@id\":\"https:\\\/\\\/www.aclanester56.com\\\/velo\\\/les-cadets-et-juniors-sur-le-printemps-darmorique-a-st-brieuc\\\/#primaryimage\"},\"thumbnailUrl\":\"https:\\\/\\\/www.aclanester56.com\\\/velo\\\/wp-content\\\/uploads\\\/2012\\\/04\\\/printemps-darmorique-cadets-2012-redim1024-Copie.jpg\",\"datePublished\":\"2012-04-07T17:37:51+00:00\",\"dateModified\":\"2013-12-22T11:16:26+00:00\",\"inLanguage\":\"fr-FR\",\"potentialAction\":[{\"@type\":\"ReadAction\",\"target\":[\"https:\\\/\\\/www.aclanester56.com\\\/velo\\\/les-cadets-et-juniors-sur-le-printemps-darmorique-a-st-brieuc\\\/\"]}]},{\"@type\":\"ImageObject\",\"inLanguage\":\"fr-FR\",\"@id\":\"https:\\\/\\\/www.aclanester56.com\\\/velo\\\/les-cadets-et-juniors-sur-le-printemps-darmorique-a-st-brieuc\\\/#primaryimage\",\"url\":\"https:\\\/\\\/www.aclanester56.com\\\/velo\\\/wp-content\\\/uploads\\\/2012\\\/04\\\/printemps-darmorique-cadets-2012-redim1024-Copie.jpg\",\"contentUrl\":\"https:\\\/\\\/www.aclanester56.com\\\/velo\\\/wp-content\\\/uploads\\\/2012\\\/04\\\/printemps-darmorique-cadets-2012-redim1024-Copie.jpg\",\"width\":650,\"height\":300},{\"@type\":\"WebSite\",\"@id\":\"https:\\\/\\\/www.aclanester56.com\\\/velo\\\/#website\",\"url\":\"https:\\\/\\\/www.aclanester56.com\\\/velo\\\/\",\"name\":\"Avenir Cycliste Lanester 56\",\"description\":\"Club cycliste de l&#039;AC LANESTER 56\",\"publisher\":{\"@id\":\"https:\\\/\\\/www.aclanester56.com\\\/velo\\\/#organization\"},\"potentialAction\":[{\"@type\":\"SearchAction\",\"target\":{\"@type\":\"EntryPoint\",\"urlTemplate\":\"https:\\\/\\\/www.aclanester56.com\\\/velo\\\/?s={search_term_string}\"},\"query-input\":{\"@type\":\"PropertyValueSpecification\",\"valueRequired\":true,\"valueName\":\"search_term_string\"}}],\"inLanguage\":\"fr-FR\"},{\"@type\":\"Organization\",\"@id\":\"https:\\\/\\\/www.aclanester56.com\\\/velo\\\/#organization\",\"name\":\"Avenir Cycliste Lanester 56\",\"url\":\"https:\\\/\\\/www.aclanester56.com\\\/velo\\\/\",\"logo\":{\"@type\":\"ImageObject\",\"inLanguage\":\"fr-FR\",\"@id\":\"https:\\\/\\\/www.aclanester56.com\\\/velo\\\/#\\\/schema\\\/logo\\\/image\\\/\",\"url\":\"https:\\\/\\\/www.aclanester56.com\\\/velo\\\/wp-content\\\/uploads\\\/2013\\\/04\\\/logo-ACL.jpg\",\"contentUrl\":\"https:\\\/\\\/www.aclanester56.com\\\/velo\\\/wp-content\\\/uploads\\\/2013\\\/04\\\/logo-ACL.jpg\",\"width\":400,\"height\":334,\"caption\":\"Avenir Cycliste Lanester 56\"},\"image\":{\"@id\":\"https:\\\/\\\/www.aclanester56.com\\\/velo\\\/#\\\/schema\\\/logo\\\/image\\\/\"},\"sameAs\":[\"https:\\\/\\\/www.facebook.com\\\/pages\\\/AC-Lanester-56\\\/190286300991242?fref=ts\"]},{\"@type\":\"Person\",\"@id\":\"https:\\\/\\\/www.aclanester56.com\\\/velo\\\/#\\\/schema\\\/person\\\/ca2a44a5fd969e9dd846c72d3b33bc01\",\"name\":\"Jean-Christophe\",\"url\":\"https:\\\/\\\/www.aclanester56.com\\\/velo\\\/author\\\/jeanchristophe\\\/\"}]}<\/script>\n<!-- \/ Yoast SEO plugin. -->","yoast_head_json":{"title":"Les Cadets et Juniors sur le Printemps d'Armorique \u00e0 St Brieuc - Avenir Cycliste Lanester 56","robots":{"index":"index","follow":"follow","max-snippet":"max-snippet:-1","max-image-preview":"max-image-preview:large","max-video-preview":"max-video-preview:-1"},"canonical":"https:\/\/www.aclanester56.com\/velo\/les-cadets-et-juniors-sur-le-printemps-darmorique-a-st-brieuc\/","og_locale":"fr_FR","og_type":"article","og_title":"Les Cadets et Juniors sur le Printemps d'Armorique \u00e0 St Brieuc - Avenir Cycliste Lanester 56","og_url":"https:\/\/www.aclanester56.com\/velo\/les-cadets-et-juniors-sur-le-printemps-darmorique-a-st-brieuc\/","og_site_name":"Avenir Cycliste Lanester 56","article_publisher":"https:\/\/www.facebook.com\/pages\/AC-Lanester-56\/190286300991242?fref=ts","article_published_time":"2012-04-07T17:37:51+00:00","article_modified_time":"2013-12-22T11:16:26+00:00","og_image":[{"width":650,"height":300,"url":"https:\/\/www.aclanester56.com\/velo\/wp-content\/uploads\/2012\/04\/printemps-darmorique-cadets-2012-redim1024-Copie.jpg","type":"image\/jpeg"}],"author":"Jean-Christophe","twitter_misc":{"\u00c9crit par":"Jean-Christophe","Dur\u00e9e de lecture estim\u00e9e":"3 minutes"},"schema":{"@context":"https:\/\/schema.org","@graph":[{"@type":"Article","@id":"https:\/\/www.aclanester56.com\/velo\/les-cadets-et-juniors-sur-le-printemps-darmorique-a-st-brieuc\/#article","isPartOf":{"@id":"https:\/\/www.aclanester56.com\/velo\/les-cadets-et-juniors-sur-le-printemps-darmorique-a-st-brieuc\/"},"author":{"name":"Jean-Christophe","@id":"https:\/\/www.aclanester56.com\/velo\/#\/schema\/person\/ca2a44a5fd969e9dd846c72d3b33bc01"},"headline":"Les Cadets et Juniors sur le Printemps d&rsquo;Armorique \u00e0 St Brieuc","datePublished":"2012-04-07T17:37:51+00:00","dateModified":"2013-12-22T11:16:26+00:00","mainEntityOfPage":{"@id":"https:\/\/www.aclanester56.com\/velo\/les-cadets-et-juniors-sur-le-printemps-darmorique-a-st-brieuc\/"},"wordCount":553,"commentCount":0,"publisher":{"@id":"https:\/\/www.aclanester56.com\/velo\/#organization"},"image":{"@id":"https:\/\/www.aclanester56.com\/velo\/les-cadets-et-juniors-sur-le-printemps-darmorique-a-st-brieuc\/#primaryimage"},"thumbnailUrl":"https:\/\/www.aclanester56.com\/velo\/wp-content\/uploads\/2012\/04\/printemps-darmorique-cadets-2012-redim1024-Copie.jpg","articleSection":["AC LANESTER 56"],"inLanguage":"fr-FR","potentialAction":[{"@type":"CommentAction","name":"Comment","target":["https:\/\/www.aclanester56.com\/velo\/les-cadets-et-juniors-sur-le-printemps-darmorique-a-st-brieuc\/#respond"]}]},{"@type":"WebPage","@id":"https:\/\/www.aclanester56.com\/velo\/les-cadets-et-juniors-sur-le-printemps-darmorique-a-st-brieuc\/","url":"https:\/\/www.aclanester56.com\/velo\/les-cadets-et-juniors-sur-le-printemps-darmorique-a-st-brieuc\/","name":"Les Cadets et Juniors sur le Printemps d'Armorique \u00e0 St Brieuc - Avenir Cycliste Lanester 56","isPartOf":{"@id":"https:\/\/www.aclanester56.com\/velo\/#website"},"primaryImageOfPage":{"@id":"https:\/\/www.aclanester56.com\/velo\/les-cadets-et-juniors-sur-le-printemps-darmorique-a-st-brieuc\/#primaryimage"},"image":{"@id":"https:\/\/www.aclanester56.com\/velo\/les-cadets-et-juniors-sur-le-printemps-darmorique-a-st-brieuc\/#primaryimage"},"thumbnailUrl":"https:\/\/www.aclanester56.com\/velo\/wp-content\/uploads\/2012\/04\/printemps-darmorique-cadets-2012-redim1024-Copie.jpg","datePublished":"2012-04-07T17:37:51+00:00","dateModified":"2013-12-22T11:16:26+00:00","inLanguage":"fr-FR","potentialAction":[{"@type":"ReadAction","target":["https:\/\/www.aclanester56.com\/velo\/les-cadets-et-juniors-sur-le-printemps-darmorique-a-st-brieuc\/"]}]},{"@type":"ImageObject","inLanguage":"fr-FR","@id":"https:\/\/www.aclanester56.com\/velo\/les-cadets-et-juniors-sur-le-printemps-darmorique-a-st-brieuc\/#primaryimage","url":"https:\/\/www.aclanester56.com\/velo\/wp-content\/uploads\/2012\/04\/printemps-darmorique-cadets-2012-redim1024-Copie.jpg","contentUrl":"https:\/\/www.aclanester56.com\/velo\/wp-content\/uploads\/2012\/04\/printemps-darmorique-cadets-2012-redim1024-Copie.jpg","width":650,"height":300},{"@type":"WebSite","@id":"https:\/\/www.aclanester56.com\/velo\/#website","url":"https:\/\/www.aclanester56.com\/velo\/","name":"Avenir Cycliste Lanester 56","description":"Club cycliste de l&#039;AC LANESTER 56","publisher":{"@id":"https:\/\/www.aclanester56.com\/velo\/#organization"},"potentialAction":[{"@type":"SearchAction","target":{"@type":"EntryPoint","urlTemplate":"https:\/\/www.aclanester56.com\/velo\/?s={search_term_string}"},"query-input":{"@type":"PropertyValueSpecification","valueRequired":true,"valueName":"search_term_string"}}],"inLanguage":"fr-FR"},{"@type":"Organization","@id":"https:\/\/www.aclanester56.com\/velo\/#organization","name":"Avenir Cycliste Lanester 56","url":"https:\/\/www.aclanester56.com\/velo\/","logo":{"@type":"ImageObject","inLanguage":"fr-FR","@id":"https:\/\/www.aclanester56.com\/velo\/#\/schema\/logo\/image\/","url":"https:\/\/www.aclanester56.com\/velo\/wp-content\/uploads\/2013\/04\/logo-ACL.jpg","contentUrl":"https:\/\/www.aclanester56.com\/velo\/wp-content\/uploads\/2013\/04\/logo-ACL.jpg","width":400,"height":334,"caption":"Avenir Cycliste Lanester 56"},"image":{"@id":"https:\/\/www.aclanester56.com\/velo\/#\/schema\/logo\/image\/"},"sameAs":["https:\/\/www.facebook.com\/pages\/AC-Lanester-56\/190286300991242?fref=ts"]},{"@type":"Person","@id":"https:\/\/www.aclanester56.com\/velo\/#\/schema\/person\/ca2a44a5fd969e9dd846c72d3b33bc01","name":"Jean-Christophe","url":"https:\/\/www.aclanester56.com\/velo\/author\/jeanchristophe\/"}]}},"_links":{"self":[{"href":"https:\/\/www.aclanester56.com\/velo\/wp-json\/wp\/v2\/posts\/11247","targetHints":{"allow":["GET"]}}],"collection":[{"href":"https:\/\/www.aclanester56.com\/velo\/wp-json\/wp\/v2\/posts"}],"about":[{"href":"https:\/\/www.aclanester56.com\/velo\/wp-json\/wp\/v2\/types\/post"}],"author":[{"embeddable":true,"href":"https:\/\/www.aclanester56.com\/velo\/wp-json\/wp\/v2\/users\/14"}],"replies":[{"embeddable":true,"href":"https:\/\/www.aclanester56.com\/velo\/wp-json\/wp\/v2\/comments?post=11247"}],"version-history":[{"count":0,"href":"https:\/\/www.aclanester56.com\/velo\/wp-json\/wp\/v2\/posts\/11247\/revisions"}],"wp:featuredmedia":[{"embeddable":true,"href":"https:\/\/www.aclanester56.com\/velo\/wp-json\/wp\/v2\/media\/11253"}],"wp:attachment":[{"href":"https:\/\/www.aclanester56.com\/velo\/wp-json\/wp\/v2\/media?parent=11247"}],"wp:term":[{"taxonomy":"category","embeddable":true,"href":"https:\/\/www.aclanester56.com\/velo\/wp-json\/wp\/v2\/categories?post=11247"},{"taxonomy":"post_tag","embeddable":true,"href":"https:\/\/www.aclanester56.com\/velo\/wp-json\/wp\/v2\/tags?post=11247"}],"curies":[{"name":"wp","href":"https:\/\/api.w.org\/{rel}","templated":true}]}}