{"id":11260,"date":"2012-04-13T21:48:38","date_gmt":"2012-04-13T20:48:38","guid":{"rendered":"http:\/\/www.aclanester56.com\/velo\/?p=11260"},"modified":"2013-12-22T13:15:29","modified_gmt":"2013-12-22T11:15:29","slug":"presentation-de-la-1ere-etape-du-tro-div-ster-2012-silfiac-erdeven","status":"publish","type":"post","link":"https:\/\/www.aclanester56.com\/velo\/presentation-de-la-1ere-etape-du-tro-div-ster-2012-silfiac-erdeven\/","title":{"rendered":"Pr\u00e9sentation de la 1\u00e8re \u00e9tape du Tro Div Ster 2012 : Silfiac &#8211; Erdeven"},"content":{"rendered":"<p style=\"text-align: justify;\"><!--more--><\/p>\n<p style=\"text-align: justify;\">Le Grand D\u00e9part du 13\u00e8me TRO DIV STER sera donn\u00e9 le samedi 19 mai 2012 \u00e0 SILFIAC. La premi\u00e8re \u00e9tape m\u00e8nera la caravane et le peloton de la course par \u00e9tapes organis\u00e9e par l&rsquo;AC LANESTER 56 et ouverte aux coureurs de 1\u00e8re, 2\u00e8me, 3\u00e8me Cat et Juniors jusqu&rsquo;\u00e0 ERDEVEN.<\/p>\n<p style=\"text-align: justify;\">D\u00e9couvrez ci-dessous le parcours d\u00e9taill\u00e9 de cette premi\u00e8re \u00e9tape du TRO DIV STER 2012, avec en prime l&rsquo;analyse de J\u00e9r\u00f4me LE CALVE, qui est l&rsquo;auteur de ce joli trac\u00e9 !<\/p>\n<p>&nbsp;<\/p>\n<p>&nbsp;<\/p>\n<div id=\"attachment_11422\" style=\"width: 410px\" class=\"wp-caption alignright\"><a href=\"http:\/\/www.aclanester56.com\/velo\/wp-content\/uploads\/2012\/04\/TDS2011_0105.jpg\"><img loading=\"lazy\" decoding=\"async\" aria-describedby=\"caption-attachment-11422\" class=\"size-full wp-image-11422\" title=\"J\u00e9rome Le Calv\u00e9 (ici \u00e0 l'arri\u00e8re de la moto s\u00e9curit\u00e9 MAS 56 l'an pass\u00e9 au d\u00e9part d'Erdeven), qui a trac\u00e9 le parcours du Tro Div Ster 2012, nous livre les \u00e9l\u00e9ments cl\u00e9s de la 1\u00e8re \u00e9tape qui se d\u00e9roulera entre Silfiac et Erdeven (photo Michel Le Douairon)\" alt=\"\" src=\"http:\/\/www.aclanester56.com\/velo\/wp-content\/uploads\/2012\/04\/TDS2011_0105.jpg\" width=\"400\" height=\"266\" srcset=\"https:\/\/www.aclanester56.com\/velo\/wp-content\/uploads\/2012\/04\/TDS2011_0105.jpg 800w, https:\/\/www.aclanester56.com\/velo\/wp-content\/uploads\/2012\/04\/TDS2011_0105-300x199.jpg 300w, https:\/\/www.aclanester56.com\/velo\/wp-content\/uploads\/2012\/04\/TDS2011_0105-450x300.jpg 450w\" sizes=\"auto, (max-width: 400px) 100vw, 400px\" \/><\/a><p id=\"caption-attachment-11422\" class=\"wp-caption-text\">J\u00e9rome Le Calv\u00e9 (ici \u00e0 l&rsquo;arri\u00e8re de la moto s\u00e9curit\u00e9 MAS 56 l&rsquo;an pass\u00e9 au d\u00e9part d&rsquo;Erdeven), qui a trac\u00e9 le parcours du Tro Div Ster 2012, nous livre les \u00e9l\u00e9ments cl\u00e9s de la 1\u00e8re \u00e9tape qui se d\u00e9roulera entre Silfiac et Erdeven (photo Michel Le Douairon)<\/p><\/div>\n<p style=\"text-align: justify;\"><span style=\"color: #ff6600;\"><strong>L&rsquo;analyse de J\u00e9r\u00f4me Le Calv\u00e9 sur cette 1\u00e8re \u00e9tape<\/strong><\/span><\/p>\n<p style=\"text-align: justify;\"><em>\u00ab\u00a0139,8 kms, c&rsquo;est l&rsquo;\u00e9tape la plus longue jamais vue sur un TRO DIV STER ! Cette \u00e9tape traverse le Morbihan du Nord au Sud, de SILFIAC, commune la plus haute du morbihan avec ses 270m d&rsquo;altitude, \u00e0 ERDEVEN, sur fond de mer.<\/em><\/p>\n<p style=\"text-align: justify;\"><em>Les coureurs partiront donc de SILFIAC, commune de l&rsquo;\u00e9co-construction, et auront fort \u00e0 faire pour b\u00e2tir leur victoire si le vent s&rsquo;invite &#8230; Car malgr\u00e9 les nombreuses difficult\u00e9s, je pense que le vent jouera un r\u00f4le capital : attention aux bordures !<\/em><\/p>\n<p style=\"text-align: justify;\"><em>Les difficult\u00e9s, parlons-en : la mont\u00e9e vers Malgu\u00e9nac, la tr\u00e8s longue ascension \u00e0 la sortie de Melrand en direction de Quistinic, l&rsquo;ascension de Pont-Augan vers Languidic &#8230; et si aucune s\u00e9lection n&rsquo;est encore op\u00e9r\u00e9e, gare aux rouleurs qui pourront entrer en action sur un final particuli\u00e8rement roulant via Landaul, Locoal-Mendon et l&rsquo;arriv\u00e9e sur ERDEVEN.<\/em><\/p>\n<p style=\"text-align: justify;\"><em>Les coureurs trouveront sur ERDEVEN un circuit taill\u00e9 pour les sprinteurs mais attention ! de nombreux kilom\u00e8tres seront d\u00e9j\u00e0 pass\u00e9s !\u00a0\u00bb<\/em><\/p>\n<p style=\"text-align: justify;\"><span style=\"color: #ff6600;\"><strong>Le Grand D\u00e9part \u00e0 Silfiac !<\/strong><\/span><\/p>\n<p style=\"text-align: justify;\">C&rsquo;est la commune de SILFIAC qui accueillera samedi 19 mai 2012 le Grand D\u00e9part de la 13\u00e8me \u00e9dition du TRO DIV STER ! En plus de la permanence de l&rsquo;\u00e9preuve et de la pr\u00e9sentation des \u00e9quipes, les coureurs r\u00e9aliseront 2 tours de 8.6 Km autour de la petite commune voisine de Cl\u00e9gu\u00e9rec.<\/p>\n<div id=\"attachment_11307\" style=\"width: 340px\" class=\"wp-caption alignright\"><a href=\"http:\/\/www.aclanester56.com\/velo\/wp-content\/uploads\/2012\/04\/circuit-silfiac-800x564.png\"><img loading=\"lazy\" decoding=\"async\" aria-describedby=\"caption-attachment-11307\" class=\"size-large wp-image-11307\" title=\"Relief du circuit de Silfiac (8,6 Km x 2 tours)\" alt=\"\" src=\"http:\/\/www.aclanester56.com\/velo\/wp-content\/uploads\/2012\/04\/circuit-silfiac-800x564.png\" width=\"330\" height=\"233\" srcset=\"https:\/\/www.aclanester56.com\/velo\/wp-content\/uploads\/2012\/04\/circuit-silfiac-800x564.png 800w, https:\/\/www.aclanester56.com\/velo\/wp-content\/uploads\/2012\/04\/circuit-silfiac-300x211.png 300w, https:\/\/www.aclanester56.com\/velo\/wp-content\/uploads\/2012\/04\/circuit-silfiac-425x300.png 425w, https:\/\/www.aclanester56.com\/velo\/wp-content\/uploads\/2012\/04\/circuit-silfiac.png 850w\" sizes=\"auto, (max-width: 330px) 100vw, 330px\" \/><\/a><p id=\"caption-attachment-11307\" class=\"wp-caption-text\">Relief du circuit de Silfiac (8,6 Km x 2 tours)<\/p><\/div>\n<p style=\"text-align: left;\"><iframe loading=\"lazy\" src=\"http:\/\/maps.google.fr\/maps?saddr=Rue+du+R%C3%A9sistant+P.+le+Bourlay&amp;daddr=48.1434522,-3.1589873+to:Rue+du+R%C3%A9sistant+P.+le+Bourlay&amp;hl=fr&amp;ie=UTF8&amp;sll=48.146022,-3.153916&amp;sspn=0.007066,0.01605&amp;geocode=FYeu3gIdcdXP_w%3BFVyc3gIdNczP_yndKnzv8LYRSDGQ3fkezaUMEw%3BFWin3gIdnt3P_w&amp;mra=dme&amp;mrsp=2&amp;sz=17&amp;via=1&amp;t=m&amp;ll=48.139058,-3.163204&amp;spn=0.040094,0.072956&amp;z=13&amp;output=embed\" height=\"271\" width=\"330\" frameborder=\"0\" marginwidth=\"1\" marginheight=\"1\" scrolling=\"no\"><\/iframe><br \/> <small><a style=\"color: #0000ff; text-align: left;\" href=\"http:\/\/maps.google.fr\/maps?saddr=Rue+du+R%C3%A9sistant+P.+le+Bourlay&amp;daddr=48.1434522,-3.1589873+to:Rue+du+R%C3%A9sistant+P.+le+Bourlay&amp;hl=fr&amp;ie=UTF8&amp;sll=48.146022,-3.153916&amp;sspn=0.007066,0.01605&amp;geocode=FYeu3gIdcdXP_w%3BFVyc3gIdNczP_yndKnzv8LYRSDGQ3fkezaUMEw%3BFWin3gIdnt3P_w&amp;mra=dme&amp;mrsp=2&amp;sz=17&amp;via=1&amp;t=m&amp;ll=48.139058,-3.163204&amp;spn=0.040094,0.072956&amp;z=13&amp;source=embed\">Agrandir le plan<\/a><\/small><\/p>\n<p style=\"text-align: justify;\"><span style=\"color: #ff6600;\"><strong>Le parcours en ligne !<\/strong><\/span><\/p>\n<p style=\"text-align: justify;\">Apr\u00e8s les tours de circuit \u00e0 SILFIAC, la caravane et le peloton du TRO DIV STER prendront la direction d&rsquo;ERDEVEN, sur la c\u00f4te Atlantique, en passant notamment par les localit\u00e9s de Guern, Melrand, Bubry et Languidic.<\/p>\n<div id=\"attachment_11346\" style=\"width: 340px\" class=\"wp-caption alignright\"><a href=\"http:\/\/www.aclanester56.com\/velo\/wp-content\/uploads\/2012\/04\/silfiac-erdeven-800x564.png\"><img loading=\"lazy\" decoding=\"async\" aria-describedby=\"caption-attachment-11346\" class=\"size-large wp-image-11346\" title=\"Relief de la course en ligne entre Silfiac et Erdeven\" alt=\"\" src=\"http:\/\/www.aclanester56.com\/velo\/wp-content\/uploads\/2012\/04\/silfiac-erdeven-800x564.png\" width=\"330\" height=\"233\" srcset=\"https:\/\/www.aclanester56.com\/velo\/wp-content\/uploads\/2012\/04\/silfiac-erdeven-800x564.png 800w, https:\/\/www.aclanester56.com\/velo\/wp-content\/uploads\/2012\/04\/silfiac-erdeven-300x211.png 300w, https:\/\/www.aclanester56.com\/velo\/wp-content\/uploads\/2012\/04\/silfiac-erdeven-425x300.png 425w, https:\/\/www.aclanester56.com\/velo\/wp-content\/uploads\/2012\/04\/silfiac-erdeven.png 850w\" sizes=\"auto, (max-width: 330px) 100vw, 330px\" \/><\/a><p id=\"caption-attachment-11346\" class=\"wp-caption-text\">Relief de la course en ligne entre Silfiac et Erdeven<\/p><\/div>\n<p><iframe loading=\"lazy\" src=\"http:\/\/maps.google.fr\/maps?saddr=Silfiac&amp;daddr=48.07842,-3.05325+to:47.99727,-3.09833+to:47.95511,-3.12141+to:47.8327,-3.15276+to:47.83092,-3.15468+to:47.802678,-3.076499+to:47.790036,-3.056928+to:47.7703762,-3.0498119+to:47.76804,-3.03933+to:47.66862,-3.11919+to:erdeven&amp;hl=fr&amp;sll=47.931066,-3.054886&amp;sspn=0.175056,0.308647&amp;geocode=FW6x3gIdltHP_ym93WCU57YRSDHwuuI2zaUMBA%3BFVSe3QIdPmnR_yld-Ojh_8oRSDG1XCjAt6pdlw%3BFVZh3AIdJrnQ_yn_p5sNfUoQSDEVavstgfWTlg%3BFaa82wId_l7Q_ylFsfwYh0kQSDFAY9UhzaUMEw%3BFXze2QIdiOTP_ykdLv4FhEYQSDFQvaEezaUMEw%3BFYjX2QIdCN3P_ykROHB6g0YQSDG51P1slVkRCQ%3BFTZp2QIdbQ7R_ymdVtlVTEcQSDHQMkokzaUMEw%3BFdQ32QId4FrR_yntVWDTWj8QSDFRmughzaUMEw%3BFQjr2AIdrXbR_ymbWZFWcD8QSDFADYAezaUMEw%3BFejh2AIdnp_R_ykP3NGeDD8QSDFgC4AezaUMEw%3BFYxd1wIdqmfQ_ykjGzRpx2sQSDHxCm0kzaUMEw%3BFa301gIdDdbP_ykjewzBsm4QSDEG6ZGhj6cvkg&amp;mra=dpe&amp;mrsp=3&amp;sz=12&amp;via=1,2,3,4,5,6,7,8,9,10&amp;t=m&amp;ie=UTF8&amp;ll=47.892406,-3.040466&amp;spn=0.644579,1.167297&amp;z=9&amp;output=embed\" height=\"271\" width=\"330\" frameborder=\"0\" marginwidth=\"0\" marginheight=\"0\" scrolling=\"no\"><\/iframe><br \/><small><a style=\"color: #0000ff; text-align: left;\" href=\"http:\/\/maps.google.fr\/maps?saddr=Silfiac&amp;daddr=48.07842,-3.05325+to:47.99727,-3.09833+to:47.95511,-3.12141+to:47.8327,-3.15276+to:47.83092,-3.15468+to:47.802678,-3.076499+to:47.790036,-3.056928+to:47.7703762,-3.0498119+to:47.76804,-3.03933+to:47.66862,-3.11919+to:erdeven&amp;hl=fr&amp;sll=47.931066,-3.054886&amp;sspn=0.175056,0.308647&amp;geocode=FW6x3gIdltHP_ym93WCU57YRSDHwuuI2zaUMBA%3BFVSe3QIdPmnR_yld-Ojh_8oRSDG1XCjAt6pdlw%3BFVZh3AIdJrnQ_yn_p5sNfUoQSDEVavstgfWTlg%3BFaa82wId_l7Q_ylFsfwYh0kQSDFAY9UhzaUMEw%3BFXze2QIdiOTP_ykdLv4FhEYQSDFQvaEezaUMEw%3BFYjX2QIdCN3P_ykROHB6g0YQSDG51P1slVkRCQ%3BFTZp2QIdbQ7R_ymdVtlVTEcQSDHQMkokzaUMEw%3BFdQ32QId4FrR_yntVWDTWj8QSDFRmughzaUMEw%3BFQjr2AIdrXbR_ymbWZFWcD8QSDFADYAezaUMEw%3BFejh2AIdnp_R_ykP3NGeDD8QSDFgC4AezaUMEw%3BFYxd1wIdqmfQ_ykjGzRpx2sQSDHxCm0kzaUMEw%3BFa301gIdDdbP_ykjewzBsm4QSDEG6ZGhj6cvkg&amp;mra=dpe&amp;mrsp=3&amp;sz=12&amp;via=1,2,3,4,5,6,7,8,9,10&amp;t=m&amp;ie=UTF8&amp;ll=47.892406,-3.040466&amp;spn=0.644579,1.167297&amp;z=9&amp;source=embed\">Agrandir le plan<\/a><\/small><\/p>\n<p style=\"text-align: justify;\"><span style=\"color: #ff6600;\"><strong>Une superbe arriv\u00e9e \u00e0 Erdeven !<\/strong><\/span><\/p>\n<p style=\"text-align: justify;\">Apr\u00e8s avoir accueilli l&rsquo;an pass\u00e9 le d\u00e9part de la 3\u00e8me \u00e9tape du TRO DIV STER, la commune d&rsquo;ERDEVEN re\u00e7oit cette ann\u00e9e l&rsquo;arriv\u00e9e de la 1\u00e8re \u00e9tape ! Depuis le d\u00e9part de SILFIAC, les coureurs auront d\u00e9j\u00e0 101 Km dans les jambes en arrivant dans la station baln\u00e9aire et termineront par 6 tours de 7.6 Km autour d&rsquo;ERDEVEN.<\/p>\n<div id=\"attachment_11350\" style=\"width: 340px\" class=\"wp-caption alignright\"><a href=\"http:\/\/www.aclanester56.com\/velo\/wp-content\/uploads\/2012\/04\/circuit-erdeven-800x564.png\"><img loading=\"lazy\" decoding=\"async\" aria-describedby=\"caption-attachment-11350\" class=\"size-large wp-image-11350\" title=\"Relief du circuit final d'Erdeven ( 7.6 Km x 6 tours)\" alt=\"\" src=\"http:\/\/www.aclanester56.com\/velo\/wp-content\/uploads\/2012\/04\/circuit-erdeven-800x564.png\" width=\"330\" height=\"233\" srcset=\"https:\/\/www.aclanester56.com\/velo\/wp-content\/uploads\/2012\/04\/circuit-erdeven-800x564.png 800w, https:\/\/www.aclanester56.com\/velo\/wp-content\/uploads\/2012\/04\/circuit-erdeven-300x211.png 300w, https:\/\/www.aclanester56.com\/velo\/wp-content\/uploads\/2012\/04\/circuit-erdeven-425x300.png 425w, https:\/\/www.aclanester56.com\/velo\/wp-content\/uploads\/2012\/04\/circuit-erdeven.png 850w\" sizes=\"auto, (max-width: 330px) 100vw, 330px\" \/><\/a><p id=\"caption-attachment-11350\" class=\"wp-caption-text\">Relief du circuit final d&rsquo;Erdeven ( 7.6 Km x 6 tours)<\/p><\/div>\n<p><iframe loading=\"lazy\" src=\"http:\/\/maps.google.fr\/maps?saddr=Pl.+de+la+Mairie&amp;daddr=47.6399972,-3.1600427+to:47.645649,-3.1936525+to:47.6442121,-3.1620109+to:Rue+de+la+Mairie&amp;hl=fr&amp;sll=47.64221,-3.154664&amp;sspn=0.006636,0.015846&amp;geocode=FX7z1gIdENXP_w%3BFb3t1gIdFsjP_ylPnWeQym4QSDGBWVcezaUMEw%3BFdED1wIdzETP_ynfzDMB0mgQSDHKtx3n4cXOSQ%3BFTT-1gIdZsDP_ylpzqx_NWkQSDEQ6OwhzaUMEw%3BFYz01gIdJNXP_w&amp;mra=dme&amp;mrsp=4&amp;sz=17&amp;via=1,2,3&amp;t=m&amp;ie=UTF8&amp;ll=47.643302,-3.174706&amp;spn=0.04048,0.072956&amp;z=13&amp;output=embed\" height=\"271\" width=\"330\" frameborder=\"0\" marginwidth=\"0\" marginheight=\"0\" scrolling=\"no\"><\/iframe><br \/><small><a style=\"color: #0000ff; text-align: left;\" href=\"http:\/\/maps.google.fr\/maps?saddr=Pl.+de+la+Mairie&amp;daddr=47.6399972,-3.1600427+to:47.645649,-3.1936525+to:47.6442121,-3.1620109+to:Rue+de+la+Mairie&amp;hl=fr&amp;sll=47.64221,-3.154664&amp;sspn=0.006636,0.015846&amp;geocode=FX7z1gIdENXP_w%3BFb3t1gIdFsjP_ylPnWeQym4QSDGBWVcezaUMEw%3BFdED1wIdzETP_ynfzDMB0mgQSDHKtx3n4cXOSQ%3BFTT-1gIdZsDP_ylpzqx_NWkQSDEQ6OwhzaUMEw%3BFYz01gIdJNXP_w&amp;mra=dme&amp;mrsp=4&amp;sz=17&amp;via=1,2,3&amp;t=m&amp;ie=UTF8&amp;ll=47.643302,-3.174706&amp;spn=0.04048,0.072956&amp;z=13&amp;source=embed\">Agrandir le plan<\/a><\/small><\/p>\n<p style=\"text-align: justify;\"><span style=\"color: #ff6600;\"><strong>Le parcours anim\u00e9 en vid\u00e9o !<\/strong><\/span><\/p>\n<p style=\"text-align: justify;\">Nous vous proposons de d\u00e9couvrir ci-dessous les parcours anim\u00e9s en vid\u00e9o du circuit de d\u00e9part \u00e0 SILFIAC, du parcours en ligne, ainsi que du circuit final \u00e0 ERDEVEN !<\/p>\n<p style=\"text-align: center;\"><iframe loading=\"lazy\" src=\"http:\/\/www.youtube.com\/embed\/d7ITnEICypA\" height=\"315\" width=\"420\" allowfullscreen=\"\" frameborder=\"0\"><\/iframe><\/p>\n<p style=\"text-align: center;\"><iframe loading=\"lazy\" src=\"http:\/\/www.youtube.com\/embed\/gxhijlvkS1c\" height=\"315\" width=\"420\" allowfullscreen=\"\" frameborder=\"0\"><\/iframe><\/p>\n<p style=\"text-align: center;\"><iframe loading=\"lazy\" src=\"http:\/\/www.youtube.com\/embed\/rkHsLvYVEPc\" height=\"315\" width=\"560\" allowfullscreen=\"\" frameborder=\"0\"><\/iframe><\/p>\n<p>&nbsp;<\/p>\n","protected":false},"excerpt":{"rendered":"","protected":false},"author":14,"featured_media":11410,"comment_status":"open","ping_status":"closed","sticky":false,"template":"","format":"standard","meta":{"ngg_post_thumbnail":0,"footnotes":""},"categories":[5,8,7],"tags":[],"class_list":["post-11260","post","type-post","status-publish","format-standard","has-post-thumbnail","hentry","category-ac-lanester-56","category-tro-div-ster","category-organisations"],"yoast_head":"<!-- This site is optimized with the Yoast SEO plugin v27.5 - https:\/\/yoast.com\/product\/yoast-seo-wordpress\/ -->\n<title>Pr\u00e9sentation de la 1\u00e8re \u00e9tape du Tro Div Ster 2012 : Silfiac - Erdeven - Avenir Cycliste Lanester 56<\/title>\n<meta name=\"robots\" content=\"index, follow, max-snippet:-1, max-image-preview:large, max-video-preview:-1\" \/>\n<link rel=\"canonical\" href=\"https:\/\/www.aclanester56.com\/velo\/presentation-de-la-1ere-etape-du-tro-div-ster-2012-silfiac-erdeven\/\" \/>\n<meta property=\"og:locale\" content=\"fr_FR\" \/>\n<meta property=\"og:type\" content=\"article\" \/>\n<meta property=\"og:title\" content=\"Pr\u00e9sentation de la 1\u00e8re \u00e9tape du Tro Div Ster 2012 : Silfiac - Erdeven - Avenir Cycliste Lanester 56\" \/>\n<meta property=\"og:url\" content=\"https:\/\/www.aclanester56.com\/velo\/presentation-de-la-1ere-etape-du-tro-div-ster-2012-silfiac-erdeven\/\" \/>\n<meta property=\"og:site_name\" content=\"Avenir Cycliste Lanester 56\" \/>\n<meta property=\"article:publisher\" content=\"https:\/\/www.facebook.com\/pages\/AC-Lanester-56\/190286300991242?fref=ts\" \/>\n<meta property=\"article:published_time\" content=\"2012-04-13T20:48:38+00:00\" \/>\n<meta property=\"article:modified_time\" content=\"2013-12-22T11:15:29+00:00\" \/>\n<meta property=\"og:image\" content=\"https:\/\/www.aclanester56.com\/velo\/wp-content\/uploads\/2012\/04\/TDS2011_0018-Copie.jpg\" \/>\n\t<meta property=\"og:image:width\" content=\"650\" \/>\n\t<meta property=\"og:image:height\" content=\"300\" \/>\n\t<meta property=\"og:image:type\" content=\"image\/jpeg\" \/>\n<meta name=\"author\" content=\"Jean-Christophe\" \/>\n<meta name=\"twitter:label1\" content=\"\u00c9crit par\" \/>\n\t<meta name=\"twitter:data1\" content=\"Jean-Christophe\" \/>\n\t<meta name=\"twitter:label2\" content=\"Dur\u00e9e de lecture estim\u00e9e\" \/>\n\t<meta name=\"twitter:data2\" content=\"3 minutes\" \/>\n<script type=\"application\/ld+json\" class=\"yoast-schema-graph\">{\"@context\":\"https:\\\/\\\/schema.org\",\"@graph\":[{\"@type\":\"Article\",\"@id\":\"https:\\\/\\\/www.aclanester56.com\\\/velo\\\/presentation-de-la-1ere-etape-du-tro-div-ster-2012-silfiac-erdeven\\\/#article\",\"isPartOf\":{\"@id\":\"https:\\\/\\\/www.aclanester56.com\\\/velo\\\/presentation-de-la-1ere-etape-du-tro-div-ster-2012-silfiac-erdeven\\\/\"},\"author\":{\"name\":\"Jean-Christophe\",\"@id\":\"https:\\\/\\\/www.aclanester56.com\\\/velo\\\/#\\\/schema\\\/person\\\/ca2a44a5fd969e9dd846c72d3b33bc01\"},\"headline\":\"Pr\u00e9sentation de la 1\u00e8re \u00e9tape du Tro Div Ster 2012 : Silfiac &#8211; Erdeven\",\"datePublished\":\"2012-04-13T20:48:38+00:00\",\"dateModified\":\"2013-12-22T11:15:29+00:00\",\"mainEntityOfPage\":{\"@id\":\"https:\\\/\\\/www.aclanester56.com\\\/velo\\\/presentation-de-la-1ere-etape-du-tro-div-ster-2012-silfiac-erdeven\\\/\"},\"wordCount\":589,\"commentCount\":0,\"publisher\":{\"@id\":\"https:\\\/\\\/www.aclanester56.com\\\/velo\\\/#organization\"},\"image\":{\"@id\":\"https:\\\/\\\/www.aclanester56.com\\\/velo\\\/presentation-de-la-1ere-etape-du-tro-div-ster-2012-silfiac-erdeven\\\/#primaryimage\"},\"thumbnailUrl\":\"https:\\\/\\\/www.aclanester56.com\\\/velo\\\/wp-content\\\/uploads\\\/2012\\\/04\\\/TDS2011_0018-Copie.jpg\",\"articleSection\":[\"AC LANESTER 56\",\"Le Tro Div Ster\",\"Les organisations\"],\"inLanguage\":\"fr-FR\",\"potentialAction\":[{\"@type\":\"CommentAction\",\"name\":\"Comment\",\"target\":[\"https:\\\/\\\/www.aclanester56.com\\\/velo\\\/presentation-de-la-1ere-etape-du-tro-div-ster-2012-silfiac-erdeven\\\/#respond\"]}]},{\"@type\":\"WebPage\",\"@id\":\"https:\\\/\\\/www.aclanester56.com\\\/velo\\\/presentation-de-la-1ere-etape-du-tro-div-ster-2012-silfiac-erdeven\\\/\",\"url\":\"https:\\\/\\\/www.aclanester56.com\\\/velo\\\/presentation-de-la-1ere-etape-du-tro-div-ster-2012-silfiac-erdeven\\\/\",\"name\":\"Pr\u00e9sentation de la 1\u00e8re \u00e9tape du Tro Div Ster 2012 : Silfiac - Erdeven - Avenir Cycliste Lanester 56\",\"isPartOf\":{\"@id\":\"https:\\\/\\\/www.aclanester56.com\\\/velo\\\/#website\"},\"primaryImageOfPage\":{\"@id\":\"https:\\\/\\\/www.aclanester56.com\\\/velo\\\/presentation-de-la-1ere-etape-du-tro-div-ster-2012-silfiac-erdeven\\\/#primaryimage\"},\"image\":{\"@id\":\"https:\\\/\\\/www.aclanester56.com\\\/velo\\\/presentation-de-la-1ere-etape-du-tro-div-ster-2012-silfiac-erdeven\\\/#primaryimage\"},\"thumbnailUrl\":\"https:\\\/\\\/www.aclanester56.com\\\/velo\\\/wp-content\\\/uploads\\\/2012\\\/04\\\/TDS2011_0018-Copie.jpg\",\"datePublished\":\"2012-04-13T20:48:38+00:00\",\"dateModified\":\"2013-12-22T11:15:29+00:00\",\"inLanguage\":\"fr-FR\",\"potentialAction\":[{\"@type\":\"ReadAction\",\"target\":[\"https:\\\/\\\/www.aclanester56.com\\\/velo\\\/presentation-de-la-1ere-etape-du-tro-div-ster-2012-silfiac-erdeven\\\/\"]}]},{\"@type\":\"ImageObject\",\"inLanguage\":\"fr-FR\",\"@id\":\"https:\\\/\\\/www.aclanester56.com\\\/velo\\\/presentation-de-la-1ere-etape-du-tro-div-ster-2012-silfiac-erdeven\\\/#primaryimage\",\"url\":\"https:\\\/\\\/www.aclanester56.com\\\/velo\\\/wp-content\\\/uploads\\\/2012\\\/04\\\/TDS2011_0018-Copie.jpg\",\"contentUrl\":\"https:\\\/\\\/www.aclanester56.com\\\/velo\\\/wp-content\\\/uploads\\\/2012\\\/04\\\/TDS2011_0018-Copie.jpg\",\"width\":650,\"height\":300},{\"@type\":\"WebSite\",\"@id\":\"https:\\\/\\\/www.aclanester56.com\\\/velo\\\/#website\",\"url\":\"https:\\\/\\\/www.aclanester56.com\\\/velo\\\/\",\"name\":\"Avenir Cycliste Lanester 56\",\"description\":\"Club cycliste de l&#039;AC LANESTER 56\",\"publisher\":{\"@id\":\"https:\\\/\\\/www.aclanester56.com\\\/velo\\\/#organization\"},\"potentialAction\":[{\"@type\":\"SearchAction\",\"target\":{\"@type\":\"EntryPoint\",\"urlTemplate\":\"https:\\\/\\\/www.aclanester56.com\\\/velo\\\/?s={search_term_string}\"},\"query-input\":{\"@type\":\"PropertyValueSpecification\",\"valueRequired\":true,\"valueName\":\"search_term_string\"}}],\"inLanguage\":\"fr-FR\"},{\"@type\":\"Organization\",\"@id\":\"https:\\\/\\\/www.aclanester56.com\\\/velo\\\/#organization\",\"name\":\"Avenir Cycliste Lanester 56\",\"url\":\"https:\\\/\\\/www.aclanester56.com\\\/velo\\\/\",\"logo\":{\"@type\":\"ImageObject\",\"inLanguage\":\"fr-FR\",\"@id\":\"https:\\\/\\\/www.aclanester56.com\\\/velo\\\/#\\\/schema\\\/logo\\\/image\\\/\",\"url\":\"https:\\\/\\\/www.aclanester56.com\\\/velo\\\/wp-content\\\/uploads\\\/2013\\\/04\\\/logo-ACL.jpg\",\"contentUrl\":\"https:\\\/\\\/www.aclanester56.com\\\/velo\\\/wp-content\\\/uploads\\\/2013\\\/04\\\/logo-ACL.jpg\",\"width\":400,\"height\":334,\"caption\":\"Avenir Cycliste Lanester 56\"},\"image\":{\"@id\":\"https:\\\/\\\/www.aclanester56.com\\\/velo\\\/#\\\/schema\\\/logo\\\/image\\\/\"},\"sameAs\":[\"https:\\\/\\\/www.facebook.com\\\/pages\\\/AC-Lanester-56\\\/190286300991242?fref=ts\"]},{\"@type\":\"Person\",\"@id\":\"https:\\\/\\\/www.aclanester56.com\\\/velo\\\/#\\\/schema\\\/person\\\/ca2a44a5fd969e9dd846c72d3b33bc01\",\"name\":\"Jean-Christophe\",\"url\":\"https:\\\/\\\/www.aclanester56.com\\\/velo\\\/author\\\/jeanchristophe\\\/\"}]}<\/script>\n<!-- \/ Yoast SEO plugin. -->","yoast_head_json":{"title":"Pr\u00e9sentation de la 1\u00e8re \u00e9tape du Tro Div Ster 2012 : Silfiac - Erdeven - Avenir Cycliste Lanester 56","robots":{"index":"index","follow":"follow","max-snippet":"max-snippet:-1","max-image-preview":"max-image-preview:large","max-video-preview":"max-video-preview:-1"},"canonical":"https:\/\/www.aclanester56.com\/velo\/presentation-de-la-1ere-etape-du-tro-div-ster-2012-silfiac-erdeven\/","og_locale":"fr_FR","og_type":"article","og_title":"Pr\u00e9sentation de la 1\u00e8re \u00e9tape du Tro Div Ster 2012 : Silfiac - Erdeven - Avenir Cycliste Lanester 56","og_url":"https:\/\/www.aclanester56.com\/velo\/presentation-de-la-1ere-etape-du-tro-div-ster-2012-silfiac-erdeven\/","og_site_name":"Avenir Cycliste Lanester 56","article_publisher":"https:\/\/www.facebook.com\/pages\/AC-Lanester-56\/190286300991242?fref=ts","article_published_time":"2012-04-13T20:48:38+00:00","article_modified_time":"2013-12-22T11:15:29+00:00","og_image":[{"width":650,"height":300,"url":"https:\/\/www.aclanester56.com\/velo\/wp-content\/uploads\/2012\/04\/TDS2011_0018-Copie.jpg","type":"image\/jpeg"}],"author":"Jean-Christophe","twitter_misc":{"\u00c9crit par":"Jean-Christophe","Dur\u00e9e de lecture estim\u00e9e":"3 minutes"},"schema":{"@context":"https:\/\/schema.org","@graph":[{"@type":"Article","@id":"https:\/\/www.aclanester56.com\/velo\/presentation-de-la-1ere-etape-du-tro-div-ster-2012-silfiac-erdeven\/#article","isPartOf":{"@id":"https:\/\/www.aclanester56.com\/velo\/presentation-de-la-1ere-etape-du-tro-div-ster-2012-silfiac-erdeven\/"},"author":{"name":"Jean-Christophe","@id":"https:\/\/www.aclanester56.com\/velo\/#\/schema\/person\/ca2a44a5fd969e9dd846c72d3b33bc01"},"headline":"Pr\u00e9sentation de la 1\u00e8re \u00e9tape du Tro Div Ster 2012 : Silfiac &#8211; Erdeven","datePublished":"2012-04-13T20:48:38+00:00","dateModified":"2013-12-22T11:15:29+00:00","mainEntityOfPage":{"@id":"https:\/\/www.aclanester56.com\/velo\/presentation-de-la-1ere-etape-du-tro-div-ster-2012-silfiac-erdeven\/"},"wordCount":589,"commentCount":0,"publisher":{"@id":"https:\/\/www.aclanester56.com\/velo\/#organization"},"image":{"@id":"https:\/\/www.aclanester56.com\/velo\/presentation-de-la-1ere-etape-du-tro-div-ster-2012-silfiac-erdeven\/#primaryimage"},"thumbnailUrl":"https:\/\/www.aclanester56.com\/velo\/wp-content\/uploads\/2012\/04\/TDS2011_0018-Copie.jpg","articleSection":["AC LANESTER 56","Le Tro Div Ster","Les organisations"],"inLanguage":"fr-FR","potentialAction":[{"@type":"CommentAction","name":"Comment","target":["https:\/\/www.aclanester56.com\/velo\/presentation-de-la-1ere-etape-du-tro-div-ster-2012-silfiac-erdeven\/#respond"]}]},{"@type":"WebPage","@id":"https:\/\/www.aclanester56.com\/velo\/presentation-de-la-1ere-etape-du-tro-div-ster-2012-silfiac-erdeven\/","url":"https:\/\/www.aclanester56.com\/velo\/presentation-de-la-1ere-etape-du-tro-div-ster-2012-silfiac-erdeven\/","name":"Pr\u00e9sentation de la 1\u00e8re \u00e9tape du Tro Div Ster 2012 : Silfiac - Erdeven - Avenir Cycliste Lanester 56","isPartOf":{"@id":"https:\/\/www.aclanester56.com\/velo\/#website"},"primaryImageOfPage":{"@id":"https:\/\/www.aclanester56.com\/velo\/presentation-de-la-1ere-etape-du-tro-div-ster-2012-silfiac-erdeven\/#primaryimage"},"image":{"@id":"https:\/\/www.aclanester56.com\/velo\/presentation-de-la-1ere-etape-du-tro-div-ster-2012-silfiac-erdeven\/#primaryimage"},"thumbnailUrl":"https:\/\/www.aclanester56.com\/velo\/wp-content\/uploads\/2012\/04\/TDS2011_0018-Copie.jpg","datePublished":"2012-04-13T20:48:38+00:00","dateModified":"2013-12-22T11:15:29+00:00","inLanguage":"fr-FR","potentialAction":[{"@type":"ReadAction","target":["https:\/\/www.aclanester56.com\/velo\/presentation-de-la-1ere-etape-du-tro-div-ster-2012-silfiac-erdeven\/"]}]},{"@type":"ImageObject","inLanguage":"fr-FR","@id":"https:\/\/www.aclanester56.com\/velo\/presentation-de-la-1ere-etape-du-tro-div-ster-2012-silfiac-erdeven\/#primaryimage","url":"https:\/\/www.aclanester56.com\/velo\/wp-content\/uploads\/2012\/04\/TDS2011_0018-Copie.jpg","contentUrl":"https:\/\/www.aclanester56.com\/velo\/wp-content\/uploads\/2012\/04\/TDS2011_0018-Copie.jpg","width":650,"height":300},{"@type":"WebSite","@id":"https:\/\/www.aclanester56.com\/velo\/#website","url":"https:\/\/www.aclanester56.com\/velo\/","name":"Avenir Cycliste Lanester 56","description":"Club cycliste de l&#039;AC LANESTER 56","publisher":{"@id":"https:\/\/www.aclanester56.com\/velo\/#organization"},"potentialAction":[{"@type":"SearchAction","target":{"@type":"EntryPoint","urlTemplate":"https:\/\/www.aclanester56.com\/velo\/?s={search_term_string}"},"query-input":{"@type":"PropertyValueSpecification","valueRequired":true,"valueName":"search_term_string"}}],"inLanguage":"fr-FR"},{"@type":"Organization","@id":"https:\/\/www.aclanester56.com\/velo\/#organization","name":"Avenir Cycliste Lanester 56","url":"https:\/\/www.aclanester56.com\/velo\/","logo":{"@type":"ImageObject","inLanguage":"fr-FR","@id":"https:\/\/www.aclanester56.com\/velo\/#\/schema\/logo\/image\/","url":"https:\/\/www.aclanester56.com\/velo\/wp-content\/uploads\/2013\/04\/logo-ACL.jpg","contentUrl":"https:\/\/www.aclanester56.com\/velo\/wp-content\/uploads\/2013\/04\/logo-ACL.jpg","width":400,"height":334,"caption":"Avenir Cycliste Lanester 56"},"image":{"@id":"https:\/\/www.aclanester56.com\/velo\/#\/schema\/logo\/image\/"},"sameAs":["https:\/\/www.facebook.com\/pages\/AC-Lanester-56\/190286300991242?fref=ts"]},{"@type":"Person","@id":"https:\/\/www.aclanester56.com\/velo\/#\/schema\/person\/ca2a44a5fd969e9dd846c72d3b33bc01","name":"Jean-Christophe","url":"https:\/\/www.aclanester56.com\/velo\/author\/jeanchristophe\/"}]}},"_links":{"self":[{"href":"https:\/\/www.aclanester56.com\/velo\/wp-json\/wp\/v2\/posts\/11260","targetHints":{"allow":["GET"]}}],"collection":[{"href":"https:\/\/www.aclanester56.com\/velo\/wp-json\/wp\/v2\/posts"}],"about":[{"href":"https:\/\/www.aclanester56.com\/velo\/wp-json\/wp\/v2\/types\/post"}],"author":[{"embeddable":true,"href":"https:\/\/www.aclanester56.com\/velo\/wp-json\/wp\/v2\/users\/14"}],"replies":[{"embeddable":true,"href":"https:\/\/www.aclanester56.com\/velo\/wp-json\/wp\/v2\/comments?post=11260"}],"version-history":[{"count":0,"href":"https:\/\/www.aclanester56.com\/velo\/wp-json\/wp\/v2\/posts\/11260\/revisions"}],"wp:featuredmedia":[{"embeddable":true,"href":"https:\/\/www.aclanester56.com\/velo\/wp-json\/wp\/v2\/media\/11410"}],"wp:attachment":[{"href":"https:\/\/www.aclanester56.com\/velo\/wp-json\/wp\/v2\/media?parent=11260"}],"wp:term":[{"taxonomy":"category","embeddable":true,"href":"https:\/\/www.aclanester56.com\/velo\/wp-json\/wp\/v2\/categories?post=11260"},{"taxonomy":"post_tag","embeddable":true,"href":"https:\/\/www.aclanester56.com\/velo\/wp-json\/wp\/v2\/tags?post=11260"}],"curies":[{"name":"wp","href":"https:\/\/api.w.org\/{rel}","templated":true}]}}