{"id":1130,"date":"2010-01-18T11:33:40","date_gmt":"2010-01-18T10:33:40","guid":{"rendered":"http:\/\/www.aclanester56.com\/velo\/?p=1130"},"modified":"2013-12-22T00:51:27","modified_gmt":"2013-12-21T22:51:27","slug":"les-samedis-decouverte-de-la-piste-2010","status":"publish","type":"post","link":"https:\/\/www.aclanester56.com\/velo\/les-samedis-decouverte-de-la-piste-2010\/","title":{"rendered":"Les samedis d\u00e9couverte de la piste 2010"},"content":{"rendered":"<p><!--more--><\/p>\n<p>La premi\u00e8re journ\u00e9e s&rsquo;est d\u00e9roul\u00e9e SAMEDI 16 JANVIER sur le v\u00e9lodrome G\u00e9rard Le Maguer \u00e0 LANESTER.<\/p>\n<p>Elle a regroup\u00e9\u00a040 enfants des Ecoles de Cyclisme de la r\u00e9gion : ACP BAUD, EC PLUVIGNER, UC INGUINIEL, UCP PLOUAY, VC PONTIVY et\u00a0AC LANESTER 56.<\/p>\n<p>Les r\u00e9sultats dans chaque cat\u00e9gorie sont les suivants :<\/p>\n<h1 style=\"text-align: center;\"><em><span style=\"text-decoration: underline;\">RESULTATS DE LA 1\u00e8re JOURNEE DECOUVERTE DE LA PISTE<\/span><\/em><\/h1>\n<p style=\"text-align: center;\"><span style=\"text-decoration: underline;\">SAMEDI 16 JANVIER 2010<\/span><\/p>\n<p><strong>GARCONS NES EN 1996 <\/strong><\/p>\n<table border=\"1\" cellspacing=\"0\" cellpadding=\"0\" align=\"left\">\n<tbody>\n<tr>\n<td valign=\"top\" width=\"23\">1<\/td>\n<td valign=\"top\" width=\"192\">TEIRLINCK Vincent<\/td>\n<td valign=\"top\" width=\"144\">AC LANESTER 56<\/td>\n<td valign=\"top\" width=\"40\">12<\/td>\n<\/tr>\n<tr>\n<td valign=\"top\" width=\"23\">2<\/td>\n<td valign=\"top\" width=\"192\">SEVENO Thibault<\/td>\n<td valign=\"top\" width=\"144\">AC LANESTER 56<\/td>\n<td valign=\"top\" width=\"40\">10<\/td>\n<\/tr>\n<tr>\n<td valign=\"top\" width=\"23\">3<\/td>\n<td valign=\"top\" width=\"192\">CAINJO Yanis<\/td>\n<td valign=\"top\" width=\"144\">ACP BAUD<\/td>\n<td valign=\"top\" width=\"40\">9<\/td>\n<\/tr>\n<tr>\n<td valign=\"top\" width=\"23\">4<\/td>\n<td valign=\"top\" width=\"192\">LEWANDJA Edouard<\/td>\n<td valign=\"top\" width=\"144\">AC LANESTER 56<\/td>\n<td valign=\"top\" width=\"40\">8<\/td>\n<\/tr>\n<tr>\n<td valign=\"top\" width=\"23\">5<\/td>\n<td valign=\"top\" width=\"192\">CONNANEC Valentin<\/td>\n<td valign=\"top\" width=\"144\">ACP BAUD<\/td>\n<td valign=\"top\" width=\"40\">7<\/td>\n<\/tr>\n<tr>\n<td valign=\"top\" width=\"23\">6<\/td>\n<td valign=\"top\" width=\"192\">PASCO Alexandre<\/td>\n<td valign=\"top\" width=\"144\">UC INGUINIEL<\/td>\n<td valign=\"top\" width=\"40\">6<\/td>\n<\/tr>\n<tr>\n<td valign=\"top\" width=\"23\">7<\/td>\n<td valign=\"top\" width=\"192\">LE MOUILLOUR Corentin<\/td>\n<td valign=\"top\" width=\"144\">EC PLUVIGNER<\/td>\n<td valign=\"top\" width=\"40\">5<\/td>\n<\/tr>\n<tr>\n<td valign=\"top\" width=\"23\">8<\/td>\n<td valign=\"top\" width=\"192\">BAUTHAMY Dylan<\/td>\n<td valign=\"top\" width=\"144\">VC PONTIVY<\/td>\n<td valign=\"top\" width=\"40\">4<\/td>\n<\/tr>\n<tr>\n<td valign=\"top\" width=\"23\">9<\/td>\n<td valign=\"top\" width=\"192\">ORVOINE Vincent<\/td>\n<td valign=\"top\" width=\"144\">AC LANESTER 56<\/td>\n<td valign=\"top\" width=\"40\">3<\/td>\n<\/tr>\n<\/tbody>\n<\/table>\n<p>&nbsp;<\/p>\n<p>&nbsp;<\/p>\n<p>&nbsp;<\/p>\n<p>&nbsp;<\/p>\n<p>&nbsp;<\/p>\n<p>&nbsp;<\/p>\n<p><strong>\u00a0<\/strong><\/p>\n<p><strong>\u00a0<\/strong><\/p>\n<p><strong>\u00a0<\/strong><\/p>\n<p><strong>GARCONS NES EN 1997<\/strong><\/p>\n<table border=\"1\" cellspacing=\"0\" cellpadding=\"0\" align=\"left\">\n<tbody>\n<tr>\n<td valign=\"top\" width=\"23\">1<\/td>\n<td valign=\"top\" width=\"192\">BERNARD Nicolas<\/td>\n<td valign=\"top\" width=\"144\">ACP BAUD<\/td>\n<td valign=\"top\" width=\"40\">12<\/td>\n<\/tr>\n<tr>\n<td valign=\"top\" width=\"23\">2<\/td>\n<td valign=\"top\" width=\"192\">DUVAL Benjamin<\/td>\n<td valign=\"top\" width=\"144\">AC LANESTER 56<\/td>\n<td valign=\"top\" width=\"40\">10<\/td>\n<\/tr>\n<tr>\n<td valign=\"top\" width=\"23\">3<\/td>\n<td valign=\"top\" width=\"192\">CRAVIC Maxime<\/td>\n<td valign=\"top\" width=\"144\">ACP BAUD<\/td>\n<td valign=\"top\" width=\"40\">9<\/td>\n<\/tr>\n<tr>\n<td valign=\"top\" width=\"23\">4<\/td>\n<td valign=\"top\" width=\"192\">ZANIN Alexandre<\/td>\n<td valign=\"top\" width=\"144\">ACP BAUD<\/td>\n<td valign=\"top\" width=\"40\">8<\/td>\n<\/tr>\n<tr>\n<td valign=\"top\" width=\"23\">5<\/td>\n<td valign=\"top\" width=\"192\">FORTUNE Guillaume<\/td>\n<td valign=\"top\" width=\"144\">UC INGUINIEL<\/td>\n<td valign=\"top\" width=\"40\">7<\/td>\n<\/tr>\n<tr>\n<td valign=\"top\" width=\"23\">6<\/td>\n<td valign=\"top\" width=\"192\">MACE Thomas<\/td>\n<td valign=\"top\" width=\"144\">AC LANESTER 56<\/td>\n<td valign=\"top\" width=\"40\">6<\/td>\n<\/tr>\n<tr>\n<td valign=\"top\" width=\"23\">7<\/td>\n<td valign=\"top\" width=\"192\">EVEN Ma\u00ebl<\/td>\n<td valign=\"top\" width=\"144\">EC PLUVIGNER<\/td>\n<td valign=\"top\" width=\"40\">5<\/td>\n<\/tr>\n<tr>\n<td valign=\"top\" width=\"23\">8<\/td>\n<td valign=\"top\" width=\"192\">OLLIVIER Thibault<\/td>\n<td valign=\"top\" width=\"144\">AC LANESTER 56<\/td>\n<td valign=\"top\" width=\"40\">4<\/td>\n<\/tr>\n<\/tbody>\n<\/table>\n<p>&nbsp;<\/p>\n<p>&nbsp;<\/p>\n<p>&nbsp;<\/p>\n<p>&nbsp;<\/p>\n<p>&nbsp;<\/p>\n<p>&nbsp;<\/p>\n<p><strong>\u00a0<\/strong><\/p>\n<p><strong>\u00a0<\/strong><\/p>\n<p><strong>GARCONS NES EN 1998 <\/strong><\/p>\n<table border=\"1\" cellspacing=\"0\" cellpadding=\"0\" align=\"left\">\n<tbody>\n<tr>\n<td valign=\"top\" width=\"29\">1<\/td>\n<td valign=\"top\" width=\"192\">LE BLEIZ Yohan<\/td>\n<td valign=\"top\" width=\"144\">AC LANESTER 56<\/td>\n<td valign=\"top\" width=\"40\">12<\/td>\n<\/tr>\n<tr>\n<td valign=\"top\" width=\"29\">2<\/td>\n<td valign=\"top\" width=\"192\">GUILLAUME Thomas<\/td>\n<td valign=\"top\" width=\"144\">ACP BAUD<\/td>\n<td valign=\"top\" width=\"40\">10<\/td>\n<\/tr>\n<tr>\n<td valign=\"top\" width=\"29\">3<\/td>\n<td valign=\"top\" width=\"192\">LEFEBVRE Quentin<\/td>\n<td valign=\"top\" width=\"144\">AC LANESTER 56<\/td>\n<td valign=\"top\" width=\"40\">9<\/td>\n<\/tr>\n<tr>\n<td valign=\"top\" width=\"29\">4<\/td>\n<td valign=\"top\" width=\"192\">LE CAPITAINE Alexis<\/td>\n<td valign=\"top\" width=\"144\">ACP BAUD<\/td>\n<td valign=\"top\" width=\"40\">8<\/td>\n<\/tr>\n<tr>\n<td valign=\"top\" width=\"29\">5<\/td>\n<td valign=\"top\" width=\"192\">LE FORESTIER Baptiste<\/td>\n<td valign=\"top\" width=\"144\">ACP BAUD<\/td>\n<td valign=\"top\" width=\"40\">7<\/td>\n<\/tr>\n<tr>\n<td valign=\"top\" width=\"29\">6<\/td>\n<td valign=\"top\" width=\"192\">BALTENWECK Merven<\/td>\n<td valign=\"top\" width=\"144\">ACP BAUD<\/td>\n<td valign=\"top\" width=\"40\">6<\/td>\n<\/tr>\n<tr>\n<td valign=\"top\" width=\"29\">7<\/td>\n<td valign=\"top\" width=\"192\">BERGER Vincent<\/td>\n<td valign=\"top\" width=\"144\">UC INGUINIEL<\/td>\n<td valign=\"top\" width=\"40\">5<\/td>\n<\/tr>\n<tr>\n<td valign=\"top\" width=\"29\">8<\/td>\n<td valign=\"top\" width=\"192\">CHENAIS Corentin<\/td>\n<td valign=\"top\" width=\"144\">UC INGUINIEL<\/td>\n<td valign=\"top\" width=\"40\">4<\/td>\n<\/tr>\n<tr>\n<td valign=\"top\" width=\"29\">9<\/td>\n<td valign=\"top\" width=\"192\">PERESSE Tanguy<\/td>\n<td valign=\"top\" width=\"144\">UCP PLOUAY<\/td>\n<td valign=\"top\" width=\"40\">3<\/td>\n<\/tr>\n<tr>\n<td valign=\"top\" width=\"29\">10<\/td>\n<td valign=\"top\" width=\"192\">LAYEC Sylvain<\/td>\n<td valign=\"top\" width=\"144\">EC PLUVIGNER<\/td>\n<td valign=\"top\" width=\"40\">2<\/td>\n<\/tr>\n<tr>\n<td valign=\"top\" width=\"29\">11<\/td>\n<td valign=\"top\" width=\"192\">LE METAYER Jean-R\u00e9my<\/td>\n<td valign=\"top\" width=\"144\">ACP BAUD<\/td>\n<td valign=\"top\" width=\"40\">1<\/td>\n<\/tr>\n<tr>\n<td valign=\"top\" width=\"29\">11<\/td>\n<td valign=\"top\" width=\"192\">DEMAGNY Kelyann<\/td>\n<td valign=\"top\" width=\"144\">UCP PLOUAY<\/td>\n<td valign=\"top\" width=\"40\">1<\/td>\n<\/tr>\n<tr>\n<td valign=\"top\" width=\"29\">11<\/td>\n<td valign=\"top\" width=\"192\">JOSSO Valentin<\/td>\n<td valign=\"top\" width=\"144\">AC LANESTER 56<\/td>\n<td valign=\"top\" width=\"40\">1<\/td>\n<\/tr>\n<\/tbody>\n<\/table>\n<p>&nbsp;<\/p>\n<p>&nbsp;<\/p>\n<p>&nbsp;<\/p>\n<p>&nbsp;<\/p>\n<p>&nbsp;<\/p>\n<p>&nbsp;<\/p>\n<p><strong>\u00a0<\/strong><\/p>\n<p><strong>\u00a0<\/strong><\/p>\n<p><strong>\u00a0<\/strong><\/p>\n<p><strong>\u00a0<\/strong><\/p>\n<p><strong>\u00a0<\/strong><\/p>\n<p><strong>GARCONS NES EN 1999<\/strong><\/p>\n<table border=\"1\" cellspacing=\"0\" cellpadding=\"0\" align=\"left\">\n<tbody>\n<tr>\n<td valign=\"top\" width=\"29\">1<\/td>\n<td valign=\"top\" width=\"192\">LE CAM Brendan<\/td>\n<td valign=\"top\" width=\"144\">AC LANESTER 56<\/td>\n<td valign=\"top\" width=\"40\">12<\/td>\n<\/tr>\n<tr>\n<td valign=\"top\" width=\"29\">2<\/td>\n<td valign=\"top\" width=\"192\">COMMUNAL Brendan<\/td>\n<td valign=\"top\" width=\"144\">AC LANESTER 56<\/td>\n<td valign=\"top\" width=\"40\">10<\/td>\n<\/tr>\n<tr>\n<td valign=\"top\" width=\"29\">3<\/td>\n<td valign=\"top\" width=\"192\">LE CARER Eric<\/td>\n<td valign=\"top\" width=\"144\">AC LANESTER 56<\/td>\n<td valign=\"top\" width=\"40\">9<\/td>\n<\/tr>\n<tr>\n<td valign=\"top\" width=\"29\">4<\/td>\n<td valign=\"top\" width=\"192\">ROBINEAU Vincent<\/td>\n<td valign=\"top\" width=\"144\">AC LANESTER 56<\/td>\n<td valign=\"top\" width=\"40\">8<\/td>\n<\/tr>\n<\/tbody>\n<\/table>\n<p>&nbsp;<\/p>\n<p>&nbsp;<\/p>\n<p>&nbsp;<\/p>\n<p>&nbsp;<\/p>\n<p>&nbsp;<\/p>\n<p><strong>\u00a0<\/strong><\/p>\n<p><strong>FILLES NEES EN 1996 &#8211; 1997<\/strong><\/p>\n<table border=\"1\" cellspacing=\"0\" cellpadding=\"0\" align=\"left\">\n<tbody>\n<tr>\n<td valign=\"top\" width=\"29\">1<\/td>\n<td valign=\"top\" width=\"192\">LE GUEVEL Am\u00e9lie<\/td>\n<td valign=\"top\" width=\"144\">ACP BAUD<\/td>\n<td valign=\"top\" width=\"40\">12<\/td>\n<\/tr>\n<tr>\n<td valign=\"top\" width=\"29\">2<\/td>\n<td valign=\"top\" width=\"192\">LE BRIS C\u00e9cilia<\/td>\n<td valign=\"top\" width=\"144\">VC PONTIVY<\/td>\n<td valign=\"top\" width=\"40\">10<\/td>\n<\/tr>\n<tr>\n<td valign=\"top\" width=\"29\">3<\/td>\n<td valign=\"top\" width=\"192\">CANO Marion<\/td>\n<td valign=\"top\" width=\"144\">UC INGUINIEL<\/td>\n<td valign=\"top\" width=\"40\">9<\/td>\n<\/tr>\n<tr>\n<td valign=\"top\" width=\"29\">4<\/td>\n<td valign=\"top\" width=\"192\">LE GENDRE Oc\u00e9ane<\/td>\n<td valign=\"top\" width=\"144\">UC INGUINIEL<\/td>\n<td valign=\"top\" width=\"40\">8<\/td>\n<\/tr>\n<\/tbody>\n<\/table>\n<p><strong>\u00a0<\/strong><\/p>\n<p><strong>\u00a0<\/strong><\/p>\n<p><strong>\u00a0<\/strong><\/p>\n<p><strong>FILLES NEES EN 1998 &#8211; 1999<\/strong><\/p>\n<table border=\"1\" cellspacing=\"0\" cellpadding=\"0\" align=\"left\">\n<tbody>\n<tr>\n<td valign=\"top\" width=\"29\">1<\/td>\n<td valign=\"top\" width=\"192\">PASCO Lauranne<\/td>\n<td valign=\"top\" width=\"144\">UC INGUINIEL<\/td>\n<td valign=\"top\" width=\"40\">12<\/td>\n<\/tr>\n<\/tbody>\n<\/table>\n","protected":false},"excerpt":{"rendered":"","protected":false},"author":14,"featured_media":1375,"comment_status":"open","ping_status":"open","sticky":false,"template":"","format":"standard","meta":{"ngg_post_thumbnail":0,"footnotes":""},"categories":[5,24,37],"tags":[],"class_list":["post-1130","post","type-post","status-publish","format-standard","has-post-thumbnail","hentry","category-ac-lanester-56","category-resultats-ecole-de-cyclisme","category-samedi-decouverte"],"yoast_head":"<!-- This site is optimized with the Yoast SEO plugin v27.5 - https:\/\/yoast.com\/product\/yoast-seo-wordpress\/ -->\n<title>Les samedis d\u00e9couverte de la piste 2010 - Avenir Cycliste Lanester 56<\/title>\n<meta name=\"robots\" content=\"index, follow, max-snippet:-1, max-image-preview:large, max-video-preview:-1\" \/>\n<link rel=\"canonical\" href=\"https:\/\/www.aclanester56.com\/velo\/les-samedis-decouverte-de-la-piste-2010\/\" \/>\n<meta property=\"og:locale\" content=\"fr_FR\" \/>\n<meta property=\"og:type\" content=\"article\" \/>\n<meta property=\"og:title\" content=\"Les samedis d\u00e9couverte de la piste 2010 - Avenir Cycliste Lanester 56\" \/>\n<meta property=\"og:url\" content=\"https:\/\/www.aclanester56.com\/velo\/les-samedis-decouverte-de-la-piste-2010\/\" \/>\n<meta property=\"og:site_name\" content=\"Avenir Cycliste Lanester 56\" \/>\n<meta property=\"article:publisher\" content=\"https:\/\/www.facebook.com\/pages\/AC-Lanester-56\/190286300991242?fref=ts\" \/>\n<meta property=\"article:published_time\" content=\"2010-01-18T10:33:40+00:00\" \/>\n<meta property=\"article:modified_time\" content=\"2013-12-21T22:51:27+00:00\" \/>\n<meta property=\"og:image\" content=\"https:\/\/www.aclanester56.com\/velo\/wp-content\/uploads\/2010\/01\/Samedi-Piste-16-01.jpg\" \/>\n\t<meta property=\"og:image:width\" content=\"1280\" \/>\n\t<meta property=\"og:image:height\" content=\"960\" \/>\n\t<meta property=\"og:image:type\" content=\"image\/jpeg\" \/>\n<meta name=\"author\" content=\"Jean-Christophe\" \/>\n<meta name=\"twitter:label1\" content=\"\u00c9crit par\" \/>\n\t<meta name=\"twitter:data1\" content=\"Jean-Christophe\" \/>\n\t<meta name=\"twitter:label2\" content=\"Dur\u00e9e de lecture estim\u00e9e\" \/>\n\t<meta name=\"twitter:data2\" content=\"1 minute\" \/>\n<script type=\"application\/ld+json\" class=\"yoast-schema-graph\">{\"@context\":\"https:\\\/\\\/schema.org\",\"@graph\":[{\"@type\":\"Article\",\"@id\":\"https:\\\/\\\/www.aclanester56.com\\\/velo\\\/les-samedis-decouverte-de-la-piste-2010\\\/#article\",\"isPartOf\":{\"@id\":\"https:\\\/\\\/www.aclanester56.com\\\/velo\\\/les-samedis-decouverte-de-la-piste-2010\\\/\"},\"author\":{\"name\":\"Jean-Christophe\",\"@id\":\"https:\\\/\\\/www.aclanester56.com\\\/velo\\\/#\\\/schema\\\/person\\\/ca2a44a5fd969e9dd846c72d3b33bc01\"},\"headline\":\"Les samedis d\u00e9couverte de la piste 2010\",\"datePublished\":\"2010-01-18T10:33:40+00:00\",\"dateModified\":\"2013-12-21T22:51:27+00:00\",\"mainEntityOfPage\":{\"@id\":\"https:\\\/\\\/www.aclanester56.com\\\/velo\\\/les-samedis-decouverte-de-la-piste-2010\\\/\"},\"wordCount\":287,\"commentCount\":0,\"publisher\":{\"@id\":\"https:\\\/\\\/www.aclanester56.com\\\/velo\\\/#organization\"},\"image\":{\"@id\":\"https:\\\/\\\/www.aclanester56.com\\\/velo\\\/les-samedis-decouverte-de-la-piste-2010\\\/#primaryimage\"},\"thumbnailUrl\":\"https:\\\/\\\/www.aclanester56.com\\\/velo\\\/wp-content\\\/uploads\\\/2010\\\/01\\\/Samedi-Piste-16-01.jpg\",\"articleSection\":[\"AC LANESTER 56\",\"R\u00e9sultats Ecole de cyclisme\",\"Samedi d\u00e9couverte\"],\"inLanguage\":\"fr-FR\",\"potentialAction\":[{\"@type\":\"CommentAction\",\"name\":\"Comment\",\"target\":[\"https:\\\/\\\/www.aclanester56.com\\\/velo\\\/les-samedis-decouverte-de-la-piste-2010\\\/#respond\"]}]},{\"@type\":\"WebPage\",\"@id\":\"https:\\\/\\\/www.aclanester56.com\\\/velo\\\/les-samedis-decouverte-de-la-piste-2010\\\/\",\"url\":\"https:\\\/\\\/www.aclanester56.com\\\/velo\\\/les-samedis-decouverte-de-la-piste-2010\\\/\",\"name\":\"Les samedis d\u00e9couverte de la piste 2010 - Avenir Cycliste Lanester 56\",\"isPartOf\":{\"@id\":\"https:\\\/\\\/www.aclanester56.com\\\/velo\\\/#website\"},\"primaryImageOfPage\":{\"@id\":\"https:\\\/\\\/www.aclanester56.com\\\/velo\\\/les-samedis-decouverte-de-la-piste-2010\\\/#primaryimage\"},\"image\":{\"@id\":\"https:\\\/\\\/www.aclanester56.com\\\/velo\\\/les-samedis-decouverte-de-la-piste-2010\\\/#primaryimage\"},\"thumbnailUrl\":\"https:\\\/\\\/www.aclanester56.com\\\/velo\\\/wp-content\\\/uploads\\\/2010\\\/01\\\/Samedi-Piste-16-01.jpg\",\"datePublished\":\"2010-01-18T10:33:40+00:00\",\"dateModified\":\"2013-12-21T22:51:27+00:00\",\"inLanguage\":\"fr-FR\",\"potentialAction\":[{\"@type\":\"ReadAction\",\"target\":[\"https:\\\/\\\/www.aclanester56.com\\\/velo\\\/les-samedis-decouverte-de-la-piste-2010\\\/\"]}]},{\"@type\":\"ImageObject\",\"inLanguage\":\"fr-FR\",\"@id\":\"https:\\\/\\\/www.aclanester56.com\\\/velo\\\/les-samedis-decouverte-de-la-piste-2010\\\/#primaryimage\",\"url\":\"https:\\\/\\\/www.aclanester56.com\\\/velo\\\/wp-content\\\/uploads\\\/2010\\\/01\\\/Samedi-Piste-16-01.jpg\",\"contentUrl\":\"https:\\\/\\\/www.aclanester56.com\\\/velo\\\/wp-content\\\/uploads\\\/2010\\\/01\\\/Samedi-Piste-16-01.jpg\",\"width\":1280,\"height\":960},{\"@type\":\"WebSite\",\"@id\":\"https:\\\/\\\/www.aclanester56.com\\\/velo\\\/#website\",\"url\":\"https:\\\/\\\/www.aclanester56.com\\\/velo\\\/\",\"name\":\"Avenir Cycliste Lanester 56\",\"description\":\"Club cycliste de l&#039;AC LANESTER 56\",\"publisher\":{\"@id\":\"https:\\\/\\\/www.aclanester56.com\\\/velo\\\/#organization\"},\"potentialAction\":[{\"@type\":\"SearchAction\",\"target\":{\"@type\":\"EntryPoint\",\"urlTemplate\":\"https:\\\/\\\/www.aclanester56.com\\\/velo\\\/?s={search_term_string}\"},\"query-input\":{\"@type\":\"PropertyValueSpecification\",\"valueRequired\":true,\"valueName\":\"search_term_string\"}}],\"inLanguage\":\"fr-FR\"},{\"@type\":\"Organization\",\"@id\":\"https:\\\/\\\/www.aclanester56.com\\\/velo\\\/#organization\",\"name\":\"Avenir Cycliste Lanester 56\",\"url\":\"https:\\\/\\\/www.aclanester56.com\\\/velo\\\/\",\"logo\":{\"@type\":\"ImageObject\",\"inLanguage\":\"fr-FR\",\"@id\":\"https:\\\/\\\/www.aclanester56.com\\\/velo\\\/#\\\/schema\\\/logo\\\/image\\\/\",\"url\":\"https:\\\/\\\/www.aclanester56.com\\\/velo\\\/wp-content\\\/uploads\\\/2013\\\/04\\\/logo-ACL.jpg\",\"contentUrl\":\"https:\\\/\\\/www.aclanester56.com\\\/velo\\\/wp-content\\\/uploads\\\/2013\\\/04\\\/logo-ACL.jpg\",\"width\":400,\"height\":334,\"caption\":\"Avenir Cycliste Lanester 56\"},\"image\":{\"@id\":\"https:\\\/\\\/www.aclanester56.com\\\/velo\\\/#\\\/schema\\\/logo\\\/image\\\/\"},\"sameAs\":[\"https:\\\/\\\/www.facebook.com\\\/pages\\\/AC-Lanester-56\\\/190286300991242?fref=ts\"]},{\"@type\":\"Person\",\"@id\":\"https:\\\/\\\/www.aclanester56.com\\\/velo\\\/#\\\/schema\\\/person\\\/ca2a44a5fd969e9dd846c72d3b33bc01\",\"name\":\"Jean-Christophe\",\"url\":\"https:\\\/\\\/www.aclanester56.com\\\/velo\\\/author\\\/jeanchristophe\\\/\"}]}<\/script>\n<!-- \/ Yoast SEO plugin. -->","yoast_head_json":{"title":"Les samedis d\u00e9couverte de la piste 2010 - Avenir Cycliste Lanester 56","robots":{"index":"index","follow":"follow","max-snippet":"max-snippet:-1","max-image-preview":"max-image-preview:large","max-video-preview":"max-video-preview:-1"},"canonical":"https:\/\/www.aclanester56.com\/velo\/les-samedis-decouverte-de-la-piste-2010\/","og_locale":"fr_FR","og_type":"article","og_title":"Les samedis d\u00e9couverte de la piste 2010 - Avenir Cycliste Lanester 56","og_url":"https:\/\/www.aclanester56.com\/velo\/les-samedis-decouverte-de-la-piste-2010\/","og_site_name":"Avenir Cycliste Lanester 56","article_publisher":"https:\/\/www.facebook.com\/pages\/AC-Lanester-56\/190286300991242?fref=ts","article_published_time":"2010-01-18T10:33:40+00:00","article_modified_time":"2013-12-21T22:51:27+00:00","og_image":[{"width":1280,"height":960,"url":"https:\/\/www.aclanester56.com\/velo\/wp-content\/uploads\/2010\/01\/Samedi-Piste-16-01.jpg","type":"image\/jpeg"}],"author":"Jean-Christophe","twitter_misc":{"\u00c9crit par":"Jean-Christophe","Dur\u00e9e de lecture estim\u00e9e":"1 minute"},"schema":{"@context":"https:\/\/schema.org","@graph":[{"@type":"Article","@id":"https:\/\/www.aclanester56.com\/velo\/les-samedis-decouverte-de-la-piste-2010\/#article","isPartOf":{"@id":"https:\/\/www.aclanester56.com\/velo\/les-samedis-decouverte-de-la-piste-2010\/"},"author":{"name":"Jean-Christophe","@id":"https:\/\/www.aclanester56.com\/velo\/#\/schema\/person\/ca2a44a5fd969e9dd846c72d3b33bc01"},"headline":"Les samedis d\u00e9couverte de la piste 2010","datePublished":"2010-01-18T10:33:40+00:00","dateModified":"2013-12-21T22:51:27+00:00","mainEntityOfPage":{"@id":"https:\/\/www.aclanester56.com\/velo\/les-samedis-decouverte-de-la-piste-2010\/"},"wordCount":287,"commentCount":0,"publisher":{"@id":"https:\/\/www.aclanester56.com\/velo\/#organization"},"image":{"@id":"https:\/\/www.aclanester56.com\/velo\/les-samedis-decouverte-de-la-piste-2010\/#primaryimage"},"thumbnailUrl":"https:\/\/www.aclanester56.com\/velo\/wp-content\/uploads\/2010\/01\/Samedi-Piste-16-01.jpg","articleSection":["AC LANESTER 56","R\u00e9sultats Ecole de cyclisme","Samedi d\u00e9couverte"],"inLanguage":"fr-FR","potentialAction":[{"@type":"CommentAction","name":"Comment","target":["https:\/\/www.aclanester56.com\/velo\/les-samedis-decouverte-de-la-piste-2010\/#respond"]}]},{"@type":"WebPage","@id":"https:\/\/www.aclanester56.com\/velo\/les-samedis-decouverte-de-la-piste-2010\/","url":"https:\/\/www.aclanester56.com\/velo\/les-samedis-decouverte-de-la-piste-2010\/","name":"Les samedis d\u00e9couverte de la piste 2010 - Avenir Cycliste Lanester 56","isPartOf":{"@id":"https:\/\/www.aclanester56.com\/velo\/#website"},"primaryImageOfPage":{"@id":"https:\/\/www.aclanester56.com\/velo\/les-samedis-decouverte-de-la-piste-2010\/#primaryimage"},"image":{"@id":"https:\/\/www.aclanester56.com\/velo\/les-samedis-decouverte-de-la-piste-2010\/#primaryimage"},"thumbnailUrl":"https:\/\/www.aclanester56.com\/velo\/wp-content\/uploads\/2010\/01\/Samedi-Piste-16-01.jpg","datePublished":"2010-01-18T10:33:40+00:00","dateModified":"2013-12-21T22:51:27+00:00","inLanguage":"fr-FR","potentialAction":[{"@type":"ReadAction","target":["https:\/\/www.aclanester56.com\/velo\/les-samedis-decouverte-de-la-piste-2010\/"]}]},{"@type":"ImageObject","inLanguage":"fr-FR","@id":"https:\/\/www.aclanester56.com\/velo\/les-samedis-decouverte-de-la-piste-2010\/#primaryimage","url":"https:\/\/www.aclanester56.com\/velo\/wp-content\/uploads\/2010\/01\/Samedi-Piste-16-01.jpg","contentUrl":"https:\/\/www.aclanester56.com\/velo\/wp-content\/uploads\/2010\/01\/Samedi-Piste-16-01.jpg","width":1280,"height":960},{"@type":"WebSite","@id":"https:\/\/www.aclanester56.com\/velo\/#website","url":"https:\/\/www.aclanester56.com\/velo\/","name":"Avenir Cycliste Lanester 56","description":"Club cycliste de l&#039;AC LANESTER 56","publisher":{"@id":"https:\/\/www.aclanester56.com\/velo\/#organization"},"potentialAction":[{"@type":"SearchAction","target":{"@type":"EntryPoint","urlTemplate":"https:\/\/www.aclanester56.com\/velo\/?s={search_term_string}"},"query-input":{"@type":"PropertyValueSpecification","valueRequired":true,"valueName":"search_term_string"}}],"inLanguage":"fr-FR"},{"@type":"Organization","@id":"https:\/\/www.aclanester56.com\/velo\/#organization","name":"Avenir Cycliste Lanester 56","url":"https:\/\/www.aclanester56.com\/velo\/","logo":{"@type":"ImageObject","inLanguage":"fr-FR","@id":"https:\/\/www.aclanester56.com\/velo\/#\/schema\/logo\/image\/","url":"https:\/\/www.aclanester56.com\/velo\/wp-content\/uploads\/2013\/04\/logo-ACL.jpg","contentUrl":"https:\/\/www.aclanester56.com\/velo\/wp-content\/uploads\/2013\/04\/logo-ACL.jpg","width":400,"height":334,"caption":"Avenir Cycliste Lanester 56"},"image":{"@id":"https:\/\/www.aclanester56.com\/velo\/#\/schema\/logo\/image\/"},"sameAs":["https:\/\/www.facebook.com\/pages\/AC-Lanester-56\/190286300991242?fref=ts"]},{"@type":"Person","@id":"https:\/\/www.aclanester56.com\/velo\/#\/schema\/person\/ca2a44a5fd969e9dd846c72d3b33bc01","name":"Jean-Christophe","url":"https:\/\/www.aclanester56.com\/velo\/author\/jeanchristophe\/"}]}},"_links":{"self":[{"href":"https:\/\/www.aclanester56.com\/velo\/wp-json\/wp\/v2\/posts\/1130","targetHints":{"allow":["GET"]}}],"collection":[{"href":"https:\/\/www.aclanester56.com\/velo\/wp-json\/wp\/v2\/posts"}],"about":[{"href":"https:\/\/www.aclanester56.com\/velo\/wp-json\/wp\/v2\/types\/post"}],"author":[{"embeddable":true,"href":"https:\/\/www.aclanester56.com\/velo\/wp-json\/wp\/v2\/users\/14"}],"replies":[{"embeddable":true,"href":"https:\/\/www.aclanester56.com\/velo\/wp-json\/wp\/v2\/comments?post=1130"}],"version-history":[{"count":0,"href":"https:\/\/www.aclanester56.com\/velo\/wp-json\/wp\/v2\/posts\/1130\/revisions"}],"wp:featuredmedia":[{"embeddable":true,"href":"https:\/\/www.aclanester56.com\/velo\/wp-json\/wp\/v2\/media\/1375"}],"wp:attachment":[{"href":"https:\/\/www.aclanester56.com\/velo\/wp-json\/wp\/v2\/media?parent=1130"}],"wp:term":[{"taxonomy":"category","embeddable":true,"href":"https:\/\/www.aclanester56.com\/velo\/wp-json\/wp\/v2\/categories?post=1130"},{"taxonomy":"post_tag","embeddable":true,"href":"https:\/\/www.aclanester56.com\/velo\/wp-json\/wp\/v2\/tags?post=1130"}],"curies":[{"name":"wp","href":"https:\/\/api.w.org\/{rel}","templated":true}]}}