{"id":1132,"date":"2010-01-18T11:24:22","date_gmt":"2010-01-18T10:24:22","guid":{"rendered":"http:\/\/www.aclanester56.com\/velo\/?p=1132"},"modified":"2010-01-18T12:01:37","modified_gmt":"2010-01-18T11:01:37","slug":"%c2%ab%c2%a0la-deplacement%c2%a0%c2%bb","status":"publish","type":"post","link":"https:\/\/www.aclanester56.com\/velo\/%c2%ab%c2%a0la-deplacement%c2%a0%c2%bb\/","title":{"rendered":"\u00ab\u00a0Le d\u00e9placement\u00a0\u00bb"},"content":{"rendered":"<p><!-- \t\t@page { margin: 2cm } \t\tP { margin-bottom: 0.21cm } --><\/p>\n<p style=\"margin-bottom: 0cm\"><img loading=\"lazy\" decoding=\"async\" class=\"alignleft size-thumbnail wp-image-1133\" src=\"http:\/\/www.aclanester56.com\/velo\/wp-content\/uploads\/2010\/01\/presentation-station-redim640-150x150.jpg\" alt=\"presentation station-redim640\" width=\"150\" height=\"150\" \/><\/p>\n<p style=\"margin-bottom: 0cm\">\u00a0<\/p>\n<p style=\"margin-bottom: 0cm\">\u00a0<\/p>\n<p style=\"margin-bottom: 0cm\">16 JANVIER 2010 :<\/p>\n<p style=\"margin-bottom: 0cm\">D\u00e9part matinal pour toute l&rsquo;\u00e9quipe de la DN Espoirs de l&rsquo;AC LANESTER 56 : 4 H 00<\/p>\n<p style=\"margin-bottom: 0cm\">Retrouvez r\u00e9guli\u00e8rement les news de l&rsquo;\u00e9quipe.<\/p>\n<p style=\"margin-bottom: 0cm\">\u00a0<\/p>\n<p style=\"margin-bottom: 0cm\"><!--more--><\/p>\n<p><!-- \t\t@page { margin: 2cm } \t\tP { margin-bottom: 0.21cm } --><\/p>\n<p style=\"margin-bottom: 0cm\">Le d\u00e9placement s&rsquo;est d\u00e9roul\u00e9 sans encombre, pour une arriv\u00e9e au pied du col de Peyresourdes \u00e0 Arreau vers 14 h 00.<\/p>\n<p style=\"margin-bottom: 0cm\">Les conditions m\u00e9t\u00e9orologiques \u00e9tant tr\u00e8s bonnes, nous avons profit\u00e9 pour effectuer une sortie de \u00ab\u00a0d\u00e9contraction\u00bb : Mont\u00e9e des cols de l&rsquo;Aspin et de Peyresourdes.<\/p>\n<p style=\"margin-bottom: 0cm\">L&rsquo;ascension de l&rsquo;Aspin a \u00e9t\u00e9 piment\u00e9e par un slalom improvis\u00e9 entre les ch\u00e8vres.<\/p>\n<p style=\"margin-bottom: 0cm\">Ces premi\u00e8res mont\u00e9es montrent sans piti\u00e9 les coureurs les plus studieux de l&rsquo;hiver.<\/p>\n<p style=\"margin-bottom: 0cm\">C&rsquo;est le cas de William LE CORRE, \u00ab\u00a0roulant tellement vite dans l&rsquo;ascension\u00a0\u00bba percut\u00e9 sans dommage un mouton.<\/p>\n<p style=\"margin-bottom: 0cm\"><img loading=\"lazy\" decoding=\"async\" class=\"alignleft size-thumbnail wp-image-1136\" src=\"http:\/\/www.aclanester56.com\/velo\/wp-content\/uploads\/2010\/01\/IMG_2878-redim640-150x150.jpg\" alt=\"IMG_2878-redim640\" width=\"150\" height=\"150\" \/><img loading=\"lazy\" decoding=\"async\" class=\"alignleft size-thumbnail wp-image-1134\" src=\"http:\/\/www.aclanester56.com\/velo\/wp-content\/uploads\/2010\/01\/IMG_2873-redim640-150x150.jpg\" alt=\"IMG_2873-redim640\" width=\"150\" height=\"150\" \/><\/p>\n<p style=\"margin-bottom: 0cm\">\u00a0<\/p>\n","protected":false},"excerpt":{"rendered":"<p>\u00a0 \u00a0 16 JANVIER 2010 : D\u00e9part matinal pour toute l&rsquo;\u00e9quipe de la DN Espoirs de l&rsquo;AC LANESTER 56 : [&hellip;]<\/p>\n","protected":false},"author":14,"featured_media":1133,"comment_status":"open","ping_status":"open","sticky":false,"template":"","format":"standard","meta":{"ngg_post_thumbnail":0,"footnotes":""},"categories":[5,14],"tags":[],"class_list":["post-1132","post","type-post","status-publish","format-standard","has-post-thumbnail","hentry","category-ac-lanester-56","category-actualites-dn"],"yoast_head":"<!-- This site is optimized with the Yoast SEO plugin v27.5 - https:\/\/yoast.com\/product\/yoast-seo-wordpress\/ -->\n<title>\u00ab\u00a0Le d\u00e9placement\u00a0\u00bb - Avenir Cycliste Lanester 56<\/title>\n<meta name=\"robots\" content=\"index, follow, max-snippet:-1, max-image-preview:large, max-video-preview:-1\" \/>\n<link rel=\"canonical\" href=\"https:\/\/www.aclanester56.com\/velo\/\u00ab\u00a0la-deplacement\u00a0\u00bb\/\" \/>\n<meta property=\"og:locale\" content=\"fr_FR\" \/>\n<meta property=\"og:type\" content=\"article\" \/>\n<meta property=\"og:title\" content=\"\u00ab\u00a0Le d\u00e9placement\u00a0\u00bb - Avenir Cycliste Lanester 56\" \/>\n<meta property=\"og:description\" content=\"\u00a0 \u00a0 16 JANVIER 2010 : D\u00e9part matinal pour toute l&rsquo;\u00e9quipe de la DN Espoirs de l&rsquo;AC LANESTER 56 : [&hellip;]\" \/>\n<meta property=\"og:url\" content=\"https:\/\/www.aclanester56.com\/velo\/\u00ab\u00a0la-deplacement\u00a0\u00bb\/\" \/>\n<meta property=\"og:site_name\" content=\"Avenir Cycliste Lanester 56\" \/>\n<meta property=\"article:publisher\" content=\"https:\/\/www.facebook.com\/pages\/AC-Lanester-56\/190286300991242?fref=ts\" \/>\n<meta property=\"article:published_time\" content=\"2010-01-18T10:24:22+00:00\" \/>\n<meta property=\"article:modified_time\" content=\"2010-01-18T11:01:37+00:00\" \/>\n<meta property=\"og:image\" content=\"https:\/\/www.aclanester56.com\/velo\/wp-content\/uploads\/2010\/01\/presentation-station-redim640.JPG\" \/>\n\t<meta property=\"og:image:width\" content=\"640\" \/>\n\t<meta property=\"og:image:height\" content=\"360\" \/>\n\t<meta property=\"og:image:type\" content=\"image\/jpeg\" \/>\n<meta name=\"author\" content=\"Jean-Christophe\" \/>\n<meta name=\"twitter:label1\" content=\"\u00c9crit par\" \/>\n\t<meta name=\"twitter:data1\" content=\"Jean-Christophe\" \/>\n\t<meta name=\"twitter:label2\" content=\"Dur\u00e9e de lecture estim\u00e9e\" \/>\n\t<meta name=\"twitter:data2\" content=\"1 minute\" \/>\n<script type=\"application\/ld+json\" class=\"yoast-schema-graph\">{\"@context\":\"https:\\\/\\\/schema.org\",\"@graph\":[{\"@type\":\"Article\",\"@id\":\"https:\\\/\\\/www.aclanester56.com\\\/velo\\\/%c2%ab%c2%a0la-deplacement%c2%a0%c2%bb\\\/#article\",\"isPartOf\":{\"@id\":\"https:\\\/\\\/www.aclanester56.com\\\/velo\\\/%c2%ab%c2%a0la-deplacement%c2%a0%c2%bb\\\/\"},\"author\":{\"name\":\"Jean-Christophe\",\"@id\":\"https:\\\/\\\/www.aclanester56.com\\\/velo\\\/#\\\/schema\\\/person\\\/ca2a44a5fd969e9dd846c72d3b33bc01\"},\"headline\":\"\u00ab\u00a0Le d\u00e9placement\u00a0\u00bb\",\"datePublished\":\"2010-01-18T10:24:22+00:00\",\"dateModified\":\"2010-01-18T11:01:37+00:00\",\"mainEntityOfPage\":{\"@id\":\"https:\\\/\\\/www.aclanester56.com\\\/velo\\\/%c2%ab%c2%a0la-deplacement%c2%a0%c2%bb\\\/\"},\"wordCount\":125,\"commentCount\":1,\"publisher\":{\"@id\":\"https:\\\/\\\/www.aclanester56.com\\\/velo\\\/#organization\"},\"image\":{\"@id\":\"https:\\\/\\\/www.aclanester56.com\\\/velo\\\/%c2%ab%c2%a0la-deplacement%c2%a0%c2%bb\\\/#primaryimage\"},\"thumbnailUrl\":\"https:\\\/\\\/www.aclanester56.com\\\/velo\\\/wp-content\\\/uploads\\\/2010\\\/01\\\/presentation-station-redim640.JPG\",\"articleSection\":[\"AC LANESTER 56\",\"Actualit\u00e9s DN\"],\"inLanguage\":\"fr-FR\",\"potentialAction\":[{\"@type\":\"CommentAction\",\"name\":\"Comment\",\"target\":[\"https:\\\/\\\/www.aclanester56.com\\\/velo\\\/%c2%ab%c2%a0la-deplacement%c2%a0%c2%bb\\\/#respond\"]}]},{\"@type\":\"WebPage\",\"@id\":\"https:\\\/\\\/www.aclanester56.com\\\/velo\\\/%c2%ab%c2%a0la-deplacement%c2%a0%c2%bb\\\/\",\"url\":\"https:\\\/\\\/www.aclanester56.com\\\/velo\\\/%c2%ab%c2%a0la-deplacement%c2%a0%c2%bb\\\/\",\"name\":\"\u00ab\u00a0Le d\u00e9placement\u00a0\u00bb - Avenir Cycliste Lanester 56\",\"isPartOf\":{\"@id\":\"https:\\\/\\\/www.aclanester56.com\\\/velo\\\/#website\"},\"primaryImageOfPage\":{\"@id\":\"https:\\\/\\\/www.aclanester56.com\\\/velo\\\/%c2%ab%c2%a0la-deplacement%c2%a0%c2%bb\\\/#primaryimage\"},\"image\":{\"@id\":\"https:\\\/\\\/www.aclanester56.com\\\/velo\\\/%c2%ab%c2%a0la-deplacement%c2%a0%c2%bb\\\/#primaryimage\"},\"thumbnailUrl\":\"https:\\\/\\\/www.aclanester56.com\\\/velo\\\/wp-content\\\/uploads\\\/2010\\\/01\\\/presentation-station-redim640.JPG\",\"datePublished\":\"2010-01-18T10:24:22+00:00\",\"dateModified\":\"2010-01-18T11:01:37+00:00\",\"inLanguage\":\"fr-FR\",\"potentialAction\":[{\"@type\":\"ReadAction\",\"target\":[\"https:\\\/\\\/www.aclanester56.com\\\/velo\\\/%c2%ab%c2%a0la-deplacement%c2%a0%c2%bb\\\/\"]}]},{\"@type\":\"ImageObject\",\"inLanguage\":\"fr-FR\",\"@id\":\"https:\\\/\\\/www.aclanester56.com\\\/velo\\\/%c2%ab%c2%a0la-deplacement%c2%a0%c2%bb\\\/#primaryimage\",\"url\":\"https:\\\/\\\/www.aclanester56.com\\\/velo\\\/wp-content\\\/uploads\\\/2010\\\/01\\\/presentation-station-redim640.JPG\",\"contentUrl\":\"https:\\\/\\\/www.aclanester56.com\\\/velo\\\/wp-content\\\/uploads\\\/2010\\\/01\\\/presentation-station-redim640.JPG\",\"width\":640,\"height\":360},{\"@type\":\"WebSite\",\"@id\":\"https:\\\/\\\/www.aclanester56.com\\\/velo\\\/#website\",\"url\":\"https:\\\/\\\/www.aclanester56.com\\\/velo\\\/\",\"name\":\"Avenir Cycliste Lanester 56\",\"description\":\"Club cycliste de l&#039;AC LANESTER 56\",\"publisher\":{\"@id\":\"https:\\\/\\\/www.aclanester56.com\\\/velo\\\/#organization\"},\"potentialAction\":[{\"@type\":\"SearchAction\",\"target\":{\"@type\":\"EntryPoint\",\"urlTemplate\":\"https:\\\/\\\/www.aclanester56.com\\\/velo\\\/?s={search_term_string}\"},\"query-input\":{\"@type\":\"PropertyValueSpecification\",\"valueRequired\":true,\"valueName\":\"search_term_string\"}}],\"inLanguage\":\"fr-FR\"},{\"@type\":\"Organization\",\"@id\":\"https:\\\/\\\/www.aclanester56.com\\\/velo\\\/#organization\",\"name\":\"Avenir Cycliste Lanester 56\",\"url\":\"https:\\\/\\\/www.aclanester56.com\\\/velo\\\/\",\"logo\":{\"@type\":\"ImageObject\",\"inLanguage\":\"fr-FR\",\"@id\":\"https:\\\/\\\/www.aclanester56.com\\\/velo\\\/#\\\/schema\\\/logo\\\/image\\\/\",\"url\":\"https:\\\/\\\/www.aclanester56.com\\\/velo\\\/wp-content\\\/uploads\\\/2013\\\/04\\\/logo-ACL.jpg\",\"contentUrl\":\"https:\\\/\\\/www.aclanester56.com\\\/velo\\\/wp-content\\\/uploads\\\/2013\\\/04\\\/logo-ACL.jpg\",\"width\":400,\"height\":334,\"caption\":\"Avenir Cycliste Lanester 56\"},\"image\":{\"@id\":\"https:\\\/\\\/www.aclanester56.com\\\/velo\\\/#\\\/schema\\\/logo\\\/image\\\/\"},\"sameAs\":[\"https:\\\/\\\/www.facebook.com\\\/pages\\\/AC-Lanester-56\\\/190286300991242?fref=ts\"]},{\"@type\":\"Person\",\"@id\":\"https:\\\/\\\/www.aclanester56.com\\\/velo\\\/#\\\/schema\\\/person\\\/ca2a44a5fd969e9dd846c72d3b33bc01\",\"name\":\"Jean-Christophe\",\"url\":\"https:\\\/\\\/www.aclanester56.com\\\/velo\\\/author\\\/jeanchristophe\\\/\"}]}<\/script>\n<!-- \/ Yoast SEO plugin. -->","yoast_head_json":{"title":"\u00ab\u00a0Le d\u00e9placement\u00a0\u00bb - Avenir Cycliste Lanester 56","robots":{"index":"index","follow":"follow","max-snippet":"max-snippet:-1","max-image-preview":"max-image-preview:large","max-video-preview":"max-video-preview:-1"},"canonical":"https:\/\/www.aclanester56.com\/velo\/\u00ab\u00a0la-deplacement\u00a0\u00bb\/","og_locale":"fr_FR","og_type":"article","og_title":"\u00ab\u00a0Le d\u00e9placement\u00a0\u00bb - Avenir Cycliste Lanester 56","og_description":"\u00a0 \u00a0 16 JANVIER 2010 : D\u00e9part matinal pour toute l&rsquo;\u00e9quipe de la DN Espoirs de l&rsquo;AC LANESTER 56 : [&hellip;]","og_url":"https:\/\/www.aclanester56.com\/velo\/\u00ab\u00a0la-deplacement\u00a0\u00bb\/","og_site_name":"Avenir Cycliste Lanester 56","article_publisher":"https:\/\/www.facebook.com\/pages\/AC-Lanester-56\/190286300991242?fref=ts","article_published_time":"2010-01-18T10:24:22+00:00","article_modified_time":"2010-01-18T11:01:37+00:00","og_image":[{"width":640,"height":360,"url":"https:\/\/www.aclanester56.com\/velo\/wp-content\/uploads\/2010\/01\/presentation-station-redim640.JPG","type":"image\/jpeg"}],"author":"Jean-Christophe","twitter_misc":{"\u00c9crit par":"Jean-Christophe","Dur\u00e9e de lecture estim\u00e9e":"1 minute"},"schema":{"@context":"https:\/\/schema.org","@graph":[{"@type":"Article","@id":"https:\/\/www.aclanester56.com\/velo\/%c2%ab%c2%a0la-deplacement%c2%a0%c2%bb\/#article","isPartOf":{"@id":"https:\/\/www.aclanester56.com\/velo\/%c2%ab%c2%a0la-deplacement%c2%a0%c2%bb\/"},"author":{"name":"Jean-Christophe","@id":"https:\/\/www.aclanester56.com\/velo\/#\/schema\/person\/ca2a44a5fd969e9dd846c72d3b33bc01"},"headline":"\u00ab\u00a0Le d\u00e9placement\u00a0\u00bb","datePublished":"2010-01-18T10:24:22+00:00","dateModified":"2010-01-18T11:01:37+00:00","mainEntityOfPage":{"@id":"https:\/\/www.aclanester56.com\/velo\/%c2%ab%c2%a0la-deplacement%c2%a0%c2%bb\/"},"wordCount":125,"commentCount":1,"publisher":{"@id":"https:\/\/www.aclanester56.com\/velo\/#organization"},"image":{"@id":"https:\/\/www.aclanester56.com\/velo\/%c2%ab%c2%a0la-deplacement%c2%a0%c2%bb\/#primaryimage"},"thumbnailUrl":"https:\/\/www.aclanester56.com\/velo\/wp-content\/uploads\/2010\/01\/presentation-station-redim640.JPG","articleSection":["AC LANESTER 56","Actualit\u00e9s DN"],"inLanguage":"fr-FR","potentialAction":[{"@type":"CommentAction","name":"Comment","target":["https:\/\/www.aclanester56.com\/velo\/%c2%ab%c2%a0la-deplacement%c2%a0%c2%bb\/#respond"]}]},{"@type":"WebPage","@id":"https:\/\/www.aclanester56.com\/velo\/%c2%ab%c2%a0la-deplacement%c2%a0%c2%bb\/","url":"https:\/\/www.aclanester56.com\/velo\/%c2%ab%c2%a0la-deplacement%c2%a0%c2%bb\/","name":"\u00ab\u00a0Le d\u00e9placement\u00a0\u00bb - Avenir Cycliste Lanester 56","isPartOf":{"@id":"https:\/\/www.aclanester56.com\/velo\/#website"},"primaryImageOfPage":{"@id":"https:\/\/www.aclanester56.com\/velo\/%c2%ab%c2%a0la-deplacement%c2%a0%c2%bb\/#primaryimage"},"image":{"@id":"https:\/\/www.aclanester56.com\/velo\/%c2%ab%c2%a0la-deplacement%c2%a0%c2%bb\/#primaryimage"},"thumbnailUrl":"https:\/\/www.aclanester56.com\/velo\/wp-content\/uploads\/2010\/01\/presentation-station-redim640.JPG","datePublished":"2010-01-18T10:24:22+00:00","dateModified":"2010-01-18T11:01:37+00:00","inLanguage":"fr-FR","potentialAction":[{"@type":"ReadAction","target":["https:\/\/www.aclanester56.com\/velo\/%c2%ab%c2%a0la-deplacement%c2%a0%c2%bb\/"]}]},{"@type":"ImageObject","inLanguage":"fr-FR","@id":"https:\/\/www.aclanester56.com\/velo\/%c2%ab%c2%a0la-deplacement%c2%a0%c2%bb\/#primaryimage","url":"https:\/\/www.aclanester56.com\/velo\/wp-content\/uploads\/2010\/01\/presentation-station-redim640.JPG","contentUrl":"https:\/\/www.aclanester56.com\/velo\/wp-content\/uploads\/2010\/01\/presentation-station-redim640.JPG","width":640,"height":360},{"@type":"WebSite","@id":"https:\/\/www.aclanester56.com\/velo\/#website","url":"https:\/\/www.aclanester56.com\/velo\/","name":"Avenir Cycliste Lanester 56","description":"Club cycliste de l&#039;AC LANESTER 56","publisher":{"@id":"https:\/\/www.aclanester56.com\/velo\/#organization"},"potentialAction":[{"@type":"SearchAction","target":{"@type":"EntryPoint","urlTemplate":"https:\/\/www.aclanester56.com\/velo\/?s={search_term_string}"},"query-input":{"@type":"PropertyValueSpecification","valueRequired":true,"valueName":"search_term_string"}}],"inLanguage":"fr-FR"},{"@type":"Organization","@id":"https:\/\/www.aclanester56.com\/velo\/#organization","name":"Avenir Cycliste Lanester 56","url":"https:\/\/www.aclanester56.com\/velo\/","logo":{"@type":"ImageObject","inLanguage":"fr-FR","@id":"https:\/\/www.aclanester56.com\/velo\/#\/schema\/logo\/image\/","url":"https:\/\/www.aclanester56.com\/velo\/wp-content\/uploads\/2013\/04\/logo-ACL.jpg","contentUrl":"https:\/\/www.aclanester56.com\/velo\/wp-content\/uploads\/2013\/04\/logo-ACL.jpg","width":400,"height":334,"caption":"Avenir Cycliste Lanester 56"},"image":{"@id":"https:\/\/www.aclanester56.com\/velo\/#\/schema\/logo\/image\/"},"sameAs":["https:\/\/www.facebook.com\/pages\/AC-Lanester-56\/190286300991242?fref=ts"]},{"@type":"Person","@id":"https:\/\/www.aclanester56.com\/velo\/#\/schema\/person\/ca2a44a5fd969e9dd846c72d3b33bc01","name":"Jean-Christophe","url":"https:\/\/www.aclanester56.com\/velo\/author\/jeanchristophe\/"}]}},"_links":{"self":[{"href":"https:\/\/www.aclanester56.com\/velo\/wp-json\/wp\/v2\/posts\/1132","targetHints":{"allow":["GET"]}}],"collection":[{"href":"https:\/\/www.aclanester56.com\/velo\/wp-json\/wp\/v2\/posts"}],"about":[{"href":"https:\/\/www.aclanester56.com\/velo\/wp-json\/wp\/v2\/types\/post"}],"author":[{"embeddable":true,"href":"https:\/\/www.aclanester56.com\/velo\/wp-json\/wp\/v2\/users\/14"}],"replies":[{"embeddable":true,"href":"https:\/\/www.aclanester56.com\/velo\/wp-json\/wp\/v2\/comments?post=1132"}],"version-history":[{"count":0,"href":"https:\/\/www.aclanester56.com\/velo\/wp-json\/wp\/v2\/posts\/1132\/revisions"}],"wp:featuredmedia":[{"embeddable":true,"href":"https:\/\/www.aclanester56.com\/velo\/wp-json\/wp\/v2\/media\/1133"}],"wp:attachment":[{"href":"https:\/\/www.aclanester56.com\/velo\/wp-json\/wp\/v2\/media?parent=1132"}],"wp:term":[{"taxonomy":"category","embeddable":true,"href":"https:\/\/www.aclanester56.com\/velo\/wp-json\/wp\/v2\/categories?post=1132"},{"taxonomy":"post_tag","embeddable":true,"href":"https:\/\/www.aclanester56.com\/velo\/wp-json\/wp\/v2\/tags?post=1132"}],"curies":[{"name":"wp","href":"https:\/\/api.w.org\/{rel}","templated":true}]}}