{"id":11371,"date":"2012-04-15T18:00:42","date_gmt":"2012-04-15T17:00:42","guid":{"rendered":"http:\/\/www.aclanester56.com\/velo\/?p=11371"},"modified":"2013-12-22T13:14:58","modified_gmt":"2013-12-22T11:14:58","slug":"presentation-de-la-3eme-etape-du-tro-div-ster-2012-branderion-lanester","status":"publish","type":"post","link":"https:\/\/www.aclanester56.com\/velo\/presentation-de-la-3eme-etape-du-tro-div-ster-2012-branderion-lanester\/","title":{"rendered":"Pr\u00e9sentation de la 3\u00e8me \u00e9tape du Tro Div Ster 2012 : Brand\u00e9rion &#8211; Lanester"},"content":{"rendered":"<p style=\"text-align: justify;\"><!--more--><\/p>\n<p style=\"text-align: justify;\">Le troisi\u00e8me et dernier volet du 13\u00e8me TRO DIV STER aura lieu le dimanche 20 mai apr\u00e8s-midi entre BRANDERION et LANESTER.<\/p>\n<p style=\"text-align: justify;\">D\u00e9couvrez ci-dessous le parcours d\u00e9taill\u00e9 de cette troisi\u00e8me \u00e9tape du TRO DIV STER 2012, avec en prime l\u2019analyse de J\u00e9r\u00f4me LE CALVE, qui est l\u2019auteur de ce joli trac\u00e9 !<\/p>\n<p>\u00a0\u00a0\u00a0<\/p>\n<div id=\"attachment_11422\" style=\"width: 410px\" class=\"wp-caption alignright\"><a href=\"http:\/\/www.aclanester56.com\/velo\/wp-content\/uploads\/2012\/04\/TDS2011_0105.jpg\"><img loading=\"lazy\" decoding=\"async\" aria-describedby=\"caption-attachment-11422\" class=\"size-full wp-image-11422\" title=\"J\u00e9rome Le Calv\u00e9 (ici \u00e0 l'arri\u00e8re de la moto s\u00e9curit\u00e9 MAS 56 l'an pass\u00e9 au d\u00e9part d'Erdeven), qui a trac\u00e9 le parcours du Tro Div Ster 2012, nous livre les \u00e9l\u00e9ments cl\u00e9s de la 3\u00e8me \u00e9tape qui se d\u00e9roulera entre Brand\u00e9rion et Lanester (photo Michel Le Douairon)\" alt=\"\" src=\"http:\/\/www.aclanester56.com\/velo\/wp-content\/uploads\/2012\/04\/TDS2011_0105.jpg\" width=\"400\" height=\"266\" srcset=\"https:\/\/www.aclanester56.com\/velo\/wp-content\/uploads\/2012\/04\/TDS2011_0105.jpg 800w, https:\/\/www.aclanester56.com\/velo\/wp-content\/uploads\/2012\/04\/TDS2011_0105-300x199.jpg 300w, https:\/\/www.aclanester56.com\/velo\/wp-content\/uploads\/2012\/04\/TDS2011_0105-450x300.jpg 450w\" sizes=\"auto, (max-width: 400px) 100vw, 400px\" \/><\/a><p id=\"caption-attachment-11422\" class=\"wp-caption-text\">J\u00e9rome Le Calv\u00e9 (ici \u00e0 l&rsquo;arri\u00e8re de la moto s\u00e9curit\u00e9 MAS 56 l&rsquo;an pass\u00e9 au d\u00e9part d&rsquo;Erdeven), qui a trac\u00e9 le parcours du Tro Div Ster 2012, nous livre les \u00e9l\u00e9ments cl\u00e9s de la 3\u00e8me \u00e9tape qui se d\u00e9roulera entre Brand\u00e9rion et Lanester (photo Michel Le Douairon)<\/p><\/div>\n<p style=\"text-align: justify;\"><span style=\"color: #ff6600;\"><strong>L&rsquo;analyse de J\u00e9r\u00f4me Le Calv\u00e9 sur cette 3\u00e8me \u00e9tape<\/strong><\/span><\/p>\n<p style=\"text-align: justify;\"><em>\u00ab\u00a0Attention \u00e0 cette \u00e9tape qui peut cr\u00e9er des surprises ! En g\u00e9n\u00e9ral, rien n&rsquo;est jou\u00e9 et \u00e7a peut partir tr\u00e8s t\u00f4t. Le circuit de d\u00e9part de Brand\u00e9rion est propice aux \u00e9chapp\u00e9es et ceux qui auront pris les devants ne seront peut-\u00eatre pas revus tout de suite. Le trac\u00e9 en ligne est tr\u00e8s vallonn\u00e9.<\/em><\/p>\n<p style=\"text-align: justify;\"><em>Languidic pass\u00e9, tout s&rsquo;enchaine : l&rsquo;ascension vers la Fontaine du Vin et m\u00eame pas le temps de s&rsquo;abreuver, on attaque de suite la mont\u00e9e de Penquesten, on file vers Lochrist et la remont\u00e9e vers Inzinzac constitue une grosse difficult\u00e9.<\/em><\/p>\n<p style=\"text-align: justify;\"><em>Apr\u00e8s la Fontaine du Vin, nous voici \u00e0 Kerchopine &#8211; on se croirait \u00e0 la route du vignoble &#8211; puis retour vers Lanester sur une route toboggan.<\/em><\/p>\n<p style=\"text-align: justify;\"><em>Nous arrivons enfin sur le circuit final de Lanester qui cr\u00e9e bien souvent des surprises ! Tout le monde le connait et pourtant tous les ans, tout le monde est surpris.<\/em><\/p>\n<p style=\"text-align: justify;\"><em>Le vainqueur de ce TRO DIV STER sera \u00e0 coup s\u00fbr comme ses pr\u00e9d\u00e9cesseurs un coursier tr\u00e8s complet et fin tacticien !\u00a0\u00bb<\/em><\/p>\n<p style=\"text-align: justify;\"><span style=\"color: #ff6600;\"><strong>Brand\u00e9rion accueille le d\u00e9part de la derni\u00e8re \u00e9tape !<\/strong><\/span><\/p>\n<p style=\"text-align: justify;\">Nos amis de BRANDERION accueilleront le d\u00e9part de la 3\u00e8me et derni\u00e8re \u00e9tape de l&rsquo;\u00e9dition du TRO DIV STER, qui sera d\u00e9terminante pour l&rsquo;attribution du maillot jaune au vainqueur final. La caravane et le peloton commenceront par 3 boucles de 5.1 Km dans les rues de BRANDERION.<\/p>\n<div id=\"attachment_11372\" style=\"width: 340px\" class=\"wp-caption alignright\"><a href=\"http:\/\/www.aclanester56.com\/velo\/wp-content\/uploads\/2012\/04\/circuit-branderion-800x564.png\"><img loading=\"lazy\" decoding=\"async\" aria-describedby=\"caption-attachment-11372\" class=\"size-large wp-image-11372\" title=\"Relief du circuit de Brand\u00e9rion (5.1 Km x 3 tours)\" alt=\"\" src=\"http:\/\/www.aclanester56.com\/velo\/wp-content\/uploads\/2012\/04\/circuit-branderion-800x564.png\" width=\"330\" height=\"233\" srcset=\"https:\/\/www.aclanester56.com\/velo\/wp-content\/uploads\/2012\/04\/circuit-branderion-800x564.png 800w, https:\/\/www.aclanester56.com\/velo\/wp-content\/uploads\/2012\/04\/circuit-branderion-300x211.png 300w, https:\/\/www.aclanester56.com\/velo\/wp-content\/uploads\/2012\/04\/circuit-branderion-425x300.png 425w, https:\/\/www.aclanester56.com\/velo\/wp-content\/uploads\/2012\/04\/circuit-branderion.png 850w\" sizes=\"auto, (max-width: 330px) 100vw, 330px\" \/><\/a><p id=\"caption-attachment-11372\" class=\"wp-caption-text\">Relief du circuit de Brand\u00e9rion (5.1 Km x 3 tours)<\/p><\/div>\n<p style=\"text-align: left;\"><iframe loading=\"lazy\" src=\"http:\/\/maps.google.fr\/maps?saddr=Av.+Abb%C3%A9+Louis+le+Cam%2FD765&amp;daddr=47.791961,-3.1893914+to:47.800423,-3.1899766+to:47.80326,-3.20538+to:Av.+G%C3%A9n+de+Gaulle%2FD765&amp;hl=fr&amp;ie=UTF8&amp;sll=47.79649,-3.19695&amp;sspn=0.01675,0.034847&amp;geocode=FddF2QIdZD3P_w%3BFVk_2QIdcVXP_ykfidKUhUMQSDGBYW0kzaUMEw%3BFWdg2QIdKFPP_ylNnMMnf0QQSDHx-tILawjInw%3BFXxr2QId_BbP_ylBnfS2hkQQSDHRla4ezaUMEw%3BFVND2QIdx0HP_w&amp;mra=dme&amp;mrsp=4&amp;sz=16&amp;via=1,2,3&amp;t=m&amp;z=14&amp;output=embed\" height=\"271\" width=\"330\" frameborder=\"0\" marginwidth=\"0\" marginheight=\"0\" scrolling=\"no\"><\/iframe><br \/><small><a style=\"color: #0000ff; text-align: left;\" href=\"http:\/\/maps.google.fr\/maps?saddr=Av.+Abb%C3%A9+Louis+le+Cam%2FD765&amp;daddr=47.791961,-3.1893914+to:47.800423,-3.1899766+to:47.80326,-3.20538+to:Av.+G%C3%A9n+de+Gaulle%2FD765&amp;hl=fr&amp;ie=UTF8&amp;sll=47.79649,-3.19695&amp;sspn=0.01675,0.034847&amp;geocode=FddF2QIdZD3P_w%3BFVk_2QIdcVXP_ykfidKUhUMQSDGBYW0kzaUMEw%3BFWdg2QIdKFPP_ylNnMMnf0QQSDHx-tILawjInw%3BFXxr2QId_BbP_ylBnfS2hkQQSDHRla4ezaUMEw%3BFVND2QIdx0HP_w&amp;mra=dme&amp;mrsp=4&amp;sz=16&amp;via=1,2,3&amp;t=m&amp;z=14&amp;source=embed\">Agrandir le plan<\/a><\/small><\/p>\n<p style=\"text-align: justify;\"><span style=\"color: #ff6600;\"><strong>Le parcours en ligne !<\/strong><\/span><\/p>\n<p style=\"text-align: justify;\">Apr\u00e8s les tours de circuit \u00e0 BRANDERION, les coureurs fileront \u00e0 toute allure vers LANESTER en passant notamment par LANGUIDIC, PENQUESTEN et CALAN.<\/p>\n<div id=\"attachment_11375\" style=\"width: 340px\" class=\"wp-caption alignright\"><a href=\"http:\/\/www.aclanester56.com\/velo\/wp-content\/uploads\/2012\/04\/branderion-lanester-800x564.png\"><img loading=\"lazy\" decoding=\"async\" aria-describedby=\"caption-attachment-11375\" class=\"size-large wp-image-11375\" title=\"Relief de la course en ligne entre Brand\u00e9rion et Lanester\" alt=\"\" src=\"http:\/\/www.aclanester56.com\/velo\/wp-content\/uploads\/2012\/04\/branderion-lanester-800x564.png\" width=\"330\" height=\"233\" srcset=\"https:\/\/www.aclanester56.com\/velo\/wp-content\/uploads\/2012\/04\/branderion-lanester-800x564.png 800w, https:\/\/www.aclanester56.com\/velo\/wp-content\/uploads\/2012\/04\/branderion-lanester-300x211.png 300w, https:\/\/www.aclanester56.com\/velo\/wp-content\/uploads\/2012\/04\/branderion-lanester-425x300.png 425w, https:\/\/www.aclanester56.com\/velo\/wp-content\/uploads\/2012\/04\/branderion-lanester.png 850w\" sizes=\"auto, (max-width: 330px) 100vw, 330px\" \/><\/a><p id=\"caption-attachment-11375\" class=\"wp-caption-text\">Relief de la course en ligne entre Brand\u00e9rion et Lanester<\/p><\/div>\n<p><iframe loading=\"lazy\" src=\"http:\/\/maps.google.fr\/maps?saddr=Av.+G%C3%A9n+de+Gaulle%2FD765&amp;daddr=47.79471,-3.1893+to:47.83113,-3.16045+to:47.8680143,-3.2057466+to:47.82703,-3.24964+to:47.842341,-3.26835+to:47.84574,-3.26687+to:47.87728,-3.32395+to:47.87918,-3.33696+to:47.873543,-3.336409+to:47.8599718,-3.3266905+to:47.830621,-3.312466+to:47.82288,-3.31145+to:47.8046971,-3.3177403+to:47.7965527,-3.3200678+to:47.780378,-3.311282+to:47.772447,-3.3107201+to:Rue+de+Lann+Gazec&amp;hl=fr&amp;ie=UTF8&amp;sll=47.776771,-3.32345&amp;sspn=0.026475,0.063386&amp;geocode=FZY72QIdB1DP_w%3BFRZK2QIdzFXP_ykfidKUhUMQSDGBYW0kzaUMEw%3BFVrY2QIdfsbP_ymVYyRHKEQQSDGhN5gezaUMEw%3BFW5o2gIdjhXP_ykDdlb-gkUQSDEapLhEBAw_eg%3BFVbI2QIdGGrO_ymF4oBrLVsQSDHRBWgezaUMEw%3BFSUE2gIdAiHO_ynV2qBD3FoQSDHAl2cezaUMEw%3BFWwR2gIdyibO_yn142yu3FoQSDFAgG0kzaUMEw%3BFaCM2gId0kfN_ylBKskcoVAQSDGh8WMezaUMEw%3BFQyU2gIdABXN_yl3AfIbrFAQSDE0P2_UJffcUA%3BFQd-2gIdJxfN_ymxv-2yAFoQSDGRh0ggzaUMEw%3BFQNJ2gIdHj3N_yltoYtWEVoQSDHR8a4hzaUMEw%3BFV3W2QIdrnTN_ymHojLYtVsQSDFg89MhzaUMEw%3BFSC42QIdpnjN_ynv8Ci0uVsQSDHw96ghzaUMEw%3BFRlx2QIdFGDN_ykFcprj8VsQSDHfjcZXa2G9XA%3BFUhR2QId_VbN_yn_n6So91sQSDF49-rbp6xAtQ%3BFRoS2QIdTnnN_ylhrR2-E1wQSDHymhN8Pt8d9w%3BFR_z2AIdgHvN_ynprtD6PlwQSDGDE7ZjRkeYKg%3BFQbd2AIddhLN_w&amp;mra=dvme&amp;mrsp=16&amp;sz=15&amp;via=1,2,3,4,5,6,7,8,9,10,11,12,13,14,15,16&amp;t=m&amp;ll=47.82422,-3.251266&amp;spn=0.161357,0.291824&amp;z=11&amp;output=embed\" height=\"271\" width=\"330\" frameborder=\"0\" marginwidth=\"0\" marginheight=\"0\" scrolling=\"no\"><\/iframe><br \/><small><a style=\"color: #0000ff; text-align: left;\" href=\"http:\/\/maps.google.fr\/maps?saddr=Av.+G%C3%A9n+de+Gaulle%2FD765&amp;daddr=47.79471,-3.1893+to:47.83113,-3.16045+to:47.8680143,-3.2057466+to:47.82703,-3.24964+to:47.842341,-3.26835+to:47.84574,-3.26687+to:47.87728,-3.32395+to:47.87918,-3.33696+to:47.873543,-3.336409+to:47.8599718,-3.3266905+to:47.830621,-3.312466+to:47.82288,-3.31145+to:47.8046971,-3.3177403+to:47.7965527,-3.3200678+to:47.780378,-3.311282+to:47.772447,-3.3107201+to:Rue+de+Lann+Gazec&amp;hl=fr&amp;ie=UTF8&amp;sll=47.776771,-3.32345&amp;sspn=0.026475,0.063386&amp;geocode=FZY72QIdB1DP_w%3BFRZK2QIdzFXP_ykfidKUhUMQSDGBYW0kzaUMEw%3BFVrY2QIdfsbP_ymVYyRHKEQQSDGhN5gezaUMEw%3BFW5o2gIdjhXP_ykDdlb-gkUQSDEapLhEBAw_eg%3BFVbI2QIdGGrO_ymF4oBrLVsQSDHRBWgezaUMEw%3BFSUE2gIdAiHO_ynV2qBD3FoQSDHAl2cezaUMEw%3BFWwR2gIdyibO_yn142yu3FoQSDFAgG0kzaUMEw%3BFaCM2gId0kfN_ylBKskcoVAQSDGh8WMezaUMEw%3BFQyU2gIdABXN_yl3AfIbrFAQSDE0P2_UJffcUA%3BFQd-2gIdJxfN_ymxv-2yAFoQSDGRh0ggzaUMEw%3BFQNJ2gIdHj3N_yltoYtWEVoQSDHR8a4hzaUMEw%3BFV3W2QIdrnTN_ymHojLYtVsQSDFg89MhzaUMEw%3BFSC42QIdpnjN_ynv8Ci0uVsQSDHw96ghzaUMEw%3BFRlx2QIdFGDN_ykFcprj8VsQSDHfjcZXa2G9XA%3BFUhR2QId_VbN_yn_n6So91sQSDF49-rbp6xAtQ%3BFRoS2QIdTnnN_ylhrR2-E1wQSDHymhN8Pt8d9w%3BFR_z2AIdgHvN_ynprtD6PlwQSDGDE7ZjRkeYKg%3BFQbd2AIddhLN_w&amp;mra=dvme&amp;mrsp=16&amp;sz=15&amp;via=1,2,3,4,5,6,7,8,9,10,11,12,13,14,15,16&amp;t=m&amp;ll=47.82422,-3.251266&amp;spn=0.161357,0.291824&amp;z=11&amp;source=embed\">Agrandir le plan<\/a><\/small><\/p>\n<p style=\"text-align: justify;\"><span style=\"color: #ff6600;\"><strong>Le traditionnel final \u00e0 Lanester !<\/strong><\/span><\/p>\n<p style=\"text-align: justify;\">Apr\u00e8s 64 Km de course depuis le d\u00e9part de l&rsquo;\u00e9tape \u00e0 BRANDERION, les coureurs termineront par 5 tours de 6.2 Km autour de LANESTER qui d\u00e9termineront enfin le vainqueur final du TRO DIV STER 2012 !<\/p>\n<div id=\"attachment_11378\" style=\"width: 340px\" class=\"wp-caption alignright\"><a href=\"http:\/\/www.aclanester56.com\/velo\/wp-content\/uploads\/2012\/04\/circuit-lanester-800x564.png\"><img loading=\"lazy\" decoding=\"async\" aria-describedby=\"caption-attachment-11378\" class=\"size-large wp-image-11378\" title=\"Relief du circuit final \u00e0 Lanester (6.2 Km x 5 tours)\" alt=\"\" src=\"http:\/\/www.aclanester56.com\/velo\/wp-content\/uploads\/2012\/04\/circuit-lanester-800x564.png\" width=\"330\" height=\"233\" srcset=\"https:\/\/www.aclanester56.com\/velo\/wp-content\/uploads\/2012\/04\/circuit-lanester-800x564.png 800w, https:\/\/www.aclanester56.com\/velo\/wp-content\/uploads\/2012\/04\/circuit-lanester-300x211.png 300w, https:\/\/www.aclanester56.com\/velo\/wp-content\/uploads\/2012\/04\/circuit-lanester-425x300.png 425w, https:\/\/www.aclanester56.com\/velo\/wp-content\/uploads\/2012\/04\/circuit-lanester.png 850w\" sizes=\"auto, (max-width: 330px) 100vw, 330px\" \/><\/a><p id=\"caption-attachment-11378\" class=\"wp-caption-text\">Relief du circuit final \u00e0 Lanester (6.2 Km x 5 tours)<\/p><\/div>\n<p><iframe loading=\"lazy\" src=\"http:\/\/maps.google.fr\/maps?saddr=Av.+Fran%C3%A7ois+Mitterrand%2FD194&amp;daddr=47.7676971,-3.3375564+to:47.77535,-3.32722+to:Av.+Fran%C3%A7ois+Mitterrand%2FD194&amp;hl=fr&amp;ie=UTF8&amp;sll=47.765768,-3.331089&amp;sspn=0.01324,0.031693&amp;geocode=FZ7b2AIdyh3N_w%3BFZHg2AIdrBLN_ykLecSqm14QSDHQy_MfzaUMEw%3BFXb-2AIdDDvN_ymn2yyCH1wQSDHA3H0hzaUMEw%3BFXLb2AIdtx7N_w&amp;mra=dme&amp;mrsp=3&amp;sz=16&amp;via=1,2&amp;t=m&amp;ll=47.773022,-3.322334&amp;spn=0.020189,0.036478&amp;z=14&amp;output=embed\" height=\"271\" width=\"330\" frameborder=\"0\" marginwidth=\"0\" marginheight=\"0\" scrolling=\"no\"><\/iframe><br \/><small><a style=\"color: #0000ff; text-align: left;\" href=\"http:\/\/maps.google.fr\/maps?saddr=Av.+Fran%C3%A7ois+Mitterrand%2FD194&amp;daddr=47.7676971,-3.3375564+to:47.77535,-3.32722+to:Av.+Fran%C3%A7ois+Mitterrand%2FD194&amp;hl=fr&amp;ie=UTF8&amp;sll=47.765768,-3.331089&amp;sspn=0.01324,0.031693&amp;geocode=FZ7b2AIdyh3N_w%3BFZHg2AIdrBLN_ykLecSqm14QSDHQy_MfzaUMEw%3BFXb-2AIdDDvN_ymn2yyCH1wQSDHA3H0hzaUMEw%3BFXLb2AIdtx7N_w&amp;mra=dme&amp;mrsp=3&amp;sz=16&amp;via=1,2&amp;t=m&amp;ll=47.773022,-3.322334&amp;spn=0.020189,0.036478&amp;z=14&amp;source=embed\">Agrandir le plan<\/a><\/small><\/p>\n<p style=\"text-align: justify;\"><span style=\"color: #ff6600;\"><strong>Le parcours anim\u00e9 en vid\u00e9o !<\/strong><\/span><\/p>\n<p style=\"text-align: justify;\">Nous vous proposons de d\u00e9couvrir ci-dessous les parcours anim\u00e9s en vid\u00e9o du circuit de d\u00e9part \u00e0 BRANDERION, du parcours en ligne, ainsi que du circuit final \u00e0 LANESTER !<\/p>\n<p style=\"text-align: center;\"><iframe loading=\"lazy\" src=\"http:\/\/www.youtube.com\/embed\/nD5jwO8Qfqw\" height=\"315\" width=\"560\" allowfullscreen=\"\" frameborder=\"0\"><\/iframe><\/p>\n<p style=\"text-align: center;\"><iframe loading=\"lazy\" src=\"http:\/\/www.youtube.com\/embed\/UEUXNTRfcsE\" height=\"315\" width=\"560\" allowfullscreen=\"\" frameborder=\"0\"><\/iframe><\/p>\n<p style=\"text-align: center;\"><iframe loading=\"lazy\" src=\"http:\/\/www.youtube.com\/embed\/-XfG1ONPSXU\" height=\"315\" width=\"420\" allowfullscreen=\"\" frameborder=\"0\"><\/iframe><\/p>\n<p>&nbsp;<\/p>\n","protected":false},"excerpt":{"rendered":"","protected":false},"author":14,"featured_media":11444,"comment_status":"open","ping_status":"closed","sticky":false,"template":"","format":"standard","meta":{"ngg_post_thumbnail":0,"footnotes":""},"categories":[5,8,7],"tags":[],"class_list":["post-11371","post","type-post","status-publish","format-standard","has-post-thumbnail","hentry","category-ac-lanester-56","category-tro-div-ster","category-organisations"],"yoast_head":"<!-- This site is optimized with the Yoast SEO plugin v27.5 - https:\/\/yoast.com\/product\/yoast-seo-wordpress\/ -->\n<title>Pr\u00e9sentation de la 3\u00e8me \u00e9tape du Tro Div Ster 2012 : Brand\u00e9rion - Lanester - Avenir Cycliste Lanester 56<\/title>\n<meta name=\"robots\" content=\"index, follow, max-snippet:-1, max-image-preview:large, max-video-preview:-1\" \/>\n<link rel=\"canonical\" href=\"https:\/\/www.aclanester56.com\/velo\/presentation-de-la-3eme-etape-du-tro-div-ster-2012-branderion-lanester\/\" \/>\n<meta property=\"og:locale\" content=\"fr_FR\" \/>\n<meta property=\"og:type\" content=\"article\" \/>\n<meta property=\"og:title\" content=\"Pr\u00e9sentation de la 3\u00e8me \u00e9tape du Tro Div Ster 2012 : Brand\u00e9rion - Lanester - Avenir Cycliste Lanester 56\" \/>\n<meta property=\"og:url\" content=\"https:\/\/www.aclanester56.com\/velo\/presentation-de-la-3eme-etape-du-tro-div-ster-2012-branderion-lanester\/\" \/>\n<meta property=\"og:site_name\" content=\"Avenir Cycliste Lanester 56\" \/>\n<meta property=\"article:publisher\" content=\"https:\/\/www.facebook.com\/pages\/AC-Lanester-56\/190286300991242?fref=ts\" \/>\n<meta property=\"article:published_time\" content=\"2012-04-15T17:00:42+00:00\" \/>\n<meta property=\"article:modified_time\" content=\"2013-12-22T11:14:58+00:00\" \/>\n<meta property=\"og:image\" content=\"https:\/\/www.aclanester56.com\/velo\/wp-content\/uploads\/2012\/04\/TDS2011_0130-Copie.jpg\" \/>\n\t<meta property=\"og:image:width\" content=\"650\" \/>\n\t<meta property=\"og:image:height\" content=\"300\" \/>\n\t<meta property=\"og:image:type\" content=\"image\/jpeg\" \/>\n<meta name=\"author\" content=\"Jean-Christophe\" \/>\n<meta name=\"twitter:label1\" content=\"\u00c9crit par\" \/>\n\t<meta name=\"twitter:data1\" content=\"Jean-Christophe\" \/>\n\t<meta name=\"twitter:label2\" content=\"Dur\u00e9e de lecture estim\u00e9e\" \/>\n\t<meta name=\"twitter:data2\" content=\"3 minutes\" \/>\n<script type=\"application\/ld+json\" class=\"yoast-schema-graph\">{\"@context\":\"https:\\\/\\\/schema.org\",\"@graph\":[{\"@type\":\"Article\",\"@id\":\"https:\\\/\\\/www.aclanester56.com\\\/velo\\\/presentation-de-la-3eme-etape-du-tro-div-ster-2012-branderion-lanester\\\/#article\",\"isPartOf\":{\"@id\":\"https:\\\/\\\/www.aclanester56.com\\\/velo\\\/presentation-de-la-3eme-etape-du-tro-div-ster-2012-branderion-lanester\\\/\"},\"author\":{\"name\":\"Jean-Christophe\",\"@id\":\"https:\\\/\\\/www.aclanester56.com\\\/velo\\\/#\\\/schema\\\/person\\\/ca2a44a5fd969e9dd846c72d3b33bc01\"},\"headline\":\"Pr\u00e9sentation de la 3\u00e8me \u00e9tape du Tro Div Ster 2012 : Brand\u00e9rion &#8211; Lanester\",\"datePublished\":\"2012-04-15T17:00:42+00:00\",\"dateModified\":\"2013-12-22T11:14:58+00:00\",\"mainEntityOfPage\":{\"@id\":\"https:\\\/\\\/www.aclanester56.com\\\/velo\\\/presentation-de-la-3eme-etape-du-tro-div-ster-2012-branderion-lanester\\\/\"},\"wordCount\":543,\"commentCount\":0,\"publisher\":{\"@id\":\"https:\\\/\\\/www.aclanester56.com\\\/velo\\\/#organization\"},\"image\":{\"@id\":\"https:\\\/\\\/www.aclanester56.com\\\/velo\\\/presentation-de-la-3eme-etape-du-tro-div-ster-2012-branderion-lanester\\\/#primaryimage\"},\"thumbnailUrl\":\"https:\\\/\\\/www.aclanester56.com\\\/velo\\\/wp-content\\\/uploads\\\/2012\\\/04\\\/TDS2011_0130-Copie.jpg\",\"articleSection\":[\"AC LANESTER 56\",\"Le Tro Div Ster\",\"Les organisations\"],\"inLanguage\":\"fr-FR\",\"potentialAction\":[{\"@type\":\"CommentAction\",\"name\":\"Comment\",\"target\":[\"https:\\\/\\\/www.aclanester56.com\\\/velo\\\/presentation-de-la-3eme-etape-du-tro-div-ster-2012-branderion-lanester\\\/#respond\"]}]},{\"@type\":\"WebPage\",\"@id\":\"https:\\\/\\\/www.aclanester56.com\\\/velo\\\/presentation-de-la-3eme-etape-du-tro-div-ster-2012-branderion-lanester\\\/\",\"url\":\"https:\\\/\\\/www.aclanester56.com\\\/velo\\\/presentation-de-la-3eme-etape-du-tro-div-ster-2012-branderion-lanester\\\/\",\"name\":\"Pr\u00e9sentation de la 3\u00e8me \u00e9tape du Tro Div Ster 2012 : Brand\u00e9rion - Lanester - Avenir Cycliste Lanester 56\",\"isPartOf\":{\"@id\":\"https:\\\/\\\/www.aclanester56.com\\\/velo\\\/#website\"},\"primaryImageOfPage\":{\"@id\":\"https:\\\/\\\/www.aclanester56.com\\\/velo\\\/presentation-de-la-3eme-etape-du-tro-div-ster-2012-branderion-lanester\\\/#primaryimage\"},\"image\":{\"@id\":\"https:\\\/\\\/www.aclanester56.com\\\/velo\\\/presentation-de-la-3eme-etape-du-tro-div-ster-2012-branderion-lanester\\\/#primaryimage\"},\"thumbnailUrl\":\"https:\\\/\\\/www.aclanester56.com\\\/velo\\\/wp-content\\\/uploads\\\/2012\\\/04\\\/TDS2011_0130-Copie.jpg\",\"datePublished\":\"2012-04-15T17:00:42+00:00\",\"dateModified\":\"2013-12-22T11:14:58+00:00\",\"inLanguage\":\"fr-FR\",\"potentialAction\":[{\"@type\":\"ReadAction\",\"target\":[\"https:\\\/\\\/www.aclanester56.com\\\/velo\\\/presentation-de-la-3eme-etape-du-tro-div-ster-2012-branderion-lanester\\\/\"]}]},{\"@type\":\"ImageObject\",\"inLanguage\":\"fr-FR\",\"@id\":\"https:\\\/\\\/www.aclanester56.com\\\/velo\\\/presentation-de-la-3eme-etape-du-tro-div-ster-2012-branderion-lanester\\\/#primaryimage\",\"url\":\"https:\\\/\\\/www.aclanester56.com\\\/velo\\\/wp-content\\\/uploads\\\/2012\\\/04\\\/TDS2011_0130-Copie.jpg\",\"contentUrl\":\"https:\\\/\\\/www.aclanester56.com\\\/velo\\\/wp-content\\\/uploads\\\/2012\\\/04\\\/TDS2011_0130-Copie.jpg\",\"width\":650,\"height\":300},{\"@type\":\"WebSite\",\"@id\":\"https:\\\/\\\/www.aclanester56.com\\\/velo\\\/#website\",\"url\":\"https:\\\/\\\/www.aclanester56.com\\\/velo\\\/\",\"name\":\"Avenir Cycliste Lanester 56\",\"description\":\"Club cycliste de l&#039;AC LANESTER 56\",\"publisher\":{\"@id\":\"https:\\\/\\\/www.aclanester56.com\\\/velo\\\/#organization\"},\"potentialAction\":[{\"@type\":\"SearchAction\",\"target\":{\"@type\":\"EntryPoint\",\"urlTemplate\":\"https:\\\/\\\/www.aclanester56.com\\\/velo\\\/?s={search_term_string}\"},\"query-input\":{\"@type\":\"PropertyValueSpecification\",\"valueRequired\":true,\"valueName\":\"search_term_string\"}}],\"inLanguage\":\"fr-FR\"},{\"@type\":\"Organization\",\"@id\":\"https:\\\/\\\/www.aclanester56.com\\\/velo\\\/#organization\",\"name\":\"Avenir Cycliste Lanester 56\",\"url\":\"https:\\\/\\\/www.aclanester56.com\\\/velo\\\/\",\"logo\":{\"@type\":\"ImageObject\",\"inLanguage\":\"fr-FR\",\"@id\":\"https:\\\/\\\/www.aclanester56.com\\\/velo\\\/#\\\/schema\\\/logo\\\/image\\\/\",\"url\":\"https:\\\/\\\/www.aclanester56.com\\\/velo\\\/wp-content\\\/uploads\\\/2013\\\/04\\\/logo-ACL.jpg\",\"contentUrl\":\"https:\\\/\\\/www.aclanester56.com\\\/velo\\\/wp-content\\\/uploads\\\/2013\\\/04\\\/logo-ACL.jpg\",\"width\":400,\"height\":334,\"caption\":\"Avenir Cycliste Lanester 56\"},\"image\":{\"@id\":\"https:\\\/\\\/www.aclanester56.com\\\/velo\\\/#\\\/schema\\\/logo\\\/image\\\/\"},\"sameAs\":[\"https:\\\/\\\/www.facebook.com\\\/pages\\\/AC-Lanester-56\\\/190286300991242?fref=ts\"]},{\"@type\":\"Person\",\"@id\":\"https:\\\/\\\/www.aclanester56.com\\\/velo\\\/#\\\/schema\\\/person\\\/ca2a44a5fd969e9dd846c72d3b33bc01\",\"name\":\"Jean-Christophe\",\"url\":\"https:\\\/\\\/www.aclanester56.com\\\/velo\\\/author\\\/jeanchristophe\\\/\"}]}<\/script>\n<!-- \/ Yoast SEO plugin. -->","yoast_head_json":{"title":"Pr\u00e9sentation de la 3\u00e8me \u00e9tape du Tro Div Ster 2012 : Brand\u00e9rion - Lanester - Avenir Cycliste Lanester 56","robots":{"index":"index","follow":"follow","max-snippet":"max-snippet:-1","max-image-preview":"max-image-preview:large","max-video-preview":"max-video-preview:-1"},"canonical":"https:\/\/www.aclanester56.com\/velo\/presentation-de-la-3eme-etape-du-tro-div-ster-2012-branderion-lanester\/","og_locale":"fr_FR","og_type":"article","og_title":"Pr\u00e9sentation de la 3\u00e8me \u00e9tape du Tro Div Ster 2012 : Brand\u00e9rion - Lanester - Avenir Cycliste Lanester 56","og_url":"https:\/\/www.aclanester56.com\/velo\/presentation-de-la-3eme-etape-du-tro-div-ster-2012-branderion-lanester\/","og_site_name":"Avenir Cycliste Lanester 56","article_publisher":"https:\/\/www.facebook.com\/pages\/AC-Lanester-56\/190286300991242?fref=ts","article_published_time":"2012-04-15T17:00:42+00:00","article_modified_time":"2013-12-22T11:14:58+00:00","og_image":[{"width":650,"height":300,"url":"https:\/\/www.aclanester56.com\/velo\/wp-content\/uploads\/2012\/04\/TDS2011_0130-Copie.jpg","type":"image\/jpeg"}],"author":"Jean-Christophe","twitter_misc":{"\u00c9crit par":"Jean-Christophe","Dur\u00e9e de lecture estim\u00e9e":"3 minutes"},"schema":{"@context":"https:\/\/schema.org","@graph":[{"@type":"Article","@id":"https:\/\/www.aclanester56.com\/velo\/presentation-de-la-3eme-etape-du-tro-div-ster-2012-branderion-lanester\/#article","isPartOf":{"@id":"https:\/\/www.aclanester56.com\/velo\/presentation-de-la-3eme-etape-du-tro-div-ster-2012-branderion-lanester\/"},"author":{"name":"Jean-Christophe","@id":"https:\/\/www.aclanester56.com\/velo\/#\/schema\/person\/ca2a44a5fd969e9dd846c72d3b33bc01"},"headline":"Pr\u00e9sentation de la 3\u00e8me \u00e9tape du Tro Div Ster 2012 : Brand\u00e9rion &#8211; Lanester","datePublished":"2012-04-15T17:00:42+00:00","dateModified":"2013-12-22T11:14:58+00:00","mainEntityOfPage":{"@id":"https:\/\/www.aclanester56.com\/velo\/presentation-de-la-3eme-etape-du-tro-div-ster-2012-branderion-lanester\/"},"wordCount":543,"commentCount":0,"publisher":{"@id":"https:\/\/www.aclanester56.com\/velo\/#organization"},"image":{"@id":"https:\/\/www.aclanester56.com\/velo\/presentation-de-la-3eme-etape-du-tro-div-ster-2012-branderion-lanester\/#primaryimage"},"thumbnailUrl":"https:\/\/www.aclanester56.com\/velo\/wp-content\/uploads\/2012\/04\/TDS2011_0130-Copie.jpg","articleSection":["AC LANESTER 56","Le Tro Div Ster","Les organisations"],"inLanguage":"fr-FR","potentialAction":[{"@type":"CommentAction","name":"Comment","target":["https:\/\/www.aclanester56.com\/velo\/presentation-de-la-3eme-etape-du-tro-div-ster-2012-branderion-lanester\/#respond"]}]},{"@type":"WebPage","@id":"https:\/\/www.aclanester56.com\/velo\/presentation-de-la-3eme-etape-du-tro-div-ster-2012-branderion-lanester\/","url":"https:\/\/www.aclanester56.com\/velo\/presentation-de-la-3eme-etape-du-tro-div-ster-2012-branderion-lanester\/","name":"Pr\u00e9sentation de la 3\u00e8me \u00e9tape du Tro Div Ster 2012 : Brand\u00e9rion - Lanester - Avenir Cycliste Lanester 56","isPartOf":{"@id":"https:\/\/www.aclanester56.com\/velo\/#website"},"primaryImageOfPage":{"@id":"https:\/\/www.aclanester56.com\/velo\/presentation-de-la-3eme-etape-du-tro-div-ster-2012-branderion-lanester\/#primaryimage"},"image":{"@id":"https:\/\/www.aclanester56.com\/velo\/presentation-de-la-3eme-etape-du-tro-div-ster-2012-branderion-lanester\/#primaryimage"},"thumbnailUrl":"https:\/\/www.aclanester56.com\/velo\/wp-content\/uploads\/2012\/04\/TDS2011_0130-Copie.jpg","datePublished":"2012-04-15T17:00:42+00:00","dateModified":"2013-12-22T11:14:58+00:00","inLanguage":"fr-FR","potentialAction":[{"@type":"ReadAction","target":["https:\/\/www.aclanester56.com\/velo\/presentation-de-la-3eme-etape-du-tro-div-ster-2012-branderion-lanester\/"]}]},{"@type":"ImageObject","inLanguage":"fr-FR","@id":"https:\/\/www.aclanester56.com\/velo\/presentation-de-la-3eme-etape-du-tro-div-ster-2012-branderion-lanester\/#primaryimage","url":"https:\/\/www.aclanester56.com\/velo\/wp-content\/uploads\/2012\/04\/TDS2011_0130-Copie.jpg","contentUrl":"https:\/\/www.aclanester56.com\/velo\/wp-content\/uploads\/2012\/04\/TDS2011_0130-Copie.jpg","width":650,"height":300},{"@type":"WebSite","@id":"https:\/\/www.aclanester56.com\/velo\/#website","url":"https:\/\/www.aclanester56.com\/velo\/","name":"Avenir Cycliste Lanester 56","description":"Club cycliste de l&#039;AC LANESTER 56","publisher":{"@id":"https:\/\/www.aclanester56.com\/velo\/#organization"},"potentialAction":[{"@type":"SearchAction","target":{"@type":"EntryPoint","urlTemplate":"https:\/\/www.aclanester56.com\/velo\/?s={search_term_string}"},"query-input":{"@type":"PropertyValueSpecification","valueRequired":true,"valueName":"search_term_string"}}],"inLanguage":"fr-FR"},{"@type":"Organization","@id":"https:\/\/www.aclanester56.com\/velo\/#organization","name":"Avenir Cycliste Lanester 56","url":"https:\/\/www.aclanester56.com\/velo\/","logo":{"@type":"ImageObject","inLanguage":"fr-FR","@id":"https:\/\/www.aclanester56.com\/velo\/#\/schema\/logo\/image\/","url":"https:\/\/www.aclanester56.com\/velo\/wp-content\/uploads\/2013\/04\/logo-ACL.jpg","contentUrl":"https:\/\/www.aclanester56.com\/velo\/wp-content\/uploads\/2013\/04\/logo-ACL.jpg","width":400,"height":334,"caption":"Avenir Cycliste Lanester 56"},"image":{"@id":"https:\/\/www.aclanester56.com\/velo\/#\/schema\/logo\/image\/"},"sameAs":["https:\/\/www.facebook.com\/pages\/AC-Lanester-56\/190286300991242?fref=ts"]},{"@type":"Person","@id":"https:\/\/www.aclanester56.com\/velo\/#\/schema\/person\/ca2a44a5fd969e9dd846c72d3b33bc01","name":"Jean-Christophe","url":"https:\/\/www.aclanester56.com\/velo\/author\/jeanchristophe\/"}]}},"_links":{"self":[{"href":"https:\/\/www.aclanester56.com\/velo\/wp-json\/wp\/v2\/posts\/11371","targetHints":{"allow":["GET"]}}],"collection":[{"href":"https:\/\/www.aclanester56.com\/velo\/wp-json\/wp\/v2\/posts"}],"about":[{"href":"https:\/\/www.aclanester56.com\/velo\/wp-json\/wp\/v2\/types\/post"}],"author":[{"embeddable":true,"href":"https:\/\/www.aclanester56.com\/velo\/wp-json\/wp\/v2\/users\/14"}],"replies":[{"embeddable":true,"href":"https:\/\/www.aclanester56.com\/velo\/wp-json\/wp\/v2\/comments?post=11371"}],"version-history":[{"count":0,"href":"https:\/\/www.aclanester56.com\/velo\/wp-json\/wp\/v2\/posts\/11371\/revisions"}],"wp:featuredmedia":[{"embeddable":true,"href":"https:\/\/www.aclanester56.com\/velo\/wp-json\/wp\/v2\/media\/11444"}],"wp:attachment":[{"href":"https:\/\/www.aclanester56.com\/velo\/wp-json\/wp\/v2\/media?parent=11371"}],"wp:term":[{"taxonomy":"category","embeddable":true,"href":"https:\/\/www.aclanester56.com\/velo\/wp-json\/wp\/v2\/categories?post=11371"},{"taxonomy":"post_tag","embeddable":true,"href":"https:\/\/www.aclanester56.com\/velo\/wp-json\/wp\/v2\/tags?post=11371"}],"curies":[{"name":"wp","href":"https:\/\/api.w.org\/{rel}","templated":true}]}}