{"id":1147,"date":"2010-01-18T11:47:24","date_gmt":"2010-01-18T10:47:24","guid":{"rendered":"http:\/\/www.aclanester56.com\/velo\/?p=1147"},"modified":"2010-01-20T11:02:03","modified_gmt":"2010-01-20T10:02:03","slug":"premieres-descentes-a-ski","status":"publish","type":"post","link":"https:\/\/www.aclanester56.com\/velo\/premieres-descentes-a-ski\/","title":{"rendered":"Premi\u00e8res descentes \u00e0 ski"},"content":{"rendered":"<p><!-- \t\t@page { margin: 2cm } \t\tP { margin-bottom: 0.21cm } --><\/p>\n<p style=\"margin-bottom: 0cm\"><a href=\"http:\/\/www.aclanester56.com\/velo\/wp-content\/uploads\/2010\/01\/Photo-4431.jpg\"><img loading=\"lazy\" decoding=\"async\" class=\"alignleft size-medium wp-image-1305\" src=\"http:\/\/www.aclanester56.com\/velo\/wp-content\/uploads\/2010\/01\/Photo-4431-300x225.jpg\" alt=\"\" width=\"300\" height=\"225\" srcset=\"https:\/\/www.aclanester56.com\/velo\/wp-content\/uploads\/2010\/01\/Photo-4431-300x225.jpg 300w, https:\/\/www.aclanester56.com\/velo\/wp-content\/uploads\/2010\/01\/Photo-4431.jpg 800w\" sizes=\"auto, (max-width: 300px) 100vw, 300px\" \/><\/a>17 JANVIER 2010 :<\/p>\n<p style=\"margin-bottom: 0cm\">Le matin : Les n\u00e9ophytes en ski.<\/p>\n<p style=\"margin-bottom: 0cm\">Romain GUILLOU, Alastair CARR et Matthieu GAULTIER ont pu d\u00e9couvrir les joies de la glisse agr\u00e9ment\u00e9es par des chutes b\u00e9nignes.<\/p>\n<p style=\"margin-bottom: 0cm\">\u00a0<\/p>\n<p style=\"margin-bottom: 0cm\">\u00a0<\/p>\n<p style=\"margin-bottom: 0cm\">\u00a0<\/p>\n<p style=\"margin-bottom: 0cm\">\u00a0<\/p>\n<p style=\"margin-bottom: 0cm\">\u00a0<\/p>\n<p style=\"margin-bottom: 0cm\"><!--more--><\/p>\n<p><!-- \t\t@page { margin: 2cm } \t\tP { margin-bottom: 0.21cm } --><\/p>\n<p style=\"margin-bottom: 0cm\">\u00a0<\/p>\n<p style=\"margin-bottom: 0cm\">Le reste de la troupe a d\u00e9val\u00e9 sans encombre les nombreuses pistes du domaine skiable de Peyragudes et des Agudes (autre versant).<\/p>\n<p style=\"margin-bottom: 0cm\">La visibilit\u00e9 \u00e9tant r\u00e9duite, cela a frein\u00e9 les ardeurs des plus Kamikazes (Kevin SADOUDI).<\/p>\n<p style=\"margin-bottom: 0cm\">\u00a0<\/p>\n<p style=\"margin-bottom: 0cm\">L&rsquo;apr\u00e8s-midi :<\/p>\n<p style=\"margin-bottom: 0cm\">La deuxi\u00e8me sortie du stage nous a conduit sur les pentes du col de Superbagn\u00e8res ( 19 km ),<\/p>\n<p style=\"margin-bottom: 0cm\">ou les talents de grimpeur de Warren BARGUIL ne sont plus \u00e0 d\u00e9montrer.<\/p>\n<p style=\"margin-bottom: 0cm\">En l&rsquo;occurance Vincent GUEZENNEC a eu des difficult\u00e9es \u00e0 retrouver ses marques dans la descente.<\/p>\n<p style=\"margin-bottom: 0cm\">La remont\u00e9e de Peyresourde par Luchon nous a gratifi\u00e9 d&rsquo;un magnifique paysage enneig\u00e9.<\/p>\n<p style=\"margin-bottom: 0cm\"><img loading=\"lazy\" decoding=\"async\" class=\"alignleft size-thumbnail wp-image-1162\" src=\"http:\/\/www.aclanester56.com\/velo\/wp-content\/uploads\/2010\/01\/IMG_2899-redim6401-150x150.jpg\" alt=\"IMG_2899-redim640\" width=\"150\" height=\"150\" \/><img loading=\"lazy\" decoding=\"async\" class=\"alignleft size-thumbnail wp-image-1164\" src=\"http:\/\/www.aclanester56.com\/velo\/wp-content\/uploads\/2010\/01\/DSC02013-redim640-150x150.jpg\" alt=\"DSC02013-redim640\" width=\"150\" height=\"150\" \/><img loading=\"lazy\" decoding=\"async\" class=\"alignleft size-thumbnail wp-image-1165\" src=\"http:\/\/www.aclanester56.com\/velo\/wp-content\/uploads\/2010\/01\/DSC02015-redim640-150x150.jpg\" alt=\"DSC02015-redim640\" width=\"150\" height=\"150\" \/><img loading=\"lazy\" decoding=\"async\" class=\"alignleft size-thumbnail wp-image-1167\" src=\"http:\/\/www.aclanester56.com\/velo\/wp-content\/uploads\/2010\/01\/DSC02038-redim640-150x150.jpg\" alt=\"DSC02038-redim640\" width=\"150\" height=\"150\" \/><img loading=\"lazy\" decoding=\"async\" class=\"alignleft size-thumbnail wp-image-1168\" src=\"http:\/\/www.aclanester56.com\/velo\/wp-content\/uploads\/2010\/01\/DSC02042-redim640-150x150.jpg\" alt=\"DSC02042-redim640\" width=\"150\" height=\"150\" \/><img loading=\"lazy\" decoding=\"async\" class=\"alignleft size-thumbnail wp-image-1169\" src=\"http:\/\/www.aclanester56.com\/velo\/wp-content\/uploads\/2010\/01\/DSC02047-redim640-150x150.jpg\" alt=\"DSC02047-redim640\" width=\"150\" height=\"150\" \/><img loading=\"lazy\" decoding=\"async\" class=\"alignleft size-thumbnail wp-image-1170\" src=\"http:\/\/www.aclanester56.com\/velo\/wp-content\/uploads\/2010\/01\/DSC02077-redim640-150x150.jpg\" alt=\"DSC02077-redim640\" width=\"150\" height=\"150\" \/><img loading=\"lazy\" decoding=\"async\" class=\"alignleft size-thumbnail wp-image-1171\" src=\"http:\/\/www.aclanester56.com\/velo\/wp-content\/uploads\/2010\/01\/DSC02088-redim640-150x150.jpg\" alt=\"DSC02088-redim640\" width=\"150\" height=\"150\" \/><img loading=\"lazy\" decoding=\"async\" class=\"size-thumbnail wp-image-1172 alignnone\" src=\"http:\/\/www.aclanester56.com\/velo\/wp-content\/uploads\/2010\/01\/DSC02092-redim640-150x150.jpg\" alt=\"DSC02092-redim640\" width=\"150\" height=\"150\" \/><\/p>\n<p style=\"margin-bottom: 0cm\">\u00a0<\/p>\n<p style=\"margin-bottom: 0cm\">L&rsquo;image du jour :<\/p>\n<p style=\"margin-bottom: 0cm\">Sur les traces de notre Champion de France de cyclo cross Matthieu BOULO&#8230;<\/p>\n<p style=\"margin-bottom: 0cm\"><img loading=\"lazy\" decoding=\"async\" class=\"size-full wp-image-1175  alignnone\" src=\"http:\/\/www.aclanester56.com\/velo\/wp-content\/uploads\/2010\/01\/DSC02054-redim640.JPG\" alt=\"DSC02054-redim640\" width=\"486\" height=\"325\" srcset=\"https:\/\/www.aclanester56.com\/velo\/wp-content\/uploads\/2010\/01\/DSC02054-redim640.JPG 640w, https:\/\/www.aclanester56.com\/velo\/wp-content\/uploads\/2010\/01\/DSC02054-redim640-300x200.jpg 300w\" sizes=\"auto, (max-width: 486px) 100vw, 486px\" \/><\/p>\n<p style=\"margin-bottom: 0cm\">\u00a0<\/p>\n<p style=\"margin-bottom: 0cm\">A\u00a0bient\u00f4t &#8230;<\/p>\n<p style=\"margin-bottom: 0cm\">\u00a0<\/p>\n","protected":false},"excerpt":{"rendered":"<p>17 JANVIER 2010 : Le matin : Les n\u00e9ophytes en ski. Romain GUILLOU, Alastair CARR et Matthieu GAULTIER ont pu [&hellip;]<\/p>\n","protected":false},"author":14,"featured_media":1305,"comment_status":"open","ping_status":"open","sticky":false,"template":"","format":"standard","meta":{"ngg_post_thumbnail":0,"footnotes":""},"categories":[5,14],"tags":[],"class_list":["post-1147","post","type-post","status-publish","format-standard","has-post-thumbnail","hentry","category-ac-lanester-56","category-actualites-dn"],"yoast_head":"<!-- This site is optimized with the Yoast SEO plugin v27.4 - https:\/\/yoast.com\/product\/yoast-seo-wordpress\/ -->\n<title>Premi\u00e8res descentes \u00e0 ski - Avenir Cycliste Lanester 56<\/title>\n<meta name=\"robots\" content=\"index, follow, max-snippet:-1, max-image-preview:large, max-video-preview:-1\" \/>\n<link rel=\"canonical\" href=\"https:\/\/www.aclanester56.com\/velo\/premieres-descentes-a-ski\/\" \/>\n<meta property=\"og:locale\" content=\"fr_FR\" \/>\n<meta property=\"og:type\" content=\"article\" \/>\n<meta property=\"og:title\" content=\"Premi\u00e8res descentes \u00e0 ski - Avenir Cycliste Lanester 56\" \/>\n<meta property=\"og:description\" content=\"17 JANVIER 2010 : Le matin : Les n\u00e9ophytes en ski. Romain GUILLOU, Alastair CARR et Matthieu GAULTIER ont pu [&hellip;]\" \/>\n<meta property=\"og:url\" content=\"https:\/\/www.aclanester56.com\/velo\/premieres-descentes-a-ski\/\" \/>\n<meta property=\"og:site_name\" content=\"Avenir Cycliste Lanester 56\" \/>\n<meta property=\"article:publisher\" content=\"https:\/\/www.facebook.com\/pages\/AC-Lanester-56\/190286300991242?fref=ts\" \/>\n<meta property=\"article:published_time\" content=\"2010-01-18T10:47:24+00:00\" \/>\n<meta property=\"article:modified_time\" content=\"2010-01-20T10:02:03+00:00\" \/>\n<meta property=\"og:image\" content=\"https:\/\/www.aclanester56.com\/velo\/wp-content\/uploads\/2010\/01\/Photo-4431.jpg\" \/>\n\t<meta property=\"og:image:width\" content=\"800\" \/>\n\t<meta property=\"og:image:height\" content=\"600\" \/>\n\t<meta property=\"og:image:type\" content=\"image\/jpeg\" \/>\n<meta name=\"author\" content=\"Jean-Christophe\" \/>\n<meta name=\"twitter:label1\" content=\"\u00c9crit par\" \/>\n\t<meta name=\"twitter:data1\" content=\"Jean-Christophe\" \/>\n\t<meta name=\"twitter:label2\" content=\"Dur\u00e9e de lecture estim\u00e9e\" \/>\n\t<meta name=\"twitter:data2\" content=\"1 minute\" \/>\n<script type=\"application\/ld+json\" class=\"yoast-schema-graph\">{\"@context\":\"https:\\\/\\\/schema.org\",\"@graph\":[{\"@type\":\"Article\",\"@id\":\"https:\\\/\\\/www.aclanester56.com\\\/velo\\\/premieres-descentes-a-ski\\\/#article\",\"isPartOf\":{\"@id\":\"https:\\\/\\\/www.aclanester56.com\\\/velo\\\/premieres-descentes-a-ski\\\/\"},\"author\":{\"name\":\"Jean-Christophe\",\"@id\":\"https:\\\/\\\/www.aclanester56.com\\\/velo\\\/#\\\/schema\\\/person\\\/ca2a44a5fd969e9dd846c72d3b33bc01\"},\"headline\":\"Premi\u00e8res descentes \u00e0 ski\",\"datePublished\":\"2010-01-18T10:47:24+00:00\",\"dateModified\":\"2010-01-20T10:02:03+00:00\",\"mainEntityOfPage\":{\"@id\":\"https:\\\/\\\/www.aclanester56.com\\\/velo\\\/premieres-descentes-a-ski\\\/\"},\"wordCount\":155,\"commentCount\":0,\"publisher\":{\"@id\":\"https:\\\/\\\/www.aclanester56.com\\\/velo\\\/#organization\"},\"image\":{\"@id\":\"https:\\\/\\\/www.aclanester56.com\\\/velo\\\/premieres-descentes-a-ski\\\/#primaryimage\"},\"thumbnailUrl\":\"https:\\\/\\\/www.aclanester56.com\\\/velo\\\/wp-content\\\/uploads\\\/2010\\\/01\\\/Photo-4431.jpg\",\"articleSection\":[\"AC LANESTER 56\",\"Actualit\u00e9s DN\"],\"inLanguage\":\"fr-FR\",\"potentialAction\":[{\"@type\":\"CommentAction\",\"name\":\"Comment\",\"target\":[\"https:\\\/\\\/www.aclanester56.com\\\/velo\\\/premieres-descentes-a-ski\\\/#respond\"]}]},{\"@type\":\"WebPage\",\"@id\":\"https:\\\/\\\/www.aclanester56.com\\\/velo\\\/premieres-descentes-a-ski\\\/\",\"url\":\"https:\\\/\\\/www.aclanester56.com\\\/velo\\\/premieres-descentes-a-ski\\\/\",\"name\":\"Premi\u00e8res descentes \u00e0 ski - Avenir Cycliste Lanester 56\",\"isPartOf\":{\"@id\":\"https:\\\/\\\/www.aclanester56.com\\\/velo\\\/#website\"},\"primaryImageOfPage\":{\"@id\":\"https:\\\/\\\/www.aclanester56.com\\\/velo\\\/premieres-descentes-a-ski\\\/#primaryimage\"},\"image\":{\"@id\":\"https:\\\/\\\/www.aclanester56.com\\\/velo\\\/premieres-descentes-a-ski\\\/#primaryimage\"},\"thumbnailUrl\":\"https:\\\/\\\/www.aclanester56.com\\\/velo\\\/wp-content\\\/uploads\\\/2010\\\/01\\\/Photo-4431.jpg\",\"datePublished\":\"2010-01-18T10:47:24+00:00\",\"dateModified\":\"2010-01-20T10:02:03+00:00\",\"inLanguage\":\"fr-FR\",\"potentialAction\":[{\"@type\":\"ReadAction\",\"target\":[\"https:\\\/\\\/www.aclanester56.com\\\/velo\\\/premieres-descentes-a-ski\\\/\"]}]},{\"@type\":\"ImageObject\",\"inLanguage\":\"fr-FR\",\"@id\":\"https:\\\/\\\/www.aclanester56.com\\\/velo\\\/premieres-descentes-a-ski\\\/#primaryimage\",\"url\":\"https:\\\/\\\/www.aclanester56.com\\\/velo\\\/wp-content\\\/uploads\\\/2010\\\/01\\\/Photo-4431.jpg\",\"contentUrl\":\"https:\\\/\\\/www.aclanester56.com\\\/velo\\\/wp-content\\\/uploads\\\/2010\\\/01\\\/Photo-4431.jpg\",\"width\":800,\"height\":600},{\"@type\":\"WebSite\",\"@id\":\"https:\\\/\\\/www.aclanester56.com\\\/velo\\\/#website\",\"url\":\"https:\\\/\\\/www.aclanester56.com\\\/velo\\\/\",\"name\":\"Avenir Cycliste Lanester 56\",\"description\":\"Club cycliste de l&#039;AC LANESTER 56\",\"publisher\":{\"@id\":\"https:\\\/\\\/www.aclanester56.com\\\/velo\\\/#organization\"},\"potentialAction\":[{\"@type\":\"SearchAction\",\"target\":{\"@type\":\"EntryPoint\",\"urlTemplate\":\"https:\\\/\\\/www.aclanester56.com\\\/velo\\\/?s={search_term_string}\"},\"query-input\":{\"@type\":\"PropertyValueSpecification\",\"valueRequired\":true,\"valueName\":\"search_term_string\"}}],\"inLanguage\":\"fr-FR\"},{\"@type\":\"Organization\",\"@id\":\"https:\\\/\\\/www.aclanester56.com\\\/velo\\\/#organization\",\"name\":\"Avenir Cycliste Lanester 56\",\"url\":\"https:\\\/\\\/www.aclanester56.com\\\/velo\\\/\",\"logo\":{\"@type\":\"ImageObject\",\"inLanguage\":\"fr-FR\",\"@id\":\"https:\\\/\\\/www.aclanester56.com\\\/velo\\\/#\\\/schema\\\/logo\\\/image\\\/\",\"url\":\"https:\\\/\\\/www.aclanester56.com\\\/velo\\\/wp-content\\\/uploads\\\/2013\\\/04\\\/logo-ACL.jpg\",\"contentUrl\":\"https:\\\/\\\/www.aclanester56.com\\\/velo\\\/wp-content\\\/uploads\\\/2013\\\/04\\\/logo-ACL.jpg\",\"width\":400,\"height\":334,\"caption\":\"Avenir Cycliste Lanester 56\"},\"image\":{\"@id\":\"https:\\\/\\\/www.aclanester56.com\\\/velo\\\/#\\\/schema\\\/logo\\\/image\\\/\"},\"sameAs\":[\"https:\\\/\\\/www.facebook.com\\\/pages\\\/AC-Lanester-56\\\/190286300991242?fref=ts\"]},{\"@type\":\"Person\",\"@id\":\"https:\\\/\\\/www.aclanester56.com\\\/velo\\\/#\\\/schema\\\/person\\\/ca2a44a5fd969e9dd846c72d3b33bc01\",\"name\":\"Jean-Christophe\",\"url\":\"https:\\\/\\\/www.aclanester56.com\\\/velo\\\/author\\\/jeanchristophe\\\/\"}]}<\/script>\n<!-- \/ Yoast SEO plugin. -->","yoast_head_json":{"title":"Premi\u00e8res descentes \u00e0 ski - Avenir Cycliste Lanester 56","robots":{"index":"index","follow":"follow","max-snippet":"max-snippet:-1","max-image-preview":"max-image-preview:large","max-video-preview":"max-video-preview:-1"},"canonical":"https:\/\/www.aclanester56.com\/velo\/premieres-descentes-a-ski\/","og_locale":"fr_FR","og_type":"article","og_title":"Premi\u00e8res descentes \u00e0 ski - Avenir Cycliste Lanester 56","og_description":"17 JANVIER 2010 : Le matin : Les n\u00e9ophytes en ski. Romain GUILLOU, Alastair CARR et Matthieu GAULTIER ont pu [&hellip;]","og_url":"https:\/\/www.aclanester56.com\/velo\/premieres-descentes-a-ski\/","og_site_name":"Avenir Cycliste Lanester 56","article_publisher":"https:\/\/www.facebook.com\/pages\/AC-Lanester-56\/190286300991242?fref=ts","article_published_time":"2010-01-18T10:47:24+00:00","article_modified_time":"2010-01-20T10:02:03+00:00","og_image":[{"width":800,"height":600,"url":"https:\/\/www.aclanester56.com\/velo\/wp-content\/uploads\/2010\/01\/Photo-4431.jpg","type":"image\/jpeg"}],"author":"Jean-Christophe","twitter_misc":{"\u00c9crit par":"Jean-Christophe","Dur\u00e9e de lecture estim\u00e9e":"1 minute"},"schema":{"@context":"https:\/\/schema.org","@graph":[{"@type":"Article","@id":"https:\/\/www.aclanester56.com\/velo\/premieres-descentes-a-ski\/#article","isPartOf":{"@id":"https:\/\/www.aclanester56.com\/velo\/premieres-descentes-a-ski\/"},"author":{"name":"Jean-Christophe","@id":"https:\/\/www.aclanester56.com\/velo\/#\/schema\/person\/ca2a44a5fd969e9dd846c72d3b33bc01"},"headline":"Premi\u00e8res descentes \u00e0 ski","datePublished":"2010-01-18T10:47:24+00:00","dateModified":"2010-01-20T10:02:03+00:00","mainEntityOfPage":{"@id":"https:\/\/www.aclanester56.com\/velo\/premieres-descentes-a-ski\/"},"wordCount":155,"commentCount":0,"publisher":{"@id":"https:\/\/www.aclanester56.com\/velo\/#organization"},"image":{"@id":"https:\/\/www.aclanester56.com\/velo\/premieres-descentes-a-ski\/#primaryimage"},"thumbnailUrl":"https:\/\/www.aclanester56.com\/velo\/wp-content\/uploads\/2010\/01\/Photo-4431.jpg","articleSection":["AC LANESTER 56","Actualit\u00e9s DN"],"inLanguage":"fr-FR","potentialAction":[{"@type":"CommentAction","name":"Comment","target":["https:\/\/www.aclanester56.com\/velo\/premieres-descentes-a-ski\/#respond"]}]},{"@type":"WebPage","@id":"https:\/\/www.aclanester56.com\/velo\/premieres-descentes-a-ski\/","url":"https:\/\/www.aclanester56.com\/velo\/premieres-descentes-a-ski\/","name":"Premi\u00e8res descentes \u00e0 ski - Avenir Cycliste Lanester 56","isPartOf":{"@id":"https:\/\/www.aclanester56.com\/velo\/#website"},"primaryImageOfPage":{"@id":"https:\/\/www.aclanester56.com\/velo\/premieres-descentes-a-ski\/#primaryimage"},"image":{"@id":"https:\/\/www.aclanester56.com\/velo\/premieres-descentes-a-ski\/#primaryimage"},"thumbnailUrl":"https:\/\/www.aclanester56.com\/velo\/wp-content\/uploads\/2010\/01\/Photo-4431.jpg","datePublished":"2010-01-18T10:47:24+00:00","dateModified":"2010-01-20T10:02:03+00:00","inLanguage":"fr-FR","potentialAction":[{"@type":"ReadAction","target":["https:\/\/www.aclanester56.com\/velo\/premieres-descentes-a-ski\/"]}]},{"@type":"ImageObject","inLanguage":"fr-FR","@id":"https:\/\/www.aclanester56.com\/velo\/premieres-descentes-a-ski\/#primaryimage","url":"https:\/\/www.aclanester56.com\/velo\/wp-content\/uploads\/2010\/01\/Photo-4431.jpg","contentUrl":"https:\/\/www.aclanester56.com\/velo\/wp-content\/uploads\/2010\/01\/Photo-4431.jpg","width":800,"height":600},{"@type":"WebSite","@id":"https:\/\/www.aclanester56.com\/velo\/#website","url":"https:\/\/www.aclanester56.com\/velo\/","name":"Avenir Cycliste Lanester 56","description":"Club cycliste de l&#039;AC LANESTER 56","publisher":{"@id":"https:\/\/www.aclanester56.com\/velo\/#organization"},"potentialAction":[{"@type":"SearchAction","target":{"@type":"EntryPoint","urlTemplate":"https:\/\/www.aclanester56.com\/velo\/?s={search_term_string}"},"query-input":{"@type":"PropertyValueSpecification","valueRequired":true,"valueName":"search_term_string"}}],"inLanguage":"fr-FR"},{"@type":"Organization","@id":"https:\/\/www.aclanester56.com\/velo\/#organization","name":"Avenir Cycliste Lanester 56","url":"https:\/\/www.aclanester56.com\/velo\/","logo":{"@type":"ImageObject","inLanguage":"fr-FR","@id":"https:\/\/www.aclanester56.com\/velo\/#\/schema\/logo\/image\/","url":"https:\/\/www.aclanester56.com\/velo\/wp-content\/uploads\/2013\/04\/logo-ACL.jpg","contentUrl":"https:\/\/www.aclanester56.com\/velo\/wp-content\/uploads\/2013\/04\/logo-ACL.jpg","width":400,"height":334,"caption":"Avenir Cycliste Lanester 56"},"image":{"@id":"https:\/\/www.aclanester56.com\/velo\/#\/schema\/logo\/image\/"},"sameAs":["https:\/\/www.facebook.com\/pages\/AC-Lanester-56\/190286300991242?fref=ts"]},{"@type":"Person","@id":"https:\/\/www.aclanester56.com\/velo\/#\/schema\/person\/ca2a44a5fd969e9dd846c72d3b33bc01","name":"Jean-Christophe","url":"https:\/\/www.aclanester56.com\/velo\/author\/jeanchristophe\/"}]}},"_links":{"self":[{"href":"https:\/\/www.aclanester56.com\/velo\/wp-json\/wp\/v2\/posts\/1147","targetHints":{"allow":["GET"]}}],"collection":[{"href":"https:\/\/www.aclanester56.com\/velo\/wp-json\/wp\/v2\/posts"}],"about":[{"href":"https:\/\/www.aclanester56.com\/velo\/wp-json\/wp\/v2\/types\/post"}],"author":[{"embeddable":true,"href":"https:\/\/www.aclanester56.com\/velo\/wp-json\/wp\/v2\/users\/14"}],"replies":[{"embeddable":true,"href":"https:\/\/www.aclanester56.com\/velo\/wp-json\/wp\/v2\/comments?post=1147"}],"version-history":[{"count":0,"href":"https:\/\/www.aclanester56.com\/velo\/wp-json\/wp\/v2\/posts\/1147\/revisions"}],"wp:featuredmedia":[{"embeddable":true,"href":"https:\/\/www.aclanester56.com\/velo\/wp-json\/wp\/v2\/media\/1305"}],"wp:attachment":[{"href":"https:\/\/www.aclanester56.com\/velo\/wp-json\/wp\/v2\/media?parent=1147"}],"wp:term":[{"taxonomy":"category","embeddable":true,"href":"https:\/\/www.aclanester56.com\/velo\/wp-json\/wp\/v2\/categories?post=1147"},{"taxonomy":"post_tag","embeddable":true,"href":"https:\/\/www.aclanester56.com\/velo\/wp-json\/wp\/v2\/tags?post=1147"}],"curies":[{"name":"wp","href":"https:\/\/api.w.org\/{rel}","templated":true}]}}