{"id":11595,"date":"2012-04-26T21:41:32","date_gmt":"2012-04-26T20:41:32","guid":{"rendered":"http:\/\/www.aclanester56.com\/velo\/?p=11595"},"modified":"2013-12-22T13:12:50","modified_gmt":"2013-12-22T11:12:50","slug":"resultats-du-week-end-17","status":"publish","type":"post","link":"https:\/\/www.aclanester56.com\/velo\/resultats-du-week-end-17\/","title":{"rendered":"R\u00e9sultats du week-end"},"content":{"rendered":"<p style=\"text-align: justify;\"><!--more--><\/p>\n<p style=\"text-align: justify;\">Apr\u00e8s avoir escalad\u00e9 pendant six jours les cols du Pays-Basque, les coureurs de l&rsquo;AC LANESTER 56\u00a0encha\u00eenaient\u00a0avec les \u00e9preuves de ce week-end pour compl\u00e9ter leur grosse semaine d&rsquo;entrainement !<\/p>\n<p><strong style=\"color: #ff6600; font-size: 14px; line-height: 1.5em;\">Dur, le retour du Pays-Basque !<\/strong><\/p>\n<p style=\"text-align: justify;\">A Locmin\u00e9, 12 cadets de l&rsquo;AC LANESTER 56 \u00e9taient au d\u00e9part de la course d&rsquo;attente du Troph\u00e9e Centre-Morbihan Juniors\u00a0: Benjamin Duval, Thomas Denis, Maxime Guennec, Julien Guiho, Maxime Lannurien, Lo\u00efc Le Barbier, Christophe Le Bou\u00e9dec, K\u00e9vin Le Gal,Yann Lewandja, Thibault Morvan, Yoann S\u00e9lo et Thibaut Seveno. Tous \u00e9taient revenus la veille au soir d&rsquo;une semaine de stage au Pays-Basque organis\u00e9e par le club.\u00a0Nos cadets ressentaient \u00e9videmment beaucoup de fatigue et n&rsquo;avaient pas encore r\u00e9cup\u00e9r\u00e9 pour ce rendez-vous.<\/p>\n<div id=\"attachment_11603\" style=\"width: 410px\" class=\"wp-caption alignright\"><a href=\"http:\/\/www.aclanester56.com\/velo\/wp-content\/uploads\/2012\/04\/Locmine-22-04-2012-109.jpg\"><img loading=\"lazy\" decoding=\"async\" aria-describedby=\"caption-attachment-11603\" class=\"size-full wp-image-11603\" title=\"Loic Le Barbier, K\u00e9vin Le Gal et Maxime  Guennec terminent roue dans roue \u00e0 Locmin\u00e9 (photo St\u00e9phane Le Provost)\" alt=\"\" src=\"http:\/\/www.aclanester56.com\/velo\/wp-content\/uploads\/2012\/04\/Locmine-22-04-2012-109.jpg\" width=\"400\" height=\"266\" srcset=\"https:\/\/www.aclanester56.com\/velo\/wp-content\/uploads\/2012\/04\/Locmine-22-04-2012-109.jpg 800w, https:\/\/www.aclanester56.com\/velo\/wp-content\/uploads\/2012\/04\/Locmine-22-04-2012-109-300x199.jpg 300w, https:\/\/www.aclanester56.com\/velo\/wp-content\/uploads\/2012\/04\/Locmine-22-04-2012-109-450x300.jpg 450w\" sizes=\"auto, (max-width: 400px) 100vw, 400px\" \/><\/a><p id=\"caption-attachment-11603\" class=\"wp-caption-text\">Loic Le Barbier, K\u00e9vin Le Gal et Maxime Guennec terminent roue dans roue \u00e0 Locmin\u00e9 (photo St\u00e9phane Le Provost)<\/p><\/div>\n<p style=\"text-align: justify;\"><span style=\"color: #ff6600;\"><strong>Tir group\u00e9 des Lanest\u00e9riens \u00e0 Locmin\u00e9 !<\/strong><\/span><\/p>\n<p style=\"text-align: justify;\">D\u00e8s le 3\u00e8me des six tours de 7.2 Km au programme, Thomas Robic (Run Bike 56) et (US La Gacilly) s&rsquo;\u00e9chappent et ne seront plus revus. Derri\u00e8re, un groupe de sept coureurs se constitue avec notamment le Lanest\u00e9rien Thomas Denis, qui voulait bien figurer pr\u00e8s de chez lui, mais qui devra se contenter de la 8\u00e8me place. Le peloton explose de tous bords dans les deux derniers tours et Yoann S\u00e9lo et Thibault Morvan effectuent un retour canon et viennent \u00ab\u00a0mourir\u00a0\u00bb sur les talons du groupe de contre, pour terminer 10\u00e8me et 12\u00e8me. Thibaut Seveno prend la 14\u00e8me place et on retrouve juste derri\u00e8re Loic Le Barbier, K\u00e9vin Le Gal et Maxime Guennec. Un peu plus loin, Corentin Le Bou\u00e9dec et Yann Lewandja terminent \u00e9galement. Les autres ont abandonn\u00e9, mais le travail r\u00e9alis\u00e9 toute la semaine leur permettra d&rsquo;\u00eatre dans de bonnes dispositions dans les semaines \u00e0 venir.7<\/p>\n<div id=\"attachment_11605\" style=\"width: 410px\" class=\"wp-caption alignleft\"><a href=\"http:\/\/www.aclanester56.com\/velo\/wp-content\/uploads\/2012\/04\/24-JC-SAGOT-800x533.jpg\"><img loading=\"lazy\" decoding=\"async\" aria-describedby=\"caption-attachment-11605\" class=\"size-large wp-image-11605\" title=\"Le Lanest\u00e9rien Jean-Christophe Sagot termine 4\u00e8me \u00e0 Calan (photo Julie Le Priellec)\" alt=\"\" src=\"http:\/\/www.aclanester56.com\/velo\/wp-content\/uploads\/2012\/04\/24-JC-SAGOT-800x533.jpg\" width=\"400\" height=\"266\" srcset=\"https:\/\/www.aclanester56.com\/velo\/wp-content\/uploads\/2012\/04\/24-JC-SAGOT-800x533.jpg 800w, https:\/\/www.aclanester56.com\/velo\/wp-content\/uploads\/2012\/04\/24-JC-SAGOT-300x200.jpg 300w, https:\/\/www.aclanester56.com\/velo\/wp-content\/uploads\/2012\/04\/24-JC-SAGOT-449x300.jpg 449w\" sizes=\"auto, (max-width: 400px) 100vw, 400px\" \/><\/a><p id=\"caption-attachment-11605\" class=\"wp-caption-text\">Le Lanest\u00e9rien Jean-Christophe Sagot termine 4\u00e8me \u00e0 Calan (photo Julie Le Priellec)<\/p><\/div>\n<p style=\"text-align: justify;\"><span style=\"color: #ff6600;\"><strong>J-C Sagot au pied du podium \u00e0 Calan<\/strong><\/span><\/p>\n<p style=\"text-align: justify;\">Apr\u00e8s une grosse semaine avec l&rsquo;AC LANESTER 56 au Pays-Basque, plusieurs juniors et seniors\u00a0encha\u00eenent\u00a0\u00e9galement avec l&rsquo;\u00e9preuve de Calan, avec pr\u00e8s de 150 concurrents au d\u00e9part. Si les Lanest\u00e9riens Pierre Hol\u00e9 et Ga\u00ebl Le Boudouil sont victimes de chutes sans gravit\u00e9, leur co\u00e9quipier Jean-Christophe Sagot prend part \u00e0 la bonne \u00e9chapp\u00e9e d&rsquo;une douzaine de coureurs. Dans le final, l&rsquo;exp\u00e9riment\u00e9 David Corfmat relance l&rsquo;allure et seuls Guillaume Coquen, Dominique J\u00e9go et Jean-Christophe Sagot parviennent \u00e0 le suivre. Le quatuor va se livrer \u00e0 une belle partie de manivelles durant les dix derniers kilom\u00e8tres dont l&rsquo;Alr\u00e9en Dominique J\u00e9go sortira vainqueur. Le Lanest\u00e9rien Jean-Christophe Sagot prend la 4\u00e8me place, tandis que Davy Le Ker et Melvyn Le Hen finissent dans le peloton qui termine sur les talons de l&rsquo;\u00e9chapp\u00e9e !<\/p>\n<p style=\"text-align: justify;\"><span style=\"color: #ff6600;\"><strong>Mathieu Le Gal sur la Ronde du Porho\u00ebt<\/strong><\/span><\/p>\n<p style=\"text-align: justify;\">Le Lanest\u00e9rien Mathieu Le Gal, pr\u00e9sent \u00e0 Bidarray \u00e9galement, participait \u00e0 la Ronde du Porho\u00ebt, course en ligne de 2\u00e8me cat\u00e9gorie \u00e0 Guilliers. Apr\u00e8s avoir beaucoup tent\u00e9 sur la partie en ligne, la fatigue s&rsquo;est fait ressentir sur la fin de course et Mathieu prend finalement la 36\u00e8me place. Apr\u00e8s une p\u00e9riode de r\u00e9cup\u00e9ration, on le verra assur\u00e9ment aux avants-postes sur les belles courses \u00e0 venir !<\/p>\n<div id=\"attachment_11607\" style=\"width: 410px\" class=\"wp-caption alignright\"><a href=\"http:\/\/www.aclanester56.com\/velo\/wp-content\/uploads\/2012\/04\/06-Manon-et-Julitte-800x533.jpg\"><img loading=\"lazy\" decoding=\"async\" aria-describedby=\"caption-attachment-11607\" class=\"size-large wp-image-11607\" title=\"Les Lanest\u00e9riennes Manon Lamour et Julie Le Priellec \u00e9taient au d\u00e9part de l'\u00e9preuve de Calan dimanche (photo Julie Le Priellec)\" alt=\"\" src=\"http:\/\/www.aclanester56.com\/velo\/wp-content\/uploads\/2012\/04\/06-Manon-et-Julitte-800x533.jpg\" width=\"400\" height=\"266\" srcset=\"https:\/\/www.aclanester56.com\/velo\/wp-content\/uploads\/2012\/04\/06-Manon-et-Julitte-800x533.jpg 800w, https:\/\/www.aclanester56.com\/velo\/wp-content\/uploads\/2012\/04\/06-Manon-et-Julitte-300x200.jpg 300w, https:\/\/www.aclanester56.com\/velo\/wp-content\/uploads\/2012\/04\/06-Manon-et-Julitte-449x300.jpg 449w\" sizes=\"auto, (max-width: 400px) 100vw, 400px\" \/><\/a><p id=\"caption-attachment-11607\" class=\"wp-caption-text\">Les Lanest\u00e9riennes Manon Lamour et Julie Le Priellec \u00e9taient au d\u00e9part de l&rsquo;\u00e9preuve de Calan dimanche (photo Julie Le Priellec)<\/p><\/div>\n<p><span style=\"text-decoration: underline;\"><strong>Classement Locmin\u00e9 (Cadets) :<\/strong><\/span><br \/> 1 &#8211; Thomas Robic (Run Bike 56) <br \/> 2 &#8211; J. Ruelland (VCP Loud\u00e9ac)<br \/> 3 &#8211; T. Le Potier (VCP Loud\u00e9ac) <br \/> 4 &#8211; L-M Balbous (UC Quimperl\u00e9)<br \/> 5 &#8211; S. Kervily (UCP Plouay)<br \/> <span style=\"background-color: #ff6600;\">8 &#8211; Thomas Denis (AC Lanester 56) <\/span><br \/><span style=\"background-color: #ff6600;\"> 10 &#8211; Yoann Selo (AC Lanester 56) <\/span><br \/><span style=\"background-color: #ff6600;\"> 12 &#8211; Thibault Morvan (AC Lanester 56) <\/span><br \/><span style=\"background-color: #ff6600;\"> 14 &#8211; Thibaut Seveno (AC Lanester 56)<\/span><\/p>\n<p><span style=\"text-decoration: underline;\"><strong>Classement Calan (3\u00e8me Cat) :<\/strong><\/span> <br \/> 1 Dominique Jego (UC Auray) <br \/> 2 Guillaume Coquen (MCCP Avens)<br \/> 3 David Corfmat (OC Locmin\u00e9)<br \/> <span style=\"background-color: #ff6600;\">4 Jean Christophe Sagot (AC Lanester 56)<\/span><br \/> 5 R\u00e9my Thilloy (VS Scaer)<\/p>\n<p><strong><span style=\"text-decoration: underline;\">Classement de la Ronde du Porho\u00ebt \u00e0 Guilliers (2\u00e8me Cat) :<\/span><\/strong><br \/>\u00a01\u00a0DANIEL\u00a0Aur\u00e9lien\u00a0HENNEBONT CYCLISME\u00a02h 49&prime; 25\u00a0\u00bb<br \/>2\u00a0LORANT\u00a0Simon\u00a0TEAM PAYS DE DINAN\u00a0\u00e0 2&Prime;<br \/>3\u00a0BIENFAIT\u00a0Vincent\u00a0UC PAYS DE JOSSELIN\u00a0<br \/>4\u00a0GICQUEL\u00a0Nicolas\u00a0EC RANCE FREMUR\u00a0<br \/>5\u00a0RAUD\u00a0Guillaume\u00a0AC PAYS DE BAUD\u00a0<br \/><span style=\"background-color: #ff6600;\">36\u00a0LE GAL\u00a0Mathieu\u00a0AC LANESTER 56<\/span><\/p>\n<p>&nbsp;<\/p>\n","protected":false},"excerpt":{"rendered":"","protected":false},"author":14,"featured_media":11598,"comment_status":"open","ping_status":"closed","sticky":false,"template":"","format":"standard","meta":{"ngg_post_thumbnail":0,"footnotes":""},"categories":[5,19,18,22],"tags":[],"class_list":["post-11595","post","type-post","status-publish","format-standard","has-post-thumbnail","hentry","category-ac-lanester-56","category-resultats-2eme-categorie","category-resultats-3eme-categorie","category-resultats-cadets"],"yoast_head":"<!-- This site is optimized with the Yoast SEO plugin v27.5 - https:\/\/yoast.com\/product\/yoast-seo-wordpress\/ -->\n<title>R\u00e9sultats du week-end - Avenir Cycliste Lanester 56<\/title>\n<meta name=\"robots\" content=\"index, follow, max-snippet:-1, max-image-preview:large, max-video-preview:-1\" \/>\n<link rel=\"canonical\" href=\"https:\/\/www.aclanester56.com\/velo\/resultats-du-week-end-17\/\" \/>\n<meta property=\"og:locale\" content=\"fr_FR\" \/>\n<meta property=\"og:type\" content=\"article\" \/>\n<meta property=\"og:title\" content=\"R\u00e9sultats du week-end - Avenir Cycliste Lanester 56\" \/>\n<meta property=\"og:url\" content=\"https:\/\/www.aclanester56.com\/velo\/resultats-du-week-end-17\/\" \/>\n<meta property=\"og:site_name\" content=\"Avenir Cycliste Lanester 56\" \/>\n<meta property=\"article:publisher\" content=\"https:\/\/www.facebook.com\/pages\/AC-Lanester-56\/190286300991242?fref=ts\" \/>\n<meta property=\"article:published_time\" content=\"2012-04-26T20:41:32+00:00\" \/>\n<meta property=\"article:modified_time\" content=\"2013-12-22T11:12:50+00:00\" \/>\n<meta property=\"og:image\" content=\"https:\/\/www.aclanester56.com\/velo\/wp-content\/uploads\/2012\/04\/Locmine-22-04-2012-012-Copie.jpg\" \/>\n\t<meta property=\"og:image:width\" content=\"650\" \/>\n\t<meta property=\"og:image:height\" content=\"300\" \/>\n\t<meta property=\"og:image:type\" content=\"image\/jpeg\" \/>\n<meta name=\"author\" content=\"Jean-Christophe\" \/>\n<meta name=\"twitter:label1\" content=\"\u00c9crit par\" \/>\n\t<meta name=\"twitter:data1\" content=\"Jean-Christophe\" \/>\n\t<meta name=\"twitter:label2\" content=\"Dur\u00e9e de lecture estim\u00e9e\" \/>\n\t<meta name=\"twitter:data2\" content=\"4 minutes\" \/>\n<script type=\"application\/ld+json\" class=\"yoast-schema-graph\">{\"@context\":\"https:\\\/\\\/schema.org\",\"@graph\":[{\"@type\":\"Article\",\"@id\":\"https:\\\/\\\/www.aclanester56.com\\\/velo\\\/resultats-du-week-end-17\\\/#article\",\"isPartOf\":{\"@id\":\"https:\\\/\\\/www.aclanester56.com\\\/velo\\\/resultats-du-week-end-17\\\/\"},\"author\":{\"name\":\"Jean-Christophe\",\"@id\":\"https:\\\/\\\/www.aclanester56.com\\\/velo\\\/#\\\/schema\\\/person\\\/ca2a44a5fd969e9dd846c72d3b33bc01\"},\"headline\":\"R\u00e9sultats du week-end\",\"datePublished\":\"2012-04-26T20:41:32+00:00\",\"dateModified\":\"2013-12-22T11:12:50+00:00\",\"mainEntityOfPage\":{\"@id\":\"https:\\\/\\\/www.aclanester56.com\\\/velo\\\/resultats-du-week-end-17\\\/\"},\"wordCount\":715,\"commentCount\":0,\"publisher\":{\"@id\":\"https:\\\/\\\/www.aclanester56.com\\\/velo\\\/#organization\"},\"image\":{\"@id\":\"https:\\\/\\\/www.aclanester56.com\\\/velo\\\/resultats-du-week-end-17\\\/#primaryimage\"},\"thumbnailUrl\":\"https:\\\/\\\/www.aclanester56.com\\\/velo\\\/wp-content\\\/uploads\\\/2012\\\/04\\\/Locmine-22-04-2012-012-Copie.jpg\",\"articleSection\":[\"AC LANESTER 56\",\"R\u00e9sultats 2eme cat\u00e9gorie\",\"R\u00e9sultats 3eme cat\u00e9gorie\",\"R\u00e9sultats Cadets\"],\"inLanguage\":\"fr-FR\",\"potentialAction\":[{\"@type\":\"CommentAction\",\"name\":\"Comment\",\"target\":[\"https:\\\/\\\/www.aclanester56.com\\\/velo\\\/resultats-du-week-end-17\\\/#respond\"]}]},{\"@type\":\"WebPage\",\"@id\":\"https:\\\/\\\/www.aclanester56.com\\\/velo\\\/resultats-du-week-end-17\\\/\",\"url\":\"https:\\\/\\\/www.aclanester56.com\\\/velo\\\/resultats-du-week-end-17\\\/\",\"name\":\"R\u00e9sultats du week-end - Avenir Cycliste Lanester 56\",\"isPartOf\":{\"@id\":\"https:\\\/\\\/www.aclanester56.com\\\/velo\\\/#website\"},\"primaryImageOfPage\":{\"@id\":\"https:\\\/\\\/www.aclanester56.com\\\/velo\\\/resultats-du-week-end-17\\\/#primaryimage\"},\"image\":{\"@id\":\"https:\\\/\\\/www.aclanester56.com\\\/velo\\\/resultats-du-week-end-17\\\/#primaryimage\"},\"thumbnailUrl\":\"https:\\\/\\\/www.aclanester56.com\\\/velo\\\/wp-content\\\/uploads\\\/2012\\\/04\\\/Locmine-22-04-2012-012-Copie.jpg\",\"datePublished\":\"2012-04-26T20:41:32+00:00\",\"dateModified\":\"2013-12-22T11:12:50+00:00\",\"inLanguage\":\"fr-FR\",\"potentialAction\":[{\"@type\":\"ReadAction\",\"target\":[\"https:\\\/\\\/www.aclanester56.com\\\/velo\\\/resultats-du-week-end-17\\\/\"]}]},{\"@type\":\"ImageObject\",\"inLanguage\":\"fr-FR\",\"@id\":\"https:\\\/\\\/www.aclanester56.com\\\/velo\\\/resultats-du-week-end-17\\\/#primaryimage\",\"url\":\"https:\\\/\\\/www.aclanester56.com\\\/velo\\\/wp-content\\\/uploads\\\/2012\\\/04\\\/Locmine-22-04-2012-012-Copie.jpg\",\"contentUrl\":\"https:\\\/\\\/www.aclanester56.com\\\/velo\\\/wp-content\\\/uploads\\\/2012\\\/04\\\/Locmine-22-04-2012-012-Copie.jpg\",\"width\":650,\"height\":300},{\"@type\":\"WebSite\",\"@id\":\"https:\\\/\\\/www.aclanester56.com\\\/velo\\\/#website\",\"url\":\"https:\\\/\\\/www.aclanester56.com\\\/velo\\\/\",\"name\":\"Avenir Cycliste Lanester 56\",\"description\":\"Club cycliste de l&#039;AC LANESTER 56\",\"publisher\":{\"@id\":\"https:\\\/\\\/www.aclanester56.com\\\/velo\\\/#organization\"},\"potentialAction\":[{\"@type\":\"SearchAction\",\"target\":{\"@type\":\"EntryPoint\",\"urlTemplate\":\"https:\\\/\\\/www.aclanester56.com\\\/velo\\\/?s={search_term_string}\"},\"query-input\":{\"@type\":\"PropertyValueSpecification\",\"valueRequired\":true,\"valueName\":\"search_term_string\"}}],\"inLanguage\":\"fr-FR\"},{\"@type\":\"Organization\",\"@id\":\"https:\\\/\\\/www.aclanester56.com\\\/velo\\\/#organization\",\"name\":\"Avenir Cycliste Lanester 56\",\"url\":\"https:\\\/\\\/www.aclanester56.com\\\/velo\\\/\",\"logo\":{\"@type\":\"ImageObject\",\"inLanguage\":\"fr-FR\",\"@id\":\"https:\\\/\\\/www.aclanester56.com\\\/velo\\\/#\\\/schema\\\/logo\\\/image\\\/\",\"url\":\"https:\\\/\\\/www.aclanester56.com\\\/velo\\\/wp-content\\\/uploads\\\/2013\\\/04\\\/logo-ACL.jpg\",\"contentUrl\":\"https:\\\/\\\/www.aclanester56.com\\\/velo\\\/wp-content\\\/uploads\\\/2013\\\/04\\\/logo-ACL.jpg\",\"width\":400,\"height\":334,\"caption\":\"Avenir Cycliste Lanester 56\"},\"image\":{\"@id\":\"https:\\\/\\\/www.aclanester56.com\\\/velo\\\/#\\\/schema\\\/logo\\\/image\\\/\"},\"sameAs\":[\"https:\\\/\\\/www.facebook.com\\\/pages\\\/AC-Lanester-56\\\/190286300991242?fref=ts\"]},{\"@type\":\"Person\",\"@id\":\"https:\\\/\\\/www.aclanester56.com\\\/velo\\\/#\\\/schema\\\/person\\\/ca2a44a5fd969e9dd846c72d3b33bc01\",\"name\":\"Jean-Christophe\",\"url\":\"https:\\\/\\\/www.aclanester56.com\\\/velo\\\/author\\\/jeanchristophe\\\/\"}]}<\/script>\n<!-- \/ Yoast SEO plugin. -->","yoast_head_json":{"title":"R\u00e9sultats du week-end - Avenir Cycliste Lanester 56","robots":{"index":"index","follow":"follow","max-snippet":"max-snippet:-1","max-image-preview":"max-image-preview:large","max-video-preview":"max-video-preview:-1"},"canonical":"https:\/\/www.aclanester56.com\/velo\/resultats-du-week-end-17\/","og_locale":"fr_FR","og_type":"article","og_title":"R\u00e9sultats du week-end - Avenir Cycliste Lanester 56","og_url":"https:\/\/www.aclanester56.com\/velo\/resultats-du-week-end-17\/","og_site_name":"Avenir Cycliste Lanester 56","article_publisher":"https:\/\/www.facebook.com\/pages\/AC-Lanester-56\/190286300991242?fref=ts","article_published_time":"2012-04-26T20:41:32+00:00","article_modified_time":"2013-12-22T11:12:50+00:00","og_image":[{"width":650,"height":300,"url":"https:\/\/www.aclanester56.com\/velo\/wp-content\/uploads\/2012\/04\/Locmine-22-04-2012-012-Copie.jpg","type":"image\/jpeg"}],"author":"Jean-Christophe","twitter_misc":{"\u00c9crit par":"Jean-Christophe","Dur\u00e9e de lecture estim\u00e9e":"4 minutes"},"schema":{"@context":"https:\/\/schema.org","@graph":[{"@type":"Article","@id":"https:\/\/www.aclanester56.com\/velo\/resultats-du-week-end-17\/#article","isPartOf":{"@id":"https:\/\/www.aclanester56.com\/velo\/resultats-du-week-end-17\/"},"author":{"name":"Jean-Christophe","@id":"https:\/\/www.aclanester56.com\/velo\/#\/schema\/person\/ca2a44a5fd969e9dd846c72d3b33bc01"},"headline":"R\u00e9sultats du week-end","datePublished":"2012-04-26T20:41:32+00:00","dateModified":"2013-12-22T11:12:50+00:00","mainEntityOfPage":{"@id":"https:\/\/www.aclanester56.com\/velo\/resultats-du-week-end-17\/"},"wordCount":715,"commentCount":0,"publisher":{"@id":"https:\/\/www.aclanester56.com\/velo\/#organization"},"image":{"@id":"https:\/\/www.aclanester56.com\/velo\/resultats-du-week-end-17\/#primaryimage"},"thumbnailUrl":"https:\/\/www.aclanester56.com\/velo\/wp-content\/uploads\/2012\/04\/Locmine-22-04-2012-012-Copie.jpg","articleSection":["AC LANESTER 56","R\u00e9sultats 2eme cat\u00e9gorie","R\u00e9sultats 3eme cat\u00e9gorie","R\u00e9sultats Cadets"],"inLanguage":"fr-FR","potentialAction":[{"@type":"CommentAction","name":"Comment","target":["https:\/\/www.aclanester56.com\/velo\/resultats-du-week-end-17\/#respond"]}]},{"@type":"WebPage","@id":"https:\/\/www.aclanester56.com\/velo\/resultats-du-week-end-17\/","url":"https:\/\/www.aclanester56.com\/velo\/resultats-du-week-end-17\/","name":"R\u00e9sultats du week-end - Avenir Cycliste Lanester 56","isPartOf":{"@id":"https:\/\/www.aclanester56.com\/velo\/#website"},"primaryImageOfPage":{"@id":"https:\/\/www.aclanester56.com\/velo\/resultats-du-week-end-17\/#primaryimage"},"image":{"@id":"https:\/\/www.aclanester56.com\/velo\/resultats-du-week-end-17\/#primaryimage"},"thumbnailUrl":"https:\/\/www.aclanester56.com\/velo\/wp-content\/uploads\/2012\/04\/Locmine-22-04-2012-012-Copie.jpg","datePublished":"2012-04-26T20:41:32+00:00","dateModified":"2013-12-22T11:12:50+00:00","inLanguage":"fr-FR","potentialAction":[{"@type":"ReadAction","target":["https:\/\/www.aclanester56.com\/velo\/resultats-du-week-end-17\/"]}]},{"@type":"ImageObject","inLanguage":"fr-FR","@id":"https:\/\/www.aclanester56.com\/velo\/resultats-du-week-end-17\/#primaryimage","url":"https:\/\/www.aclanester56.com\/velo\/wp-content\/uploads\/2012\/04\/Locmine-22-04-2012-012-Copie.jpg","contentUrl":"https:\/\/www.aclanester56.com\/velo\/wp-content\/uploads\/2012\/04\/Locmine-22-04-2012-012-Copie.jpg","width":650,"height":300},{"@type":"WebSite","@id":"https:\/\/www.aclanester56.com\/velo\/#website","url":"https:\/\/www.aclanester56.com\/velo\/","name":"Avenir Cycliste Lanester 56","description":"Club cycliste de l&#039;AC LANESTER 56","publisher":{"@id":"https:\/\/www.aclanester56.com\/velo\/#organization"},"potentialAction":[{"@type":"SearchAction","target":{"@type":"EntryPoint","urlTemplate":"https:\/\/www.aclanester56.com\/velo\/?s={search_term_string}"},"query-input":{"@type":"PropertyValueSpecification","valueRequired":true,"valueName":"search_term_string"}}],"inLanguage":"fr-FR"},{"@type":"Organization","@id":"https:\/\/www.aclanester56.com\/velo\/#organization","name":"Avenir Cycliste Lanester 56","url":"https:\/\/www.aclanester56.com\/velo\/","logo":{"@type":"ImageObject","inLanguage":"fr-FR","@id":"https:\/\/www.aclanester56.com\/velo\/#\/schema\/logo\/image\/","url":"https:\/\/www.aclanester56.com\/velo\/wp-content\/uploads\/2013\/04\/logo-ACL.jpg","contentUrl":"https:\/\/www.aclanester56.com\/velo\/wp-content\/uploads\/2013\/04\/logo-ACL.jpg","width":400,"height":334,"caption":"Avenir Cycliste Lanester 56"},"image":{"@id":"https:\/\/www.aclanester56.com\/velo\/#\/schema\/logo\/image\/"},"sameAs":["https:\/\/www.facebook.com\/pages\/AC-Lanester-56\/190286300991242?fref=ts"]},{"@type":"Person","@id":"https:\/\/www.aclanester56.com\/velo\/#\/schema\/person\/ca2a44a5fd969e9dd846c72d3b33bc01","name":"Jean-Christophe","url":"https:\/\/www.aclanester56.com\/velo\/author\/jeanchristophe\/"}]}},"_links":{"self":[{"href":"https:\/\/www.aclanester56.com\/velo\/wp-json\/wp\/v2\/posts\/11595","targetHints":{"allow":["GET"]}}],"collection":[{"href":"https:\/\/www.aclanester56.com\/velo\/wp-json\/wp\/v2\/posts"}],"about":[{"href":"https:\/\/www.aclanester56.com\/velo\/wp-json\/wp\/v2\/types\/post"}],"author":[{"embeddable":true,"href":"https:\/\/www.aclanester56.com\/velo\/wp-json\/wp\/v2\/users\/14"}],"replies":[{"embeddable":true,"href":"https:\/\/www.aclanester56.com\/velo\/wp-json\/wp\/v2\/comments?post=11595"}],"version-history":[{"count":0,"href":"https:\/\/www.aclanester56.com\/velo\/wp-json\/wp\/v2\/posts\/11595\/revisions"}],"wp:featuredmedia":[{"embeddable":true,"href":"https:\/\/www.aclanester56.com\/velo\/wp-json\/wp\/v2\/media\/11598"}],"wp:attachment":[{"href":"https:\/\/www.aclanester56.com\/velo\/wp-json\/wp\/v2\/media?parent=11595"}],"wp:term":[{"taxonomy":"category","embeddable":true,"href":"https:\/\/www.aclanester56.com\/velo\/wp-json\/wp\/v2\/categories?post=11595"},{"taxonomy":"post_tag","embeddable":true,"href":"https:\/\/www.aclanester56.com\/velo\/wp-json\/wp\/v2\/tags?post=11595"}],"curies":[{"name":"wp","href":"https:\/\/api.w.org\/{rel}","templated":true}]}}