{"id":11732,"date":"2012-05-03T21:25:37","date_gmt":"2012-05-03T20:25:37","guid":{"rendered":"http:\/\/www.aclanester56.com\/velo\/?p=11732"},"modified":"2013-12-22T13:05:39","modified_gmt":"2013-12-22T11:05:39","slug":"les-lanesteriens-sur-la-ronde-des-legendes-u-a-st-marcel","status":"publish","type":"post","link":"https:\/\/www.aclanester56.com\/velo\/les-lanesteriens-sur-la-ronde-des-legendes-u-a-st-marcel\/","title":{"rendered":"Les Lanest\u00e9riens sur la Ronde des L\u00e9gendes U \u00e0 St Marcel"},"content":{"rendered":"<p style=\"text-align: justify;\"><!--more--><\/p>\n<p style=\"text-align: justify;\">L&rsquo;AC LANESTER 56 \u00e9tait engag\u00e9 sur la 1\u00e8re \u00e9dition de la Ronde des L\u00e9gendes U, course par \u00e9tapes de r\u00e9serv\u00e9e aux coureurs de 3\u00e8me cat\u00e9gorie et disput\u00e9e dans le pays de Malestroit.<\/p>\n<p>\u00a0<span style=\"color: #ff6600;\"><strong>Deux juniors 1 dans l&rsquo;\u00e9quipe<\/strong><\/span><\/p>\n<p style=\"text-align: justify;\">L&rsquo;\u00e9quipe de l&rsquo;AC LANESTER 56, repr\u00e9sent\u00e9e Davy Le Ker, Heimrick Siby, Jean-Christophe Sagot et les juniors Melvyn Le Hen et Pierre Hol\u00e9, \u00e9tait encadr\u00e9e par Franck Guigo, Guy Nivinou, Patrice Le Hen et Jean-Claude Sagot. Un peu plus de 100 Km attendent le peloton pour cette 1\u00e8re \u00e9tape, alors que la pluie s&rsquo;invite \u00e9galement \u00e0 la f\u00eate et subsistera tout le week-end.<\/p>\n<div id=\"attachment_11754\" style=\"width: 260px\" class=\"wp-caption alignright\"><a href=\"http:\/\/www.aclanester56.com\/velo\/wp-content\/uploads\/2012\/05\/JK6F4731.jpg\"><img loading=\"lazy\" decoding=\"async\" aria-describedby=\"caption-attachment-11754\" class=\"size-full wp-image-11754\" title=\"Plein les bottes ! J-Christophe Sagot termine difficilement la 1\u00e8re \u00e9tape en 9\u00e8me position (photo Eric Cou\u00e9)\" alt=\"\" src=\"http:\/\/www.aclanester56.com\/velo\/wp-content\/uploads\/2012\/05\/JK6F4731.jpg\" width=\"250\" height=\"166\" srcset=\"https:\/\/www.aclanester56.com\/velo\/wp-content\/uploads\/2012\/05\/JK6F4731.jpg 500w, https:\/\/www.aclanester56.com\/velo\/wp-content\/uploads\/2012\/05\/JK6F4731-300x199.jpg 300w, https:\/\/www.aclanester56.com\/velo\/wp-content\/uploads\/2012\/05\/JK6F4731-450x300.jpg 450w\" sizes=\"auto, (max-width: 250px) 100vw, 250px\" \/><\/a><p id=\"caption-attachment-11754\" class=\"wp-caption-text\">Plein les bottes ! J-Christophe Sagot termine difficilement la 1\u00e8re \u00e9tape en 9\u00e8me position (photo Eric Cou\u00e9)<\/p><\/div>\n<p style=\"text-align: justify;\"><span style=\"color: #ff6600;\"><strong>Une 1\u00e8re \u00e9tape difficile<\/strong><\/span><\/p>\n<p style=\"text-align: justify;\">Le d\u00e9part est rapide, mais malgr\u00e9 plusieurs tentatives d&rsquo;\u00e9chapp\u00e9es auxquelles ont particip\u00e9 les Lanest\u00e9riens chacun \u00e0 leur tour, le peloton reste group\u00e9 pendant plus de 60 Km. Il faut finalement attendre l&rsquo;ascension de la c\u00f4te de Missiriac pour voir une quinzaine de coureurs r\u00e9ussir \u00e0 prendre la poudre d&rsquo;escampette avec notamment Jean-Christophe Sagot pour l&rsquo;AC Lanester 56. Les principaux favoris pointent dans ce groupe et le difficile circuit final, conjugu\u00e9 avec les conditions climatiques ex\u00e9crables, fait la s\u00e9lection. Le groupe de t\u00eate explose dans la derni\u00e8re c\u00f4te et c&rsquo;est le Gacilien Florian Danilo qui l&#8217;emporte en costaud. Distanc\u00e9 lors de la derni\u00e8re\u00a0acc\u00e9l\u00e9ration, le Lanest\u00e9rien Jean-Christophe Sagot prend la 9\u00e8me place. Heimrick Siby et Pierre Hol\u00e9 figurent dans un premier peloton en contre-attaque, Melvyn Le Hen et Davy Le Ker terminant juste derri\u00e8re. Les organismes ont \u00e9t\u00e9 soumis \u00e0 dure \u00e9preuve lors de cette journ\u00e9e difficile.<\/p>\n<div id=\"attachment_11761\" style=\"width: 176px\" class=\"wp-caption alignleft\"><a href=\"http:\/\/www.aclanester56.com\/velo\/wp-content\/uploads\/2012\/05\/JK6F4986.jpg\"><img loading=\"lazy\" decoding=\"async\" aria-describedby=\"caption-attachment-11761\" class=\"size-full wp-image-11761\" title=\"Le junior Pierre Hol\u00e9 r\u00e9alise un bon contre-la-montre \u00e0 Carentoir (photo Eric Cou\u00e9)\" alt=\"\" src=\"http:\/\/www.aclanester56.com\/velo\/wp-content\/uploads\/2012\/05\/JK6F4986.jpg\" width=\"166\" height=\"250\" srcset=\"https:\/\/www.aclanester56.com\/velo\/wp-content\/uploads\/2012\/05\/JK6F4986.jpg 333w, https:\/\/www.aclanester56.com\/velo\/wp-content\/uploads\/2012\/05\/JK6F4986-199x300.jpg 199w\" sizes=\"auto, (max-width: 166px) 100vw, 166px\" \/><\/a><p id=\"caption-attachment-11761\" class=\"wp-caption-text\">Le junior Pierre Hol\u00e9 r\u00e9alise un bon contre-la-montre \u00e0 Carentoir (photo Eric Cou\u00e9)<\/p><\/div>\n<p style=\"text-align: justify;\"><span style=\"color: #ff6600;\"><strong>Bon CLM des Lanest\u00e9riens<\/strong><\/span><\/p>\n<p style=\"text-align: justify;\">Lors du contre-la-montre disput\u00e9 \u00e0 Carentoir sur une distance de 7 Km et survol\u00e9 par le Plouaysien Antoine Jan, Jean-Christophe Sagot prend la 15\u00e8me place.Le junior Pierre Hol\u00e9 r\u00e9alise une tr\u00e8s belle prestation dans cet exercice en prenant la 29\u00e8me place, juste devant son co\u00e9quipier Heimrick Siby, 30\u00e8me. Melvyn Le Hen et Davy Le Ker rentrent \u00e9galement tous les deux dans le top 50.<\/p>\n<p style=\"text-align: justify;\"><span style=\"color: #ff6600;\"><strong>J-C Sagot en embuscade au d\u00e9part de la 3\u00e8me \u00e9tape<\/strong><\/span><\/p>\n<p style=\"text-align: justify;\">Enfin, sur la 3\u00e8me \u00e9tape disput\u00e9e entre Carentoir et Mauron, le peloton doit conjuguer avec un vent glacial soufflant tr\u00e8s fort. Au d\u00e9part de cet ultime volet, c&rsquo;est Guillaume Coquen qui porte le maillot jaune, Jean-Christophe Sagot se trouvant en situation d&rsquo;outsider, \u00e0 la 8\u00e8me place du classement provisoire. Les difficiles conditions auront finalement raison de la bonne volont\u00e9 des Lanest\u00e9riens : Jean-Christophe Sagot et Heimrick Siby c\u00e8dent du groupe maillot jaune \u00e0 25 Km du but. Ce dernier fait partie des rares courageux \u00e0 avoir termin\u00e9 cette \u00e9preuve disput\u00e9e dans des conditions dantesques, au m\u00eame titre que le valeureux junior Melvyn Le Hen. La victoire revient au local Pierre Mosin (SC Malestroit).<\/p>\n<div id=\"attachment_11764\" style=\"width: 370px\" class=\"wp-caption alignright\"><a href=\"http:\/\/www.aclanester56.com\/velo\/wp-content\/uploads\/2012\/05\/Mehdi-pupilles.jpg\"><img loading=\"lazy\" decoding=\"async\" aria-describedby=\"caption-attachment-11764\" class=\"size-full wp-image-11764\" title=\"Mehdi Bachir prend une tr\u00e8s belle 7\u00e8me place \u00e0 St Marcel chez les pupilles ! (photo Sonia Ollivier)\" alt=\"\" src=\"http:\/\/www.aclanester56.com\/velo\/wp-content\/uploads\/2012\/05\/Mehdi-pupilles.jpg\" width=\"360\" height=\"270\" srcset=\"https:\/\/www.aclanester56.com\/velo\/wp-content\/uploads\/2012\/05\/Mehdi-pupilles.jpg 720w, https:\/\/www.aclanester56.com\/velo\/wp-content\/uploads\/2012\/05\/Mehdi-pupilles-300x225.jpg 300w, https:\/\/www.aclanester56.com\/velo\/wp-content\/uploads\/2012\/05\/Mehdi-pupilles-400x300.jpg 400w\" sizes=\"auto, (max-width: 360px) 100vw, 360px\" \/><\/a><p id=\"caption-attachment-11764\" class=\"wp-caption-text\">Mehdi Bachir prend une tr\u00e8s belle 7\u00e8me place \u00e0 St Marcel chez les pupilles ! (photo Sonia Ollivier)<\/p><\/div>\n<p style=\"text-align: justify;\"><span style=\"color: #ff6600;\"><strong>Les Ecoles de Cyclisme en attente \u00e0 St Marcel !<\/strong><\/span><\/p>\n<p style=\"text-align: justify;\">Samedi, plusieurs jeunes de l&rsquo;AC Lanester 56 \u00e9taient \u00e9galement au d\u00e9part de l&rsquo;\u00e9preuve de St Marcel, en attente de la course en ligne des juniors-seniors. Sous le froid et la pluie \u00e9galement, Enzo Ollivier termine 10\u00e8me en poussins, tandis que Mehdi Bachir prend une belle 7\u00e8me place chez les pupilles. L\u00e9o Picart, auteur d&rsquo;une belle course \u00e9galement, termine aux environs de la 10\u00e8me place ! F\u00e9licitations \u00e0 nos jeunes pour leur courage d&rsquo;avoir donn\u00e9 le meilleur d&rsquo;eux-m\u00eame avec de telles conditions m\u00e9t\u00e9orologiques ! Retrouvez plus de photos sign\u00e9es Sonia Ollivier dans notre galerie images accessible <a href=\"http:\/\/www.aclanester56.com\/velo\/medias\/photos\/galerie-2012\/?album=10&amp;gallery=109\" target=\"_blank\">en cliquant ici<\/a>\u00a0!<\/p>\n<p><span style=\"text-decoration: underline;\"><strong>Classement 1\u00e8re \u00e9tape (St Marcel &#8211; St Marcel) :<\/strong><\/span><br \/>1 DANILO Florian US LA GACILLY 2:32:37<\/p>\n<div id=\"attachment_11767\" style=\"width: 260px\" class=\"wp-caption alignright\"><a href=\"http:\/\/www.aclanester56.com\/velo\/wp-content\/uploads\/2012\/05\/JK6F4685.jpg\"><img loading=\"lazy\" decoding=\"async\" aria-describedby=\"caption-attachment-11767\" class=\"size-full wp-image-11767\" title=\"Le Lanest\u00e9rien Melvyn Le Hen a fait preuve d'un tr\u00e8s bel \u00e9tat d'esprit pendant tout le week-end (photo Eric Cou\u00e9)\" alt=\"\" src=\"http:\/\/www.aclanester56.com\/velo\/wp-content\/uploads\/2012\/05\/JK6F4685.jpg\" width=\"250\" height=\"166\" srcset=\"https:\/\/www.aclanester56.com\/velo\/wp-content\/uploads\/2012\/05\/JK6F4685.jpg 500w, https:\/\/www.aclanester56.com\/velo\/wp-content\/uploads\/2012\/05\/JK6F4685-300x199.jpg 300w, https:\/\/www.aclanester56.com\/velo\/wp-content\/uploads\/2012\/05\/JK6F4685-450x300.jpg 450w\" sizes=\"auto, (max-width: 250px) 100vw, 250px\" \/><\/a><p id=\"caption-attachment-11767\" class=\"wp-caption-text\">Le Lanest\u00e9rien Melvyn Le Hen a fait preuve d&rsquo;un tr\u00e8s bel \u00e9tat d&rsquo;esprit pendant tout le week-end (photo Eric Cou\u00e9)<\/p><\/div>\n<p>2 COQUEN Guillaume Equipe mixte \u00e0 0&Prime; <br \/>3 MOSIN Pierre SC MALESTROIT \u00e0 0&Prime; <br \/>4 GICQUIAU Ivan EC QUEVEN \u00e0 0&Prime; <br \/>5 ESCOLA FASSEUR S\u00e9bastien TEAM TRECOBAT \u00e0 0&Prime; <br \/><span style=\"background-color: #ff6600;\">9 SAGOT Jean Christophe AC LANESTER 56 \u00e0 20&Prime;<\/span><br \/><span style=\"background-color: #ff6600;\">41 SIBY Heimrick AC LANESTER 56 \u00e0 6&rsquo;03\u00a0\u00bb<\/span><br \/><span style=\"background-color: #ff6600;\">51 HOLE Pierre AC LANESTER 56 \u00e0 6&rsquo;03\u00a0\u00bb<\/span><br \/><span style=\"background-color: #ff6600;\">59 LE HEN Melvyn AC LANESTER 56 \u00e0 8&rsquo;45\u00a0\u00bb<\/span><br \/><span style=\"background-color: #ff6600;\">65 LE KER Davy AC LANESTER 56 \u00e0 12&rsquo;26\u00a0\u00bb<\/span><\/p>\n<p><span style=\"text-decoration: underline;\"><strong>Classement 2\u00e8me \u00e9tape (Carentoir CLM individuel) :<\/strong><\/span><br \/>1 JAN Antoine UCP PLOUAY 9:56.4<br \/>2 GUILLO Kilian VELOCE VANNES \u00e0 12&Prime;<br \/>3 COQUEN Guillaume Equipe mixte \u00e0 27&Prime;<br \/>4 LE PARC J\u00e9r\u00f4me EC QUEVEN \u00e0 28&Prime;<br \/>5 GICQUIAU Ivan EC QUEVEN \u00e0 30&Prime;<\/p>\n<div id=\"attachment_11775\" style=\"width: 176px\" class=\"wp-caption alignright\"><a href=\"http:\/\/www.aclanester56.com\/velo\/wp-content\/uploads\/2012\/05\/JK6F5008.jpg\"><img loading=\"lazy\" decoding=\"async\" aria-describedby=\"caption-attachment-11775\" class=\"size-full wp-image-11775\" title=\"Le jeune Heimrick Siby progresse au fil de ses sorties (photo Eric Cou\u00e9)\" alt=\"\" src=\"http:\/\/www.aclanester56.com\/velo\/wp-content\/uploads\/2012\/05\/JK6F5008.jpg\" width=\"166\" height=\"250\" srcset=\"https:\/\/www.aclanester56.com\/velo\/wp-content\/uploads\/2012\/05\/JK6F5008.jpg 333w, https:\/\/www.aclanester56.com\/velo\/wp-content\/uploads\/2012\/05\/JK6F5008-199x300.jpg 199w\" sizes=\"auto, (max-width: 166px) 100vw, 166px\" \/><\/a><p id=\"caption-attachment-11775\" class=\"wp-caption-text\">Le jeune Heimrick Siby progresse au fil de ses sorties (photo Eric Cou\u00e9)<\/p><\/div>\n<p><span style=\"background-color: #ff6600;\">15 SAGOT Jean Christophe AC LANESTER 56 \u00e0 51&Prime;<\/span><br \/><span style=\"background-color: #ff6600;\">29 HOLE Pierre AC LANESTER 56 \u00e0 1&rsquo;14\u00a0\u00bb<\/span><br \/><span style=\"background-color: #ff6600;\">30 SIBY Heimrick AC LANESTER 56 \u00e0 1&rsquo;15\u00a0\u00bb<\/span><br \/><span style=\"background-color: #ff6600;\">45 LE HEN Melvyn AC LANESTER 56 \u00e0 1&rsquo;25\u00a0\u00bb<\/span><br \/><span style=\"background-color: #ff6600;\">50 LE KER Davy AC LANESTER 56 \u00e0 1&rsquo;29\u00a0\u00bb<\/span><\/p>\n<p><span style=\"text-decoration: underline;\"><strong>Classement 3\u00e8me \u00e9tape (Carentoir &#8211; Mauron) :<\/strong><\/span><br \/>1 MOSIN Pierre SC MALESTROIT 2:50.43<br \/>2 DANILO Florian US LA GACILLY \u00e0 41&Prime;<br \/>3 TESSIER Florian US ST HERBLAIN \u00e0 41&Prime;<br \/>4 ESCOLA FASSEUR S\u00e9bastien TEAM TRECOBAT \u00e0 41&Prime; <br \/>5 SAVARY Marc US ST HERBLAIN \u00e0 52&Prime;<br \/><span style=\"background-color: #ff6600;\">27 SIBY Heimrick AC LANESTER 56 \u00e0 8&rsquo;38\u00a0\u00bb<\/span><br \/><span style=\"background-color: #ff6600;\">44 LE HEN Melvyn AC LANESTER 56 \u00e0 20&rsquo;17\u00a0\u00bb<\/span><\/p>\n<p><span style=\"text-decoration: underline;\"><strong>Classement g\u00e9n\u00e9ral final :<\/strong><\/span><br \/>1 MOSIN Pierre SC MALESTROIT 5:33.56<br \/>2 TESSIER Florian US ST HERBLAIN \u00e0 40&Prime;<br \/>3 ESCOLA FASSEUR S\u00e9bastien TEAM TRECOBAT \u00e0 1&rsquo;02\u00a0\u00bb <br \/>4 DANILO Florian US LA GACILLY \u00e0 1&rsquo;08\u00a0\u00bb<br \/>5 COQUEN Guillaume Equipe Mixte \u00e0 1&rsquo;10\u00a0\u00bb<br \/><span style=\"background-color: #ff6600;\">28 SIBY Heimrick AC LANESTER 56 \u00e0 15&rsquo;16\u00a0\u00bb<\/span><br \/><span style=\"background-color: #ff6600;\">38 LE HEN Melvyn AC LANESTER 56 \u00e0 29&rsquo;47\u00a0\u00bb<\/span><\/p>\n<p>&nbsp;<\/p>\n","protected":false},"excerpt":{"rendered":"","protected":false},"author":14,"featured_media":11777,"comment_status":"open","ping_status":"closed","sticky":false,"template":"","format":"standard","meta":{"ngg_post_thumbnail":0,"footnotes":""},"categories":[5,18,21],"tags":[],"class_list":["post-11732","post","type-post","status-publish","format-standard","has-post-thumbnail","hentry","category-ac-lanester-56","category-resultats-3eme-categorie","category-resultats-juniors"],"yoast_head":"<!-- This site is optimized with the Yoast SEO plugin v27.5 - https:\/\/yoast.com\/product\/yoast-seo-wordpress\/ -->\n<title>Les Lanest\u00e9riens sur la Ronde des L\u00e9gendes U \u00e0 St Marcel - Avenir Cycliste Lanester 56<\/title>\n<meta name=\"robots\" content=\"index, follow, max-snippet:-1, max-image-preview:large, max-video-preview:-1\" \/>\n<link rel=\"canonical\" href=\"https:\/\/www.aclanester56.com\/velo\/les-lanesteriens-sur-la-ronde-des-legendes-u-a-st-marcel\/\" \/>\n<meta property=\"og:locale\" content=\"fr_FR\" \/>\n<meta property=\"og:type\" content=\"article\" \/>\n<meta property=\"og:title\" content=\"Les Lanest\u00e9riens sur la Ronde des L\u00e9gendes U \u00e0 St Marcel - Avenir Cycliste Lanester 56\" \/>\n<meta property=\"og:url\" content=\"https:\/\/www.aclanester56.com\/velo\/les-lanesteriens-sur-la-ronde-des-legendes-u-a-st-marcel\/\" \/>\n<meta property=\"og:site_name\" content=\"Avenir Cycliste Lanester 56\" \/>\n<meta property=\"article:publisher\" content=\"https:\/\/www.facebook.com\/pages\/AC-Lanester-56\/190286300991242?fref=ts\" \/>\n<meta property=\"article:published_time\" content=\"2012-05-03T20:25:37+00:00\" \/>\n<meta property=\"article:modified_time\" content=\"2013-12-22T11:05:39+00:00\" \/>\n<meta property=\"og:image\" content=\"https:\/\/www.aclanester56.com\/velo\/wp-content\/uploads\/2012\/05\/seniors-AC-Lanester-56-Copie.jpg\" \/>\n\t<meta property=\"og:image:width\" content=\"650\" \/>\n\t<meta property=\"og:image:height\" content=\"300\" \/>\n\t<meta property=\"og:image:type\" content=\"image\/jpeg\" \/>\n<meta name=\"author\" content=\"Jean-Christophe\" \/>\n<meta name=\"twitter:label1\" content=\"\u00c9crit par\" \/>\n\t<meta name=\"twitter:data1\" content=\"Jean-Christophe\" \/>\n\t<meta name=\"twitter:label2\" content=\"Dur\u00e9e de lecture estim\u00e9e\" \/>\n\t<meta name=\"twitter:data2\" content=\"4 minutes\" \/>\n<script type=\"application\/ld+json\" class=\"yoast-schema-graph\">{\"@context\":\"https:\\\/\\\/schema.org\",\"@graph\":[{\"@type\":\"Article\",\"@id\":\"https:\\\/\\\/www.aclanester56.com\\\/velo\\\/les-lanesteriens-sur-la-ronde-des-legendes-u-a-st-marcel\\\/#article\",\"isPartOf\":{\"@id\":\"https:\\\/\\\/www.aclanester56.com\\\/velo\\\/les-lanesteriens-sur-la-ronde-des-legendes-u-a-st-marcel\\\/\"},\"author\":{\"name\":\"Jean-Christophe\",\"@id\":\"https:\\\/\\\/www.aclanester56.com\\\/velo\\\/#\\\/schema\\\/person\\\/ca2a44a5fd969e9dd846c72d3b33bc01\"},\"headline\":\"Les Lanest\u00e9riens sur la Ronde des L\u00e9gendes U \u00e0 St Marcel\",\"datePublished\":\"2012-05-03T20:25:37+00:00\",\"dateModified\":\"2013-12-22T11:05:39+00:00\",\"mainEntityOfPage\":{\"@id\":\"https:\\\/\\\/www.aclanester56.com\\\/velo\\\/les-lanesteriens-sur-la-ronde-des-legendes-u-a-st-marcel\\\/\"},\"wordCount\":901,\"commentCount\":0,\"publisher\":{\"@id\":\"https:\\\/\\\/www.aclanester56.com\\\/velo\\\/#organization\"},\"image\":{\"@id\":\"https:\\\/\\\/www.aclanester56.com\\\/velo\\\/les-lanesteriens-sur-la-ronde-des-legendes-u-a-st-marcel\\\/#primaryimage\"},\"thumbnailUrl\":\"https:\\\/\\\/www.aclanester56.com\\\/velo\\\/wp-content\\\/uploads\\\/2012\\\/05\\\/seniors-AC-Lanester-56-Copie.jpg\",\"articleSection\":[\"AC LANESTER 56\",\"R\u00e9sultats 3eme cat\u00e9gorie\",\"R\u00e9sultats Juniors\"],\"inLanguage\":\"fr-FR\",\"potentialAction\":[{\"@type\":\"CommentAction\",\"name\":\"Comment\",\"target\":[\"https:\\\/\\\/www.aclanester56.com\\\/velo\\\/les-lanesteriens-sur-la-ronde-des-legendes-u-a-st-marcel\\\/#respond\"]}]},{\"@type\":\"WebPage\",\"@id\":\"https:\\\/\\\/www.aclanester56.com\\\/velo\\\/les-lanesteriens-sur-la-ronde-des-legendes-u-a-st-marcel\\\/\",\"url\":\"https:\\\/\\\/www.aclanester56.com\\\/velo\\\/les-lanesteriens-sur-la-ronde-des-legendes-u-a-st-marcel\\\/\",\"name\":\"Les Lanest\u00e9riens sur la Ronde des L\u00e9gendes U \u00e0 St Marcel - Avenir Cycliste Lanester 56\",\"isPartOf\":{\"@id\":\"https:\\\/\\\/www.aclanester56.com\\\/velo\\\/#website\"},\"primaryImageOfPage\":{\"@id\":\"https:\\\/\\\/www.aclanester56.com\\\/velo\\\/les-lanesteriens-sur-la-ronde-des-legendes-u-a-st-marcel\\\/#primaryimage\"},\"image\":{\"@id\":\"https:\\\/\\\/www.aclanester56.com\\\/velo\\\/les-lanesteriens-sur-la-ronde-des-legendes-u-a-st-marcel\\\/#primaryimage\"},\"thumbnailUrl\":\"https:\\\/\\\/www.aclanester56.com\\\/velo\\\/wp-content\\\/uploads\\\/2012\\\/05\\\/seniors-AC-Lanester-56-Copie.jpg\",\"datePublished\":\"2012-05-03T20:25:37+00:00\",\"dateModified\":\"2013-12-22T11:05:39+00:00\",\"inLanguage\":\"fr-FR\",\"potentialAction\":[{\"@type\":\"ReadAction\",\"target\":[\"https:\\\/\\\/www.aclanester56.com\\\/velo\\\/les-lanesteriens-sur-la-ronde-des-legendes-u-a-st-marcel\\\/\"]}]},{\"@type\":\"ImageObject\",\"inLanguage\":\"fr-FR\",\"@id\":\"https:\\\/\\\/www.aclanester56.com\\\/velo\\\/les-lanesteriens-sur-la-ronde-des-legendes-u-a-st-marcel\\\/#primaryimage\",\"url\":\"https:\\\/\\\/www.aclanester56.com\\\/velo\\\/wp-content\\\/uploads\\\/2012\\\/05\\\/seniors-AC-Lanester-56-Copie.jpg\",\"contentUrl\":\"https:\\\/\\\/www.aclanester56.com\\\/velo\\\/wp-content\\\/uploads\\\/2012\\\/05\\\/seniors-AC-Lanester-56-Copie.jpg\",\"width\":650,\"height\":300},{\"@type\":\"WebSite\",\"@id\":\"https:\\\/\\\/www.aclanester56.com\\\/velo\\\/#website\",\"url\":\"https:\\\/\\\/www.aclanester56.com\\\/velo\\\/\",\"name\":\"Avenir Cycliste Lanester 56\",\"description\":\"Club cycliste de l&#039;AC LANESTER 56\",\"publisher\":{\"@id\":\"https:\\\/\\\/www.aclanester56.com\\\/velo\\\/#organization\"},\"potentialAction\":[{\"@type\":\"SearchAction\",\"target\":{\"@type\":\"EntryPoint\",\"urlTemplate\":\"https:\\\/\\\/www.aclanester56.com\\\/velo\\\/?s={search_term_string}\"},\"query-input\":{\"@type\":\"PropertyValueSpecification\",\"valueRequired\":true,\"valueName\":\"search_term_string\"}}],\"inLanguage\":\"fr-FR\"},{\"@type\":\"Organization\",\"@id\":\"https:\\\/\\\/www.aclanester56.com\\\/velo\\\/#organization\",\"name\":\"Avenir Cycliste Lanester 56\",\"url\":\"https:\\\/\\\/www.aclanester56.com\\\/velo\\\/\",\"logo\":{\"@type\":\"ImageObject\",\"inLanguage\":\"fr-FR\",\"@id\":\"https:\\\/\\\/www.aclanester56.com\\\/velo\\\/#\\\/schema\\\/logo\\\/image\\\/\",\"url\":\"https:\\\/\\\/www.aclanester56.com\\\/velo\\\/wp-content\\\/uploads\\\/2013\\\/04\\\/logo-ACL.jpg\",\"contentUrl\":\"https:\\\/\\\/www.aclanester56.com\\\/velo\\\/wp-content\\\/uploads\\\/2013\\\/04\\\/logo-ACL.jpg\",\"width\":400,\"height\":334,\"caption\":\"Avenir Cycliste Lanester 56\"},\"image\":{\"@id\":\"https:\\\/\\\/www.aclanester56.com\\\/velo\\\/#\\\/schema\\\/logo\\\/image\\\/\"},\"sameAs\":[\"https:\\\/\\\/www.facebook.com\\\/pages\\\/AC-Lanester-56\\\/190286300991242?fref=ts\"]},{\"@type\":\"Person\",\"@id\":\"https:\\\/\\\/www.aclanester56.com\\\/velo\\\/#\\\/schema\\\/person\\\/ca2a44a5fd969e9dd846c72d3b33bc01\",\"name\":\"Jean-Christophe\",\"url\":\"https:\\\/\\\/www.aclanester56.com\\\/velo\\\/author\\\/jeanchristophe\\\/\"}]}<\/script>\n<!-- \/ Yoast SEO plugin. -->","yoast_head_json":{"title":"Les Lanest\u00e9riens sur la Ronde des L\u00e9gendes U \u00e0 St Marcel - Avenir Cycliste Lanester 56","robots":{"index":"index","follow":"follow","max-snippet":"max-snippet:-1","max-image-preview":"max-image-preview:large","max-video-preview":"max-video-preview:-1"},"canonical":"https:\/\/www.aclanester56.com\/velo\/les-lanesteriens-sur-la-ronde-des-legendes-u-a-st-marcel\/","og_locale":"fr_FR","og_type":"article","og_title":"Les Lanest\u00e9riens sur la Ronde des L\u00e9gendes U \u00e0 St Marcel - Avenir Cycliste Lanester 56","og_url":"https:\/\/www.aclanester56.com\/velo\/les-lanesteriens-sur-la-ronde-des-legendes-u-a-st-marcel\/","og_site_name":"Avenir Cycliste Lanester 56","article_publisher":"https:\/\/www.facebook.com\/pages\/AC-Lanester-56\/190286300991242?fref=ts","article_published_time":"2012-05-03T20:25:37+00:00","article_modified_time":"2013-12-22T11:05:39+00:00","og_image":[{"width":650,"height":300,"url":"https:\/\/www.aclanester56.com\/velo\/wp-content\/uploads\/2012\/05\/seniors-AC-Lanester-56-Copie.jpg","type":"image\/jpeg"}],"author":"Jean-Christophe","twitter_misc":{"\u00c9crit par":"Jean-Christophe","Dur\u00e9e de lecture estim\u00e9e":"4 minutes"},"schema":{"@context":"https:\/\/schema.org","@graph":[{"@type":"Article","@id":"https:\/\/www.aclanester56.com\/velo\/les-lanesteriens-sur-la-ronde-des-legendes-u-a-st-marcel\/#article","isPartOf":{"@id":"https:\/\/www.aclanester56.com\/velo\/les-lanesteriens-sur-la-ronde-des-legendes-u-a-st-marcel\/"},"author":{"name":"Jean-Christophe","@id":"https:\/\/www.aclanester56.com\/velo\/#\/schema\/person\/ca2a44a5fd969e9dd846c72d3b33bc01"},"headline":"Les Lanest\u00e9riens sur la Ronde des L\u00e9gendes U \u00e0 St Marcel","datePublished":"2012-05-03T20:25:37+00:00","dateModified":"2013-12-22T11:05:39+00:00","mainEntityOfPage":{"@id":"https:\/\/www.aclanester56.com\/velo\/les-lanesteriens-sur-la-ronde-des-legendes-u-a-st-marcel\/"},"wordCount":901,"commentCount":0,"publisher":{"@id":"https:\/\/www.aclanester56.com\/velo\/#organization"},"image":{"@id":"https:\/\/www.aclanester56.com\/velo\/les-lanesteriens-sur-la-ronde-des-legendes-u-a-st-marcel\/#primaryimage"},"thumbnailUrl":"https:\/\/www.aclanester56.com\/velo\/wp-content\/uploads\/2012\/05\/seniors-AC-Lanester-56-Copie.jpg","articleSection":["AC LANESTER 56","R\u00e9sultats 3eme cat\u00e9gorie","R\u00e9sultats Juniors"],"inLanguage":"fr-FR","potentialAction":[{"@type":"CommentAction","name":"Comment","target":["https:\/\/www.aclanester56.com\/velo\/les-lanesteriens-sur-la-ronde-des-legendes-u-a-st-marcel\/#respond"]}]},{"@type":"WebPage","@id":"https:\/\/www.aclanester56.com\/velo\/les-lanesteriens-sur-la-ronde-des-legendes-u-a-st-marcel\/","url":"https:\/\/www.aclanester56.com\/velo\/les-lanesteriens-sur-la-ronde-des-legendes-u-a-st-marcel\/","name":"Les Lanest\u00e9riens sur la Ronde des L\u00e9gendes U \u00e0 St Marcel - Avenir Cycliste Lanester 56","isPartOf":{"@id":"https:\/\/www.aclanester56.com\/velo\/#website"},"primaryImageOfPage":{"@id":"https:\/\/www.aclanester56.com\/velo\/les-lanesteriens-sur-la-ronde-des-legendes-u-a-st-marcel\/#primaryimage"},"image":{"@id":"https:\/\/www.aclanester56.com\/velo\/les-lanesteriens-sur-la-ronde-des-legendes-u-a-st-marcel\/#primaryimage"},"thumbnailUrl":"https:\/\/www.aclanester56.com\/velo\/wp-content\/uploads\/2012\/05\/seniors-AC-Lanester-56-Copie.jpg","datePublished":"2012-05-03T20:25:37+00:00","dateModified":"2013-12-22T11:05:39+00:00","inLanguage":"fr-FR","potentialAction":[{"@type":"ReadAction","target":["https:\/\/www.aclanester56.com\/velo\/les-lanesteriens-sur-la-ronde-des-legendes-u-a-st-marcel\/"]}]},{"@type":"ImageObject","inLanguage":"fr-FR","@id":"https:\/\/www.aclanester56.com\/velo\/les-lanesteriens-sur-la-ronde-des-legendes-u-a-st-marcel\/#primaryimage","url":"https:\/\/www.aclanester56.com\/velo\/wp-content\/uploads\/2012\/05\/seniors-AC-Lanester-56-Copie.jpg","contentUrl":"https:\/\/www.aclanester56.com\/velo\/wp-content\/uploads\/2012\/05\/seniors-AC-Lanester-56-Copie.jpg","width":650,"height":300},{"@type":"WebSite","@id":"https:\/\/www.aclanester56.com\/velo\/#website","url":"https:\/\/www.aclanester56.com\/velo\/","name":"Avenir Cycliste Lanester 56","description":"Club cycliste de l&#039;AC LANESTER 56","publisher":{"@id":"https:\/\/www.aclanester56.com\/velo\/#organization"},"potentialAction":[{"@type":"SearchAction","target":{"@type":"EntryPoint","urlTemplate":"https:\/\/www.aclanester56.com\/velo\/?s={search_term_string}"},"query-input":{"@type":"PropertyValueSpecification","valueRequired":true,"valueName":"search_term_string"}}],"inLanguage":"fr-FR"},{"@type":"Organization","@id":"https:\/\/www.aclanester56.com\/velo\/#organization","name":"Avenir Cycliste Lanester 56","url":"https:\/\/www.aclanester56.com\/velo\/","logo":{"@type":"ImageObject","inLanguage":"fr-FR","@id":"https:\/\/www.aclanester56.com\/velo\/#\/schema\/logo\/image\/","url":"https:\/\/www.aclanester56.com\/velo\/wp-content\/uploads\/2013\/04\/logo-ACL.jpg","contentUrl":"https:\/\/www.aclanester56.com\/velo\/wp-content\/uploads\/2013\/04\/logo-ACL.jpg","width":400,"height":334,"caption":"Avenir Cycliste Lanester 56"},"image":{"@id":"https:\/\/www.aclanester56.com\/velo\/#\/schema\/logo\/image\/"},"sameAs":["https:\/\/www.facebook.com\/pages\/AC-Lanester-56\/190286300991242?fref=ts"]},{"@type":"Person","@id":"https:\/\/www.aclanester56.com\/velo\/#\/schema\/person\/ca2a44a5fd969e9dd846c72d3b33bc01","name":"Jean-Christophe","url":"https:\/\/www.aclanester56.com\/velo\/author\/jeanchristophe\/"}]}},"_links":{"self":[{"href":"https:\/\/www.aclanester56.com\/velo\/wp-json\/wp\/v2\/posts\/11732","targetHints":{"allow":["GET"]}}],"collection":[{"href":"https:\/\/www.aclanester56.com\/velo\/wp-json\/wp\/v2\/posts"}],"about":[{"href":"https:\/\/www.aclanester56.com\/velo\/wp-json\/wp\/v2\/types\/post"}],"author":[{"embeddable":true,"href":"https:\/\/www.aclanester56.com\/velo\/wp-json\/wp\/v2\/users\/14"}],"replies":[{"embeddable":true,"href":"https:\/\/www.aclanester56.com\/velo\/wp-json\/wp\/v2\/comments?post=11732"}],"version-history":[{"count":0,"href":"https:\/\/www.aclanester56.com\/velo\/wp-json\/wp\/v2\/posts\/11732\/revisions"}],"wp:featuredmedia":[{"embeddable":true,"href":"https:\/\/www.aclanester56.com\/velo\/wp-json\/wp\/v2\/media\/11777"}],"wp:attachment":[{"href":"https:\/\/www.aclanester56.com\/velo\/wp-json\/wp\/v2\/media?parent=11732"}],"wp:term":[{"taxonomy":"category","embeddable":true,"href":"https:\/\/www.aclanester56.com\/velo\/wp-json\/wp\/v2\/categories?post=11732"},{"taxonomy":"post_tag","embeddable":true,"href":"https:\/\/www.aclanester56.com\/velo\/wp-json\/wp\/v2\/tags?post=11732"}],"curies":[{"name":"wp","href":"https:\/\/api.w.org\/{rel}","templated":true}]}}