{"id":11736,"date":"2012-05-03T07:22:05","date_gmt":"2012-05-03T06:22:05","guid":{"rendered":"http:\/\/www.aclanester56.com\/velo\/?p=11736"},"modified":"2013-12-22T13:05:49","modified_gmt":"2013-12-22T11:05:49","slug":"karl-chandavoine-champion-du-morbihan-sur-piste","status":"publish","type":"post","link":"https:\/\/www.aclanester56.com\/velo\/karl-chandavoine-champion-du-morbihan-sur-piste\/","title":{"rendered":"Karl Chandavoine champion du Morbihan sur piste !"},"content":{"rendered":"<p style=\"text-align: justify;\"><!--more--><\/p>\n<p style=\"text-align: justify;\">Le Lanest\u00e9rien Karl Chandavoine a remport\u00e9 samedi dernier le titre de champion du Morbihan de la course aux points sur le v\u00e9lodrome de Plouay. Il ram\u00e8ne \u00e9galement la m\u00e9daille d&rsquo;argent sur la poursuite individuelle.<\/p>\n<p>\u00a0<span style=\"color: #ff6600;\"><strong>\u00a0Karl Chandavoine champion sur la course aux points, 2\u00e8me sur la poursuite !<\/strong><\/span><\/p>\n<p style=\"text-align: justify;\">Absent des circuits depuis le d\u00e9but de saison apr\u00e8s une fracture du radius, Karl Chandavoine trouve le chemin de la victoire d\u00e8s sa reprise de la comp\u00e9tition en s&rsquo;imposant\u00a0brillamment\u00a0sur la course aux points devant le Vannetais Pierre Demay. Quelques minutes plus t\u00f4t en poursuite individuelle, il r\u00e9alise le meilleur temps des s\u00e9ries (5&rsquo;05&Prime;837) mais doit s&rsquo;incliner en finale face au Lorientais Jordann Le Gal.<\/p>\n<div id=\"attachment_11784\" style=\"width: 410px\" class=\"wp-caption alignright\"><a href=\"http:\/\/www.aclanester56.com\/velo\/wp-content\/uploads\/2012\/05\/SH101081-800x600.jpg\"><img loading=\"lazy\" decoding=\"async\" aria-describedby=\"caption-attachment-11784\" class=\"size-large wp-image-11784\" title=\"Karl Chandavoine (AC Lanester 56) ram\u00e8ne la m\u00e9daille d'argent sur la poursuite individuelle (photo CD56)\" alt=\"\" src=\"http:\/\/www.aclanester56.com\/velo\/wp-content\/uploads\/2012\/05\/SH101081-800x600.jpg\" width=\"400\" height=\"300\" srcset=\"https:\/\/www.aclanester56.com\/velo\/wp-content\/uploads\/2012\/05\/SH101081-800x600.jpg 800w, https:\/\/www.aclanester56.com\/velo\/wp-content\/uploads\/2012\/05\/SH101081-300x224.jpg 300w, https:\/\/www.aclanester56.com\/velo\/wp-content\/uploads\/2012\/05\/SH101081-400x300.jpg 400w\" sizes=\"auto, (max-width: 400px) 100vw, 400px\" \/><\/a><p id=\"caption-attachment-11784\" class=\"wp-caption-text\">Karl Chandavoine (AC Lanester 56) ram\u00e8ne la m\u00e9daille d&rsquo;argent sur la poursuite individuelle (photo CD56)<\/p><\/div>\n<p style=\"text-align: justify;\"><span style=\"color: #ff6600;\"><strong>Benjamin Duval pr\u00e9pare l&rsquo;avenir \u00a0en cadets !<\/strong><\/span><\/p>\n<p style=\"text-align: justify;\">Le Lanest\u00e9rien Benjamin Duval r\u00e9alise le 9\u00e8me temps sur la poursuite individuelle cadets (4&rsquo;28&Prime;882) et le 8\u00e8me temps du 200m lanc\u00e9 en 14&Prime;179. Ce championnat sur piste reste une belle exp\u00e9rience pour Benjamin en vue de progresser sur la route, en rappelant qu&rsquo;il n&rsquo;est que cadet 1\u00e8re ann\u00e9e !<\/p>\n<p>&nbsp;<\/p>\n","protected":false},"excerpt":{"rendered":"","protected":false},"author":14,"featured_media":11741,"comment_status":"open","ping_status":"closed","sticky":false,"template":"","format":"standard","meta":{"ngg_post_thumbnail":0,"footnotes":""},"categories":[5,18],"tags":[],"class_list":["post-11736","post","type-post","status-publish","format-standard","has-post-thumbnail","hentry","category-ac-lanester-56","category-resultats-3eme-categorie"],"yoast_head":"<!-- This site is optimized with the Yoast SEO plugin v27.4 - https:\/\/yoast.com\/product\/yoast-seo-wordpress\/ -->\n<title>Karl Chandavoine champion du Morbihan sur piste ! - Avenir Cycliste Lanester 56<\/title>\n<meta name=\"robots\" content=\"index, follow, max-snippet:-1, max-image-preview:large, max-video-preview:-1\" \/>\n<link rel=\"canonical\" href=\"https:\/\/www.aclanester56.com\/velo\/karl-chandavoine-champion-du-morbihan-sur-piste\/\" \/>\n<meta property=\"og:locale\" content=\"fr_FR\" \/>\n<meta property=\"og:type\" content=\"article\" \/>\n<meta property=\"og:title\" content=\"Karl Chandavoine champion du Morbihan sur piste ! - Avenir Cycliste Lanester 56\" \/>\n<meta property=\"og:url\" content=\"https:\/\/www.aclanester56.com\/velo\/karl-chandavoine-champion-du-morbihan-sur-piste\/\" \/>\n<meta property=\"og:site_name\" content=\"Avenir Cycliste Lanester 56\" \/>\n<meta property=\"article:publisher\" content=\"https:\/\/www.facebook.com\/pages\/AC-Lanester-56\/190286300991242?fref=ts\" \/>\n<meta property=\"article:published_time\" content=\"2012-05-03T06:22:05+00:00\" \/>\n<meta property=\"article:modified_time\" content=\"2013-12-22T11:05:49+00:00\" \/>\n<meta property=\"og:image\" content=\"https:\/\/www.aclanester56.com\/velo\/wp-content\/uploads\/2012\/05\/Championnat_56_piste-Copie.jpg\" \/>\n\t<meta property=\"og:image:width\" content=\"650\" \/>\n\t<meta property=\"og:image:height\" content=\"300\" \/>\n\t<meta property=\"og:image:type\" content=\"image\/jpeg\" \/>\n<meta name=\"author\" content=\"Jean-Christophe\" \/>\n<meta name=\"twitter:label1\" content=\"\u00c9crit par\" \/>\n\t<meta name=\"twitter:data1\" content=\"Jean-Christophe\" \/>\n\t<meta name=\"twitter:label2\" content=\"Dur\u00e9e de lecture estim\u00e9e\" \/>\n\t<meta name=\"twitter:data2\" content=\"1 minute\" \/>\n<script type=\"application\/ld+json\" class=\"yoast-schema-graph\">{\"@context\":\"https:\\\/\\\/schema.org\",\"@graph\":[{\"@type\":\"Article\",\"@id\":\"https:\\\/\\\/www.aclanester56.com\\\/velo\\\/karl-chandavoine-champion-du-morbihan-sur-piste\\\/#article\",\"isPartOf\":{\"@id\":\"https:\\\/\\\/www.aclanester56.com\\\/velo\\\/karl-chandavoine-champion-du-morbihan-sur-piste\\\/\"},\"author\":{\"name\":\"Jean-Christophe\",\"@id\":\"https:\\\/\\\/www.aclanester56.com\\\/velo\\\/#\\\/schema\\\/person\\\/ca2a44a5fd969e9dd846c72d3b33bc01\"},\"headline\":\"Karl Chandavoine champion du Morbihan sur piste !\",\"datePublished\":\"2012-05-03T06:22:05+00:00\",\"dateModified\":\"2013-12-22T11:05:49+00:00\",\"mainEntityOfPage\":{\"@id\":\"https:\\\/\\\/www.aclanester56.com\\\/velo\\\/karl-chandavoine-champion-du-morbihan-sur-piste\\\/\"},\"wordCount\":212,\"commentCount\":1,\"publisher\":{\"@id\":\"https:\\\/\\\/www.aclanester56.com\\\/velo\\\/#organization\"},\"image\":{\"@id\":\"https:\\\/\\\/www.aclanester56.com\\\/velo\\\/karl-chandavoine-champion-du-morbihan-sur-piste\\\/#primaryimage\"},\"thumbnailUrl\":\"https:\\\/\\\/www.aclanester56.com\\\/velo\\\/wp-content\\\/uploads\\\/2012\\\/05\\\/Championnat_56_piste-Copie.jpg\",\"articleSection\":[\"AC LANESTER 56\",\"R\u00e9sultats 3eme cat\u00e9gorie\"],\"inLanguage\":\"fr-FR\",\"potentialAction\":[{\"@type\":\"CommentAction\",\"name\":\"Comment\",\"target\":[\"https:\\\/\\\/www.aclanester56.com\\\/velo\\\/karl-chandavoine-champion-du-morbihan-sur-piste\\\/#respond\"]}]},{\"@type\":\"WebPage\",\"@id\":\"https:\\\/\\\/www.aclanester56.com\\\/velo\\\/karl-chandavoine-champion-du-morbihan-sur-piste\\\/\",\"url\":\"https:\\\/\\\/www.aclanester56.com\\\/velo\\\/karl-chandavoine-champion-du-morbihan-sur-piste\\\/\",\"name\":\"Karl Chandavoine champion du Morbihan sur piste ! - Avenir Cycliste Lanester 56\",\"isPartOf\":{\"@id\":\"https:\\\/\\\/www.aclanester56.com\\\/velo\\\/#website\"},\"primaryImageOfPage\":{\"@id\":\"https:\\\/\\\/www.aclanester56.com\\\/velo\\\/karl-chandavoine-champion-du-morbihan-sur-piste\\\/#primaryimage\"},\"image\":{\"@id\":\"https:\\\/\\\/www.aclanester56.com\\\/velo\\\/karl-chandavoine-champion-du-morbihan-sur-piste\\\/#primaryimage\"},\"thumbnailUrl\":\"https:\\\/\\\/www.aclanester56.com\\\/velo\\\/wp-content\\\/uploads\\\/2012\\\/05\\\/Championnat_56_piste-Copie.jpg\",\"datePublished\":\"2012-05-03T06:22:05+00:00\",\"dateModified\":\"2013-12-22T11:05:49+00:00\",\"inLanguage\":\"fr-FR\",\"potentialAction\":[{\"@type\":\"ReadAction\",\"target\":[\"https:\\\/\\\/www.aclanester56.com\\\/velo\\\/karl-chandavoine-champion-du-morbihan-sur-piste\\\/\"]}]},{\"@type\":\"ImageObject\",\"inLanguage\":\"fr-FR\",\"@id\":\"https:\\\/\\\/www.aclanester56.com\\\/velo\\\/karl-chandavoine-champion-du-morbihan-sur-piste\\\/#primaryimage\",\"url\":\"https:\\\/\\\/www.aclanester56.com\\\/velo\\\/wp-content\\\/uploads\\\/2012\\\/05\\\/Championnat_56_piste-Copie.jpg\",\"contentUrl\":\"https:\\\/\\\/www.aclanester56.com\\\/velo\\\/wp-content\\\/uploads\\\/2012\\\/05\\\/Championnat_56_piste-Copie.jpg\",\"width\":650,\"height\":300},{\"@type\":\"WebSite\",\"@id\":\"https:\\\/\\\/www.aclanester56.com\\\/velo\\\/#website\",\"url\":\"https:\\\/\\\/www.aclanester56.com\\\/velo\\\/\",\"name\":\"Avenir Cycliste Lanester 56\",\"description\":\"Club cycliste de l&#039;AC LANESTER 56\",\"publisher\":{\"@id\":\"https:\\\/\\\/www.aclanester56.com\\\/velo\\\/#organization\"},\"potentialAction\":[{\"@type\":\"SearchAction\",\"target\":{\"@type\":\"EntryPoint\",\"urlTemplate\":\"https:\\\/\\\/www.aclanester56.com\\\/velo\\\/?s={search_term_string}\"},\"query-input\":{\"@type\":\"PropertyValueSpecification\",\"valueRequired\":true,\"valueName\":\"search_term_string\"}}],\"inLanguage\":\"fr-FR\"},{\"@type\":\"Organization\",\"@id\":\"https:\\\/\\\/www.aclanester56.com\\\/velo\\\/#organization\",\"name\":\"Avenir Cycliste Lanester 56\",\"url\":\"https:\\\/\\\/www.aclanester56.com\\\/velo\\\/\",\"logo\":{\"@type\":\"ImageObject\",\"inLanguage\":\"fr-FR\",\"@id\":\"https:\\\/\\\/www.aclanester56.com\\\/velo\\\/#\\\/schema\\\/logo\\\/image\\\/\",\"url\":\"https:\\\/\\\/www.aclanester56.com\\\/velo\\\/wp-content\\\/uploads\\\/2013\\\/04\\\/logo-ACL.jpg\",\"contentUrl\":\"https:\\\/\\\/www.aclanester56.com\\\/velo\\\/wp-content\\\/uploads\\\/2013\\\/04\\\/logo-ACL.jpg\",\"width\":400,\"height\":334,\"caption\":\"Avenir Cycliste Lanester 56\"},\"image\":{\"@id\":\"https:\\\/\\\/www.aclanester56.com\\\/velo\\\/#\\\/schema\\\/logo\\\/image\\\/\"},\"sameAs\":[\"https:\\\/\\\/www.facebook.com\\\/pages\\\/AC-Lanester-56\\\/190286300991242?fref=ts\"]},{\"@type\":\"Person\",\"@id\":\"https:\\\/\\\/www.aclanester56.com\\\/velo\\\/#\\\/schema\\\/person\\\/ca2a44a5fd969e9dd846c72d3b33bc01\",\"name\":\"Jean-Christophe\",\"url\":\"https:\\\/\\\/www.aclanester56.com\\\/velo\\\/author\\\/jeanchristophe\\\/\"}]}<\/script>\n<!-- \/ Yoast SEO plugin. -->","yoast_head_json":{"title":"Karl Chandavoine champion du Morbihan sur piste ! - Avenir Cycliste Lanester 56","robots":{"index":"index","follow":"follow","max-snippet":"max-snippet:-1","max-image-preview":"max-image-preview:large","max-video-preview":"max-video-preview:-1"},"canonical":"https:\/\/www.aclanester56.com\/velo\/karl-chandavoine-champion-du-morbihan-sur-piste\/","og_locale":"fr_FR","og_type":"article","og_title":"Karl Chandavoine champion du Morbihan sur piste ! - Avenir Cycliste Lanester 56","og_url":"https:\/\/www.aclanester56.com\/velo\/karl-chandavoine-champion-du-morbihan-sur-piste\/","og_site_name":"Avenir Cycliste Lanester 56","article_publisher":"https:\/\/www.facebook.com\/pages\/AC-Lanester-56\/190286300991242?fref=ts","article_published_time":"2012-05-03T06:22:05+00:00","article_modified_time":"2013-12-22T11:05:49+00:00","og_image":[{"width":650,"height":300,"url":"https:\/\/www.aclanester56.com\/velo\/wp-content\/uploads\/2012\/05\/Championnat_56_piste-Copie.jpg","type":"image\/jpeg"}],"author":"Jean-Christophe","twitter_misc":{"\u00c9crit par":"Jean-Christophe","Dur\u00e9e de lecture estim\u00e9e":"1 minute"},"schema":{"@context":"https:\/\/schema.org","@graph":[{"@type":"Article","@id":"https:\/\/www.aclanester56.com\/velo\/karl-chandavoine-champion-du-morbihan-sur-piste\/#article","isPartOf":{"@id":"https:\/\/www.aclanester56.com\/velo\/karl-chandavoine-champion-du-morbihan-sur-piste\/"},"author":{"name":"Jean-Christophe","@id":"https:\/\/www.aclanester56.com\/velo\/#\/schema\/person\/ca2a44a5fd969e9dd846c72d3b33bc01"},"headline":"Karl Chandavoine champion du Morbihan sur piste !","datePublished":"2012-05-03T06:22:05+00:00","dateModified":"2013-12-22T11:05:49+00:00","mainEntityOfPage":{"@id":"https:\/\/www.aclanester56.com\/velo\/karl-chandavoine-champion-du-morbihan-sur-piste\/"},"wordCount":212,"commentCount":1,"publisher":{"@id":"https:\/\/www.aclanester56.com\/velo\/#organization"},"image":{"@id":"https:\/\/www.aclanester56.com\/velo\/karl-chandavoine-champion-du-morbihan-sur-piste\/#primaryimage"},"thumbnailUrl":"https:\/\/www.aclanester56.com\/velo\/wp-content\/uploads\/2012\/05\/Championnat_56_piste-Copie.jpg","articleSection":["AC LANESTER 56","R\u00e9sultats 3eme cat\u00e9gorie"],"inLanguage":"fr-FR","potentialAction":[{"@type":"CommentAction","name":"Comment","target":["https:\/\/www.aclanester56.com\/velo\/karl-chandavoine-champion-du-morbihan-sur-piste\/#respond"]}]},{"@type":"WebPage","@id":"https:\/\/www.aclanester56.com\/velo\/karl-chandavoine-champion-du-morbihan-sur-piste\/","url":"https:\/\/www.aclanester56.com\/velo\/karl-chandavoine-champion-du-morbihan-sur-piste\/","name":"Karl Chandavoine champion du Morbihan sur piste ! - Avenir Cycliste Lanester 56","isPartOf":{"@id":"https:\/\/www.aclanester56.com\/velo\/#website"},"primaryImageOfPage":{"@id":"https:\/\/www.aclanester56.com\/velo\/karl-chandavoine-champion-du-morbihan-sur-piste\/#primaryimage"},"image":{"@id":"https:\/\/www.aclanester56.com\/velo\/karl-chandavoine-champion-du-morbihan-sur-piste\/#primaryimage"},"thumbnailUrl":"https:\/\/www.aclanester56.com\/velo\/wp-content\/uploads\/2012\/05\/Championnat_56_piste-Copie.jpg","datePublished":"2012-05-03T06:22:05+00:00","dateModified":"2013-12-22T11:05:49+00:00","inLanguage":"fr-FR","potentialAction":[{"@type":"ReadAction","target":["https:\/\/www.aclanester56.com\/velo\/karl-chandavoine-champion-du-morbihan-sur-piste\/"]}]},{"@type":"ImageObject","inLanguage":"fr-FR","@id":"https:\/\/www.aclanester56.com\/velo\/karl-chandavoine-champion-du-morbihan-sur-piste\/#primaryimage","url":"https:\/\/www.aclanester56.com\/velo\/wp-content\/uploads\/2012\/05\/Championnat_56_piste-Copie.jpg","contentUrl":"https:\/\/www.aclanester56.com\/velo\/wp-content\/uploads\/2012\/05\/Championnat_56_piste-Copie.jpg","width":650,"height":300},{"@type":"WebSite","@id":"https:\/\/www.aclanester56.com\/velo\/#website","url":"https:\/\/www.aclanester56.com\/velo\/","name":"Avenir Cycliste Lanester 56","description":"Club cycliste de l&#039;AC LANESTER 56","publisher":{"@id":"https:\/\/www.aclanester56.com\/velo\/#organization"},"potentialAction":[{"@type":"SearchAction","target":{"@type":"EntryPoint","urlTemplate":"https:\/\/www.aclanester56.com\/velo\/?s={search_term_string}"},"query-input":{"@type":"PropertyValueSpecification","valueRequired":true,"valueName":"search_term_string"}}],"inLanguage":"fr-FR"},{"@type":"Organization","@id":"https:\/\/www.aclanester56.com\/velo\/#organization","name":"Avenir Cycliste Lanester 56","url":"https:\/\/www.aclanester56.com\/velo\/","logo":{"@type":"ImageObject","inLanguage":"fr-FR","@id":"https:\/\/www.aclanester56.com\/velo\/#\/schema\/logo\/image\/","url":"https:\/\/www.aclanester56.com\/velo\/wp-content\/uploads\/2013\/04\/logo-ACL.jpg","contentUrl":"https:\/\/www.aclanester56.com\/velo\/wp-content\/uploads\/2013\/04\/logo-ACL.jpg","width":400,"height":334,"caption":"Avenir Cycliste Lanester 56"},"image":{"@id":"https:\/\/www.aclanester56.com\/velo\/#\/schema\/logo\/image\/"},"sameAs":["https:\/\/www.facebook.com\/pages\/AC-Lanester-56\/190286300991242?fref=ts"]},{"@type":"Person","@id":"https:\/\/www.aclanester56.com\/velo\/#\/schema\/person\/ca2a44a5fd969e9dd846c72d3b33bc01","name":"Jean-Christophe","url":"https:\/\/www.aclanester56.com\/velo\/author\/jeanchristophe\/"}]}},"_links":{"self":[{"href":"https:\/\/www.aclanester56.com\/velo\/wp-json\/wp\/v2\/posts\/11736","targetHints":{"allow":["GET"]}}],"collection":[{"href":"https:\/\/www.aclanester56.com\/velo\/wp-json\/wp\/v2\/posts"}],"about":[{"href":"https:\/\/www.aclanester56.com\/velo\/wp-json\/wp\/v2\/types\/post"}],"author":[{"embeddable":true,"href":"https:\/\/www.aclanester56.com\/velo\/wp-json\/wp\/v2\/users\/14"}],"replies":[{"embeddable":true,"href":"https:\/\/www.aclanester56.com\/velo\/wp-json\/wp\/v2\/comments?post=11736"}],"version-history":[{"count":0,"href":"https:\/\/www.aclanester56.com\/velo\/wp-json\/wp\/v2\/posts\/11736\/revisions"}],"wp:featuredmedia":[{"embeddable":true,"href":"https:\/\/www.aclanester56.com\/velo\/wp-json\/wp\/v2\/media\/11741"}],"wp:attachment":[{"href":"https:\/\/www.aclanester56.com\/velo\/wp-json\/wp\/v2\/media?parent=11736"}],"wp:term":[{"taxonomy":"category","embeddable":true,"href":"https:\/\/www.aclanester56.com\/velo\/wp-json\/wp\/v2\/categories?post=11736"},{"taxonomy":"post_tag","embeddable":true,"href":"https:\/\/www.aclanester56.com\/velo\/wp-json\/wp\/v2\/tags?post=11736"}],"curies":[{"name":"wp","href":"https:\/\/api.w.org\/{rel}","templated":true}]}}