{"id":12032,"date":"2012-05-18T21:41:32","date_gmt":"2012-05-18T20:41:32","guid":{"rendered":"http:\/\/www.aclanester56.com\/velo\/?p=12032"},"modified":"2013-12-22T13:02:23","modified_gmt":"2013-12-22T11:02:23","slug":"les-maillots-distinctifs-du-tro-div-ster","status":"publish","type":"post","link":"https:\/\/www.aclanester56.com\/velo\/les-maillots-distinctifs-du-tro-div-ster\/","title":{"rendered":"Les maillots distinctifs du Tro Div Ster"},"content":{"rendered":"<p style=\"text-align: left;\">\u00a0<\/p>\n<p style=\"text-align: left;\"><!--more--><\/p>\n<p style=\"text-align: center;\"><span style=\"text-decoration: underline; font-size: large;\"><span style=\"color: #ff6600;\"><strong>Les maillots distinctifs<\/strong><\/span><\/span><\/p>\n<p>&nbsp;<\/p>\n<p><a href=\"http:\/\/www.aclanester56.com\/velo\/wp-content\/uploads\/2012\/05\/maillot_jaune.png\"><img loading=\"lazy\" decoding=\"async\" class=\"alignleft size-full wp-image-12034\" title=\"maillot_jaune\" alt=\"\" src=\"http:\/\/www.aclanester56.com\/velo\/wp-content\/uploads\/2012\/05\/maillot_jaune.png\" width=\"165\" height=\"169\" \/><\/a><\/p>\n<p>&nbsp;<\/p>\n<p><span style=\"text-decoration: underline;\"><strong>Leader du classement g\u00e9n\u00e9ral<\/strong><\/span><\/p>\n<p><strong>Maillot jaune\u00a0parrain\u00e9\u00a0par la <a href=\"http:\/\/www.bmw-littoral-latitude.fr\/\" target=\"_blank\">concession BMW du groupe Collobert<\/a><\/strong><\/p>\n<p style=\"text-align: justify;\">Le classement g\u00e9n\u00e9ral\u00a0s\u2019effectuera au temps. Les temps seront pris sur la ligne d\u2019arriv\u00e9e pour toutes les \u00e9tapes.\u00a0En cas d\u2019\u00e9galit\u00e9\u00a0: Les concurrents sont d\u00e9partag\u00e9s par l\u2019addition des places obtenues \u00e0 chaque \u00e9tape, et en dernier ressort la place obtenue dans la derni\u00e8re \u00e9tape servirait \u00e0 les d\u00e9partager.<\/p>\n<p>&nbsp;<\/p>\n<p><a href=\"http:\/\/www.aclanester56.com\/velo\/wp-content\/uploads\/2012\/05\/maillot_Rouge.png\"><img loading=\"lazy\" decoding=\"async\" class=\"alignright size-full wp-image-12043\" title=\"maillot_Rouge\" alt=\"\" src=\"http:\/\/www.aclanester56.com\/velo\/wp-content\/uploads\/2012\/05\/maillot_Rouge.png\" width=\"165\" height=\"169\" \/><\/a><\/p>\n<p>&nbsp;<\/p>\n<p><span style=\"text-decoration: underline;\"><strong>Leader du classement du meilleur animateur<\/strong><\/span><\/p>\n<p><strong>Maillot rouge parrain\u00e9\u00a0par la Cave de Bellevue<\/strong><\/p>\n<p style=\"text-align: justify;\">Le nombre de points est 6, 4, 2, 1 par sprints. En cas d\u2019\u00e9galit\u00e9 de points, les coureurs sont d\u00e9partag\u00e9s par leur nombre de victoires puis par leur nombre de places de second, et ainsi de suite. En cas de nouvelle \u00e9galit\u00e9, le classement g\u00e9n\u00e9ral individuel au temps d\u00e9terminera le coureur le mieux class\u00e9.<\/p>\n<p>&nbsp;<\/p>\n<p><a href=\"http:\/\/www.aclanester56.com\/velo\/wp-content\/uploads\/2012\/05\/maillot_Pois.png\"><img loading=\"lazy\" decoding=\"async\" class=\"alignleft size-full wp-image-12050\" title=\"maillot_Pois\" alt=\"\" src=\"http:\/\/www.aclanester56.com\/velo\/wp-content\/uploads\/2012\/05\/maillot_Pois.png\" width=\"165\" height=\"169\" \/><\/a><\/p>\n<p>&nbsp;<\/p>\n<p><span style=\"text-decoration: underline;\"><strong>Leader du classement du meilleur grimpeur<\/strong><\/span><\/p>\n<p><strong>Maillot blanc \u00e0 pois rouge\u00a0parrain\u00e9\u00a0par le <a href=\"http:\/\/www.netto.fr\/\" target=\"_blank\">magasin Netto de Lanester<\/a><\/strong><\/p>\n<p style=\"text-align: justify;\">Le nombre de points est 6, 4, 2, 1 par sprints. En cas d\u2019\u00e9galit\u00e9 de points, les coureurs sont d\u00e9partag\u00e9s par leur nombre de victoires puis par leur nombre de places de second, et ainsi de suite. En cas de nouvelle \u00e9galit\u00e9, le classement g\u00e9n\u00e9ral individuel au temps d\u00e9terminera le coureur le mieux class\u00e9.<\/p>\n<p>&nbsp;<\/p>\n<p><a href=\"http:\/\/www.aclanester56.com\/velo\/wp-content\/uploads\/2012\/05\/Maillot_patrimoine.png\"><img loading=\"lazy\" decoding=\"async\" class=\"alignright size-full wp-image-12052\" title=\"Maillot_patrimoine\" alt=\"\" src=\"http:\/\/www.aclanester56.com\/velo\/wp-content\/uploads\/2012\/05\/Maillot_patrimoine.png\" width=\"165\" height=\"169\" \/><\/a><\/p>\n<p>&nbsp;<\/p>\n<p><span style=\"text-decoration: underline;\"><strong>Leader du classement Patrimoine<\/strong><\/span><\/p>\n<p><strong>Maillot vert\u00a0parrain\u00e9\u00a0par les <a href=\"http:\/\/www.trecobat.fr\" target=\"_blank\">Maisons Tr\u00e9cobat<\/a><\/strong><\/p>\n<p style=\"text-align: justify;\">Le nombre de points est 6, 4, 2, 1 par sprints. En cas d\u2019\u00e9galit\u00e9 de points, les coureurs sont d\u00e9partag\u00e9s par leur nombre de victoires puis par leur nombre de places de second, et ainsi de suite. En cas de nouvelle \u00e9galit\u00e9, le classement g\u00e9n\u00e9ral individuel au temps d\u00e9terminera le coureur le mieux class\u00e9.<\/p>\n<p><a href=\"http:\/\/www.aclanester56.com\/velo\/wp-content\/uploads\/2012\/05\/maillot_rose.png\"><img loading=\"lazy\" decoding=\"async\" class=\"alignleft size-full wp-image-12054\" title=\"maillot_rose\" alt=\"\" src=\"http:\/\/www.aclanester56.com\/velo\/wp-content\/uploads\/2012\/05\/maillot_rose.png\" width=\"165\" height=\"169\" \/><\/a><\/p>\n<p>&nbsp;<\/p>\n<p>&nbsp;<\/p>\n<p><span style=\"text-decoration: underline;\"><strong>Leader du classement 2\u00e8me cat\u00e9gorie<\/strong><\/span><\/p>\n<p><strong>Maillot fushia parrain\u00e9\u00a0par <a href=\"http:\/\/www.eurovia.fr\" target=\"_blank\">Eurovia<\/a><\/strong><\/p>\n<p style=\"text-align: justify;\">Ce classement est r\u00e9serv\u00e9 aux coureurs de la 2\u00e8me cat\u00e9gorie. Il est effectu\u00e9 \u00e0 partir du classement g\u00e9n\u00e9ral individuel au temps.<\/p>\n<p>&nbsp;<\/p>\n<p><a href=\"http:\/\/www.aclanester56.com\/velo\/wp-content\/uploads\/2012\/05\/maillot_bleu.png\"><img loading=\"lazy\" decoding=\"async\" class=\"alignright size-full wp-image-12058\" title=\"maillot_bleu\" alt=\"\" src=\"http:\/\/www.aclanester56.com\/velo\/wp-content\/uploads\/2012\/05\/maillot_bleu.png\" width=\"165\" height=\"169\" \/><\/a><\/p>\n<p>&nbsp;<\/p>\n<p>&nbsp;<\/p>\n<p><span style=\"text-decoration: underline;\"><strong>Leader du classement 3\u00e8me cat\u00e9gorie<\/strong><\/span><\/p>\n<p><strong>Maillot bleu parrain\u00e9\u00a0par les <a href=\"http:\/\/www.cycles-carrer.com\" target=\"_blank\">Cycles Carrer<\/a><\/strong><\/p>\n<p style=\"text-align: justify;\">Ce classement est r\u00e9serv\u00e9 aux coureurs de la 3\u00e8me cat\u00e9gorie. Il est effectu\u00e9 \u00e0 partir du classement g\u00e9n\u00e9ral individuel au temps.<\/p>\n<p>&nbsp;<\/p>\n<p><a href=\"http:\/\/www.aclanester56.com\/velo\/wp-content\/uploads\/2012\/05\/maillot_blanc.png\"><img loading=\"lazy\" decoding=\"async\" class=\"alignleft size-full wp-image-12061\" title=\"maillot_blanc\" alt=\"\" src=\"http:\/\/www.aclanester56.com\/velo\/wp-content\/uploads\/2012\/05\/maillot_blanc.png\" width=\"165\" height=\"169\" \/><\/a><\/p>\n<p>&nbsp;<\/p>\n<p><span style=\"text-decoration: underline;\"><strong>Leader du classement du meilleur jeune<\/strong><\/span><\/p>\n<p><strong>Maillot blanc parrain\u00e9\u00a0par les <a href=\"http:\/\/www.meublesatlas.com\/accueil.html\" target=\"_blank\">Meubles Atlas<\/a><\/strong><\/p>\n<p style=\"text-align: justify;\">Ce classement est r\u00e9serv\u00e9 aux jeunes de moins de 23 ans (n\u00e9s de 1994 \u00e0 1989). Il est effectu\u00e9 \u00e0 partir du classement g\u00e9n\u00e9ral individuel au temps.<\/p>\n","protected":false},"excerpt":{"rendered":"<p>\u00a0<\/p>\n","protected":false},"author":14,"featured_media":12128,"comment_status":"open","ping_status":"closed","sticky":false,"template":"","format":"standard","meta":{"ngg_post_thumbnail":0,"footnotes":""},"categories":[8,7],"tags":[],"class_list":["post-12032","post","type-post","status-publish","format-standard","has-post-thumbnail","hentry","category-tro-div-ster","category-organisations"],"yoast_head":"<!-- This site is optimized with the Yoast SEO plugin v27.5 - https:\/\/yoast.com\/product\/yoast-seo-wordpress\/ -->\n<title>Les maillots distinctifs du Tro Div Ster - Avenir Cycliste Lanester 56<\/title>\n<meta name=\"robots\" content=\"index, follow, max-snippet:-1, max-image-preview:large, max-video-preview:-1\" \/>\n<link rel=\"canonical\" href=\"https:\/\/www.aclanester56.com\/velo\/les-maillots-distinctifs-du-tro-div-ster\/\" \/>\n<meta property=\"og:locale\" content=\"fr_FR\" \/>\n<meta property=\"og:type\" content=\"article\" \/>\n<meta property=\"og:title\" content=\"Les maillots distinctifs du Tro Div Ster - Avenir Cycliste Lanester 56\" \/>\n<meta property=\"og:description\" content=\"\u00a0\" \/>\n<meta property=\"og:url\" content=\"https:\/\/www.aclanester56.com\/velo\/les-maillots-distinctifs-du-tro-div-ster\/\" \/>\n<meta property=\"og:site_name\" content=\"Avenir Cycliste Lanester 56\" \/>\n<meta property=\"article:publisher\" content=\"https:\/\/www.facebook.com\/pages\/AC-Lanester-56\/190286300991242?fref=ts\" \/>\n<meta property=\"article:published_time\" content=\"2012-05-18T20:41:32+00:00\" \/>\n<meta property=\"article:modified_time\" content=\"2013-12-22T11:02:23+00:00\" \/>\n<meta property=\"og:image\" content=\"https:\/\/www.aclanester56.com\/velo\/wp-content\/uploads\/2012\/05\/maillot_jaune1.png\" \/>\n\t<meta property=\"og:image:width\" content=\"650\" \/>\n\t<meta property=\"og:image:height\" content=\"300\" \/>\n\t<meta property=\"og:image:type\" content=\"image\/png\" \/>\n<meta name=\"author\" content=\"Jean-Christophe\" \/>\n<meta name=\"twitter:label1\" content=\"\u00c9crit par\" \/>\n\t<meta name=\"twitter:data1\" content=\"Jean-Christophe\" \/>\n\t<meta name=\"twitter:label2\" content=\"Dur\u00e9e de lecture estim\u00e9e\" \/>\n\t<meta name=\"twitter:data2\" content=\"2 minutes\" \/>\n<script type=\"application\/ld+json\" class=\"yoast-schema-graph\">{\"@context\":\"https:\\\/\\\/schema.org\",\"@graph\":[{\"@type\":\"Article\",\"@id\":\"https:\\\/\\\/www.aclanester56.com\\\/velo\\\/les-maillots-distinctifs-du-tro-div-ster\\\/#article\",\"isPartOf\":{\"@id\":\"https:\\\/\\\/www.aclanester56.com\\\/velo\\\/les-maillots-distinctifs-du-tro-div-ster\\\/\"},\"author\":{\"name\":\"Jean-Christophe\",\"@id\":\"https:\\\/\\\/www.aclanester56.com\\\/velo\\\/#\\\/schema\\\/person\\\/ca2a44a5fd969e9dd846c72d3b33bc01\"},\"headline\":\"Les maillots distinctifs du Tro Div Ster\",\"datePublished\":\"2012-05-18T20:41:32+00:00\",\"dateModified\":\"2013-12-22T11:02:23+00:00\",\"mainEntityOfPage\":{\"@id\":\"https:\\\/\\\/www.aclanester56.com\\\/velo\\\/les-maillots-distinctifs-du-tro-div-ster\\\/\"},\"wordCount\":420,\"commentCount\":0,\"publisher\":{\"@id\":\"https:\\\/\\\/www.aclanester56.com\\\/velo\\\/#organization\"},\"image\":{\"@id\":\"https:\\\/\\\/www.aclanester56.com\\\/velo\\\/les-maillots-distinctifs-du-tro-div-ster\\\/#primaryimage\"},\"thumbnailUrl\":\"https:\\\/\\\/www.aclanester56.com\\\/velo\\\/wp-content\\\/uploads\\\/2012\\\/05\\\/maillot_jaune1.png\",\"articleSection\":[\"Le Tro Div Ster\",\"Les organisations\"],\"inLanguage\":\"fr-FR\",\"potentialAction\":[{\"@type\":\"CommentAction\",\"name\":\"Comment\",\"target\":[\"https:\\\/\\\/www.aclanester56.com\\\/velo\\\/les-maillots-distinctifs-du-tro-div-ster\\\/#respond\"]}]},{\"@type\":\"WebPage\",\"@id\":\"https:\\\/\\\/www.aclanester56.com\\\/velo\\\/les-maillots-distinctifs-du-tro-div-ster\\\/\",\"url\":\"https:\\\/\\\/www.aclanester56.com\\\/velo\\\/les-maillots-distinctifs-du-tro-div-ster\\\/\",\"name\":\"Les maillots distinctifs du Tro Div Ster - Avenir Cycliste Lanester 56\",\"isPartOf\":{\"@id\":\"https:\\\/\\\/www.aclanester56.com\\\/velo\\\/#website\"},\"primaryImageOfPage\":{\"@id\":\"https:\\\/\\\/www.aclanester56.com\\\/velo\\\/les-maillots-distinctifs-du-tro-div-ster\\\/#primaryimage\"},\"image\":{\"@id\":\"https:\\\/\\\/www.aclanester56.com\\\/velo\\\/les-maillots-distinctifs-du-tro-div-ster\\\/#primaryimage\"},\"thumbnailUrl\":\"https:\\\/\\\/www.aclanester56.com\\\/velo\\\/wp-content\\\/uploads\\\/2012\\\/05\\\/maillot_jaune1.png\",\"datePublished\":\"2012-05-18T20:41:32+00:00\",\"dateModified\":\"2013-12-22T11:02:23+00:00\",\"inLanguage\":\"fr-FR\",\"potentialAction\":[{\"@type\":\"ReadAction\",\"target\":[\"https:\\\/\\\/www.aclanester56.com\\\/velo\\\/les-maillots-distinctifs-du-tro-div-ster\\\/\"]}]},{\"@type\":\"ImageObject\",\"inLanguage\":\"fr-FR\",\"@id\":\"https:\\\/\\\/www.aclanester56.com\\\/velo\\\/les-maillots-distinctifs-du-tro-div-ster\\\/#primaryimage\",\"url\":\"https:\\\/\\\/www.aclanester56.com\\\/velo\\\/wp-content\\\/uploads\\\/2012\\\/05\\\/maillot_jaune1.png\",\"contentUrl\":\"https:\\\/\\\/www.aclanester56.com\\\/velo\\\/wp-content\\\/uploads\\\/2012\\\/05\\\/maillot_jaune1.png\",\"width\":650,\"height\":300},{\"@type\":\"WebSite\",\"@id\":\"https:\\\/\\\/www.aclanester56.com\\\/velo\\\/#website\",\"url\":\"https:\\\/\\\/www.aclanester56.com\\\/velo\\\/\",\"name\":\"Avenir Cycliste Lanester 56\",\"description\":\"Club cycliste de l&#039;AC LANESTER 56\",\"publisher\":{\"@id\":\"https:\\\/\\\/www.aclanester56.com\\\/velo\\\/#organization\"},\"potentialAction\":[{\"@type\":\"SearchAction\",\"target\":{\"@type\":\"EntryPoint\",\"urlTemplate\":\"https:\\\/\\\/www.aclanester56.com\\\/velo\\\/?s={search_term_string}\"},\"query-input\":{\"@type\":\"PropertyValueSpecification\",\"valueRequired\":true,\"valueName\":\"search_term_string\"}}],\"inLanguage\":\"fr-FR\"},{\"@type\":\"Organization\",\"@id\":\"https:\\\/\\\/www.aclanester56.com\\\/velo\\\/#organization\",\"name\":\"Avenir Cycliste Lanester 56\",\"url\":\"https:\\\/\\\/www.aclanester56.com\\\/velo\\\/\",\"logo\":{\"@type\":\"ImageObject\",\"inLanguage\":\"fr-FR\",\"@id\":\"https:\\\/\\\/www.aclanester56.com\\\/velo\\\/#\\\/schema\\\/logo\\\/image\\\/\",\"url\":\"https:\\\/\\\/www.aclanester56.com\\\/velo\\\/wp-content\\\/uploads\\\/2013\\\/04\\\/logo-ACL.jpg\",\"contentUrl\":\"https:\\\/\\\/www.aclanester56.com\\\/velo\\\/wp-content\\\/uploads\\\/2013\\\/04\\\/logo-ACL.jpg\",\"width\":400,\"height\":334,\"caption\":\"Avenir Cycliste Lanester 56\"},\"image\":{\"@id\":\"https:\\\/\\\/www.aclanester56.com\\\/velo\\\/#\\\/schema\\\/logo\\\/image\\\/\"},\"sameAs\":[\"https:\\\/\\\/www.facebook.com\\\/pages\\\/AC-Lanester-56\\\/190286300991242?fref=ts\"]},{\"@type\":\"Person\",\"@id\":\"https:\\\/\\\/www.aclanester56.com\\\/velo\\\/#\\\/schema\\\/person\\\/ca2a44a5fd969e9dd846c72d3b33bc01\",\"name\":\"Jean-Christophe\",\"url\":\"https:\\\/\\\/www.aclanester56.com\\\/velo\\\/author\\\/jeanchristophe\\\/\"}]}<\/script>\n<!-- \/ Yoast SEO plugin. -->","yoast_head_json":{"title":"Les maillots distinctifs du Tro Div Ster - Avenir Cycliste Lanester 56","robots":{"index":"index","follow":"follow","max-snippet":"max-snippet:-1","max-image-preview":"max-image-preview:large","max-video-preview":"max-video-preview:-1"},"canonical":"https:\/\/www.aclanester56.com\/velo\/les-maillots-distinctifs-du-tro-div-ster\/","og_locale":"fr_FR","og_type":"article","og_title":"Les maillots distinctifs du Tro Div Ster - Avenir Cycliste Lanester 56","og_description":"\u00a0","og_url":"https:\/\/www.aclanester56.com\/velo\/les-maillots-distinctifs-du-tro-div-ster\/","og_site_name":"Avenir Cycliste Lanester 56","article_publisher":"https:\/\/www.facebook.com\/pages\/AC-Lanester-56\/190286300991242?fref=ts","article_published_time":"2012-05-18T20:41:32+00:00","article_modified_time":"2013-12-22T11:02:23+00:00","og_image":[{"width":650,"height":300,"url":"https:\/\/www.aclanester56.com\/velo\/wp-content\/uploads\/2012\/05\/maillot_jaune1.png","type":"image\/png"}],"author":"Jean-Christophe","twitter_misc":{"\u00c9crit par":"Jean-Christophe","Dur\u00e9e de lecture estim\u00e9e":"2 minutes"},"schema":{"@context":"https:\/\/schema.org","@graph":[{"@type":"Article","@id":"https:\/\/www.aclanester56.com\/velo\/les-maillots-distinctifs-du-tro-div-ster\/#article","isPartOf":{"@id":"https:\/\/www.aclanester56.com\/velo\/les-maillots-distinctifs-du-tro-div-ster\/"},"author":{"name":"Jean-Christophe","@id":"https:\/\/www.aclanester56.com\/velo\/#\/schema\/person\/ca2a44a5fd969e9dd846c72d3b33bc01"},"headline":"Les maillots distinctifs du Tro Div Ster","datePublished":"2012-05-18T20:41:32+00:00","dateModified":"2013-12-22T11:02:23+00:00","mainEntityOfPage":{"@id":"https:\/\/www.aclanester56.com\/velo\/les-maillots-distinctifs-du-tro-div-ster\/"},"wordCount":420,"commentCount":0,"publisher":{"@id":"https:\/\/www.aclanester56.com\/velo\/#organization"},"image":{"@id":"https:\/\/www.aclanester56.com\/velo\/les-maillots-distinctifs-du-tro-div-ster\/#primaryimage"},"thumbnailUrl":"https:\/\/www.aclanester56.com\/velo\/wp-content\/uploads\/2012\/05\/maillot_jaune1.png","articleSection":["Le Tro Div Ster","Les organisations"],"inLanguage":"fr-FR","potentialAction":[{"@type":"CommentAction","name":"Comment","target":["https:\/\/www.aclanester56.com\/velo\/les-maillots-distinctifs-du-tro-div-ster\/#respond"]}]},{"@type":"WebPage","@id":"https:\/\/www.aclanester56.com\/velo\/les-maillots-distinctifs-du-tro-div-ster\/","url":"https:\/\/www.aclanester56.com\/velo\/les-maillots-distinctifs-du-tro-div-ster\/","name":"Les maillots distinctifs du Tro Div Ster - Avenir Cycliste Lanester 56","isPartOf":{"@id":"https:\/\/www.aclanester56.com\/velo\/#website"},"primaryImageOfPage":{"@id":"https:\/\/www.aclanester56.com\/velo\/les-maillots-distinctifs-du-tro-div-ster\/#primaryimage"},"image":{"@id":"https:\/\/www.aclanester56.com\/velo\/les-maillots-distinctifs-du-tro-div-ster\/#primaryimage"},"thumbnailUrl":"https:\/\/www.aclanester56.com\/velo\/wp-content\/uploads\/2012\/05\/maillot_jaune1.png","datePublished":"2012-05-18T20:41:32+00:00","dateModified":"2013-12-22T11:02:23+00:00","inLanguage":"fr-FR","potentialAction":[{"@type":"ReadAction","target":["https:\/\/www.aclanester56.com\/velo\/les-maillots-distinctifs-du-tro-div-ster\/"]}]},{"@type":"ImageObject","inLanguage":"fr-FR","@id":"https:\/\/www.aclanester56.com\/velo\/les-maillots-distinctifs-du-tro-div-ster\/#primaryimage","url":"https:\/\/www.aclanester56.com\/velo\/wp-content\/uploads\/2012\/05\/maillot_jaune1.png","contentUrl":"https:\/\/www.aclanester56.com\/velo\/wp-content\/uploads\/2012\/05\/maillot_jaune1.png","width":650,"height":300},{"@type":"WebSite","@id":"https:\/\/www.aclanester56.com\/velo\/#website","url":"https:\/\/www.aclanester56.com\/velo\/","name":"Avenir Cycliste Lanester 56","description":"Club cycliste de l&#039;AC LANESTER 56","publisher":{"@id":"https:\/\/www.aclanester56.com\/velo\/#organization"},"potentialAction":[{"@type":"SearchAction","target":{"@type":"EntryPoint","urlTemplate":"https:\/\/www.aclanester56.com\/velo\/?s={search_term_string}"},"query-input":{"@type":"PropertyValueSpecification","valueRequired":true,"valueName":"search_term_string"}}],"inLanguage":"fr-FR"},{"@type":"Organization","@id":"https:\/\/www.aclanester56.com\/velo\/#organization","name":"Avenir Cycliste Lanester 56","url":"https:\/\/www.aclanester56.com\/velo\/","logo":{"@type":"ImageObject","inLanguage":"fr-FR","@id":"https:\/\/www.aclanester56.com\/velo\/#\/schema\/logo\/image\/","url":"https:\/\/www.aclanester56.com\/velo\/wp-content\/uploads\/2013\/04\/logo-ACL.jpg","contentUrl":"https:\/\/www.aclanester56.com\/velo\/wp-content\/uploads\/2013\/04\/logo-ACL.jpg","width":400,"height":334,"caption":"Avenir Cycliste Lanester 56"},"image":{"@id":"https:\/\/www.aclanester56.com\/velo\/#\/schema\/logo\/image\/"},"sameAs":["https:\/\/www.facebook.com\/pages\/AC-Lanester-56\/190286300991242?fref=ts"]},{"@type":"Person","@id":"https:\/\/www.aclanester56.com\/velo\/#\/schema\/person\/ca2a44a5fd969e9dd846c72d3b33bc01","name":"Jean-Christophe","url":"https:\/\/www.aclanester56.com\/velo\/author\/jeanchristophe\/"}]}},"_links":{"self":[{"href":"https:\/\/www.aclanester56.com\/velo\/wp-json\/wp\/v2\/posts\/12032","targetHints":{"allow":["GET"]}}],"collection":[{"href":"https:\/\/www.aclanester56.com\/velo\/wp-json\/wp\/v2\/posts"}],"about":[{"href":"https:\/\/www.aclanester56.com\/velo\/wp-json\/wp\/v2\/types\/post"}],"author":[{"embeddable":true,"href":"https:\/\/www.aclanester56.com\/velo\/wp-json\/wp\/v2\/users\/14"}],"replies":[{"embeddable":true,"href":"https:\/\/www.aclanester56.com\/velo\/wp-json\/wp\/v2\/comments?post=12032"}],"version-history":[{"count":0,"href":"https:\/\/www.aclanester56.com\/velo\/wp-json\/wp\/v2\/posts\/12032\/revisions"}],"wp:featuredmedia":[{"embeddable":true,"href":"https:\/\/www.aclanester56.com\/velo\/wp-json\/wp\/v2\/media\/12128"}],"wp:attachment":[{"href":"https:\/\/www.aclanester56.com\/velo\/wp-json\/wp\/v2\/media?parent=12032"}],"wp:term":[{"taxonomy":"category","embeddable":true,"href":"https:\/\/www.aclanester56.com\/velo\/wp-json\/wp\/v2\/categories?post=12032"},{"taxonomy":"post_tag","embeddable":true,"href":"https:\/\/www.aclanester56.com\/velo\/wp-json\/wp\/v2\/tags?post=12032"}],"curies":[{"name":"wp","href":"https:\/\/api.w.org\/{rel}","templated":true}]}}