{"id":12134,"date":"2012-05-15T22:03:56","date_gmt":"2012-05-15T21:03:56","guid":{"rendered":"http:\/\/www.aclanester56.com\/velo\/?p=12134"},"modified":"2013-12-22T13:04:23","modified_gmt":"2013-12-22T11:04:23","slug":"resultats-du-week-end-de-belles-performances-chez-les-cadets","status":"publish","type":"post","link":"https:\/\/www.aclanester56.com\/velo\/resultats-du-week-end-de-belles-performances-chez-les-cadets\/","title":{"rendered":"R\u00e9sultats du week-end : de belles performances chez les cadets !"},"content":{"rendered":"<p style=\"text-align: justify;\"><!--more--><\/p>\n<p style=\"text-align: justify;\">Ce week-end, il y avait plusieurs courses pour les cadets, ce qui a permis aux jeunes coureurs de l&rsquo;AC Lanester 56 de se \u00ab\u00a0disperser\u00a0\u00bb sur plusieurs courses. Les r\u00e9sultats sont toujours aussi encourageants, ils sont tous r\u00e9guli\u00e8rement class\u00e9s.\u00a0<\/p>\n<p style=\"text-align: justify;\"><strong style=\"color: #ff6600; font-size: 14px; line-height: 1.5em;\">M. Lannurien et T. Denis brillent sur la Coupe du Conseil G\u00e9n\u00e9ral sur Piste !<\/strong><\/p>\n<p style=\"text-align: justify;\">Les Lanest\u00e9riens Maxime Lannurien et Thomas Denis participaient vendredi soir \u00e0 la 3\u00e8me manche de la Coupe du Conseil G\u00e9n\u00e9ral sur Piste sur le v\u00e9lodrome de Vannes. Maxime remporte le tournoi de vitesse devant Thomas ! Sur le scratch, Maxime termine 5\u00e8me. Enfin, sur une vitesse par \u00e9quipes avec \u00e9quipe mixte compos\u00e9e d&rsquo;un minime, cadet et junior-senior, Thomas Denis (associ\u00e9 \u00e0 Alexis Le Capitaine et K\u00e9vin Piriou) l&#8217;emporte, tandis que Maxime Lannurien (associ\u00e9 \u00e0 C\u00e9cilia Le Bris et Benjamin J\u00e9gat) termine 4\u00e8me !<\/p>\n<div id=\"attachment_12137\" style=\"width: 210px\" class=\"wp-caption alignright\"><a href=\"http:\/\/www.aclanester56.com\/velo\/wp-content\/uploads\/2012\/05\/550513_3937488236187_1249295973_33707550_787324895_n-399x600.jpg\"><img loading=\"lazy\" decoding=\"async\" aria-describedby=\"caption-attachment-12137\" class=\"size-large wp-image-12137\" title=\"Cadet 1\u00e8re ann\u00e9e, le Lanest\u00e9rien Thomas Denis progresse au fil des semaines (photo Marion Denis)\" alt=\"\" src=\"http:\/\/www.aclanester56.com\/velo\/wp-content\/uploads\/2012\/05\/550513_3937488236187_1249295973_33707550_787324895_n-399x600.jpg\" width=\"200\" height=\"300\" srcset=\"https:\/\/www.aclanester56.com\/velo\/wp-content\/uploads\/2012\/05\/550513_3937488236187_1249295973_33707550_787324895_n-399x600.jpg 399w, https:\/\/www.aclanester56.com\/velo\/wp-content\/uploads\/2012\/05\/550513_3937488236187_1249295973_33707550_787324895_n-199x300.jpg 199w, https:\/\/www.aclanester56.com\/velo\/wp-content\/uploads\/2012\/05\/550513_3937488236187_1249295973_33707550_787324895_n.jpg 479w\" sizes=\"auto, (max-width: 200px) 100vw, 200px\" \/><\/a><p id=\"caption-attachment-12137\" class=\"wp-caption-text\">Cadet 1\u00e8re ann\u00e9e, le Lanest\u00e9rien Thomas Denis progresse au fil des semaines (photo Marion Denis)<\/p><\/div>\n<p style=\"text-align: justify;\"><span style=\"color: #ff6600;\"><strong>Thomas Denis sur le podium \u00e0 Treffl\u00e9an !<\/strong><\/span><\/p>\n<p style=\"text-align: justify;\">Samedi \u00e0 Tr\u00e9ffl\u00e9an, Thomas Denis prend la bonne \u00e9chapp\u00e9e et s&rsquo;incline dans un sprint \u00e0 3. Il termine 3\u00e8me, tandis que la Lanest\u00e9rienne Julie Le Priellec prend une excellente 15\u00e8me place.<\/p>\n<p style=\"text-align: justify;\"><span style=\"color: #ff6600;\"><strong>Trois Lanest\u00e9riens dans les points \u00e0 Plumaugat<\/strong><\/span><\/p>\n<p style=\"text-align: justify;\">Une \u00e9preuve qualificative pour le championnat de Bretagne cadets se disputait \u00e0 Plumaugat dimanche. Dans un contexte relev\u00e9, trois Lanest\u00e9riens rentrent dans les points : K\u00e9vin Le Gal est 10\u00e8me, Yoann S\u00e9lo 11\u00e8me et Loic Le Barbier 15\u00e8me.\u00a0<\/p>\n<p style=\"text-align: justify;\"><span style=\"color: #ff6600;\"><strong>Thibaut Seveno dans le top 5<\/strong><\/span>\u00a0<\/p>\n<p style=\"text-align: justify;\">Du c\u00f4t\u00e9 de St Malo De Phily, Thibaut S\u00e9veno termine 5\u00e8me et Julien Guiho 26\u00e8me.\u00a0<\/p>\n<p style=\"text-align: justify;\"><span style=\"color: #ff6600;\"><strong>Maxime Lannurien revient en forme !<\/strong><\/span><\/p>\n<p style=\"text-align: justify;\">Toujours dimanche, sur le difficile circuit de K\u00e9rostin \u00e0 Pontivy, Maxime Lannurien termine 4\u00e8me, Alexandre Rio 8e, Benjamin Duval 18\u00e8me et Julie Le Priellec 20\u00e8me.\u00a0<\/p>\n<p style=\"text-align: justify;\"><span style=\"color: #ff6600;\"><strong>N. Primas et T. Morvan brillent en s\u00e9lection d\u00e9partementale !<\/strong><\/span><\/p>\n<p style=\"text-align: justify;\">Deux coureurs de l&rsquo;AC LANESTER 56 \u00e9taient s\u00e9lectionn\u00e9s en \u00e9quipe du Morbihan pour participer \u00e0 la manche de l&rsquo;inter-r\u00e9gions cadets zone ouest \u00e0 Louisfert (44) : Nicolas Primas et Thibault Morvan. Les Morbihannais r\u00e9alisaient une grosse performance le matin en s&rsquo;imposant dans un temps canon sur le contre-la-montre par \u00e9quipes face aux meilleurs coureurs de chaque d\u00e9partement de l&rsquo;Ouest. L&rsquo;apr\u00e8s-midi, Nicolas Primas est victime d&rsquo;une chute et Thibault Morvan termine 31\u00e8me.<\/p>\n<p style=\"text-align: justify;\"><strong>Remerciements \u00e0 Jean-Marc Morvan.<\/strong><\/p>\n","protected":false},"excerpt":{"rendered":"","protected":false},"author":14,"featured_media":12139,"comment_status":"open","ping_status":"closed","sticky":false,"template":"","format":"standard","meta":{"ngg_post_thumbnail":0,"footnotes":""},"categories":[5,16,22],"tags":[],"class_list":["post-12134","post","type-post","status-publish","format-standard","has-post-thumbnail","hentry","category-ac-lanester-56","category-resultats","category-resultats-cadets"],"yoast_head":"<!-- This site is optimized with the Yoast SEO plugin v27.4 - https:\/\/yoast.com\/product\/yoast-seo-wordpress\/ -->\n<title>R\u00e9sultats du week-end : de belles performances chez les cadets ! - Avenir Cycliste Lanester 56<\/title>\n<meta name=\"robots\" content=\"index, follow, max-snippet:-1, max-image-preview:large, max-video-preview:-1\" \/>\n<link rel=\"canonical\" href=\"https:\/\/www.aclanester56.com\/velo\/resultats-du-week-end-de-belles-performances-chez-les-cadets\/\" \/>\n<meta property=\"og:locale\" content=\"fr_FR\" \/>\n<meta property=\"og:type\" content=\"article\" \/>\n<meta property=\"og:title\" content=\"R\u00e9sultats du week-end : de belles performances chez les cadets ! - Avenir Cycliste Lanester 56\" \/>\n<meta property=\"og:url\" content=\"https:\/\/www.aclanester56.com\/velo\/resultats-du-week-end-de-belles-performances-chez-les-cadets\/\" \/>\n<meta property=\"og:site_name\" content=\"Avenir Cycliste Lanester 56\" \/>\n<meta property=\"article:publisher\" content=\"https:\/\/www.facebook.com\/pages\/AC-Lanester-56\/190286300991242?fref=ts\" \/>\n<meta property=\"article:published_time\" content=\"2012-05-15T21:03:56+00:00\" \/>\n<meta property=\"article:modified_time\" content=\"2013-12-22T11:04:23+00:00\" \/>\n<meta property=\"og:image\" content=\"https:\/\/www.aclanester56.com\/velo\/wp-content\/uploads\/2012\/05\/Podium-Copie.jpg\" \/>\n\t<meta property=\"og:image:width\" content=\"650\" \/>\n\t<meta property=\"og:image:height\" content=\"300\" \/>\n\t<meta property=\"og:image:type\" content=\"image\/jpeg\" \/>\n<meta name=\"author\" content=\"Jean-Christophe\" \/>\n<meta name=\"twitter:label1\" content=\"\u00c9crit par\" \/>\n\t<meta name=\"twitter:data1\" content=\"Jean-Christophe\" \/>\n\t<meta name=\"twitter:label2\" content=\"Dur\u00e9e de lecture estim\u00e9e\" \/>\n\t<meta name=\"twitter:data2\" content=\"2 minutes\" \/>\n<script type=\"application\/ld+json\" class=\"yoast-schema-graph\">{\"@context\":\"https:\\\/\\\/schema.org\",\"@graph\":[{\"@type\":\"Article\",\"@id\":\"https:\\\/\\\/www.aclanester56.com\\\/velo\\\/resultats-du-week-end-de-belles-performances-chez-les-cadets\\\/#article\",\"isPartOf\":{\"@id\":\"https:\\\/\\\/www.aclanester56.com\\\/velo\\\/resultats-du-week-end-de-belles-performances-chez-les-cadets\\\/\"},\"author\":{\"name\":\"Jean-Christophe\",\"@id\":\"https:\\\/\\\/www.aclanester56.com\\\/velo\\\/#\\\/schema\\\/person\\\/ca2a44a5fd969e9dd846c72d3b33bc01\"},\"headline\":\"R\u00e9sultats du week-end : de belles performances chez les cadets !\",\"datePublished\":\"2012-05-15T21:03:56+00:00\",\"dateModified\":\"2013-12-22T11:04:23+00:00\",\"mainEntityOfPage\":{\"@id\":\"https:\\\/\\\/www.aclanester56.com\\\/velo\\\/resultats-du-week-end-de-belles-performances-chez-les-cadets\\\/\"},\"wordCount\":400,\"commentCount\":0,\"publisher\":{\"@id\":\"https:\\\/\\\/www.aclanester56.com\\\/velo\\\/#organization\"},\"image\":{\"@id\":\"https:\\\/\\\/www.aclanester56.com\\\/velo\\\/resultats-du-week-end-de-belles-performances-chez-les-cadets\\\/#primaryimage\"},\"thumbnailUrl\":\"https:\\\/\\\/www.aclanester56.com\\\/velo\\\/wp-content\\\/uploads\\\/2012\\\/05\\\/Podium-Copie.jpg\",\"articleSection\":[\"AC LANESTER 56\",\"R\u00e9sultats\",\"R\u00e9sultats Cadets\"],\"inLanguage\":\"fr-FR\",\"potentialAction\":[{\"@type\":\"CommentAction\",\"name\":\"Comment\",\"target\":[\"https:\\\/\\\/www.aclanester56.com\\\/velo\\\/resultats-du-week-end-de-belles-performances-chez-les-cadets\\\/#respond\"]}]},{\"@type\":\"WebPage\",\"@id\":\"https:\\\/\\\/www.aclanester56.com\\\/velo\\\/resultats-du-week-end-de-belles-performances-chez-les-cadets\\\/\",\"url\":\"https:\\\/\\\/www.aclanester56.com\\\/velo\\\/resultats-du-week-end-de-belles-performances-chez-les-cadets\\\/\",\"name\":\"R\u00e9sultats du week-end : de belles performances chez les cadets ! - Avenir Cycliste Lanester 56\",\"isPartOf\":{\"@id\":\"https:\\\/\\\/www.aclanester56.com\\\/velo\\\/#website\"},\"primaryImageOfPage\":{\"@id\":\"https:\\\/\\\/www.aclanester56.com\\\/velo\\\/resultats-du-week-end-de-belles-performances-chez-les-cadets\\\/#primaryimage\"},\"image\":{\"@id\":\"https:\\\/\\\/www.aclanester56.com\\\/velo\\\/resultats-du-week-end-de-belles-performances-chez-les-cadets\\\/#primaryimage\"},\"thumbnailUrl\":\"https:\\\/\\\/www.aclanester56.com\\\/velo\\\/wp-content\\\/uploads\\\/2012\\\/05\\\/Podium-Copie.jpg\",\"datePublished\":\"2012-05-15T21:03:56+00:00\",\"dateModified\":\"2013-12-22T11:04:23+00:00\",\"inLanguage\":\"fr-FR\",\"potentialAction\":[{\"@type\":\"ReadAction\",\"target\":[\"https:\\\/\\\/www.aclanester56.com\\\/velo\\\/resultats-du-week-end-de-belles-performances-chez-les-cadets\\\/\"]}]},{\"@type\":\"ImageObject\",\"inLanguage\":\"fr-FR\",\"@id\":\"https:\\\/\\\/www.aclanester56.com\\\/velo\\\/resultats-du-week-end-de-belles-performances-chez-les-cadets\\\/#primaryimage\",\"url\":\"https:\\\/\\\/www.aclanester56.com\\\/velo\\\/wp-content\\\/uploads\\\/2012\\\/05\\\/Podium-Copie.jpg\",\"contentUrl\":\"https:\\\/\\\/www.aclanester56.com\\\/velo\\\/wp-content\\\/uploads\\\/2012\\\/05\\\/Podium-Copie.jpg\",\"width\":650,\"height\":300},{\"@type\":\"WebSite\",\"@id\":\"https:\\\/\\\/www.aclanester56.com\\\/velo\\\/#website\",\"url\":\"https:\\\/\\\/www.aclanester56.com\\\/velo\\\/\",\"name\":\"Avenir Cycliste Lanester 56\",\"description\":\"Club cycliste de l&#039;AC LANESTER 56\",\"publisher\":{\"@id\":\"https:\\\/\\\/www.aclanester56.com\\\/velo\\\/#organization\"},\"potentialAction\":[{\"@type\":\"SearchAction\",\"target\":{\"@type\":\"EntryPoint\",\"urlTemplate\":\"https:\\\/\\\/www.aclanester56.com\\\/velo\\\/?s={search_term_string}\"},\"query-input\":{\"@type\":\"PropertyValueSpecification\",\"valueRequired\":true,\"valueName\":\"search_term_string\"}}],\"inLanguage\":\"fr-FR\"},{\"@type\":\"Organization\",\"@id\":\"https:\\\/\\\/www.aclanester56.com\\\/velo\\\/#organization\",\"name\":\"Avenir Cycliste Lanester 56\",\"url\":\"https:\\\/\\\/www.aclanester56.com\\\/velo\\\/\",\"logo\":{\"@type\":\"ImageObject\",\"inLanguage\":\"fr-FR\",\"@id\":\"https:\\\/\\\/www.aclanester56.com\\\/velo\\\/#\\\/schema\\\/logo\\\/image\\\/\",\"url\":\"https:\\\/\\\/www.aclanester56.com\\\/velo\\\/wp-content\\\/uploads\\\/2013\\\/04\\\/logo-ACL.jpg\",\"contentUrl\":\"https:\\\/\\\/www.aclanester56.com\\\/velo\\\/wp-content\\\/uploads\\\/2013\\\/04\\\/logo-ACL.jpg\",\"width\":400,\"height\":334,\"caption\":\"Avenir Cycliste Lanester 56\"},\"image\":{\"@id\":\"https:\\\/\\\/www.aclanester56.com\\\/velo\\\/#\\\/schema\\\/logo\\\/image\\\/\"},\"sameAs\":[\"https:\\\/\\\/www.facebook.com\\\/pages\\\/AC-Lanester-56\\\/190286300991242?fref=ts\"]},{\"@type\":\"Person\",\"@id\":\"https:\\\/\\\/www.aclanester56.com\\\/velo\\\/#\\\/schema\\\/person\\\/ca2a44a5fd969e9dd846c72d3b33bc01\",\"name\":\"Jean-Christophe\",\"url\":\"https:\\\/\\\/www.aclanester56.com\\\/velo\\\/author\\\/jeanchristophe\\\/\"}]}<\/script>\n<!-- \/ Yoast SEO plugin. -->","yoast_head_json":{"title":"R\u00e9sultats du week-end : de belles performances chez les cadets ! - Avenir Cycliste Lanester 56","robots":{"index":"index","follow":"follow","max-snippet":"max-snippet:-1","max-image-preview":"max-image-preview:large","max-video-preview":"max-video-preview:-1"},"canonical":"https:\/\/www.aclanester56.com\/velo\/resultats-du-week-end-de-belles-performances-chez-les-cadets\/","og_locale":"fr_FR","og_type":"article","og_title":"R\u00e9sultats du week-end : de belles performances chez les cadets ! - Avenir Cycliste Lanester 56","og_url":"https:\/\/www.aclanester56.com\/velo\/resultats-du-week-end-de-belles-performances-chez-les-cadets\/","og_site_name":"Avenir Cycliste Lanester 56","article_publisher":"https:\/\/www.facebook.com\/pages\/AC-Lanester-56\/190286300991242?fref=ts","article_published_time":"2012-05-15T21:03:56+00:00","article_modified_time":"2013-12-22T11:04:23+00:00","og_image":[{"width":650,"height":300,"url":"https:\/\/www.aclanester56.com\/velo\/wp-content\/uploads\/2012\/05\/Podium-Copie.jpg","type":"image\/jpeg"}],"author":"Jean-Christophe","twitter_misc":{"\u00c9crit par":"Jean-Christophe","Dur\u00e9e de lecture estim\u00e9e":"2 minutes"},"schema":{"@context":"https:\/\/schema.org","@graph":[{"@type":"Article","@id":"https:\/\/www.aclanester56.com\/velo\/resultats-du-week-end-de-belles-performances-chez-les-cadets\/#article","isPartOf":{"@id":"https:\/\/www.aclanester56.com\/velo\/resultats-du-week-end-de-belles-performances-chez-les-cadets\/"},"author":{"name":"Jean-Christophe","@id":"https:\/\/www.aclanester56.com\/velo\/#\/schema\/person\/ca2a44a5fd969e9dd846c72d3b33bc01"},"headline":"R\u00e9sultats du week-end : de belles performances chez les cadets !","datePublished":"2012-05-15T21:03:56+00:00","dateModified":"2013-12-22T11:04:23+00:00","mainEntityOfPage":{"@id":"https:\/\/www.aclanester56.com\/velo\/resultats-du-week-end-de-belles-performances-chez-les-cadets\/"},"wordCount":400,"commentCount":0,"publisher":{"@id":"https:\/\/www.aclanester56.com\/velo\/#organization"},"image":{"@id":"https:\/\/www.aclanester56.com\/velo\/resultats-du-week-end-de-belles-performances-chez-les-cadets\/#primaryimage"},"thumbnailUrl":"https:\/\/www.aclanester56.com\/velo\/wp-content\/uploads\/2012\/05\/Podium-Copie.jpg","articleSection":["AC LANESTER 56","R\u00e9sultats","R\u00e9sultats Cadets"],"inLanguage":"fr-FR","potentialAction":[{"@type":"CommentAction","name":"Comment","target":["https:\/\/www.aclanester56.com\/velo\/resultats-du-week-end-de-belles-performances-chez-les-cadets\/#respond"]}]},{"@type":"WebPage","@id":"https:\/\/www.aclanester56.com\/velo\/resultats-du-week-end-de-belles-performances-chez-les-cadets\/","url":"https:\/\/www.aclanester56.com\/velo\/resultats-du-week-end-de-belles-performances-chez-les-cadets\/","name":"R\u00e9sultats du week-end : de belles performances chez les cadets ! - Avenir Cycliste Lanester 56","isPartOf":{"@id":"https:\/\/www.aclanester56.com\/velo\/#website"},"primaryImageOfPage":{"@id":"https:\/\/www.aclanester56.com\/velo\/resultats-du-week-end-de-belles-performances-chez-les-cadets\/#primaryimage"},"image":{"@id":"https:\/\/www.aclanester56.com\/velo\/resultats-du-week-end-de-belles-performances-chez-les-cadets\/#primaryimage"},"thumbnailUrl":"https:\/\/www.aclanester56.com\/velo\/wp-content\/uploads\/2012\/05\/Podium-Copie.jpg","datePublished":"2012-05-15T21:03:56+00:00","dateModified":"2013-12-22T11:04:23+00:00","inLanguage":"fr-FR","potentialAction":[{"@type":"ReadAction","target":["https:\/\/www.aclanester56.com\/velo\/resultats-du-week-end-de-belles-performances-chez-les-cadets\/"]}]},{"@type":"ImageObject","inLanguage":"fr-FR","@id":"https:\/\/www.aclanester56.com\/velo\/resultats-du-week-end-de-belles-performances-chez-les-cadets\/#primaryimage","url":"https:\/\/www.aclanester56.com\/velo\/wp-content\/uploads\/2012\/05\/Podium-Copie.jpg","contentUrl":"https:\/\/www.aclanester56.com\/velo\/wp-content\/uploads\/2012\/05\/Podium-Copie.jpg","width":650,"height":300},{"@type":"WebSite","@id":"https:\/\/www.aclanester56.com\/velo\/#website","url":"https:\/\/www.aclanester56.com\/velo\/","name":"Avenir Cycliste Lanester 56","description":"Club cycliste de l&#039;AC LANESTER 56","publisher":{"@id":"https:\/\/www.aclanester56.com\/velo\/#organization"},"potentialAction":[{"@type":"SearchAction","target":{"@type":"EntryPoint","urlTemplate":"https:\/\/www.aclanester56.com\/velo\/?s={search_term_string}"},"query-input":{"@type":"PropertyValueSpecification","valueRequired":true,"valueName":"search_term_string"}}],"inLanguage":"fr-FR"},{"@type":"Organization","@id":"https:\/\/www.aclanester56.com\/velo\/#organization","name":"Avenir Cycliste Lanester 56","url":"https:\/\/www.aclanester56.com\/velo\/","logo":{"@type":"ImageObject","inLanguage":"fr-FR","@id":"https:\/\/www.aclanester56.com\/velo\/#\/schema\/logo\/image\/","url":"https:\/\/www.aclanester56.com\/velo\/wp-content\/uploads\/2013\/04\/logo-ACL.jpg","contentUrl":"https:\/\/www.aclanester56.com\/velo\/wp-content\/uploads\/2013\/04\/logo-ACL.jpg","width":400,"height":334,"caption":"Avenir Cycliste Lanester 56"},"image":{"@id":"https:\/\/www.aclanester56.com\/velo\/#\/schema\/logo\/image\/"},"sameAs":["https:\/\/www.facebook.com\/pages\/AC-Lanester-56\/190286300991242?fref=ts"]},{"@type":"Person","@id":"https:\/\/www.aclanester56.com\/velo\/#\/schema\/person\/ca2a44a5fd969e9dd846c72d3b33bc01","name":"Jean-Christophe","url":"https:\/\/www.aclanester56.com\/velo\/author\/jeanchristophe\/"}]}},"_links":{"self":[{"href":"https:\/\/www.aclanester56.com\/velo\/wp-json\/wp\/v2\/posts\/12134","targetHints":{"allow":["GET"]}}],"collection":[{"href":"https:\/\/www.aclanester56.com\/velo\/wp-json\/wp\/v2\/posts"}],"about":[{"href":"https:\/\/www.aclanester56.com\/velo\/wp-json\/wp\/v2\/types\/post"}],"author":[{"embeddable":true,"href":"https:\/\/www.aclanester56.com\/velo\/wp-json\/wp\/v2\/users\/14"}],"replies":[{"embeddable":true,"href":"https:\/\/www.aclanester56.com\/velo\/wp-json\/wp\/v2\/comments?post=12134"}],"version-history":[{"count":0,"href":"https:\/\/www.aclanester56.com\/velo\/wp-json\/wp\/v2\/posts\/12134\/revisions"}],"wp:featuredmedia":[{"embeddable":true,"href":"https:\/\/www.aclanester56.com\/velo\/wp-json\/wp\/v2\/media\/12139"}],"wp:attachment":[{"href":"https:\/\/www.aclanester56.com\/velo\/wp-json\/wp\/v2\/media?parent=12134"}],"wp:term":[{"taxonomy":"category","embeddable":true,"href":"https:\/\/www.aclanester56.com\/velo\/wp-json\/wp\/v2\/categories?post=12134"},{"taxonomy":"post_tag","embeddable":true,"href":"https:\/\/www.aclanester56.com\/velo\/wp-json\/wp\/v2\/tags?post=12134"}],"curies":[{"name":"wp","href":"https:\/\/api.w.org\/{rel}","templated":true}]}}