{"id":12263,"date":"2012-05-21T08:06:14","date_gmt":"2012-05-21T07:06:14","guid":{"rendered":"http:\/\/www.aclanester56.com\/velo\/?p=12263"},"modified":"2013-12-22T12:59:35","modified_gmt":"2013-12-22T10:59:35","slug":"13eme-tro-div-ster-branderion-lanester-les-resultats-de-la-3eme-etape","status":"publish","type":"post","link":"https:\/\/www.aclanester56.com\/velo\/13eme-tro-div-ster-branderion-lanester-les-resultats-de-la-3eme-etape\/","title":{"rendered":"13eme Tro Div Ster : Brand\u00e9rion &#8211;  Lanester : Les r\u00e9sultats de la 3\u00e8me \u00e9tape"},"content":{"rendered":"<p><!--more--><\/p>\n<p>Mais qui\u00a0 donc a gagn\u00e9 cette 3\u00e8me \u00e9tape ?<\/p>\n<p>\u00a0Apr\u00e8s quelques tours de circuit a Brand\u00e9rion qui accueillait le d\u00e9part de cette 3\u00e8me \u00e9tape, nos coureurs se sont \u00e9lanc\u00e9s pour rejoindre la ville de Lanester, ville ou se d\u00e9roulait sur un circuit bien connu d\u00e9ja le final de cette 13 \u00e8me \u00e9dition du Tro Div Ster 2012.<\/p>\n<p>Avec une moyenne de 42,23 km\/ sur une distance de 95.3 kms .<\/p>\n<p>Voici les r\u00e9sultats a l&rsquo;issue de cette 3\u00e8me \u00e9tape :<\/p>\n<p><span style=\"color: #ff0000;\"><strong>1 BOUCHEVREAU Jacques Team U Nantes Atlantique 1\u00e8re 2.15&rsquo;25\u00a0\u00bb<\/strong><\/span><\/p>\n<p><span style=\"color: #000000;\"><strong>2 GEFFROY R\u00e9gis Cotes d&rsquo;Armor Marie Morin 1\u00e8re 2.15&rsquo;25\u00a0\u00bb<\/strong><\/span><\/p>\n<p><span style=\"color: #000000;\"><strong>3 SEIGNEUR Fabrice ASPTT Rennes 1\u00e8re Esp 2.15&rsquo;31\u00a0\u00bb 6&Prime;<\/strong><\/span><\/p>\n<p>4 MASSE St\u00e9van VCP Loud\u00e9ac 1\u00e8re Esp 2.15&rsquo;33\u00a0\u00bb 8&Prime;<\/p>\n<p>5 VILLAIN Alexis Olonnes POCCL 1\u00e8re Esp 2.15&rsquo;35\u00a0\u00bb 10&Prime;<\/p>\n<p>6 DEQUIPPE Ronan Team U Nantes Atlantique 1\u00e8re 2.15&rsquo;35\u00a0\u00bb 10&Prime;<\/p>\n<p>7 GILLET Josu\u00e9 ASPTT Rennes 1\u00e8re 2.15&rsquo;35\u00a0\u00bb 10&Prime;<\/p>\n<p>8 HARNOIS Pascal VCP Loud\u00e9ac 1\u00e8re 2.15&rsquo;35\u00a0\u00bb 10&Prime;<\/p>\n<p>9 JEGAT Benjamin VCP Lorient 1\u00e8re Esp 2.15&rsquo;35\u00a0\u00bb 10&Prime;<\/p>\n<p>10 GRANGER Mike Sojasun Espoirs ACNC 2\u00e8me Esp 2.15&rsquo;35\u00a0\u00bb 10&Prime;<\/p>\n<p>11 CLOAREC Mathieu Team U Nantes Atlantique 1\u00e8re Esp 2.15&rsquo;35\u00a0\u00bb 10&Prime;<\/p>\n<p>12 CHOPIN David Hennebont Cyclisme 1\u00e8re 2.15&rsquo;35\u00a0\u00bb 10&Prime;<\/p>\n<p>13 PLEVEN Mathieu Hennebont Cyclisme 2\u00e8me Esp 2.15&rsquo;35\u00a0\u00bb 10&Prime;<\/p>\n<p>14 HUTIN Emmanuel Team U Nantes Atlantique 1\u00e8re 2.15&rsquo;35\u00a0\u00bb 10&Prime;<\/p>\n<p>15 LE CORRE William Cotes d&rsquo;Armor Marie Morin 1\u00e8re 2.15&rsquo;35\u00a0\u00bb 10&Prime;<\/p>\n<p>16 VIGNES Anthony BIC 2000 1\u00e8re 2.15&rsquo;35\u00a0\u00bb 10&Prime;<\/p>\n<p>17 COQUIL S\u00e9bastien EC Landerneau 2\u00e8me Esp 2.15&rsquo;35\u00a0\u00bb 10&Prime;<\/p>\n<p>18 PECHEUL Baptiste Cotes d&rsquo;Armor Marie Morin 1\u00e8re Esp 2.15&rsquo;35\u00a0\u00bb 10&Prime;<\/p>\n<p>19 HECAMPS Bastien Team Spondylarthrite 2\u00e8me Esp 2.15&rsquo;35\u00a0\u00bb 10&Prime;<\/p>\n<p>20 BALANNEC Christophe BIC 2000 1\u00e8re Esp 2.15&rsquo;35\u00a0\u00bb 10&Prime;<\/p>\n<p>21 SIDANER Fabien BIC 2000 1\u00e8re 2.15&rsquo;35\u00a0\u00bb 10&Prime;<\/p>\n<p>22 GOUEDARD Simon VCP Loud\u00e9ac 1\u00e8re 2.15&rsquo;35\u00a0\u00bb 10&Prime;<\/p>\n<p>23 TANGUY Sylvain VCP Lorient 2\u00e8me Esp 2.15&rsquo;35\u00a0\u00bb 10&Prime;<\/p>\n<p><span style=\"color: #ff6600;\"><strong>24 LE GAL Mathieu AC Lanester 56 2\u00e8me Esp 2.15&rsquo;35\u00a0\u00bb 10&Prime;<\/strong><\/span><\/p>\n<p>25 GONNET Lancelot EC Qu\u00e9ven 2\u00e8me 2.15&rsquo;35\u00a0\u00bb 10&Prime;<\/p>\n<p>26 LORANT Simon Team Pays de Dinan 2\u00e8me 2.15&rsquo;35\u00a0\u00bb 10&Prime;<\/p>\n<p>27 NEVO Gw\u00e9na\u00ebl VCP Loud\u00e9ac 1\u00e8re 2.15&rsquo;35\u00a0\u00bb 10&Prime;<\/p>\n<p>28 MIRA Anthony Sojasun Espoirs ACNC 1\u00e8re Esp 2.15&rsquo;35\u00a0\u00bb 10&Prime;<\/p>\n<p>29 LE GAC Olivier BIC 2000 1\u00e8re Esp 2.15&rsquo;35\u00a0\u00bb 10&Prime;<\/p>\n<p>30 EVEILLARD Maxime VC Quintin 2\u00e8me Esp 2.15&rsquo;35\u00a0\u00bb 10&Prime;<\/p>\n<p>31 PLANCHENAULT Benjamin Team Pays de Dinan 1\u00e8re 2.15&rsquo;35\u00a0\u00bb 10&Prime;<\/p>\n<p>32 TANGUY Adrien UC Briochine 2\u00e8me Esp 2.15&rsquo;35\u00a0\u00bb 10&Prime;<\/p>\n<p>33 BELY Julien Olonnes POCCL 1\u00e8re Esp 2.15&rsquo;35\u00a0\u00bb 10&Prime;<\/p>\n<p>34 LAMOUR Julien EC Landerneau 2\u00e8me Esp 2.15&rsquo;35\u00a0\u00bb 10&Prime;<\/p>\n<p>35 LAUBE Germain VC Quintin 1\u00e8re 2.15&rsquo;35\u00a0\u00bb 10&Prime;<\/p>\n<p>36 MARIE Rodolphe Sojasun Espoirs ACNC 2\u00e8me Esp 2.15&rsquo;35\u00a0\u00bb 10&Prime;<\/p>\n<p>37 GICQUIAU Ivan EC Qu\u00e9ven 3\u00e8me Esp 2.15&rsquo;35\u00a0\u00bb 10&Prime;<\/p>\n<p>38 GOASGUEN Erwan EC Landerneau 1\u00e8re Esp 2.15&rsquo;35\u00a0\u00bb 10&Prime;<\/p>\n<p>39 MARCHAND Romain Team Pays de Dinan 1\u00e8re 2.15&rsquo;35\u00a0\u00bb 10&Prime;<\/p>\n<p>40 FILLAUT Miguel ASPTT Rennes 1\u00e8re 2.15&rsquo;35\u00a0\u00bb 10&Prime;<\/p>\n<p>41 VERGEREAU Thomas Olonnes POCCL 1\u00e8re Esp 2.15&rsquo;35\u00a0\u00bb 10&Prime;<\/p>\n<p>42 BERVAS Micka\u00ebl EC Landerneau 2\u00e8me Esp 2.15&rsquo;35\u00a0\u00bb 10&Prime;<\/p>\n<p>43 ROCHER Ga\u00ebtan VCP Lorient 1\u00e8re 2.15&rsquo;35\u00a0\u00bb 10&Prime;<\/p>\n<p>44 BORDIER Julien Sojasun Espoirs ACNC 3\u00e8me Esp 2.15&rsquo;35\u00a0\u00bb 10&Prime;<\/p>\n<p>45 BOTREL Yann Cotes d&rsquo;Armor Marie Morin 1\u00e8re Esp 2.15&rsquo;35\u00a0\u00bb 10&Prime;<\/p>\n<p>46 ROUXEL Vincent UC Briochine 1\u00e8re 2.15&rsquo;35\u00a0\u00bb 10&Prime;<\/p>\n<p>47 GOURET Jean Marie Olonnes POCCL 1\u00e8re Esp 2.15&rsquo;35\u00a0\u00bb 10&Prime;<\/p>\n<p>48 PIRIOU J\u00e9r\u00e9mie EC Landerneau 2\u00e8me Esp 2.15&rsquo;35\u00a0\u00bb 10&Prime;<\/p>\n<p>49 MICHEL Gw\u00e9nol\u00e9 VC Quintin 3\u00e8me 2.15&rsquo;35\u00a0\u00bb 10&Prime;<\/p>\n<p>50 GUEGO Vincent UC Briochine 1\u00e8re 2.15&rsquo;35\u00a0\u00bb 10&Prime;<\/p>\n<p><strong><span style=\"color: #ff6600;\">51 LE BRUCHEC Beno\u00eet AC Lanester 56 3\u00e8me 2.15&rsquo;35\u00a0\u00bb 10&Prime;<\/span><\/strong><\/p>\n<p>52 LE BRAS Alexandre Hennebont Cyclisme 2\u00e8me 2.15&rsquo;35\u00a0\u00bb 10&Prime;<\/p>\n<p>53 COQUEN Robert EC Qu\u00e9ven 3\u00e8me 2.15&rsquo;35\u00a0\u00bb 10&Prime;<\/p>\n<p>54 GUYOMARD Adrien VCP Lorient 2\u00e8me Esp 2.15&rsquo;35\u00a0\u00bb 10&Prime;<\/p>\n<p>55 FUSCO Erwan Team Pays de Dinan 1\u00e8re 2.15&rsquo;35\u00a0\u00bb 10&Prime;<\/p>\n<p>56 HUE Pascal UC Lochrist Hennebont 2\u00e8me 2.15&rsquo;35\u00a0\u00bb 10&Prime;<\/p>\n<p>57 LANCON Fran\u00e7ois BIC 2000 1\u00e8re 2.15&rsquo;35\u00a0\u00bb 10&Prime;<\/p>\n<p><strong><span style=\"color: #ff6600;\">58 SAGOT Jean Christophe AC Lanester 56 3\u00e8me 2.15&rsquo;35\u00a0\u00bb 10&Prime;<\/span><\/strong><\/p>\n<p><span style=\"background-color: #ffffff; color: #ff6600;\"><strong>59 SIBY Heimrick AC Lanester 56 3\u00e8me Esp 2.15&rsquo;35\u00a0\u00bb 10&Prime;<\/strong><\/span><\/p>\n<p>60 MALLEGOL Florent BIC 2000 1\u00e8re Esp 2.15&rsquo;35\u00a0\u00bb 10&Prime;<\/p>\n<p>61 MASSON Antoine Team U Nantes Atlantique Junior 2.15&rsquo;35\u00a0\u00bb 10&Prime;<\/p>\n<p>62 POULIZAC Ronan Cotes d&rsquo;Armor Marie Morin 1\u00e8re 2.15&rsquo;35\u00a0\u00bb 10&Prime;<\/p>\n<p>63 LE MONTAGNER Benjamin Cotes d&rsquo;Armor Marie Morin 1\u00e8re 2.15&rsquo;35\u00a0\u00bb 10&Prime;<\/p>\n<p>64 LE BUREL Yann Hennebont Cyclisme 1\u00e8re Esp 2.15&rsquo;35\u00a0\u00bb 10&Prime;<\/p>\n<p>65 BARNES Thomas Olonnes POCCL 1\u00e8re Esp 2.15&rsquo;35\u00a0\u00bb 10&Prime;<\/p>\n<p>66 LE GAL Jordann VCP Lorient 2\u00e8me Esp 2.15&rsquo;35\u00a0\u00bb 10&Prime;<\/p>\n<p>67 LETUE J\u00e9r\u00e9my Team Pays de Dinan 1\u00e8re 2.15&rsquo;35\u00a0\u00bb 10&Prime;<\/p>\n<p>68 AUBERGER Florian VCP Loud\u00e9ac 1\u00e8re 2.15&rsquo;35\u00a0\u00bb 10&Prime;<\/p>\n<p>69 LE ROUX Tangi EC Landerneau 2\u00e8me Esp 2.15&rsquo;35\u00a0\u00bb 10&Prime;<\/p>\n<p>70 LE PANSE Laurent UC Lochrist Hennebont 2\u00e8me 2.15&rsquo;35\u00a0\u00bb 10&Prime;<\/p>\n<p>71 LE BOURG Ronan VC Quintin 2\u00e8me 2.15&rsquo;35\u00a0\u00bb 10&Prime;<\/p>\n<p>72 POILVET Ludovic ASPTT Rennes 1\u00e8re 2.15&rsquo;35\u00a0\u00bb 10&Prime;<\/p>\n<p>73 RAULT Yann VC Quintin 1\u00e8re 2.15&rsquo;35\u00a0\u00bb 10&Prime;<\/p>\n<p>74 NEDELEC Jean Philippe UC Lochrist Hennebont 2\u00e8me 2.15&rsquo;35\u00a0\u00bb 10&Prime;<\/p>\n<p>75 TREHIN Xavier UC Lochrist Hennebont 2\u00e8me 2.15&rsquo;35\u00a0\u00bb 10&Prime;<\/p>\n<p>76 COURTET Gu\u00e9rand EC Qu\u00e9ven 2\u00e8me 2.15&rsquo;35\u00a0\u00bb 10&Prime;<\/p>\n<p><strong><span style=\"color: #ff6600;\">77 CHANDAVOINE Karl AC Lanester 56 3\u00e8me 2.15&rsquo;35\u00a0\u00bb 10&Prime;<\/span><\/strong><\/p>\n<p>78 GIGUELAY Fabrice EC Qu\u00e9ven 2\u00e8me 2.15&rsquo;35\u00a0\u00bb 10&Prime;<\/p>\n<p>79 HENAFF Vincent Team U Nantes Atlantique 1\u00e8re Esp 2.15&rsquo;52\u00a0\u00bb 27&Prime;<\/p>\n<p>&nbsp;<\/p>\n<p>Les r\u00e9sultats au format PDF : <a title=\"3\u00e8me \u00e9tape du Tro div Ster 2012\" href=\"http:\/\/www.aclanester56.com\/velo\/wp-content\/uploads\/2012\/05\/tro-div-ster-2012-Stage-2-2-Etape-2-2.pdf\" target=\"_blank\">tro div ster 2012 &#8211; Stage 2-2, Etape 2-2<\/a><\/p>\n","protected":false},"excerpt":{"rendered":"","protected":false},"author":2,"featured_media":12265,"comment_status":"open","ping_status":"closed","sticky":false,"template":"","format":"standard","meta":{"ngg_post_thumbnail":0,"footnotes":""},"categories":[5,8,7],"tags":[],"class_list":["post-12263","post","type-post","status-publish","format-standard","has-post-thumbnail","hentry","category-ac-lanester-56","category-tro-div-ster","category-organisations"],"yoast_head":"<!-- This site is optimized with the Yoast SEO plugin v27.5 - https:\/\/yoast.com\/product\/yoast-seo-wordpress\/ -->\n<title>13eme Tro Div Ster : Brand\u00e9rion - Lanester : Les r\u00e9sultats de la 3\u00e8me \u00e9tape - Avenir Cycliste Lanester 56<\/title>\n<meta name=\"robots\" content=\"index, follow, max-snippet:-1, max-image-preview:large, max-video-preview:-1\" \/>\n<link rel=\"canonical\" href=\"https:\/\/www.aclanester56.com\/velo\/13eme-tro-div-ster-branderion-lanester-les-resultats-de-la-3eme-etape\/\" \/>\n<meta property=\"og:locale\" content=\"fr_FR\" \/>\n<meta property=\"og:type\" content=\"article\" \/>\n<meta property=\"og:title\" content=\"13eme Tro Div Ster : Brand\u00e9rion - Lanester : Les r\u00e9sultats de la 3\u00e8me \u00e9tape - Avenir Cycliste Lanester 56\" \/>\n<meta property=\"og:url\" content=\"https:\/\/www.aclanester56.com\/velo\/13eme-tro-div-ster-branderion-lanester-les-resultats-de-la-3eme-etape\/\" \/>\n<meta property=\"og:site_name\" content=\"Avenir Cycliste Lanester 56\" \/>\n<meta property=\"article:publisher\" content=\"https:\/\/www.facebook.com\/pages\/AC-Lanester-56\/190286300991242?fref=ts\" \/>\n<meta property=\"article:published_time\" content=\"2012-05-21T07:06:14+00:00\" \/>\n<meta property=\"article:modified_time\" content=\"2013-12-22T10:59:35+00:00\" \/>\n<meta property=\"og:image\" content=\"https:\/\/www.aclanester56.com\/velo\/wp-content\/uploads\/2012\/05\/resultat-3etape-slider.jpg\" \/>\n\t<meta property=\"og:image:width\" content=\"650\" \/>\n\t<meta property=\"og:image:height\" content=\"300\" \/>\n\t<meta property=\"og:image:type\" content=\"image\/jpeg\" \/>\n<meta name=\"author\" content=\"stephane\" \/>\n<meta name=\"twitter:label1\" content=\"\u00c9crit par\" \/>\n\t<meta name=\"twitter:data1\" content=\"stephane\" \/>\n\t<meta name=\"twitter:label2\" content=\"Dur\u00e9e de lecture estim\u00e9e\" \/>\n\t<meta name=\"twitter:data2\" content=\"3 minutes\" \/>\n<script type=\"application\/ld+json\" class=\"yoast-schema-graph\">{\"@context\":\"https:\\\/\\\/schema.org\",\"@graph\":[{\"@type\":\"Article\",\"@id\":\"https:\\\/\\\/www.aclanester56.com\\\/velo\\\/13eme-tro-div-ster-branderion-lanester-les-resultats-de-la-3eme-etape\\\/#article\",\"isPartOf\":{\"@id\":\"https:\\\/\\\/www.aclanester56.com\\\/velo\\\/13eme-tro-div-ster-branderion-lanester-les-resultats-de-la-3eme-etape\\\/\"},\"author\":{\"name\":\"stephane\",\"@id\":\"https:\\\/\\\/www.aclanester56.com\\\/velo\\\/#\\\/schema\\\/person\\\/c844661e64a578ca46639cb0ae764de6\"},\"headline\":\"13eme Tro Div Ster : Brand\u00e9rion &#8211; Lanester : Les r\u00e9sultats de la 3\u00e8me \u00e9tape\",\"datePublished\":\"2012-05-21T07:06:14+00:00\",\"dateModified\":\"2013-12-22T10:59:35+00:00\",\"mainEntityOfPage\":{\"@id\":\"https:\\\/\\\/www.aclanester56.com\\\/velo\\\/13eme-tro-div-ster-branderion-lanester-les-resultats-de-la-3eme-etape\\\/\"},\"wordCount\":695,\"commentCount\":0,\"publisher\":{\"@id\":\"https:\\\/\\\/www.aclanester56.com\\\/velo\\\/#organization\"},\"image\":{\"@id\":\"https:\\\/\\\/www.aclanester56.com\\\/velo\\\/13eme-tro-div-ster-branderion-lanester-les-resultats-de-la-3eme-etape\\\/#primaryimage\"},\"thumbnailUrl\":\"https:\\\/\\\/www.aclanester56.com\\\/velo\\\/wp-content\\\/uploads\\\/2012\\\/05\\\/resultat-3etape-slider.jpg\",\"articleSection\":[\"AC LANESTER 56\",\"Le Tro Div Ster\",\"Les organisations\"],\"inLanguage\":\"fr-FR\",\"potentialAction\":[{\"@type\":\"CommentAction\",\"name\":\"Comment\",\"target\":[\"https:\\\/\\\/www.aclanester56.com\\\/velo\\\/13eme-tro-div-ster-branderion-lanester-les-resultats-de-la-3eme-etape\\\/#respond\"]}]},{\"@type\":\"WebPage\",\"@id\":\"https:\\\/\\\/www.aclanester56.com\\\/velo\\\/13eme-tro-div-ster-branderion-lanester-les-resultats-de-la-3eme-etape\\\/\",\"url\":\"https:\\\/\\\/www.aclanester56.com\\\/velo\\\/13eme-tro-div-ster-branderion-lanester-les-resultats-de-la-3eme-etape\\\/\",\"name\":\"13eme Tro Div Ster : Brand\u00e9rion - Lanester : Les r\u00e9sultats de la 3\u00e8me \u00e9tape - Avenir Cycliste Lanester 56\",\"isPartOf\":{\"@id\":\"https:\\\/\\\/www.aclanester56.com\\\/velo\\\/#website\"},\"primaryImageOfPage\":{\"@id\":\"https:\\\/\\\/www.aclanester56.com\\\/velo\\\/13eme-tro-div-ster-branderion-lanester-les-resultats-de-la-3eme-etape\\\/#primaryimage\"},\"image\":{\"@id\":\"https:\\\/\\\/www.aclanester56.com\\\/velo\\\/13eme-tro-div-ster-branderion-lanester-les-resultats-de-la-3eme-etape\\\/#primaryimage\"},\"thumbnailUrl\":\"https:\\\/\\\/www.aclanester56.com\\\/velo\\\/wp-content\\\/uploads\\\/2012\\\/05\\\/resultat-3etape-slider.jpg\",\"datePublished\":\"2012-05-21T07:06:14+00:00\",\"dateModified\":\"2013-12-22T10:59:35+00:00\",\"inLanguage\":\"fr-FR\",\"potentialAction\":[{\"@type\":\"ReadAction\",\"target\":[\"https:\\\/\\\/www.aclanester56.com\\\/velo\\\/13eme-tro-div-ster-branderion-lanester-les-resultats-de-la-3eme-etape\\\/\"]}]},{\"@type\":\"ImageObject\",\"inLanguage\":\"fr-FR\",\"@id\":\"https:\\\/\\\/www.aclanester56.com\\\/velo\\\/13eme-tro-div-ster-branderion-lanester-les-resultats-de-la-3eme-etape\\\/#primaryimage\",\"url\":\"https:\\\/\\\/www.aclanester56.com\\\/velo\\\/wp-content\\\/uploads\\\/2012\\\/05\\\/resultat-3etape-slider.jpg\",\"contentUrl\":\"https:\\\/\\\/www.aclanester56.com\\\/velo\\\/wp-content\\\/uploads\\\/2012\\\/05\\\/resultat-3etape-slider.jpg\",\"width\":650,\"height\":300},{\"@type\":\"WebSite\",\"@id\":\"https:\\\/\\\/www.aclanester56.com\\\/velo\\\/#website\",\"url\":\"https:\\\/\\\/www.aclanester56.com\\\/velo\\\/\",\"name\":\"Avenir Cycliste Lanester 56\",\"description\":\"Club cycliste de l&#039;AC LANESTER 56\",\"publisher\":{\"@id\":\"https:\\\/\\\/www.aclanester56.com\\\/velo\\\/#organization\"},\"potentialAction\":[{\"@type\":\"SearchAction\",\"target\":{\"@type\":\"EntryPoint\",\"urlTemplate\":\"https:\\\/\\\/www.aclanester56.com\\\/velo\\\/?s={search_term_string}\"},\"query-input\":{\"@type\":\"PropertyValueSpecification\",\"valueRequired\":true,\"valueName\":\"search_term_string\"}}],\"inLanguage\":\"fr-FR\"},{\"@type\":\"Organization\",\"@id\":\"https:\\\/\\\/www.aclanester56.com\\\/velo\\\/#organization\",\"name\":\"Avenir Cycliste Lanester 56\",\"url\":\"https:\\\/\\\/www.aclanester56.com\\\/velo\\\/\",\"logo\":{\"@type\":\"ImageObject\",\"inLanguage\":\"fr-FR\",\"@id\":\"https:\\\/\\\/www.aclanester56.com\\\/velo\\\/#\\\/schema\\\/logo\\\/image\\\/\",\"url\":\"https:\\\/\\\/www.aclanester56.com\\\/velo\\\/wp-content\\\/uploads\\\/2013\\\/04\\\/logo-ACL.jpg\",\"contentUrl\":\"https:\\\/\\\/www.aclanester56.com\\\/velo\\\/wp-content\\\/uploads\\\/2013\\\/04\\\/logo-ACL.jpg\",\"width\":400,\"height\":334,\"caption\":\"Avenir Cycliste Lanester 56\"},\"image\":{\"@id\":\"https:\\\/\\\/www.aclanester56.com\\\/velo\\\/#\\\/schema\\\/logo\\\/image\\\/\"},\"sameAs\":[\"https:\\\/\\\/www.facebook.com\\\/pages\\\/AC-Lanester-56\\\/190286300991242?fref=ts\"]},{\"@type\":\"Person\",\"@id\":\"https:\\\/\\\/www.aclanester56.com\\\/velo\\\/#\\\/schema\\\/person\\\/c844661e64a578ca46639cb0ae764de6\",\"name\":\"stephane\",\"url\":\"https:\\\/\\\/www.aclanester56.com\\\/velo\\\/author\\\/stephane\\\/\"}]}<\/script>\n<!-- \/ Yoast SEO plugin. -->","yoast_head_json":{"title":"13eme Tro Div Ster : Brand\u00e9rion - Lanester : Les r\u00e9sultats de la 3\u00e8me \u00e9tape - Avenir Cycliste Lanester 56","robots":{"index":"index","follow":"follow","max-snippet":"max-snippet:-1","max-image-preview":"max-image-preview:large","max-video-preview":"max-video-preview:-1"},"canonical":"https:\/\/www.aclanester56.com\/velo\/13eme-tro-div-ster-branderion-lanester-les-resultats-de-la-3eme-etape\/","og_locale":"fr_FR","og_type":"article","og_title":"13eme Tro Div Ster : Brand\u00e9rion - Lanester : Les r\u00e9sultats de la 3\u00e8me \u00e9tape - Avenir Cycliste Lanester 56","og_url":"https:\/\/www.aclanester56.com\/velo\/13eme-tro-div-ster-branderion-lanester-les-resultats-de-la-3eme-etape\/","og_site_name":"Avenir Cycliste Lanester 56","article_publisher":"https:\/\/www.facebook.com\/pages\/AC-Lanester-56\/190286300991242?fref=ts","article_published_time":"2012-05-21T07:06:14+00:00","article_modified_time":"2013-12-22T10:59:35+00:00","og_image":[{"width":650,"height":300,"url":"https:\/\/www.aclanester56.com\/velo\/wp-content\/uploads\/2012\/05\/resultat-3etape-slider.jpg","type":"image\/jpeg"}],"author":"stephane","twitter_misc":{"\u00c9crit par":"stephane","Dur\u00e9e de lecture estim\u00e9e":"3 minutes"},"schema":{"@context":"https:\/\/schema.org","@graph":[{"@type":"Article","@id":"https:\/\/www.aclanester56.com\/velo\/13eme-tro-div-ster-branderion-lanester-les-resultats-de-la-3eme-etape\/#article","isPartOf":{"@id":"https:\/\/www.aclanester56.com\/velo\/13eme-tro-div-ster-branderion-lanester-les-resultats-de-la-3eme-etape\/"},"author":{"name":"stephane","@id":"https:\/\/www.aclanester56.com\/velo\/#\/schema\/person\/c844661e64a578ca46639cb0ae764de6"},"headline":"13eme Tro Div Ster : Brand\u00e9rion &#8211; Lanester : Les r\u00e9sultats de la 3\u00e8me \u00e9tape","datePublished":"2012-05-21T07:06:14+00:00","dateModified":"2013-12-22T10:59:35+00:00","mainEntityOfPage":{"@id":"https:\/\/www.aclanester56.com\/velo\/13eme-tro-div-ster-branderion-lanester-les-resultats-de-la-3eme-etape\/"},"wordCount":695,"commentCount":0,"publisher":{"@id":"https:\/\/www.aclanester56.com\/velo\/#organization"},"image":{"@id":"https:\/\/www.aclanester56.com\/velo\/13eme-tro-div-ster-branderion-lanester-les-resultats-de-la-3eme-etape\/#primaryimage"},"thumbnailUrl":"https:\/\/www.aclanester56.com\/velo\/wp-content\/uploads\/2012\/05\/resultat-3etape-slider.jpg","articleSection":["AC LANESTER 56","Le Tro Div Ster","Les organisations"],"inLanguage":"fr-FR","potentialAction":[{"@type":"CommentAction","name":"Comment","target":["https:\/\/www.aclanester56.com\/velo\/13eme-tro-div-ster-branderion-lanester-les-resultats-de-la-3eme-etape\/#respond"]}]},{"@type":"WebPage","@id":"https:\/\/www.aclanester56.com\/velo\/13eme-tro-div-ster-branderion-lanester-les-resultats-de-la-3eme-etape\/","url":"https:\/\/www.aclanester56.com\/velo\/13eme-tro-div-ster-branderion-lanester-les-resultats-de-la-3eme-etape\/","name":"13eme Tro Div Ster : Brand\u00e9rion - Lanester : Les r\u00e9sultats de la 3\u00e8me \u00e9tape - Avenir Cycliste Lanester 56","isPartOf":{"@id":"https:\/\/www.aclanester56.com\/velo\/#website"},"primaryImageOfPage":{"@id":"https:\/\/www.aclanester56.com\/velo\/13eme-tro-div-ster-branderion-lanester-les-resultats-de-la-3eme-etape\/#primaryimage"},"image":{"@id":"https:\/\/www.aclanester56.com\/velo\/13eme-tro-div-ster-branderion-lanester-les-resultats-de-la-3eme-etape\/#primaryimage"},"thumbnailUrl":"https:\/\/www.aclanester56.com\/velo\/wp-content\/uploads\/2012\/05\/resultat-3etape-slider.jpg","datePublished":"2012-05-21T07:06:14+00:00","dateModified":"2013-12-22T10:59:35+00:00","inLanguage":"fr-FR","potentialAction":[{"@type":"ReadAction","target":["https:\/\/www.aclanester56.com\/velo\/13eme-tro-div-ster-branderion-lanester-les-resultats-de-la-3eme-etape\/"]}]},{"@type":"ImageObject","inLanguage":"fr-FR","@id":"https:\/\/www.aclanester56.com\/velo\/13eme-tro-div-ster-branderion-lanester-les-resultats-de-la-3eme-etape\/#primaryimage","url":"https:\/\/www.aclanester56.com\/velo\/wp-content\/uploads\/2012\/05\/resultat-3etape-slider.jpg","contentUrl":"https:\/\/www.aclanester56.com\/velo\/wp-content\/uploads\/2012\/05\/resultat-3etape-slider.jpg","width":650,"height":300},{"@type":"WebSite","@id":"https:\/\/www.aclanester56.com\/velo\/#website","url":"https:\/\/www.aclanester56.com\/velo\/","name":"Avenir Cycliste Lanester 56","description":"Club cycliste de l&#039;AC LANESTER 56","publisher":{"@id":"https:\/\/www.aclanester56.com\/velo\/#organization"},"potentialAction":[{"@type":"SearchAction","target":{"@type":"EntryPoint","urlTemplate":"https:\/\/www.aclanester56.com\/velo\/?s={search_term_string}"},"query-input":{"@type":"PropertyValueSpecification","valueRequired":true,"valueName":"search_term_string"}}],"inLanguage":"fr-FR"},{"@type":"Organization","@id":"https:\/\/www.aclanester56.com\/velo\/#organization","name":"Avenir Cycliste Lanester 56","url":"https:\/\/www.aclanester56.com\/velo\/","logo":{"@type":"ImageObject","inLanguage":"fr-FR","@id":"https:\/\/www.aclanester56.com\/velo\/#\/schema\/logo\/image\/","url":"https:\/\/www.aclanester56.com\/velo\/wp-content\/uploads\/2013\/04\/logo-ACL.jpg","contentUrl":"https:\/\/www.aclanester56.com\/velo\/wp-content\/uploads\/2013\/04\/logo-ACL.jpg","width":400,"height":334,"caption":"Avenir Cycliste Lanester 56"},"image":{"@id":"https:\/\/www.aclanester56.com\/velo\/#\/schema\/logo\/image\/"},"sameAs":["https:\/\/www.facebook.com\/pages\/AC-Lanester-56\/190286300991242?fref=ts"]},{"@type":"Person","@id":"https:\/\/www.aclanester56.com\/velo\/#\/schema\/person\/c844661e64a578ca46639cb0ae764de6","name":"stephane","url":"https:\/\/www.aclanester56.com\/velo\/author\/stephane\/"}]}},"_links":{"self":[{"href":"https:\/\/www.aclanester56.com\/velo\/wp-json\/wp\/v2\/posts\/12263","targetHints":{"allow":["GET"]}}],"collection":[{"href":"https:\/\/www.aclanester56.com\/velo\/wp-json\/wp\/v2\/posts"}],"about":[{"href":"https:\/\/www.aclanester56.com\/velo\/wp-json\/wp\/v2\/types\/post"}],"author":[{"embeddable":true,"href":"https:\/\/www.aclanester56.com\/velo\/wp-json\/wp\/v2\/users\/2"}],"replies":[{"embeddable":true,"href":"https:\/\/www.aclanester56.com\/velo\/wp-json\/wp\/v2\/comments?post=12263"}],"version-history":[{"count":0,"href":"https:\/\/www.aclanester56.com\/velo\/wp-json\/wp\/v2\/posts\/12263\/revisions"}],"wp:featuredmedia":[{"embeddable":true,"href":"https:\/\/www.aclanester56.com\/velo\/wp-json\/wp\/v2\/media\/12265"}],"wp:attachment":[{"href":"https:\/\/www.aclanester56.com\/velo\/wp-json\/wp\/v2\/media?parent=12263"}],"wp:term":[{"taxonomy":"category","embeddable":true,"href":"https:\/\/www.aclanester56.com\/velo\/wp-json\/wp\/v2\/categories?post=12263"},{"taxonomy":"post_tag","embeddable":true,"href":"https:\/\/www.aclanester56.com\/velo\/wp-json\/wp\/v2\/tags?post=12263"}],"curies":[{"name":"wp","href":"https:\/\/api.w.org\/{rel}","templated":true}]}}