{"id":12322,"date":"2012-05-25T12:00:40","date_gmt":"2012-05-25T11:00:40","guid":{"rendered":"http:\/\/www.aclanester56.com\/velo\/?p=12322"},"modified":"2013-12-22T12:58:06","modified_gmt":"2013-12-22T10:58:06","slug":"reaction-de-mathieu-le-gal-apres-le-tro-div-ster-un-tres-bon-week-end-avec-une-super-equipe","status":"publish","type":"post","link":"https:\/\/www.aclanester56.com\/velo\/reaction-de-mathieu-le-gal-apres-le-tro-div-ster-un-tres-bon-week-end-avec-une-super-equipe\/","title":{"rendered":"R\u00e9action de Mathieu Le Gal apr\u00e8s le Tro Div Ster : \u201cun tr\u00e8s bon week-end avec une super \u00e9quipe\u00a0\u00bb"},"content":{"rendered":"<p style=\"text-align: justify;\"><!--more--><\/p>\n<p style=\"text-align: justify;\">Le Lanest\u00e9rien Mathieu Le \u00a0Gal faisait partie de l\u2019\u00e9quipe de l\u2019AC LANESTER 56 qui a particip\u00e9 le week-end dernier \u00e0 la 13\u00e8me \u00a0\u00e9dition de l\u2019organisation phare du club, le TRO DIV STER. Le jeune coureur, qui progresse au fil des semaines, participait pour la 1\u00e8re fois \u00e0 cette \u00e9preuve et nous fait partager comment il a v\u00e9cu de l\u2019int\u00e9rieur ce TRO DIV STER 2012 !<\/p>\n<p><strong style=\"color: #ff6600; text-align: justify; font-size: 14px; line-height: 1.5em;\">aclanester56.com : Comment se sont d\u00e9roul\u00e9es les trois \u00e9tapes pour toi ?<\/strong><\/p>\n<p style=\"text-align: justify;\"><strong>Mathieu Le Gal<\/strong> : <em>Samedi, \u00e7a s&rsquo;est plut\u00f4t bien pass\u00e9 sur la 1\u00e8re \u00e9tape. J&rsquo;appr\u00e9hendais un peu au d\u00e9part, mais au fil de la course, \u00e7a a \u00e9t\u00e9 avec quand m\u00eame une petite frayeur en haut du 1er grimpeur (NDLR : entre Melrand et Quistinic) et\u00a0tout est finalement rentr\u00e9 dans l&rsquo;ordre C&rsquo;\u00e9tait une belle \u00e9tape de 140Km sur de belles routes. Le circuit \u00e0 Erdeven avait pas mal de relances. Au final, je fais 30\u00e8me en essayant de faire le sprint et 3\u00e8me du classement des 2\u00e8me cat. Je suis donc satisfait de la 1\u00e8re \u00e9tape mais un peu d\u00e9\u00e7u de ne pas prendre le maillot des 2\u00e8me cat mais le principal est assur\u00e9 puisqu&rsquo;on ram\u00e8ne le maillot des 3\u00e8me cat qui \u00e9tait un objectif au d\u00e9part.<\/em><\/p>\n<p style=\"text-align: justify;\"><em>Je pense qu&rsquo;on peut \u00eatre satisfait de notre chrono par \u00e9quipes, on limite la casse par rapport aux grosses \u00e9quipes et on fait mieux que celles de notre niveau. Petite d\u00e9ception, on perd le maillot des 3\u00e8me cat et je ne prends pas le maillot des 2\u00e8me cat !<\/em><\/p>\n<p style=\"text-align: justify;\"><em>Le d\u00e9part de la 3\u00e8me \u00e9tape a \u00e9t\u00e9 rapide \u00e0 Brand\u00e9rion, puis la course s&rsquo;est plut\u00f4t bien pass\u00e9 avec le BIC 2000 qui a fait le tempo. J&rsquo;ai essay\u00e9 d&rsquo;aller faire le sprint : je fais 24\u00e8me, m\u00eame si je pense qu&rsquo;il y avait la possibilit\u00e9 de rentrer dans les 15-20 en \u00e9tant mieux plac\u00e9. Je me d\u00e9couvre des qualit\u00e9s de sprinteur ! (rires)<\/em><\/p>\n<p style=\"text-align: justify;\"><span style=\"color: #ff6600;\">\u00a0<strong>aclanester56.com : Quel bilan tires-tu de ta participation au Tro Div Ster ?<\/strong><\/span><\/p>\n<p style=\"text-align: justify;\"><strong>Mathieu<\/strong> : <em>C&rsquo;est vraiment une belle course de 1\u00e8re cat\u00e9gorie et ce week-end va me permettre de prendre encore de l&rsquo;exp\u00e9rience et de progresser.\u00a0Je tiens \u00e0 remercier nos encadrants qui se sont bien occup\u00e9s de nous, notamment notre Guy national pour les ravitaillements et les massages, rien de tel pour r\u00e9cup\u00e9rer, et nos coachs J\u00e9rome et Davy qui ont r\u00e9ussi pour une fois \u00e0 nous faire\u00a0reconna\u00eetre\u00a0le bon circuit de chrono ! (rires)<\/em><\/p>\n<p style=\"text-align: justify;\"><span style=\"color: #ff6600;\"><strong>aclanester56.com : Qu\u2019as-tu pens\u00e9 de l\u2019\u00e9preuve organis\u00e9e par le club, en ce qui concerne l\u2019organisation ?<\/strong><\/span><\/p>\n<p style=\"text-align: justify;\"><strong>Mathieu<\/strong> :\u00a0<em>Au niveau de l&rsquo;organisation, il faut remercier toute l&rsquo;\u00e9quipe et les b\u00e9n\u00e9voles d\u00e9vou\u00e9s pendant ces 2 jours sur tout le parcours (d\u00e9montage, montage des lignes de d\u00e9part et d&rsquo;arriv\u00e9e, etc.). Mais bon, j&rsquo;ai failli me tromper de route \u00e0 Silfiac au 2\u00e8me tour &#8230; Merci Michel ! (rires)<\/em><\/p>\n<p><span style=\"color: #ff6600;\">\u00a0<strong>aclanester56.com : Pour conclure, le mot de la fin ?<\/strong><\/span><\/p>\n<p><strong>Mathieu<\/strong> :\u00a0<em>En conclusion, c&rsquo;\u00e9tait un tr\u00e8s bon weeek-end, avec une super \u00e9quipe. Il y avait une tr\u00e8s bonne ambiance et je suis \u00e9videmment pr\u00eat pour re-signer pour l&rsquo;ann\u00e9e prochaine &#8230;<\/em><\/p>\n<p><em><strong>Remerciements \u00e0 Mathieu pour sa disponibilit\u00e9.<\/strong><\/em><\/p>\n","protected":false},"excerpt":{"rendered":"","protected":false},"author":14,"featured_media":12326,"comment_status":"open","ping_status":"closed","sticky":false,"template":"","format":"standard","meta":{"ngg_post_thumbnail":0,"footnotes":""},"categories":[5,8,19],"tags":[],"class_list":["post-12322","post","type-post","status-publish","format-standard","has-post-thumbnail","hentry","category-ac-lanester-56","category-tro-div-ster","category-resultats-2eme-categorie"],"yoast_head":"<!-- This site is optimized with the Yoast SEO plugin v27.5 - https:\/\/yoast.com\/product\/yoast-seo-wordpress\/ -->\n<title>R\u00e9action de Mathieu Le Gal apr\u00e8s le Tro Div Ster : \u201cun tr\u00e8s bon week-end avec une super \u00e9quipe&quot; - Avenir Cycliste Lanester 56<\/title>\n<meta name=\"robots\" content=\"index, follow, max-snippet:-1, max-image-preview:large, max-video-preview:-1\" \/>\n<link rel=\"canonical\" href=\"https:\/\/www.aclanester56.com\/velo\/reaction-de-mathieu-le-gal-apres-le-tro-div-ster-un-tres-bon-week-end-avec-une-super-equipe\/\" \/>\n<meta property=\"og:locale\" content=\"fr_FR\" \/>\n<meta property=\"og:type\" content=\"article\" \/>\n<meta property=\"og:title\" content=\"R\u00e9action de Mathieu Le Gal apr\u00e8s le Tro Div Ster : \u201cun tr\u00e8s bon week-end avec une super \u00e9quipe&quot; - Avenir Cycliste Lanester 56\" \/>\n<meta property=\"og:url\" content=\"https:\/\/www.aclanester56.com\/velo\/reaction-de-mathieu-le-gal-apres-le-tro-div-ster-un-tres-bon-week-end-avec-une-super-equipe\/\" \/>\n<meta property=\"og:site_name\" content=\"Avenir Cycliste Lanester 56\" \/>\n<meta property=\"article:publisher\" content=\"https:\/\/www.facebook.com\/pages\/AC-Lanester-56\/190286300991242?fref=ts\" \/>\n<meta property=\"article:published_time\" content=\"2012-05-25T11:00:40+00:00\" \/>\n<meta property=\"article:modified_time\" content=\"2013-12-22T10:58:06+00:00\" \/>\n<meta property=\"og:image\" content=\"https:\/\/www.aclanester56.com\/velo\/wp-content\/uploads\/2012\/05\/Mathieu-Le-Gal-Copie.jpg\" \/>\n\t<meta property=\"og:image:width\" content=\"650\" \/>\n\t<meta property=\"og:image:height\" content=\"300\" \/>\n\t<meta property=\"og:image:type\" content=\"image\/jpeg\" \/>\n<meta name=\"author\" content=\"Jean-Christophe\" \/>\n<meta name=\"twitter:label1\" content=\"\u00c9crit par\" \/>\n\t<meta name=\"twitter:data1\" content=\"Jean-Christophe\" \/>\n\t<meta name=\"twitter:label2\" content=\"Dur\u00e9e de lecture estim\u00e9e\" \/>\n\t<meta name=\"twitter:data2\" content=\"3 minutes\" \/>\n<script type=\"application\/ld+json\" class=\"yoast-schema-graph\">{\"@context\":\"https:\\\/\\\/schema.org\",\"@graph\":[{\"@type\":\"Article\",\"@id\":\"https:\\\/\\\/www.aclanester56.com\\\/velo\\\/reaction-de-mathieu-le-gal-apres-le-tro-div-ster-un-tres-bon-week-end-avec-une-super-equipe\\\/#article\",\"isPartOf\":{\"@id\":\"https:\\\/\\\/www.aclanester56.com\\\/velo\\\/reaction-de-mathieu-le-gal-apres-le-tro-div-ster-un-tres-bon-week-end-avec-une-super-equipe\\\/\"},\"author\":{\"name\":\"Jean-Christophe\",\"@id\":\"https:\\\/\\\/www.aclanester56.com\\\/velo\\\/#\\\/schema\\\/person\\\/ca2a44a5fd969e9dd846c72d3b33bc01\"},\"headline\":\"R\u00e9action de Mathieu Le Gal apr\u00e8s le Tro Div Ster : \u201cun tr\u00e8s bon week-end avec une super \u00e9quipe\u00a0\u00bb\",\"datePublished\":\"2012-05-25T11:00:40+00:00\",\"dateModified\":\"2013-12-22T10:58:06+00:00\",\"mainEntityOfPage\":{\"@id\":\"https:\\\/\\\/www.aclanester56.com\\\/velo\\\/reaction-de-mathieu-le-gal-apres-le-tro-div-ster-un-tres-bon-week-end-avec-une-super-equipe\\\/\"},\"wordCount\":560,\"commentCount\":0,\"publisher\":{\"@id\":\"https:\\\/\\\/www.aclanester56.com\\\/velo\\\/#organization\"},\"image\":{\"@id\":\"https:\\\/\\\/www.aclanester56.com\\\/velo\\\/reaction-de-mathieu-le-gal-apres-le-tro-div-ster-un-tres-bon-week-end-avec-une-super-equipe\\\/#primaryimage\"},\"thumbnailUrl\":\"https:\\\/\\\/www.aclanester56.com\\\/velo\\\/wp-content\\\/uploads\\\/2012\\\/05\\\/Mathieu-Le-Gal-Copie.jpg\",\"articleSection\":[\"AC LANESTER 56\",\"Le Tro Div Ster\",\"R\u00e9sultats 2eme cat\u00e9gorie\"],\"inLanguage\":\"fr-FR\",\"potentialAction\":[{\"@type\":\"CommentAction\",\"name\":\"Comment\",\"target\":[\"https:\\\/\\\/www.aclanester56.com\\\/velo\\\/reaction-de-mathieu-le-gal-apres-le-tro-div-ster-un-tres-bon-week-end-avec-une-super-equipe\\\/#respond\"]}]},{\"@type\":\"WebPage\",\"@id\":\"https:\\\/\\\/www.aclanester56.com\\\/velo\\\/reaction-de-mathieu-le-gal-apres-le-tro-div-ster-un-tres-bon-week-end-avec-une-super-equipe\\\/\",\"url\":\"https:\\\/\\\/www.aclanester56.com\\\/velo\\\/reaction-de-mathieu-le-gal-apres-le-tro-div-ster-un-tres-bon-week-end-avec-une-super-equipe\\\/\",\"name\":\"R\u00e9action de Mathieu Le Gal apr\u00e8s le Tro Div Ster : \u201cun tr\u00e8s bon week-end avec une super \u00e9quipe\\\" - Avenir Cycliste Lanester 56\",\"isPartOf\":{\"@id\":\"https:\\\/\\\/www.aclanester56.com\\\/velo\\\/#website\"},\"primaryImageOfPage\":{\"@id\":\"https:\\\/\\\/www.aclanester56.com\\\/velo\\\/reaction-de-mathieu-le-gal-apres-le-tro-div-ster-un-tres-bon-week-end-avec-une-super-equipe\\\/#primaryimage\"},\"image\":{\"@id\":\"https:\\\/\\\/www.aclanester56.com\\\/velo\\\/reaction-de-mathieu-le-gal-apres-le-tro-div-ster-un-tres-bon-week-end-avec-une-super-equipe\\\/#primaryimage\"},\"thumbnailUrl\":\"https:\\\/\\\/www.aclanester56.com\\\/velo\\\/wp-content\\\/uploads\\\/2012\\\/05\\\/Mathieu-Le-Gal-Copie.jpg\",\"datePublished\":\"2012-05-25T11:00:40+00:00\",\"dateModified\":\"2013-12-22T10:58:06+00:00\",\"inLanguage\":\"fr-FR\",\"potentialAction\":[{\"@type\":\"ReadAction\",\"target\":[\"https:\\\/\\\/www.aclanester56.com\\\/velo\\\/reaction-de-mathieu-le-gal-apres-le-tro-div-ster-un-tres-bon-week-end-avec-une-super-equipe\\\/\"]}]},{\"@type\":\"ImageObject\",\"inLanguage\":\"fr-FR\",\"@id\":\"https:\\\/\\\/www.aclanester56.com\\\/velo\\\/reaction-de-mathieu-le-gal-apres-le-tro-div-ster-un-tres-bon-week-end-avec-une-super-equipe\\\/#primaryimage\",\"url\":\"https:\\\/\\\/www.aclanester56.com\\\/velo\\\/wp-content\\\/uploads\\\/2012\\\/05\\\/Mathieu-Le-Gal-Copie.jpg\",\"contentUrl\":\"https:\\\/\\\/www.aclanester56.com\\\/velo\\\/wp-content\\\/uploads\\\/2012\\\/05\\\/Mathieu-Le-Gal-Copie.jpg\",\"width\":650,\"height\":300},{\"@type\":\"WebSite\",\"@id\":\"https:\\\/\\\/www.aclanester56.com\\\/velo\\\/#website\",\"url\":\"https:\\\/\\\/www.aclanester56.com\\\/velo\\\/\",\"name\":\"Avenir Cycliste Lanester 56\",\"description\":\"Club cycliste de l&#039;AC LANESTER 56\",\"publisher\":{\"@id\":\"https:\\\/\\\/www.aclanester56.com\\\/velo\\\/#organization\"},\"potentialAction\":[{\"@type\":\"SearchAction\",\"target\":{\"@type\":\"EntryPoint\",\"urlTemplate\":\"https:\\\/\\\/www.aclanester56.com\\\/velo\\\/?s={search_term_string}\"},\"query-input\":{\"@type\":\"PropertyValueSpecification\",\"valueRequired\":true,\"valueName\":\"search_term_string\"}}],\"inLanguage\":\"fr-FR\"},{\"@type\":\"Organization\",\"@id\":\"https:\\\/\\\/www.aclanester56.com\\\/velo\\\/#organization\",\"name\":\"Avenir Cycliste Lanester 56\",\"url\":\"https:\\\/\\\/www.aclanester56.com\\\/velo\\\/\",\"logo\":{\"@type\":\"ImageObject\",\"inLanguage\":\"fr-FR\",\"@id\":\"https:\\\/\\\/www.aclanester56.com\\\/velo\\\/#\\\/schema\\\/logo\\\/image\\\/\",\"url\":\"https:\\\/\\\/www.aclanester56.com\\\/velo\\\/wp-content\\\/uploads\\\/2013\\\/04\\\/logo-ACL.jpg\",\"contentUrl\":\"https:\\\/\\\/www.aclanester56.com\\\/velo\\\/wp-content\\\/uploads\\\/2013\\\/04\\\/logo-ACL.jpg\",\"width\":400,\"height\":334,\"caption\":\"Avenir Cycliste Lanester 56\"},\"image\":{\"@id\":\"https:\\\/\\\/www.aclanester56.com\\\/velo\\\/#\\\/schema\\\/logo\\\/image\\\/\"},\"sameAs\":[\"https:\\\/\\\/www.facebook.com\\\/pages\\\/AC-Lanester-56\\\/190286300991242?fref=ts\"]},{\"@type\":\"Person\",\"@id\":\"https:\\\/\\\/www.aclanester56.com\\\/velo\\\/#\\\/schema\\\/person\\\/ca2a44a5fd969e9dd846c72d3b33bc01\",\"name\":\"Jean-Christophe\",\"url\":\"https:\\\/\\\/www.aclanester56.com\\\/velo\\\/author\\\/jeanchristophe\\\/\"}]}<\/script>\n<!-- \/ Yoast SEO plugin. -->","yoast_head_json":{"title":"R\u00e9action de Mathieu Le Gal apr\u00e8s le Tro Div Ster : \u201cun tr\u00e8s bon week-end avec une super \u00e9quipe\" - Avenir Cycliste Lanester 56","robots":{"index":"index","follow":"follow","max-snippet":"max-snippet:-1","max-image-preview":"max-image-preview:large","max-video-preview":"max-video-preview:-1"},"canonical":"https:\/\/www.aclanester56.com\/velo\/reaction-de-mathieu-le-gal-apres-le-tro-div-ster-un-tres-bon-week-end-avec-une-super-equipe\/","og_locale":"fr_FR","og_type":"article","og_title":"R\u00e9action de Mathieu Le Gal apr\u00e8s le Tro Div Ster : \u201cun tr\u00e8s bon week-end avec une super \u00e9quipe\" - Avenir Cycliste Lanester 56","og_url":"https:\/\/www.aclanester56.com\/velo\/reaction-de-mathieu-le-gal-apres-le-tro-div-ster-un-tres-bon-week-end-avec-une-super-equipe\/","og_site_name":"Avenir Cycliste Lanester 56","article_publisher":"https:\/\/www.facebook.com\/pages\/AC-Lanester-56\/190286300991242?fref=ts","article_published_time":"2012-05-25T11:00:40+00:00","article_modified_time":"2013-12-22T10:58:06+00:00","og_image":[{"width":650,"height":300,"url":"https:\/\/www.aclanester56.com\/velo\/wp-content\/uploads\/2012\/05\/Mathieu-Le-Gal-Copie.jpg","type":"image\/jpeg"}],"author":"Jean-Christophe","twitter_misc":{"\u00c9crit par":"Jean-Christophe","Dur\u00e9e de lecture estim\u00e9e":"3 minutes"},"schema":{"@context":"https:\/\/schema.org","@graph":[{"@type":"Article","@id":"https:\/\/www.aclanester56.com\/velo\/reaction-de-mathieu-le-gal-apres-le-tro-div-ster-un-tres-bon-week-end-avec-une-super-equipe\/#article","isPartOf":{"@id":"https:\/\/www.aclanester56.com\/velo\/reaction-de-mathieu-le-gal-apres-le-tro-div-ster-un-tres-bon-week-end-avec-une-super-equipe\/"},"author":{"name":"Jean-Christophe","@id":"https:\/\/www.aclanester56.com\/velo\/#\/schema\/person\/ca2a44a5fd969e9dd846c72d3b33bc01"},"headline":"R\u00e9action de Mathieu Le Gal apr\u00e8s le Tro Div Ster : \u201cun tr\u00e8s bon week-end avec une super \u00e9quipe\u00a0\u00bb","datePublished":"2012-05-25T11:00:40+00:00","dateModified":"2013-12-22T10:58:06+00:00","mainEntityOfPage":{"@id":"https:\/\/www.aclanester56.com\/velo\/reaction-de-mathieu-le-gal-apres-le-tro-div-ster-un-tres-bon-week-end-avec-une-super-equipe\/"},"wordCount":560,"commentCount":0,"publisher":{"@id":"https:\/\/www.aclanester56.com\/velo\/#organization"},"image":{"@id":"https:\/\/www.aclanester56.com\/velo\/reaction-de-mathieu-le-gal-apres-le-tro-div-ster-un-tres-bon-week-end-avec-une-super-equipe\/#primaryimage"},"thumbnailUrl":"https:\/\/www.aclanester56.com\/velo\/wp-content\/uploads\/2012\/05\/Mathieu-Le-Gal-Copie.jpg","articleSection":["AC LANESTER 56","Le Tro Div Ster","R\u00e9sultats 2eme cat\u00e9gorie"],"inLanguage":"fr-FR","potentialAction":[{"@type":"CommentAction","name":"Comment","target":["https:\/\/www.aclanester56.com\/velo\/reaction-de-mathieu-le-gal-apres-le-tro-div-ster-un-tres-bon-week-end-avec-une-super-equipe\/#respond"]}]},{"@type":"WebPage","@id":"https:\/\/www.aclanester56.com\/velo\/reaction-de-mathieu-le-gal-apres-le-tro-div-ster-un-tres-bon-week-end-avec-une-super-equipe\/","url":"https:\/\/www.aclanester56.com\/velo\/reaction-de-mathieu-le-gal-apres-le-tro-div-ster-un-tres-bon-week-end-avec-une-super-equipe\/","name":"R\u00e9action de Mathieu Le Gal apr\u00e8s le Tro Div Ster : \u201cun tr\u00e8s bon week-end avec une super \u00e9quipe\" - Avenir Cycliste Lanester 56","isPartOf":{"@id":"https:\/\/www.aclanester56.com\/velo\/#website"},"primaryImageOfPage":{"@id":"https:\/\/www.aclanester56.com\/velo\/reaction-de-mathieu-le-gal-apres-le-tro-div-ster-un-tres-bon-week-end-avec-une-super-equipe\/#primaryimage"},"image":{"@id":"https:\/\/www.aclanester56.com\/velo\/reaction-de-mathieu-le-gal-apres-le-tro-div-ster-un-tres-bon-week-end-avec-une-super-equipe\/#primaryimage"},"thumbnailUrl":"https:\/\/www.aclanester56.com\/velo\/wp-content\/uploads\/2012\/05\/Mathieu-Le-Gal-Copie.jpg","datePublished":"2012-05-25T11:00:40+00:00","dateModified":"2013-12-22T10:58:06+00:00","inLanguage":"fr-FR","potentialAction":[{"@type":"ReadAction","target":["https:\/\/www.aclanester56.com\/velo\/reaction-de-mathieu-le-gal-apres-le-tro-div-ster-un-tres-bon-week-end-avec-une-super-equipe\/"]}]},{"@type":"ImageObject","inLanguage":"fr-FR","@id":"https:\/\/www.aclanester56.com\/velo\/reaction-de-mathieu-le-gal-apres-le-tro-div-ster-un-tres-bon-week-end-avec-une-super-equipe\/#primaryimage","url":"https:\/\/www.aclanester56.com\/velo\/wp-content\/uploads\/2012\/05\/Mathieu-Le-Gal-Copie.jpg","contentUrl":"https:\/\/www.aclanester56.com\/velo\/wp-content\/uploads\/2012\/05\/Mathieu-Le-Gal-Copie.jpg","width":650,"height":300},{"@type":"WebSite","@id":"https:\/\/www.aclanester56.com\/velo\/#website","url":"https:\/\/www.aclanester56.com\/velo\/","name":"Avenir Cycliste Lanester 56","description":"Club cycliste de l&#039;AC LANESTER 56","publisher":{"@id":"https:\/\/www.aclanester56.com\/velo\/#organization"},"potentialAction":[{"@type":"SearchAction","target":{"@type":"EntryPoint","urlTemplate":"https:\/\/www.aclanester56.com\/velo\/?s={search_term_string}"},"query-input":{"@type":"PropertyValueSpecification","valueRequired":true,"valueName":"search_term_string"}}],"inLanguage":"fr-FR"},{"@type":"Organization","@id":"https:\/\/www.aclanester56.com\/velo\/#organization","name":"Avenir Cycliste Lanester 56","url":"https:\/\/www.aclanester56.com\/velo\/","logo":{"@type":"ImageObject","inLanguage":"fr-FR","@id":"https:\/\/www.aclanester56.com\/velo\/#\/schema\/logo\/image\/","url":"https:\/\/www.aclanester56.com\/velo\/wp-content\/uploads\/2013\/04\/logo-ACL.jpg","contentUrl":"https:\/\/www.aclanester56.com\/velo\/wp-content\/uploads\/2013\/04\/logo-ACL.jpg","width":400,"height":334,"caption":"Avenir Cycliste Lanester 56"},"image":{"@id":"https:\/\/www.aclanester56.com\/velo\/#\/schema\/logo\/image\/"},"sameAs":["https:\/\/www.facebook.com\/pages\/AC-Lanester-56\/190286300991242?fref=ts"]},{"@type":"Person","@id":"https:\/\/www.aclanester56.com\/velo\/#\/schema\/person\/ca2a44a5fd969e9dd846c72d3b33bc01","name":"Jean-Christophe","url":"https:\/\/www.aclanester56.com\/velo\/author\/jeanchristophe\/"}]}},"_links":{"self":[{"href":"https:\/\/www.aclanester56.com\/velo\/wp-json\/wp\/v2\/posts\/12322","targetHints":{"allow":["GET"]}}],"collection":[{"href":"https:\/\/www.aclanester56.com\/velo\/wp-json\/wp\/v2\/posts"}],"about":[{"href":"https:\/\/www.aclanester56.com\/velo\/wp-json\/wp\/v2\/types\/post"}],"author":[{"embeddable":true,"href":"https:\/\/www.aclanester56.com\/velo\/wp-json\/wp\/v2\/users\/14"}],"replies":[{"embeddable":true,"href":"https:\/\/www.aclanester56.com\/velo\/wp-json\/wp\/v2\/comments?post=12322"}],"version-history":[{"count":0,"href":"https:\/\/www.aclanester56.com\/velo\/wp-json\/wp\/v2\/posts\/12322\/revisions"}],"wp:featuredmedia":[{"embeddable":true,"href":"https:\/\/www.aclanester56.com\/velo\/wp-json\/wp\/v2\/media\/12326"}],"wp:attachment":[{"href":"https:\/\/www.aclanester56.com\/velo\/wp-json\/wp\/v2\/media?parent=12322"}],"wp:term":[{"taxonomy":"category","embeddable":true,"href":"https:\/\/www.aclanester56.com\/velo\/wp-json\/wp\/v2\/categories?post=12322"},{"taxonomy":"post_tag","embeddable":true,"href":"https:\/\/www.aclanester56.com\/velo\/wp-json\/wp\/v2\/tags?post=12322"}],"curies":[{"name":"wp","href":"https:\/\/api.w.org\/{rel}","templated":true}]}}