{"id":12388,"date":"2012-05-30T19:00:17","date_gmt":"2012-05-30T18:00:17","guid":{"rendered":"http:\/\/www.aclanester56.com\/velo\/?p=12388"},"modified":"2013-12-22T12:57:29","modified_gmt":"2013-12-22T10:57:29","slug":"reaction-de-benoit-le-bruchec-apres-le-tro-div-ster-un-club-qui-nous-met-en-bonne-condition","status":"publish","type":"post","link":"https:\/\/www.aclanester56.com\/velo\/reaction-de-benoit-le-bruchec-apres-le-tro-div-ster-un-club-qui-nous-met-en-bonne-condition\/","title":{"rendered":"R\u00e9action de Benoit Le Bruchec apr\u00e8s le Tro Div Ster : \u00ab\u00a0un club qui nous met en bonne condition\u00a0\u00bb"},"content":{"rendered":"<p style=\"text-align: justify;\"><!--more--><\/p>\n<p style=\"text-align: justify;\">Le Lanest\u00e9rien Benoit Le Bruchec faisait partie de l\u2019\u00e9quipe de l\u2019AC LANESTER 56 qui a particip\u00e9 le week-end dernier \u00e0 la 13\u00e8me \u00a0\u00e9dition de l\u2019organisation phare du club, le TRO DIV STER. Alors qu\u2019il est depuis de nombreuses ann\u00e9es de l&rsquo;autre c\u00f4t\u00e9 de la barri\u00e8re avec sa famille \u00e0 donner un coup de main au niveau de l&rsquo;organisation, Benoit \u00e9tait pour la premi\u00e8re fois au d\u00e9part de l&rsquo;\u00e9preuve. Il nous fait partager comment il a v\u00e9cu de l\u2019int\u00e9rieur ce TRO DIV STER 2012 !<\/p>\n<p style=\"text-align: justify;\"><strong style=\"color: #ff6600; font-size: 14px; line-height: 1.5em;\">aclanester56.com : Comment as-tu appr\u00e9hend\u00e9 ce grand rendez-vous pour le club ?<\/strong><\/p>\n<p style=\"text-align: justify;\"><strong>Benoit Le Bruchec<\/strong> : <em>Ne pouvant pas courir le week-end pr\u00e9c\u00e9dant l&rsquo;epreuve et n&rsquo;ayant pas fini les trois derni\u00e8res courses auxquelles j&rsquo;avais particip\u00e9, j&rsquo;\u00e9tais stress\u00e9 \u00e0 l&rsquo;id\u00e9e de participer \u00e0 mon premier Tro Div Ster, surtout que l&rsquo;\u00e9tape du samedi \u00e9tait longue avec pr\u00e8s de 140km.<\/em><\/p>\n<div id=\"attachment_12391\" style=\"width: 296px\" class=\"wp-caption alignright\"><a href=\"http:\/\/www.aclanester56.com\/velo\/wp-content\/uploads\/2012\/05\/aclanester56-Copie-2-286x600.jpg\"><img loading=\"lazy\" decoding=\"async\" aria-describedby=\"caption-attachment-12391\" class=\"size-large wp-image-12391\" title=\"A domicile, Benoit avait beaucoup de supporters (photo Julie Le Priellec)\" alt=\"\" src=\"http:\/\/www.aclanester56.com\/velo\/wp-content\/uploads\/2012\/05\/aclanester56-Copie-2-286x600.jpg\" width=\"286\" height=\"600\" srcset=\"https:\/\/www.aclanester56.com\/velo\/wp-content\/uploads\/2012\/05\/aclanester56-Copie-2-286x600.jpg 286w, https:\/\/www.aclanester56.com\/velo\/wp-content\/uploads\/2012\/05\/aclanester56-Copie-2-143x300.jpg 143w, https:\/\/www.aclanester56.com\/velo\/wp-content\/uploads\/2012\/05\/aclanester56-Copie-2.jpg 332w\" sizes=\"auto, (max-width: 286px) 100vw, 286px\" \/><\/a><p id=\"caption-attachment-12391\" class=\"wp-caption-text\">A domicile, Benoit avait beaucoup de supporters (photo Julie Le Priellec)<\/p><\/div>\n<p style=\"text-align: justify;\"><span style=\"color: #ff6600;\"><strong>aclanester56.com :\u00a0Comment se sont pass\u00e9es les trois \u00e9tapes pour toi ?<\/strong><\/span><\/p>\n<p style=\"text-align: justify;\"><strong>Benoit<\/strong> : <em>Comme je le disais auparavant, le samedi, la course \u00e9tait longue. Connaissant quasiment toutes les routes du samedi puisque j&rsquo;habite \u00e0 Pontivy non loin du d\u00e9part de Silfiac, je savais o\u00f9 me replacer avant les difficult\u00e9s pour ne pas me faire surprendre en haut des bosses car j&rsquo;avais peur qu&rsquo;il y ait des bordures. La fin de l&rsquo;\u00e9tape s&rsquo;est bien d\u00e9roul\u00e9e, m\u00eame si les deux premiers tours du circuit final \u00e0 Erdeven ont \u00e9t\u00e9 rapides.<\/em><\/p>\n<p style=\"text-align: justify;\"><em>Le dimanche matin, on fait un bon chrono gr\u00e2ce \u00e0 une bonne entente au sein de l&rsquo;\u00e9quipe mais aussi \u00e0 Karl, J-C et Mika qui passaient les plus gros bouts. On peut remercier \u00e9galement tous les supporters qu&rsquo;on a eu depuis Kervignac car ils nous ont bien aid\u00e9s avec leurs encouragements sur la derni\u00e8re partie du chrono.<\/em><\/p>\n<p style=\"text-align: justify;\"><em>L&rsquo;apr\u00e8s midi, le d\u00e9part a \u00e9t\u00e9 tr\u00e8s rapide \u00e0 Branderion, mais une fois qu&rsquo;on est arriv\u00e9 sur la partie en ligne, le BIC 2000 a pris les choses en main et tout s&rsquo;est bien d\u00e9roul\u00e9 pour moi.\u00a0<\/em><\/p>\n<p style=\"text-align: justify;\"><span style=\"color: #ff6600;\"><strong>aclanester56.com :\u00a0Comment analyses-tu ta performance?<\/strong><\/span><\/p>\n<p style=\"text-align: justify;\"><strong>Benoit<\/strong> :\u00a0<em>Pour mon premier Tro Div Ster, je suis tr\u00e8s satisfait. Ma performance, je la dois \u00e0 un club qui nous met en bonne condition notamment gr\u00e2ce au stage en montagne au mois d&rsquo;avril, aux bons conseils de nos\u00a0entra\u00eeneurs, et \u00e0 Guy qui nous accompagne d\u00e8s qu&rsquo;il le peut pour nous pr\u00e9parer les ravitaillements et nous masser afin de nous mettre en bonne condition \u00e0 chaque course.<\/em><\/p>\n<p style=\"text-align: justify;\"><span style=\"color: #ff6600;\"><strong>aclanester56.com : Qu&rsquo;est ce que vous retenez principalement ?<\/strong><\/span><\/p>\n<p style=\"text-align: justify;\"><strong>Benoit<\/strong> : <em>Le maillot bleu de J-C obtenu le samedi et notre chrono par \u00e9quipes sont les deux principales choses que je retiens. Malheureusement, nous n&rsquo;avons pas r\u00e9ussi \u00e0 r\u00e9cup\u00e9rer le maillot bleu le dimanche.<\/em><\/p>\n<p style=\"text-align: justify;\"><span style=\"color: #ff6600;\"><strong>aclanester56.com :\u00a0Quelle image gardes-tu de ce week-end ?<\/strong><\/span><\/p>\n<p style=\"text-align: justify;\"><strong>Benoit<\/strong> : <em>C&rsquo;est vraiment le chrono que je retiens car cette ann\u00e9e, ce n&rsquo;est pas notre sp\u00e9cialit\u00e9 et on s&rsquo;en sort quand m\u00eame bien gr\u00e2ce \u00e0 une \u00e9quipe soud\u00e9e.\u00a0<\/em><\/p>\n<p style=\"text-align: justify;\"><span style=\"color: #ff6600;\"><strong>aclanester56.com :\u00a0Le mot de la fin ?<\/strong><\/span><\/p>\n<p style=\"text-align: justify;\"><strong>Benoit<\/strong> :\u00a0<em>Je remercie tous les b\u00e9n\u00e9voles qu&rsquo;il y a sur le Tro Div Ster car sans eux, la course et nos performances ne seraient pas possibles !<\/em><\/p>\n<p style=\"text-align: justify;\"><em><strong>Remerciements \u00e0 Benoit pour sa disponibilit\u00e9.<\/strong><\/em><\/p>\n","protected":false},"excerpt":{"rendered":"","protected":false},"author":14,"featured_media":12393,"comment_status":"open","ping_status":"closed","sticky":false,"template":"","format":"standard","meta":{"ngg_post_thumbnail":0,"footnotes":""},"categories":[5,8],"tags":[],"class_list":["post-12388","post","type-post","status-publish","format-standard","has-post-thumbnail","hentry","category-ac-lanester-56","category-tro-div-ster"],"yoast_head":"<!-- This site is optimized with the Yoast SEO plugin v27.5 - https:\/\/yoast.com\/product\/yoast-seo-wordpress\/ -->\n<title>R\u00e9action de Benoit Le Bruchec apr\u00e8s le Tro Div Ster : &quot;un club qui nous met en bonne condition&quot; - Avenir Cycliste Lanester 56<\/title>\n<meta name=\"robots\" content=\"index, follow, max-snippet:-1, max-image-preview:large, max-video-preview:-1\" \/>\n<link rel=\"canonical\" href=\"https:\/\/www.aclanester56.com\/velo\/reaction-de-benoit-le-bruchec-apres-le-tro-div-ster-un-club-qui-nous-met-en-bonne-condition\/\" \/>\n<meta property=\"og:locale\" content=\"fr_FR\" \/>\n<meta property=\"og:type\" content=\"article\" \/>\n<meta property=\"og:title\" content=\"R\u00e9action de Benoit Le Bruchec apr\u00e8s le Tro Div Ster : &quot;un club qui nous met en bonne condition&quot; - Avenir Cycliste Lanester 56\" \/>\n<meta property=\"og:url\" content=\"https:\/\/www.aclanester56.com\/velo\/reaction-de-benoit-le-bruchec-apres-le-tro-div-ster-un-club-qui-nous-met-en-bonne-condition\/\" \/>\n<meta property=\"og:site_name\" content=\"Avenir Cycliste Lanester 56\" \/>\n<meta property=\"article:publisher\" content=\"https:\/\/www.facebook.com\/pages\/AC-Lanester-56\/190286300991242?fref=ts\" \/>\n<meta property=\"article:published_time\" content=\"2012-05-30T18:00:17+00:00\" \/>\n<meta property=\"article:modified_time\" content=\"2013-12-22T10:57:29+00:00\" \/>\n<meta property=\"og:image\" content=\"https:\/\/www.aclanester56.com\/velo\/wp-content\/uploads\/2012\/05\/DSC_1056-Copie.jpeg\" \/>\n\t<meta property=\"og:image:width\" content=\"650\" \/>\n\t<meta property=\"og:image:height\" content=\"300\" \/>\n\t<meta property=\"og:image:type\" content=\"image\/jpeg\" \/>\n<meta name=\"author\" content=\"Jean-Christophe\" \/>\n<meta name=\"twitter:label1\" content=\"\u00c9crit par\" \/>\n\t<meta name=\"twitter:data1\" content=\"Jean-Christophe\" \/>\n\t<meta name=\"twitter:label2\" content=\"Dur\u00e9e de lecture estim\u00e9e\" \/>\n\t<meta name=\"twitter:data2\" content=\"3 minutes\" \/>\n<script type=\"application\/ld+json\" class=\"yoast-schema-graph\">{\"@context\":\"https:\\\/\\\/schema.org\",\"@graph\":[{\"@type\":\"Article\",\"@id\":\"https:\\\/\\\/www.aclanester56.com\\\/velo\\\/reaction-de-benoit-le-bruchec-apres-le-tro-div-ster-un-club-qui-nous-met-en-bonne-condition\\\/#article\",\"isPartOf\":{\"@id\":\"https:\\\/\\\/www.aclanester56.com\\\/velo\\\/reaction-de-benoit-le-bruchec-apres-le-tro-div-ster-un-club-qui-nous-met-en-bonne-condition\\\/\"},\"author\":{\"name\":\"Jean-Christophe\",\"@id\":\"https:\\\/\\\/www.aclanester56.com\\\/velo\\\/#\\\/schema\\\/person\\\/ca2a44a5fd969e9dd846c72d3b33bc01\"},\"headline\":\"R\u00e9action de Benoit Le Bruchec apr\u00e8s le Tro Div Ster : \u00ab\u00a0un club qui nous met en bonne condition\u00a0\u00bb\",\"datePublished\":\"2012-05-30T18:00:17+00:00\",\"dateModified\":\"2013-12-22T10:57:29+00:00\",\"mainEntityOfPage\":{\"@id\":\"https:\\\/\\\/www.aclanester56.com\\\/velo\\\/reaction-de-benoit-le-bruchec-apres-le-tro-div-ster-un-club-qui-nous-met-en-bonne-condition\\\/\"},\"wordCount\":583,\"commentCount\":0,\"publisher\":{\"@id\":\"https:\\\/\\\/www.aclanester56.com\\\/velo\\\/#organization\"},\"image\":{\"@id\":\"https:\\\/\\\/www.aclanester56.com\\\/velo\\\/reaction-de-benoit-le-bruchec-apres-le-tro-div-ster-un-club-qui-nous-met-en-bonne-condition\\\/#primaryimage\"},\"thumbnailUrl\":\"https:\\\/\\\/www.aclanester56.com\\\/velo\\\/wp-content\\\/uploads\\\/2012\\\/05\\\/DSC_1056-Copie.jpeg\",\"articleSection\":[\"AC LANESTER 56\",\"Le Tro Div Ster\"],\"inLanguage\":\"fr-FR\",\"potentialAction\":[{\"@type\":\"CommentAction\",\"name\":\"Comment\",\"target\":[\"https:\\\/\\\/www.aclanester56.com\\\/velo\\\/reaction-de-benoit-le-bruchec-apres-le-tro-div-ster-un-club-qui-nous-met-en-bonne-condition\\\/#respond\"]}]},{\"@type\":\"WebPage\",\"@id\":\"https:\\\/\\\/www.aclanester56.com\\\/velo\\\/reaction-de-benoit-le-bruchec-apres-le-tro-div-ster-un-club-qui-nous-met-en-bonne-condition\\\/\",\"url\":\"https:\\\/\\\/www.aclanester56.com\\\/velo\\\/reaction-de-benoit-le-bruchec-apres-le-tro-div-ster-un-club-qui-nous-met-en-bonne-condition\\\/\",\"name\":\"R\u00e9action de Benoit Le Bruchec apr\u00e8s le Tro Div Ster : \\\"un club qui nous met en bonne condition\\\" - Avenir Cycliste Lanester 56\",\"isPartOf\":{\"@id\":\"https:\\\/\\\/www.aclanester56.com\\\/velo\\\/#website\"},\"primaryImageOfPage\":{\"@id\":\"https:\\\/\\\/www.aclanester56.com\\\/velo\\\/reaction-de-benoit-le-bruchec-apres-le-tro-div-ster-un-club-qui-nous-met-en-bonne-condition\\\/#primaryimage\"},\"image\":{\"@id\":\"https:\\\/\\\/www.aclanester56.com\\\/velo\\\/reaction-de-benoit-le-bruchec-apres-le-tro-div-ster-un-club-qui-nous-met-en-bonne-condition\\\/#primaryimage\"},\"thumbnailUrl\":\"https:\\\/\\\/www.aclanester56.com\\\/velo\\\/wp-content\\\/uploads\\\/2012\\\/05\\\/DSC_1056-Copie.jpeg\",\"datePublished\":\"2012-05-30T18:00:17+00:00\",\"dateModified\":\"2013-12-22T10:57:29+00:00\",\"inLanguage\":\"fr-FR\",\"potentialAction\":[{\"@type\":\"ReadAction\",\"target\":[\"https:\\\/\\\/www.aclanester56.com\\\/velo\\\/reaction-de-benoit-le-bruchec-apres-le-tro-div-ster-un-club-qui-nous-met-en-bonne-condition\\\/\"]}]},{\"@type\":\"ImageObject\",\"inLanguage\":\"fr-FR\",\"@id\":\"https:\\\/\\\/www.aclanester56.com\\\/velo\\\/reaction-de-benoit-le-bruchec-apres-le-tro-div-ster-un-club-qui-nous-met-en-bonne-condition\\\/#primaryimage\",\"url\":\"https:\\\/\\\/www.aclanester56.com\\\/velo\\\/wp-content\\\/uploads\\\/2012\\\/05\\\/DSC_1056-Copie.jpeg\",\"contentUrl\":\"https:\\\/\\\/www.aclanester56.com\\\/velo\\\/wp-content\\\/uploads\\\/2012\\\/05\\\/DSC_1056-Copie.jpeg\",\"width\":650,\"height\":300},{\"@type\":\"WebSite\",\"@id\":\"https:\\\/\\\/www.aclanester56.com\\\/velo\\\/#website\",\"url\":\"https:\\\/\\\/www.aclanester56.com\\\/velo\\\/\",\"name\":\"Avenir Cycliste Lanester 56\",\"description\":\"Club cycliste de l&#039;AC LANESTER 56\",\"publisher\":{\"@id\":\"https:\\\/\\\/www.aclanester56.com\\\/velo\\\/#organization\"},\"potentialAction\":[{\"@type\":\"SearchAction\",\"target\":{\"@type\":\"EntryPoint\",\"urlTemplate\":\"https:\\\/\\\/www.aclanester56.com\\\/velo\\\/?s={search_term_string}\"},\"query-input\":{\"@type\":\"PropertyValueSpecification\",\"valueRequired\":true,\"valueName\":\"search_term_string\"}}],\"inLanguage\":\"fr-FR\"},{\"@type\":\"Organization\",\"@id\":\"https:\\\/\\\/www.aclanester56.com\\\/velo\\\/#organization\",\"name\":\"Avenir Cycliste Lanester 56\",\"url\":\"https:\\\/\\\/www.aclanester56.com\\\/velo\\\/\",\"logo\":{\"@type\":\"ImageObject\",\"inLanguage\":\"fr-FR\",\"@id\":\"https:\\\/\\\/www.aclanester56.com\\\/velo\\\/#\\\/schema\\\/logo\\\/image\\\/\",\"url\":\"https:\\\/\\\/www.aclanester56.com\\\/velo\\\/wp-content\\\/uploads\\\/2013\\\/04\\\/logo-ACL.jpg\",\"contentUrl\":\"https:\\\/\\\/www.aclanester56.com\\\/velo\\\/wp-content\\\/uploads\\\/2013\\\/04\\\/logo-ACL.jpg\",\"width\":400,\"height\":334,\"caption\":\"Avenir Cycliste Lanester 56\"},\"image\":{\"@id\":\"https:\\\/\\\/www.aclanester56.com\\\/velo\\\/#\\\/schema\\\/logo\\\/image\\\/\"},\"sameAs\":[\"https:\\\/\\\/www.facebook.com\\\/pages\\\/AC-Lanester-56\\\/190286300991242?fref=ts\"]},{\"@type\":\"Person\",\"@id\":\"https:\\\/\\\/www.aclanester56.com\\\/velo\\\/#\\\/schema\\\/person\\\/ca2a44a5fd969e9dd846c72d3b33bc01\",\"name\":\"Jean-Christophe\",\"url\":\"https:\\\/\\\/www.aclanester56.com\\\/velo\\\/author\\\/jeanchristophe\\\/\"}]}<\/script>\n<!-- \/ Yoast SEO plugin. -->","yoast_head_json":{"title":"R\u00e9action de Benoit Le Bruchec apr\u00e8s le Tro Div Ster : \"un club qui nous met en bonne condition\" - Avenir Cycliste Lanester 56","robots":{"index":"index","follow":"follow","max-snippet":"max-snippet:-1","max-image-preview":"max-image-preview:large","max-video-preview":"max-video-preview:-1"},"canonical":"https:\/\/www.aclanester56.com\/velo\/reaction-de-benoit-le-bruchec-apres-le-tro-div-ster-un-club-qui-nous-met-en-bonne-condition\/","og_locale":"fr_FR","og_type":"article","og_title":"R\u00e9action de Benoit Le Bruchec apr\u00e8s le Tro Div Ster : \"un club qui nous met en bonne condition\" - Avenir Cycliste Lanester 56","og_url":"https:\/\/www.aclanester56.com\/velo\/reaction-de-benoit-le-bruchec-apres-le-tro-div-ster-un-club-qui-nous-met-en-bonne-condition\/","og_site_name":"Avenir Cycliste Lanester 56","article_publisher":"https:\/\/www.facebook.com\/pages\/AC-Lanester-56\/190286300991242?fref=ts","article_published_time":"2012-05-30T18:00:17+00:00","article_modified_time":"2013-12-22T10:57:29+00:00","og_image":[{"width":650,"height":300,"url":"https:\/\/www.aclanester56.com\/velo\/wp-content\/uploads\/2012\/05\/DSC_1056-Copie.jpeg","type":"image\/jpeg"}],"author":"Jean-Christophe","twitter_misc":{"\u00c9crit par":"Jean-Christophe","Dur\u00e9e de lecture estim\u00e9e":"3 minutes"},"schema":{"@context":"https:\/\/schema.org","@graph":[{"@type":"Article","@id":"https:\/\/www.aclanester56.com\/velo\/reaction-de-benoit-le-bruchec-apres-le-tro-div-ster-un-club-qui-nous-met-en-bonne-condition\/#article","isPartOf":{"@id":"https:\/\/www.aclanester56.com\/velo\/reaction-de-benoit-le-bruchec-apres-le-tro-div-ster-un-club-qui-nous-met-en-bonne-condition\/"},"author":{"name":"Jean-Christophe","@id":"https:\/\/www.aclanester56.com\/velo\/#\/schema\/person\/ca2a44a5fd969e9dd846c72d3b33bc01"},"headline":"R\u00e9action de Benoit Le Bruchec apr\u00e8s le Tro Div Ster : \u00ab\u00a0un club qui nous met en bonne condition\u00a0\u00bb","datePublished":"2012-05-30T18:00:17+00:00","dateModified":"2013-12-22T10:57:29+00:00","mainEntityOfPage":{"@id":"https:\/\/www.aclanester56.com\/velo\/reaction-de-benoit-le-bruchec-apres-le-tro-div-ster-un-club-qui-nous-met-en-bonne-condition\/"},"wordCount":583,"commentCount":0,"publisher":{"@id":"https:\/\/www.aclanester56.com\/velo\/#organization"},"image":{"@id":"https:\/\/www.aclanester56.com\/velo\/reaction-de-benoit-le-bruchec-apres-le-tro-div-ster-un-club-qui-nous-met-en-bonne-condition\/#primaryimage"},"thumbnailUrl":"https:\/\/www.aclanester56.com\/velo\/wp-content\/uploads\/2012\/05\/DSC_1056-Copie.jpeg","articleSection":["AC LANESTER 56","Le Tro Div Ster"],"inLanguage":"fr-FR","potentialAction":[{"@type":"CommentAction","name":"Comment","target":["https:\/\/www.aclanester56.com\/velo\/reaction-de-benoit-le-bruchec-apres-le-tro-div-ster-un-club-qui-nous-met-en-bonne-condition\/#respond"]}]},{"@type":"WebPage","@id":"https:\/\/www.aclanester56.com\/velo\/reaction-de-benoit-le-bruchec-apres-le-tro-div-ster-un-club-qui-nous-met-en-bonne-condition\/","url":"https:\/\/www.aclanester56.com\/velo\/reaction-de-benoit-le-bruchec-apres-le-tro-div-ster-un-club-qui-nous-met-en-bonne-condition\/","name":"R\u00e9action de Benoit Le Bruchec apr\u00e8s le Tro Div Ster : \"un club qui nous met en bonne condition\" - Avenir Cycliste Lanester 56","isPartOf":{"@id":"https:\/\/www.aclanester56.com\/velo\/#website"},"primaryImageOfPage":{"@id":"https:\/\/www.aclanester56.com\/velo\/reaction-de-benoit-le-bruchec-apres-le-tro-div-ster-un-club-qui-nous-met-en-bonne-condition\/#primaryimage"},"image":{"@id":"https:\/\/www.aclanester56.com\/velo\/reaction-de-benoit-le-bruchec-apres-le-tro-div-ster-un-club-qui-nous-met-en-bonne-condition\/#primaryimage"},"thumbnailUrl":"https:\/\/www.aclanester56.com\/velo\/wp-content\/uploads\/2012\/05\/DSC_1056-Copie.jpeg","datePublished":"2012-05-30T18:00:17+00:00","dateModified":"2013-12-22T10:57:29+00:00","inLanguage":"fr-FR","potentialAction":[{"@type":"ReadAction","target":["https:\/\/www.aclanester56.com\/velo\/reaction-de-benoit-le-bruchec-apres-le-tro-div-ster-un-club-qui-nous-met-en-bonne-condition\/"]}]},{"@type":"ImageObject","inLanguage":"fr-FR","@id":"https:\/\/www.aclanester56.com\/velo\/reaction-de-benoit-le-bruchec-apres-le-tro-div-ster-un-club-qui-nous-met-en-bonne-condition\/#primaryimage","url":"https:\/\/www.aclanester56.com\/velo\/wp-content\/uploads\/2012\/05\/DSC_1056-Copie.jpeg","contentUrl":"https:\/\/www.aclanester56.com\/velo\/wp-content\/uploads\/2012\/05\/DSC_1056-Copie.jpeg","width":650,"height":300},{"@type":"WebSite","@id":"https:\/\/www.aclanester56.com\/velo\/#website","url":"https:\/\/www.aclanester56.com\/velo\/","name":"Avenir Cycliste Lanester 56","description":"Club cycliste de l&#039;AC LANESTER 56","publisher":{"@id":"https:\/\/www.aclanester56.com\/velo\/#organization"},"potentialAction":[{"@type":"SearchAction","target":{"@type":"EntryPoint","urlTemplate":"https:\/\/www.aclanester56.com\/velo\/?s={search_term_string}"},"query-input":{"@type":"PropertyValueSpecification","valueRequired":true,"valueName":"search_term_string"}}],"inLanguage":"fr-FR"},{"@type":"Organization","@id":"https:\/\/www.aclanester56.com\/velo\/#organization","name":"Avenir Cycliste Lanester 56","url":"https:\/\/www.aclanester56.com\/velo\/","logo":{"@type":"ImageObject","inLanguage":"fr-FR","@id":"https:\/\/www.aclanester56.com\/velo\/#\/schema\/logo\/image\/","url":"https:\/\/www.aclanester56.com\/velo\/wp-content\/uploads\/2013\/04\/logo-ACL.jpg","contentUrl":"https:\/\/www.aclanester56.com\/velo\/wp-content\/uploads\/2013\/04\/logo-ACL.jpg","width":400,"height":334,"caption":"Avenir Cycliste Lanester 56"},"image":{"@id":"https:\/\/www.aclanester56.com\/velo\/#\/schema\/logo\/image\/"},"sameAs":["https:\/\/www.facebook.com\/pages\/AC-Lanester-56\/190286300991242?fref=ts"]},{"@type":"Person","@id":"https:\/\/www.aclanester56.com\/velo\/#\/schema\/person\/ca2a44a5fd969e9dd846c72d3b33bc01","name":"Jean-Christophe","url":"https:\/\/www.aclanester56.com\/velo\/author\/jeanchristophe\/"}]}},"_links":{"self":[{"href":"https:\/\/www.aclanester56.com\/velo\/wp-json\/wp\/v2\/posts\/12388","targetHints":{"allow":["GET"]}}],"collection":[{"href":"https:\/\/www.aclanester56.com\/velo\/wp-json\/wp\/v2\/posts"}],"about":[{"href":"https:\/\/www.aclanester56.com\/velo\/wp-json\/wp\/v2\/types\/post"}],"author":[{"embeddable":true,"href":"https:\/\/www.aclanester56.com\/velo\/wp-json\/wp\/v2\/users\/14"}],"replies":[{"embeddable":true,"href":"https:\/\/www.aclanester56.com\/velo\/wp-json\/wp\/v2\/comments?post=12388"}],"version-history":[{"count":0,"href":"https:\/\/www.aclanester56.com\/velo\/wp-json\/wp\/v2\/posts\/12388\/revisions"}],"wp:featuredmedia":[{"embeddable":true,"href":"https:\/\/www.aclanester56.com\/velo\/wp-json\/wp\/v2\/media\/12393"}],"wp:attachment":[{"href":"https:\/\/www.aclanester56.com\/velo\/wp-json\/wp\/v2\/media?parent=12388"}],"wp:term":[{"taxonomy":"category","embeddable":true,"href":"https:\/\/www.aclanester56.com\/velo\/wp-json\/wp\/v2\/categories?post=12388"},{"taxonomy":"post_tag","embeddable":true,"href":"https:\/\/www.aclanester56.com\/velo\/wp-json\/wp\/v2\/tags?post=12388"}],"curies":[{"name":"wp","href":"https:\/\/api.w.org\/{rel}","templated":true}]}}