{"id":12432,"date":"2012-06-07T23:13:52","date_gmt":"2012-06-07T22:13:52","guid":{"rendered":"http:\/\/www.aclanester56.com\/velo\/?p=12432"},"modified":"2013-12-22T12:56:37","modified_gmt":"2013-12-22T10:56:37","slug":"belles-performances-des-cadets-lanesteriens-a-inguiniel-et-st-jean-villenard","status":"publish","type":"post","link":"https:\/\/www.aclanester56.com\/velo\/belles-performances-des-cadets-lanesteriens-a-inguiniel-et-st-jean-villenard\/","title":{"rendered":"Belles performances des cadets lanest\u00e9riens \u00e0 Inguiniel et St Jean Villenard !"},"content":{"rendered":"<p style=\"text-align: justify;\"><!--more--><\/p>\n<p style=\"text-align: justify;\">Les cadets lanest\u00e9riens ont \u00e0 nouveau brill\u00e9 le week-end dernier ! Tandis qu&rsquo;\u00e0 Pordic, Thomas Denis et Maxime Lannurien ont contribu\u00e9 \u00e0 la qualification du Comit\u00e9 du Morbihan pour la finale de l&rsquo;interr\u00e9gions cadets, Yoann S\u00e9lo monte \u00e0 nouveau sur le podium \u00e0 St Jean de Villenard. Les jeunes Lanest\u00e9riens r\u00e9alisent \u00e9galement un beau tir group\u00e9 sur le difficile circuit d&rsquo;Inguiniel.<\/p>\n<p><strong style=\"color: #ff6600; text-align: justify; font-size: 14px; line-height: 1.5em;\">Les Lanest\u00e9riens au pied du podium \u00e0 Inguiniel !<\/strong><\/p>\n<p style=\"text-align: justify;\">A Inguiniel sur un circuit difficile et tr\u00e8s vent\u00e9, le peloton a rapidement explos\u00e9. Un groupe de huit coureurs se forme en t\u00eate de course et ne sera plus rattrap\u00e9. Malgr\u00e9 plusieurs attaques men\u00e9es notamment par les coureurs de l&rsquo;AC LANESTER 56, les huit cadets arrivent ensemble pour le sprint.<\/p>\n<div id=\"attachment_12438\" style=\"width: 410px\" class=\"wp-caption alignright\"><a href=\"http:\/\/www.aclanester56.com\/velo\/wp-content\/uploads\/2012\/06\/Inguiniel-03-06-2012-016-800x533.jpg\"><img loading=\"lazy\" decoding=\"async\" aria-describedby=\"caption-attachment-12438\" class=\"size-large wp-image-12438\" title=\"Le Lanest\u00e9rien Thibaut Seveno s'est bien battu \u00e0 Inguiniel et prend une belle 10\u00e8me place (photo St\u00e9phane Le Provost)\" alt=\"\" src=\"http:\/\/www.aclanester56.com\/velo\/wp-content\/uploads\/2012\/06\/Inguiniel-03-06-2012-016-800x533.jpg\" width=\"400\" height=\"266\" srcset=\"https:\/\/www.aclanester56.com\/velo\/wp-content\/uploads\/2012\/06\/Inguiniel-03-06-2012-016-800x533.jpg 800w, https:\/\/www.aclanester56.com\/velo\/wp-content\/uploads\/2012\/06\/Inguiniel-03-06-2012-016-300x200.jpg 300w, https:\/\/www.aclanester56.com\/velo\/wp-content\/uploads\/2012\/06\/Inguiniel-03-06-2012-016-449x300.jpg 449w, https:\/\/www.aclanester56.com\/velo\/wp-content\/uploads\/2012\/06\/Inguiniel-03-06-2012-016.jpg 1024w\" sizes=\"auto, (max-width: 400px) 100vw, 400px\" \/><\/a><p id=\"caption-attachment-12438\" class=\"wp-caption-text\">Le Lanest\u00e9rien Thibaut Seveno s&rsquo;est bien battu \u00e0 Inguiniel et prend une belle 10\u00e8me place (photo St\u00e9phane Le Provost)<\/p><\/div>\n<p style=\"text-align: justify;\">Thibault Morvan lance le sprint de loin mais se fera remonter pour finir 4\u00e8me juste devant Loic Le Barbier 5\u00e8me. Thibaut S\u00e9veno et Yann Lewandja arrivent dans la contre-attaque et accrochent la 10\u00e8me et 14\u00e8me place. Maxime Lannurien termine 20\u00e8me et Corentin Le Bou\u00e9dec 24\u00e8me. Benjamin Duval, malade, et Alexandre Rio \u00e9taient plus en difficult\u00e9 sur ce circuit. Maxime Guennec, qui \u00e9tait bien plac\u00e9 en d\u00e9but de course, a \u00e9t\u00e9 victime d&rsquo;une chute.<\/p>\n<p style=\"text-align: justify;\">Retrouvez toutes les photos de l&rsquo;\u00e9preuve gr\u00e2ce aux clich\u00e9s de St\u00e9phane Le Provost, accessible dans notre <a href=\"http:\/\/www.aclanester56.com\/velo\/medias\/photos\/galerie-2012\/?album=10&amp;gallery=121\" target=\"_blank\">galerie photos<\/a>.<\/p>\n<div id=\"attachment_12442\" style=\"width: 210px\" class=\"wp-caption alignleft\"><a href=\"http:\/\/www.aclanester56.com\/velo\/wp-content\/uploads\/2012\/06\/Yoann-S\u00e9lo-399x600.jpg\"><img loading=\"lazy\" decoding=\"async\" aria-describedby=\"caption-attachment-12442\" class=\"size-large wp-image-12442\" title=\"Victorieux la semaine derni\u00e8re \u00e0 Plestan, Yoann S\u00e9lo confirme sa forme du moment en prenant une belle 3\u00e8me place \u00e0 St Jean de Villenard (photo Marion Denis)\" alt=\"\" src=\"http:\/\/www.aclanester56.com\/velo\/wp-content\/uploads\/2012\/06\/Yoann-S\u00e9lo-399x600.jpg\" width=\"200\" height=\"300\" srcset=\"https:\/\/www.aclanester56.com\/velo\/wp-content\/uploads\/2012\/06\/Yoann-S\u00e9lo-399x600.jpg 399w, https:\/\/www.aclanester56.com\/velo\/wp-content\/uploads\/2012\/06\/Yoann-S\u00e9lo-199x300.jpg 199w, https:\/\/www.aclanester56.com\/velo\/wp-content\/uploads\/2012\/06\/Yoann-S\u00e9lo.jpg 479w\" sizes=\"auto, (max-width: 200px) 100vw, 200px\" \/><\/a><p id=\"caption-attachment-12442\" class=\"wp-caption-text\">Victorieux la semaine derni\u00e8re \u00e0 Plestan, Yoann S\u00e9lo confirme sa forme du moment en prenant une belle 3\u00e8me place \u00e0 St Jean de Villenard (photo Marion Denis)<\/p><\/div>\n<p> \u00a0<br \/> \u00a0<br \/> \u00a0<br \/> \u00a0<\/p>\n<p style=\"text-align: justify;\"><span style=\"color: #ff6600;\"><strong>Un nouveau podium pour Yoann S\u00e9lo \u00e0 St Jean de Villenard !<\/strong><\/span><\/p>\n<p style=\"text-align: justify;\">Ils \u00e9taient trois coureurs de l&rsquo;AC LANESTER 56 \u00e0 St Jean de Villenard : Yoann S\u00e9lo, Nicolas Primas et Thomas Denis. Deux coureurs vont s&rsquo;\u00e9chapper rapidement avec Tomas Robic et Dylan Bauthamy. Le Lanest\u00e9rien Yoann S\u00e9lo sort alors du peloton qui roulait \u00e0 vive allure et revient sur les deux \u00e9chapp\u00e9s au prix d&rsquo;un bel effort. La bonne \u00e9chapp\u00e9e s&rsquo;est ainsi form\u00e9e et ira jusqu&rsquo;au bout.<\/p>\n<p>&nbsp;<\/p>\n<p style=\"text-align: justify;\">Au sprint, Thomas Robic s&rsquo;impose devant Dylan Bauthamy et Yoann S\u00e9lo. Yoann, de plus en plus r\u00e9gulier, accroche ainsi un nouveau bouquet ! Un petit groupe s&rsquo;intercale entre les \u00e9chapp\u00e9s et le peloton dont Nicolas Primas r\u00e8gle le sprint pour la 10e place. Thomas Denis, \u00a0malchanceux, a \u00e9t\u00e9 victime d&rsquo;une crevaison.<\/p>\n<div id=\"attachment_12448\" style=\"width: 410px\" class=\"wp-caption alignright\"><a href=\"http:\/\/www.aclanester56.com\/velo\/wp-content\/uploads\/2012\/06\/Thomas-Denis-Pordic-800x577.jpg\"><img loading=\"lazy\" decoding=\"async\" aria-describedby=\"caption-attachment-12448\" class=\"size-large wp-image-12448\" title=\"Thomas Denis et son co\u00e9quipier Maxime Lannurien d\u00e9fendait les couleurs de l'\u00e9quipe du Morbihan sur l'Interr\u00e9gions cadets piste \u00e0 Pordic (photo Camille Nicol)\" alt=\"\" src=\"http:\/\/www.aclanester56.com\/velo\/wp-content\/uploads\/2012\/06\/Thomas-Denis-Pordic-800x577.jpg\" width=\"400\" height=\"288\" srcset=\"https:\/\/www.aclanester56.com\/velo\/wp-content\/uploads\/2012\/06\/Thomas-Denis-Pordic-800x577.jpg 800w, https:\/\/www.aclanester56.com\/velo\/wp-content\/uploads\/2012\/06\/Thomas-Denis-Pordic-300x216.jpg 300w, https:\/\/www.aclanester56.com\/velo\/wp-content\/uploads\/2012\/06\/Thomas-Denis-Pordic-415x300.jpg 415w, https:\/\/www.aclanester56.com\/velo\/wp-content\/uploads\/2012\/06\/Thomas-Denis-Pordic.jpg 960w\" sizes=\"auto, (max-width: 400px) 100vw, 400px\" \/><\/a><p id=\"caption-attachment-12448\" class=\"wp-caption-text\">Thomas Denis et son co\u00e9quipier Maxime Lannurien d\u00e9fendait les couleurs de l&rsquo;\u00e9quipe du Morbihan sur l&rsquo;Interr\u00e9gions cadets piste \u00e0 Pordic (photo Camille Nicol)<\/p><\/div>\n<p>\u00a0<br \/> \u00a0<\/p>\n<p style=\"text-align: justify;\"><span style=\"color: #ff6600;\"><strong>Thomas Denis et Maxime Lannurien en \u00e9quipe du Morbihan \u00e0 Pordic<\/strong><\/span><\/p>\n<p style=\"text-align: justify;\">Thomas Denis et Maxime Lannurien ont bien figur\u00e9 sur l&rsquo;interr\u00e9gions piste \u00e0 Pordic avec l&rsquo;\u00e9quipe du Morbihan. Ils se sont impos\u00e9s dans la vitesse par \u00e9quipe et Thomas termine 2\u00e8me de la poursuite par \u00e9quipe. Belle performance \u00e0 ce niveau o\u00f9 le Morbihan termine 4\u00e8me et se qualifie pour la finale de l&rsquo;interr\u00e9gions.<\/p>\n<p style=\"text-align: justify;\"><em><strong>Remerciements \u00e0 Jean-Marc Morvan.<\/strong><\/em><\/p>\n","protected":false},"excerpt":{"rendered":"","protected":false},"author":14,"featured_media":12450,"comment_status":"open","ping_status":"closed","sticky":false,"template":"","format":"standard","meta":{"ngg_post_thumbnail":0,"footnotes":""},"categories":[5,16,22],"tags":[],"class_list":["post-12432","post","type-post","status-publish","format-standard","has-post-thumbnail","hentry","category-ac-lanester-56","category-resultats","category-resultats-cadets"],"yoast_head":"<!-- This site is optimized with the Yoast SEO plugin v27.5 - https:\/\/yoast.com\/product\/yoast-seo-wordpress\/ -->\n<title>Belles performances des cadets lanest\u00e9riens \u00e0 Inguiniel et St Jean Villenard ! - Avenir Cycliste Lanester 56<\/title>\n<meta name=\"robots\" content=\"index, follow, max-snippet:-1, max-image-preview:large, max-video-preview:-1\" \/>\n<link rel=\"canonical\" href=\"https:\/\/www.aclanester56.com\/velo\/belles-performances-des-cadets-lanesteriens-a-inguiniel-et-st-jean-villenard\/\" \/>\n<meta property=\"og:locale\" content=\"fr_FR\" \/>\n<meta property=\"og:type\" content=\"article\" \/>\n<meta property=\"og:title\" content=\"Belles performances des cadets lanest\u00e9riens \u00e0 Inguiniel et St Jean Villenard ! - Avenir Cycliste Lanester 56\" \/>\n<meta property=\"og:url\" content=\"https:\/\/www.aclanester56.com\/velo\/belles-performances-des-cadets-lanesteriens-a-inguiniel-et-st-jean-villenard\/\" \/>\n<meta property=\"og:site_name\" content=\"Avenir Cycliste Lanester 56\" \/>\n<meta property=\"article:publisher\" content=\"https:\/\/www.facebook.com\/pages\/AC-Lanester-56\/190286300991242?fref=ts\" \/>\n<meta property=\"article:published_time\" content=\"2012-06-07T22:13:52+00:00\" \/>\n<meta property=\"article:modified_time\" content=\"2013-12-22T10:56:37+00:00\" \/>\n<meta property=\"og:image\" content=\"https:\/\/www.aclanester56.com\/velo\/wp-content\/uploads\/2012\/06\/Inguiniel-03-06-2012-073-Copie.jpg\" \/>\n\t<meta property=\"og:image:width\" content=\"650\" \/>\n\t<meta property=\"og:image:height\" content=\"300\" \/>\n\t<meta property=\"og:image:type\" content=\"image\/jpeg\" \/>\n<meta name=\"author\" content=\"Jean-Christophe\" \/>\n<meta name=\"twitter:label1\" content=\"\u00c9crit par\" \/>\n\t<meta name=\"twitter:data1\" content=\"Jean-Christophe\" \/>\n\t<meta name=\"twitter:label2\" content=\"Dur\u00e9e de lecture estim\u00e9e\" \/>\n\t<meta name=\"twitter:data2\" content=\"3 minutes\" \/>\n<script type=\"application\/ld+json\" class=\"yoast-schema-graph\">{\"@context\":\"https:\\\/\\\/schema.org\",\"@graph\":[{\"@type\":\"Article\",\"@id\":\"https:\\\/\\\/www.aclanester56.com\\\/velo\\\/belles-performances-des-cadets-lanesteriens-a-inguiniel-et-st-jean-villenard\\\/#article\",\"isPartOf\":{\"@id\":\"https:\\\/\\\/www.aclanester56.com\\\/velo\\\/belles-performances-des-cadets-lanesteriens-a-inguiniel-et-st-jean-villenard\\\/\"},\"author\":{\"name\":\"Jean-Christophe\",\"@id\":\"https:\\\/\\\/www.aclanester56.com\\\/velo\\\/#\\\/schema\\\/person\\\/ca2a44a5fd969e9dd846c72d3b33bc01\"},\"headline\":\"Belles performances des cadets lanest\u00e9riens \u00e0 Inguiniel et St Jean Villenard !\",\"datePublished\":\"2012-06-07T22:13:52+00:00\",\"dateModified\":\"2013-12-22T10:56:37+00:00\",\"mainEntityOfPage\":{\"@id\":\"https:\\\/\\\/www.aclanester56.com\\\/velo\\\/belles-performances-des-cadets-lanesteriens-a-inguiniel-et-st-jean-villenard\\\/\"},\"wordCount\":527,\"commentCount\":0,\"publisher\":{\"@id\":\"https:\\\/\\\/www.aclanester56.com\\\/velo\\\/#organization\"},\"image\":{\"@id\":\"https:\\\/\\\/www.aclanester56.com\\\/velo\\\/belles-performances-des-cadets-lanesteriens-a-inguiniel-et-st-jean-villenard\\\/#primaryimage\"},\"thumbnailUrl\":\"https:\\\/\\\/www.aclanester56.com\\\/velo\\\/wp-content\\\/uploads\\\/2012\\\/06\\\/Inguiniel-03-06-2012-073-Copie.jpg\",\"articleSection\":[\"AC LANESTER 56\",\"R\u00e9sultats\",\"R\u00e9sultats Cadets\"],\"inLanguage\":\"fr-FR\",\"potentialAction\":[{\"@type\":\"CommentAction\",\"name\":\"Comment\",\"target\":[\"https:\\\/\\\/www.aclanester56.com\\\/velo\\\/belles-performances-des-cadets-lanesteriens-a-inguiniel-et-st-jean-villenard\\\/#respond\"]}]},{\"@type\":\"WebPage\",\"@id\":\"https:\\\/\\\/www.aclanester56.com\\\/velo\\\/belles-performances-des-cadets-lanesteriens-a-inguiniel-et-st-jean-villenard\\\/\",\"url\":\"https:\\\/\\\/www.aclanester56.com\\\/velo\\\/belles-performances-des-cadets-lanesteriens-a-inguiniel-et-st-jean-villenard\\\/\",\"name\":\"Belles performances des cadets lanest\u00e9riens \u00e0 Inguiniel et St Jean Villenard ! - Avenir Cycliste Lanester 56\",\"isPartOf\":{\"@id\":\"https:\\\/\\\/www.aclanester56.com\\\/velo\\\/#website\"},\"primaryImageOfPage\":{\"@id\":\"https:\\\/\\\/www.aclanester56.com\\\/velo\\\/belles-performances-des-cadets-lanesteriens-a-inguiniel-et-st-jean-villenard\\\/#primaryimage\"},\"image\":{\"@id\":\"https:\\\/\\\/www.aclanester56.com\\\/velo\\\/belles-performances-des-cadets-lanesteriens-a-inguiniel-et-st-jean-villenard\\\/#primaryimage\"},\"thumbnailUrl\":\"https:\\\/\\\/www.aclanester56.com\\\/velo\\\/wp-content\\\/uploads\\\/2012\\\/06\\\/Inguiniel-03-06-2012-073-Copie.jpg\",\"datePublished\":\"2012-06-07T22:13:52+00:00\",\"dateModified\":\"2013-12-22T10:56:37+00:00\",\"inLanguage\":\"fr-FR\",\"potentialAction\":[{\"@type\":\"ReadAction\",\"target\":[\"https:\\\/\\\/www.aclanester56.com\\\/velo\\\/belles-performances-des-cadets-lanesteriens-a-inguiniel-et-st-jean-villenard\\\/\"]}]},{\"@type\":\"ImageObject\",\"inLanguage\":\"fr-FR\",\"@id\":\"https:\\\/\\\/www.aclanester56.com\\\/velo\\\/belles-performances-des-cadets-lanesteriens-a-inguiniel-et-st-jean-villenard\\\/#primaryimage\",\"url\":\"https:\\\/\\\/www.aclanester56.com\\\/velo\\\/wp-content\\\/uploads\\\/2012\\\/06\\\/Inguiniel-03-06-2012-073-Copie.jpg\",\"contentUrl\":\"https:\\\/\\\/www.aclanester56.com\\\/velo\\\/wp-content\\\/uploads\\\/2012\\\/06\\\/Inguiniel-03-06-2012-073-Copie.jpg\",\"width\":650,\"height\":300},{\"@type\":\"WebSite\",\"@id\":\"https:\\\/\\\/www.aclanester56.com\\\/velo\\\/#website\",\"url\":\"https:\\\/\\\/www.aclanester56.com\\\/velo\\\/\",\"name\":\"Avenir Cycliste Lanester 56\",\"description\":\"Club cycliste de l&#039;AC LANESTER 56\",\"publisher\":{\"@id\":\"https:\\\/\\\/www.aclanester56.com\\\/velo\\\/#organization\"},\"potentialAction\":[{\"@type\":\"SearchAction\",\"target\":{\"@type\":\"EntryPoint\",\"urlTemplate\":\"https:\\\/\\\/www.aclanester56.com\\\/velo\\\/?s={search_term_string}\"},\"query-input\":{\"@type\":\"PropertyValueSpecification\",\"valueRequired\":true,\"valueName\":\"search_term_string\"}}],\"inLanguage\":\"fr-FR\"},{\"@type\":\"Organization\",\"@id\":\"https:\\\/\\\/www.aclanester56.com\\\/velo\\\/#organization\",\"name\":\"Avenir Cycliste Lanester 56\",\"url\":\"https:\\\/\\\/www.aclanester56.com\\\/velo\\\/\",\"logo\":{\"@type\":\"ImageObject\",\"inLanguage\":\"fr-FR\",\"@id\":\"https:\\\/\\\/www.aclanester56.com\\\/velo\\\/#\\\/schema\\\/logo\\\/image\\\/\",\"url\":\"https:\\\/\\\/www.aclanester56.com\\\/velo\\\/wp-content\\\/uploads\\\/2013\\\/04\\\/logo-ACL.jpg\",\"contentUrl\":\"https:\\\/\\\/www.aclanester56.com\\\/velo\\\/wp-content\\\/uploads\\\/2013\\\/04\\\/logo-ACL.jpg\",\"width\":400,\"height\":334,\"caption\":\"Avenir Cycliste Lanester 56\"},\"image\":{\"@id\":\"https:\\\/\\\/www.aclanester56.com\\\/velo\\\/#\\\/schema\\\/logo\\\/image\\\/\"},\"sameAs\":[\"https:\\\/\\\/www.facebook.com\\\/pages\\\/AC-Lanester-56\\\/190286300991242?fref=ts\"]},{\"@type\":\"Person\",\"@id\":\"https:\\\/\\\/www.aclanester56.com\\\/velo\\\/#\\\/schema\\\/person\\\/ca2a44a5fd969e9dd846c72d3b33bc01\",\"name\":\"Jean-Christophe\",\"url\":\"https:\\\/\\\/www.aclanester56.com\\\/velo\\\/author\\\/jeanchristophe\\\/\"}]}<\/script>\n<!-- \/ Yoast SEO plugin. -->","yoast_head_json":{"title":"Belles performances des cadets lanest\u00e9riens \u00e0 Inguiniel et St Jean Villenard ! - Avenir Cycliste Lanester 56","robots":{"index":"index","follow":"follow","max-snippet":"max-snippet:-1","max-image-preview":"max-image-preview:large","max-video-preview":"max-video-preview:-1"},"canonical":"https:\/\/www.aclanester56.com\/velo\/belles-performances-des-cadets-lanesteriens-a-inguiniel-et-st-jean-villenard\/","og_locale":"fr_FR","og_type":"article","og_title":"Belles performances des cadets lanest\u00e9riens \u00e0 Inguiniel et St Jean Villenard ! - Avenir Cycliste Lanester 56","og_url":"https:\/\/www.aclanester56.com\/velo\/belles-performances-des-cadets-lanesteriens-a-inguiniel-et-st-jean-villenard\/","og_site_name":"Avenir Cycliste Lanester 56","article_publisher":"https:\/\/www.facebook.com\/pages\/AC-Lanester-56\/190286300991242?fref=ts","article_published_time":"2012-06-07T22:13:52+00:00","article_modified_time":"2013-12-22T10:56:37+00:00","og_image":[{"width":650,"height":300,"url":"https:\/\/www.aclanester56.com\/velo\/wp-content\/uploads\/2012\/06\/Inguiniel-03-06-2012-073-Copie.jpg","type":"image\/jpeg"}],"author":"Jean-Christophe","twitter_misc":{"\u00c9crit par":"Jean-Christophe","Dur\u00e9e de lecture estim\u00e9e":"3 minutes"},"schema":{"@context":"https:\/\/schema.org","@graph":[{"@type":"Article","@id":"https:\/\/www.aclanester56.com\/velo\/belles-performances-des-cadets-lanesteriens-a-inguiniel-et-st-jean-villenard\/#article","isPartOf":{"@id":"https:\/\/www.aclanester56.com\/velo\/belles-performances-des-cadets-lanesteriens-a-inguiniel-et-st-jean-villenard\/"},"author":{"name":"Jean-Christophe","@id":"https:\/\/www.aclanester56.com\/velo\/#\/schema\/person\/ca2a44a5fd969e9dd846c72d3b33bc01"},"headline":"Belles performances des cadets lanest\u00e9riens \u00e0 Inguiniel et St Jean Villenard !","datePublished":"2012-06-07T22:13:52+00:00","dateModified":"2013-12-22T10:56:37+00:00","mainEntityOfPage":{"@id":"https:\/\/www.aclanester56.com\/velo\/belles-performances-des-cadets-lanesteriens-a-inguiniel-et-st-jean-villenard\/"},"wordCount":527,"commentCount":0,"publisher":{"@id":"https:\/\/www.aclanester56.com\/velo\/#organization"},"image":{"@id":"https:\/\/www.aclanester56.com\/velo\/belles-performances-des-cadets-lanesteriens-a-inguiniel-et-st-jean-villenard\/#primaryimage"},"thumbnailUrl":"https:\/\/www.aclanester56.com\/velo\/wp-content\/uploads\/2012\/06\/Inguiniel-03-06-2012-073-Copie.jpg","articleSection":["AC LANESTER 56","R\u00e9sultats","R\u00e9sultats Cadets"],"inLanguage":"fr-FR","potentialAction":[{"@type":"CommentAction","name":"Comment","target":["https:\/\/www.aclanester56.com\/velo\/belles-performances-des-cadets-lanesteriens-a-inguiniel-et-st-jean-villenard\/#respond"]}]},{"@type":"WebPage","@id":"https:\/\/www.aclanester56.com\/velo\/belles-performances-des-cadets-lanesteriens-a-inguiniel-et-st-jean-villenard\/","url":"https:\/\/www.aclanester56.com\/velo\/belles-performances-des-cadets-lanesteriens-a-inguiniel-et-st-jean-villenard\/","name":"Belles performances des cadets lanest\u00e9riens \u00e0 Inguiniel et St Jean Villenard ! - Avenir Cycliste Lanester 56","isPartOf":{"@id":"https:\/\/www.aclanester56.com\/velo\/#website"},"primaryImageOfPage":{"@id":"https:\/\/www.aclanester56.com\/velo\/belles-performances-des-cadets-lanesteriens-a-inguiniel-et-st-jean-villenard\/#primaryimage"},"image":{"@id":"https:\/\/www.aclanester56.com\/velo\/belles-performances-des-cadets-lanesteriens-a-inguiniel-et-st-jean-villenard\/#primaryimage"},"thumbnailUrl":"https:\/\/www.aclanester56.com\/velo\/wp-content\/uploads\/2012\/06\/Inguiniel-03-06-2012-073-Copie.jpg","datePublished":"2012-06-07T22:13:52+00:00","dateModified":"2013-12-22T10:56:37+00:00","inLanguage":"fr-FR","potentialAction":[{"@type":"ReadAction","target":["https:\/\/www.aclanester56.com\/velo\/belles-performances-des-cadets-lanesteriens-a-inguiniel-et-st-jean-villenard\/"]}]},{"@type":"ImageObject","inLanguage":"fr-FR","@id":"https:\/\/www.aclanester56.com\/velo\/belles-performances-des-cadets-lanesteriens-a-inguiniel-et-st-jean-villenard\/#primaryimage","url":"https:\/\/www.aclanester56.com\/velo\/wp-content\/uploads\/2012\/06\/Inguiniel-03-06-2012-073-Copie.jpg","contentUrl":"https:\/\/www.aclanester56.com\/velo\/wp-content\/uploads\/2012\/06\/Inguiniel-03-06-2012-073-Copie.jpg","width":650,"height":300},{"@type":"WebSite","@id":"https:\/\/www.aclanester56.com\/velo\/#website","url":"https:\/\/www.aclanester56.com\/velo\/","name":"Avenir Cycliste Lanester 56","description":"Club cycliste de l&#039;AC LANESTER 56","publisher":{"@id":"https:\/\/www.aclanester56.com\/velo\/#organization"},"potentialAction":[{"@type":"SearchAction","target":{"@type":"EntryPoint","urlTemplate":"https:\/\/www.aclanester56.com\/velo\/?s={search_term_string}"},"query-input":{"@type":"PropertyValueSpecification","valueRequired":true,"valueName":"search_term_string"}}],"inLanguage":"fr-FR"},{"@type":"Organization","@id":"https:\/\/www.aclanester56.com\/velo\/#organization","name":"Avenir Cycliste Lanester 56","url":"https:\/\/www.aclanester56.com\/velo\/","logo":{"@type":"ImageObject","inLanguage":"fr-FR","@id":"https:\/\/www.aclanester56.com\/velo\/#\/schema\/logo\/image\/","url":"https:\/\/www.aclanester56.com\/velo\/wp-content\/uploads\/2013\/04\/logo-ACL.jpg","contentUrl":"https:\/\/www.aclanester56.com\/velo\/wp-content\/uploads\/2013\/04\/logo-ACL.jpg","width":400,"height":334,"caption":"Avenir Cycliste Lanester 56"},"image":{"@id":"https:\/\/www.aclanester56.com\/velo\/#\/schema\/logo\/image\/"},"sameAs":["https:\/\/www.facebook.com\/pages\/AC-Lanester-56\/190286300991242?fref=ts"]},{"@type":"Person","@id":"https:\/\/www.aclanester56.com\/velo\/#\/schema\/person\/ca2a44a5fd969e9dd846c72d3b33bc01","name":"Jean-Christophe","url":"https:\/\/www.aclanester56.com\/velo\/author\/jeanchristophe\/"}]}},"_links":{"self":[{"href":"https:\/\/www.aclanester56.com\/velo\/wp-json\/wp\/v2\/posts\/12432","targetHints":{"allow":["GET"]}}],"collection":[{"href":"https:\/\/www.aclanester56.com\/velo\/wp-json\/wp\/v2\/posts"}],"about":[{"href":"https:\/\/www.aclanester56.com\/velo\/wp-json\/wp\/v2\/types\/post"}],"author":[{"embeddable":true,"href":"https:\/\/www.aclanester56.com\/velo\/wp-json\/wp\/v2\/users\/14"}],"replies":[{"embeddable":true,"href":"https:\/\/www.aclanester56.com\/velo\/wp-json\/wp\/v2\/comments?post=12432"}],"version-history":[{"count":0,"href":"https:\/\/www.aclanester56.com\/velo\/wp-json\/wp\/v2\/posts\/12432\/revisions"}],"wp:featuredmedia":[{"embeddable":true,"href":"https:\/\/www.aclanester56.com\/velo\/wp-json\/wp\/v2\/media\/12450"}],"wp:attachment":[{"href":"https:\/\/www.aclanester56.com\/velo\/wp-json\/wp\/v2\/media?parent=12432"}],"wp:term":[{"taxonomy":"category","embeddable":true,"href":"https:\/\/www.aclanester56.com\/velo\/wp-json\/wp\/v2\/categories?post=12432"},{"taxonomy":"post_tag","embeddable":true,"href":"https:\/\/www.aclanester56.com\/velo\/wp-json\/wp\/v2\/tags?post=12432"}],"curies":[{"name":"wp","href":"https:\/\/api.w.org\/{rel}","templated":true}]}}