{"id":12564,"date":"2012-06-25T07:34:33","date_gmt":"2012-06-25T06:34:33","guid":{"rendered":"http:\/\/www.aclanester56.com\/velo\/?p=12564"},"modified":"2013-12-22T12:52:06","modified_gmt":"2013-12-22T10:52:06","slug":"le-circuit-du-grand-prix-de-la-ville-de-lanester-se-devoile","status":"publish","type":"post","link":"https:\/\/www.aclanester56.com\/velo\/le-circuit-du-grand-prix-de-la-ville-de-lanester-se-devoile\/","title":{"rendered":"Le circuit du Grand Prix de la ville de Lanester se d\u00e9voile"},"content":{"rendered":"<p style=\"text-align: justify;\">\u00a0<!--more--><\/p>\n<p style=\"text-align: justify;\">Alors que nous vous d\u00e9voilerons ce soir la liste des engag\u00e9s de laquelle une pl\u00e9iade de favoris se d\u00e9gagent, nous vous proposons de d\u00e9couvrir le circuit du Grand Prix Cycliste de la Ville de Lanester !<\/p>\n<p style=\"text-align: justify;\">\u00a0Le circuit est identique \u00e0 celui de l&rsquo;an pass\u00e9. C&rsquo;est un circuit tr\u00e8s rapide, devenant usant au fil des tours, avec une belle et large ligne droite pour l&rsquo;arriv\u00e9e. Le d\u00e9part sera donn\u00e9 \u00e0 19h30 depuis la rue Fran\u00e7ois Mitterrand et les coureurs devront parcourir 32 tours de 3.100 km pour un total de 99.2 kms<\/p>\n<p style=\"text-align: justify;\">Le parcours au format pdf c&rsquo;est ici\u00a0 <a title=\"Grand Prix de la Ville de Lanester 2012\" href=\"http:\/\/www.aclanester56.com\/velo\/wp-content\/uploads\/2012\/06\/GP-CYCLISTE-LANESTER-CIRCUIT-2012-ME.pdf\" target=\"_blank\">GP CYCLISTE LANESTER CIRCUIT 2012<\/a><\/p>\n<p style=\"text-align: justify;\">\u00a0<\/p>\n<p style=\"text-align: justify;\">\u00a0<\/p>\n<p style=\"text-align: justify;\">\u00a0<\/p>\n","protected":false},"excerpt":{"rendered":"<p>\u00a0<\/p>\n","protected":false},"author":14,"featured_media":12632,"comment_status":"open","ping_status":"closed","sticky":false,"template":"","format":"standard","meta":{"ngg_post_thumbnail":0,"footnotes":""},"categories":[5,9,7],"tags":[],"class_list":["post-12564","post","type-post","status-publish","format-standard","has-post-thumbnail","hentry","category-ac-lanester-56","category-gp-de-la-ville","category-organisations"],"yoast_head":"<!-- This site is optimized with the Yoast SEO plugin v27.5 - https:\/\/yoast.com\/product\/yoast-seo-wordpress\/ -->\n<title>Le circuit du Grand Prix de la ville de Lanester se d\u00e9voile - Avenir Cycliste Lanester 56<\/title>\n<meta name=\"robots\" content=\"index, follow, max-snippet:-1, max-image-preview:large, max-video-preview:-1\" \/>\n<link rel=\"canonical\" href=\"https:\/\/www.aclanester56.com\/velo\/le-circuit-du-grand-prix-de-la-ville-de-lanester-se-devoile\/\" \/>\n<meta property=\"og:locale\" content=\"fr_FR\" \/>\n<meta property=\"og:type\" content=\"article\" \/>\n<meta property=\"og:title\" content=\"Le circuit du Grand Prix de la ville de Lanester se d\u00e9voile - Avenir Cycliste Lanester 56\" \/>\n<meta property=\"og:description\" content=\"\u00a0\" \/>\n<meta property=\"og:url\" content=\"https:\/\/www.aclanester56.com\/velo\/le-circuit-du-grand-prix-de-la-ville-de-lanester-se-devoile\/\" \/>\n<meta property=\"og:site_name\" content=\"Avenir Cycliste Lanester 56\" \/>\n<meta property=\"article:publisher\" content=\"https:\/\/www.facebook.com\/pages\/AC-Lanester-56\/190286300991242?fref=ts\" \/>\n<meta property=\"article:published_time\" content=\"2012-06-25T06:34:33+00:00\" \/>\n<meta property=\"article:modified_time\" content=\"2013-12-22T10:52:06+00:00\" \/>\n<meta property=\"og:image\" content=\"https:\/\/www.aclanester56.com\/velo\/wp-content\/uploads\/2012\/06\/GPV2009_010-Copie.jpg\" \/>\n\t<meta property=\"og:image:width\" content=\"650\" \/>\n\t<meta property=\"og:image:height\" content=\"300\" \/>\n\t<meta property=\"og:image:type\" content=\"image\/jpeg\" \/>\n<meta name=\"author\" content=\"Jean-Christophe\" \/>\n<meta name=\"twitter:label1\" content=\"\u00c9crit par\" \/>\n\t<meta name=\"twitter:data1\" content=\"Jean-Christophe\" \/>\n\t<meta name=\"twitter:label2\" content=\"Dur\u00e9e de lecture estim\u00e9e\" \/>\n\t<meta name=\"twitter:data2\" content=\"1 minute\" \/>\n<script type=\"application\/ld+json\" class=\"yoast-schema-graph\">{\"@context\":\"https:\\\/\\\/schema.org\",\"@graph\":[{\"@type\":\"Article\",\"@id\":\"https:\\\/\\\/www.aclanester56.com\\\/velo\\\/le-circuit-du-grand-prix-de-la-ville-de-lanester-se-devoile\\\/#article\",\"isPartOf\":{\"@id\":\"https:\\\/\\\/www.aclanester56.com\\\/velo\\\/le-circuit-du-grand-prix-de-la-ville-de-lanester-se-devoile\\\/\"},\"author\":{\"name\":\"Jean-Christophe\",\"@id\":\"https:\\\/\\\/www.aclanester56.com\\\/velo\\\/#\\\/schema\\\/person\\\/ca2a44a5fd969e9dd846c72d3b33bc01\"},\"headline\":\"Le circuit du Grand Prix de la ville de Lanester se d\u00e9voile\",\"datePublished\":\"2012-06-25T06:34:33+00:00\",\"dateModified\":\"2013-12-22T10:52:06+00:00\",\"mainEntityOfPage\":{\"@id\":\"https:\\\/\\\/www.aclanester56.com\\\/velo\\\/le-circuit-du-grand-prix-de-la-ville-de-lanester-se-devoile\\\/\"},\"wordCount\":119,\"commentCount\":0,\"publisher\":{\"@id\":\"https:\\\/\\\/www.aclanester56.com\\\/velo\\\/#organization\"},\"image\":{\"@id\":\"https:\\\/\\\/www.aclanester56.com\\\/velo\\\/le-circuit-du-grand-prix-de-la-ville-de-lanester-se-devoile\\\/#primaryimage\"},\"thumbnailUrl\":\"https:\\\/\\\/www.aclanester56.com\\\/velo\\\/wp-content\\\/uploads\\\/2012\\\/06\\\/GPV2009_010-Copie.jpg\",\"articleSection\":[\"AC LANESTER 56\",\"Le GP de la Ville\",\"Les organisations\"],\"inLanguage\":\"fr-FR\",\"potentialAction\":[{\"@type\":\"CommentAction\",\"name\":\"Comment\",\"target\":[\"https:\\\/\\\/www.aclanester56.com\\\/velo\\\/le-circuit-du-grand-prix-de-la-ville-de-lanester-se-devoile\\\/#respond\"]}]},{\"@type\":\"WebPage\",\"@id\":\"https:\\\/\\\/www.aclanester56.com\\\/velo\\\/le-circuit-du-grand-prix-de-la-ville-de-lanester-se-devoile\\\/\",\"url\":\"https:\\\/\\\/www.aclanester56.com\\\/velo\\\/le-circuit-du-grand-prix-de-la-ville-de-lanester-se-devoile\\\/\",\"name\":\"Le circuit du Grand Prix de la ville de Lanester se d\u00e9voile - Avenir Cycliste Lanester 56\",\"isPartOf\":{\"@id\":\"https:\\\/\\\/www.aclanester56.com\\\/velo\\\/#website\"},\"primaryImageOfPage\":{\"@id\":\"https:\\\/\\\/www.aclanester56.com\\\/velo\\\/le-circuit-du-grand-prix-de-la-ville-de-lanester-se-devoile\\\/#primaryimage\"},\"image\":{\"@id\":\"https:\\\/\\\/www.aclanester56.com\\\/velo\\\/le-circuit-du-grand-prix-de-la-ville-de-lanester-se-devoile\\\/#primaryimage\"},\"thumbnailUrl\":\"https:\\\/\\\/www.aclanester56.com\\\/velo\\\/wp-content\\\/uploads\\\/2012\\\/06\\\/GPV2009_010-Copie.jpg\",\"datePublished\":\"2012-06-25T06:34:33+00:00\",\"dateModified\":\"2013-12-22T10:52:06+00:00\",\"inLanguage\":\"fr-FR\",\"potentialAction\":[{\"@type\":\"ReadAction\",\"target\":[\"https:\\\/\\\/www.aclanester56.com\\\/velo\\\/le-circuit-du-grand-prix-de-la-ville-de-lanester-se-devoile\\\/\"]}]},{\"@type\":\"ImageObject\",\"inLanguage\":\"fr-FR\",\"@id\":\"https:\\\/\\\/www.aclanester56.com\\\/velo\\\/le-circuit-du-grand-prix-de-la-ville-de-lanester-se-devoile\\\/#primaryimage\",\"url\":\"https:\\\/\\\/www.aclanester56.com\\\/velo\\\/wp-content\\\/uploads\\\/2012\\\/06\\\/GPV2009_010-Copie.jpg\",\"contentUrl\":\"https:\\\/\\\/www.aclanester56.com\\\/velo\\\/wp-content\\\/uploads\\\/2012\\\/06\\\/GPV2009_010-Copie.jpg\",\"width\":650,\"height\":300},{\"@type\":\"WebSite\",\"@id\":\"https:\\\/\\\/www.aclanester56.com\\\/velo\\\/#website\",\"url\":\"https:\\\/\\\/www.aclanester56.com\\\/velo\\\/\",\"name\":\"Avenir Cycliste Lanester 56\",\"description\":\"Club cycliste de l&#039;AC LANESTER 56\",\"publisher\":{\"@id\":\"https:\\\/\\\/www.aclanester56.com\\\/velo\\\/#organization\"},\"potentialAction\":[{\"@type\":\"SearchAction\",\"target\":{\"@type\":\"EntryPoint\",\"urlTemplate\":\"https:\\\/\\\/www.aclanester56.com\\\/velo\\\/?s={search_term_string}\"},\"query-input\":{\"@type\":\"PropertyValueSpecification\",\"valueRequired\":true,\"valueName\":\"search_term_string\"}}],\"inLanguage\":\"fr-FR\"},{\"@type\":\"Organization\",\"@id\":\"https:\\\/\\\/www.aclanester56.com\\\/velo\\\/#organization\",\"name\":\"Avenir Cycliste Lanester 56\",\"url\":\"https:\\\/\\\/www.aclanester56.com\\\/velo\\\/\",\"logo\":{\"@type\":\"ImageObject\",\"inLanguage\":\"fr-FR\",\"@id\":\"https:\\\/\\\/www.aclanester56.com\\\/velo\\\/#\\\/schema\\\/logo\\\/image\\\/\",\"url\":\"https:\\\/\\\/www.aclanester56.com\\\/velo\\\/wp-content\\\/uploads\\\/2013\\\/04\\\/logo-ACL.jpg\",\"contentUrl\":\"https:\\\/\\\/www.aclanester56.com\\\/velo\\\/wp-content\\\/uploads\\\/2013\\\/04\\\/logo-ACL.jpg\",\"width\":400,\"height\":334,\"caption\":\"Avenir Cycliste Lanester 56\"},\"image\":{\"@id\":\"https:\\\/\\\/www.aclanester56.com\\\/velo\\\/#\\\/schema\\\/logo\\\/image\\\/\"},\"sameAs\":[\"https:\\\/\\\/www.facebook.com\\\/pages\\\/AC-Lanester-56\\\/190286300991242?fref=ts\"]},{\"@type\":\"Person\",\"@id\":\"https:\\\/\\\/www.aclanester56.com\\\/velo\\\/#\\\/schema\\\/person\\\/ca2a44a5fd969e9dd846c72d3b33bc01\",\"name\":\"Jean-Christophe\",\"url\":\"https:\\\/\\\/www.aclanester56.com\\\/velo\\\/author\\\/jeanchristophe\\\/\"}]}<\/script>\n<!-- \/ Yoast SEO plugin. -->","yoast_head_json":{"title":"Le circuit du Grand Prix de la ville de Lanester se d\u00e9voile - Avenir Cycliste Lanester 56","robots":{"index":"index","follow":"follow","max-snippet":"max-snippet:-1","max-image-preview":"max-image-preview:large","max-video-preview":"max-video-preview:-1"},"canonical":"https:\/\/www.aclanester56.com\/velo\/le-circuit-du-grand-prix-de-la-ville-de-lanester-se-devoile\/","og_locale":"fr_FR","og_type":"article","og_title":"Le circuit du Grand Prix de la ville de Lanester se d\u00e9voile - Avenir Cycliste Lanester 56","og_description":"\u00a0","og_url":"https:\/\/www.aclanester56.com\/velo\/le-circuit-du-grand-prix-de-la-ville-de-lanester-se-devoile\/","og_site_name":"Avenir Cycliste Lanester 56","article_publisher":"https:\/\/www.facebook.com\/pages\/AC-Lanester-56\/190286300991242?fref=ts","article_published_time":"2012-06-25T06:34:33+00:00","article_modified_time":"2013-12-22T10:52:06+00:00","og_image":[{"width":650,"height":300,"url":"https:\/\/www.aclanester56.com\/velo\/wp-content\/uploads\/2012\/06\/GPV2009_010-Copie.jpg","type":"image\/jpeg"}],"author":"Jean-Christophe","twitter_misc":{"\u00c9crit par":"Jean-Christophe","Dur\u00e9e de lecture estim\u00e9e":"1 minute"},"schema":{"@context":"https:\/\/schema.org","@graph":[{"@type":"Article","@id":"https:\/\/www.aclanester56.com\/velo\/le-circuit-du-grand-prix-de-la-ville-de-lanester-se-devoile\/#article","isPartOf":{"@id":"https:\/\/www.aclanester56.com\/velo\/le-circuit-du-grand-prix-de-la-ville-de-lanester-se-devoile\/"},"author":{"name":"Jean-Christophe","@id":"https:\/\/www.aclanester56.com\/velo\/#\/schema\/person\/ca2a44a5fd969e9dd846c72d3b33bc01"},"headline":"Le circuit du Grand Prix de la ville de Lanester se d\u00e9voile","datePublished":"2012-06-25T06:34:33+00:00","dateModified":"2013-12-22T10:52:06+00:00","mainEntityOfPage":{"@id":"https:\/\/www.aclanester56.com\/velo\/le-circuit-du-grand-prix-de-la-ville-de-lanester-se-devoile\/"},"wordCount":119,"commentCount":0,"publisher":{"@id":"https:\/\/www.aclanester56.com\/velo\/#organization"},"image":{"@id":"https:\/\/www.aclanester56.com\/velo\/le-circuit-du-grand-prix-de-la-ville-de-lanester-se-devoile\/#primaryimage"},"thumbnailUrl":"https:\/\/www.aclanester56.com\/velo\/wp-content\/uploads\/2012\/06\/GPV2009_010-Copie.jpg","articleSection":["AC LANESTER 56","Le GP de la Ville","Les organisations"],"inLanguage":"fr-FR","potentialAction":[{"@type":"CommentAction","name":"Comment","target":["https:\/\/www.aclanester56.com\/velo\/le-circuit-du-grand-prix-de-la-ville-de-lanester-se-devoile\/#respond"]}]},{"@type":"WebPage","@id":"https:\/\/www.aclanester56.com\/velo\/le-circuit-du-grand-prix-de-la-ville-de-lanester-se-devoile\/","url":"https:\/\/www.aclanester56.com\/velo\/le-circuit-du-grand-prix-de-la-ville-de-lanester-se-devoile\/","name":"Le circuit du Grand Prix de la ville de Lanester se d\u00e9voile - Avenir Cycliste Lanester 56","isPartOf":{"@id":"https:\/\/www.aclanester56.com\/velo\/#website"},"primaryImageOfPage":{"@id":"https:\/\/www.aclanester56.com\/velo\/le-circuit-du-grand-prix-de-la-ville-de-lanester-se-devoile\/#primaryimage"},"image":{"@id":"https:\/\/www.aclanester56.com\/velo\/le-circuit-du-grand-prix-de-la-ville-de-lanester-se-devoile\/#primaryimage"},"thumbnailUrl":"https:\/\/www.aclanester56.com\/velo\/wp-content\/uploads\/2012\/06\/GPV2009_010-Copie.jpg","datePublished":"2012-06-25T06:34:33+00:00","dateModified":"2013-12-22T10:52:06+00:00","inLanguage":"fr-FR","potentialAction":[{"@type":"ReadAction","target":["https:\/\/www.aclanester56.com\/velo\/le-circuit-du-grand-prix-de-la-ville-de-lanester-se-devoile\/"]}]},{"@type":"ImageObject","inLanguage":"fr-FR","@id":"https:\/\/www.aclanester56.com\/velo\/le-circuit-du-grand-prix-de-la-ville-de-lanester-se-devoile\/#primaryimage","url":"https:\/\/www.aclanester56.com\/velo\/wp-content\/uploads\/2012\/06\/GPV2009_010-Copie.jpg","contentUrl":"https:\/\/www.aclanester56.com\/velo\/wp-content\/uploads\/2012\/06\/GPV2009_010-Copie.jpg","width":650,"height":300},{"@type":"WebSite","@id":"https:\/\/www.aclanester56.com\/velo\/#website","url":"https:\/\/www.aclanester56.com\/velo\/","name":"Avenir Cycliste Lanester 56","description":"Club cycliste de l&#039;AC LANESTER 56","publisher":{"@id":"https:\/\/www.aclanester56.com\/velo\/#organization"},"potentialAction":[{"@type":"SearchAction","target":{"@type":"EntryPoint","urlTemplate":"https:\/\/www.aclanester56.com\/velo\/?s={search_term_string}"},"query-input":{"@type":"PropertyValueSpecification","valueRequired":true,"valueName":"search_term_string"}}],"inLanguage":"fr-FR"},{"@type":"Organization","@id":"https:\/\/www.aclanester56.com\/velo\/#organization","name":"Avenir Cycliste Lanester 56","url":"https:\/\/www.aclanester56.com\/velo\/","logo":{"@type":"ImageObject","inLanguage":"fr-FR","@id":"https:\/\/www.aclanester56.com\/velo\/#\/schema\/logo\/image\/","url":"https:\/\/www.aclanester56.com\/velo\/wp-content\/uploads\/2013\/04\/logo-ACL.jpg","contentUrl":"https:\/\/www.aclanester56.com\/velo\/wp-content\/uploads\/2013\/04\/logo-ACL.jpg","width":400,"height":334,"caption":"Avenir Cycliste Lanester 56"},"image":{"@id":"https:\/\/www.aclanester56.com\/velo\/#\/schema\/logo\/image\/"},"sameAs":["https:\/\/www.facebook.com\/pages\/AC-Lanester-56\/190286300991242?fref=ts"]},{"@type":"Person","@id":"https:\/\/www.aclanester56.com\/velo\/#\/schema\/person\/ca2a44a5fd969e9dd846c72d3b33bc01","name":"Jean-Christophe","url":"https:\/\/www.aclanester56.com\/velo\/author\/jeanchristophe\/"}]}},"_links":{"self":[{"href":"https:\/\/www.aclanester56.com\/velo\/wp-json\/wp\/v2\/posts\/12564","targetHints":{"allow":["GET"]}}],"collection":[{"href":"https:\/\/www.aclanester56.com\/velo\/wp-json\/wp\/v2\/posts"}],"about":[{"href":"https:\/\/www.aclanester56.com\/velo\/wp-json\/wp\/v2\/types\/post"}],"author":[{"embeddable":true,"href":"https:\/\/www.aclanester56.com\/velo\/wp-json\/wp\/v2\/users\/14"}],"replies":[{"embeddable":true,"href":"https:\/\/www.aclanester56.com\/velo\/wp-json\/wp\/v2\/comments?post=12564"}],"version-history":[{"count":0,"href":"https:\/\/www.aclanester56.com\/velo\/wp-json\/wp\/v2\/posts\/12564\/revisions"}],"wp:featuredmedia":[{"embeddable":true,"href":"https:\/\/www.aclanester56.com\/velo\/wp-json\/wp\/v2\/media\/12632"}],"wp:attachment":[{"href":"https:\/\/www.aclanester56.com\/velo\/wp-json\/wp\/v2\/media?parent=12564"}],"wp:term":[{"taxonomy":"category","embeddable":true,"href":"https:\/\/www.aclanester56.com\/velo\/wp-json\/wp\/v2\/categories?post=12564"},{"taxonomy":"post_tag","embeddable":true,"href":"https:\/\/www.aclanester56.com\/velo\/wp-json\/wp\/v2\/tags?post=12564"}],"curies":[{"name":"wp","href":"https:\/\/api.w.org\/{rel}","templated":true}]}}