{"id":12683,"date":"2012-06-30T07:45:15","date_gmt":"2012-06-30T06:45:15","guid":{"rendered":"http:\/\/www.aclanester56.com\/velo\/?p=12683"},"modified":"2013-12-22T12:51:02","modified_gmt":"2013-12-22T10:51:02","slug":"yoann-selo-vice-champion-du-morbihan-cadets-sur-route","status":"publish","type":"post","link":"https:\/\/www.aclanester56.com\/velo\/yoann-selo-vice-champion-du-morbihan-cadets-sur-route\/","title":{"rendered":"Yoann S\u00e9lo vice-champion du Morbihan cadets sur route !"},"content":{"rendered":"<p style=\"text-align: justify;\"><!--more--><\/p>\n<p style=\"text-align: justify;\">Les championnats du Morbihan de l&rsquo;Avenir se sont d\u00e9roul\u00e9s dimanche dernier \u00e0 Bignan. Sous la pluie, les minimes, cadets et juniors se sont disput\u00e9s les titres d\u00e9partementaux sur un circuit exigeant. Chez les cadets, Yoann S\u00e9lo prend une tr\u00e8s belle 2\u00e8me place !<\/p>\n<p>&nbsp;<\/p>\n<div id=\"attachment_12695\" style=\"width: 260px\" class=\"wp-caption alignright\"><a href=\"http:\/\/www.aclanester56.com\/velo\/wp-content\/uploads\/2012\/07\/IMG_6072-536x600.jpg\"><img loading=\"lazy\" decoding=\"async\" aria-describedby=\"caption-attachment-12695\" class=\"size-large wp-image-12695\" title=\"Sous des trombes d'eau, le Lanest\u00e9rien Victor Le Crom termine 41\u00e8me du championnat du Morbihan \u00e0 Bignan (photo Murielle Lhumeau)\" alt=\"\" src=\"http:\/\/www.aclanester56.com\/velo\/wp-content\/uploads\/2012\/07\/IMG_6072-536x600.jpg\" width=\"250\" height=\"280\" srcset=\"https:\/\/www.aclanester56.com\/velo\/wp-content\/uploads\/2012\/07\/IMG_6072-536x600.jpg 536w, https:\/\/www.aclanester56.com\/velo\/wp-content\/uploads\/2012\/07\/IMG_6072-268x300.jpg 268w, https:\/\/www.aclanester56.com\/velo\/wp-content\/uploads\/2012\/07\/IMG_6072.jpg 671w\" sizes=\"auto, (max-width: 250px) 100vw, 250px\" \/><\/a><p id=\"caption-attachment-12695\" class=\"wp-caption-text\">Sous des trombes d&rsquo;eau, le Lanest\u00e9rien Victor Le Crom termine 41\u00e8me du championnat du Morbihan \u00e0 Bignan (photo Murielle Lhumeau)<\/p><\/div>\n<p>\u00a0<br \/> \u00a0<br \/> \u00a0<br \/> \u00a0<br \/> \u00a0<br \/> \u00a0<br \/> \u00a0<br \/> \u00a0<br \/> \u00a0<br \/> \u00a0<\/p>\n<p>&nbsp;<\/p>\n<p>&nbsp;<\/p>\n<p style=\"text-align: justify;\"><span style=\"color: #ff6600;\"><strong>Minimes : le premier championnat de Victor\u00a0<\/strong><\/span><\/p>\n<p style=\"text-align: justify;\">Dans la cat\u00e9gorie des minimes, le Lanest\u00e9rien Victor Le Crom termine 41\u00e8me de ce championnat du Morbihan remport\u00e9 par le Baldivien Baltenweck. Victor d\u00e9bute le v\u00e9lo et montre d\u00e9j\u00e0 de belles dispositions. Il va progresser et rapidement se rapprocher des podiums.<\/p>\n<div id=\"attachment_12703\" style=\"width: 410px\" class=\"wp-caption alignleft\"><a href=\"http:\/\/www.aclanester56.com\/velo\/wp-content\/uploads\/2012\/07\/peloton-800x595.jpg\"><img loading=\"lazy\" decoding=\"async\" aria-describedby=\"caption-attachment-12703\" class=\"size-large wp-image-12703\" title=\"Les Lanest\u00e9riens, avec ici Nicolas Primas, Maxime Lannurien et K\u00e9vin Le Gal, ont bien anim\u00e9 la course (photo Marion Denis)\" alt=\"\" src=\"http:\/\/www.aclanester56.com\/velo\/wp-content\/uploads\/2012\/07\/peloton-800x595.jpg\" width=\"400\" height=\"296\" \/><\/a><p id=\"caption-attachment-12703\" class=\"wp-caption-text\">Les Lanest\u00e9riens, avec ici Nicolas Primas, Maxime Lannurien et K\u00e9vin Le Gal, ont bien anim\u00e9 la course (photo Marion Denis)<\/p><\/div>\n<p>\u00a0<br \/> \u00a0<\/p>\n<p style=\"text-align: justify;\"><span style=\"color: #ff6600;\"><strong>Cadets : les jeunes Lanest\u00e9riens grands animateurs du championnat<\/strong><\/span><\/p>\n<p style=\"text-align: justify;\">Chez les cadets, l&rsquo;AC Lanester 56 \u00e9tait repr\u00e9sent\u00e9 par 13 coureurs. Denis Barguil, entra\u00eeneur\u00a0des cadets, \u00a0avait mis en place une tactique pour durcir la course. Yoann S\u00e9lo et Thomas Denis, qui \u00e9taient d\u00e9ja retenus pour le championnat de Bretagne (et France Piste pour Thomas) ont durci la course. Les attaques se sont succ\u00e9d\u00e9es et \u00e0 chaque fois les coureurs de l&rsquo;AC Lanester 56 en \u00e9taient \u00e0 l&rsquo;origine.\u00a0Au final, une \u00e9chapp\u00e9e de trois coureurs avec Yoann S\u00e9lo parvient \u00e0 se d\u00e9tacher. Yoann \u00e9tait tr\u00e8s fort, mais malgr\u00e9 plusieurs attaques dans le dernier tour, il n&rsquo;a pas r\u00e9ussi \u00e0 l\u00e2cher le rapide Pontivyen Dylan Bauthamy et devra se contenter de la seconde place.<\/p>\n<div id=\"attachment_12708\" style=\"width: 410px\" class=\"wp-caption alignright\"><a href=\"http:\/\/www.aclanester56.com\/velo\/wp-content\/uploads\/2012\/07\/Loic-Le-Barbier-2-800x595.jpg\"><img loading=\"lazy\" decoding=\"async\" aria-describedby=\"caption-attachment-12708\" class=\"size-large wp-image-12708\" title=\"Loic Le Barbier a r\u00e9alis\u00e9 une belle fin de course pour prendre la 7\u00e8me place, synonyme de qualification pour le championnat de Bretagne ! (photo Marion Denis)\" alt=\"\" src=\"http:\/\/www.aclanester56.com\/velo\/wp-content\/uploads\/2012\/07\/Loic-Le-Barbier-2-800x595.jpg\" width=\"400\" height=\"298\" srcset=\"https:\/\/www.aclanester56.com\/velo\/wp-content\/uploads\/2012\/07\/Loic-Le-Barbier-2-800x595.jpg 800w, https:\/\/www.aclanester56.com\/velo\/wp-content\/uploads\/2012\/07\/Loic-Le-Barbier-2-300x223.jpg 300w, https:\/\/www.aclanester56.com\/velo\/wp-content\/uploads\/2012\/07\/Loic-Le-Barbier-2-402x300.jpg 402w, https:\/\/www.aclanester56.com\/velo\/wp-content\/uploads\/2012\/07\/Loic-Le-Barbier-2.jpg 900w\" sizes=\"auto, (max-width: 400px) 100vw, 400px\" \/><\/a><p id=\"caption-attachment-12708\" class=\"wp-caption-text\">Loic Le Barbier a r\u00e9alis\u00e9 une belle fin de course pour prendre la 7\u00e8me place, synonyme de qualification pour le championnat de Bretagne ! (photo Marion Denis)<\/p><\/div>\n<p> \u00a0<br \/> \u00a0<\/p>\n<p style=\"text-align: justify;\"><span style=\"color: #ff6600;\"><strong>Huit cadets s\u00e9lectionn\u00e9s pour le championnat de Bretagne<\/strong><\/span><\/p>\n<p style=\"text-align: justify;\">Son co\u00e9quipier Nicolas Primas, tr\u00e8s \u00e0 l&rsquo;aise \u00e9galement, ira chercher la 4\u00e8me place.\u00a0Loic Le Barbier, qui a r\u00e9ussi \u00e0 sortir du peloton \u00a0termine 7\u00e8me.\u00a0Dans le peloton qui arrive pour la 9\u00e8me place, on recense encore 6 Lanest\u00e9riens : Maxime Lannurien est 9\u00e8me, K\u00e9vin Le Gal 11\u00e8me, Benjamin Duval 14\u00e8me, Maxime Guennec 16\u00e8me, Thibault Morvan 19\u00e8me se qualifient pour le championnat de Bretagne. Parmi les jeunes, petite d\u00e9ception pour Thibaut Seveno 27\u00e8me, non retenu pour le championnat r\u00e9gional, ainsi que pour\u00a0Corentin Le Bou\u00e9dec, Alexandre Rio et Julien Guiho.<\/p>\n<p>&nbsp;<\/p>\n<div id=\"attachment_12713\" style=\"width: 410px\" class=\"wp-caption alignleft\"><a href=\"http:\/\/www.aclanester56.com\/velo\/wp-content\/uploads\/2012\/07\/Melvyn-Le-Hen-800x595.jpg\"><img loading=\"lazy\" decoding=\"async\" aria-describedby=\"caption-attachment-12713\" class=\"size-large wp-image-12713\" title=\"Le Lanest\u00e9rien Melvyn Le Hen prend une belle 15\u00e8me place sur l'\u00e9preuve juniors (photo Marion Denis)\" alt=\"\" src=\"http:\/\/www.aclanester56.com\/velo\/wp-content\/uploads\/2012\/07\/Melvyn-Le-Hen-800x595.jpg\" width=\"400\" height=\"298\" srcset=\"https:\/\/www.aclanester56.com\/velo\/wp-content\/uploads\/2012\/07\/Melvyn-Le-Hen-800x595.jpg 800w, https:\/\/www.aclanester56.com\/velo\/wp-content\/uploads\/2012\/07\/Melvyn-Le-Hen-300x223.jpg 300w, https:\/\/www.aclanester56.com\/velo\/wp-content\/uploads\/2012\/07\/Melvyn-Le-Hen-402x300.jpg 402w, https:\/\/www.aclanester56.com\/velo\/wp-content\/uploads\/2012\/07\/Melvyn-Le-Hen.jpg 900w\" sizes=\"auto, (max-width: 400px) 100vw, 400px\" \/><\/a><p id=\"caption-attachment-12713\" class=\"wp-caption-text\">Le Lanest\u00e9rien Melvyn Le Hen prend une belle 15\u00e8me place sur l&rsquo;\u00e9preuve juniors (photo Marion Denis)<\/p><\/div>\n<p> \u00a0<\/p>\n<p style=\"text-align: justify;\"><span style=\"color: #ff6600;\"><strong>Deux Lanest\u00e9riens dans le top 15 chez les juniors<\/strong><\/span><\/p>\n<p style=\"text-align: justify;\">Enfin, chez les juniors, Pierre Hol\u00e9 et Melvyn Le Hen, tous deux juniors 1\u00e8re ann\u00e9e, continuent de progresser. Ils manquent la bonne \u00e9chapp\u00e9e partie au d\u00e9but de course, mais ne vont pas baisser les bras et terminent respectivement 13\u00e8me et 15\u00e8me. Ils sont donc tous les deux qualifi\u00e9s pour le championnat de Bretagne.<\/p>\n<p style=\"text-align: justify;\"><span style=\"color: #ff6600;\"><strong>RDV au championnat de Bretagne le 15 juillet !<\/strong><\/span><\/p>\n<p style=\"text-align: justify;\">Les championnats de Bretagne de l&rsquo;Avenir se d\u00e9rouleront le 15 juillet \u00e0 Locunol\u00e9 sur un circuit tr\u00e8s difficile. Nous aurons donc 10 jeunes coureurs pour repr\u00e9senter le club sur ce championnat !<\/p>\n<div id=\"attachment_12716\" style=\"width: 410px\" class=\"wp-caption alignright\"><a href=\"http:\/\/www.aclanester56.com\/velo\/wp-content\/uploads\/2012\/07\/b-duval-e-t-seveno-800x595.jpg\"><img loading=\"lazy\" decoding=\"async\" aria-describedby=\"caption-attachment-12716\" class=\"size-large wp-image-12716\" title=\"Les Lanest\u00e9riens Benjamin Duval et Thibaut Seveno se sont bien battus sur le difficile circuit de Bignan (photo Marion Denis)\" alt=\"\" src=\"http:\/\/www.aclanester56.com\/velo\/wp-content\/uploads\/2012\/07\/b-duval-e-t-seveno-800x595.jpg\" width=\"400\" height=\"298\" srcset=\"https:\/\/www.aclanester56.com\/velo\/wp-content\/uploads\/2012\/07\/b-duval-e-t-seveno-800x595.jpg 800w, https:\/\/www.aclanester56.com\/velo\/wp-content\/uploads\/2012\/07\/b-duval-e-t-seveno-300x223.jpg 300w, https:\/\/www.aclanester56.com\/velo\/wp-content\/uploads\/2012\/07\/b-duval-e-t-seveno-402x300.jpg 402w, https:\/\/www.aclanester56.com\/velo\/wp-content\/uploads\/2012\/07\/b-duval-e-t-seveno.jpg 900w\" sizes=\"auto, (max-width: 400px) 100vw, 400px\" \/><\/a><p id=\"caption-attachment-12716\" class=\"wp-caption-text\">Les Lanest\u00e9riens Benjamin Duval et Thibaut Seveno se sont bien battus sur le difficile circuit de Bignan (photo Marion Denis)<\/p><\/div>\n<p style=\"text-align: justify;\"><span style=\"color: #ff6600;\"><strong>Plus de photos !<\/strong><\/span><\/p>\n<p style=\"text-align: justify;\">Retrouvez quelques photos de Marion Denis dans notre galerie photos accessible <a href=\"http:\/\/www.aclanester56.com\/velo\/medias\/photos\/galerie-2012\/?album=10&amp;gallery=126\" target=\"_blank\">en cliquant ici<\/a>.<\/p>\n<p><span style=\"text-decoration: underline;\"><strong>Minimes :<\/strong><\/span><\/p>\n<p>1\u00a0BALTENWECK\u00a0Mewen\u00a0AC PAYS DE BAUD<br \/>2\u00a0LE NY\u00a0Jean Louis\u00a0AC PAYS DE BAUD<br \/>3\u00a0ROUZAU\u00a0Thibault\u00a0UC PAYS PLOUAY<br \/>4\u00a0LE CAPITAINE\u00a0Alexis\u00a0AC PAYS DE BAUD<br \/>5\u00a0ANDRE\u00a0Nathan\u00a0UC PAYS PLOUAY<br \/><span style=\"background-color: #ff6600;\">41\u00a0LE CROM\u00a0Victor\u00a0AC LANESTER 56<\/span><\/p>\n<p><span style=\"text-decoration: underline;\"><strong>Cadets :\u00a0<\/strong><\/span><\/p>\n<p>1\u00a0BAUTHAMY\u00a0Dylan\u00a0VC PONTIVYEN<br \/><span style=\"background-color: #ff6600;\">2\u00a0SELO\u00a0Yoann\u00a0AC LANESTER 56<\/span><br \/>3\u00a0ROBIC\u00a0Thomas\u00a0RUN BIKE CLUB 56<br \/><span style=\"background-color: #ff6600;\">4\u00a0PRIMAS\u00a0Nicolas\u00a0AC LANESTER 56<\/span><br \/>5\u00a0KERVILY\u00a0Samuel\u00a0UC PAYS PLOUAY<br \/><span style=\"background-color: #ff6600;\">7\u00a0LE BARBIER\u00a0Lo\u00efc\u00a0AC LANESTER 56<\/span><br \/><span style=\"background-color: #ff6600;\">9\u00a0LANNURIEN\u00a0Maxime\u00a0AC LANESTER 56<\/span><\/p>\n<div id=\"attachment_12718\" style=\"width: 209px\" class=\"wp-caption alignright\"><a href=\"http:\/\/www.aclanester56.com\/velo\/wp-content\/uploads\/2012\/07\/Pierre-Hole-398x600.jpg\"><img loading=\"lazy\" decoding=\"async\" aria-describedby=\"caption-attachment-12718\" class=\"size-large wp-image-12718\" title=\"Pierre Hole trouvera un circuit taill\u00e9 pour lui sur le championnat de Bretagne \u00e0 Locunol\u00e9 (photo Marion Denis)\" alt=\"\" src=\"http:\/\/www.aclanester56.com\/velo\/wp-content\/uploads\/2012\/07\/Pierre-Hole-398x600.jpg\" width=\"199\" height=\"300\" srcset=\"https:\/\/www.aclanester56.com\/velo\/wp-content\/uploads\/2012\/07\/Pierre-Hole-398x600.jpg 398w, https:\/\/www.aclanester56.com\/velo\/wp-content\/uploads\/2012\/07\/Pierre-Hole-199x300.jpg 199w, https:\/\/www.aclanester56.com\/velo\/wp-content\/uploads\/2012\/07\/Pierre-Hole.jpg 900w\" sizes=\"auto, (max-width: 199px) 100vw, 199px\" \/><\/a><p id=\"caption-attachment-12718\" class=\"wp-caption-text\">Pierre Hole trouvera un circuit taill\u00e9 pour lui sur le championnat de Bretagne \u00e0 Locunol\u00e9 (photo Marion Denis)<\/p><\/div>\n<p><span style=\"background-color: #ff6600;\">11\u00a0LE GAL\u00a0K\u00e9vin\u00a0AC LANESTER 56<\/span><br \/><span style=\"background-color: #ff6600;\">14\u00a0DUVAL\u00a0Benjamin\u00a0AC LANESTER 56<\/span><br \/><span style=\"background-color: #ff6600;\">16\u00a0GUENNEC\u00a0Maxime\u00a0AC LANESTER 56<\/span><br \/><span style=\"background-color: #ff6600;\">19\u00a0MORVAN\u00a0Thibault\u00a0AC LANESTER 56<\/span><br \/><span style=\"background-color: #ff6600;\">27\u00a0SEVENO\u00a0Thibaut\u00a0AC LANESTER 56<\/span><br \/><span style=\"background-color: #ff6600;\">44\u00a0LE BOUEDEC REVOLT\u00a0Corentin\u00a0AC LANESTER 56<\/span><\/p>\n<p><span style=\"text-decoration: underline;\"><strong>Juniors :<\/strong><\/span><\/p>\n<p>1\u00a0LE GROS\u00a0Guillaume\u00a0VC PONTIVYEN<br \/>2\u00a0JEGAT\u00a0Maxime\u00a0AC PAYS DE BAUD<br \/>3\u00a0JAN\u00a0Antoine\u00a0UC PAYS PLOUAY<br \/>4\u00a0PLASSART\u00a0Nicolas\u00a0OC LOCMINE<br \/>5\u00a0LINO\u00a0Julian\u00a0VELOCE VANNETAIS CYCL.<br \/><span style=\"background-color: #ff6600;\">13\u00a0HOLE\u00a0Pierre\u00a0AC LANESTER 56<\/span><br \/><span style=\"background-color: #ff6600;\">15\u00a0LE HEN\u00a0Melvyn\u00a0AC LANESTER 56<\/span><\/p>\n<p><em><strong>Remerciements \u00e0 Jean-Marc Morvan et Marion Denis.<\/strong><\/em><\/p>\n","protected":false},"excerpt":{"rendered":"","protected":false},"author":14,"featured_media":12719,"comment_status":"open","ping_status":"closed","sticky":false,"template":"","format":"standard","meta":{"ngg_post_thumbnail":0,"footnotes":""},"categories":[5,16,22,21,23],"tags":[],"class_list":["post-12683","post","type-post","status-publish","format-standard","has-post-thumbnail","hentry","category-ac-lanester-56","category-resultats","category-resultats-cadets","category-resultats-juniors","category-resultats-minimes"],"yoast_head":"<!-- This site is optimized with the Yoast SEO plugin v27.5 - https:\/\/yoast.com\/product\/yoast-seo-wordpress\/ -->\n<title>Yoann S\u00e9lo vice-champion du Morbihan cadets sur route ! - Avenir Cycliste Lanester 56<\/title>\n<meta name=\"robots\" content=\"index, follow, max-snippet:-1, max-image-preview:large, max-video-preview:-1\" \/>\n<link rel=\"canonical\" href=\"https:\/\/www.aclanester56.com\/velo\/yoann-selo-vice-champion-du-morbihan-cadets-sur-route\/\" \/>\n<meta property=\"og:locale\" content=\"fr_FR\" \/>\n<meta property=\"og:type\" content=\"article\" \/>\n<meta property=\"og:title\" content=\"Yoann S\u00e9lo vice-champion du Morbihan cadets sur route ! - Avenir Cycliste Lanester 56\" \/>\n<meta property=\"og:url\" content=\"https:\/\/www.aclanester56.com\/velo\/yoann-selo-vice-champion-du-morbihan-cadets-sur-route\/\" \/>\n<meta property=\"og:site_name\" content=\"Avenir Cycliste Lanester 56\" \/>\n<meta property=\"article:publisher\" content=\"https:\/\/www.facebook.com\/pages\/AC-Lanester-56\/190286300991242?fref=ts\" \/>\n<meta property=\"article:published_time\" content=\"2012-06-30T06:45:15+00:00\" \/>\n<meta property=\"article:modified_time\" content=\"2013-12-22T10:51:02+00:00\" \/>\n<meta property=\"og:image\" content=\"https:\/\/www.aclanester56.com\/velo\/wp-content\/uploads\/2012\/07\/Podium-cadet-Copie.jpg\" \/>\n\t<meta property=\"og:image:width\" content=\"650\" \/>\n\t<meta property=\"og:image:height\" content=\"300\" \/>\n\t<meta property=\"og:image:type\" content=\"image\/jpeg\" \/>\n<meta name=\"author\" content=\"Jean-Christophe\" \/>\n<meta name=\"twitter:label1\" content=\"\u00c9crit par\" \/>\n\t<meta name=\"twitter:data1\" content=\"Jean-Christophe\" \/>\n\t<meta name=\"twitter:label2\" content=\"Dur\u00e9e de lecture estim\u00e9e\" \/>\n\t<meta name=\"twitter:data2\" content=\"4 minutes\" \/>\n<script type=\"application\/ld+json\" class=\"yoast-schema-graph\">{\"@context\":\"https:\\\/\\\/schema.org\",\"@graph\":[{\"@type\":\"Article\",\"@id\":\"https:\\\/\\\/www.aclanester56.com\\\/velo\\\/yoann-selo-vice-champion-du-morbihan-cadets-sur-route\\\/#article\",\"isPartOf\":{\"@id\":\"https:\\\/\\\/www.aclanester56.com\\\/velo\\\/yoann-selo-vice-champion-du-morbihan-cadets-sur-route\\\/\"},\"author\":{\"name\":\"Jean-Christophe\",\"@id\":\"https:\\\/\\\/www.aclanester56.com\\\/velo\\\/#\\\/schema\\\/person\\\/ca2a44a5fd969e9dd846c72d3b33bc01\"},\"headline\":\"Yoann S\u00e9lo vice-champion du Morbihan cadets sur route !\",\"datePublished\":\"2012-06-30T06:45:15+00:00\",\"dateModified\":\"2013-12-22T10:51:02+00:00\",\"mainEntityOfPage\":{\"@id\":\"https:\\\/\\\/www.aclanester56.com\\\/velo\\\/yoann-selo-vice-champion-du-morbihan-cadets-sur-route\\\/\"},\"wordCount\":770,\"commentCount\":0,\"publisher\":{\"@id\":\"https:\\\/\\\/www.aclanester56.com\\\/velo\\\/#organization\"},\"image\":{\"@id\":\"https:\\\/\\\/www.aclanester56.com\\\/velo\\\/yoann-selo-vice-champion-du-morbihan-cadets-sur-route\\\/#primaryimage\"},\"thumbnailUrl\":\"https:\\\/\\\/www.aclanester56.com\\\/velo\\\/wp-content\\\/uploads\\\/2012\\\/07\\\/Podium-cadet-Copie.jpg\",\"articleSection\":[\"AC LANESTER 56\",\"R\u00e9sultats\",\"R\u00e9sultats Cadets\",\"R\u00e9sultats Juniors\",\"R\u00e9sultats Minimes\"],\"inLanguage\":\"fr-FR\",\"potentialAction\":[{\"@type\":\"CommentAction\",\"name\":\"Comment\",\"target\":[\"https:\\\/\\\/www.aclanester56.com\\\/velo\\\/yoann-selo-vice-champion-du-morbihan-cadets-sur-route\\\/#respond\"]}]},{\"@type\":\"WebPage\",\"@id\":\"https:\\\/\\\/www.aclanester56.com\\\/velo\\\/yoann-selo-vice-champion-du-morbihan-cadets-sur-route\\\/\",\"url\":\"https:\\\/\\\/www.aclanester56.com\\\/velo\\\/yoann-selo-vice-champion-du-morbihan-cadets-sur-route\\\/\",\"name\":\"Yoann S\u00e9lo vice-champion du Morbihan cadets sur route ! - Avenir Cycliste Lanester 56\",\"isPartOf\":{\"@id\":\"https:\\\/\\\/www.aclanester56.com\\\/velo\\\/#website\"},\"primaryImageOfPage\":{\"@id\":\"https:\\\/\\\/www.aclanester56.com\\\/velo\\\/yoann-selo-vice-champion-du-morbihan-cadets-sur-route\\\/#primaryimage\"},\"image\":{\"@id\":\"https:\\\/\\\/www.aclanester56.com\\\/velo\\\/yoann-selo-vice-champion-du-morbihan-cadets-sur-route\\\/#primaryimage\"},\"thumbnailUrl\":\"https:\\\/\\\/www.aclanester56.com\\\/velo\\\/wp-content\\\/uploads\\\/2012\\\/07\\\/Podium-cadet-Copie.jpg\",\"datePublished\":\"2012-06-30T06:45:15+00:00\",\"dateModified\":\"2013-12-22T10:51:02+00:00\",\"inLanguage\":\"fr-FR\",\"potentialAction\":[{\"@type\":\"ReadAction\",\"target\":[\"https:\\\/\\\/www.aclanester56.com\\\/velo\\\/yoann-selo-vice-champion-du-morbihan-cadets-sur-route\\\/\"]}]},{\"@type\":\"ImageObject\",\"inLanguage\":\"fr-FR\",\"@id\":\"https:\\\/\\\/www.aclanester56.com\\\/velo\\\/yoann-selo-vice-champion-du-morbihan-cadets-sur-route\\\/#primaryimage\",\"url\":\"https:\\\/\\\/www.aclanester56.com\\\/velo\\\/wp-content\\\/uploads\\\/2012\\\/07\\\/Podium-cadet-Copie.jpg\",\"contentUrl\":\"https:\\\/\\\/www.aclanester56.com\\\/velo\\\/wp-content\\\/uploads\\\/2012\\\/07\\\/Podium-cadet-Copie.jpg\",\"width\":650,\"height\":300},{\"@type\":\"WebSite\",\"@id\":\"https:\\\/\\\/www.aclanester56.com\\\/velo\\\/#website\",\"url\":\"https:\\\/\\\/www.aclanester56.com\\\/velo\\\/\",\"name\":\"Avenir Cycliste Lanester 56\",\"description\":\"Club cycliste de l&#039;AC LANESTER 56\",\"publisher\":{\"@id\":\"https:\\\/\\\/www.aclanester56.com\\\/velo\\\/#organization\"},\"potentialAction\":[{\"@type\":\"SearchAction\",\"target\":{\"@type\":\"EntryPoint\",\"urlTemplate\":\"https:\\\/\\\/www.aclanester56.com\\\/velo\\\/?s={search_term_string}\"},\"query-input\":{\"@type\":\"PropertyValueSpecification\",\"valueRequired\":true,\"valueName\":\"search_term_string\"}}],\"inLanguage\":\"fr-FR\"},{\"@type\":\"Organization\",\"@id\":\"https:\\\/\\\/www.aclanester56.com\\\/velo\\\/#organization\",\"name\":\"Avenir Cycliste Lanester 56\",\"url\":\"https:\\\/\\\/www.aclanester56.com\\\/velo\\\/\",\"logo\":{\"@type\":\"ImageObject\",\"inLanguage\":\"fr-FR\",\"@id\":\"https:\\\/\\\/www.aclanester56.com\\\/velo\\\/#\\\/schema\\\/logo\\\/image\\\/\",\"url\":\"https:\\\/\\\/www.aclanester56.com\\\/velo\\\/wp-content\\\/uploads\\\/2013\\\/04\\\/logo-ACL.jpg\",\"contentUrl\":\"https:\\\/\\\/www.aclanester56.com\\\/velo\\\/wp-content\\\/uploads\\\/2013\\\/04\\\/logo-ACL.jpg\",\"width\":400,\"height\":334,\"caption\":\"Avenir Cycliste Lanester 56\"},\"image\":{\"@id\":\"https:\\\/\\\/www.aclanester56.com\\\/velo\\\/#\\\/schema\\\/logo\\\/image\\\/\"},\"sameAs\":[\"https:\\\/\\\/www.facebook.com\\\/pages\\\/AC-Lanester-56\\\/190286300991242?fref=ts\"]},{\"@type\":\"Person\",\"@id\":\"https:\\\/\\\/www.aclanester56.com\\\/velo\\\/#\\\/schema\\\/person\\\/ca2a44a5fd969e9dd846c72d3b33bc01\",\"name\":\"Jean-Christophe\",\"url\":\"https:\\\/\\\/www.aclanester56.com\\\/velo\\\/author\\\/jeanchristophe\\\/\"}]}<\/script>\n<!-- \/ Yoast SEO plugin. -->","yoast_head_json":{"title":"Yoann S\u00e9lo vice-champion du Morbihan cadets sur route ! - Avenir Cycliste Lanester 56","robots":{"index":"index","follow":"follow","max-snippet":"max-snippet:-1","max-image-preview":"max-image-preview:large","max-video-preview":"max-video-preview:-1"},"canonical":"https:\/\/www.aclanester56.com\/velo\/yoann-selo-vice-champion-du-morbihan-cadets-sur-route\/","og_locale":"fr_FR","og_type":"article","og_title":"Yoann S\u00e9lo vice-champion du Morbihan cadets sur route ! - Avenir Cycliste Lanester 56","og_url":"https:\/\/www.aclanester56.com\/velo\/yoann-selo-vice-champion-du-morbihan-cadets-sur-route\/","og_site_name":"Avenir Cycliste Lanester 56","article_publisher":"https:\/\/www.facebook.com\/pages\/AC-Lanester-56\/190286300991242?fref=ts","article_published_time":"2012-06-30T06:45:15+00:00","article_modified_time":"2013-12-22T10:51:02+00:00","og_image":[{"width":650,"height":300,"url":"https:\/\/www.aclanester56.com\/velo\/wp-content\/uploads\/2012\/07\/Podium-cadet-Copie.jpg","type":"image\/jpeg"}],"author":"Jean-Christophe","twitter_misc":{"\u00c9crit par":"Jean-Christophe","Dur\u00e9e de lecture estim\u00e9e":"4 minutes"},"schema":{"@context":"https:\/\/schema.org","@graph":[{"@type":"Article","@id":"https:\/\/www.aclanester56.com\/velo\/yoann-selo-vice-champion-du-morbihan-cadets-sur-route\/#article","isPartOf":{"@id":"https:\/\/www.aclanester56.com\/velo\/yoann-selo-vice-champion-du-morbihan-cadets-sur-route\/"},"author":{"name":"Jean-Christophe","@id":"https:\/\/www.aclanester56.com\/velo\/#\/schema\/person\/ca2a44a5fd969e9dd846c72d3b33bc01"},"headline":"Yoann S\u00e9lo vice-champion du Morbihan cadets sur route !","datePublished":"2012-06-30T06:45:15+00:00","dateModified":"2013-12-22T10:51:02+00:00","mainEntityOfPage":{"@id":"https:\/\/www.aclanester56.com\/velo\/yoann-selo-vice-champion-du-morbihan-cadets-sur-route\/"},"wordCount":770,"commentCount":0,"publisher":{"@id":"https:\/\/www.aclanester56.com\/velo\/#organization"},"image":{"@id":"https:\/\/www.aclanester56.com\/velo\/yoann-selo-vice-champion-du-morbihan-cadets-sur-route\/#primaryimage"},"thumbnailUrl":"https:\/\/www.aclanester56.com\/velo\/wp-content\/uploads\/2012\/07\/Podium-cadet-Copie.jpg","articleSection":["AC LANESTER 56","R\u00e9sultats","R\u00e9sultats Cadets","R\u00e9sultats Juniors","R\u00e9sultats Minimes"],"inLanguage":"fr-FR","potentialAction":[{"@type":"CommentAction","name":"Comment","target":["https:\/\/www.aclanester56.com\/velo\/yoann-selo-vice-champion-du-morbihan-cadets-sur-route\/#respond"]}]},{"@type":"WebPage","@id":"https:\/\/www.aclanester56.com\/velo\/yoann-selo-vice-champion-du-morbihan-cadets-sur-route\/","url":"https:\/\/www.aclanester56.com\/velo\/yoann-selo-vice-champion-du-morbihan-cadets-sur-route\/","name":"Yoann S\u00e9lo vice-champion du Morbihan cadets sur route ! - Avenir Cycliste Lanester 56","isPartOf":{"@id":"https:\/\/www.aclanester56.com\/velo\/#website"},"primaryImageOfPage":{"@id":"https:\/\/www.aclanester56.com\/velo\/yoann-selo-vice-champion-du-morbihan-cadets-sur-route\/#primaryimage"},"image":{"@id":"https:\/\/www.aclanester56.com\/velo\/yoann-selo-vice-champion-du-morbihan-cadets-sur-route\/#primaryimage"},"thumbnailUrl":"https:\/\/www.aclanester56.com\/velo\/wp-content\/uploads\/2012\/07\/Podium-cadet-Copie.jpg","datePublished":"2012-06-30T06:45:15+00:00","dateModified":"2013-12-22T10:51:02+00:00","inLanguage":"fr-FR","potentialAction":[{"@type":"ReadAction","target":["https:\/\/www.aclanester56.com\/velo\/yoann-selo-vice-champion-du-morbihan-cadets-sur-route\/"]}]},{"@type":"ImageObject","inLanguage":"fr-FR","@id":"https:\/\/www.aclanester56.com\/velo\/yoann-selo-vice-champion-du-morbihan-cadets-sur-route\/#primaryimage","url":"https:\/\/www.aclanester56.com\/velo\/wp-content\/uploads\/2012\/07\/Podium-cadet-Copie.jpg","contentUrl":"https:\/\/www.aclanester56.com\/velo\/wp-content\/uploads\/2012\/07\/Podium-cadet-Copie.jpg","width":650,"height":300},{"@type":"WebSite","@id":"https:\/\/www.aclanester56.com\/velo\/#website","url":"https:\/\/www.aclanester56.com\/velo\/","name":"Avenir Cycliste Lanester 56","description":"Club cycliste de l&#039;AC LANESTER 56","publisher":{"@id":"https:\/\/www.aclanester56.com\/velo\/#organization"},"potentialAction":[{"@type":"SearchAction","target":{"@type":"EntryPoint","urlTemplate":"https:\/\/www.aclanester56.com\/velo\/?s={search_term_string}"},"query-input":{"@type":"PropertyValueSpecification","valueRequired":true,"valueName":"search_term_string"}}],"inLanguage":"fr-FR"},{"@type":"Organization","@id":"https:\/\/www.aclanester56.com\/velo\/#organization","name":"Avenir Cycliste Lanester 56","url":"https:\/\/www.aclanester56.com\/velo\/","logo":{"@type":"ImageObject","inLanguage":"fr-FR","@id":"https:\/\/www.aclanester56.com\/velo\/#\/schema\/logo\/image\/","url":"https:\/\/www.aclanester56.com\/velo\/wp-content\/uploads\/2013\/04\/logo-ACL.jpg","contentUrl":"https:\/\/www.aclanester56.com\/velo\/wp-content\/uploads\/2013\/04\/logo-ACL.jpg","width":400,"height":334,"caption":"Avenir Cycliste Lanester 56"},"image":{"@id":"https:\/\/www.aclanester56.com\/velo\/#\/schema\/logo\/image\/"},"sameAs":["https:\/\/www.facebook.com\/pages\/AC-Lanester-56\/190286300991242?fref=ts"]},{"@type":"Person","@id":"https:\/\/www.aclanester56.com\/velo\/#\/schema\/person\/ca2a44a5fd969e9dd846c72d3b33bc01","name":"Jean-Christophe","url":"https:\/\/www.aclanester56.com\/velo\/author\/jeanchristophe\/"}]}},"_links":{"self":[{"href":"https:\/\/www.aclanester56.com\/velo\/wp-json\/wp\/v2\/posts\/12683","targetHints":{"allow":["GET"]}}],"collection":[{"href":"https:\/\/www.aclanester56.com\/velo\/wp-json\/wp\/v2\/posts"}],"about":[{"href":"https:\/\/www.aclanester56.com\/velo\/wp-json\/wp\/v2\/types\/post"}],"author":[{"embeddable":true,"href":"https:\/\/www.aclanester56.com\/velo\/wp-json\/wp\/v2\/users\/14"}],"replies":[{"embeddable":true,"href":"https:\/\/www.aclanester56.com\/velo\/wp-json\/wp\/v2\/comments?post=12683"}],"version-history":[{"count":0,"href":"https:\/\/www.aclanester56.com\/velo\/wp-json\/wp\/v2\/posts\/12683\/revisions"}],"wp:featuredmedia":[{"embeddable":true,"href":"https:\/\/www.aclanester56.com\/velo\/wp-json\/wp\/v2\/media\/12719"}],"wp:attachment":[{"href":"https:\/\/www.aclanester56.com\/velo\/wp-json\/wp\/v2\/media?parent=12683"}],"wp:term":[{"taxonomy":"category","embeddable":true,"href":"https:\/\/www.aclanester56.com\/velo\/wp-json\/wp\/v2\/categories?post=12683"},{"taxonomy":"post_tag","embeddable":true,"href":"https:\/\/www.aclanester56.com\/velo\/wp-json\/wp\/v2\/tags?post=12683"}],"curies":[{"name":"wp","href":"https:\/\/api.w.org\/{rel}","templated":true}]}}