{"id":12728,"date":"2012-07-06T07:38:05","date_gmt":"2012-07-06T06:38:05","guid":{"rendered":"http:\/\/www.aclanester56.com\/velo\/?p=12728"},"modified":"2013-12-22T12:50:37","modified_gmt":"2013-12-22T10:50:37","slug":"cadets-thomas-denis-2eme-a-arzon","status":"publish","type":"post","link":"https:\/\/www.aclanester56.com\/velo\/cadets-thomas-denis-2eme-a-arzon\/","title":{"rendered":"Cadets : Thomas Denis 2\u00e8me \u00e0 Arzon !"},"content":{"rendered":"<p style=\"text-align: justify;\"><!--more--><\/p>\n<p style=\"text-align: justify;\">A moins de deux semaines du championnat de Bretagne, les cadets lanest\u00e9riens continuent leur progression. Le week-end dernier, on les a vu r\u00e9guli\u00e8rement parmi les principaux animateurs sur les diff\u00e9rentes \u00e9preuves auxquelles ils ont particip\u00e9. A Arzon, Thomas Denis prend une excellente 2\u00e8me place !<\/p>\n<p><strong style=\"color: #ff6600; text-align: justify; line-height: 1.5em;\">Thomas Denis 2\u00e8me \u00e0 Arzon<\/strong><\/p>\n<p style=\"text-align: justify;\">Vendredi soir, quelques Lanest\u00e9riens participaient \u00e0 une \u00e9preuve en semi-nocturne sur la pointe du Monteno \u00e0 Arzon. On peut noter la tr\u00e8s belle course du coureur de l&rsquo;AC Lanester 56 Thomas Denis, \u00e9chapp\u00e9 avec Josselin Riou (Sabl\u00e9 sur Sarthe).<\/p>\n<div id=\"attachment_12732\" style=\"width: 410px\" class=\"wp-caption alignright\"><a href=\"http:\/\/www.aclanester56.com\/velo\/wp-content\/uploads\/2012\/07\/podium-800x530.jpg\"><img loading=\"lazy\" decoding=\"async\" aria-describedby=\"caption-attachment-12732\" class=\"size-large wp-image-12732\" title=\"Podium de l'\u00e9preuve d'Arzon (photo Marion Denis)\" alt=\"\" src=\"http:\/\/www.aclanester56.com\/velo\/wp-content\/uploads\/2012\/07\/podium-800x530.jpg\" width=\"400\" height=\"265\" srcset=\"https:\/\/www.aclanester56.com\/velo\/wp-content\/uploads\/2012\/07\/podium-800x530.jpg 800w, https:\/\/www.aclanester56.com\/velo\/wp-content\/uploads\/2012\/07\/podium-300x198.jpg 300w, https:\/\/www.aclanester56.com\/velo\/wp-content\/uploads\/2012\/07\/podium-452x300.jpg 452w, https:\/\/www.aclanester56.com\/velo\/wp-content\/uploads\/2012\/07\/podium.jpg 960w\" sizes=\"auto, (max-width: 400px) 100vw, 400px\" \/><\/a><p id=\"caption-attachment-12732\" class=\"wp-caption-text\">Podium de l&rsquo;\u00e9preuve d&rsquo;Arzon (photo Marion Denis)<\/p><\/div>\n<p style=\"text-align: justify;\">Thomas est battu au sprint et termine 2\u00e8me, mais c&rsquo;est tout de m\u00eame une belle r\u00e9compense pour notre cadet 1\u00e8re ann\u00e9e, qui avait fait un gros travail pour durcir la course \u00e0 Bignan lors du championnat du Morbihan. Derri\u00e8re, ses co\u00e9quipiers Nicolas Primas et Thibault Morvan, qui ont bien anim\u00e9 la course, terminent respectivement 9\u00e8me et 12\u00e8me. Julie Le Priellec termine 24\u00e8me. Pour la premi\u00e8re ann\u00e9e o\u00f9 elle court avec les cadets, elle est tr\u00e8s courageuse et on va s\u00fbrement la retrouver rapidement parmi les meilleures f\u00e9minines de sa cat\u00e9gorie.<\/p>\n<div id=\"attachment_12735\" style=\"width: 408px\" class=\"wp-caption alignleft\"><a href=\"http:\/\/www.aclanester56.com\/velo\/wp-content\/uploads\/2012\/07\/bubry-2012-cadets-d\u00e9part.jpg\"><img loading=\"lazy\" decoding=\"async\" aria-describedby=\"caption-attachment-12735\" class=\"size-full wp-image-12735\" title=\"Les cadets au d\u00e9part de l'\u00e9preuve de Bubry (photo Philippe Guiho)\" alt=\"\" src=\"http:\/\/www.aclanester56.com\/velo\/wp-content\/uploads\/2012\/07\/bubry-2012-cadets-d\u00e9part.jpg\" width=\"398\" height=\"223\" srcset=\"https:\/\/www.aclanester56.com\/velo\/wp-content\/uploads\/2012\/07\/bubry-2012-cadets-d\u00e9part.jpg 795w, https:\/\/www.aclanester56.com\/velo\/wp-content\/uploads\/2012\/07\/bubry-2012-cadets-d\u00e9part-300x168.jpg 300w, https:\/\/www.aclanester56.com\/velo\/wp-content\/uploads\/2012\/07\/bubry-2012-cadets-d\u00e9part-533x300.jpg 533w\" sizes=\"auto, (max-width: 398px) 100vw, 398px\" \/><\/a><p id=\"caption-attachment-12735\" class=\"wp-caption-text\">Les cadets au d\u00e9part de l&rsquo;\u00e9preuve de Bubry (photo Philippe Guiho)<\/p><\/div>\n<p>\u00a0<br \/> \u00a0<br \/> \u00a0<br \/> \u00a0<\/p>\n<p style=\"text-align: justify;\"><span style=\"color: #ff6600;\"><strong>Lannurien 5\u00e8me, S\u00e9lo 6\u00e8me \u00e0 Bubry<\/strong><\/span><\/p>\n<p style=\"text-align: justify;\">A bubry dimanche, sur un circuit difficile, la course a \u00e9t\u00e9 anim\u00e9e. On a souvent vu des Lanest\u00e9riens en t\u00eate de course mais ils n&rsquo;ont pas pu emp\u00eacher Pierre-Alexis Bodinier (US Ch\u00e2teaugiron) de finir en solitaire. Derri\u00e8re, un peloton de 30 coureurs se dispute la 2\u00e8me place, gagn\u00e9e par Arthur Didelot (CC Pays Bulgneville). Le Lanest\u00e9rien Maxime Lannurien termine 5\u00e8me, son co\u00e9quipier Yoann S\u00e9lo finissant 6\u00e8me.<\/p>\n<p style=\"text-align: justify;\"><span style=\"color: #ff6600;\"><strong>Corentin Le Bou\u00e9dec 9\u00e8me \u00e0 Plessala<\/strong><\/span><\/p>\n<p style=\"text-align: justify;\">A Plessala, le Lanest\u00e9rien Corentin Le Bou\u00e9dec finit \u00e0 la 9\u00e8me place. Avec cette belle performance, Corentin va prendre confiance et continuer de progresser.<\/p>\n<p><span style=\"text-decoration: underline;\"><strong>Arzon :<\/strong><\/span><\/p>\n<p>1 RIOU Josselin SABLE SARTHE CYCLISME PDL 1h08&rsquo;12\u00a0\u00bb<br \/><span style=\"background-color: #ff6600;\">2 DENIS Thomas AC LANESTER 56 \u00e0 10&Prime;<\/span><br \/>3 DARMONT Maxime VELO CLUB PORNICHET \u00e0 25&Prime;<br \/>4 MEIGNEN Matthias VELO CLUB PORNICHET \u00e0 40&Prime;<br \/>5 JUDAIS Dylan REDON OC \u00e0 1&rsquo;05\u00a0\u00bb<br \/><span style=\"background-color: #ff6600;\">9 PRIMAS Nicolas AC LANESTER 56<\/span><br \/><span style=\"background-color: #ff6600;\">12 MORVAN Thibault AC LANESTER 56<\/span><br \/><span style=\"background-color: #ff6600;\">24 LE PRIELLEC Julie FJ AC LANESTER 56<\/span><\/p>\n<div id=\"attachment_12738\" style=\"width: 290px\" class=\"wp-caption alignright\"><a href=\"http:\/\/www.aclanester56.com\/velo\/wp-content\/uploads\/2012\/07\/bubry-2012-cadets-Yoann-s\u00e9lo-\u00e9tire-le-peloton.jpg\"><img loading=\"lazy\" decoding=\"async\" aria-describedby=\"caption-attachment-12738\" class=\"size-full wp-image-12738\" title=\"Les jeunes Lanest\u00e9riens ont \u00e9t\u00e9 tr\u00e8s actifs \u00e0 Bubry (photo Philippe Guiho)\" alt=\"\" src=\"http:\/\/www.aclanester56.com\/velo\/wp-content\/uploads\/2012\/07\/bubry-2012-cadets-Yoann-s\u00e9lo-\u00e9tire-le-peloton.jpg\" width=\"280\" height=\"157\" srcset=\"https:\/\/www.aclanester56.com\/velo\/wp-content\/uploads\/2012\/07\/bubry-2012-cadets-Yoann-s\u00e9lo-\u00e9tire-le-peloton.jpg 559w, https:\/\/www.aclanester56.com\/velo\/wp-content\/uploads\/2012\/07\/bubry-2012-cadets-Yoann-s\u00e9lo-\u00e9tire-le-peloton-300x168.jpg 300w, https:\/\/www.aclanester56.com\/velo\/wp-content\/uploads\/2012\/07\/bubry-2012-cadets-Yoann-s\u00e9lo-\u00e9tire-le-peloton-534x300.jpg 534w\" sizes=\"auto, (max-width: 280px) 100vw, 280px\" \/><\/a><p id=\"caption-attachment-12738\" class=\"wp-caption-text\">Les jeunes Lanest\u00e9riens ont \u00e9t\u00e9 tr\u00e8s actifs \u00e0 Bubry (photo Philippe Guiho)<\/p><\/div>\n<p><span style=\"text-decoration: underline;\"><strong>Bubry :<\/strong><\/span><\/p>\n<p>1 Pierre-Alexis Bodinier (US Ch\u00e2teaugiron)<br \/>2 Arthur Didelot (CC Pays Bulgneville)<br \/>3 Jason Jegat (ACP Baud)<br \/>4 Nicolas Kerneis (VS Sca\u00ebrois)<br \/><span style=\"background-color: #ff6600;\">5 Maxime Lannurien\u00a0(AC Lanester 56)<\/span><br \/><span style=\"background-color: #ff6600;\">6 \u00a0Yoann Selo\u00a0(AC Lanester 56)<\/span><br \/><span style=\"background-color: #ff6600;\">10 Nicolas Primas (AC Lanester 56)<\/span><\/p>\n<p><span style=\"text-decoration: underline;\"><strong>Plessala :<\/strong><\/span><\/p>\n<p>1 Alexis Lucas (VSP Lamballe)<br \/>2 Vincent Moulin (CC Moncontour)<br \/>3 David Gaudu (Landivisienne Cyclisme)<br \/>4 Quentin Lecoq (UC Briochine)<br \/>5 C\u00e9dric Le Mou\u00ebl (VC Saint-Malo)<br \/><span style=\"background-color: #ff6600;\">9 Corentin Le Bouedec-Revolt (AC Lanester 56)<\/span><\/p>\n<p><em><strong>Remerciements \u00e0 Jean-Marc Morvan, Marion Denis et Philippe Guiho.<\/strong><\/em><\/p>\n","protected":false},"excerpt":{"rendered":"","protected":false},"author":14,"featured_media":12729,"comment_status":"open","ping_status":"closed","sticky":false,"template":"","format":"standard","meta":{"ngg_post_thumbnail":0,"footnotes":""},"categories":[5],"tags":[],"class_list":["post-12728","post","type-post","status-publish","format-standard","has-post-thumbnail","hentry","category-ac-lanester-56"],"yoast_head":"<!-- This site is optimized with the Yoast SEO plugin v27.5 - https:\/\/yoast.com\/product\/yoast-seo-wordpress\/ -->\n<title>Cadets : Thomas Denis 2\u00e8me \u00e0 Arzon ! - Avenir Cycliste Lanester 56<\/title>\n<meta name=\"robots\" content=\"index, follow, max-snippet:-1, max-image-preview:large, max-video-preview:-1\" \/>\n<link rel=\"canonical\" href=\"https:\/\/www.aclanester56.com\/velo\/cadets-thomas-denis-2eme-a-arzon\/\" \/>\n<meta property=\"og:locale\" content=\"fr_FR\" \/>\n<meta property=\"og:type\" content=\"article\" \/>\n<meta property=\"og:title\" content=\"Cadets : Thomas Denis 2\u00e8me \u00e0 Arzon ! - Avenir Cycliste Lanester 56\" \/>\n<meta property=\"og:url\" content=\"https:\/\/www.aclanester56.com\/velo\/cadets-thomas-denis-2eme-a-arzon\/\" \/>\n<meta property=\"og:site_name\" content=\"Avenir Cycliste Lanester 56\" \/>\n<meta property=\"article:publisher\" content=\"https:\/\/www.facebook.com\/pages\/AC-Lanester-56\/190286300991242?fref=ts\" \/>\n<meta property=\"article:published_time\" content=\"2012-07-06T06:38:05+00:00\" \/>\n<meta property=\"article:modified_time\" content=\"2013-12-22T10:50:37+00:00\" \/>\n<meta property=\"og:image\" content=\"https:\/\/www.aclanester56.com\/velo\/wp-content\/uploads\/2012\/07\/Thomas-Denis-Copie.jpg\" \/>\n\t<meta property=\"og:image:width\" content=\"650\" \/>\n\t<meta property=\"og:image:height\" content=\"300\" \/>\n\t<meta property=\"og:image:type\" content=\"image\/jpeg\" \/>\n<meta name=\"author\" content=\"Jean-Christophe\" \/>\n<meta name=\"twitter:label1\" content=\"\u00c9crit par\" \/>\n\t<meta name=\"twitter:data1\" content=\"Jean-Christophe\" \/>\n\t<meta name=\"twitter:label2\" content=\"Dur\u00e9e de lecture estim\u00e9e\" \/>\n\t<meta name=\"twitter:data2\" content=\"2 minutes\" \/>\n<script type=\"application\/ld+json\" class=\"yoast-schema-graph\">{\"@context\":\"https:\\\/\\\/schema.org\",\"@graph\":[{\"@type\":\"Article\",\"@id\":\"https:\\\/\\\/www.aclanester56.com\\\/velo\\\/cadets-thomas-denis-2eme-a-arzon\\\/#article\",\"isPartOf\":{\"@id\":\"https:\\\/\\\/www.aclanester56.com\\\/velo\\\/cadets-thomas-denis-2eme-a-arzon\\\/\"},\"author\":{\"name\":\"Jean-Christophe\",\"@id\":\"https:\\\/\\\/www.aclanester56.com\\\/velo\\\/#\\\/schema\\\/person\\\/ca2a44a5fd969e9dd846c72d3b33bc01\"},\"headline\":\"Cadets : Thomas Denis 2\u00e8me \u00e0 Arzon !\",\"datePublished\":\"2012-07-06T06:38:05+00:00\",\"dateModified\":\"2013-12-22T10:50:37+00:00\",\"mainEntityOfPage\":{\"@id\":\"https:\\\/\\\/www.aclanester56.com\\\/velo\\\/cadets-thomas-denis-2eme-a-arzon\\\/\"},\"wordCount\":473,\"commentCount\":0,\"publisher\":{\"@id\":\"https:\\\/\\\/www.aclanester56.com\\\/velo\\\/#organization\"},\"image\":{\"@id\":\"https:\\\/\\\/www.aclanester56.com\\\/velo\\\/cadets-thomas-denis-2eme-a-arzon\\\/#primaryimage\"},\"thumbnailUrl\":\"https:\\\/\\\/www.aclanester56.com\\\/velo\\\/wp-content\\\/uploads\\\/2012\\\/07\\\/Thomas-Denis-Copie.jpg\",\"articleSection\":[\"AC LANESTER 56\"],\"inLanguage\":\"fr-FR\",\"potentialAction\":[{\"@type\":\"CommentAction\",\"name\":\"Comment\",\"target\":[\"https:\\\/\\\/www.aclanester56.com\\\/velo\\\/cadets-thomas-denis-2eme-a-arzon\\\/#respond\"]}]},{\"@type\":\"WebPage\",\"@id\":\"https:\\\/\\\/www.aclanester56.com\\\/velo\\\/cadets-thomas-denis-2eme-a-arzon\\\/\",\"url\":\"https:\\\/\\\/www.aclanester56.com\\\/velo\\\/cadets-thomas-denis-2eme-a-arzon\\\/\",\"name\":\"Cadets : Thomas Denis 2\u00e8me \u00e0 Arzon ! - Avenir Cycliste Lanester 56\",\"isPartOf\":{\"@id\":\"https:\\\/\\\/www.aclanester56.com\\\/velo\\\/#website\"},\"primaryImageOfPage\":{\"@id\":\"https:\\\/\\\/www.aclanester56.com\\\/velo\\\/cadets-thomas-denis-2eme-a-arzon\\\/#primaryimage\"},\"image\":{\"@id\":\"https:\\\/\\\/www.aclanester56.com\\\/velo\\\/cadets-thomas-denis-2eme-a-arzon\\\/#primaryimage\"},\"thumbnailUrl\":\"https:\\\/\\\/www.aclanester56.com\\\/velo\\\/wp-content\\\/uploads\\\/2012\\\/07\\\/Thomas-Denis-Copie.jpg\",\"datePublished\":\"2012-07-06T06:38:05+00:00\",\"dateModified\":\"2013-12-22T10:50:37+00:00\",\"inLanguage\":\"fr-FR\",\"potentialAction\":[{\"@type\":\"ReadAction\",\"target\":[\"https:\\\/\\\/www.aclanester56.com\\\/velo\\\/cadets-thomas-denis-2eme-a-arzon\\\/\"]}]},{\"@type\":\"ImageObject\",\"inLanguage\":\"fr-FR\",\"@id\":\"https:\\\/\\\/www.aclanester56.com\\\/velo\\\/cadets-thomas-denis-2eme-a-arzon\\\/#primaryimage\",\"url\":\"https:\\\/\\\/www.aclanester56.com\\\/velo\\\/wp-content\\\/uploads\\\/2012\\\/07\\\/Thomas-Denis-Copie.jpg\",\"contentUrl\":\"https:\\\/\\\/www.aclanester56.com\\\/velo\\\/wp-content\\\/uploads\\\/2012\\\/07\\\/Thomas-Denis-Copie.jpg\",\"width\":650,\"height\":300},{\"@type\":\"WebSite\",\"@id\":\"https:\\\/\\\/www.aclanester56.com\\\/velo\\\/#website\",\"url\":\"https:\\\/\\\/www.aclanester56.com\\\/velo\\\/\",\"name\":\"Avenir Cycliste Lanester 56\",\"description\":\"Club cycliste de l&#039;AC LANESTER 56\",\"publisher\":{\"@id\":\"https:\\\/\\\/www.aclanester56.com\\\/velo\\\/#organization\"},\"potentialAction\":[{\"@type\":\"SearchAction\",\"target\":{\"@type\":\"EntryPoint\",\"urlTemplate\":\"https:\\\/\\\/www.aclanester56.com\\\/velo\\\/?s={search_term_string}\"},\"query-input\":{\"@type\":\"PropertyValueSpecification\",\"valueRequired\":true,\"valueName\":\"search_term_string\"}}],\"inLanguage\":\"fr-FR\"},{\"@type\":\"Organization\",\"@id\":\"https:\\\/\\\/www.aclanester56.com\\\/velo\\\/#organization\",\"name\":\"Avenir Cycliste Lanester 56\",\"url\":\"https:\\\/\\\/www.aclanester56.com\\\/velo\\\/\",\"logo\":{\"@type\":\"ImageObject\",\"inLanguage\":\"fr-FR\",\"@id\":\"https:\\\/\\\/www.aclanester56.com\\\/velo\\\/#\\\/schema\\\/logo\\\/image\\\/\",\"url\":\"https:\\\/\\\/www.aclanester56.com\\\/velo\\\/wp-content\\\/uploads\\\/2013\\\/04\\\/logo-ACL.jpg\",\"contentUrl\":\"https:\\\/\\\/www.aclanester56.com\\\/velo\\\/wp-content\\\/uploads\\\/2013\\\/04\\\/logo-ACL.jpg\",\"width\":400,\"height\":334,\"caption\":\"Avenir Cycliste Lanester 56\"},\"image\":{\"@id\":\"https:\\\/\\\/www.aclanester56.com\\\/velo\\\/#\\\/schema\\\/logo\\\/image\\\/\"},\"sameAs\":[\"https:\\\/\\\/www.facebook.com\\\/pages\\\/AC-Lanester-56\\\/190286300991242?fref=ts\"]},{\"@type\":\"Person\",\"@id\":\"https:\\\/\\\/www.aclanester56.com\\\/velo\\\/#\\\/schema\\\/person\\\/ca2a44a5fd969e9dd846c72d3b33bc01\",\"name\":\"Jean-Christophe\",\"url\":\"https:\\\/\\\/www.aclanester56.com\\\/velo\\\/author\\\/jeanchristophe\\\/\"}]}<\/script>\n<!-- \/ Yoast SEO plugin. -->","yoast_head_json":{"title":"Cadets : Thomas Denis 2\u00e8me \u00e0 Arzon ! - Avenir Cycliste Lanester 56","robots":{"index":"index","follow":"follow","max-snippet":"max-snippet:-1","max-image-preview":"max-image-preview:large","max-video-preview":"max-video-preview:-1"},"canonical":"https:\/\/www.aclanester56.com\/velo\/cadets-thomas-denis-2eme-a-arzon\/","og_locale":"fr_FR","og_type":"article","og_title":"Cadets : Thomas Denis 2\u00e8me \u00e0 Arzon ! - Avenir Cycliste Lanester 56","og_url":"https:\/\/www.aclanester56.com\/velo\/cadets-thomas-denis-2eme-a-arzon\/","og_site_name":"Avenir Cycliste Lanester 56","article_publisher":"https:\/\/www.facebook.com\/pages\/AC-Lanester-56\/190286300991242?fref=ts","article_published_time":"2012-07-06T06:38:05+00:00","article_modified_time":"2013-12-22T10:50:37+00:00","og_image":[{"width":650,"height":300,"url":"https:\/\/www.aclanester56.com\/velo\/wp-content\/uploads\/2012\/07\/Thomas-Denis-Copie.jpg","type":"image\/jpeg"}],"author":"Jean-Christophe","twitter_misc":{"\u00c9crit par":"Jean-Christophe","Dur\u00e9e de lecture estim\u00e9e":"2 minutes"},"schema":{"@context":"https:\/\/schema.org","@graph":[{"@type":"Article","@id":"https:\/\/www.aclanester56.com\/velo\/cadets-thomas-denis-2eme-a-arzon\/#article","isPartOf":{"@id":"https:\/\/www.aclanester56.com\/velo\/cadets-thomas-denis-2eme-a-arzon\/"},"author":{"name":"Jean-Christophe","@id":"https:\/\/www.aclanester56.com\/velo\/#\/schema\/person\/ca2a44a5fd969e9dd846c72d3b33bc01"},"headline":"Cadets : Thomas Denis 2\u00e8me \u00e0 Arzon !","datePublished":"2012-07-06T06:38:05+00:00","dateModified":"2013-12-22T10:50:37+00:00","mainEntityOfPage":{"@id":"https:\/\/www.aclanester56.com\/velo\/cadets-thomas-denis-2eme-a-arzon\/"},"wordCount":473,"commentCount":0,"publisher":{"@id":"https:\/\/www.aclanester56.com\/velo\/#organization"},"image":{"@id":"https:\/\/www.aclanester56.com\/velo\/cadets-thomas-denis-2eme-a-arzon\/#primaryimage"},"thumbnailUrl":"https:\/\/www.aclanester56.com\/velo\/wp-content\/uploads\/2012\/07\/Thomas-Denis-Copie.jpg","articleSection":["AC LANESTER 56"],"inLanguage":"fr-FR","potentialAction":[{"@type":"CommentAction","name":"Comment","target":["https:\/\/www.aclanester56.com\/velo\/cadets-thomas-denis-2eme-a-arzon\/#respond"]}]},{"@type":"WebPage","@id":"https:\/\/www.aclanester56.com\/velo\/cadets-thomas-denis-2eme-a-arzon\/","url":"https:\/\/www.aclanester56.com\/velo\/cadets-thomas-denis-2eme-a-arzon\/","name":"Cadets : Thomas Denis 2\u00e8me \u00e0 Arzon ! - Avenir Cycliste Lanester 56","isPartOf":{"@id":"https:\/\/www.aclanester56.com\/velo\/#website"},"primaryImageOfPage":{"@id":"https:\/\/www.aclanester56.com\/velo\/cadets-thomas-denis-2eme-a-arzon\/#primaryimage"},"image":{"@id":"https:\/\/www.aclanester56.com\/velo\/cadets-thomas-denis-2eme-a-arzon\/#primaryimage"},"thumbnailUrl":"https:\/\/www.aclanester56.com\/velo\/wp-content\/uploads\/2012\/07\/Thomas-Denis-Copie.jpg","datePublished":"2012-07-06T06:38:05+00:00","dateModified":"2013-12-22T10:50:37+00:00","inLanguage":"fr-FR","potentialAction":[{"@type":"ReadAction","target":["https:\/\/www.aclanester56.com\/velo\/cadets-thomas-denis-2eme-a-arzon\/"]}]},{"@type":"ImageObject","inLanguage":"fr-FR","@id":"https:\/\/www.aclanester56.com\/velo\/cadets-thomas-denis-2eme-a-arzon\/#primaryimage","url":"https:\/\/www.aclanester56.com\/velo\/wp-content\/uploads\/2012\/07\/Thomas-Denis-Copie.jpg","contentUrl":"https:\/\/www.aclanester56.com\/velo\/wp-content\/uploads\/2012\/07\/Thomas-Denis-Copie.jpg","width":650,"height":300},{"@type":"WebSite","@id":"https:\/\/www.aclanester56.com\/velo\/#website","url":"https:\/\/www.aclanester56.com\/velo\/","name":"Avenir Cycliste Lanester 56","description":"Club cycliste de l&#039;AC LANESTER 56","publisher":{"@id":"https:\/\/www.aclanester56.com\/velo\/#organization"},"potentialAction":[{"@type":"SearchAction","target":{"@type":"EntryPoint","urlTemplate":"https:\/\/www.aclanester56.com\/velo\/?s={search_term_string}"},"query-input":{"@type":"PropertyValueSpecification","valueRequired":true,"valueName":"search_term_string"}}],"inLanguage":"fr-FR"},{"@type":"Organization","@id":"https:\/\/www.aclanester56.com\/velo\/#organization","name":"Avenir Cycliste Lanester 56","url":"https:\/\/www.aclanester56.com\/velo\/","logo":{"@type":"ImageObject","inLanguage":"fr-FR","@id":"https:\/\/www.aclanester56.com\/velo\/#\/schema\/logo\/image\/","url":"https:\/\/www.aclanester56.com\/velo\/wp-content\/uploads\/2013\/04\/logo-ACL.jpg","contentUrl":"https:\/\/www.aclanester56.com\/velo\/wp-content\/uploads\/2013\/04\/logo-ACL.jpg","width":400,"height":334,"caption":"Avenir Cycliste Lanester 56"},"image":{"@id":"https:\/\/www.aclanester56.com\/velo\/#\/schema\/logo\/image\/"},"sameAs":["https:\/\/www.facebook.com\/pages\/AC-Lanester-56\/190286300991242?fref=ts"]},{"@type":"Person","@id":"https:\/\/www.aclanester56.com\/velo\/#\/schema\/person\/ca2a44a5fd969e9dd846c72d3b33bc01","name":"Jean-Christophe","url":"https:\/\/www.aclanester56.com\/velo\/author\/jeanchristophe\/"}]}},"_links":{"self":[{"href":"https:\/\/www.aclanester56.com\/velo\/wp-json\/wp\/v2\/posts\/12728","targetHints":{"allow":["GET"]}}],"collection":[{"href":"https:\/\/www.aclanester56.com\/velo\/wp-json\/wp\/v2\/posts"}],"about":[{"href":"https:\/\/www.aclanester56.com\/velo\/wp-json\/wp\/v2\/types\/post"}],"author":[{"embeddable":true,"href":"https:\/\/www.aclanester56.com\/velo\/wp-json\/wp\/v2\/users\/14"}],"replies":[{"embeddable":true,"href":"https:\/\/www.aclanester56.com\/velo\/wp-json\/wp\/v2\/comments?post=12728"}],"version-history":[{"count":0,"href":"https:\/\/www.aclanester56.com\/velo\/wp-json\/wp\/v2\/posts\/12728\/revisions"}],"wp:featuredmedia":[{"embeddable":true,"href":"https:\/\/www.aclanester56.com\/velo\/wp-json\/wp\/v2\/media\/12729"}],"wp:attachment":[{"href":"https:\/\/www.aclanester56.com\/velo\/wp-json\/wp\/v2\/media?parent=12728"}],"wp:term":[{"taxonomy":"category","embeddable":true,"href":"https:\/\/www.aclanester56.com\/velo\/wp-json\/wp\/v2\/categories?post=12728"},{"taxonomy":"post_tag","embeddable":true,"href":"https:\/\/www.aclanester56.com\/velo\/wp-json\/wp\/v2\/tags?post=12728"}],"curies":[{"name":"wp","href":"https:\/\/api.w.org\/{rel}","templated":true}]}}