{"id":12754,"date":"2012-07-10T07:43:44","date_gmt":"2012-07-10T06:43:44","guid":{"rendered":"http:\/\/www.aclanester56.com\/velo\/?p=12754"},"modified":"2013-12-22T12:50:13","modified_gmt":"2013-12-22T10:50:13","slug":"le-lanesterien-heimrick-siby-remporte-en-costaud-la-route-mauritanienne","status":"publish","type":"post","link":"https:\/\/www.aclanester56.com\/velo\/le-lanesterien-heimrick-siby-remporte-en-costaud-la-route-mauritanienne\/","title":{"rendered":"Le Lanest\u00e9rien Heimrick Siby remporte en costaud la Route Mauritanienne !"},"content":{"rendered":"<p style=\"text-align: justify;\"><!--more--><\/p>\n<p style=\"text-align: justify;\">Le jeune coureur de l&rsquo;AC Lanester 56 Heimrick Siby, encore junior l&rsquo;ann\u00e9e derni\u00e8re, a remport\u00e9 hier avec la mani\u00e8re la Mauritanienne, l&rsquo;une des plus belles \u00e9preuves bretonnes en ligne r\u00e9serv\u00e9e aux 3\u00e8me cat\u00e9gorie. L&rsquo;AC Lanester 56 remporte \u00e9galement le classement par \u00e9quipes.<\/p>\n<p>\u00a0<span style=\"color: #ff6600;\"><strong>Un imposant peloton au d\u00e9part<\/strong><\/span><\/p>\n<p style=\"text-align: justify;\">Huit coureurs de l&rsquo;AC Lanester 56 figurent parmi les 150 coureurs \u00e0 se pr\u00e9senter sur la ligne de d\u00e9part \u00e0 Maure-de-Bretagne : les juniors Melvyn Le Hen et Pierre Hol\u00e9, Benoit et Mathieu Le Bruchec, Florian Mor\u00e9ac, Jean-Christophe Sagot, Heimrick Siby et l&rsquo;entraineur-coureur Davy Le Ker. Prenant la course \u00e0 bras le corps d\u00e8s les premiers kilom\u00e8tres, les Lanest\u00e9riens vont tenter \u00e0 plusieurs reprises de faire casser le peloton, en vain. Le jeune Pierre Hol\u00e9 brise un rayon en pleine bagarre et malgr\u00e9 un changement de roue, n&rsquo;est pas parvenu \u00e0 revenir sur le peloton.<\/p>\n<div id=\"attachment_12767\" style=\"width: 259px\" class=\"wp-caption alignright\"><a href=\"http:\/\/www.aclanester56.com\/velo\/wp-content\/uploads\/2012\/07\/Benoit-Le-Bruchec-498x600.jpg\"><img loading=\"lazy\" decoding=\"async\" aria-describedby=\"caption-attachment-12767\" class=\"size-large wp-image-12767\" title=\"Tr\u00e8s actif en d\u00e9but de course, Benoit Le Bruchec a fait preuve d'un tr\u00e8s bel \u00e9tat d'esprit pour prot\u00e9ger son jeune co\u00e9quipier (photo Adeline Harvis)\" alt=\"\" src=\"http:\/\/www.aclanester56.com\/velo\/wp-content\/uploads\/2012\/07\/Benoit-Le-Bruchec-498x600.jpg\" width=\"249\" height=\"300\" srcset=\"https:\/\/www.aclanester56.com\/velo\/wp-content\/uploads\/2012\/07\/Benoit-Le-Bruchec-498x600.jpg 498w, https:\/\/www.aclanester56.com\/velo\/wp-content\/uploads\/2012\/07\/Benoit-Le-Bruchec-249x300.jpg 249w, https:\/\/www.aclanester56.com\/velo\/wp-content\/uploads\/2012\/07\/Benoit-Le-Bruchec.jpg 797w\" sizes=\"auto, (max-width: 249px) 100vw, 249px\" \/><\/a><p id=\"caption-attachment-12767\" class=\"wp-caption-text\">Tr\u00e8s actif en d\u00e9but de course, Benoit Le Bruchec a fait preuve d&rsquo;un tr\u00e8s bel \u00e9tat d&rsquo;esprit pour prot\u00e9ger son jeune co\u00e9quipier (photo Adeline Harvis)<\/p><\/div>\n<p style=\"text-align: justify;\"><span style=\"color: #ff6600;\"><strong>Siby, Sagot et Le Bruchec \u00e0 l&rsquo;avant<\/strong><\/span><\/p>\n<p style=\"text-align: justify;\">Huit coureurs parmi lesquels le Lanest\u00e9rien Heimrick Siby trouvent finalement l&rsquo;ouverture vers le 30\u00e8me kilom\u00e8tre et prennent rapidement un avantage de pr\u00e8s de 2 minutes sur le peloton. Vers le 70\u00e8me Kilom\u00e8tre, une premi\u00e8re contre-attaque avec Jean-Christophe Sagot, puis une deuxi\u00e8me avec Benoit Le Bruchec reviennent sur les \u00e9chapp\u00e9es. Aussit\u00f4t, le groupe de t\u00eate cassait \u00e0 nouveau sous l&rsquo;impulsion d&rsquo;Heimrick Siby, encore lui, \u00e0 l&rsquo;occasion d&rsquo;un classement animateur et six coureurs entraient sur le circuit final avec un tr\u00e8s faible avantage sur une vingtaine de coureurs. Au bout de 2 tours de circuit, les hommes de t\u00eate se regroupent \u00e0 nouveau et la bonne \u00e9chapp\u00e9e se forme alors avec l&rsquo;incontournable Heimrick Siby et son co\u00e9quipier Jean-Christophe Sagot.<\/p>\n<p style=\"text-align: justify;\"><span style=\"color: #ff6600;\"><strong>Heimrick Siby au-dessus du lot !<\/strong><\/span><\/p>\n<p style=\"text-align: justify;\">Dans l&rsquo;ultime difficult\u00e9, ce dernier acc\u00e9l\u00e8re le rythme, avant d&rsquo;\u00eatre contr\u00e9 par le Josselinois Fr\u00e9d\u00e9ric Guymard et le Lanest\u00e9rien Heimrick Siby. Le jeune coureur de l&rsquo;AC Lanester 56 place un d\u00e9marrage fulgurant \u00e0 la flamme rouge et remporte ainsi en solitaire un superbe succ\u00e8s, le tout premier de sa jeune carri\u00e8re ! Derri\u00e8re, Jean-Christophe Sagot et Benoit Le Bruchec terminent respectivement 6\u00e8me et 13\u00e8me, ce qui permettait \u00e0 l&rsquo;AC Lanester 56 de remporter haut la main le classement par \u00e9quipes ! Pr\u00e9sent pendant toute la course aux avants-postes, Heimrick remporte logiquement le classement du meilleur animateur.<\/p>\n<div id=\"attachment_12770\" style=\"width: 410px\" class=\"wp-caption alignleft\"><a href=\"http:\/\/www.aclanester56.com\/velo\/wp-content\/uploads\/2012\/07\/IMG_20120708_182716-800x600.jpg\"><img loading=\"lazy\" decoding=\"async\" aria-describedby=\"caption-attachment-12770\" class=\"size-large wp-image-12770\" title=\"Heimrick Siby, vainqueur du jour et meilleur animateur, et l'AC Lanester 56, premi\u00e8re \u00e9quipe, ont \u00e9t\u00e9 r\u00e9compens\u00e9s (photo J\u00e9r\u00f4me Beldent)\" alt=\"\" src=\"http:\/\/www.aclanester56.com\/velo\/wp-content\/uploads\/2012\/07\/IMG_20120708_182716-800x600.jpg\" width=\"400\" height=\"300\" srcset=\"https:\/\/www.aclanester56.com\/velo\/wp-content\/uploads\/2012\/07\/IMG_20120708_182716-800x600.jpg 800w, https:\/\/www.aclanester56.com\/velo\/wp-content\/uploads\/2012\/07\/IMG_20120708_182716-300x225.jpg 300w, https:\/\/www.aclanester56.com\/velo\/wp-content\/uploads\/2012\/07\/IMG_20120708_182716-400x300.jpg 400w\" sizes=\"auto, (max-width: 400px) 100vw, 400px\" \/><\/a><p id=\"caption-attachment-12770\" class=\"wp-caption-text\">Heimrick Siby, vainqueur du jour et meilleur animateur, et l&rsquo;AC Lanester 56, premi\u00e8re \u00e9quipe, ont \u00e9t\u00e9 r\u00e9compens\u00e9s (photo J\u00e9r\u00f4me Beldent)<\/p><\/div>\n<p style=\"text-align: justify;\"><span style=\"color: #ff6600;\"><strong>\u00ab\u00a0Une belle r\u00e9compense, pas une surprise\u00a0\u00bb<\/strong><\/span><\/p>\n<p style=\"text-align: justify;\">Quelques m\u00e8tres apr\u00e8s l&rsquo;arriv\u00e9e, on pouvait voir la joie des coureurs et encadrants, lesquels en ont pourtant vu d&rsquo;autres, qui sont tomb\u00e9s dans les bras des uns et des autres, tous heureux de la victoire du m\u00e9ritant Heimrick. Au micro du speaker Damien Martin, le directeur sportif J\u00e9r\u00f4me Beldent \u00e9tait tr\u00e8s satisfait de la performance de ses poulains et en particulier de celle du vainqueur du jour : \u00ab\u00a0<em><strong>Pour nous, c&rsquo;est tout sauf une surprise. Heimrick progresse depuis le d\u00e9but de saison et est en tr\u00e8s grande condition depuis quelques semaines. Cette victoire est une tr\u00e8s belle r\u00e9compense pour les efforts qu&rsquo;il effectue aux\u00a0entra\u00eenements<\/strong><\/em>\u00ab\u00a0. Sur cette \u00e9preuve, on a \u00e9galement pu apercevoir les gros progr\u00e8s de jeunes comme Florian Mor\u00e9ac, Melvyn Le Hen et Mathieu Le Bruchec, qui vont assur\u00e9ment trouver en la victoire de leur co\u00e9quipier une source de suppl\u00e9mentaire pour franchir un palier suppl\u00e9mentaire !<\/p>\n<div id=\"attachment_12772\" style=\"width: 188px\" class=\"wp-caption alignright\"><a href=\"http:\/\/www.aclanester56.com\/velo\/wp-content\/uploads\/2012\/07\/Florian-Mor\u00e9ac1-356x600.jpg\"><img loading=\"lazy\" decoding=\"async\" aria-describedby=\"caption-attachment-12772\" class=\"size-large wp-image-12772\" title=\"On pourrait voir Florian Mor\u00e9ac dans le haut des classements dans les semaines \u00e0 venir (photo Adeline Harvis)\" alt=\"\" src=\"http:\/\/www.aclanester56.com\/velo\/wp-content\/uploads\/2012\/07\/Florian-Mor\u00e9ac1-356x600.jpg\" width=\"178\" height=\"300\" srcset=\"https:\/\/www.aclanester56.com\/velo\/wp-content\/uploads\/2012\/07\/Florian-Mor\u00e9ac1-356x600.jpg 356w, https:\/\/www.aclanester56.com\/velo\/wp-content\/uploads\/2012\/07\/Florian-Mor\u00e9ac1-178x300.jpg 178w, https:\/\/www.aclanester56.com\/velo\/wp-content\/uploads\/2012\/07\/Florian-Mor\u00e9ac1.jpg 570w\" sizes=\"auto, (max-width: 178px) 100vw, 178px\" \/><\/a><p id=\"caption-attachment-12772\" class=\"wp-caption-text\">On pourrait voir Florian Mor\u00e9ac dans le haut des classements dans les semaines \u00e0 venir (photo Adeline Harvis)<\/p><\/div>\n<p><span style=\"text-decoration: underline;\">\u00a0<strong>Classement :<\/strong><\/span><\/p>\n<p><span style=\"background-color: #ff6600;\">1 Heimrick Siby (AC Lanester 56)<\/span><br \/>2 Fr\u00e9d\u00e9ric Guymard (UC Pays de Josselin)<br \/>3 Joan Nevo (VC Pays de Loud\u00e9ac)<br \/>4 Dylan Lebranchu (UC Guinefort Pays de Dinan)<br \/>5 Erwan Cornillet (VS Pays de Lamballe)<br \/><span style=\"background-color: #ff6600;\">6 Jean-Christophe Sagot (AC Lanester 56)<\/span><br \/>7 S\u00e9bastien Trovalet (CC Vitr\u00e9en)<br \/>8 Fr\u00e9ddy Lebel (CC Rennais)<br \/>9 K\u00e9vin Poli (ASPTT Rennes)<br \/>10 Laurent Roul (US La Gacilly Cyclisme)<br \/><span style=\"background-color: #ff6600;\">13 Benoit Le Bruchec (AC Lanester 56)<\/span><\/p>\n<p><em><strong>Remerciements \u00e0 Adeline Harvis pour les photos.<\/strong><\/em><\/p>\n","protected":false},"excerpt":{"rendered":"","protected":false},"author":14,"featured_media":12763,"comment_status":"open","ping_status":"closed","sticky":false,"template":"","format":"standard","meta":{"ngg_post_thumbnail":0,"footnotes":""},"categories":[5,18,21],"tags":[],"class_list":["post-12754","post","type-post","status-publish","format-standard","has-post-thumbnail","hentry","category-ac-lanester-56","category-resultats-3eme-categorie","category-resultats-juniors"],"yoast_head":"<!-- This site is optimized with the Yoast SEO plugin v27.5 - https:\/\/yoast.com\/product\/yoast-seo-wordpress\/ -->\n<title>Le Lanest\u00e9rien Heimrick Siby remporte en costaud la Route Mauritanienne ! - Avenir Cycliste Lanester 56<\/title>\n<meta name=\"robots\" content=\"index, follow, max-snippet:-1, max-image-preview:large, max-video-preview:-1\" \/>\n<link rel=\"canonical\" href=\"https:\/\/www.aclanester56.com\/velo\/le-lanesterien-heimrick-siby-remporte-en-costaud-la-route-mauritanienne\/\" \/>\n<meta property=\"og:locale\" content=\"fr_FR\" \/>\n<meta property=\"og:type\" content=\"article\" \/>\n<meta property=\"og:title\" content=\"Le Lanest\u00e9rien Heimrick Siby remporte en costaud la Route Mauritanienne ! - Avenir Cycliste Lanester 56\" \/>\n<meta property=\"og:url\" content=\"https:\/\/www.aclanester56.com\/velo\/le-lanesterien-heimrick-siby-remporte-en-costaud-la-route-mauritanienne\/\" \/>\n<meta property=\"og:site_name\" content=\"Avenir Cycliste Lanester 56\" \/>\n<meta property=\"article:publisher\" content=\"https:\/\/www.facebook.com\/pages\/AC-Lanester-56\/190286300991242?fref=ts\" \/>\n<meta property=\"article:published_time\" content=\"2012-07-10T06:43:44+00:00\" \/>\n<meta property=\"article:modified_time\" content=\"2013-12-22T10:50:13+00:00\" \/>\n<meta property=\"og:image\" content=\"https:\/\/www.aclanester56.com\/velo\/wp-content\/uploads\/2012\/07\/Heimrick-Siby-Copie.jpg\" \/>\n\t<meta property=\"og:image:width\" content=\"650\" \/>\n\t<meta property=\"og:image:height\" content=\"300\" \/>\n\t<meta property=\"og:image:type\" content=\"image\/jpeg\" \/>\n<meta name=\"author\" content=\"Jean-Christophe\" \/>\n<meta name=\"twitter:label1\" content=\"\u00c9crit par\" \/>\n\t<meta name=\"twitter:data1\" content=\"Jean-Christophe\" \/>\n\t<meta name=\"twitter:label2\" content=\"Dur\u00e9e de lecture estim\u00e9e\" \/>\n\t<meta name=\"twitter:data2\" content=\"4 minutes\" \/>\n<script type=\"application\/ld+json\" class=\"yoast-schema-graph\">{\"@context\":\"https:\\\/\\\/schema.org\",\"@graph\":[{\"@type\":\"Article\",\"@id\":\"https:\\\/\\\/www.aclanester56.com\\\/velo\\\/le-lanesterien-heimrick-siby-remporte-en-costaud-la-route-mauritanienne\\\/#article\",\"isPartOf\":{\"@id\":\"https:\\\/\\\/www.aclanester56.com\\\/velo\\\/le-lanesterien-heimrick-siby-remporte-en-costaud-la-route-mauritanienne\\\/\"},\"author\":{\"name\":\"Jean-Christophe\",\"@id\":\"https:\\\/\\\/www.aclanester56.com\\\/velo\\\/#\\\/schema\\\/person\\\/ca2a44a5fd969e9dd846c72d3b33bc01\"},\"headline\":\"Le Lanest\u00e9rien Heimrick Siby remporte en costaud la Route Mauritanienne !\",\"datePublished\":\"2012-07-10T06:43:44+00:00\",\"dateModified\":\"2013-12-22T10:50:13+00:00\",\"mainEntityOfPage\":{\"@id\":\"https:\\\/\\\/www.aclanester56.com\\\/velo\\\/le-lanesterien-heimrick-siby-remporte-en-costaud-la-route-mauritanienne\\\/\"},\"wordCount\":728,\"commentCount\":1,\"publisher\":{\"@id\":\"https:\\\/\\\/www.aclanester56.com\\\/velo\\\/#organization\"},\"image\":{\"@id\":\"https:\\\/\\\/www.aclanester56.com\\\/velo\\\/le-lanesterien-heimrick-siby-remporte-en-costaud-la-route-mauritanienne\\\/#primaryimage\"},\"thumbnailUrl\":\"https:\\\/\\\/www.aclanester56.com\\\/velo\\\/wp-content\\\/uploads\\\/2012\\\/07\\\/Heimrick-Siby-Copie.jpg\",\"articleSection\":[\"AC LANESTER 56\",\"R\u00e9sultats 3eme cat\u00e9gorie\",\"R\u00e9sultats Juniors\"],\"inLanguage\":\"fr-FR\",\"potentialAction\":[{\"@type\":\"CommentAction\",\"name\":\"Comment\",\"target\":[\"https:\\\/\\\/www.aclanester56.com\\\/velo\\\/le-lanesterien-heimrick-siby-remporte-en-costaud-la-route-mauritanienne\\\/#respond\"]}]},{\"@type\":\"WebPage\",\"@id\":\"https:\\\/\\\/www.aclanester56.com\\\/velo\\\/le-lanesterien-heimrick-siby-remporte-en-costaud-la-route-mauritanienne\\\/\",\"url\":\"https:\\\/\\\/www.aclanester56.com\\\/velo\\\/le-lanesterien-heimrick-siby-remporte-en-costaud-la-route-mauritanienne\\\/\",\"name\":\"Le Lanest\u00e9rien Heimrick Siby remporte en costaud la Route Mauritanienne ! - Avenir Cycliste Lanester 56\",\"isPartOf\":{\"@id\":\"https:\\\/\\\/www.aclanester56.com\\\/velo\\\/#website\"},\"primaryImageOfPage\":{\"@id\":\"https:\\\/\\\/www.aclanester56.com\\\/velo\\\/le-lanesterien-heimrick-siby-remporte-en-costaud-la-route-mauritanienne\\\/#primaryimage\"},\"image\":{\"@id\":\"https:\\\/\\\/www.aclanester56.com\\\/velo\\\/le-lanesterien-heimrick-siby-remporte-en-costaud-la-route-mauritanienne\\\/#primaryimage\"},\"thumbnailUrl\":\"https:\\\/\\\/www.aclanester56.com\\\/velo\\\/wp-content\\\/uploads\\\/2012\\\/07\\\/Heimrick-Siby-Copie.jpg\",\"datePublished\":\"2012-07-10T06:43:44+00:00\",\"dateModified\":\"2013-12-22T10:50:13+00:00\",\"inLanguage\":\"fr-FR\",\"potentialAction\":[{\"@type\":\"ReadAction\",\"target\":[\"https:\\\/\\\/www.aclanester56.com\\\/velo\\\/le-lanesterien-heimrick-siby-remporte-en-costaud-la-route-mauritanienne\\\/\"]}]},{\"@type\":\"ImageObject\",\"inLanguage\":\"fr-FR\",\"@id\":\"https:\\\/\\\/www.aclanester56.com\\\/velo\\\/le-lanesterien-heimrick-siby-remporte-en-costaud-la-route-mauritanienne\\\/#primaryimage\",\"url\":\"https:\\\/\\\/www.aclanester56.com\\\/velo\\\/wp-content\\\/uploads\\\/2012\\\/07\\\/Heimrick-Siby-Copie.jpg\",\"contentUrl\":\"https:\\\/\\\/www.aclanester56.com\\\/velo\\\/wp-content\\\/uploads\\\/2012\\\/07\\\/Heimrick-Siby-Copie.jpg\",\"width\":650,\"height\":300},{\"@type\":\"WebSite\",\"@id\":\"https:\\\/\\\/www.aclanester56.com\\\/velo\\\/#website\",\"url\":\"https:\\\/\\\/www.aclanester56.com\\\/velo\\\/\",\"name\":\"Avenir Cycliste Lanester 56\",\"description\":\"Club cycliste de l&#039;AC LANESTER 56\",\"publisher\":{\"@id\":\"https:\\\/\\\/www.aclanester56.com\\\/velo\\\/#organization\"},\"potentialAction\":[{\"@type\":\"SearchAction\",\"target\":{\"@type\":\"EntryPoint\",\"urlTemplate\":\"https:\\\/\\\/www.aclanester56.com\\\/velo\\\/?s={search_term_string}\"},\"query-input\":{\"@type\":\"PropertyValueSpecification\",\"valueRequired\":true,\"valueName\":\"search_term_string\"}}],\"inLanguage\":\"fr-FR\"},{\"@type\":\"Organization\",\"@id\":\"https:\\\/\\\/www.aclanester56.com\\\/velo\\\/#organization\",\"name\":\"Avenir Cycliste Lanester 56\",\"url\":\"https:\\\/\\\/www.aclanester56.com\\\/velo\\\/\",\"logo\":{\"@type\":\"ImageObject\",\"inLanguage\":\"fr-FR\",\"@id\":\"https:\\\/\\\/www.aclanester56.com\\\/velo\\\/#\\\/schema\\\/logo\\\/image\\\/\",\"url\":\"https:\\\/\\\/www.aclanester56.com\\\/velo\\\/wp-content\\\/uploads\\\/2013\\\/04\\\/logo-ACL.jpg\",\"contentUrl\":\"https:\\\/\\\/www.aclanester56.com\\\/velo\\\/wp-content\\\/uploads\\\/2013\\\/04\\\/logo-ACL.jpg\",\"width\":400,\"height\":334,\"caption\":\"Avenir Cycliste Lanester 56\"},\"image\":{\"@id\":\"https:\\\/\\\/www.aclanester56.com\\\/velo\\\/#\\\/schema\\\/logo\\\/image\\\/\"},\"sameAs\":[\"https:\\\/\\\/www.facebook.com\\\/pages\\\/AC-Lanester-56\\\/190286300991242?fref=ts\"]},{\"@type\":\"Person\",\"@id\":\"https:\\\/\\\/www.aclanester56.com\\\/velo\\\/#\\\/schema\\\/person\\\/ca2a44a5fd969e9dd846c72d3b33bc01\",\"name\":\"Jean-Christophe\",\"url\":\"https:\\\/\\\/www.aclanester56.com\\\/velo\\\/author\\\/jeanchristophe\\\/\"}]}<\/script>\n<!-- \/ Yoast SEO plugin. -->","yoast_head_json":{"title":"Le Lanest\u00e9rien Heimrick Siby remporte en costaud la Route Mauritanienne ! - Avenir Cycliste Lanester 56","robots":{"index":"index","follow":"follow","max-snippet":"max-snippet:-1","max-image-preview":"max-image-preview:large","max-video-preview":"max-video-preview:-1"},"canonical":"https:\/\/www.aclanester56.com\/velo\/le-lanesterien-heimrick-siby-remporte-en-costaud-la-route-mauritanienne\/","og_locale":"fr_FR","og_type":"article","og_title":"Le Lanest\u00e9rien Heimrick Siby remporte en costaud la Route Mauritanienne ! - Avenir Cycliste Lanester 56","og_url":"https:\/\/www.aclanester56.com\/velo\/le-lanesterien-heimrick-siby-remporte-en-costaud-la-route-mauritanienne\/","og_site_name":"Avenir Cycliste Lanester 56","article_publisher":"https:\/\/www.facebook.com\/pages\/AC-Lanester-56\/190286300991242?fref=ts","article_published_time":"2012-07-10T06:43:44+00:00","article_modified_time":"2013-12-22T10:50:13+00:00","og_image":[{"width":650,"height":300,"url":"https:\/\/www.aclanester56.com\/velo\/wp-content\/uploads\/2012\/07\/Heimrick-Siby-Copie.jpg","type":"image\/jpeg"}],"author":"Jean-Christophe","twitter_misc":{"\u00c9crit par":"Jean-Christophe","Dur\u00e9e de lecture estim\u00e9e":"4 minutes"},"schema":{"@context":"https:\/\/schema.org","@graph":[{"@type":"Article","@id":"https:\/\/www.aclanester56.com\/velo\/le-lanesterien-heimrick-siby-remporte-en-costaud-la-route-mauritanienne\/#article","isPartOf":{"@id":"https:\/\/www.aclanester56.com\/velo\/le-lanesterien-heimrick-siby-remporte-en-costaud-la-route-mauritanienne\/"},"author":{"name":"Jean-Christophe","@id":"https:\/\/www.aclanester56.com\/velo\/#\/schema\/person\/ca2a44a5fd969e9dd846c72d3b33bc01"},"headline":"Le Lanest\u00e9rien Heimrick Siby remporte en costaud la Route Mauritanienne !","datePublished":"2012-07-10T06:43:44+00:00","dateModified":"2013-12-22T10:50:13+00:00","mainEntityOfPage":{"@id":"https:\/\/www.aclanester56.com\/velo\/le-lanesterien-heimrick-siby-remporte-en-costaud-la-route-mauritanienne\/"},"wordCount":728,"commentCount":1,"publisher":{"@id":"https:\/\/www.aclanester56.com\/velo\/#organization"},"image":{"@id":"https:\/\/www.aclanester56.com\/velo\/le-lanesterien-heimrick-siby-remporte-en-costaud-la-route-mauritanienne\/#primaryimage"},"thumbnailUrl":"https:\/\/www.aclanester56.com\/velo\/wp-content\/uploads\/2012\/07\/Heimrick-Siby-Copie.jpg","articleSection":["AC LANESTER 56","R\u00e9sultats 3eme cat\u00e9gorie","R\u00e9sultats Juniors"],"inLanguage":"fr-FR","potentialAction":[{"@type":"CommentAction","name":"Comment","target":["https:\/\/www.aclanester56.com\/velo\/le-lanesterien-heimrick-siby-remporte-en-costaud-la-route-mauritanienne\/#respond"]}]},{"@type":"WebPage","@id":"https:\/\/www.aclanester56.com\/velo\/le-lanesterien-heimrick-siby-remporte-en-costaud-la-route-mauritanienne\/","url":"https:\/\/www.aclanester56.com\/velo\/le-lanesterien-heimrick-siby-remporte-en-costaud-la-route-mauritanienne\/","name":"Le Lanest\u00e9rien Heimrick Siby remporte en costaud la Route Mauritanienne ! - Avenir Cycliste Lanester 56","isPartOf":{"@id":"https:\/\/www.aclanester56.com\/velo\/#website"},"primaryImageOfPage":{"@id":"https:\/\/www.aclanester56.com\/velo\/le-lanesterien-heimrick-siby-remporte-en-costaud-la-route-mauritanienne\/#primaryimage"},"image":{"@id":"https:\/\/www.aclanester56.com\/velo\/le-lanesterien-heimrick-siby-remporte-en-costaud-la-route-mauritanienne\/#primaryimage"},"thumbnailUrl":"https:\/\/www.aclanester56.com\/velo\/wp-content\/uploads\/2012\/07\/Heimrick-Siby-Copie.jpg","datePublished":"2012-07-10T06:43:44+00:00","dateModified":"2013-12-22T10:50:13+00:00","inLanguage":"fr-FR","potentialAction":[{"@type":"ReadAction","target":["https:\/\/www.aclanester56.com\/velo\/le-lanesterien-heimrick-siby-remporte-en-costaud-la-route-mauritanienne\/"]}]},{"@type":"ImageObject","inLanguage":"fr-FR","@id":"https:\/\/www.aclanester56.com\/velo\/le-lanesterien-heimrick-siby-remporte-en-costaud-la-route-mauritanienne\/#primaryimage","url":"https:\/\/www.aclanester56.com\/velo\/wp-content\/uploads\/2012\/07\/Heimrick-Siby-Copie.jpg","contentUrl":"https:\/\/www.aclanester56.com\/velo\/wp-content\/uploads\/2012\/07\/Heimrick-Siby-Copie.jpg","width":650,"height":300},{"@type":"WebSite","@id":"https:\/\/www.aclanester56.com\/velo\/#website","url":"https:\/\/www.aclanester56.com\/velo\/","name":"Avenir Cycliste Lanester 56","description":"Club cycliste de l&#039;AC LANESTER 56","publisher":{"@id":"https:\/\/www.aclanester56.com\/velo\/#organization"},"potentialAction":[{"@type":"SearchAction","target":{"@type":"EntryPoint","urlTemplate":"https:\/\/www.aclanester56.com\/velo\/?s={search_term_string}"},"query-input":{"@type":"PropertyValueSpecification","valueRequired":true,"valueName":"search_term_string"}}],"inLanguage":"fr-FR"},{"@type":"Organization","@id":"https:\/\/www.aclanester56.com\/velo\/#organization","name":"Avenir Cycliste Lanester 56","url":"https:\/\/www.aclanester56.com\/velo\/","logo":{"@type":"ImageObject","inLanguage":"fr-FR","@id":"https:\/\/www.aclanester56.com\/velo\/#\/schema\/logo\/image\/","url":"https:\/\/www.aclanester56.com\/velo\/wp-content\/uploads\/2013\/04\/logo-ACL.jpg","contentUrl":"https:\/\/www.aclanester56.com\/velo\/wp-content\/uploads\/2013\/04\/logo-ACL.jpg","width":400,"height":334,"caption":"Avenir Cycliste Lanester 56"},"image":{"@id":"https:\/\/www.aclanester56.com\/velo\/#\/schema\/logo\/image\/"},"sameAs":["https:\/\/www.facebook.com\/pages\/AC-Lanester-56\/190286300991242?fref=ts"]},{"@type":"Person","@id":"https:\/\/www.aclanester56.com\/velo\/#\/schema\/person\/ca2a44a5fd969e9dd846c72d3b33bc01","name":"Jean-Christophe","url":"https:\/\/www.aclanester56.com\/velo\/author\/jeanchristophe\/"}]}},"_links":{"self":[{"href":"https:\/\/www.aclanester56.com\/velo\/wp-json\/wp\/v2\/posts\/12754","targetHints":{"allow":["GET"]}}],"collection":[{"href":"https:\/\/www.aclanester56.com\/velo\/wp-json\/wp\/v2\/posts"}],"about":[{"href":"https:\/\/www.aclanester56.com\/velo\/wp-json\/wp\/v2\/types\/post"}],"author":[{"embeddable":true,"href":"https:\/\/www.aclanester56.com\/velo\/wp-json\/wp\/v2\/users\/14"}],"replies":[{"embeddable":true,"href":"https:\/\/www.aclanester56.com\/velo\/wp-json\/wp\/v2\/comments?post=12754"}],"version-history":[{"count":0,"href":"https:\/\/www.aclanester56.com\/velo\/wp-json\/wp\/v2\/posts\/12754\/revisions"}],"wp:featuredmedia":[{"embeddable":true,"href":"https:\/\/www.aclanester56.com\/velo\/wp-json\/wp\/v2\/media\/12763"}],"wp:attachment":[{"href":"https:\/\/www.aclanester56.com\/velo\/wp-json\/wp\/v2\/media?parent=12754"}],"wp:term":[{"taxonomy":"category","embeddable":true,"href":"https:\/\/www.aclanester56.com\/velo\/wp-json\/wp\/v2\/categories?post=12754"},{"taxonomy":"post_tag","embeddable":true,"href":"https:\/\/www.aclanester56.com\/velo\/wp-json\/wp\/v2\/tags?post=12754"}],"curies":[{"name":"wp","href":"https:\/\/api.w.org\/{rel}","templated":true}]}}