{"id":12778,"date":"2012-07-11T22:00:28","date_gmt":"2012-07-11T21:00:28","guid":{"rendered":"http:\/\/www.aclanester56.com\/velo\/?p=12778"},"modified":"2013-12-22T12:49:56","modified_gmt":"2013-12-22T10:49:56","slug":"resultats-du-week-end-nicolas-primas-vainqueur-a-st-thuriau","status":"publish","type":"post","link":"https:\/\/www.aclanester56.com\/velo\/resultats-du-week-end-nicolas-primas-vainqueur-a-st-thuriau\/","title":{"rendered":"R\u00e9sultats du week-end : Nicolas Primas vainqueur \u00e0 St Thuriau !"},"content":{"rendered":"<p style=\"text-align: justify;\"><!--more--><\/p>\n<p style=\"text-align: justify;\">Le Lanest\u00e9rien Nicolas Primas est en forme \u00e0 une semaine du championnat de Bretagne ! 2\u00e8me vendredi soir \u00e0 Ruca, il remporte dimanche une nouvelle victoire sur l&rsquo;\u00e9preuve de St Thuriau ! Thomas Denis r\u00e9alise \u00e9galement une tr\u00e8s belle performance sur le challenge r\u00e9gional sur piste \u00e0 Rennes o\u00f9 il monte \u00e0 trois reprises sur le podium ! Retrouvez \u00e9galement quelques r\u00e9sultats de Camors et St Etienne en Cogl\u00e8s.<\/p>\n<p>\u00a0<strong><span style=\"color: #ff6600;\">***** \u00a0 \u00a0 \u00a0Vendredi 6 juillet 2012 \u00a0 \u00a0 *****<\/span><\/strong><\/p>\n<p><span style=\"text-decoration: underline;\"><strong>Ruca (Cadets) :<\/strong><\/span><\/p>\n<p>1 Alan Riou (Team C\u00f4te de Granit Rose)<br \/><span style=\"background-color: #ff6600;\">2 Nicolas Primas (AC Lanester 56)<\/span><br \/>3 Julien Le Huitouze (VC Languidic)<br \/>4 Charlie Robin (Redon OC)<br \/>5 Marvin Baudoin (VC Dinan)<\/p>\n<div id=\"attachment_12783\" style=\"width: 385px\" class=\"wp-caption alignright\"><a href=\"http:\/\/www.aclanester56.com\/velo\/wp-content\/uploads\/2012\/07\/IMG_6209.jpg\"><img loading=\"lazy\" decoding=\"async\" aria-describedby=\"caption-attachment-12783\" class=\"size-full wp-image-12783\" title=\"Les jeunes Enzo Ollivier et Alexandre Mira ont particip\u00e9 \u00e0 l'\u00e9preuve des poussins \u00e0 Camors (photo Murielle Lhumeau)\" alt=\"\" src=\"http:\/\/www.aclanester56.com\/velo\/wp-content\/uploads\/2012\/07\/IMG_6209.jpg\" width=\"375\" height=\"261\" srcset=\"https:\/\/www.aclanester56.com\/velo\/wp-content\/uploads\/2012\/07\/IMG_6209.jpg 750w, https:\/\/www.aclanester56.com\/velo\/wp-content\/uploads\/2012\/07\/IMG_6209-300x209.jpg 300w, https:\/\/www.aclanester56.com\/velo\/wp-content\/uploads\/2012\/07\/IMG_6209-430x300.jpg 430w\" sizes=\"auto, (max-width: 375px) 100vw, 375px\" \/><\/a><p id=\"caption-attachment-12783\" class=\"wp-caption-text\">Les jeunes Enzo Ollivier et Alexandre Mira ont particip\u00e9 \u00e0 l&rsquo;\u00e9preuve des poussins \u00e0 Camors (photo Murielle Lhumeau)<\/p><\/div>\n<p><span style=\"color: #ff6600;\"><strong>***** \u00a0 \u00a0 \u00a0Samedi 7 \u00a0juillet 2012 \u00a0 \u00a0 *****<\/strong><\/span><\/p>\n<p><span style=\"text-decoration: underline;\"><strong>Camors (Ecole de Cyclisme &#8211; Poussins) :<\/strong><\/span><\/p>\n<p>1 LE GUILLANT Mathis UC ALREENNE<br \/>2 CUSNWAY Maximilian VELOCE VANNETAIS<br \/>3 LE TUTOUR Fran\u00e7ois VC PONTIVY<br \/>4 CANDALH Tristan EC PLUVIGNER<br \/>5 GARAUD Esteban OC LOCMINE<br \/><span style=\"background-color: #ff6600;\">14 MIRA Alexandre AC LANESTER 56<\/span><br \/><span style=\"background-color: #ff6600;\">22 OLLIVIER Enzo AC LANESTER 56<\/span><\/p>\n<p><span style=\"text-decoration: underline;\"><strong>Camors (Ecole de Cyclisme &#8211; Benjamins) :<\/strong><\/span><\/p>\n<p>1 BOIVIN Florian VC DINAN<br \/>2 LE GUEVEL Alexis ACP BAUD<br \/>3 CUSNWAY Charles VELOCE VANNETAIS<br \/>4 ROBIC Ma\u00eblenn OC LOCMINE<br \/>5 JEHANNO Mario OC LOCMINE<br \/><span style=\"background-color: #ff6600;\">32 MOREL Benjamin AC LANESTER 56<\/span><\/p>\n<p><span style=\"text-decoration: underline;\"><strong>Challenge R\u00e9gional Piste \u00e0 Rennes (Scratch cadets) :<\/strong><\/span><\/p>\n<p>1 BARKET Florian Sojasun Espoir ACNC<br \/>2 SAVARY J\u00e9r\u00f4me VC St Malo<br \/><span style=\"background-color: #ff6600;\">3 DENIS Thomas AC Lanester 56<\/span><\/p>\n<div id=\"attachment_12785\" style=\"width: 410px\" class=\"wp-caption alignright\"><a href=\"http:\/\/www.aclanester56.com\/velo\/wp-content\/uploads\/2012\/07\/293829_4248848700004_2010461527_n-800x530.jpg\"><img loading=\"lazy\" decoding=\"async\" aria-describedby=\"caption-attachment-12785\" class=\"size-large wp-image-12785\" title=\"A une semaine du championnat de France sur piste, Thomas Denis est en grande forme ! (photos Marion Denis)\" alt=\"\" src=\"http:\/\/www.aclanester56.com\/velo\/wp-content\/uploads\/2012\/07\/293829_4248848700004_2010461527_n-800x530.jpg\" width=\"400\" height=\"265\" srcset=\"https:\/\/www.aclanester56.com\/velo\/wp-content\/uploads\/2012\/07\/293829_4248848700004_2010461527_n-800x530.jpg 800w, https:\/\/www.aclanester56.com\/velo\/wp-content\/uploads\/2012\/07\/293829_4248848700004_2010461527_n-300x198.jpg 300w, https:\/\/www.aclanester56.com\/velo\/wp-content\/uploads\/2012\/07\/293829_4248848700004_2010461527_n-452x300.jpg 452w, https:\/\/www.aclanester56.com\/velo\/wp-content\/uploads\/2012\/07\/293829_4248848700004_2010461527_n.jpg 960w\" sizes=\"auto, (max-width: 400px) 100vw, 400px\" \/><\/a><p id=\"caption-attachment-12785\" class=\"wp-caption-text\">A une semaine du championnat de France sur piste, Thomas Denis est en grande forme ! (photos Marion Denis)<\/p><\/div>\n<p><span style=\"text-decoration: underline;\"><strong>Challenge R\u00e9gional Piste \u00e0 Rennes (Course aux points cadets) :<\/strong><\/span><\/p>\n<p>1 BARKET Florian Sojasun Espoir ACNC<br \/>2 KERVILLY Samuel UCP Plouay<br \/><span style=\"background-color: #ff6600;\">3 DENIS Thomas AC Lanester 56<\/span><\/p>\n<p><span style=\"text-decoration: underline;\"><strong>Challenge R\u00e9gional Piste \u00e0 Rennes (Keirin cadets) :<\/strong><\/span><\/p>\n<p>1 BARKET Florian Sojasun Espoir ACNC<br \/><span style=\"background-color: #ff6600;\">2 DENIS Thomas AC Lanester 56<\/span><br \/>3 THOMAS Lilian UC Guinefort Pays de Dinan<\/p>\n<p><span style=\"color: #ff6600;\"><strong>***** \u00a0 \u00a0 \u00a0Dimanche 8 \u00a0juillet 2012 \u00a0 \u00a0 *****<\/strong><\/span><\/p>\n<div id=\"attachment_12790\" style=\"width: 410px\" class=\"wp-caption alignright\"><a href=\"http:\/\/www.aclanester56.com\/velo\/wp-content\/uploads\/2012\/07\/podium-st-thuriau-cadets-2012-redim1024-800x600.jpg\"><img loading=\"lazy\" decoding=\"async\" aria-describedby=\"caption-attachment-12790\" class=\"size-large wp-image-12790\" title=\"Le Lanest\u00e9rien Nicolas Primas remporte un superbe succ\u00e8s \u00e0 St Thuriau (photo J-Marc Morvan)\" alt=\"\" src=\"http:\/\/www.aclanester56.com\/velo\/wp-content\/uploads\/2012\/07\/podium-st-thuriau-cadets-2012-redim1024-800x600.jpg\" width=\"400\" height=\"300\" srcset=\"https:\/\/www.aclanester56.com\/velo\/wp-content\/uploads\/2012\/07\/podium-st-thuriau-cadets-2012-redim1024-800x600.jpg 800w, https:\/\/www.aclanester56.com\/velo\/wp-content\/uploads\/2012\/07\/podium-st-thuriau-cadets-2012-redim1024-300x225.jpg 300w, https:\/\/www.aclanester56.com\/velo\/wp-content\/uploads\/2012\/07\/podium-st-thuriau-cadets-2012-redim1024-400x300.jpg 400w, https:\/\/www.aclanester56.com\/velo\/wp-content\/uploads\/2012\/07\/podium-st-thuriau-cadets-2012-redim1024.jpg 1024w\" sizes=\"auto, (max-width: 400px) 100vw, 400px\" \/><\/a><p id=\"caption-attachment-12790\" class=\"wp-caption-text\">Le Lanest\u00e9rien Nicolas Primas remporte un superbe succ\u00e8s \u00e0 St Thuriau (photo J-Marc Morvan)<\/p><\/div>\n<p><span style=\"text-decoration: underline;\"><strong>St Thuriau (Cadets) :<\/strong><\/span><\/p>\n<p><span style=\"background-color: #ff6600;\">1 PRIMAS Nicolas AC LANESTER 56<\/span><br \/>2 DIDELOT Arthur CC PAYS DE BULGNEVILLE<br \/>3 KERNEIS Nicolas VS SCAEROIS<br \/>4 DARMONT MAXIME VELO CLUB PORNICHET<br \/><span style=\"background-color: #ff6600;\">5 LE BARBIER Lo\u00efc AC LANESTER 56<\/span><br \/><span style=\"background-color: #ff6600;\">10 MORVAN Thibault AC LANESTER 56<\/span><br \/><span style=\"background-color: #ff6600;\">15 SEVENO Thibaut AC LANESTER 56<\/span><\/p>\n<p><span style=\"text-decoration: underline;\"><strong>St Etienne en Cogl\u00e8s (Cadets) :<\/strong><\/span><\/p>\n<p>1 TORTELIER Valentin CC LIFFRE<br \/>2 BODINIER Pierre Alexis US CHATEAUGIRON<br \/>3 MERLOT ALEXIS RO TEILLEUL<br \/>4 GRENIER Lucilien VC SAINT JAMES<br \/>5 DUBOIS Corentin RL BAZOUGEAISE<br \/><span style=\"background-color: #ff6600;\">13 LE GAL K\u00e9vin AC LANESTER 56<\/span><\/p>\n<p><span style=\"text-decoration: underline;\"><strong>Camors (Pass&rsquo; Cyclisme) :<\/strong><\/span><\/p>\n<p>1 LE GAL Micka\u00ebl UCL HENNEBONT<br \/>2 LE GOURRIEREC St\u00e9phane UCL HENNEBONT<br \/>3 ROBIC Bruno RUN BIKE<br \/>4 GICQUEL Bernard AC QUESTEMBERT<br \/>5 BRUNET Ludovic EC PLUVIGNER<br \/><span style=\"background-color: #ff6600;\">17 BELDENT J\u00e9r\u00f4me AC LANESTER 56<\/span><\/p>\n<p>&nbsp;<\/p>\n","protected":false},"excerpt":{"rendered":"","protected":false},"author":14,"featured_media":12787,"comment_status":"open","ping_status":"closed","sticky":false,"template":"","format":"standard","meta":{"ngg_post_thumbnail":0,"footnotes":""},"categories":[5,22,24],"tags":[],"class_list":["post-12778","post","type-post","status-publish","format-standard","has-post-thumbnail","hentry","category-ac-lanester-56","category-resultats-cadets","category-resultats-ecole-de-cyclisme"],"yoast_head":"<!-- This site is optimized with the Yoast SEO plugin v27.4 - https:\/\/yoast.com\/product\/yoast-seo-wordpress\/ -->\n<title>R\u00e9sultats du week-end : Nicolas Primas vainqueur \u00e0 St Thuriau ! - Avenir Cycliste Lanester 56<\/title>\n<meta name=\"robots\" content=\"index, follow, max-snippet:-1, max-image-preview:large, max-video-preview:-1\" \/>\n<link rel=\"canonical\" href=\"https:\/\/www.aclanester56.com\/velo\/resultats-du-week-end-nicolas-primas-vainqueur-a-st-thuriau\/\" \/>\n<meta property=\"og:locale\" content=\"fr_FR\" \/>\n<meta property=\"og:type\" content=\"article\" \/>\n<meta property=\"og:title\" content=\"R\u00e9sultats du week-end : Nicolas Primas vainqueur \u00e0 St Thuriau ! - Avenir Cycliste Lanester 56\" \/>\n<meta property=\"og:url\" content=\"https:\/\/www.aclanester56.com\/velo\/resultats-du-week-end-nicolas-primas-vainqueur-a-st-thuriau\/\" \/>\n<meta property=\"og:site_name\" content=\"Avenir Cycliste Lanester 56\" \/>\n<meta property=\"article:publisher\" content=\"https:\/\/www.facebook.com\/pages\/AC-Lanester-56\/190286300991242?fref=ts\" \/>\n<meta property=\"article:published_time\" content=\"2012-07-11T21:00:28+00:00\" \/>\n<meta property=\"article:modified_time\" content=\"2013-12-22T10:49:56+00:00\" \/>\n<meta property=\"og:image\" content=\"https:\/\/www.aclanester56.com\/velo\/wp-content\/uploads\/2012\/07\/IMG_6461-Copie.jpg\" \/>\n\t<meta property=\"og:image:width\" content=\"650\" \/>\n\t<meta property=\"og:image:height\" content=\"300\" \/>\n\t<meta property=\"og:image:type\" content=\"image\/jpeg\" \/>\n<meta name=\"author\" content=\"Jean-Christophe\" \/>\n<meta name=\"twitter:label1\" content=\"\u00c9crit par\" \/>\n\t<meta name=\"twitter:data1\" content=\"Jean-Christophe\" \/>\n\t<meta name=\"twitter:label2\" content=\"Dur\u00e9e de lecture estim\u00e9e\" \/>\n\t<meta name=\"twitter:data2\" content=\"2 minutes\" \/>\n<script type=\"application\/ld+json\" class=\"yoast-schema-graph\">{\"@context\":\"https:\\\/\\\/schema.org\",\"@graph\":[{\"@type\":\"Article\",\"@id\":\"https:\\\/\\\/www.aclanester56.com\\\/velo\\\/resultats-du-week-end-nicolas-primas-vainqueur-a-st-thuriau\\\/#article\",\"isPartOf\":{\"@id\":\"https:\\\/\\\/www.aclanester56.com\\\/velo\\\/resultats-du-week-end-nicolas-primas-vainqueur-a-st-thuriau\\\/\"},\"author\":{\"name\":\"Jean-Christophe\",\"@id\":\"https:\\\/\\\/www.aclanester56.com\\\/velo\\\/#\\\/schema\\\/person\\\/ca2a44a5fd969e9dd846c72d3b33bc01\"},\"headline\":\"R\u00e9sultats du week-end : Nicolas Primas vainqueur \u00e0 St Thuriau !\",\"datePublished\":\"2012-07-11T21:00:28+00:00\",\"dateModified\":\"2013-12-22T10:49:56+00:00\",\"mainEntityOfPage\":{\"@id\":\"https:\\\/\\\/www.aclanester56.com\\\/velo\\\/resultats-du-week-end-nicolas-primas-vainqueur-a-st-thuriau\\\/\"},\"wordCount\":423,\"commentCount\":0,\"publisher\":{\"@id\":\"https:\\\/\\\/www.aclanester56.com\\\/velo\\\/#organization\"},\"image\":{\"@id\":\"https:\\\/\\\/www.aclanester56.com\\\/velo\\\/resultats-du-week-end-nicolas-primas-vainqueur-a-st-thuriau\\\/#primaryimage\"},\"thumbnailUrl\":\"https:\\\/\\\/www.aclanester56.com\\\/velo\\\/wp-content\\\/uploads\\\/2012\\\/07\\\/IMG_6461-Copie.jpg\",\"articleSection\":[\"AC LANESTER 56\",\"R\u00e9sultats Cadets\",\"R\u00e9sultats Ecole de cyclisme\"],\"inLanguage\":\"fr-FR\",\"potentialAction\":[{\"@type\":\"CommentAction\",\"name\":\"Comment\",\"target\":[\"https:\\\/\\\/www.aclanester56.com\\\/velo\\\/resultats-du-week-end-nicolas-primas-vainqueur-a-st-thuriau\\\/#respond\"]}]},{\"@type\":\"WebPage\",\"@id\":\"https:\\\/\\\/www.aclanester56.com\\\/velo\\\/resultats-du-week-end-nicolas-primas-vainqueur-a-st-thuriau\\\/\",\"url\":\"https:\\\/\\\/www.aclanester56.com\\\/velo\\\/resultats-du-week-end-nicolas-primas-vainqueur-a-st-thuriau\\\/\",\"name\":\"R\u00e9sultats du week-end : Nicolas Primas vainqueur \u00e0 St Thuriau ! - Avenir Cycliste Lanester 56\",\"isPartOf\":{\"@id\":\"https:\\\/\\\/www.aclanester56.com\\\/velo\\\/#website\"},\"primaryImageOfPage\":{\"@id\":\"https:\\\/\\\/www.aclanester56.com\\\/velo\\\/resultats-du-week-end-nicolas-primas-vainqueur-a-st-thuriau\\\/#primaryimage\"},\"image\":{\"@id\":\"https:\\\/\\\/www.aclanester56.com\\\/velo\\\/resultats-du-week-end-nicolas-primas-vainqueur-a-st-thuriau\\\/#primaryimage\"},\"thumbnailUrl\":\"https:\\\/\\\/www.aclanester56.com\\\/velo\\\/wp-content\\\/uploads\\\/2012\\\/07\\\/IMG_6461-Copie.jpg\",\"datePublished\":\"2012-07-11T21:00:28+00:00\",\"dateModified\":\"2013-12-22T10:49:56+00:00\",\"inLanguage\":\"fr-FR\",\"potentialAction\":[{\"@type\":\"ReadAction\",\"target\":[\"https:\\\/\\\/www.aclanester56.com\\\/velo\\\/resultats-du-week-end-nicolas-primas-vainqueur-a-st-thuriau\\\/\"]}]},{\"@type\":\"ImageObject\",\"inLanguage\":\"fr-FR\",\"@id\":\"https:\\\/\\\/www.aclanester56.com\\\/velo\\\/resultats-du-week-end-nicolas-primas-vainqueur-a-st-thuriau\\\/#primaryimage\",\"url\":\"https:\\\/\\\/www.aclanester56.com\\\/velo\\\/wp-content\\\/uploads\\\/2012\\\/07\\\/IMG_6461-Copie.jpg\",\"contentUrl\":\"https:\\\/\\\/www.aclanester56.com\\\/velo\\\/wp-content\\\/uploads\\\/2012\\\/07\\\/IMG_6461-Copie.jpg\",\"width\":650,\"height\":300},{\"@type\":\"WebSite\",\"@id\":\"https:\\\/\\\/www.aclanester56.com\\\/velo\\\/#website\",\"url\":\"https:\\\/\\\/www.aclanester56.com\\\/velo\\\/\",\"name\":\"Avenir Cycliste Lanester 56\",\"description\":\"Club cycliste de l&#039;AC LANESTER 56\",\"publisher\":{\"@id\":\"https:\\\/\\\/www.aclanester56.com\\\/velo\\\/#organization\"},\"potentialAction\":[{\"@type\":\"SearchAction\",\"target\":{\"@type\":\"EntryPoint\",\"urlTemplate\":\"https:\\\/\\\/www.aclanester56.com\\\/velo\\\/?s={search_term_string}\"},\"query-input\":{\"@type\":\"PropertyValueSpecification\",\"valueRequired\":true,\"valueName\":\"search_term_string\"}}],\"inLanguage\":\"fr-FR\"},{\"@type\":\"Organization\",\"@id\":\"https:\\\/\\\/www.aclanester56.com\\\/velo\\\/#organization\",\"name\":\"Avenir Cycliste Lanester 56\",\"url\":\"https:\\\/\\\/www.aclanester56.com\\\/velo\\\/\",\"logo\":{\"@type\":\"ImageObject\",\"inLanguage\":\"fr-FR\",\"@id\":\"https:\\\/\\\/www.aclanester56.com\\\/velo\\\/#\\\/schema\\\/logo\\\/image\\\/\",\"url\":\"https:\\\/\\\/www.aclanester56.com\\\/velo\\\/wp-content\\\/uploads\\\/2013\\\/04\\\/logo-ACL.jpg\",\"contentUrl\":\"https:\\\/\\\/www.aclanester56.com\\\/velo\\\/wp-content\\\/uploads\\\/2013\\\/04\\\/logo-ACL.jpg\",\"width\":400,\"height\":334,\"caption\":\"Avenir Cycliste Lanester 56\"},\"image\":{\"@id\":\"https:\\\/\\\/www.aclanester56.com\\\/velo\\\/#\\\/schema\\\/logo\\\/image\\\/\"},\"sameAs\":[\"https:\\\/\\\/www.facebook.com\\\/pages\\\/AC-Lanester-56\\\/190286300991242?fref=ts\"]},{\"@type\":\"Person\",\"@id\":\"https:\\\/\\\/www.aclanester56.com\\\/velo\\\/#\\\/schema\\\/person\\\/ca2a44a5fd969e9dd846c72d3b33bc01\",\"name\":\"Jean-Christophe\",\"url\":\"https:\\\/\\\/www.aclanester56.com\\\/velo\\\/author\\\/jeanchristophe\\\/\"}]}<\/script>\n<!-- \/ Yoast SEO plugin. -->","yoast_head_json":{"title":"R\u00e9sultats du week-end : Nicolas Primas vainqueur \u00e0 St Thuriau ! - Avenir Cycliste Lanester 56","robots":{"index":"index","follow":"follow","max-snippet":"max-snippet:-1","max-image-preview":"max-image-preview:large","max-video-preview":"max-video-preview:-1"},"canonical":"https:\/\/www.aclanester56.com\/velo\/resultats-du-week-end-nicolas-primas-vainqueur-a-st-thuriau\/","og_locale":"fr_FR","og_type":"article","og_title":"R\u00e9sultats du week-end : Nicolas Primas vainqueur \u00e0 St Thuriau ! - Avenir Cycliste Lanester 56","og_url":"https:\/\/www.aclanester56.com\/velo\/resultats-du-week-end-nicolas-primas-vainqueur-a-st-thuriau\/","og_site_name":"Avenir Cycliste Lanester 56","article_publisher":"https:\/\/www.facebook.com\/pages\/AC-Lanester-56\/190286300991242?fref=ts","article_published_time":"2012-07-11T21:00:28+00:00","article_modified_time":"2013-12-22T10:49:56+00:00","og_image":[{"width":650,"height":300,"url":"https:\/\/www.aclanester56.com\/velo\/wp-content\/uploads\/2012\/07\/IMG_6461-Copie.jpg","type":"image\/jpeg"}],"author":"Jean-Christophe","twitter_misc":{"\u00c9crit par":"Jean-Christophe","Dur\u00e9e de lecture estim\u00e9e":"2 minutes"},"schema":{"@context":"https:\/\/schema.org","@graph":[{"@type":"Article","@id":"https:\/\/www.aclanester56.com\/velo\/resultats-du-week-end-nicolas-primas-vainqueur-a-st-thuriau\/#article","isPartOf":{"@id":"https:\/\/www.aclanester56.com\/velo\/resultats-du-week-end-nicolas-primas-vainqueur-a-st-thuriau\/"},"author":{"name":"Jean-Christophe","@id":"https:\/\/www.aclanester56.com\/velo\/#\/schema\/person\/ca2a44a5fd969e9dd846c72d3b33bc01"},"headline":"R\u00e9sultats du week-end : Nicolas Primas vainqueur \u00e0 St Thuriau !","datePublished":"2012-07-11T21:00:28+00:00","dateModified":"2013-12-22T10:49:56+00:00","mainEntityOfPage":{"@id":"https:\/\/www.aclanester56.com\/velo\/resultats-du-week-end-nicolas-primas-vainqueur-a-st-thuriau\/"},"wordCount":423,"commentCount":0,"publisher":{"@id":"https:\/\/www.aclanester56.com\/velo\/#organization"},"image":{"@id":"https:\/\/www.aclanester56.com\/velo\/resultats-du-week-end-nicolas-primas-vainqueur-a-st-thuriau\/#primaryimage"},"thumbnailUrl":"https:\/\/www.aclanester56.com\/velo\/wp-content\/uploads\/2012\/07\/IMG_6461-Copie.jpg","articleSection":["AC LANESTER 56","R\u00e9sultats Cadets","R\u00e9sultats Ecole de cyclisme"],"inLanguage":"fr-FR","potentialAction":[{"@type":"CommentAction","name":"Comment","target":["https:\/\/www.aclanester56.com\/velo\/resultats-du-week-end-nicolas-primas-vainqueur-a-st-thuriau\/#respond"]}]},{"@type":"WebPage","@id":"https:\/\/www.aclanester56.com\/velo\/resultats-du-week-end-nicolas-primas-vainqueur-a-st-thuriau\/","url":"https:\/\/www.aclanester56.com\/velo\/resultats-du-week-end-nicolas-primas-vainqueur-a-st-thuriau\/","name":"R\u00e9sultats du week-end : Nicolas Primas vainqueur \u00e0 St Thuriau ! - Avenir Cycliste Lanester 56","isPartOf":{"@id":"https:\/\/www.aclanester56.com\/velo\/#website"},"primaryImageOfPage":{"@id":"https:\/\/www.aclanester56.com\/velo\/resultats-du-week-end-nicolas-primas-vainqueur-a-st-thuriau\/#primaryimage"},"image":{"@id":"https:\/\/www.aclanester56.com\/velo\/resultats-du-week-end-nicolas-primas-vainqueur-a-st-thuriau\/#primaryimage"},"thumbnailUrl":"https:\/\/www.aclanester56.com\/velo\/wp-content\/uploads\/2012\/07\/IMG_6461-Copie.jpg","datePublished":"2012-07-11T21:00:28+00:00","dateModified":"2013-12-22T10:49:56+00:00","inLanguage":"fr-FR","potentialAction":[{"@type":"ReadAction","target":["https:\/\/www.aclanester56.com\/velo\/resultats-du-week-end-nicolas-primas-vainqueur-a-st-thuriau\/"]}]},{"@type":"ImageObject","inLanguage":"fr-FR","@id":"https:\/\/www.aclanester56.com\/velo\/resultats-du-week-end-nicolas-primas-vainqueur-a-st-thuriau\/#primaryimage","url":"https:\/\/www.aclanester56.com\/velo\/wp-content\/uploads\/2012\/07\/IMG_6461-Copie.jpg","contentUrl":"https:\/\/www.aclanester56.com\/velo\/wp-content\/uploads\/2012\/07\/IMG_6461-Copie.jpg","width":650,"height":300},{"@type":"WebSite","@id":"https:\/\/www.aclanester56.com\/velo\/#website","url":"https:\/\/www.aclanester56.com\/velo\/","name":"Avenir Cycliste Lanester 56","description":"Club cycliste de l&#039;AC LANESTER 56","publisher":{"@id":"https:\/\/www.aclanester56.com\/velo\/#organization"},"potentialAction":[{"@type":"SearchAction","target":{"@type":"EntryPoint","urlTemplate":"https:\/\/www.aclanester56.com\/velo\/?s={search_term_string}"},"query-input":{"@type":"PropertyValueSpecification","valueRequired":true,"valueName":"search_term_string"}}],"inLanguage":"fr-FR"},{"@type":"Organization","@id":"https:\/\/www.aclanester56.com\/velo\/#organization","name":"Avenir Cycliste Lanester 56","url":"https:\/\/www.aclanester56.com\/velo\/","logo":{"@type":"ImageObject","inLanguage":"fr-FR","@id":"https:\/\/www.aclanester56.com\/velo\/#\/schema\/logo\/image\/","url":"https:\/\/www.aclanester56.com\/velo\/wp-content\/uploads\/2013\/04\/logo-ACL.jpg","contentUrl":"https:\/\/www.aclanester56.com\/velo\/wp-content\/uploads\/2013\/04\/logo-ACL.jpg","width":400,"height":334,"caption":"Avenir Cycliste Lanester 56"},"image":{"@id":"https:\/\/www.aclanester56.com\/velo\/#\/schema\/logo\/image\/"},"sameAs":["https:\/\/www.facebook.com\/pages\/AC-Lanester-56\/190286300991242?fref=ts"]},{"@type":"Person","@id":"https:\/\/www.aclanester56.com\/velo\/#\/schema\/person\/ca2a44a5fd969e9dd846c72d3b33bc01","name":"Jean-Christophe","url":"https:\/\/www.aclanester56.com\/velo\/author\/jeanchristophe\/"}]}},"_links":{"self":[{"href":"https:\/\/www.aclanester56.com\/velo\/wp-json\/wp\/v2\/posts\/12778","targetHints":{"allow":["GET"]}}],"collection":[{"href":"https:\/\/www.aclanester56.com\/velo\/wp-json\/wp\/v2\/posts"}],"about":[{"href":"https:\/\/www.aclanester56.com\/velo\/wp-json\/wp\/v2\/types\/post"}],"author":[{"embeddable":true,"href":"https:\/\/www.aclanester56.com\/velo\/wp-json\/wp\/v2\/users\/14"}],"replies":[{"embeddable":true,"href":"https:\/\/www.aclanester56.com\/velo\/wp-json\/wp\/v2\/comments?post=12778"}],"version-history":[{"count":0,"href":"https:\/\/www.aclanester56.com\/velo\/wp-json\/wp\/v2\/posts\/12778\/revisions"}],"wp:featuredmedia":[{"embeddable":true,"href":"https:\/\/www.aclanester56.com\/velo\/wp-json\/wp\/v2\/media\/12787"}],"wp:attachment":[{"href":"https:\/\/www.aclanester56.com\/velo\/wp-json\/wp\/v2\/media?parent=12778"}],"wp:term":[{"taxonomy":"category","embeddable":true,"href":"https:\/\/www.aclanester56.com\/velo\/wp-json\/wp\/v2\/categories?post=12778"},{"taxonomy":"post_tag","embeddable":true,"href":"https:\/\/www.aclanester56.com\/velo\/wp-json\/wp\/v2\/tags?post=12778"}],"curies":[{"name":"wp","href":"https:\/\/api.w.org\/{rel}","templated":true}]}}