{"id":12866,"date":"2012-07-20T12:50:05","date_gmt":"2012-07-20T11:50:05","guid":{"rendered":"http:\/\/www.aclanester56.com\/velo\/?p=12866"},"modified":"2013-12-22T00:43:52","modified_gmt":"2013-12-21T22:43:52","slug":"thomas-denis-vice-champion-de-france-de-vitesse-par-equipes","status":"publish","type":"post","link":"https:\/\/www.aclanester56.com\/velo\/thomas-denis-vice-champion-de-france-de-vitesse-par-equipes\/","title":{"rendered":"Thomas Denis vice-champion de France de vitesse par \u00e9quipes !"},"content":{"rendered":"<p style=\"text-align: justify;\"><!--more--><\/p>\n<p style=\"text-align: justify;\">D\u00e9j\u00e0 victorieux du scratch mardi, le Lanest\u00e9rien Thomas Denis a remport\u00e9 la m\u00e9daille d&rsquo;argent sur le championnat de France de la vitesse par \u00e9quipes avec le Comit\u00e9 de Bretagne sur le v\u00e9lodrome de Hy\u00e8res.<\/p>\n<p>\u00a0<strong><span style=\"color: #ff6600;\">M\u00e9daille d&rsquo;argent pour les Bretons<\/span><\/strong><\/p>\n<p style=\"text-align: justify;\">L&rsquo;\u00e9quipe de Bretagne compos\u00e9e de Thomas Denis, K\u00e9vin Le Sellin et Th\u00e9ophile Le Blanc, avait bien commenc\u00e9 la journ\u00e9e en r\u00e9alisant le meilleur temps pendant les s\u00e9ries (750 m\u00e8tres d\u00e9part arr\u00eat\u00e9 en 49&Prime;540), qui restera le meilleur temps du tournoi puisqu&rsquo;il n&rsquo;a pas \u00e9t\u00e9 battu en finale. Dans la finale justement, oppos\u00e9s au Comit\u00e9 d&rsquo;Ile de France, les Bretons s&rsquo;inclinent finalement en 49&Prime;876 face aux Franciliens (49&Prime;552).<\/p>\n<p style=\"text-align: justify;\"><span style=\"color: #ff6600;\"><strong>La rel\u00e8ve est l\u00e0 !<\/strong><\/span><\/p>\n<p style=\"text-align: justify;\">Apr\u00e8s les deux titres de champion de France Masters sur piste enregistr\u00e9s il y a un mois par le Lanest\u00e9rien Karl Chandavoine, la rel\u00e8ve semble assur\u00e9e avec Thomas, \u00e9patant sur ces championnats de France pour sa 1\u00e8re ann\u00e9e dans la cat\u00e9gorie cadets !<\/p>\n","protected":false},"excerpt":{"rendered":"","protected":false},"author":14,"featured_media":12869,"comment_status":"open","ping_status":"closed","sticky":false,"template":"","format":"standard","meta":{"ngg_post_thumbnail":0,"footnotes":""},"categories":[5,22],"tags":[],"class_list":["post-12866","post","type-post","status-publish","format-standard","has-post-thumbnail","hentry","category-ac-lanester-56","category-resultats-cadets"],"yoast_head":"<!-- This site is optimized with the Yoast SEO plugin v27.5 - https:\/\/yoast.com\/product\/yoast-seo-wordpress\/ -->\n<title>Thomas Denis vice-champion de France de vitesse par \u00e9quipes ! - Avenir Cycliste Lanester 56<\/title>\n<meta name=\"robots\" content=\"index, follow, max-snippet:-1, max-image-preview:large, max-video-preview:-1\" \/>\n<link rel=\"canonical\" href=\"https:\/\/www.aclanester56.com\/velo\/thomas-denis-vice-champion-de-france-de-vitesse-par-equipes\/\" \/>\n<meta property=\"og:locale\" content=\"fr_FR\" \/>\n<meta property=\"og:type\" content=\"article\" \/>\n<meta property=\"og:title\" content=\"Thomas Denis vice-champion de France de vitesse par \u00e9quipes ! - Avenir Cycliste Lanester 56\" \/>\n<meta property=\"og:url\" content=\"https:\/\/www.aclanester56.com\/velo\/thomas-denis-vice-champion-de-france-de-vitesse-par-equipes\/\" \/>\n<meta property=\"og:site_name\" content=\"Avenir Cycliste Lanester 56\" \/>\n<meta property=\"article:publisher\" content=\"https:\/\/www.facebook.com\/pages\/AC-Lanester-56\/190286300991242?fref=ts\" \/>\n<meta property=\"article:published_time\" content=\"2012-07-20T11:50:05+00:00\" \/>\n<meta property=\"article:modified_time\" content=\"2013-12-21T22:43:52+00:00\" \/>\n<meta property=\"og:image\" content=\"https:\/\/www.aclanester56.com\/velo\/wp-content\/uploads\/2012\/07\/DSC_0026-Copie.jpg\" \/>\n\t<meta property=\"og:image:width\" content=\"650\" \/>\n\t<meta property=\"og:image:height\" content=\"300\" \/>\n\t<meta property=\"og:image:type\" content=\"image\/jpeg\" \/>\n<meta name=\"author\" content=\"Jean-Christophe\" \/>\n<meta name=\"twitter:label1\" content=\"\u00c9crit par\" \/>\n\t<meta name=\"twitter:data1\" content=\"Jean-Christophe\" \/>\n\t<meta name=\"twitter:label2\" content=\"Dur\u00e9e de lecture estim\u00e9e\" \/>\n\t<meta name=\"twitter:data2\" content=\"1 minute\" \/>\n<script type=\"application\/ld+json\" class=\"yoast-schema-graph\">{\"@context\":\"https:\\\/\\\/schema.org\",\"@graph\":[{\"@type\":\"Article\",\"@id\":\"https:\\\/\\\/www.aclanester56.com\\\/velo\\\/thomas-denis-vice-champion-de-france-de-vitesse-par-equipes\\\/#article\",\"isPartOf\":{\"@id\":\"https:\\\/\\\/www.aclanester56.com\\\/velo\\\/thomas-denis-vice-champion-de-france-de-vitesse-par-equipes\\\/\"},\"author\":{\"name\":\"Jean-Christophe\",\"@id\":\"https:\\\/\\\/www.aclanester56.com\\\/velo\\\/#\\\/schema\\\/person\\\/ca2a44a5fd969e9dd846c72d3b33bc01\"},\"headline\":\"Thomas Denis vice-champion de France de vitesse par \u00e9quipes !\",\"datePublished\":\"2012-07-20T11:50:05+00:00\",\"dateModified\":\"2013-12-21T22:43:52+00:00\",\"mainEntityOfPage\":{\"@id\":\"https:\\\/\\\/www.aclanester56.com\\\/velo\\\/thomas-denis-vice-champion-de-france-de-vitesse-par-equipes\\\/\"},\"wordCount\":182,\"commentCount\":0,\"publisher\":{\"@id\":\"https:\\\/\\\/www.aclanester56.com\\\/velo\\\/#organization\"},\"image\":{\"@id\":\"https:\\\/\\\/www.aclanester56.com\\\/velo\\\/thomas-denis-vice-champion-de-france-de-vitesse-par-equipes\\\/#primaryimage\"},\"thumbnailUrl\":\"https:\\\/\\\/www.aclanester56.com\\\/velo\\\/wp-content\\\/uploads\\\/2012\\\/07\\\/DSC_0026-Copie.jpg\",\"articleSection\":[\"AC LANESTER 56\",\"R\u00e9sultats Cadets\"],\"inLanguage\":\"fr-FR\",\"potentialAction\":[{\"@type\":\"CommentAction\",\"name\":\"Comment\",\"target\":[\"https:\\\/\\\/www.aclanester56.com\\\/velo\\\/thomas-denis-vice-champion-de-france-de-vitesse-par-equipes\\\/#respond\"]}]},{\"@type\":\"WebPage\",\"@id\":\"https:\\\/\\\/www.aclanester56.com\\\/velo\\\/thomas-denis-vice-champion-de-france-de-vitesse-par-equipes\\\/\",\"url\":\"https:\\\/\\\/www.aclanester56.com\\\/velo\\\/thomas-denis-vice-champion-de-france-de-vitesse-par-equipes\\\/\",\"name\":\"Thomas Denis vice-champion de France de vitesse par \u00e9quipes ! - Avenir Cycliste Lanester 56\",\"isPartOf\":{\"@id\":\"https:\\\/\\\/www.aclanester56.com\\\/velo\\\/#website\"},\"primaryImageOfPage\":{\"@id\":\"https:\\\/\\\/www.aclanester56.com\\\/velo\\\/thomas-denis-vice-champion-de-france-de-vitesse-par-equipes\\\/#primaryimage\"},\"image\":{\"@id\":\"https:\\\/\\\/www.aclanester56.com\\\/velo\\\/thomas-denis-vice-champion-de-france-de-vitesse-par-equipes\\\/#primaryimage\"},\"thumbnailUrl\":\"https:\\\/\\\/www.aclanester56.com\\\/velo\\\/wp-content\\\/uploads\\\/2012\\\/07\\\/DSC_0026-Copie.jpg\",\"datePublished\":\"2012-07-20T11:50:05+00:00\",\"dateModified\":\"2013-12-21T22:43:52+00:00\",\"inLanguage\":\"fr-FR\",\"potentialAction\":[{\"@type\":\"ReadAction\",\"target\":[\"https:\\\/\\\/www.aclanester56.com\\\/velo\\\/thomas-denis-vice-champion-de-france-de-vitesse-par-equipes\\\/\"]}]},{\"@type\":\"ImageObject\",\"inLanguage\":\"fr-FR\",\"@id\":\"https:\\\/\\\/www.aclanester56.com\\\/velo\\\/thomas-denis-vice-champion-de-france-de-vitesse-par-equipes\\\/#primaryimage\",\"url\":\"https:\\\/\\\/www.aclanester56.com\\\/velo\\\/wp-content\\\/uploads\\\/2012\\\/07\\\/DSC_0026-Copie.jpg\",\"contentUrl\":\"https:\\\/\\\/www.aclanester56.com\\\/velo\\\/wp-content\\\/uploads\\\/2012\\\/07\\\/DSC_0026-Copie.jpg\",\"width\":650,\"height\":300},{\"@type\":\"WebSite\",\"@id\":\"https:\\\/\\\/www.aclanester56.com\\\/velo\\\/#website\",\"url\":\"https:\\\/\\\/www.aclanester56.com\\\/velo\\\/\",\"name\":\"Avenir Cycliste Lanester 56\",\"description\":\"Club cycliste de l&#039;AC LANESTER 56\",\"publisher\":{\"@id\":\"https:\\\/\\\/www.aclanester56.com\\\/velo\\\/#organization\"},\"potentialAction\":[{\"@type\":\"SearchAction\",\"target\":{\"@type\":\"EntryPoint\",\"urlTemplate\":\"https:\\\/\\\/www.aclanester56.com\\\/velo\\\/?s={search_term_string}\"},\"query-input\":{\"@type\":\"PropertyValueSpecification\",\"valueRequired\":true,\"valueName\":\"search_term_string\"}}],\"inLanguage\":\"fr-FR\"},{\"@type\":\"Organization\",\"@id\":\"https:\\\/\\\/www.aclanester56.com\\\/velo\\\/#organization\",\"name\":\"Avenir Cycliste Lanester 56\",\"url\":\"https:\\\/\\\/www.aclanester56.com\\\/velo\\\/\",\"logo\":{\"@type\":\"ImageObject\",\"inLanguage\":\"fr-FR\",\"@id\":\"https:\\\/\\\/www.aclanester56.com\\\/velo\\\/#\\\/schema\\\/logo\\\/image\\\/\",\"url\":\"https:\\\/\\\/www.aclanester56.com\\\/velo\\\/wp-content\\\/uploads\\\/2013\\\/04\\\/logo-ACL.jpg\",\"contentUrl\":\"https:\\\/\\\/www.aclanester56.com\\\/velo\\\/wp-content\\\/uploads\\\/2013\\\/04\\\/logo-ACL.jpg\",\"width\":400,\"height\":334,\"caption\":\"Avenir Cycliste Lanester 56\"},\"image\":{\"@id\":\"https:\\\/\\\/www.aclanester56.com\\\/velo\\\/#\\\/schema\\\/logo\\\/image\\\/\"},\"sameAs\":[\"https:\\\/\\\/www.facebook.com\\\/pages\\\/AC-Lanester-56\\\/190286300991242?fref=ts\"]},{\"@type\":\"Person\",\"@id\":\"https:\\\/\\\/www.aclanester56.com\\\/velo\\\/#\\\/schema\\\/person\\\/ca2a44a5fd969e9dd846c72d3b33bc01\",\"name\":\"Jean-Christophe\",\"url\":\"https:\\\/\\\/www.aclanester56.com\\\/velo\\\/author\\\/jeanchristophe\\\/\"}]}<\/script>\n<!-- \/ Yoast SEO plugin. -->","yoast_head_json":{"title":"Thomas Denis vice-champion de France de vitesse par \u00e9quipes ! - Avenir Cycliste Lanester 56","robots":{"index":"index","follow":"follow","max-snippet":"max-snippet:-1","max-image-preview":"max-image-preview:large","max-video-preview":"max-video-preview:-1"},"canonical":"https:\/\/www.aclanester56.com\/velo\/thomas-denis-vice-champion-de-france-de-vitesse-par-equipes\/","og_locale":"fr_FR","og_type":"article","og_title":"Thomas Denis vice-champion de France de vitesse par \u00e9quipes ! - Avenir Cycliste Lanester 56","og_url":"https:\/\/www.aclanester56.com\/velo\/thomas-denis-vice-champion-de-france-de-vitesse-par-equipes\/","og_site_name":"Avenir Cycliste Lanester 56","article_publisher":"https:\/\/www.facebook.com\/pages\/AC-Lanester-56\/190286300991242?fref=ts","article_published_time":"2012-07-20T11:50:05+00:00","article_modified_time":"2013-12-21T22:43:52+00:00","og_image":[{"width":650,"height":300,"url":"https:\/\/www.aclanester56.com\/velo\/wp-content\/uploads\/2012\/07\/DSC_0026-Copie.jpg","type":"image\/jpeg"}],"author":"Jean-Christophe","twitter_misc":{"\u00c9crit par":"Jean-Christophe","Dur\u00e9e de lecture estim\u00e9e":"1 minute"},"schema":{"@context":"https:\/\/schema.org","@graph":[{"@type":"Article","@id":"https:\/\/www.aclanester56.com\/velo\/thomas-denis-vice-champion-de-france-de-vitesse-par-equipes\/#article","isPartOf":{"@id":"https:\/\/www.aclanester56.com\/velo\/thomas-denis-vice-champion-de-france-de-vitesse-par-equipes\/"},"author":{"name":"Jean-Christophe","@id":"https:\/\/www.aclanester56.com\/velo\/#\/schema\/person\/ca2a44a5fd969e9dd846c72d3b33bc01"},"headline":"Thomas Denis vice-champion de France de vitesse par \u00e9quipes !","datePublished":"2012-07-20T11:50:05+00:00","dateModified":"2013-12-21T22:43:52+00:00","mainEntityOfPage":{"@id":"https:\/\/www.aclanester56.com\/velo\/thomas-denis-vice-champion-de-france-de-vitesse-par-equipes\/"},"wordCount":182,"commentCount":0,"publisher":{"@id":"https:\/\/www.aclanester56.com\/velo\/#organization"},"image":{"@id":"https:\/\/www.aclanester56.com\/velo\/thomas-denis-vice-champion-de-france-de-vitesse-par-equipes\/#primaryimage"},"thumbnailUrl":"https:\/\/www.aclanester56.com\/velo\/wp-content\/uploads\/2012\/07\/DSC_0026-Copie.jpg","articleSection":["AC LANESTER 56","R\u00e9sultats Cadets"],"inLanguage":"fr-FR","potentialAction":[{"@type":"CommentAction","name":"Comment","target":["https:\/\/www.aclanester56.com\/velo\/thomas-denis-vice-champion-de-france-de-vitesse-par-equipes\/#respond"]}]},{"@type":"WebPage","@id":"https:\/\/www.aclanester56.com\/velo\/thomas-denis-vice-champion-de-france-de-vitesse-par-equipes\/","url":"https:\/\/www.aclanester56.com\/velo\/thomas-denis-vice-champion-de-france-de-vitesse-par-equipes\/","name":"Thomas Denis vice-champion de France de vitesse par \u00e9quipes ! - Avenir Cycliste Lanester 56","isPartOf":{"@id":"https:\/\/www.aclanester56.com\/velo\/#website"},"primaryImageOfPage":{"@id":"https:\/\/www.aclanester56.com\/velo\/thomas-denis-vice-champion-de-france-de-vitesse-par-equipes\/#primaryimage"},"image":{"@id":"https:\/\/www.aclanester56.com\/velo\/thomas-denis-vice-champion-de-france-de-vitesse-par-equipes\/#primaryimage"},"thumbnailUrl":"https:\/\/www.aclanester56.com\/velo\/wp-content\/uploads\/2012\/07\/DSC_0026-Copie.jpg","datePublished":"2012-07-20T11:50:05+00:00","dateModified":"2013-12-21T22:43:52+00:00","inLanguage":"fr-FR","potentialAction":[{"@type":"ReadAction","target":["https:\/\/www.aclanester56.com\/velo\/thomas-denis-vice-champion-de-france-de-vitesse-par-equipes\/"]}]},{"@type":"ImageObject","inLanguage":"fr-FR","@id":"https:\/\/www.aclanester56.com\/velo\/thomas-denis-vice-champion-de-france-de-vitesse-par-equipes\/#primaryimage","url":"https:\/\/www.aclanester56.com\/velo\/wp-content\/uploads\/2012\/07\/DSC_0026-Copie.jpg","contentUrl":"https:\/\/www.aclanester56.com\/velo\/wp-content\/uploads\/2012\/07\/DSC_0026-Copie.jpg","width":650,"height":300},{"@type":"WebSite","@id":"https:\/\/www.aclanester56.com\/velo\/#website","url":"https:\/\/www.aclanester56.com\/velo\/","name":"Avenir Cycliste Lanester 56","description":"Club cycliste de l&#039;AC LANESTER 56","publisher":{"@id":"https:\/\/www.aclanester56.com\/velo\/#organization"},"potentialAction":[{"@type":"SearchAction","target":{"@type":"EntryPoint","urlTemplate":"https:\/\/www.aclanester56.com\/velo\/?s={search_term_string}"},"query-input":{"@type":"PropertyValueSpecification","valueRequired":true,"valueName":"search_term_string"}}],"inLanguage":"fr-FR"},{"@type":"Organization","@id":"https:\/\/www.aclanester56.com\/velo\/#organization","name":"Avenir Cycliste Lanester 56","url":"https:\/\/www.aclanester56.com\/velo\/","logo":{"@type":"ImageObject","inLanguage":"fr-FR","@id":"https:\/\/www.aclanester56.com\/velo\/#\/schema\/logo\/image\/","url":"https:\/\/www.aclanester56.com\/velo\/wp-content\/uploads\/2013\/04\/logo-ACL.jpg","contentUrl":"https:\/\/www.aclanester56.com\/velo\/wp-content\/uploads\/2013\/04\/logo-ACL.jpg","width":400,"height":334,"caption":"Avenir Cycliste Lanester 56"},"image":{"@id":"https:\/\/www.aclanester56.com\/velo\/#\/schema\/logo\/image\/"},"sameAs":["https:\/\/www.facebook.com\/pages\/AC-Lanester-56\/190286300991242?fref=ts"]},{"@type":"Person","@id":"https:\/\/www.aclanester56.com\/velo\/#\/schema\/person\/ca2a44a5fd969e9dd846c72d3b33bc01","name":"Jean-Christophe","url":"https:\/\/www.aclanester56.com\/velo\/author\/jeanchristophe\/"}]}},"_links":{"self":[{"href":"https:\/\/www.aclanester56.com\/velo\/wp-json\/wp\/v2\/posts\/12866","targetHints":{"allow":["GET"]}}],"collection":[{"href":"https:\/\/www.aclanester56.com\/velo\/wp-json\/wp\/v2\/posts"}],"about":[{"href":"https:\/\/www.aclanester56.com\/velo\/wp-json\/wp\/v2\/types\/post"}],"author":[{"embeddable":true,"href":"https:\/\/www.aclanester56.com\/velo\/wp-json\/wp\/v2\/users\/14"}],"replies":[{"embeddable":true,"href":"https:\/\/www.aclanester56.com\/velo\/wp-json\/wp\/v2\/comments?post=12866"}],"version-history":[{"count":0,"href":"https:\/\/www.aclanester56.com\/velo\/wp-json\/wp\/v2\/posts\/12866\/revisions"}],"wp:featuredmedia":[{"embeddable":true,"href":"https:\/\/www.aclanester56.com\/velo\/wp-json\/wp\/v2\/media\/12869"}],"wp:attachment":[{"href":"https:\/\/www.aclanester56.com\/velo\/wp-json\/wp\/v2\/media?parent=12866"}],"wp:term":[{"taxonomy":"category","embeddable":true,"href":"https:\/\/www.aclanester56.com\/velo\/wp-json\/wp\/v2\/categories?post=12866"},{"taxonomy":"post_tag","embeddable":true,"href":"https:\/\/www.aclanester56.com\/velo\/wp-json\/wp\/v2\/tags?post=12866"}],"curies":[{"name":"wp","href":"https:\/\/api.w.org\/{rel}","templated":true}]}}