{"id":13016,"date":"2012-09-05T21:36:26","date_gmt":"2012-09-05T20:36:26","guid":{"rendered":"http:\/\/www.aclanester56.com\/velo\/?p=13016"},"modified":"2013-12-22T00:41:07","modified_gmt":"2013-12-21T22:41:07","slug":"lac-lanester-56-brille-sur-la-route-du-roc-par-etapes","status":"publish","type":"post","link":"https:\/\/www.aclanester56.com\/velo\/lac-lanester-56-brille-sur-la-route-du-roc-par-etapes\/","title":{"rendered":"L&rsquo;AC Lanester 56 brille sur la Route du Roc par \u00e9tapes !"},"content":{"rendered":"<p style=\"text-align: justify;\"><!--more--><\/p>\n<p style=\"text-align: justify;\">Une \u00e9quipe de cinq coureurs de l&rsquo;AC Lanester 56 \u00e9tait au d\u00e9part de la Route du Roc. Sur cette belle \u00e9preuve disput\u00e9e en trois \u00e9tapes autour de Louvign\u00e9-du-D\u00e9sert (35), les Lanest\u00e9riens ont fait mieux que de la figuration !<\/p>\n<p>\u00a0<span style=\"color: #ff6600;\"><strong>Cinq coureurs lanest\u00e9riens au d\u00e9part de Louvign\u00e9-du-d\u00e9sert<\/strong><\/span><\/p>\n<p style=\"text-align: justify;\">L&rsquo;\u00e9quipe de l&rsquo;AC Lanester 56 \u00e9tait compos\u00e9e de Tony Cazuguel, Mathieu Le Bruchec, Davy Le Ker, Jean-Christophe Sagot et Heimrick Siby. L&rsquo;encadrement \u00e9tait constitu\u00e9 de J\u00e9r\u00f4me Beldent, Sylvain Contor et du jeune Maxime Lannurien.\u00a0<\/p>\n<div id=\"attachment_13031\" style=\"width: 370px\" class=\"wp-caption alignright\"><a href=\"http:\/\/www.aclanester56.com\/velo\/wp-content\/uploads\/2012\/09\/presentation-\u00e9quipe.jpg\"><img loading=\"lazy\" decoding=\"async\" aria-describedby=\"caption-attachment-13031\" class=\"size-full wp-image-13031\" title=\"De gauche \u00e0 droite, Jean-Christophe Sagot, Davy Le Ker, Heimrick Siby, Tony Cazuguel et Mathieu Le Bruchec (photo Tiphanie Delory)\" alt=\"\" src=\"http:\/\/www.aclanester56.com\/velo\/wp-content\/uploads\/2012\/09\/presentation-\u00e9quipe.jpg\" width=\"360\" height=\"270\" srcset=\"https:\/\/www.aclanester56.com\/velo\/wp-content\/uploads\/2012\/09\/presentation-\u00e9quipe.jpg 720w, https:\/\/www.aclanester56.com\/velo\/wp-content\/uploads\/2012\/09\/presentation-\u00e9quipe-300x225.jpg 300w, https:\/\/www.aclanester56.com\/velo\/wp-content\/uploads\/2012\/09\/presentation-\u00e9quipe-400x300.jpg 400w\" sizes=\"auto, (max-width: 360px) 100vw, 360px\" \/><\/a><p id=\"caption-attachment-13031\" class=\"wp-caption-text\">De gauche \u00e0 droite, Jean-Christophe Sagot, Davy Le Ker, Heimrick Siby, Tony Cazuguel et Mathieu Le Bruchec (photo Tiphanie Delory)<\/p><\/div>\n<p style=\"text-align: justify;\"><span style=\"color: #ff6600;\"><strong>Heimrick Siby 4\u00e8me de la 1\u00e8re \u00e9tape<\/strong><\/span><\/p>\n<p style=\"text-align: justify;\">Samedi, la 1\u00e8re \u00e9tape s&rsquo;engageait sur un rythme tr\u00e8s rapide et les Lanest\u00e9riens prennent position dans toutes les \u00e9chapp\u00e9es chacun \u00e0 leur tour et c&rsquo;est finalement Heimrick Siby qui parvient \u00e0 prendre la bonne \u00e9chapp\u00e9e. Alors que le Lannionnais S\u00e9bastien Boujenah remporte en solitaire cette 1\u00e8re \u00e9tape, Heimrick prend une belle 4\u00e8me place.<\/p>\n<p style=\"text-align: justify;\"><span style=\"color: #ff6600;\"><strong>L&rsquo;AC Lanester 56 2\u00e8me du CLM par \u00e9quipe<\/strong><\/span><\/p>\n<p style=\"text-align: justify;\">Sur la 2\u00e8me \u00e9tape consistant en un contre-la-montre par \u00e9quipes, les Lanest\u00e9riens bouclent les 16 Km d&rsquo;un parcours difficile \u00e0 pr\u00e8s de 48 Km\/h de moyenne et d\u00e9tiendront le meilleur temps jusqu&rsquo;au passage de l&rsquo;\u00e9quipe du maillot jaune, seule \u00e9quipe \u00e0 faire mieux. Heimrick Siby, Jean-Christophe Sagot et Mathieu Le Bruchec se replacent ainsi au classement g\u00e9n\u00e9ral, m\u00eame si l&rsquo;\u00e9cart avec le leader reste cons\u00e9quent.<\/p>\n<p style=\"text-align: justify;\"><span style=\"color: #ff6600;\"><strong>Heimrick Siby \u00e0 la conclusion !<\/strong><\/span><\/p>\n<p style=\"text-align: justify;\">Enfin, sur l&rsquo;ultime \u00e9tape, une \u00e9chapp\u00e9e prend le large pendant la course en ligne sans coureur de l&rsquo;AC Lanester 56. Dans la principale difficult\u00e9 du circuit final, Jean-Christophe Sagot et Heimrick Siby font le forcing et parviennent \u00e0 distancer le peloton maillot jaune. Le speaker Nicolas Lebreton s&rsquo;enthousiasme de la manoeuvre tent\u00e9e par le duo lanest\u00e9rien, qui ne parviendra malheureusement pas \u00e0 prendre plus d&rsquo;une trentaine de secondes d&rsquo;avance, mais qui oblige le maillot jaune \u00e0 s&#8217;employer pour r\u00e9duire l&rsquo;\u00e9cart. Alors que tout est \u00e0 refaire \u00e0 une quinzaine de kilom\u00e8tres de l&rsquo;arriv\u00e9e, l&rsquo;\u00e9preuve semble se diriger vers un sprint massif. Les coureurs de l&rsquo;AC Lanester 56 vont finalement venir enrayer la machine dans la toute derni\u00e8re difficult\u00e9 \u00e0 2 Km de l&rsquo;arriv\u00e9e, par le biais d&rsquo;une grosse acc\u00e9l\u00e9ration de Davy Le Ker, relay\u00e9 par Jean-Christophe Sagot, qui pla\u00e7aient le jeune Heimrick Siby sur orbite \u00e0 800m de l&rsquo;arriv\u00e9e. Au prix d&rsquo;un bel effort, Heimrick r\u00e9siste \u00e0 la meute des sprinters et remporte un magnifique succ\u00e8s \u00e0 Louvign\u00e9-du-d\u00e9sert !<\/p>\n<div id=\"attachment_13033\" style=\"width: 370px\" class=\"wp-caption alignleft\"><a href=\"http:\/\/www.aclanester56.com\/velo\/wp-content\/uploads\/2012\/09\/534353_361996603880664_1428343886_n.jpg\"><img loading=\"lazy\" decoding=\"async\" aria-describedby=\"caption-attachment-13033\" class=\"size-full wp-image-13033\" title=\"Pour sa toute premi\u00e8re course par \u00e9tapes, Tony Cazuguel a confirm\u00e9 ses gros progr\u00e8s et montr\u00e9 qu'on pourra compter sur lui pour les prochains rendez-vous (photo Tiphanie Delory)\" alt=\"\" src=\"http:\/\/www.aclanester56.com\/velo\/wp-content\/uploads\/2012\/09\/534353_361996603880664_1428343886_n.jpg\" width=\"360\" height=\"270\" srcset=\"https:\/\/www.aclanester56.com\/velo\/wp-content\/uploads\/2012\/09\/534353_361996603880664_1428343886_n.jpg 720w, https:\/\/www.aclanester56.com\/velo\/wp-content\/uploads\/2012\/09\/534353_361996603880664_1428343886_n-300x225.jpg 300w, https:\/\/www.aclanester56.com\/velo\/wp-content\/uploads\/2012\/09\/534353_361996603880664_1428343886_n-400x300.jpg 400w\" sizes=\"auto, (max-width: 360px) 100vw, 360px\" \/><\/a><p id=\"caption-attachment-13033\" class=\"wp-caption-text\">Pour sa toute premi\u00e8re course par \u00e9tapes, Tony Cazuguel a confirm\u00e9 ses gros progr\u00e8s et montr\u00e9 qu&rsquo;on pourra compter sur lui pour les prochains rendez-vous (photo Tiphanie Delory)<\/p><\/div>\n<p style=\"text-align: justify;\"><span style=\"color: #ff6600;\"><strong>Tir group\u00e9 de l&rsquo;AC Lanester 56 au classement g\u00e9n\u00e9ral<\/strong><\/span><\/p>\n<p style=\"text-align: justify;\">Au classement g\u00e9n\u00e9ral domin\u00e9 par les solides Lannionnais Boujenah et Briand, les Lanest\u00e9riens r\u00e9alisent un joli tir group\u00e9 avec Heimrick Siby 3\u00e8me, Jean-Christophe Sagot 4\u00e8me et Mathieu Le Bruchec 5\u00e8me, mais \u00e9galement Tony Cazuguel 14\u00e8me et Davy Le Ker 20\u00e8me. Tony Cazuguel, qui n&rsquo;a commenc\u00e9 le v\u00e9lo que cette ann\u00e9e, est l&rsquo;une des r\u00e9v\u00e9lations du week-end : 20\u00e8me de la 1\u00e8re \u00e9tape et 13\u00e8me sur la derni\u00e8re, il termine logiquement 1er au classement des Pass&rsquo; Cyclisme. L&rsquo;AC Lanester 56 remporte \u00e9galement le classement par \u00e9quipe.\u00a0<\/p>\n<p style=\"text-align: justify;\"><span style=\"color: #ff6600;\"><strong>De belles r\u00e9v\u00e9lations !<\/strong><\/span><\/p>\n<p style=\"text-align: justify;\">J\u00e9r\u00f4me Beldent \u00e9tait tr\u00e8s satisfait du comportement de ses troupes durant le week-end et de l&rsquo;excellent \u00e9tat d&rsquo;esprit qui a r\u00e9gn\u00e9 au sein de l&rsquo;\u00e9quipe et de l&rsquo;encadrement, qui a permis de recueillir ces bons r\u00e9sultats et de r\u00e9v\u00e9ler de tr\u00e8s bons jeunes Lanest\u00e9riens comme Heimrick Siby, Mathieu Le Bruchec et Tony Cazuguel.<\/p>\n<div id=\"attachment_13035\" style=\"width: 410px\" class=\"wp-caption alignright\"><a href=\"http:\/\/www.aclanester56.com\/velo\/wp-content\/uploads\/2012\/09\/400413_362001687213489_988548379_n-800x600.jpg\"><img loading=\"lazy\" decoding=\"async\" aria-describedby=\"caption-attachment-13035\" class=\"size-large wp-image-13035\" title=\"Davy Le Ker et Mathieu Le Bruchec se sont bien battus pendant tout le week-end (photo Tiphanie Delory)\" alt=\"\" src=\"http:\/\/www.aclanester56.com\/velo\/wp-content\/uploads\/2012\/09\/400413_362001687213489_988548379_n-800x600.jpg\" width=\"400\" height=\"300\" srcset=\"https:\/\/www.aclanester56.com\/velo\/wp-content\/uploads\/2012\/09\/400413_362001687213489_988548379_n-800x600.jpg 800w, https:\/\/www.aclanester56.com\/velo\/wp-content\/uploads\/2012\/09\/400413_362001687213489_988548379_n-300x225.jpg 300w, https:\/\/www.aclanester56.com\/velo\/wp-content\/uploads\/2012\/09\/400413_362001687213489_988548379_n-400x300.jpg 400w, https:\/\/www.aclanester56.com\/velo\/wp-content\/uploads\/2012\/09\/400413_362001687213489_988548379_n.jpg 960w\" sizes=\"auto, (max-width: 400px) 100vw, 400px\" \/><\/a><p id=\"caption-attachment-13035\" class=\"wp-caption-text\">Davy Le Ker et Mathieu Le Bruchec se sont bien battus pendant tout le week-end (photo Tiphanie Delory)<\/p><\/div>\n<p>\u00a0<span style=\"text-decoration: underline;\"><strong>Classement 1\u00e8re \u00e9tape (en ligne) :<\/strong><\/span><\/p>\n<p>1 BOUJENAH SEBASTIEN LANNION CYCLISME 3 \u00e8me 2:22:52<br \/>2 BRIAND TITOUAN LANNION CYCLISME J1 2:23:39<br \/>3 BOUILLON LUDOVIC VCL LOUVIGNE NOIR 3 \u00e8me 2:23:40<br \/><span style=\"background-color: #ff6600;\">4 SIBY HEIMRICK AVENIR CYCLISME LANESTER 56 3 \u00e8me 2:23:40<\/span><br \/>5 GRASSET GUILLAUME VELO CLUB LANDELLAIS 3 \u00e8me 2:23:40<br \/><span style=\"background-color: #ff6600;\">20 CAZUGUEL TONY AVENIR CYCLISME LANESTER 56 OPEN D2 2:24:00<\/span><br \/><span style=\"background-color: #ff6600;\">23 LE KER DAVY AVENIR CYCLISME LANESTER 56 3 \u00e8me 2:24:00<\/span><br \/><span style=\"background-color: #ff6600;\">31 SAGOT JEAN CHRISTOPHE AVENIR CYCLISME LANESTER 56 3 \u00e8me 2:24:00<\/span><br \/><span style=\"background-color: #ff6600;\">45 LE BRUCHEC MATHIEU AVENIR CYCLISME LANESTER 56 3 \u00e8me 2:24:00<\/span><\/p>\n<p><span style=\"text-decoration: underline;\"><strong>Classement 2\u00e8me \u00e9tape (CLM par \u00e9quipe) :<\/strong><\/span><\/p>\n<p>1 LANNION CYCLISME 19&rsquo;16&Prime;97<br \/><span style=\"background-color: #ff6600;\">2 AC LANESTER 56 19&rsquo;36&Prime;89<\/span><br \/>3 ST LO 19&rsquo;47&Prime;35<br \/>4 ST HILAIRE 19&rsquo;52&Prime;13<br \/>5 AVRANCHES 20&rsquo;14&Prime;10<br \/>6 LANDELLES 20&rsquo;20&Prime;89<br \/>7 DINAN 20&rsquo;43&Prime;90<br \/>8 SOURDEVAL 20&rsquo;48&Prime;68<br \/>9 LOUVIGNE NOIR 20&rsquo;57&Prime;47<br \/>10 HERMINE TREGOR 21&rsquo;11&Prime;34<br \/>11 MONTAIGU 21&rsquo;13&Prime;11<br \/>12 COC FOUGERES 21&rsquo;15&Prime;9<br \/>13 PLANCOET 21&rsquo;16&Prime;36<br \/>14 BAZOUGE 21&rsquo;18&Prime;93<br \/>15 LOUVIGNE BLEU 21&rsquo;39&Prime;37<br \/>16 LANDIVY 21&rsquo;48&Prime;43<br \/>17 VC RENNES 21&rsquo;51&Prime;75<\/p>\n<p><span style=\"text-decoration: underline;\"><strong>Classement 3\u00e8me \u00e9tape (en ligne) :<\/strong><\/span><\/p>\n<p><span style=\"background-color: #ff6600;\">1 SIBY HEIMRICK AVENIR CYCLISME LANESTER 56 3 \u00e8me<\/span><br \/>2 BRIAND TITOUAN LANNION CYCLISME J1<br \/>3 REDONDO BRUNO VELO CLUB DINAN 3 \u00e8me<br \/>4 COQUEMONT NICOLAS ROUE LIBRE BAZOUGAISE OPEN D2<br \/>5 BOUJENAH SEBASTIEN LANNION CYCLISME 3 \u00e8me<br \/><span style=\"background-color: #ff6600;\">13 CAZUGUEL TONY AVENIR CYCLISME LANESTER 56 OPEN D2<\/span><br \/><span style=\"background-color: #ff6600;\">32 LE BRUCHEC MATHIEU AVENIR CYCLISME LANESTER 56 3 \u00e8me<\/span><br \/><span style=\"background-color: #ff6600;\">40 LE KER DAVY AVENIR CYCLISME LANESTER 56 3 \u00e8me<\/span><br \/><span style=\"background-color: #ff6600;\">45 SAGOT JEAN CHRISTOPHE AVENIR CYCLISME LANESTER 56 3 \u00e8me<\/span><\/p>\n<div id=\"attachment_13020\" style=\"width: 410px\" class=\"wp-caption alignright\"><a href=\"http:\/\/www.aclanester56.com\/velo\/lac-lanester-56-brille-sur-la-route-du-roc-par-etapes\/imag0036\/\" rel=\"attachment wp-att-13020\"><img loading=\"lazy\" decoding=\"async\" aria-describedby=\"caption-attachment-13020\" class=\"size-large wp-image-13020\" title=\"Heimrick Siby et l'AC Lanester 56 se sont montr\u00e9s \u00e0 leur avantage \u00e0 Louvign\u00e9-du-d\u00e9sert, sur la Route du Roc !\" alt=\"\" src=\"http:\/\/www.aclanester56.com\/velo\/wp-content\/uploads\/2012\/09\/IMAG0036-800x450.jpg\" width=\"400\" height=\"225\" srcset=\"https:\/\/www.aclanester56.com\/velo\/wp-content\/uploads\/2012\/09\/IMAG0036-800x450.jpg 800w, https:\/\/www.aclanester56.com\/velo\/wp-content\/uploads\/2012\/09\/IMAG0036-300x169.jpg 300w, https:\/\/www.aclanester56.com\/velo\/wp-content\/uploads\/2012\/09\/IMAG0036-532x300.jpg 532w\" sizes=\"auto, (max-width: 400px) 100vw, 400px\" \/><\/a><p id=\"caption-attachment-13020\" class=\"wp-caption-text\">Heimrick Siby et l&rsquo;AC Lanester 56 se sont montr\u00e9s \u00e0 leur avantage \u00e0 Louvign\u00e9-du-d\u00e9sert, sur la Route du Roc !<\/p><\/div>\n<p><span style=\"text-decoration: underline;\"><strong>Classement g\u00e9n\u00e9ral final :<\/strong><\/span><\/p>\n<p>1 BOUJENAH SEBASTIEN LANNION CYCLISME 3 \u00e8me 00:00:00<br \/>2 BRIAND TITOUAN LANNION CYCLISME J1 0:00:47<br \/><span style=\"background-color: #ff6600;\">3 SIBY HEIMRICK AVENIR CYCLISME LANESTER 56 3 \u00e8me 0:01:06<\/span><br \/><span style=\"background-color: #ff6600;\">4 SAGOT JEAN CHRISTOPHE AVENIR CYCLISME LANESTER 56 3 \u00e8me 0:01:28<\/span><br \/><span style=\"background-color: #ff6600;\">5 LE BRUCHEC MATHIEU AVENIR CYCLISME LANESTER 56 3 \u00e8me 0:01:28<\/span><br \/><span style=\"background-color: #ff6600;\">14 CAZUGUEL TONY AVENIR CYCLISME LANESTER 56 OPEN D2 0:01:50 1er PC<\/span><br \/><span style=\"background-color: #ff6600;\">20 LE KER DAVY AVENIR CYCLISME LANESTER 56 3 \u00e8me 0:02:11<\/span><\/p>\n<p><span style=\"text-decoration: underline;\"><strong>Classement par \u00e9quipe :\u00a0<\/strong><\/span><\/p>\n<p><span style=\"background-color: #ff6600;\">1\u00a0AVENIR CYCLISME LANESTER 56<\/span><br \/>2 VC ST LO PONT HEBERT<br \/>3 VC ST HILAIRE DU HARCOUET<\/p>\n<p>&nbsp;<\/p>\n","protected":false},"excerpt":{"rendered":"","protected":false},"author":14,"featured_media":13026,"comment_status":"open","ping_status":"closed","sticky":false,"template":"","format":"standard","meta":{"ngg_post_thumbnail":0,"footnotes":""},"categories":[5,18],"tags":[],"class_list":["post-13016","post","type-post","status-publish","format-standard","has-post-thumbnail","hentry","category-ac-lanester-56","category-resultats-3eme-categorie"],"yoast_head":"<!-- This site is optimized with the Yoast SEO plugin v27.5 - https:\/\/yoast.com\/product\/yoast-seo-wordpress\/ -->\n<title>L&#039;AC Lanester 56 brille sur la Route du Roc par \u00e9tapes ! - Avenir Cycliste Lanester 56<\/title>\n<meta name=\"robots\" content=\"index, follow, max-snippet:-1, max-image-preview:large, max-video-preview:-1\" \/>\n<link rel=\"canonical\" href=\"https:\/\/www.aclanester56.com\/velo\/lac-lanester-56-brille-sur-la-route-du-roc-par-etapes\/\" \/>\n<meta property=\"og:locale\" content=\"fr_FR\" \/>\n<meta property=\"og:type\" content=\"article\" \/>\n<meta property=\"og:title\" content=\"L&#039;AC Lanester 56 brille sur la Route du Roc par \u00e9tapes ! - Avenir Cycliste Lanester 56\" \/>\n<meta property=\"og:url\" content=\"https:\/\/www.aclanester56.com\/velo\/lac-lanester-56-brille-sur-la-route-du-roc-par-etapes\/\" \/>\n<meta property=\"og:site_name\" content=\"Avenir Cycliste Lanester 56\" \/>\n<meta property=\"article:publisher\" content=\"https:\/\/www.facebook.com\/pages\/AC-Lanester-56\/190286300991242?fref=ts\" \/>\n<meta property=\"article:published_time\" content=\"2012-09-05T20:36:26+00:00\" \/>\n<meta property=\"article:modified_time\" content=\"2013-12-21T22:41:07+00:00\" \/>\n<meta property=\"og:image\" content=\"https:\/\/www.aclanester56.com\/velo\/wp-content\/uploads\/2012\/09\/253194_362002787213379_1454220989_n-Copie1.jpg\" \/>\n\t<meta property=\"og:image:width\" content=\"650\" \/>\n\t<meta property=\"og:image:height\" content=\"300\" \/>\n\t<meta property=\"og:image:type\" content=\"image\/jpeg\" \/>\n<meta name=\"author\" content=\"Jean-Christophe\" \/>\n<meta name=\"twitter:label1\" content=\"\u00c9crit par\" \/>\n\t<meta name=\"twitter:data1\" content=\"Jean-Christophe\" \/>\n\t<meta name=\"twitter:label2\" content=\"Dur\u00e9e de lecture estim\u00e9e\" \/>\n\t<meta name=\"twitter:data2\" content=\"5 minutes\" \/>\n<script type=\"application\/ld+json\" class=\"yoast-schema-graph\">{\"@context\":\"https:\\\/\\\/schema.org\",\"@graph\":[{\"@type\":\"Article\",\"@id\":\"https:\\\/\\\/www.aclanester56.com\\\/velo\\\/lac-lanester-56-brille-sur-la-route-du-roc-par-etapes\\\/#article\",\"isPartOf\":{\"@id\":\"https:\\\/\\\/www.aclanester56.com\\\/velo\\\/lac-lanester-56-brille-sur-la-route-du-roc-par-etapes\\\/\"},\"author\":{\"name\":\"Jean-Christophe\",\"@id\":\"https:\\\/\\\/www.aclanester56.com\\\/velo\\\/#\\\/schema\\\/person\\\/ca2a44a5fd969e9dd846c72d3b33bc01\"},\"headline\":\"L&rsquo;AC Lanester 56 brille sur la Route du Roc par \u00e9tapes !\",\"datePublished\":\"2012-09-05T20:36:26+00:00\",\"dateModified\":\"2013-12-21T22:41:07+00:00\",\"mainEntityOfPage\":{\"@id\":\"https:\\\/\\\/www.aclanester56.com\\\/velo\\\/lac-lanester-56-brille-sur-la-route-du-roc-par-etapes\\\/\"},\"wordCount\":942,\"commentCount\":0,\"publisher\":{\"@id\":\"https:\\\/\\\/www.aclanester56.com\\\/velo\\\/#organization\"},\"image\":{\"@id\":\"https:\\\/\\\/www.aclanester56.com\\\/velo\\\/lac-lanester-56-brille-sur-la-route-du-roc-par-etapes\\\/#primaryimage\"},\"thumbnailUrl\":\"https:\\\/\\\/www.aclanester56.com\\\/velo\\\/wp-content\\\/uploads\\\/2012\\\/09\\\/253194_362002787213379_1454220989_n-Copie1.jpg\",\"articleSection\":[\"AC LANESTER 56\",\"R\u00e9sultats 3eme cat\u00e9gorie\"],\"inLanguage\":\"fr-FR\",\"potentialAction\":[{\"@type\":\"CommentAction\",\"name\":\"Comment\",\"target\":[\"https:\\\/\\\/www.aclanester56.com\\\/velo\\\/lac-lanester-56-brille-sur-la-route-du-roc-par-etapes\\\/#respond\"]}]},{\"@type\":\"WebPage\",\"@id\":\"https:\\\/\\\/www.aclanester56.com\\\/velo\\\/lac-lanester-56-brille-sur-la-route-du-roc-par-etapes\\\/\",\"url\":\"https:\\\/\\\/www.aclanester56.com\\\/velo\\\/lac-lanester-56-brille-sur-la-route-du-roc-par-etapes\\\/\",\"name\":\"L'AC Lanester 56 brille sur la Route du Roc par \u00e9tapes ! - Avenir Cycliste Lanester 56\",\"isPartOf\":{\"@id\":\"https:\\\/\\\/www.aclanester56.com\\\/velo\\\/#website\"},\"primaryImageOfPage\":{\"@id\":\"https:\\\/\\\/www.aclanester56.com\\\/velo\\\/lac-lanester-56-brille-sur-la-route-du-roc-par-etapes\\\/#primaryimage\"},\"image\":{\"@id\":\"https:\\\/\\\/www.aclanester56.com\\\/velo\\\/lac-lanester-56-brille-sur-la-route-du-roc-par-etapes\\\/#primaryimage\"},\"thumbnailUrl\":\"https:\\\/\\\/www.aclanester56.com\\\/velo\\\/wp-content\\\/uploads\\\/2012\\\/09\\\/253194_362002787213379_1454220989_n-Copie1.jpg\",\"datePublished\":\"2012-09-05T20:36:26+00:00\",\"dateModified\":\"2013-12-21T22:41:07+00:00\",\"inLanguage\":\"fr-FR\",\"potentialAction\":[{\"@type\":\"ReadAction\",\"target\":[\"https:\\\/\\\/www.aclanester56.com\\\/velo\\\/lac-lanester-56-brille-sur-la-route-du-roc-par-etapes\\\/\"]}]},{\"@type\":\"ImageObject\",\"inLanguage\":\"fr-FR\",\"@id\":\"https:\\\/\\\/www.aclanester56.com\\\/velo\\\/lac-lanester-56-brille-sur-la-route-du-roc-par-etapes\\\/#primaryimage\",\"url\":\"https:\\\/\\\/www.aclanester56.com\\\/velo\\\/wp-content\\\/uploads\\\/2012\\\/09\\\/253194_362002787213379_1454220989_n-Copie1.jpg\",\"contentUrl\":\"https:\\\/\\\/www.aclanester56.com\\\/velo\\\/wp-content\\\/uploads\\\/2012\\\/09\\\/253194_362002787213379_1454220989_n-Copie1.jpg\",\"width\":650,\"height\":300},{\"@type\":\"WebSite\",\"@id\":\"https:\\\/\\\/www.aclanester56.com\\\/velo\\\/#website\",\"url\":\"https:\\\/\\\/www.aclanester56.com\\\/velo\\\/\",\"name\":\"Avenir Cycliste Lanester 56\",\"description\":\"Club cycliste de l&#039;AC LANESTER 56\",\"publisher\":{\"@id\":\"https:\\\/\\\/www.aclanester56.com\\\/velo\\\/#organization\"},\"potentialAction\":[{\"@type\":\"SearchAction\",\"target\":{\"@type\":\"EntryPoint\",\"urlTemplate\":\"https:\\\/\\\/www.aclanester56.com\\\/velo\\\/?s={search_term_string}\"},\"query-input\":{\"@type\":\"PropertyValueSpecification\",\"valueRequired\":true,\"valueName\":\"search_term_string\"}}],\"inLanguage\":\"fr-FR\"},{\"@type\":\"Organization\",\"@id\":\"https:\\\/\\\/www.aclanester56.com\\\/velo\\\/#organization\",\"name\":\"Avenir Cycliste Lanester 56\",\"url\":\"https:\\\/\\\/www.aclanester56.com\\\/velo\\\/\",\"logo\":{\"@type\":\"ImageObject\",\"inLanguage\":\"fr-FR\",\"@id\":\"https:\\\/\\\/www.aclanester56.com\\\/velo\\\/#\\\/schema\\\/logo\\\/image\\\/\",\"url\":\"https:\\\/\\\/www.aclanester56.com\\\/velo\\\/wp-content\\\/uploads\\\/2013\\\/04\\\/logo-ACL.jpg\",\"contentUrl\":\"https:\\\/\\\/www.aclanester56.com\\\/velo\\\/wp-content\\\/uploads\\\/2013\\\/04\\\/logo-ACL.jpg\",\"width\":400,\"height\":334,\"caption\":\"Avenir Cycliste Lanester 56\"},\"image\":{\"@id\":\"https:\\\/\\\/www.aclanester56.com\\\/velo\\\/#\\\/schema\\\/logo\\\/image\\\/\"},\"sameAs\":[\"https:\\\/\\\/www.facebook.com\\\/pages\\\/AC-Lanester-56\\\/190286300991242?fref=ts\"]},{\"@type\":\"Person\",\"@id\":\"https:\\\/\\\/www.aclanester56.com\\\/velo\\\/#\\\/schema\\\/person\\\/ca2a44a5fd969e9dd846c72d3b33bc01\",\"name\":\"Jean-Christophe\",\"url\":\"https:\\\/\\\/www.aclanester56.com\\\/velo\\\/author\\\/jeanchristophe\\\/\"}]}<\/script>\n<!-- \/ Yoast SEO plugin. -->","yoast_head_json":{"title":"L'AC Lanester 56 brille sur la Route du Roc par \u00e9tapes ! - Avenir Cycliste Lanester 56","robots":{"index":"index","follow":"follow","max-snippet":"max-snippet:-1","max-image-preview":"max-image-preview:large","max-video-preview":"max-video-preview:-1"},"canonical":"https:\/\/www.aclanester56.com\/velo\/lac-lanester-56-brille-sur-la-route-du-roc-par-etapes\/","og_locale":"fr_FR","og_type":"article","og_title":"L'AC Lanester 56 brille sur la Route du Roc par \u00e9tapes ! - Avenir Cycliste Lanester 56","og_url":"https:\/\/www.aclanester56.com\/velo\/lac-lanester-56-brille-sur-la-route-du-roc-par-etapes\/","og_site_name":"Avenir Cycliste Lanester 56","article_publisher":"https:\/\/www.facebook.com\/pages\/AC-Lanester-56\/190286300991242?fref=ts","article_published_time":"2012-09-05T20:36:26+00:00","article_modified_time":"2013-12-21T22:41:07+00:00","og_image":[{"width":650,"height":300,"url":"https:\/\/www.aclanester56.com\/velo\/wp-content\/uploads\/2012\/09\/253194_362002787213379_1454220989_n-Copie1.jpg","type":"image\/jpeg"}],"author":"Jean-Christophe","twitter_misc":{"\u00c9crit par":"Jean-Christophe","Dur\u00e9e de lecture estim\u00e9e":"5 minutes"},"schema":{"@context":"https:\/\/schema.org","@graph":[{"@type":"Article","@id":"https:\/\/www.aclanester56.com\/velo\/lac-lanester-56-brille-sur-la-route-du-roc-par-etapes\/#article","isPartOf":{"@id":"https:\/\/www.aclanester56.com\/velo\/lac-lanester-56-brille-sur-la-route-du-roc-par-etapes\/"},"author":{"name":"Jean-Christophe","@id":"https:\/\/www.aclanester56.com\/velo\/#\/schema\/person\/ca2a44a5fd969e9dd846c72d3b33bc01"},"headline":"L&rsquo;AC Lanester 56 brille sur la Route du Roc par \u00e9tapes !","datePublished":"2012-09-05T20:36:26+00:00","dateModified":"2013-12-21T22:41:07+00:00","mainEntityOfPage":{"@id":"https:\/\/www.aclanester56.com\/velo\/lac-lanester-56-brille-sur-la-route-du-roc-par-etapes\/"},"wordCount":942,"commentCount":0,"publisher":{"@id":"https:\/\/www.aclanester56.com\/velo\/#organization"},"image":{"@id":"https:\/\/www.aclanester56.com\/velo\/lac-lanester-56-brille-sur-la-route-du-roc-par-etapes\/#primaryimage"},"thumbnailUrl":"https:\/\/www.aclanester56.com\/velo\/wp-content\/uploads\/2012\/09\/253194_362002787213379_1454220989_n-Copie1.jpg","articleSection":["AC LANESTER 56","R\u00e9sultats 3eme cat\u00e9gorie"],"inLanguage":"fr-FR","potentialAction":[{"@type":"CommentAction","name":"Comment","target":["https:\/\/www.aclanester56.com\/velo\/lac-lanester-56-brille-sur-la-route-du-roc-par-etapes\/#respond"]}]},{"@type":"WebPage","@id":"https:\/\/www.aclanester56.com\/velo\/lac-lanester-56-brille-sur-la-route-du-roc-par-etapes\/","url":"https:\/\/www.aclanester56.com\/velo\/lac-lanester-56-brille-sur-la-route-du-roc-par-etapes\/","name":"L'AC Lanester 56 brille sur la Route du Roc par \u00e9tapes ! - Avenir Cycliste Lanester 56","isPartOf":{"@id":"https:\/\/www.aclanester56.com\/velo\/#website"},"primaryImageOfPage":{"@id":"https:\/\/www.aclanester56.com\/velo\/lac-lanester-56-brille-sur-la-route-du-roc-par-etapes\/#primaryimage"},"image":{"@id":"https:\/\/www.aclanester56.com\/velo\/lac-lanester-56-brille-sur-la-route-du-roc-par-etapes\/#primaryimage"},"thumbnailUrl":"https:\/\/www.aclanester56.com\/velo\/wp-content\/uploads\/2012\/09\/253194_362002787213379_1454220989_n-Copie1.jpg","datePublished":"2012-09-05T20:36:26+00:00","dateModified":"2013-12-21T22:41:07+00:00","inLanguage":"fr-FR","potentialAction":[{"@type":"ReadAction","target":["https:\/\/www.aclanester56.com\/velo\/lac-lanester-56-brille-sur-la-route-du-roc-par-etapes\/"]}]},{"@type":"ImageObject","inLanguage":"fr-FR","@id":"https:\/\/www.aclanester56.com\/velo\/lac-lanester-56-brille-sur-la-route-du-roc-par-etapes\/#primaryimage","url":"https:\/\/www.aclanester56.com\/velo\/wp-content\/uploads\/2012\/09\/253194_362002787213379_1454220989_n-Copie1.jpg","contentUrl":"https:\/\/www.aclanester56.com\/velo\/wp-content\/uploads\/2012\/09\/253194_362002787213379_1454220989_n-Copie1.jpg","width":650,"height":300},{"@type":"WebSite","@id":"https:\/\/www.aclanester56.com\/velo\/#website","url":"https:\/\/www.aclanester56.com\/velo\/","name":"Avenir Cycliste Lanester 56","description":"Club cycliste de l&#039;AC LANESTER 56","publisher":{"@id":"https:\/\/www.aclanester56.com\/velo\/#organization"},"potentialAction":[{"@type":"SearchAction","target":{"@type":"EntryPoint","urlTemplate":"https:\/\/www.aclanester56.com\/velo\/?s={search_term_string}"},"query-input":{"@type":"PropertyValueSpecification","valueRequired":true,"valueName":"search_term_string"}}],"inLanguage":"fr-FR"},{"@type":"Organization","@id":"https:\/\/www.aclanester56.com\/velo\/#organization","name":"Avenir Cycliste Lanester 56","url":"https:\/\/www.aclanester56.com\/velo\/","logo":{"@type":"ImageObject","inLanguage":"fr-FR","@id":"https:\/\/www.aclanester56.com\/velo\/#\/schema\/logo\/image\/","url":"https:\/\/www.aclanester56.com\/velo\/wp-content\/uploads\/2013\/04\/logo-ACL.jpg","contentUrl":"https:\/\/www.aclanester56.com\/velo\/wp-content\/uploads\/2013\/04\/logo-ACL.jpg","width":400,"height":334,"caption":"Avenir Cycliste Lanester 56"},"image":{"@id":"https:\/\/www.aclanester56.com\/velo\/#\/schema\/logo\/image\/"},"sameAs":["https:\/\/www.facebook.com\/pages\/AC-Lanester-56\/190286300991242?fref=ts"]},{"@type":"Person","@id":"https:\/\/www.aclanester56.com\/velo\/#\/schema\/person\/ca2a44a5fd969e9dd846c72d3b33bc01","name":"Jean-Christophe","url":"https:\/\/www.aclanester56.com\/velo\/author\/jeanchristophe\/"}]}},"_links":{"self":[{"href":"https:\/\/www.aclanester56.com\/velo\/wp-json\/wp\/v2\/posts\/13016","targetHints":{"allow":["GET"]}}],"collection":[{"href":"https:\/\/www.aclanester56.com\/velo\/wp-json\/wp\/v2\/posts"}],"about":[{"href":"https:\/\/www.aclanester56.com\/velo\/wp-json\/wp\/v2\/types\/post"}],"author":[{"embeddable":true,"href":"https:\/\/www.aclanester56.com\/velo\/wp-json\/wp\/v2\/users\/14"}],"replies":[{"embeddable":true,"href":"https:\/\/www.aclanester56.com\/velo\/wp-json\/wp\/v2\/comments?post=13016"}],"version-history":[{"count":0,"href":"https:\/\/www.aclanester56.com\/velo\/wp-json\/wp\/v2\/posts\/13016\/revisions"}],"wp:featuredmedia":[{"embeddable":true,"href":"https:\/\/www.aclanester56.com\/velo\/wp-json\/wp\/v2\/media\/13026"}],"wp:attachment":[{"href":"https:\/\/www.aclanester56.com\/velo\/wp-json\/wp\/v2\/media?parent=13016"}],"wp:term":[{"taxonomy":"category","embeddable":true,"href":"https:\/\/www.aclanester56.com\/velo\/wp-json\/wp\/v2\/categories?post=13016"},{"taxonomy":"post_tag","embeddable":true,"href":"https:\/\/www.aclanester56.com\/velo\/wp-json\/wp\/v2\/tags?post=13016"}],"curies":[{"name":"wp","href":"https:\/\/api.w.org\/{rel}","templated":true}]}}