{"id":13042,"date":"2012-09-06T07:16:29","date_gmt":"2012-09-06T06:16:29","guid":{"rendered":"http:\/\/www.aclanester56.com\/velo\/?p=13042"},"modified":"2013-12-22T00:41:10","modified_gmt":"2013-12-21T22:41:10","slug":"thomas-denis-et-karl-chandavoine-contribuent-au-succes-du-cd56-sur-la-coupe-de-bretagne-piste","status":"publish","type":"post","link":"https:\/\/www.aclanester56.com\/velo\/thomas-denis-et-karl-chandavoine-contribuent-au-succes-du-cd56-sur-la-coupe-de-bretagne-piste\/","title":{"rendered":"Thomas Denis et Karl Chandavoine contribuent au succ\u00e8s du CD56 sur la Coupe de Bretagne Piste"},"content":{"rendered":"<p style=\"text-align: justify;\"><!--more--><\/p>\n<p style=\"text-align: justify;\">Deux Lanest\u00e9riens figuraient dans la s\u00e9lection du Morbihan qui a remport\u00e9 la Coupe de Bretagne sur piste \u00e0 Pordic samedi dernier. Thomas Denis prend de belles places d&rsquo;honneur chez les cadets, tandis que notre double champion de France Karl Chandavoine remporte la course aux points et la poursuite par \u00e9quipes chez les juniors\/seniors !<\/p>\n<p>\u00a0<span style=\"text-decoration: underline;\"><strong>Vitesse cadets :<\/strong><\/span><\/p>\n<p>1 LE BLANC Th\u00e9ophile CD56<br \/>2 SAVARY J\u00e9r\u00f4me CD35<br \/>3 LE HUITOUZE Julien CD56<br \/>7 DENIS THOMAS CD56<\/p>\n<div id=\"attachment_13050\" style=\"width: 410px\" class=\"wp-caption alignright\"><a href=\"http:\/\/www.aclanester56.com\/velo\/wp-content\/uploads\/2012\/09\/Thomas-Denis-800x534.jpg\"><img loading=\"lazy\" decoding=\"async\" aria-describedby=\"caption-attachment-13050\" class=\"size-large wp-image-13050\" title=\"Thomas Denis est 7\u00e8me sur la vitesse et sur la course aux points ! (photo Marion Denis)\" alt=\"\" src=\"http:\/\/www.aclanester56.com\/velo\/wp-content\/uploads\/2012\/09\/Thomas-Denis-800x534.jpg\" width=\"400\" height=\"267\" srcset=\"https:\/\/www.aclanester56.com\/velo\/wp-content\/uploads\/2012\/09\/Thomas-Denis-800x534.jpg 800w, https:\/\/www.aclanester56.com\/velo\/wp-content\/uploads\/2012\/09\/Thomas-Denis-300x200.jpg 300w, https:\/\/www.aclanester56.com\/velo\/wp-content\/uploads\/2012\/09\/Thomas-Denis-449x300.jpg 449w, https:\/\/www.aclanester56.com\/velo\/wp-content\/uploads\/2012\/09\/Thomas-Denis.jpg 960w\" sizes=\"auto, (max-width: 400px) 100vw, 400px\" \/><\/a><p id=\"caption-attachment-13050\" class=\"wp-caption-text\">Thomas Denis est 7\u00e8me sur la vitesse et sur la course aux points ! (photo Marion Denis)<\/p><\/div>\n<p><span style=\"text-decoration: underline;\"><strong>Course aux points cadets :<\/strong><\/span><\/p>\n<p>1 JACQ LEO CD29<br \/>2 LE BLANC THEOPHILE CD56<br \/>3 HERVE BAPTISTE CD35<br \/>7 DENIS THOMAS CD56<\/p>\n<p><span style=\"text-decoration: underline;\"><strong>Eliminatoires juniors\/seniors :<\/strong><\/span><\/p>\n<p>1 JANVIER NICOLAS CD29<br \/>2 GUILLO KILIAN CD56<br \/>3 GAUTIER NICOLAS CD35<br \/>5 CHANDAVOINE KARL CD56<\/p>\n<p><span style=\"text-decoration: underline;\"><strong>Course aux points juniors\/seniors\u00a0:<\/strong><\/span><\/p>\n<p>1 CHANDAVOINE KARL CD56<br \/>2 JANVIER NICOLAS CD29<br \/>3 JEGAT BENJAMIN CD56<\/p>\n<p><span style=\"text-decoration: underline;\"><strong>Poursuite par \u00e9quipes :<\/strong><\/span><\/p>\n<p>1 CD56\u00a03&rsquo;20&Prime;171<br \/>2 CD29\u00a03&rsquo;20&Prime;882<br \/>3 CD22\u00a03&rsquo;29&Prime;557<br \/>\u00a04\u00a0CD35\u00a03&rsquo;30&Prime;928<\/p>\n<p><span style=\"text-decoration: underline;\"><strong>Classement final :<\/strong><\/span><\/p>\n<p>1 CD 56 65 pts<br \/>2 CD 35 46 prs<br \/>3 CD 22 44 pts<br \/>4 CD 29 42 pts<\/p>\n","protected":false},"excerpt":{"rendered":"","protected":false},"author":14,"featured_media":13043,"comment_status":"open","ping_status":"closed","sticky":false,"template":"","format":"standard","meta":{"ngg_post_thumbnail":0,"footnotes":""},"categories":[5],"tags":[],"class_list":["post-13042","post","type-post","status-publish","format-standard","has-post-thumbnail","hentry","category-ac-lanester-56"],"yoast_head":"<!-- This site is optimized with the Yoast SEO plugin v27.5 - https:\/\/yoast.com\/product\/yoast-seo-wordpress\/ -->\n<title>Thomas Denis et Karl Chandavoine contribuent au succ\u00e8s du CD56 sur la Coupe de Bretagne Piste - Avenir Cycliste Lanester 56<\/title>\n<meta name=\"robots\" content=\"index, follow, max-snippet:-1, max-image-preview:large, max-video-preview:-1\" \/>\n<link rel=\"canonical\" href=\"https:\/\/www.aclanester56.com\/velo\/thomas-denis-et-karl-chandavoine-contribuent-au-succes-du-cd56-sur-la-coupe-de-bretagne-piste\/\" \/>\n<meta property=\"og:locale\" content=\"fr_FR\" \/>\n<meta property=\"og:type\" content=\"article\" \/>\n<meta property=\"og:title\" content=\"Thomas Denis et Karl Chandavoine contribuent au succ\u00e8s du CD56 sur la Coupe de Bretagne Piste - Avenir Cycliste Lanester 56\" \/>\n<meta property=\"og:url\" content=\"https:\/\/www.aclanester56.com\/velo\/thomas-denis-et-karl-chandavoine-contribuent-au-succes-du-cd56-sur-la-coupe-de-bretagne-piste\/\" \/>\n<meta property=\"og:site_name\" content=\"Avenir Cycliste Lanester 56\" \/>\n<meta property=\"article:publisher\" content=\"https:\/\/www.facebook.com\/pages\/AC-Lanester-56\/190286300991242?fref=ts\" \/>\n<meta property=\"article:published_time\" content=\"2012-09-06T06:16:29+00:00\" \/>\n<meta property=\"article:modified_time\" content=\"2013-12-21T22:41:10+00:00\" \/>\n<meta property=\"og:image\" content=\"https:\/\/www.aclanester56.com\/velo\/wp-content\/uploads\/2012\/09\/Poursuite-\u00e9quipes-Karl-Copie.jpg\" \/>\n\t<meta property=\"og:image:width\" content=\"650\" \/>\n\t<meta property=\"og:image:height\" content=\"300\" \/>\n\t<meta property=\"og:image:type\" content=\"image\/jpeg\" \/>\n<meta name=\"author\" content=\"Jean-Christophe\" \/>\n<meta name=\"twitter:label1\" content=\"\u00c9crit par\" \/>\n\t<meta name=\"twitter:data1\" content=\"Jean-Christophe\" \/>\n\t<meta name=\"twitter:label2\" content=\"Dur\u00e9e de lecture estim\u00e9e\" \/>\n\t<meta name=\"twitter:data2\" content=\"1 minute\" \/>\n<script type=\"application\/ld+json\" class=\"yoast-schema-graph\">{\"@context\":\"https:\\\/\\\/schema.org\",\"@graph\":[{\"@type\":\"Article\",\"@id\":\"https:\\\/\\\/www.aclanester56.com\\\/velo\\\/thomas-denis-et-karl-chandavoine-contribuent-au-succes-du-cd56-sur-la-coupe-de-bretagne-piste\\\/#article\",\"isPartOf\":{\"@id\":\"https:\\\/\\\/www.aclanester56.com\\\/velo\\\/thomas-denis-et-karl-chandavoine-contribuent-au-succes-du-cd56-sur-la-coupe-de-bretagne-piste\\\/\"},\"author\":{\"name\":\"Jean-Christophe\",\"@id\":\"https:\\\/\\\/www.aclanester56.com\\\/velo\\\/#\\\/schema\\\/person\\\/ca2a44a5fd969e9dd846c72d3b33bc01\"},\"headline\":\"Thomas Denis et Karl Chandavoine contribuent au succ\u00e8s du CD56 sur la Coupe de Bretagne Piste\",\"datePublished\":\"2012-09-06T06:16:29+00:00\",\"dateModified\":\"2013-12-21T22:41:10+00:00\",\"mainEntityOfPage\":{\"@id\":\"https:\\\/\\\/www.aclanester56.com\\\/velo\\\/thomas-denis-et-karl-chandavoine-contribuent-au-succes-du-cd56-sur-la-coupe-de-bretagne-piste\\\/\"},\"wordCount\":181,\"commentCount\":0,\"publisher\":{\"@id\":\"https:\\\/\\\/www.aclanester56.com\\\/velo\\\/#organization\"},\"image\":{\"@id\":\"https:\\\/\\\/www.aclanester56.com\\\/velo\\\/thomas-denis-et-karl-chandavoine-contribuent-au-succes-du-cd56-sur-la-coupe-de-bretagne-piste\\\/#primaryimage\"},\"thumbnailUrl\":\"https:\\\/\\\/www.aclanester56.com\\\/velo\\\/wp-content\\\/uploads\\\/2012\\\/09\\\/Poursuite-\u00e9quipes-Karl-Copie.jpg\",\"articleSection\":[\"AC LANESTER 56\"],\"inLanguage\":\"fr-FR\",\"potentialAction\":[{\"@type\":\"CommentAction\",\"name\":\"Comment\",\"target\":[\"https:\\\/\\\/www.aclanester56.com\\\/velo\\\/thomas-denis-et-karl-chandavoine-contribuent-au-succes-du-cd56-sur-la-coupe-de-bretagne-piste\\\/#respond\"]}]},{\"@type\":\"WebPage\",\"@id\":\"https:\\\/\\\/www.aclanester56.com\\\/velo\\\/thomas-denis-et-karl-chandavoine-contribuent-au-succes-du-cd56-sur-la-coupe-de-bretagne-piste\\\/\",\"url\":\"https:\\\/\\\/www.aclanester56.com\\\/velo\\\/thomas-denis-et-karl-chandavoine-contribuent-au-succes-du-cd56-sur-la-coupe-de-bretagne-piste\\\/\",\"name\":\"Thomas Denis et Karl Chandavoine contribuent au succ\u00e8s du CD56 sur la Coupe de Bretagne Piste - Avenir Cycliste Lanester 56\",\"isPartOf\":{\"@id\":\"https:\\\/\\\/www.aclanester56.com\\\/velo\\\/#website\"},\"primaryImageOfPage\":{\"@id\":\"https:\\\/\\\/www.aclanester56.com\\\/velo\\\/thomas-denis-et-karl-chandavoine-contribuent-au-succes-du-cd56-sur-la-coupe-de-bretagne-piste\\\/#primaryimage\"},\"image\":{\"@id\":\"https:\\\/\\\/www.aclanester56.com\\\/velo\\\/thomas-denis-et-karl-chandavoine-contribuent-au-succes-du-cd56-sur-la-coupe-de-bretagne-piste\\\/#primaryimage\"},\"thumbnailUrl\":\"https:\\\/\\\/www.aclanester56.com\\\/velo\\\/wp-content\\\/uploads\\\/2012\\\/09\\\/Poursuite-\u00e9quipes-Karl-Copie.jpg\",\"datePublished\":\"2012-09-06T06:16:29+00:00\",\"dateModified\":\"2013-12-21T22:41:10+00:00\",\"inLanguage\":\"fr-FR\",\"potentialAction\":[{\"@type\":\"ReadAction\",\"target\":[\"https:\\\/\\\/www.aclanester56.com\\\/velo\\\/thomas-denis-et-karl-chandavoine-contribuent-au-succes-du-cd56-sur-la-coupe-de-bretagne-piste\\\/\"]}]},{\"@type\":\"ImageObject\",\"inLanguage\":\"fr-FR\",\"@id\":\"https:\\\/\\\/www.aclanester56.com\\\/velo\\\/thomas-denis-et-karl-chandavoine-contribuent-au-succes-du-cd56-sur-la-coupe-de-bretagne-piste\\\/#primaryimage\",\"url\":\"https:\\\/\\\/www.aclanester56.com\\\/velo\\\/wp-content\\\/uploads\\\/2012\\\/09\\\/Poursuite-\u00e9quipes-Karl-Copie.jpg\",\"contentUrl\":\"https:\\\/\\\/www.aclanester56.com\\\/velo\\\/wp-content\\\/uploads\\\/2012\\\/09\\\/Poursuite-\u00e9quipes-Karl-Copie.jpg\",\"width\":650,\"height\":300},{\"@type\":\"WebSite\",\"@id\":\"https:\\\/\\\/www.aclanester56.com\\\/velo\\\/#website\",\"url\":\"https:\\\/\\\/www.aclanester56.com\\\/velo\\\/\",\"name\":\"Avenir Cycliste Lanester 56\",\"description\":\"Club cycliste de l&#039;AC LANESTER 56\",\"publisher\":{\"@id\":\"https:\\\/\\\/www.aclanester56.com\\\/velo\\\/#organization\"},\"potentialAction\":[{\"@type\":\"SearchAction\",\"target\":{\"@type\":\"EntryPoint\",\"urlTemplate\":\"https:\\\/\\\/www.aclanester56.com\\\/velo\\\/?s={search_term_string}\"},\"query-input\":{\"@type\":\"PropertyValueSpecification\",\"valueRequired\":true,\"valueName\":\"search_term_string\"}}],\"inLanguage\":\"fr-FR\"},{\"@type\":\"Organization\",\"@id\":\"https:\\\/\\\/www.aclanester56.com\\\/velo\\\/#organization\",\"name\":\"Avenir Cycliste Lanester 56\",\"url\":\"https:\\\/\\\/www.aclanester56.com\\\/velo\\\/\",\"logo\":{\"@type\":\"ImageObject\",\"inLanguage\":\"fr-FR\",\"@id\":\"https:\\\/\\\/www.aclanester56.com\\\/velo\\\/#\\\/schema\\\/logo\\\/image\\\/\",\"url\":\"https:\\\/\\\/www.aclanester56.com\\\/velo\\\/wp-content\\\/uploads\\\/2013\\\/04\\\/logo-ACL.jpg\",\"contentUrl\":\"https:\\\/\\\/www.aclanester56.com\\\/velo\\\/wp-content\\\/uploads\\\/2013\\\/04\\\/logo-ACL.jpg\",\"width\":400,\"height\":334,\"caption\":\"Avenir Cycliste Lanester 56\"},\"image\":{\"@id\":\"https:\\\/\\\/www.aclanester56.com\\\/velo\\\/#\\\/schema\\\/logo\\\/image\\\/\"},\"sameAs\":[\"https:\\\/\\\/www.facebook.com\\\/pages\\\/AC-Lanester-56\\\/190286300991242?fref=ts\"]},{\"@type\":\"Person\",\"@id\":\"https:\\\/\\\/www.aclanester56.com\\\/velo\\\/#\\\/schema\\\/person\\\/ca2a44a5fd969e9dd846c72d3b33bc01\",\"name\":\"Jean-Christophe\",\"url\":\"https:\\\/\\\/www.aclanester56.com\\\/velo\\\/author\\\/jeanchristophe\\\/\"}]}<\/script>\n<!-- \/ Yoast SEO plugin. -->","yoast_head_json":{"title":"Thomas Denis et Karl Chandavoine contribuent au succ\u00e8s du CD56 sur la Coupe de Bretagne Piste - Avenir Cycliste Lanester 56","robots":{"index":"index","follow":"follow","max-snippet":"max-snippet:-1","max-image-preview":"max-image-preview:large","max-video-preview":"max-video-preview:-1"},"canonical":"https:\/\/www.aclanester56.com\/velo\/thomas-denis-et-karl-chandavoine-contribuent-au-succes-du-cd56-sur-la-coupe-de-bretagne-piste\/","og_locale":"fr_FR","og_type":"article","og_title":"Thomas Denis et Karl Chandavoine contribuent au succ\u00e8s du CD56 sur la Coupe de Bretagne Piste - Avenir Cycliste Lanester 56","og_url":"https:\/\/www.aclanester56.com\/velo\/thomas-denis-et-karl-chandavoine-contribuent-au-succes-du-cd56-sur-la-coupe-de-bretagne-piste\/","og_site_name":"Avenir Cycliste Lanester 56","article_publisher":"https:\/\/www.facebook.com\/pages\/AC-Lanester-56\/190286300991242?fref=ts","article_published_time":"2012-09-06T06:16:29+00:00","article_modified_time":"2013-12-21T22:41:10+00:00","og_image":[{"width":650,"height":300,"url":"https:\/\/www.aclanester56.com\/velo\/wp-content\/uploads\/2012\/09\/Poursuite-\u00e9quipes-Karl-Copie.jpg","type":"image\/jpeg"}],"author":"Jean-Christophe","twitter_misc":{"\u00c9crit par":"Jean-Christophe","Dur\u00e9e de lecture estim\u00e9e":"1 minute"},"schema":{"@context":"https:\/\/schema.org","@graph":[{"@type":"Article","@id":"https:\/\/www.aclanester56.com\/velo\/thomas-denis-et-karl-chandavoine-contribuent-au-succes-du-cd56-sur-la-coupe-de-bretagne-piste\/#article","isPartOf":{"@id":"https:\/\/www.aclanester56.com\/velo\/thomas-denis-et-karl-chandavoine-contribuent-au-succes-du-cd56-sur-la-coupe-de-bretagne-piste\/"},"author":{"name":"Jean-Christophe","@id":"https:\/\/www.aclanester56.com\/velo\/#\/schema\/person\/ca2a44a5fd969e9dd846c72d3b33bc01"},"headline":"Thomas Denis et Karl Chandavoine contribuent au succ\u00e8s du CD56 sur la Coupe de Bretagne Piste","datePublished":"2012-09-06T06:16:29+00:00","dateModified":"2013-12-21T22:41:10+00:00","mainEntityOfPage":{"@id":"https:\/\/www.aclanester56.com\/velo\/thomas-denis-et-karl-chandavoine-contribuent-au-succes-du-cd56-sur-la-coupe-de-bretagne-piste\/"},"wordCount":181,"commentCount":0,"publisher":{"@id":"https:\/\/www.aclanester56.com\/velo\/#organization"},"image":{"@id":"https:\/\/www.aclanester56.com\/velo\/thomas-denis-et-karl-chandavoine-contribuent-au-succes-du-cd56-sur-la-coupe-de-bretagne-piste\/#primaryimage"},"thumbnailUrl":"https:\/\/www.aclanester56.com\/velo\/wp-content\/uploads\/2012\/09\/Poursuite-\u00e9quipes-Karl-Copie.jpg","articleSection":["AC LANESTER 56"],"inLanguage":"fr-FR","potentialAction":[{"@type":"CommentAction","name":"Comment","target":["https:\/\/www.aclanester56.com\/velo\/thomas-denis-et-karl-chandavoine-contribuent-au-succes-du-cd56-sur-la-coupe-de-bretagne-piste\/#respond"]}]},{"@type":"WebPage","@id":"https:\/\/www.aclanester56.com\/velo\/thomas-denis-et-karl-chandavoine-contribuent-au-succes-du-cd56-sur-la-coupe-de-bretagne-piste\/","url":"https:\/\/www.aclanester56.com\/velo\/thomas-denis-et-karl-chandavoine-contribuent-au-succes-du-cd56-sur-la-coupe-de-bretagne-piste\/","name":"Thomas Denis et Karl Chandavoine contribuent au succ\u00e8s du CD56 sur la Coupe de Bretagne Piste - Avenir Cycliste Lanester 56","isPartOf":{"@id":"https:\/\/www.aclanester56.com\/velo\/#website"},"primaryImageOfPage":{"@id":"https:\/\/www.aclanester56.com\/velo\/thomas-denis-et-karl-chandavoine-contribuent-au-succes-du-cd56-sur-la-coupe-de-bretagne-piste\/#primaryimage"},"image":{"@id":"https:\/\/www.aclanester56.com\/velo\/thomas-denis-et-karl-chandavoine-contribuent-au-succes-du-cd56-sur-la-coupe-de-bretagne-piste\/#primaryimage"},"thumbnailUrl":"https:\/\/www.aclanester56.com\/velo\/wp-content\/uploads\/2012\/09\/Poursuite-\u00e9quipes-Karl-Copie.jpg","datePublished":"2012-09-06T06:16:29+00:00","dateModified":"2013-12-21T22:41:10+00:00","inLanguage":"fr-FR","potentialAction":[{"@type":"ReadAction","target":["https:\/\/www.aclanester56.com\/velo\/thomas-denis-et-karl-chandavoine-contribuent-au-succes-du-cd56-sur-la-coupe-de-bretagne-piste\/"]}]},{"@type":"ImageObject","inLanguage":"fr-FR","@id":"https:\/\/www.aclanester56.com\/velo\/thomas-denis-et-karl-chandavoine-contribuent-au-succes-du-cd56-sur-la-coupe-de-bretagne-piste\/#primaryimage","url":"https:\/\/www.aclanester56.com\/velo\/wp-content\/uploads\/2012\/09\/Poursuite-\u00e9quipes-Karl-Copie.jpg","contentUrl":"https:\/\/www.aclanester56.com\/velo\/wp-content\/uploads\/2012\/09\/Poursuite-\u00e9quipes-Karl-Copie.jpg","width":650,"height":300},{"@type":"WebSite","@id":"https:\/\/www.aclanester56.com\/velo\/#website","url":"https:\/\/www.aclanester56.com\/velo\/","name":"Avenir Cycliste Lanester 56","description":"Club cycliste de l&#039;AC LANESTER 56","publisher":{"@id":"https:\/\/www.aclanester56.com\/velo\/#organization"},"potentialAction":[{"@type":"SearchAction","target":{"@type":"EntryPoint","urlTemplate":"https:\/\/www.aclanester56.com\/velo\/?s={search_term_string}"},"query-input":{"@type":"PropertyValueSpecification","valueRequired":true,"valueName":"search_term_string"}}],"inLanguage":"fr-FR"},{"@type":"Organization","@id":"https:\/\/www.aclanester56.com\/velo\/#organization","name":"Avenir Cycliste Lanester 56","url":"https:\/\/www.aclanester56.com\/velo\/","logo":{"@type":"ImageObject","inLanguage":"fr-FR","@id":"https:\/\/www.aclanester56.com\/velo\/#\/schema\/logo\/image\/","url":"https:\/\/www.aclanester56.com\/velo\/wp-content\/uploads\/2013\/04\/logo-ACL.jpg","contentUrl":"https:\/\/www.aclanester56.com\/velo\/wp-content\/uploads\/2013\/04\/logo-ACL.jpg","width":400,"height":334,"caption":"Avenir Cycliste Lanester 56"},"image":{"@id":"https:\/\/www.aclanester56.com\/velo\/#\/schema\/logo\/image\/"},"sameAs":["https:\/\/www.facebook.com\/pages\/AC-Lanester-56\/190286300991242?fref=ts"]},{"@type":"Person","@id":"https:\/\/www.aclanester56.com\/velo\/#\/schema\/person\/ca2a44a5fd969e9dd846c72d3b33bc01","name":"Jean-Christophe","url":"https:\/\/www.aclanester56.com\/velo\/author\/jeanchristophe\/"}]}},"_links":{"self":[{"href":"https:\/\/www.aclanester56.com\/velo\/wp-json\/wp\/v2\/posts\/13042","targetHints":{"allow":["GET"]}}],"collection":[{"href":"https:\/\/www.aclanester56.com\/velo\/wp-json\/wp\/v2\/posts"}],"about":[{"href":"https:\/\/www.aclanester56.com\/velo\/wp-json\/wp\/v2\/types\/post"}],"author":[{"embeddable":true,"href":"https:\/\/www.aclanester56.com\/velo\/wp-json\/wp\/v2\/users\/14"}],"replies":[{"embeddable":true,"href":"https:\/\/www.aclanester56.com\/velo\/wp-json\/wp\/v2\/comments?post=13042"}],"version-history":[{"count":0,"href":"https:\/\/www.aclanester56.com\/velo\/wp-json\/wp\/v2\/posts\/13042\/revisions"}],"wp:featuredmedia":[{"embeddable":true,"href":"https:\/\/www.aclanester56.com\/velo\/wp-json\/wp\/v2\/media\/13043"}],"wp:attachment":[{"href":"https:\/\/www.aclanester56.com\/velo\/wp-json\/wp\/v2\/media?parent=13042"}],"wp:term":[{"taxonomy":"category","embeddable":true,"href":"https:\/\/www.aclanester56.com\/velo\/wp-json\/wp\/v2\/categories?post=13042"},{"taxonomy":"post_tag","embeddable":true,"href":"https:\/\/www.aclanester56.com\/velo\/wp-json\/wp\/v2\/tags?post=13042"}],"curies":[{"name":"wp","href":"https:\/\/api.w.org\/{rel}","templated":true}]}}