{"id":13106,"date":"2012-09-13T22:22:16","date_gmt":"2012-09-13T21:22:16","guid":{"rendered":"http:\/\/www.aclanester56.com\/velo\/?p=13106"},"modified":"2013-12-22T00:39:50","modified_gmt":"2013-12-21T22:39:50","slug":"resultats-du-week-end-nicolas-primas-victorieux-a-lorient-lanveur","status":"publish","type":"post","link":"https:\/\/www.aclanester56.com\/velo\/resultats-du-week-end-nicolas-primas-victorieux-a-lorient-lanveur\/","title":{"rendered":"R\u00e9sultats du week-end : Nicolas Primas victorieux \u00e0 Lorient-Lanveur !"},"content":{"rendered":"<p style=\"text-align: justify;\"><!--more--><\/p>\n<p style=\"text-align: justify;\">Le Lanest\u00e9rien Nicolas Primas remporte un nouveau succ\u00e8s ce dimanche \u00e0 Lorient dans le quartier de Lanveur. Les jeunes coureurs de \u00a0l&rsquo;AC Lanester 56 y r\u00e9ussissent une belle performance en animant l&rsquo;\u00e9preuve de bout en bout et en pla\u00e7ant pas moins de 8 coureurs dans les 18 premiers !<\/p>\n<p style=\"text-align: justify;\">Retrouvez \u00e9galement quelques r\u00e9sultats du Hingl\u00e9, de Glomel, R\u00e9d\u00e9n\u00e9 et Bourbriac !<\/p>\n<p>\u00a0<span style=\"text-decoration: underline;\"><strong>Le Hingl\u00e9 (Cadets) :<\/strong><\/span><\/p>\n<p>1 VIT Laurent VS PAYS DE LAMBALLE<br \/>2 LE BOUCHER Guillaume VS PAYS DE LAMBALLE<br \/>3 THOMAS Lylian UC GUINEFORT PAYS DE DINAN<br \/><span style=\"background-color: #ff6600;\">6 PRIMAS Nicolas AC LANESTER 56<\/span><\/p>\n<div id=\"attachment_13111\" style=\"width: 370px\" class=\"wp-caption alignright\"><a href=\"http:\/\/www.aclanester56.com\/velo\/wp-content\/uploads\/2012\/09\/Tregornon-Glomel.jpg\"><img loading=\"lazy\" decoding=\"async\" aria-describedby=\"caption-attachment-13111\" class=\"size-full wp-image-13111\" title=\"Corentin Le Bou\u00e9dec, Thibaut Seveno et Thomas Denis \u00e9taient sur le difficile circuit de Glomel (photo Marion Denis)\" alt=\"\" src=\"http:\/\/www.aclanester56.com\/velo\/wp-content\/uploads\/2012\/09\/Tregornon-Glomel.jpg\" width=\"360\" height=\"238\" srcset=\"https:\/\/www.aclanester56.com\/velo\/wp-content\/uploads\/2012\/09\/Tregornon-Glomel.jpg 720w, https:\/\/www.aclanester56.com\/velo\/wp-content\/uploads\/2012\/09\/Tregornon-Glomel-300x198.jpg 300w, https:\/\/www.aclanester56.com\/velo\/wp-content\/uploads\/2012\/09\/Tregornon-Glomel-452x300.jpg 452w\" sizes=\"auto, (max-width: 360px) 100vw, 360px\" \/><\/a><p id=\"caption-attachment-13111\" class=\"wp-caption-text\">Corentin Le Bou\u00e9dec, Thibaut Seveno et Thomas Denis \u00e9taient sur le difficile circuit de Glomel (photo Marion Denis)<\/p><\/div>\n<p><span style=\"text-decoration: underline;\"><strong>Tr\u00e9gornon en Glomel (Cadets) :<\/strong><\/span><\/p>\n<p>1 RIOU Alan Team C\u00f4te de Granit Rose<br \/>2 COLLOBERT Erwann UC Carhaix<br \/>3 ROBIC Thomas Run Bike Club 56<br \/><span style=\"background-color: #ff6600;\">4 DENIS Thomas AC Lanester 56<\/span><br \/><span style=\"background-color: #ff6600;\">10 SEVENO Thibault AC Lanester 56<\/span><\/p>\n<p><span style=\"text-decoration: underline;\"><strong>Bourbriac (Cadets) :<\/strong><\/span><\/p>\n<p>1 KERNEIS Nicolas VS SCAEROIS<br \/>2 MAHE Youenn UC GUINEFORT PAYS DE DINAN<br \/>3 GAUDU David LANDIVISIENNE CYCL.<br \/><span style=\"background-color: #ff6600;\">7 LE GAL K\u00e9vin AC LANESTER 56<\/span><\/p>\n<p><span style=\"text-decoration: underline;\"><strong>Lorient Lanveur (Cadets) :<\/strong><\/span><\/p>\n<p><span style=\"background-color: #ff6600;\">1 PRIMAS Nicolas AC LANESTER 56<\/span><br \/>2 MORICE Alex VELOCE VANNETAIS CYCL.<br \/>3 LE HUITOUZE Julien VC LANGUIDIC<\/p>\n<div id=\"attachment_13113\" style=\"width: 330px\" class=\"wp-caption alignright\"><a href=\"http:\/\/www.aclanester56.com\/velo\/wp-content\/uploads\/2012\/09\/Yoann-Selo-Lanveur.jpg\"><img loading=\"lazy\" decoding=\"async\" aria-describedby=\"caption-attachment-13113\" class=\"size-full wp-image-13113\" title=\"Le Lanest\u00e9rien Yoann Selo a anim\u00e9 le d\u00e9but de l'\u00e9preuve de Lanveur en parcourant plusieurs tours en solitaire (photo sportbreizh.com)\" alt=\"\" src=\"http:\/\/www.aclanester56.com\/velo\/wp-content\/uploads\/2012\/09\/Yoann-Selo-Lanveur.jpg\" width=\"320\" height=\"214\" srcset=\"https:\/\/www.aclanester56.com\/velo\/wp-content\/uploads\/2012\/09\/Yoann-Selo-Lanveur.jpg 640w, https:\/\/www.aclanester56.com\/velo\/wp-content\/uploads\/2012\/09\/Yoann-Selo-Lanveur-300x200.jpg 300w, https:\/\/www.aclanester56.com\/velo\/wp-content\/uploads\/2012\/09\/Yoann-Selo-Lanveur-448x300.jpg 448w\" sizes=\"auto, (max-width: 320px) 100vw, 320px\" \/><\/a><p id=\"caption-attachment-13113\" class=\"wp-caption-text\">Le Lanest\u00e9rien Yoann Selo a anim\u00e9 le d\u00e9but de l&rsquo;\u00e9preuve de Lanveur en parcourant plusieurs tours en solitaire (photo sportbreizh.com)<\/p><\/div>\n<p><span style=\"background-color: #ff6600;\">4 LANNURIEN Maxime AC LANESTER 56<\/span><br \/><span style=\"background-color: #ff6600;\">6 MORVAN Thibault AC LANESTER 56<\/span><br \/><span style=\"background-color: #ff6600;\">9 LE BARBIER Lo\u00efc AC LANESTER 56<\/span><br \/><span style=\"background-color: #ff6600;\">10 SELO Yoann AC LANESTER 56<\/span><br \/><span style=\"background-color: #ff6600;\">12 GUENNEC Maxime AC LANESTER 56<\/span><br \/><span style=\"background-color: #ff6600;\">15 LEWANDJA Yann AC LANESTER 56<\/span><br \/><span style=\"background-color: #ff6600;\">18 RIO Alexandre AC LANESTER 56<\/span><\/p>\n<p><span style=\"text-decoration: underline;\"><strong>R\u00e9d\u00e9n\u00e9 (3\u00e8me Cat) :<\/strong><\/span><\/p>\n<p>1 RODOLPHE HENRY MCC PAYS DES AVENS<br \/>2 JULIEN CORDROCH UCP PLOUAY 1er Junior<br \/>3 JEAN MARIE PITEL HENNEBONT CYCLISME<br \/><span style=\"background-color: #ff6600;\">31 MELVYN LE HEN AC LANESTER 56<\/span><\/p>\n<p><span style=\"text-decoration: underline;\"><strong>Lorient Lanveur (1\u00e8re, 2\u00e8me &amp; 3\u00e8me Cat) :<\/strong><\/span><\/p>\n<p>1 LE COGUIC Fabien BREST IROISE CYCL.2000<br \/>2 CONAN Herman VS SCAEROIS<br \/>3 BOURREAU THOMAS SABLE SARTHE CYCLISME PDL<br \/><span style=\"background-color: #ff6600;\">24 LE GAL Mathieu AC LANESTER 56<\/span><\/p>\n<p>&nbsp;<\/p>\n","protected":false},"excerpt":{"rendered":"","protected":false},"author":14,"featured_media":13116,"comment_status":"open","ping_status":"closed","sticky":false,"template":"","format":"standard","meta":{"ngg_post_thumbnail":0,"footnotes":""},"categories":[5,19,18,22],"tags":[],"class_list":["post-13106","post","type-post","status-publish","format-standard","has-post-thumbnail","hentry","category-ac-lanester-56","category-resultats-2eme-categorie","category-resultats-3eme-categorie","category-resultats-cadets"],"yoast_head":"<!-- This site is optimized with the Yoast SEO plugin v27.5 - https:\/\/yoast.com\/product\/yoast-seo-wordpress\/ -->\n<title>R\u00e9sultats du week-end : Nicolas Primas victorieux \u00e0 Lorient-Lanveur ! - Avenir Cycliste Lanester 56<\/title>\n<meta name=\"robots\" content=\"index, follow, max-snippet:-1, max-image-preview:large, max-video-preview:-1\" \/>\n<link rel=\"canonical\" href=\"https:\/\/www.aclanester56.com\/velo\/resultats-du-week-end-nicolas-primas-victorieux-a-lorient-lanveur\/\" \/>\n<meta property=\"og:locale\" content=\"fr_FR\" \/>\n<meta property=\"og:type\" content=\"article\" \/>\n<meta property=\"og:title\" content=\"R\u00e9sultats du week-end : Nicolas Primas victorieux \u00e0 Lorient-Lanveur ! - Avenir Cycliste Lanester 56\" \/>\n<meta property=\"og:url\" content=\"https:\/\/www.aclanester56.com\/velo\/resultats-du-week-end-nicolas-primas-victorieux-a-lorient-lanveur\/\" \/>\n<meta property=\"og:site_name\" content=\"Avenir Cycliste Lanester 56\" \/>\n<meta property=\"article:publisher\" content=\"https:\/\/www.facebook.com\/pages\/AC-Lanester-56\/190286300991242?fref=ts\" \/>\n<meta property=\"article:published_time\" content=\"2012-09-13T21:22:16+00:00\" \/>\n<meta property=\"article:modified_time\" content=\"2013-12-21T22:39:50+00:00\" \/>\n<meta property=\"og:image\" content=\"https:\/\/www.aclanester56.com\/velo\/wp-content\/uploads\/2012\/09\/Nicolas-Primas-Lanveur-Copie.jpg\" \/>\n\t<meta property=\"og:image:width\" content=\"650\" \/>\n\t<meta property=\"og:image:height\" content=\"300\" \/>\n\t<meta property=\"og:image:type\" content=\"image\/jpeg\" \/>\n<meta name=\"author\" content=\"Jean-Christophe\" \/>\n<meta name=\"twitter:label1\" content=\"\u00c9crit par\" \/>\n\t<meta name=\"twitter:data1\" content=\"Jean-Christophe\" \/>\n\t<meta name=\"twitter:label2\" content=\"Dur\u00e9e de lecture estim\u00e9e\" \/>\n\t<meta name=\"twitter:data2\" content=\"2 minutes\" \/>\n<script type=\"application\/ld+json\" class=\"yoast-schema-graph\">{\"@context\":\"https:\\\/\\\/schema.org\",\"@graph\":[{\"@type\":\"Article\",\"@id\":\"https:\\\/\\\/www.aclanester56.com\\\/velo\\\/resultats-du-week-end-nicolas-primas-victorieux-a-lorient-lanveur\\\/#article\",\"isPartOf\":{\"@id\":\"https:\\\/\\\/www.aclanester56.com\\\/velo\\\/resultats-du-week-end-nicolas-primas-victorieux-a-lorient-lanveur\\\/\"},\"author\":{\"name\":\"Jean-Christophe\",\"@id\":\"https:\\\/\\\/www.aclanester56.com\\\/velo\\\/#\\\/schema\\\/person\\\/ca2a44a5fd969e9dd846c72d3b33bc01\"},\"headline\":\"R\u00e9sultats du week-end : Nicolas Primas victorieux \u00e0 Lorient-Lanveur !\",\"datePublished\":\"2012-09-13T21:22:16+00:00\",\"dateModified\":\"2013-12-21T22:39:50+00:00\",\"mainEntityOfPage\":{\"@id\":\"https:\\\/\\\/www.aclanester56.com\\\/velo\\\/resultats-du-week-end-nicolas-primas-victorieux-a-lorient-lanveur\\\/\"},\"wordCount\":311,\"commentCount\":0,\"publisher\":{\"@id\":\"https:\\\/\\\/www.aclanester56.com\\\/velo\\\/#organization\"},\"image\":{\"@id\":\"https:\\\/\\\/www.aclanester56.com\\\/velo\\\/resultats-du-week-end-nicolas-primas-victorieux-a-lorient-lanveur\\\/#primaryimage\"},\"thumbnailUrl\":\"https:\\\/\\\/www.aclanester56.com\\\/velo\\\/wp-content\\\/uploads\\\/2012\\\/09\\\/Nicolas-Primas-Lanveur-Copie.jpg\",\"articleSection\":[\"AC LANESTER 56\",\"R\u00e9sultats 2eme cat\u00e9gorie\",\"R\u00e9sultats 3eme cat\u00e9gorie\",\"R\u00e9sultats Cadets\"],\"inLanguage\":\"fr-FR\",\"potentialAction\":[{\"@type\":\"CommentAction\",\"name\":\"Comment\",\"target\":[\"https:\\\/\\\/www.aclanester56.com\\\/velo\\\/resultats-du-week-end-nicolas-primas-victorieux-a-lorient-lanveur\\\/#respond\"]}]},{\"@type\":\"WebPage\",\"@id\":\"https:\\\/\\\/www.aclanester56.com\\\/velo\\\/resultats-du-week-end-nicolas-primas-victorieux-a-lorient-lanveur\\\/\",\"url\":\"https:\\\/\\\/www.aclanester56.com\\\/velo\\\/resultats-du-week-end-nicolas-primas-victorieux-a-lorient-lanveur\\\/\",\"name\":\"R\u00e9sultats du week-end : Nicolas Primas victorieux \u00e0 Lorient-Lanveur ! - Avenir Cycliste Lanester 56\",\"isPartOf\":{\"@id\":\"https:\\\/\\\/www.aclanester56.com\\\/velo\\\/#website\"},\"primaryImageOfPage\":{\"@id\":\"https:\\\/\\\/www.aclanester56.com\\\/velo\\\/resultats-du-week-end-nicolas-primas-victorieux-a-lorient-lanveur\\\/#primaryimage\"},\"image\":{\"@id\":\"https:\\\/\\\/www.aclanester56.com\\\/velo\\\/resultats-du-week-end-nicolas-primas-victorieux-a-lorient-lanveur\\\/#primaryimage\"},\"thumbnailUrl\":\"https:\\\/\\\/www.aclanester56.com\\\/velo\\\/wp-content\\\/uploads\\\/2012\\\/09\\\/Nicolas-Primas-Lanveur-Copie.jpg\",\"datePublished\":\"2012-09-13T21:22:16+00:00\",\"dateModified\":\"2013-12-21T22:39:50+00:00\",\"inLanguage\":\"fr-FR\",\"potentialAction\":[{\"@type\":\"ReadAction\",\"target\":[\"https:\\\/\\\/www.aclanester56.com\\\/velo\\\/resultats-du-week-end-nicolas-primas-victorieux-a-lorient-lanveur\\\/\"]}]},{\"@type\":\"ImageObject\",\"inLanguage\":\"fr-FR\",\"@id\":\"https:\\\/\\\/www.aclanester56.com\\\/velo\\\/resultats-du-week-end-nicolas-primas-victorieux-a-lorient-lanveur\\\/#primaryimage\",\"url\":\"https:\\\/\\\/www.aclanester56.com\\\/velo\\\/wp-content\\\/uploads\\\/2012\\\/09\\\/Nicolas-Primas-Lanveur-Copie.jpg\",\"contentUrl\":\"https:\\\/\\\/www.aclanester56.com\\\/velo\\\/wp-content\\\/uploads\\\/2012\\\/09\\\/Nicolas-Primas-Lanveur-Copie.jpg\",\"width\":650,\"height\":300},{\"@type\":\"WebSite\",\"@id\":\"https:\\\/\\\/www.aclanester56.com\\\/velo\\\/#website\",\"url\":\"https:\\\/\\\/www.aclanester56.com\\\/velo\\\/\",\"name\":\"Avenir Cycliste Lanester 56\",\"description\":\"Club cycliste de l&#039;AC LANESTER 56\",\"publisher\":{\"@id\":\"https:\\\/\\\/www.aclanester56.com\\\/velo\\\/#organization\"},\"potentialAction\":[{\"@type\":\"SearchAction\",\"target\":{\"@type\":\"EntryPoint\",\"urlTemplate\":\"https:\\\/\\\/www.aclanester56.com\\\/velo\\\/?s={search_term_string}\"},\"query-input\":{\"@type\":\"PropertyValueSpecification\",\"valueRequired\":true,\"valueName\":\"search_term_string\"}}],\"inLanguage\":\"fr-FR\"},{\"@type\":\"Organization\",\"@id\":\"https:\\\/\\\/www.aclanester56.com\\\/velo\\\/#organization\",\"name\":\"Avenir Cycliste Lanester 56\",\"url\":\"https:\\\/\\\/www.aclanester56.com\\\/velo\\\/\",\"logo\":{\"@type\":\"ImageObject\",\"inLanguage\":\"fr-FR\",\"@id\":\"https:\\\/\\\/www.aclanester56.com\\\/velo\\\/#\\\/schema\\\/logo\\\/image\\\/\",\"url\":\"https:\\\/\\\/www.aclanester56.com\\\/velo\\\/wp-content\\\/uploads\\\/2013\\\/04\\\/logo-ACL.jpg\",\"contentUrl\":\"https:\\\/\\\/www.aclanester56.com\\\/velo\\\/wp-content\\\/uploads\\\/2013\\\/04\\\/logo-ACL.jpg\",\"width\":400,\"height\":334,\"caption\":\"Avenir Cycliste Lanester 56\"},\"image\":{\"@id\":\"https:\\\/\\\/www.aclanester56.com\\\/velo\\\/#\\\/schema\\\/logo\\\/image\\\/\"},\"sameAs\":[\"https:\\\/\\\/www.facebook.com\\\/pages\\\/AC-Lanester-56\\\/190286300991242?fref=ts\"]},{\"@type\":\"Person\",\"@id\":\"https:\\\/\\\/www.aclanester56.com\\\/velo\\\/#\\\/schema\\\/person\\\/ca2a44a5fd969e9dd846c72d3b33bc01\",\"name\":\"Jean-Christophe\",\"url\":\"https:\\\/\\\/www.aclanester56.com\\\/velo\\\/author\\\/jeanchristophe\\\/\"}]}<\/script>\n<!-- \/ Yoast SEO plugin. -->","yoast_head_json":{"title":"R\u00e9sultats du week-end : Nicolas Primas victorieux \u00e0 Lorient-Lanveur ! - Avenir Cycliste Lanester 56","robots":{"index":"index","follow":"follow","max-snippet":"max-snippet:-1","max-image-preview":"max-image-preview:large","max-video-preview":"max-video-preview:-1"},"canonical":"https:\/\/www.aclanester56.com\/velo\/resultats-du-week-end-nicolas-primas-victorieux-a-lorient-lanveur\/","og_locale":"fr_FR","og_type":"article","og_title":"R\u00e9sultats du week-end : Nicolas Primas victorieux \u00e0 Lorient-Lanveur ! - Avenir Cycliste Lanester 56","og_url":"https:\/\/www.aclanester56.com\/velo\/resultats-du-week-end-nicolas-primas-victorieux-a-lorient-lanveur\/","og_site_name":"Avenir Cycliste Lanester 56","article_publisher":"https:\/\/www.facebook.com\/pages\/AC-Lanester-56\/190286300991242?fref=ts","article_published_time":"2012-09-13T21:22:16+00:00","article_modified_time":"2013-12-21T22:39:50+00:00","og_image":[{"width":650,"height":300,"url":"https:\/\/www.aclanester56.com\/velo\/wp-content\/uploads\/2012\/09\/Nicolas-Primas-Lanveur-Copie.jpg","type":"image\/jpeg"}],"author":"Jean-Christophe","twitter_misc":{"\u00c9crit par":"Jean-Christophe","Dur\u00e9e de lecture estim\u00e9e":"2 minutes"},"schema":{"@context":"https:\/\/schema.org","@graph":[{"@type":"Article","@id":"https:\/\/www.aclanester56.com\/velo\/resultats-du-week-end-nicolas-primas-victorieux-a-lorient-lanveur\/#article","isPartOf":{"@id":"https:\/\/www.aclanester56.com\/velo\/resultats-du-week-end-nicolas-primas-victorieux-a-lorient-lanveur\/"},"author":{"name":"Jean-Christophe","@id":"https:\/\/www.aclanester56.com\/velo\/#\/schema\/person\/ca2a44a5fd969e9dd846c72d3b33bc01"},"headline":"R\u00e9sultats du week-end : Nicolas Primas victorieux \u00e0 Lorient-Lanveur !","datePublished":"2012-09-13T21:22:16+00:00","dateModified":"2013-12-21T22:39:50+00:00","mainEntityOfPage":{"@id":"https:\/\/www.aclanester56.com\/velo\/resultats-du-week-end-nicolas-primas-victorieux-a-lorient-lanveur\/"},"wordCount":311,"commentCount":0,"publisher":{"@id":"https:\/\/www.aclanester56.com\/velo\/#organization"},"image":{"@id":"https:\/\/www.aclanester56.com\/velo\/resultats-du-week-end-nicolas-primas-victorieux-a-lorient-lanveur\/#primaryimage"},"thumbnailUrl":"https:\/\/www.aclanester56.com\/velo\/wp-content\/uploads\/2012\/09\/Nicolas-Primas-Lanveur-Copie.jpg","articleSection":["AC LANESTER 56","R\u00e9sultats 2eme cat\u00e9gorie","R\u00e9sultats 3eme cat\u00e9gorie","R\u00e9sultats Cadets"],"inLanguage":"fr-FR","potentialAction":[{"@type":"CommentAction","name":"Comment","target":["https:\/\/www.aclanester56.com\/velo\/resultats-du-week-end-nicolas-primas-victorieux-a-lorient-lanveur\/#respond"]}]},{"@type":"WebPage","@id":"https:\/\/www.aclanester56.com\/velo\/resultats-du-week-end-nicolas-primas-victorieux-a-lorient-lanveur\/","url":"https:\/\/www.aclanester56.com\/velo\/resultats-du-week-end-nicolas-primas-victorieux-a-lorient-lanveur\/","name":"R\u00e9sultats du week-end : Nicolas Primas victorieux \u00e0 Lorient-Lanveur ! - Avenir Cycliste Lanester 56","isPartOf":{"@id":"https:\/\/www.aclanester56.com\/velo\/#website"},"primaryImageOfPage":{"@id":"https:\/\/www.aclanester56.com\/velo\/resultats-du-week-end-nicolas-primas-victorieux-a-lorient-lanveur\/#primaryimage"},"image":{"@id":"https:\/\/www.aclanester56.com\/velo\/resultats-du-week-end-nicolas-primas-victorieux-a-lorient-lanveur\/#primaryimage"},"thumbnailUrl":"https:\/\/www.aclanester56.com\/velo\/wp-content\/uploads\/2012\/09\/Nicolas-Primas-Lanveur-Copie.jpg","datePublished":"2012-09-13T21:22:16+00:00","dateModified":"2013-12-21T22:39:50+00:00","inLanguage":"fr-FR","potentialAction":[{"@type":"ReadAction","target":["https:\/\/www.aclanester56.com\/velo\/resultats-du-week-end-nicolas-primas-victorieux-a-lorient-lanveur\/"]}]},{"@type":"ImageObject","inLanguage":"fr-FR","@id":"https:\/\/www.aclanester56.com\/velo\/resultats-du-week-end-nicolas-primas-victorieux-a-lorient-lanveur\/#primaryimage","url":"https:\/\/www.aclanester56.com\/velo\/wp-content\/uploads\/2012\/09\/Nicolas-Primas-Lanveur-Copie.jpg","contentUrl":"https:\/\/www.aclanester56.com\/velo\/wp-content\/uploads\/2012\/09\/Nicolas-Primas-Lanveur-Copie.jpg","width":650,"height":300},{"@type":"WebSite","@id":"https:\/\/www.aclanester56.com\/velo\/#website","url":"https:\/\/www.aclanester56.com\/velo\/","name":"Avenir Cycliste Lanester 56","description":"Club cycliste de l&#039;AC LANESTER 56","publisher":{"@id":"https:\/\/www.aclanester56.com\/velo\/#organization"},"potentialAction":[{"@type":"SearchAction","target":{"@type":"EntryPoint","urlTemplate":"https:\/\/www.aclanester56.com\/velo\/?s={search_term_string}"},"query-input":{"@type":"PropertyValueSpecification","valueRequired":true,"valueName":"search_term_string"}}],"inLanguage":"fr-FR"},{"@type":"Organization","@id":"https:\/\/www.aclanester56.com\/velo\/#organization","name":"Avenir Cycliste Lanester 56","url":"https:\/\/www.aclanester56.com\/velo\/","logo":{"@type":"ImageObject","inLanguage":"fr-FR","@id":"https:\/\/www.aclanester56.com\/velo\/#\/schema\/logo\/image\/","url":"https:\/\/www.aclanester56.com\/velo\/wp-content\/uploads\/2013\/04\/logo-ACL.jpg","contentUrl":"https:\/\/www.aclanester56.com\/velo\/wp-content\/uploads\/2013\/04\/logo-ACL.jpg","width":400,"height":334,"caption":"Avenir Cycliste Lanester 56"},"image":{"@id":"https:\/\/www.aclanester56.com\/velo\/#\/schema\/logo\/image\/"},"sameAs":["https:\/\/www.facebook.com\/pages\/AC-Lanester-56\/190286300991242?fref=ts"]},{"@type":"Person","@id":"https:\/\/www.aclanester56.com\/velo\/#\/schema\/person\/ca2a44a5fd969e9dd846c72d3b33bc01","name":"Jean-Christophe","url":"https:\/\/www.aclanester56.com\/velo\/author\/jeanchristophe\/"}]}},"_links":{"self":[{"href":"https:\/\/www.aclanester56.com\/velo\/wp-json\/wp\/v2\/posts\/13106","targetHints":{"allow":["GET"]}}],"collection":[{"href":"https:\/\/www.aclanester56.com\/velo\/wp-json\/wp\/v2\/posts"}],"about":[{"href":"https:\/\/www.aclanester56.com\/velo\/wp-json\/wp\/v2\/types\/post"}],"author":[{"embeddable":true,"href":"https:\/\/www.aclanester56.com\/velo\/wp-json\/wp\/v2\/users\/14"}],"replies":[{"embeddable":true,"href":"https:\/\/www.aclanester56.com\/velo\/wp-json\/wp\/v2\/comments?post=13106"}],"version-history":[{"count":0,"href":"https:\/\/www.aclanester56.com\/velo\/wp-json\/wp\/v2\/posts\/13106\/revisions"}],"wp:featuredmedia":[{"embeddable":true,"href":"https:\/\/www.aclanester56.com\/velo\/wp-json\/wp\/v2\/media\/13116"}],"wp:attachment":[{"href":"https:\/\/www.aclanester56.com\/velo\/wp-json\/wp\/v2\/media?parent=13106"}],"wp:term":[{"taxonomy":"category","embeddable":true,"href":"https:\/\/www.aclanester56.com\/velo\/wp-json\/wp\/v2\/categories?post=13106"},{"taxonomy":"post_tag","embeddable":true,"href":"https:\/\/www.aclanester56.com\/velo\/wp-json\/wp\/v2\/tags?post=13106"}],"curies":[{"name":"wp","href":"https:\/\/api.w.org\/{rel}","templated":true}]}}