{"id":13307,"date":"2012-11-05T23:07:00","date_gmt":"2012-11-05T22:07:00","guid":{"rendered":"http:\/\/www.aclanester56.com\/velo\/?p=13307"},"modified":"2013-12-22T00:28:34","modified_gmt":"2013-12-21T22:28:34","slug":"plusieurs-lanesteriens-a-lhonneur-lors-de-lag-du-comite-du-morbihan","status":"publish","type":"post","link":"https:\/\/www.aclanester56.com\/velo\/plusieurs-lanesteriens-a-lhonneur-lors-de-lag-du-comite-du-morbihan\/","title":{"rendered":"Plusieurs Lanest\u00e9riens \u00e0 l&rsquo;honneur lors de l&rsquo;AG du Comit\u00e9 du Morbihan"},"content":{"rendered":"<p style=\"text-align: justify;\"><!--more--><\/p>\n<p style=\"text-align: justify;\">Le Comit\u00e9 du Morbihan de Cyclisme a organis\u00e9 samedi dernier son assembl\u00e9e g\u00e9n\u00e9rale annuelle. Plusieurs coureurs de l&rsquo;AC Lanester 56 qui se sont illustr\u00e9s au niveau national ont \u00e9t\u00e9 distingu\u00e9s \u00e0 cette occasion !<\/p>\n<p>\u00a0<span style=\"color: #ff6600;\"><strong>J\u00e9r\u00f4me Lappartient, nouveau pr\u00e9sident du CD56<\/strong><\/span><\/p>\n<p style=\"text-align: justify;\">L&rsquo;assembl\u00e9e g\u00e9n\u00e9rale du Comit\u00e9 du Morbihan \u00e9tait cette ann\u00e9e\u00a0le cadre d&rsquo;\u00e9lections, et Gilbert Mouellic a transmis le flambeau \u00e0 J\u00e9r\u00f4me Lappartient. Isabelle Kerlo, Florian Le Fur et Guy Nivinou repr\u00e9sentaient l&rsquo;AC Lanester 56 pour l&rsquo;occasion.<\/p>\n<div id=\"attachment_13311\" style=\"width: 310px\" class=\"wp-caption alignright\"><a href=\"http:\/\/www.aclanester56.com\/velo\/wp-content\/uploads\/2012\/11\/ag_cd56.jpg\"><img loading=\"lazy\" decoding=\"async\" aria-describedby=\"caption-attachment-13311\" class=\"size-full wp-image-13311\" title=\"Les Lanest\u00e9riens Maxime Lannurien et Thomas Denis, respectivement 1er et 4\u00e8me en partant de la gauche, ont \u00e9t\u00e9 honor\u00e9s avec toute l'\u00e9quipe cadets victorieuse de la Coupe de France cadets sur piste (photo Eric Cou\u00e9 - photodecyclisme.fr)\" alt=\"\" src=\"http:\/\/www.aclanester56.com\/velo\/wp-content\/uploads\/2012\/11\/ag_cd56.jpg\" width=\"300\" height=\"173\" srcset=\"https:\/\/www.aclanester56.com\/velo\/wp-content\/uploads\/2012\/11\/ag_cd56.jpg 600w, https:\/\/www.aclanester56.com\/velo\/wp-content\/uploads\/2012\/11\/ag_cd56-300x173.jpg 300w, https:\/\/www.aclanester56.com\/velo\/wp-content\/uploads\/2012\/11\/ag_cd56-520x300.jpg 520w\" sizes=\"auto, (max-width: 300px) 100vw, 300px\" \/><\/a><p id=\"caption-attachment-13311\" class=\"wp-caption-text\">Les Lanest\u00e9riens Maxime Lannurien et Thomas Denis, respectivement 1er et 4\u00e8me en partant de la gauche, ont \u00e9t\u00e9 honor\u00e9s avec toute l&rsquo;\u00e9quipe cadets victorieuse de la Coupe de France cadets sur piste (photo Eric Cou\u00e9 &#8211; photodecyclisme.fr)<\/p><\/div>\n<p>&nbsp;<\/p>\n<p style=\"text-align: justify;\"><span style=\"color: #ff6600;\"><strong>Les trois Lanest\u00e9riens champions de France honor\u00e9s<\/strong><\/span><\/p>\n<p style=\"text-align: justify;\">Cette soir\u00e9e \u00e9tait \u00e9galement l&rsquo;occasion pour le Comit\u00e9 de c\u00e9l\u00e9brer ses champions, avec notamment trois coureurs de l&rsquo;AC Lanester 56. Thomas Denis (champion de France Cadets 2012 du scratch sur piste et vainqueur de la Coupe de France 2012 sur piste des Comit\u00e9s D\u00e9partementaux), Maxime Lannurien (vainqueur de la Coupe de France 2012 sur piste des Comit\u00e9s D\u00e9partementaux) et Karl Chandavoine (double champion de France Masters 2012 de la poursuite individuelle et de la course aux points) ont \u00e9t\u00e9 mis \u00e0 l&rsquo;honneur.<\/p>\n","protected":false},"excerpt":{"rendered":"","protected":false},"author":14,"featured_media":13316,"comment_status":"open","ping_status":"closed","sticky":false,"template":"","format":"standard","meta":{"ngg_post_thumbnail":0,"footnotes":""},"categories":[5],"tags":[],"class_list":["post-13307","post","type-post","status-publish","format-standard","has-post-thumbnail","hentry","category-ac-lanester-56"],"yoast_head":"<!-- This site is optimized with the Yoast SEO plugin v27.4 - https:\/\/yoast.com\/product\/yoast-seo-wordpress\/ -->\n<title>Plusieurs Lanest\u00e9riens \u00e0 l&#039;honneur lors de l&#039;AG du Comit\u00e9 du Morbihan - Avenir Cycliste Lanester 56<\/title>\n<meta name=\"robots\" content=\"index, follow, max-snippet:-1, max-image-preview:large, max-video-preview:-1\" \/>\n<link rel=\"canonical\" href=\"https:\/\/www.aclanester56.com\/velo\/plusieurs-lanesteriens-a-lhonneur-lors-de-lag-du-comite-du-morbihan\/\" \/>\n<meta property=\"og:locale\" content=\"fr_FR\" \/>\n<meta property=\"og:type\" content=\"article\" \/>\n<meta property=\"og:title\" content=\"Plusieurs Lanest\u00e9riens \u00e0 l&#039;honneur lors de l&#039;AG du Comit\u00e9 du Morbihan - Avenir Cycliste Lanester 56\" \/>\n<meta property=\"og:url\" content=\"https:\/\/www.aclanester56.com\/velo\/plusieurs-lanesteriens-a-lhonneur-lors-de-lag-du-comite-du-morbihan\/\" \/>\n<meta property=\"og:site_name\" content=\"Avenir Cycliste Lanester 56\" \/>\n<meta property=\"article:publisher\" content=\"https:\/\/www.facebook.com\/pages\/AC-Lanester-56\/190286300991242?fref=ts\" \/>\n<meta property=\"article:published_time\" content=\"2012-11-05T22:07:00+00:00\" \/>\n<meta property=\"article:modified_time\" content=\"2013-12-21T22:28:34+00:00\" \/>\n<meta property=\"og:image\" content=\"https:\/\/www.aclanester56.com\/velo\/wp-content\/uploads\/2012\/11\/ag_cd56_chpFrance-Copie.jpg\" \/>\n\t<meta property=\"og:image:width\" content=\"650\" \/>\n\t<meta property=\"og:image:height\" content=\"300\" \/>\n\t<meta property=\"og:image:type\" content=\"image\/jpeg\" \/>\n<meta name=\"author\" content=\"Jean-Christophe\" \/>\n<meta name=\"twitter:label1\" content=\"\u00c9crit par\" \/>\n\t<meta name=\"twitter:data1\" content=\"Jean-Christophe\" \/>\n\t<meta name=\"twitter:label2\" content=\"Dur\u00e9e de lecture estim\u00e9e\" \/>\n\t<meta name=\"twitter:data2\" content=\"1 minute\" \/>\n<script type=\"application\/ld+json\" class=\"yoast-schema-graph\">{\"@context\":\"https:\\\/\\\/schema.org\",\"@graph\":[{\"@type\":\"Article\",\"@id\":\"https:\\\/\\\/www.aclanester56.com\\\/velo\\\/plusieurs-lanesteriens-a-lhonneur-lors-de-lag-du-comite-du-morbihan\\\/#article\",\"isPartOf\":{\"@id\":\"https:\\\/\\\/www.aclanester56.com\\\/velo\\\/plusieurs-lanesteriens-a-lhonneur-lors-de-lag-du-comite-du-morbihan\\\/\"},\"author\":{\"name\":\"Jean-Christophe\",\"@id\":\"https:\\\/\\\/www.aclanester56.com\\\/velo\\\/#\\\/schema\\\/person\\\/ca2a44a5fd969e9dd846c72d3b33bc01\"},\"headline\":\"Plusieurs Lanest\u00e9riens \u00e0 l&rsquo;honneur lors de l&rsquo;AG du Comit\u00e9 du Morbihan\",\"datePublished\":\"2012-11-05T22:07:00+00:00\",\"dateModified\":\"2013-12-21T22:28:34+00:00\",\"mainEntityOfPage\":{\"@id\":\"https:\\\/\\\/www.aclanester56.com\\\/velo\\\/plusieurs-lanesteriens-a-lhonneur-lors-de-lag-du-comite-du-morbihan\\\/\"},\"wordCount\":239,\"commentCount\":0,\"publisher\":{\"@id\":\"https:\\\/\\\/www.aclanester56.com\\\/velo\\\/#organization\"},\"image\":{\"@id\":\"https:\\\/\\\/www.aclanester56.com\\\/velo\\\/plusieurs-lanesteriens-a-lhonneur-lors-de-lag-du-comite-du-morbihan\\\/#primaryimage\"},\"thumbnailUrl\":\"https:\\\/\\\/www.aclanester56.com\\\/velo\\\/wp-content\\\/uploads\\\/2012\\\/11\\\/ag_cd56_chpFrance-Copie.jpg\",\"articleSection\":[\"AC LANESTER 56\"],\"inLanguage\":\"fr-FR\",\"potentialAction\":[{\"@type\":\"CommentAction\",\"name\":\"Comment\",\"target\":[\"https:\\\/\\\/www.aclanester56.com\\\/velo\\\/plusieurs-lanesteriens-a-lhonneur-lors-de-lag-du-comite-du-morbihan\\\/#respond\"]}]},{\"@type\":\"WebPage\",\"@id\":\"https:\\\/\\\/www.aclanester56.com\\\/velo\\\/plusieurs-lanesteriens-a-lhonneur-lors-de-lag-du-comite-du-morbihan\\\/\",\"url\":\"https:\\\/\\\/www.aclanester56.com\\\/velo\\\/plusieurs-lanesteriens-a-lhonneur-lors-de-lag-du-comite-du-morbihan\\\/\",\"name\":\"Plusieurs Lanest\u00e9riens \u00e0 l'honneur lors de l'AG du Comit\u00e9 du Morbihan - Avenir Cycliste Lanester 56\",\"isPartOf\":{\"@id\":\"https:\\\/\\\/www.aclanester56.com\\\/velo\\\/#website\"},\"primaryImageOfPage\":{\"@id\":\"https:\\\/\\\/www.aclanester56.com\\\/velo\\\/plusieurs-lanesteriens-a-lhonneur-lors-de-lag-du-comite-du-morbihan\\\/#primaryimage\"},\"image\":{\"@id\":\"https:\\\/\\\/www.aclanester56.com\\\/velo\\\/plusieurs-lanesteriens-a-lhonneur-lors-de-lag-du-comite-du-morbihan\\\/#primaryimage\"},\"thumbnailUrl\":\"https:\\\/\\\/www.aclanester56.com\\\/velo\\\/wp-content\\\/uploads\\\/2012\\\/11\\\/ag_cd56_chpFrance-Copie.jpg\",\"datePublished\":\"2012-11-05T22:07:00+00:00\",\"dateModified\":\"2013-12-21T22:28:34+00:00\",\"inLanguage\":\"fr-FR\",\"potentialAction\":[{\"@type\":\"ReadAction\",\"target\":[\"https:\\\/\\\/www.aclanester56.com\\\/velo\\\/plusieurs-lanesteriens-a-lhonneur-lors-de-lag-du-comite-du-morbihan\\\/\"]}]},{\"@type\":\"ImageObject\",\"inLanguage\":\"fr-FR\",\"@id\":\"https:\\\/\\\/www.aclanester56.com\\\/velo\\\/plusieurs-lanesteriens-a-lhonneur-lors-de-lag-du-comite-du-morbihan\\\/#primaryimage\",\"url\":\"https:\\\/\\\/www.aclanester56.com\\\/velo\\\/wp-content\\\/uploads\\\/2012\\\/11\\\/ag_cd56_chpFrance-Copie.jpg\",\"contentUrl\":\"https:\\\/\\\/www.aclanester56.com\\\/velo\\\/wp-content\\\/uploads\\\/2012\\\/11\\\/ag_cd56_chpFrance-Copie.jpg\",\"width\":650,\"height\":300},{\"@type\":\"WebSite\",\"@id\":\"https:\\\/\\\/www.aclanester56.com\\\/velo\\\/#website\",\"url\":\"https:\\\/\\\/www.aclanester56.com\\\/velo\\\/\",\"name\":\"Avenir Cycliste Lanester 56\",\"description\":\"Club cycliste de l&#039;AC LANESTER 56\",\"publisher\":{\"@id\":\"https:\\\/\\\/www.aclanester56.com\\\/velo\\\/#organization\"},\"potentialAction\":[{\"@type\":\"SearchAction\",\"target\":{\"@type\":\"EntryPoint\",\"urlTemplate\":\"https:\\\/\\\/www.aclanester56.com\\\/velo\\\/?s={search_term_string}\"},\"query-input\":{\"@type\":\"PropertyValueSpecification\",\"valueRequired\":true,\"valueName\":\"search_term_string\"}}],\"inLanguage\":\"fr-FR\"},{\"@type\":\"Organization\",\"@id\":\"https:\\\/\\\/www.aclanester56.com\\\/velo\\\/#organization\",\"name\":\"Avenir Cycliste Lanester 56\",\"url\":\"https:\\\/\\\/www.aclanester56.com\\\/velo\\\/\",\"logo\":{\"@type\":\"ImageObject\",\"inLanguage\":\"fr-FR\",\"@id\":\"https:\\\/\\\/www.aclanester56.com\\\/velo\\\/#\\\/schema\\\/logo\\\/image\\\/\",\"url\":\"https:\\\/\\\/www.aclanester56.com\\\/velo\\\/wp-content\\\/uploads\\\/2013\\\/04\\\/logo-ACL.jpg\",\"contentUrl\":\"https:\\\/\\\/www.aclanester56.com\\\/velo\\\/wp-content\\\/uploads\\\/2013\\\/04\\\/logo-ACL.jpg\",\"width\":400,\"height\":334,\"caption\":\"Avenir Cycliste Lanester 56\"},\"image\":{\"@id\":\"https:\\\/\\\/www.aclanester56.com\\\/velo\\\/#\\\/schema\\\/logo\\\/image\\\/\"},\"sameAs\":[\"https:\\\/\\\/www.facebook.com\\\/pages\\\/AC-Lanester-56\\\/190286300991242?fref=ts\"]},{\"@type\":\"Person\",\"@id\":\"https:\\\/\\\/www.aclanester56.com\\\/velo\\\/#\\\/schema\\\/person\\\/ca2a44a5fd969e9dd846c72d3b33bc01\",\"name\":\"Jean-Christophe\",\"url\":\"https:\\\/\\\/www.aclanester56.com\\\/velo\\\/author\\\/jeanchristophe\\\/\"}]}<\/script>\n<!-- \/ Yoast SEO plugin. -->","yoast_head_json":{"title":"Plusieurs Lanest\u00e9riens \u00e0 l'honneur lors de l'AG du Comit\u00e9 du Morbihan - Avenir Cycliste Lanester 56","robots":{"index":"index","follow":"follow","max-snippet":"max-snippet:-1","max-image-preview":"max-image-preview:large","max-video-preview":"max-video-preview:-1"},"canonical":"https:\/\/www.aclanester56.com\/velo\/plusieurs-lanesteriens-a-lhonneur-lors-de-lag-du-comite-du-morbihan\/","og_locale":"fr_FR","og_type":"article","og_title":"Plusieurs Lanest\u00e9riens \u00e0 l'honneur lors de l'AG du Comit\u00e9 du Morbihan - Avenir Cycliste Lanester 56","og_url":"https:\/\/www.aclanester56.com\/velo\/plusieurs-lanesteriens-a-lhonneur-lors-de-lag-du-comite-du-morbihan\/","og_site_name":"Avenir Cycliste Lanester 56","article_publisher":"https:\/\/www.facebook.com\/pages\/AC-Lanester-56\/190286300991242?fref=ts","article_published_time":"2012-11-05T22:07:00+00:00","article_modified_time":"2013-12-21T22:28:34+00:00","og_image":[{"width":650,"height":300,"url":"https:\/\/www.aclanester56.com\/velo\/wp-content\/uploads\/2012\/11\/ag_cd56_chpFrance-Copie.jpg","type":"image\/jpeg"}],"author":"Jean-Christophe","twitter_misc":{"\u00c9crit par":"Jean-Christophe","Dur\u00e9e de lecture estim\u00e9e":"1 minute"},"schema":{"@context":"https:\/\/schema.org","@graph":[{"@type":"Article","@id":"https:\/\/www.aclanester56.com\/velo\/plusieurs-lanesteriens-a-lhonneur-lors-de-lag-du-comite-du-morbihan\/#article","isPartOf":{"@id":"https:\/\/www.aclanester56.com\/velo\/plusieurs-lanesteriens-a-lhonneur-lors-de-lag-du-comite-du-morbihan\/"},"author":{"name":"Jean-Christophe","@id":"https:\/\/www.aclanester56.com\/velo\/#\/schema\/person\/ca2a44a5fd969e9dd846c72d3b33bc01"},"headline":"Plusieurs Lanest\u00e9riens \u00e0 l&rsquo;honneur lors de l&rsquo;AG du Comit\u00e9 du Morbihan","datePublished":"2012-11-05T22:07:00+00:00","dateModified":"2013-12-21T22:28:34+00:00","mainEntityOfPage":{"@id":"https:\/\/www.aclanester56.com\/velo\/plusieurs-lanesteriens-a-lhonneur-lors-de-lag-du-comite-du-morbihan\/"},"wordCount":239,"commentCount":0,"publisher":{"@id":"https:\/\/www.aclanester56.com\/velo\/#organization"},"image":{"@id":"https:\/\/www.aclanester56.com\/velo\/plusieurs-lanesteriens-a-lhonneur-lors-de-lag-du-comite-du-morbihan\/#primaryimage"},"thumbnailUrl":"https:\/\/www.aclanester56.com\/velo\/wp-content\/uploads\/2012\/11\/ag_cd56_chpFrance-Copie.jpg","articleSection":["AC LANESTER 56"],"inLanguage":"fr-FR","potentialAction":[{"@type":"CommentAction","name":"Comment","target":["https:\/\/www.aclanester56.com\/velo\/plusieurs-lanesteriens-a-lhonneur-lors-de-lag-du-comite-du-morbihan\/#respond"]}]},{"@type":"WebPage","@id":"https:\/\/www.aclanester56.com\/velo\/plusieurs-lanesteriens-a-lhonneur-lors-de-lag-du-comite-du-morbihan\/","url":"https:\/\/www.aclanester56.com\/velo\/plusieurs-lanesteriens-a-lhonneur-lors-de-lag-du-comite-du-morbihan\/","name":"Plusieurs Lanest\u00e9riens \u00e0 l'honneur lors de l'AG du Comit\u00e9 du Morbihan - Avenir Cycliste Lanester 56","isPartOf":{"@id":"https:\/\/www.aclanester56.com\/velo\/#website"},"primaryImageOfPage":{"@id":"https:\/\/www.aclanester56.com\/velo\/plusieurs-lanesteriens-a-lhonneur-lors-de-lag-du-comite-du-morbihan\/#primaryimage"},"image":{"@id":"https:\/\/www.aclanester56.com\/velo\/plusieurs-lanesteriens-a-lhonneur-lors-de-lag-du-comite-du-morbihan\/#primaryimage"},"thumbnailUrl":"https:\/\/www.aclanester56.com\/velo\/wp-content\/uploads\/2012\/11\/ag_cd56_chpFrance-Copie.jpg","datePublished":"2012-11-05T22:07:00+00:00","dateModified":"2013-12-21T22:28:34+00:00","inLanguage":"fr-FR","potentialAction":[{"@type":"ReadAction","target":["https:\/\/www.aclanester56.com\/velo\/plusieurs-lanesteriens-a-lhonneur-lors-de-lag-du-comite-du-morbihan\/"]}]},{"@type":"ImageObject","inLanguage":"fr-FR","@id":"https:\/\/www.aclanester56.com\/velo\/plusieurs-lanesteriens-a-lhonneur-lors-de-lag-du-comite-du-morbihan\/#primaryimage","url":"https:\/\/www.aclanester56.com\/velo\/wp-content\/uploads\/2012\/11\/ag_cd56_chpFrance-Copie.jpg","contentUrl":"https:\/\/www.aclanester56.com\/velo\/wp-content\/uploads\/2012\/11\/ag_cd56_chpFrance-Copie.jpg","width":650,"height":300},{"@type":"WebSite","@id":"https:\/\/www.aclanester56.com\/velo\/#website","url":"https:\/\/www.aclanester56.com\/velo\/","name":"Avenir Cycliste Lanester 56","description":"Club cycliste de l&#039;AC LANESTER 56","publisher":{"@id":"https:\/\/www.aclanester56.com\/velo\/#organization"},"potentialAction":[{"@type":"SearchAction","target":{"@type":"EntryPoint","urlTemplate":"https:\/\/www.aclanester56.com\/velo\/?s={search_term_string}"},"query-input":{"@type":"PropertyValueSpecification","valueRequired":true,"valueName":"search_term_string"}}],"inLanguage":"fr-FR"},{"@type":"Organization","@id":"https:\/\/www.aclanester56.com\/velo\/#organization","name":"Avenir Cycliste Lanester 56","url":"https:\/\/www.aclanester56.com\/velo\/","logo":{"@type":"ImageObject","inLanguage":"fr-FR","@id":"https:\/\/www.aclanester56.com\/velo\/#\/schema\/logo\/image\/","url":"https:\/\/www.aclanester56.com\/velo\/wp-content\/uploads\/2013\/04\/logo-ACL.jpg","contentUrl":"https:\/\/www.aclanester56.com\/velo\/wp-content\/uploads\/2013\/04\/logo-ACL.jpg","width":400,"height":334,"caption":"Avenir Cycliste Lanester 56"},"image":{"@id":"https:\/\/www.aclanester56.com\/velo\/#\/schema\/logo\/image\/"},"sameAs":["https:\/\/www.facebook.com\/pages\/AC-Lanester-56\/190286300991242?fref=ts"]},{"@type":"Person","@id":"https:\/\/www.aclanester56.com\/velo\/#\/schema\/person\/ca2a44a5fd969e9dd846c72d3b33bc01","name":"Jean-Christophe","url":"https:\/\/www.aclanester56.com\/velo\/author\/jeanchristophe\/"}]}},"_links":{"self":[{"href":"https:\/\/www.aclanester56.com\/velo\/wp-json\/wp\/v2\/posts\/13307","targetHints":{"allow":["GET"]}}],"collection":[{"href":"https:\/\/www.aclanester56.com\/velo\/wp-json\/wp\/v2\/posts"}],"about":[{"href":"https:\/\/www.aclanester56.com\/velo\/wp-json\/wp\/v2\/types\/post"}],"author":[{"embeddable":true,"href":"https:\/\/www.aclanester56.com\/velo\/wp-json\/wp\/v2\/users\/14"}],"replies":[{"embeddable":true,"href":"https:\/\/www.aclanester56.com\/velo\/wp-json\/wp\/v2\/comments?post=13307"}],"version-history":[{"count":0,"href":"https:\/\/www.aclanester56.com\/velo\/wp-json\/wp\/v2\/posts\/13307\/revisions"}],"wp:featuredmedia":[{"embeddable":true,"href":"https:\/\/www.aclanester56.com\/velo\/wp-json\/wp\/v2\/media\/13316"}],"wp:attachment":[{"href":"https:\/\/www.aclanester56.com\/velo\/wp-json\/wp\/v2\/media?parent=13307"}],"wp:term":[{"taxonomy":"category","embeddable":true,"href":"https:\/\/www.aclanester56.com\/velo\/wp-json\/wp\/v2\/categories?post=13307"},{"taxonomy":"post_tag","embeddable":true,"href":"https:\/\/www.aclanester56.com\/velo\/wp-json\/wp\/v2\/tags?post=13307"}],"curies":[{"name":"wp","href":"https:\/\/api.w.org\/{rel}","templated":true}]}}