{"id":13320,"date":"2012-11-07T23:09:32","date_gmt":"2012-11-07T22:09:32","guid":{"rendered":"http:\/\/www.aclanester56.com\/velo\/?p=13320"},"modified":"2013-12-22T00:28:20","modified_gmt":"2013-12-21T22:28:20","slug":"lecole-de-cyclisme-de-lac-lanester-56-varie-ses-activites","status":"publish","type":"post","link":"https:\/\/www.aclanester56.com\/velo\/lecole-de-cyclisme-de-lac-lanester-56-varie-ses-activites\/","title":{"rendered":"L&rsquo;\u00e9cole de cyclisme de l&rsquo;AC Lanester 56 varie ses activit\u00e9s"},"content":{"rendered":"<p style=\"text-align: justify;\"><!--more--><\/p>\n<p style=\"text-align: justify;\">L&rsquo;AC Lanester 56 a accueilli pas moins de 20 nouveaux licenci\u00e9s depuis la rentr\u00e9e ! De plus, plus de la moiti\u00e9 d&rsquo;entre eux rejoignent l&rsquo;\u00e9cole de cyclisme, montrant tout l&rsquo;attrait de la formation dispens\u00e9e par les dynamiques \u00e9ducateurs lanest\u00e9riens !<\/p>\n<p>\u00a0<span style=\"color: #ff6600;\"><strong>Rendez-vous tous les mercredi et samedi !<\/strong><\/span><\/p>\n<p style=\"text-align: justify;\">Les jeunes de l&rsquo;\u00e9cole de cyclisme se retrouvent tous les mercredi et samedi apr\u00e8s midi, \u00e0 14 h sur l&rsquo;anneau G\u00e9rard Le Maguer \u00e0 Lanester. Depuis le samedi 28 octobre, nos futurs champions travaillent l&rsquo;activit\u00e9 du cyclo cross. Beaucoup d&rsquo;entre eux d\u00e9couvrent cette discipline. Celle-ci se d\u00e9roule dans le bois de Kervido, derri\u00e8re le v\u00e9lodrome sur un parcours balis\u00e9.<\/p>\n<div id=\"attachment_13327\" style=\"width: 343px\" class=\"wp-caption alignright\"><a href=\"http:\/\/www.aclanester56.com\/velo\/wp-content\/uploads\/2012\/11\/\u00e9cole-de-cyclisme-003-666x600.jpg\"><img loading=\"lazy\" decoding=\"async\" aria-describedby=\"caption-attachment-13327\" class=\"size-large wp-image-13327\" title=\"Petit d\u00e9monstration d'adresse du jeune Louis ! (photo J\u00e9r\u00f4me Beldent)\" alt=\"\" src=\"http:\/\/www.aclanester56.com\/velo\/wp-content\/uploads\/2012\/11\/\u00e9cole-de-cyclisme-003-666x600.jpg\" width=\"333\" height=\"300\" srcset=\"https:\/\/www.aclanester56.com\/velo\/wp-content\/uploads\/2012\/11\/\u00e9cole-de-cyclisme-003-666x600.jpg 666w, https:\/\/www.aclanester56.com\/velo\/wp-content\/uploads\/2012\/11\/\u00e9cole-de-cyclisme-003-300x270.jpg 300w, https:\/\/www.aclanester56.com\/velo\/wp-content\/uploads\/2012\/11\/\u00e9cole-de-cyclisme-003-333x300.jpg 333w, https:\/\/www.aclanester56.com\/velo\/wp-content\/uploads\/2012\/11\/\u00e9cole-de-cyclisme-003.jpg 1000w\" sizes=\"auto, (max-width: 333px) 100vw, 333px\" \/><\/a><p id=\"caption-attachment-13327\" class=\"wp-caption-text\">Petit d\u00e9monstration d&rsquo;adresse du jeune Louis ! (photo J\u00e9r\u00f4me Beldent)<\/p><\/div>\n<p> \u00a0<br \/> \u00a0<br \/> \u00a0<br \/> \u00a0<br \/> \u00a0<br \/> \u00a0<br \/> \u00a0<\/p>\n<p style=\"text-align: justify;\"><span style=\"color: #ff6600;\"><strong>Initiation au cyclo-cross<\/strong><\/span><\/p>\n<p style=\"text-align: justify;\">Divers ateliers de travail ont \u00e9t\u00e9 mis en place, comme le passage sous un obstacle puis la descente de v\u00e9lo sans s&rsquo;arr\u00eater, et la remont\u00e9e sur le v\u00e9lo tout en courant. Ils ont appris \u00e9galement comment appr\u00e9hender un passage technique avec une descente et une petite c\u00f4te. Les s\u00e9ances se d\u00e9roulent dans la joie et la bonne humeur, surtout lorsque certains r\u00e9alisent de jolies cascades (sans mal \u00e9videmment !). Pour finir la s\u00e9ance, une \u00ab\u00a0course\u00a0\u00bb est organis\u00e9e. En \u00e9voluant chacun \u00e0 leur niveau, cela permet de mettre en pratique les m\u00e9thodes travaill\u00e9es dans les exercices pr\u00e9c\u00e9dents.<\/p>\n<div id=\"attachment_13331\" style=\"width: 385px\" class=\"wp-caption alignleft\"><a href=\"http:\/\/www.aclanester56.com\/velo\/wp-content\/uploads\/2012\/11\/\u00e9cole-de-cyclisme-007-750x600.jpg\"><img loading=\"lazy\" decoding=\"async\" aria-describedby=\"caption-attachment-13331\" class=\"size-large wp-image-13331\" title=\"Exerce de descente et remont\u00e9e sur le v\u00e9lo sans s'arr\u00eater pour Thomas (photo J\u00e9r\u00f4me Beldent)\" alt=\"\" src=\"http:\/\/www.aclanester56.com\/velo\/wp-content\/uploads\/2012\/11\/\u00e9cole-de-cyclisme-007-750x600.jpg\" width=\"375\" height=\"300\" srcset=\"https:\/\/www.aclanester56.com\/velo\/wp-content\/uploads\/2012\/11\/\u00e9cole-de-cyclisme-007-750x600.jpg 750w, https:\/\/www.aclanester56.com\/velo\/wp-content\/uploads\/2012\/11\/\u00e9cole-de-cyclisme-007-300x240.jpg 300w, https:\/\/www.aclanester56.com\/velo\/wp-content\/uploads\/2012\/11\/\u00e9cole-de-cyclisme-007-375x300.jpg 375w, https:\/\/www.aclanester56.com\/velo\/wp-content\/uploads\/2012\/11\/\u00e9cole-de-cyclisme-007.jpg 1000w\" sizes=\"auto, (max-width: 375px) 100vw, 375px\" \/><\/a><p id=\"caption-attachment-13331\" class=\"wp-caption-text\">Exerce de descente et remont\u00e9e sur le v\u00e9lo sans s&rsquo;arr\u00eater pour Thomas (photo J\u00e9r\u00f4me Beldent)<\/p><\/div>\n<p style=\"text-align: justify;\"><strong><span style=\"color: #ff6600;\">\u00ab\u00a0Vaincre l&rsquo;appr\u00e9hension qu&rsquo;ils peuvent avoir sur le v\u00e9lo\u00a0\u00bb<\/span><\/strong><\/p>\n<p style=\"text-align: justify;\">J\u00e9r\u00f4me Beldent, l&rsquo;un des \u00e9ducateurs, explique : \u00ab\u00a0<em><strong>Le but de cette activit\u00e9 est de travailler l&rsquo;adresse et surtout l&rsquo;\u00e9quilibre. Cela leur permet de vaincre la peur et l&rsquo;appr\u00e9hension qu&rsquo;ils peuvent avoir sur le v\u00e9lo.<\/strong><\/em>\u00a0\u00bb Il participe \u00e0 l\u00a0\u00bbencadrement des s\u00e9ances \u00e9galement anim\u00e9es dans la bonne humeur par Guy Nivinou,\u00a0\u00a0Isabelle Kerlo, Florian Le Fur, Patrick Duval et St\u00e9phane Le Crom. \u00ab\u00a0<em><strong>Certains parents et grands parents n&rsquo;h\u00e9sitent pas \u00e0 nous donner un petit coup de main<\/strong><\/em>\u00ab\u00a0, continue J\u00e9r\u00f4me. \u00ab\u00a0<em><strong>Nous continuerons cette activit\u00e9 jusqu&rsquo;au mercredi 19 d\u00e9cembre, avant que les enfants prennent des vacances bien m\u00e9rit\u00e9es !<\/strong><\/em>\u00ab\u00a0.<\/p>\n<p style=\"text-align: justify;\"><span style=\"color: #ff6600;\"><strong>Rejoignez-nous !<\/strong><\/span><\/p>\n<p style=\"text-align: justify;\">Il n&rsquo;est pas trop tard pour des jeunes d\u00e9sireux de rejoindre l&rsquo;\u00e9cole de cyclisme pour apprendre les bases du v\u00e9lo de mani\u00e8re ludique. N&rsquo;h\u00e9sitez pas \u00e0 prendre contact avec nous pour une inscription \u00e0 l&rsquo;AC Lanester 56 !<\/p>\n<p style=\"text-align: justify;\">\u00a0<\/p>\n","protected":false},"excerpt":{"rendered":"","protected":false},"author":14,"featured_media":13334,"comment_status":"open","ping_status":"closed","sticky":false,"template":"","format":"standard","meta":{"ngg_post_thumbnail":0,"footnotes":""},"categories":[5,24],"tags":[],"class_list":["post-13320","post","type-post","status-publish","format-standard","has-post-thumbnail","hentry","category-ac-lanester-56","category-resultats-ecole-de-cyclisme"],"yoast_head":"<!-- This site is optimized with the Yoast SEO plugin v27.5 - https:\/\/yoast.com\/product\/yoast-seo-wordpress\/ -->\n<title>L&#039;\u00e9cole de cyclisme de l&#039;AC Lanester 56 varie ses activit\u00e9s - Avenir Cycliste Lanester 56<\/title>\n<meta name=\"robots\" content=\"index, follow, max-snippet:-1, max-image-preview:large, max-video-preview:-1\" \/>\n<link rel=\"canonical\" href=\"https:\/\/www.aclanester56.com\/velo\/lecole-de-cyclisme-de-lac-lanester-56-varie-ses-activites\/\" \/>\n<meta property=\"og:locale\" content=\"fr_FR\" \/>\n<meta property=\"og:type\" content=\"article\" \/>\n<meta property=\"og:title\" content=\"L&#039;\u00e9cole de cyclisme de l&#039;AC Lanester 56 varie ses activit\u00e9s - Avenir Cycliste Lanester 56\" \/>\n<meta property=\"og:url\" content=\"https:\/\/www.aclanester56.com\/velo\/lecole-de-cyclisme-de-lac-lanester-56-varie-ses-activites\/\" \/>\n<meta property=\"og:site_name\" content=\"Avenir Cycliste Lanester 56\" \/>\n<meta property=\"article:publisher\" content=\"https:\/\/www.facebook.com\/pages\/AC-Lanester-56\/190286300991242?fref=ts\" \/>\n<meta property=\"article:published_time\" content=\"2012-11-07T22:09:32+00:00\" \/>\n<meta property=\"article:modified_time\" content=\"2013-12-21T22:28:20+00:00\" \/>\n<meta property=\"og:image\" content=\"https:\/\/www.aclanester56.com\/velo\/wp-content\/uploads\/2012\/11\/\u00e9cole-de-cyclisme-014-Copie.jpg\" \/>\n\t<meta property=\"og:image:width\" content=\"650\" \/>\n\t<meta property=\"og:image:height\" content=\"300\" \/>\n\t<meta property=\"og:image:type\" content=\"image\/jpeg\" \/>\n<meta name=\"author\" content=\"Jean-Christophe\" \/>\n<meta name=\"twitter:label1\" content=\"\u00c9crit par\" \/>\n\t<meta name=\"twitter:data1\" content=\"Jean-Christophe\" \/>\n\t<meta name=\"twitter:label2\" content=\"Dur\u00e9e de lecture estim\u00e9e\" \/>\n\t<meta name=\"twitter:data2\" content=\"2 minutes\" \/>\n<script type=\"application\/ld+json\" class=\"yoast-schema-graph\">{\"@context\":\"https:\\\/\\\/schema.org\",\"@graph\":[{\"@type\":\"Article\",\"@id\":\"https:\\\/\\\/www.aclanester56.com\\\/velo\\\/lecole-de-cyclisme-de-lac-lanester-56-varie-ses-activites\\\/#article\",\"isPartOf\":{\"@id\":\"https:\\\/\\\/www.aclanester56.com\\\/velo\\\/lecole-de-cyclisme-de-lac-lanester-56-varie-ses-activites\\\/\"},\"author\":{\"name\":\"Jean-Christophe\",\"@id\":\"https:\\\/\\\/www.aclanester56.com\\\/velo\\\/#\\\/schema\\\/person\\\/ca2a44a5fd969e9dd846c72d3b33bc01\"},\"headline\":\"L&rsquo;\u00e9cole de cyclisme de l&rsquo;AC Lanester 56 varie ses activit\u00e9s\",\"datePublished\":\"2012-11-07T22:09:32+00:00\",\"dateModified\":\"2013-12-21T22:28:20+00:00\",\"mainEntityOfPage\":{\"@id\":\"https:\\\/\\\/www.aclanester56.com\\\/velo\\\/lecole-de-cyclisme-de-lac-lanester-56-varie-ses-activites\\\/\"},\"wordCount\":433,\"commentCount\":0,\"publisher\":{\"@id\":\"https:\\\/\\\/www.aclanester56.com\\\/velo\\\/#organization\"},\"image\":{\"@id\":\"https:\\\/\\\/www.aclanester56.com\\\/velo\\\/lecole-de-cyclisme-de-lac-lanester-56-varie-ses-activites\\\/#primaryimage\"},\"thumbnailUrl\":\"https:\\\/\\\/www.aclanester56.com\\\/velo\\\/wp-content\\\/uploads\\\/2012\\\/11\\\/\u00e9cole-de-cyclisme-014-Copie.jpg\",\"articleSection\":[\"AC LANESTER 56\",\"R\u00e9sultats Ecole de cyclisme\"],\"inLanguage\":\"fr-FR\",\"potentialAction\":[{\"@type\":\"CommentAction\",\"name\":\"Comment\",\"target\":[\"https:\\\/\\\/www.aclanester56.com\\\/velo\\\/lecole-de-cyclisme-de-lac-lanester-56-varie-ses-activites\\\/#respond\"]}]},{\"@type\":\"WebPage\",\"@id\":\"https:\\\/\\\/www.aclanester56.com\\\/velo\\\/lecole-de-cyclisme-de-lac-lanester-56-varie-ses-activites\\\/\",\"url\":\"https:\\\/\\\/www.aclanester56.com\\\/velo\\\/lecole-de-cyclisme-de-lac-lanester-56-varie-ses-activites\\\/\",\"name\":\"L'\u00e9cole de cyclisme de l'AC Lanester 56 varie ses activit\u00e9s - Avenir Cycliste Lanester 56\",\"isPartOf\":{\"@id\":\"https:\\\/\\\/www.aclanester56.com\\\/velo\\\/#website\"},\"primaryImageOfPage\":{\"@id\":\"https:\\\/\\\/www.aclanester56.com\\\/velo\\\/lecole-de-cyclisme-de-lac-lanester-56-varie-ses-activites\\\/#primaryimage\"},\"image\":{\"@id\":\"https:\\\/\\\/www.aclanester56.com\\\/velo\\\/lecole-de-cyclisme-de-lac-lanester-56-varie-ses-activites\\\/#primaryimage\"},\"thumbnailUrl\":\"https:\\\/\\\/www.aclanester56.com\\\/velo\\\/wp-content\\\/uploads\\\/2012\\\/11\\\/\u00e9cole-de-cyclisme-014-Copie.jpg\",\"datePublished\":\"2012-11-07T22:09:32+00:00\",\"dateModified\":\"2013-12-21T22:28:20+00:00\",\"inLanguage\":\"fr-FR\",\"potentialAction\":[{\"@type\":\"ReadAction\",\"target\":[\"https:\\\/\\\/www.aclanester56.com\\\/velo\\\/lecole-de-cyclisme-de-lac-lanester-56-varie-ses-activites\\\/\"]}]},{\"@type\":\"ImageObject\",\"inLanguage\":\"fr-FR\",\"@id\":\"https:\\\/\\\/www.aclanester56.com\\\/velo\\\/lecole-de-cyclisme-de-lac-lanester-56-varie-ses-activites\\\/#primaryimage\",\"url\":\"https:\\\/\\\/www.aclanester56.com\\\/velo\\\/wp-content\\\/uploads\\\/2012\\\/11\\\/\u00e9cole-de-cyclisme-014-Copie.jpg\",\"contentUrl\":\"https:\\\/\\\/www.aclanester56.com\\\/velo\\\/wp-content\\\/uploads\\\/2012\\\/11\\\/\u00e9cole-de-cyclisme-014-Copie.jpg\",\"width\":650,\"height\":300},{\"@type\":\"WebSite\",\"@id\":\"https:\\\/\\\/www.aclanester56.com\\\/velo\\\/#website\",\"url\":\"https:\\\/\\\/www.aclanester56.com\\\/velo\\\/\",\"name\":\"Avenir Cycliste Lanester 56\",\"description\":\"Club cycliste de l&#039;AC LANESTER 56\",\"publisher\":{\"@id\":\"https:\\\/\\\/www.aclanester56.com\\\/velo\\\/#organization\"},\"potentialAction\":[{\"@type\":\"SearchAction\",\"target\":{\"@type\":\"EntryPoint\",\"urlTemplate\":\"https:\\\/\\\/www.aclanester56.com\\\/velo\\\/?s={search_term_string}\"},\"query-input\":{\"@type\":\"PropertyValueSpecification\",\"valueRequired\":true,\"valueName\":\"search_term_string\"}}],\"inLanguage\":\"fr-FR\"},{\"@type\":\"Organization\",\"@id\":\"https:\\\/\\\/www.aclanester56.com\\\/velo\\\/#organization\",\"name\":\"Avenir Cycliste Lanester 56\",\"url\":\"https:\\\/\\\/www.aclanester56.com\\\/velo\\\/\",\"logo\":{\"@type\":\"ImageObject\",\"inLanguage\":\"fr-FR\",\"@id\":\"https:\\\/\\\/www.aclanester56.com\\\/velo\\\/#\\\/schema\\\/logo\\\/image\\\/\",\"url\":\"https:\\\/\\\/www.aclanester56.com\\\/velo\\\/wp-content\\\/uploads\\\/2013\\\/04\\\/logo-ACL.jpg\",\"contentUrl\":\"https:\\\/\\\/www.aclanester56.com\\\/velo\\\/wp-content\\\/uploads\\\/2013\\\/04\\\/logo-ACL.jpg\",\"width\":400,\"height\":334,\"caption\":\"Avenir Cycliste Lanester 56\"},\"image\":{\"@id\":\"https:\\\/\\\/www.aclanester56.com\\\/velo\\\/#\\\/schema\\\/logo\\\/image\\\/\"},\"sameAs\":[\"https:\\\/\\\/www.facebook.com\\\/pages\\\/AC-Lanester-56\\\/190286300991242?fref=ts\"]},{\"@type\":\"Person\",\"@id\":\"https:\\\/\\\/www.aclanester56.com\\\/velo\\\/#\\\/schema\\\/person\\\/ca2a44a5fd969e9dd846c72d3b33bc01\",\"name\":\"Jean-Christophe\",\"url\":\"https:\\\/\\\/www.aclanester56.com\\\/velo\\\/author\\\/jeanchristophe\\\/\"}]}<\/script>\n<!-- \/ Yoast SEO plugin. -->","yoast_head_json":{"title":"L'\u00e9cole de cyclisme de l'AC Lanester 56 varie ses activit\u00e9s - Avenir Cycliste Lanester 56","robots":{"index":"index","follow":"follow","max-snippet":"max-snippet:-1","max-image-preview":"max-image-preview:large","max-video-preview":"max-video-preview:-1"},"canonical":"https:\/\/www.aclanester56.com\/velo\/lecole-de-cyclisme-de-lac-lanester-56-varie-ses-activites\/","og_locale":"fr_FR","og_type":"article","og_title":"L'\u00e9cole de cyclisme de l'AC Lanester 56 varie ses activit\u00e9s - Avenir Cycliste Lanester 56","og_url":"https:\/\/www.aclanester56.com\/velo\/lecole-de-cyclisme-de-lac-lanester-56-varie-ses-activites\/","og_site_name":"Avenir Cycliste Lanester 56","article_publisher":"https:\/\/www.facebook.com\/pages\/AC-Lanester-56\/190286300991242?fref=ts","article_published_time":"2012-11-07T22:09:32+00:00","article_modified_time":"2013-12-21T22:28:20+00:00","og_image":[{"width":650,"height":300,"url":"https:\/\/www.aclanester56.com\/velo\/wp-content\/uploads\/2012\/11\/\u00e9cole-de-cyclisme-014-Copie.jpg","type":"image\/jpeg"}],"author":"Jean-Christophe","twitter_misc":{"\u00c9crit par":"Jean-Christophe","Dur\u00e9e de lecture estim\u00e9e":"2 minutes"},"schema":{"@context":"https:\/\/schema.org","@graph":[{"@type":"Article","@id":"https:\/\/www.aclanester56.com\/velo\/lecole-de-cyclisme-de-lac-lanester-56-varie-ses-activites\/#article","isPartOf":{"@id":"https:\/\/www.aclanester56.com\/velo\/lecole-de-cyclisme-de-lac-lanester-56-varie-ses-activites\/"},"author":{"name":"Jean-Christophe","@id":"https:\/\/www.aclanester56.com\/velo\/#\/schema\/person\/ca2a44a5fd969e9dd846c72d3b33bc01"},"headline":"L&rsquo;\u00e9cole de cyclisme de l&rsquo;AC Lanester 56 varie ses activit\u00e9s","datePublished":"2012-11-07T22:09:32+00:00","dateModified":"2013-12-21T22:28:20+00:00","mainEntityOfPage":{"@id":"https:\/\/www.aclanester56.com\/velo\/lecole-de-cyclisme-de-lac-lanester-56-varie-ses-activites\/"},"wordCount":433,"commentCount":0,"publisher":{"@id":"https:\/\/www.aclanester56.com\/velo\/#organization"},"image":{"@id":"https:\/\/www.aclanester56.com\/velo\/lecole-de-cyclisme-de-lac-lanester-56-varie-ses-activites\/#primaryimage"},"thumbnailUrl":"https:\/\/www.aclanester56.com\/velo\/wp-content\/uploads\/2012\/11\/\u00e9cole-de-cyclisme-014-Copie.jpg","articleSection":["AC LANESTER 56","R\u00e9sultats Ecole de cyclisme"],"inLanguage":"fr-FR","potentialAction":[{"@type":"CommentAction","name":"Comment","target":["https:\/\/www.aclanester56.com\/velo\/lecole-de-cyclisme-de-lac-lanester-56-varie-ses-activites\/#respond"]}]},{"@type":"WebPage","@id":"https:\/\/www.aclanester56.com\/velo\/lecole-de-cyclisme-de-lac-lanester-56-varie-ses-activites\/","url":"https:\/\/www.aclanester56.com\/velo\/lecole-de-cyclisme-de-lac-lanester-56-varie-ses-activites\/","name":"L'\u00e9cole de cyclisme de l'AC Lanester 56 varie ses activit\u00e9s - Avenir Cycliste Lanester 56","isPartOf":{"@id":"https:\/\/www.aclanester56.com\/velo\/#website"},"primaryImageOfPage":{"@id":"https:\/\/www.aclanester56.com\/velo\/lecole-de-cyclisme-de-lac-lanester-56-varie-ses-activites\/#primaryimage"},"image":{"@id":"https:\/\/www.aclanester56.com\/velo\/lecole-de-cyclisme-de-lac-lanester-56-varie-ses-activites\/#primaryimage"},"thumbnailUrl":"https:\/\/www.aclanester56.com\/velo\/wp-content\/uploads\/2012\/11\/\u00e9cole-de-cyclisme-014-Copie.jpg","datePublished":"2012-11-07T22:09:32+00:00","dateModified":"2013-12-21T22:28:20+00:00","inLanguage":"fr-FR","potentialAction":[{"@type":"ReadAction","target":["https:\/\/www.aclanester56.com\/velo\/lecole-de-cyclisme-de-lac-lanester-56-varie-ses-activites\/"]}]},{"@type":"ImageObject","inLanguage":"fr-FR","@id":"https:\/\/www.aclanester56.com\/velo\/lecole-de-cyclisme-de-lac-lanester-56-varie-ses-activites\/#primaryimage","url":"https:\/\/www.aclanester56.com\/velo\/wp-content\/uploads\/2012\/11\/\u00e9cole-de-cyclisme-014-Copie.jpg","contentUrl":"https:\/\/www.aclanester56.com\/velo\/wp-content\/uploads\/2012\/11\/\u00e9cole-de-cyclisme-014-Copie.jpg","width":650,"height":300},{"@type":"WebSite","@id":"https:\/\/www.aclanester56.com\/velo\/#website","url":"https:\/\/www.aclanester56.com\/velo\/","name":"Avenir Cycliste Lanester 56","description":"Club cycliste de l&#039;AC LANESTER 56","publisher":{"@id":"https:\/\/www.aclanester56.com\/velo\/#organization"},"potentialAction":[{"@type":"SearchAction","target":{"@type":"EntryPoint","urlTemplate":"https:\/\/www.aclanester56.com\/velo\/?s={search_term_string}"},"query-input":{"@type":"PropertyValueSpecification","valueRequired":true,"valueName":"search_term_string"}}],"inLanguage":"fr-FR"},{"@type":"Organization","@id":"https:\/\/www.aclanester56.com\/velo\/#organization","name":"Avenir Cycliste Lanester 56","url":"https:\/\/www.aclanester56.com\/velo\/","logo":{"@type":"ImageObject","inLanguage":"fr-FR","@id":"https:\/\/www.aclanester56.com\/velo\/#\/schema\/logo\/image\/","url":"https:\/\/www.aclanester56.com\/velo\/wp-content\/uploads\/2013\/04\/logo-ACL.jpg","contentUrl":"https:\/\/www.aclanester56.com\/velo\/wp-content\/uploads\/2013\/04\/logo-ACL.jpg","width":400,"height":334,"caption":"Avenir Cycliste Lanester 56"},"image":{"@id":"https:\/\/www.aclanester56.com\/velo\/#\/schema\/logo\/image\/"},"sameAs":["https:\/\/www.facebook.com\/pages\/AC-Lanester-56\/190286300991242?fref=ts"]},{"@type":"Person","@id":"https:\/\/www.aclanester56.com\/velo\/#\/schema\/person\/ca2a44a5fd969e9dd846c72d3b33bc01","name":"Jean-Christophe","url":"https:\/\/www.aclanester56.com\/velo\/author\/jeanchristophe\/"}]}},"_links":{"self":[{"href":"https:\/\/www.aclanester56.com\/velo\/wp-json\/wp\/v2\/posts\/13320","targetHints":{"allow":["GET"]}}],"collection":[{"href":"https:\/\/www.aclanester56.com\/velo\/wp-json\/wp\/v2\/posts"}],"about":[{"href":"https:\/\/www.aclanester56.com\/velo\/wp-json\/wp\/v2\/types\/post"}],"author":[{"embeddable":true,"href":"https:\/\/www.aclanester56.com\/velo\/wp-json\/wp\/v2\/users\/14"}],"replies":[{"embeddable":true,"href":"https:\/\/www.aclanester56.com\/velo\/wp-json\/wp\/v2\/comments?post=13320"}],"version-history":[{"count":0,"href":"https:\/\/www.aclanester56.com\/velo\/wp-json\/wp\/v2\/posts\/13320\/revisions"}],"wp:featuredmedia":[{"embeddable":true,"href":"https:\/\/www.aclanester56.com\/velo\/wp-json\/wp\/v2\/media\/13334"}],"wp:attachment":[{"href":"https:\/\/www.aclanester56.com\/velo\/wp-json\/wp\/v2\/media?parent=13320"}],"wp:term":[{"taxonomy":"category","embeddable":true,"href":"https:\/\/www.aclanester56.com\/velo\/wp-json\/wp\/v2\/categories?post=13320"},{"taxonomy":"post_tag","embeddable":true,"href":"https:\/\/www.aclanester56.com\/velo\/wp-json\/wp\/v2\/tags?post=13320"}],"curies":[{"name":"wp","href":"https:\/\/api.w.org\/{rel}","templated":true}]}}