{"id":13349,"date":"2012-11-19T20:29:51","date_gmt":"2012-11-19T19:29:51","guid":{"rendered":"http:\/\/www.aclanester56.com\/velo\/?p=13349"},"modified":"2013-12-22T00:34:32","modified_gmt":"2013-12-21T22:34:32","slug":"calendrier-des-entrainements-par-categorie","status":"publish","type":"post","link":"https:\/\/www.aclanester56.com\/velo\/calendrier-des-entrainements-par-categorie\/","title":{"rendered":"Calendrier des entrainements par cat\u00e9gorie"},"content":{"rendered":"<p style=\"text-align: justify;\"><!--more--><\/p>\n<p style=\"text-align: justify;\">Apr\u00e8s plusieurs semaines de coupure hivernale, les diff\u00e9rentes cat\u00e9gories de coureurs de l&rsquo;AC Lanester 56 reprennent \u00e0 leur rythme le chemin de l&rsquo;entrainement ! Les dynamiques encadrants du club ont \u00e9labor\u00e9 le planning des entrainements pour les semaines \u00e0 venir, pour toutes les cat\u00e9gories !<\/p>\n<p>\u00a0<span style=\"text-decoration: underline; color: #ff6600;\"><strong>Ecole de cyclisme :<\/strong><\/span><\/p>\n<p style=\"text-align: justify;\"><span style=\"text-decoration: underline;\"><strong>Novembre &#8211; d\u00e9cembre<\/strong> <\/span>:\u00a0entra\u00eenements le\u00a0mercredi et samedi de 14H \u00e0 16H \u00e0 l&rsquo;anneau de Kervido. Durant cette p\u00e9riode, les exercices seront principalement ax\u00e9s sur l&rsquo;initiation au cyclo-cross. et s<\/p>\n<p style=\"text-align: justify;\"><span style=\"text-decoration: underline;\"><strong>Tr\u00eave de No\u00ebl<\/strong><\/span> : les\u00a0entra\u00eenements\u00a0n&rsquo;auront pas lieu \u00e0 partir du 19 d\u00e9cembre 2012 et reprendront le mercredi 9 janvier 2013.\u00a0<\/p>\n<p style=\"text-align: justify;\"><span style=\"text-decoration: underline;\"><strong>A partir du 9 janvier 2013<\/strong> <\/span>: les\u00a0s\u00e9ances pour les\u00a0pr\u00e9-licenci\u00e9s, poussins et pupilles se d\u00e9rouleront les mercredi et samedi \u00e0 14H au v\u00e9lodrome de Kervido. Les benjamins auront rendez-vous \u00e0 14H les mercredi et samedi au local du club pour des\u00a0entra\u00eenements\u00a0sur route.<\/p>\n<p style=\"text-align: justify;\"><span style=\"text-decoration: underline; color: #ff6600;\"><strong>Minimes :<\/strong><\/span><\/p>\n<p style=\"text-align: justify;\">La reprise des\u00a0entra\u00eenements pour la cat\u00e9gorie des minimes aura lieu le <strong>mercredi 9 janvier 2013<\/strong>. Les s\u00e9ances auront lieu tous les mercredi et samedi \u00e0 partir de <strong>14H<\/strong>, le rendez-vous \u00e9tant donn\u00e9 au local du club.<\/p>\n<p style=\"text-align: justify;\"><span style=\"text-decoration: underline; color: #ff6600;\"><strong>Cadets :<\/strong><\/span><\/p>\n<p style=\"text-align: justify;\">Les\u00a0entra\u00eenements\u00a0reprendront le <strong>samedi 8 d\u00e9cembre 2012<\/strong> et se d\u00e9rouleront ensuite tous les mercredi et samedi, avec un d\u00e9part \u00e0 <strong>14H<\/strong> depuis le local du club.<\/p>\n<p style=\"text-align: justify;\">Les s\u00e9ances de culture physique ont commenc\u00e9 le <strong>mardi 13 novembre 2012<\/strong> \u00e0 la salle des enfants du Plessis \u00e0 Lanester. Ces s\u00e9ances ont lieu tous les mardi et jeudi entre <strong>18H30<\/strong> et <strong>19H45<\/strong>.<\/p>\n<p style=\"text-align: justify;\"><span style=\"text-decoration: underline; color: #ff6600;\"><strong>Juniors et seniors :<\/strong><\/span><\/p>\n<p style=\"text-align: justify;\">\u00a0Les entrainements ont repris le <strong>samedi 17 novembre 2012<\/strong> et se d\u00e9rouleront tous les samedi avec un d\u00e9part \u00e0 <strong>13H30<\/strong> depuis le local du club. Les entrainements du mercredi commenceront le <strong>mercredi 5 d\u00e9cembre 2012<\/strong> \u00e0 <strong>14H<\/strong>, toujours \u00e0 partir du local du club.<\/p>\n<p style=\"text-align: justify;\">Les s\u00e9ances de culture physique ont commenc\u00e9 le <strong>mardi 13 novembre 2012<\/strong> \u00e0 la salle des Enfants du Plessis \u00e0 Lanester. Ces s\u00e9ances ont lieu tous les mardi et jeudi entre <strong>18H30<\/strong> et <strong>19H45<\/strong>.<\/p>\n<p>\u00a0N&rsquo;h\u00e9sitez pas \u00e0 vous tourner vers vos encadrants pour tout compl\u00e9ment d&rsquo;information !<\/p>\n","protected":false},"excerpt":{"rendered":"","protected":false},"author":14,"featured_media":13356,"comment_status":"open","ping_status":"closed","sticky":false,"template":"","format":"standard","meta":{"ngg_post_thumbnail":0,"footnotes":""},"categories":[5],"tags":[],"class_list":["post-13349","post","type-post","status-publish","format-standard","has-post-thumbnail","hentry","category-ac-lanester-56"],"yoast_head":"<!-- This site is optimized with the Yoast SEO plugin v27.5 - https:\/\/yoast.com\/product\/yoast-seo-wordpress\/ -->\n<title>Calendrier des entrainements par cat\u00e9gorie - Avenir Cycliste Lanester 56<\/title>\n<meta name=\"robots\" content=\"index, follow, max-snippet:-1, max-image-preview:large, max-video-preview:-1\" \/>\n<link rel=\"canonical\" href=\"https:\/\/www.aclanester56.com\/velo\/calendrier-des-entrainements-par-categorie\/\" \/>\n<meta property=\"og:locale\" content=\"fr_FR\" \/>\n<meta property=\"og:type\" content=\"article\" \/>\n<meta property=\"og:title\" content=\"Calendrier des entrainements par cat\u00e9gorie - Avenir Cycliste Lanester 56\" \/>\n<meta property=\"og:url\" content=\"https:\/\/www.aclanester56.com\/velo\/calendrier-des-entrainements-par-categorie\/\" \/>\n<meta property=\"og:site_name\" content=\"Avenir Cycliste Lanester 56\" \/>\n<meta property=\"article:publisher\" content=\"https:\/\/www.facebook.com\/pages\/AC-Lanester-56\/190286300991242?fref=ts\" \/>\n<meta property=\"article:published_time\" content=\"2012-11-19T19:29:51+00:00\" \/>\n<meta property=\"article:modified_time\" content=\"2013-12-21T22:34:32+00:00\" \/>\n<meta property=\"og:image\" content=\"https:\/\/www.aclanester56.com\/velo\/wp-content\/uploads\/2012\/11\/Le-Barbier-Denis-et-Primas-Copie.jpg\" \/>\n\t<meta property=\"og:image:width\" content=\"650\" \/>\n\t<meta property=\"og:image:height\" content=\"300\" \/>\n\t<meta property=\"og:image:type\" content=\"image\/jpeg\" \/>\n<meta name=\"author\" content=\"Jean-Christophe\" \/>\n<meta name=\"twitter:label1\" content=\"\u00c9crit par\" \/>\n\t<meta name=\"twitter:data1\" content=\"Jean-Christophe\" \/>\n\t<meta name=\"twitter:label2\" content=\"Dur\u00e9e de lecture estim\u00e9e\" \/>\n\t<meta name=\"twitter:data2\" content=\"2 minutes\" \/>\n<script type=\"application\/ld+json\" class=\"yoast-schema-graph\">{\"@context\":\"https:\\\/\\\/schema.org\",\"@graph\":[{\"@type\":\"Article\",\"@id\":\"https:\\\/\\\/www.aclanester56.com\\\/velo\\\/calendrier-des-entrainements-par-categorie\\\/#article\",\"isPartOf\":{\"@id\":\"https:\\\/\\\/www.aclanester56.com\\\/velo\\\/calendrier-des-entrainements-par-categorie\\\/\"},\"author\":{\"name\":\"Jean-Christophe\",\"@id\":\"https:\\\/\\\/www.aclanester56.com\\\/velo\\\/#\\\/schema\\\/person\\\/ca2a44a5fd969e9dd846c72d3b33bc01\"},\"headline\":\"Calendrier des entrainements par cat\u00e9gorie\",\"datePublished\":\"2012-11-19T19:29:51+00:00\",\"dateModified\":\"2013-12-21T22:34:32+00:00\",\"mainEntityOfPage\":{\"@id\":\"https:\\\/\\\/www.aclanester56.com\\\/velo\\\/calendrier-des-entrainements-par-categorie\\\/\"},\"wordCount\":339,\"commentCount\":0,\"publisher\":{\"@id\":\"https:\\\/\\\/www.aclanester56.com\\\/velo\\\/#organization\"},\"image\":{\"@id\":\"https:\\\/\\\/www.aclanester56.com\\\/velo\\\/calendrier-des-entrainements-par-categorie\\\/#primaryimage\"},\"thumbnailUrl\":\"https:\\\/\\\/www.aclanester56.com\\\/velo\\\/wp-content\\\/uploads\\\/2012\\\/11\\\/Le-Barbier-Denis-et-Primas-Copie.jpg\",\"articleSection\":[\"AC LANESTER 56\"],\"inLanguage\":\"fr-FR\",\"potentialAction\":[{\"@type\":\"CommentAction\",\"name\":\"Comment\",\"target\":[\"https:\\\/\\\/www.aclanester56.com\\\/velo\\\/calendrier-des-entrainements-par-categorie\\\/#respond\"]}]},{\"@type\":\"WebPage\",\"@id\":\"https:\\\/\\\/www.aclanester56.com\\\/velo\\\/calendrier-des-entrainements-par-categorie\\\/\",\"url\":\"https:\\\/\\\/www.aclanester56.com\\\/velo\\\/calendrier-des-entrainements-par-categorie\\\/\",\"name\":\"Calendrier des entrainements par cat\u00e9gorie - Avenir Cycliste Lanester 56\",\"isPartOf\":{\"@id\":\"https:\\\/\\\/www.aclanester56.com\\\/velo\\\/#website\"},\"primaryImageOfPage\":{\"@id\":\"https:\\\/\\\/www.aclanester56.com\\\/velo\\\/calendrier-des-entrainements-par-categorie\\\/#primaryimage\"},\"image\":{\"@id\":\"https:\\\/\\\/www.aclanester56.com\\\/velo\\\/calendrier-des-entrainements-par-categorie\\\/#primaryimage\"},\"thumbnailUrl\":\"https:\\\/\\\/www.aclanester56.com\\\/velo\\\/wp-content\\\/uploads\\\/2012\\\/11\\\/Le-Barbier-Denis-et-Primas-Copie.jpg\",\"datePublished\":\"2012-11-19T19:29:51+00:00\",\"dateModified\":\"2013-12-21T22:34:32+00:00\",\"inLanguage\":\"fr-FR\",\"potentialAction\":[{\"@type\":\"ReadAction\",\"target\":[\"https:\\\/\\\/www.aclanester56.com\\\/velo\\\/calendrier-des-entrainements-par-categorie\\\/\"]}]},{\"@type\":\"ImageObject\",\"inLanguage\":\"fr-FR\",\"@id\":\"https:\\\/\\\/www.aclanester56.com\\\/velo\\\/calendrier-des-entrainements-par-categorie\\\/#primaryimage\",\"url\":\"https:\\\/\\\/www.aclanester56.com\\\/velo\\\/wp-content\\\/uploads\\\/2012\\\/11\\\/Le-Barbier-Denis-et-Primas-Copie.jpg\",\"contentUrl\":\"https:\\\/\\\/www.aclanester56.com\\\/velo\\\/wp-content\\\/uploads\\\/2012\\\/11\\\/Le-Barbier-Denis-et-Primas-Copie.jpg\",\"width\":650,\"height\":300},{\"@type\":\"WebSite\",\"@id\":\"https:\\\/\\\/www.aclanester56.com\\\/velo\\\/#website\",\"url\":\"https:\\\/\\\/www.aclanester56.com\\\/velo\\\/\",\"name\":\"Avenir Cycliste Lanester 56\",\"description\":\"Club cycliste de l&#039;AC LANESTER 56\",\"publisher\":{\"@id\":\"https:\\\/\\\/www.aclanester56.com\\\/velo\\\/#organization\"},\"potentialAction\":[{\"@type\":\"SearchAction\",\"target\":{\"@type\":\"EntryPoint\",\"urlTemplate\":\"https:\\\/\\\/www.aclanester56.com\\\/velo\\\/?s={search_term_string}\"},\"query-input\":{\"@type\":\"PropertyValueSpecification\",\"valueRequired\":true,\"valueName\":\"search_term_string\"}}],\"inLanguage\":\"fr-FR\"},{\"@type\":\"Organization\",\"@id\":\"https:\\\/\\\/www.aclanester56.com\\\/velo\\\/#organization\",\"name\":\"Avenir Cycliste Lanester 56\",\"url\":\"https:\\\/\\\/www.aclanester56.com\\\/velo\\\/\",\"logo\":{\"@type\":\"ImageObject\",\"inLanguage\":\"fr-FR\",\"@id\":\"https:\\\/\\\/www.aclanester56.com\\\/velo\\\/#\\\/schema\\\/logo\\\/image\\\/\",\"url\":\"https:\\\/\\\/www.aclanester56.com\\\/velo\\\/wp-content\\\/uploads\\\/2013\\\/04\\\/logo-ACL.jpg\",\"contentUrl\":\"https:\\\/\\\/www.aclanester56.com\\\/velo\\\/wp-content\\\/uploads\\\/2013\\\/04\\\/logo-ACL.jpg\",\"width\":400,\"height\":334,\"caption\":\"Avenir Cycliste Lanester 56\"},\"image\":{\"@id\":\"https:\\\/\\\/www.aclanester56.com\\\/velo\\\/#\\\/schema\\\/logo\\\/image\\\/\"},\"sameAs\":[\"https:\\\/\\\/www.facebook.com\\\/pages\\\/AC-Lanester-56\\\/190286300991242?fref=ts\"]},{\"@type\":\"Person\",\"@id\":\"https:\\\/\\\/www.aclanester56.com\\\/velo\\\/#\\\/schema\\\/person\\\/ca2a44a5fd969e9dd846c72d3b33bc01\",\"name\":\"Jean-Christophe\",\"url\":\"https:\\\/\\\/www.aclanester56.com\\\/velo\\\/author\\\/jeanchristophe\\\/\"}]}<\/script>\n<!-- \/ Yoast SEO plugin. -->","yoast_head_json":{"title":"Calendrier des entrainements par cat\u00e9gorie - Avenir Cycliste Lanester 56","robots":{"index":"index","follow":"follow","max-snippet":"max-snippet:-1","max-image-preview":"max-image-preview:large","max-video-preview":"max-video-preview:-1"},"canonical":"https:\/\/www.aclanester56.com\/velo\/calendrier-des-entrainements-par-categorie\/","og_locale":"fr_FR","og_type":"article","og_title":"Calendrier des entrainements par cat\u00e9gorie - Avenir Cycliste Lanester 56","og_url":"https:\/\/www.aclanester56.com\/velo\/calendrier-des-entrainements-par-categorie\/","og_site_name":"Avenir Cycliste Lanester 56","article_publisher":"https:\/\/www.facebook.com\/pages\/AC-Lanester-56\/190286300991242?fref=ts","article_published_time":"2012-11-19T19:29:51+00:00","article_modified_time":"2013-12-21T22:34:32+00:00","og_image":[{"width":650,"height":300,"url":"https:\/\/www.aclanester56.com\/velo\/wp-content\/uploads\/2012\/11\/Le-Barbier-Denis-et-Primas-Copie.jpg","type":"image\/jpeg"}],"author":"Jean-Christophe","twitter_misc":{"\u00c9crit par":"Jean-Christophe","Dur\u00e9e de lecture estim\u00e9e":"2 minutes"},"schema":{"@context":"https:\/\/schema.org","@graph":[{"@type":"Article","@id":"https:\/\/www.aclanester56.com\/velo\/calendrier-des-entrainements-par-categorie\/#article","isPartOf":{"@id":"https:\/\/www.aclanester56.com\/velo\/calendrier-des-entrainements-par-categorie\/"},"author":{"name":"Jean-Christophe","@id":"https:\/\/www.aclanester56.com\/velo\/#\/schema\/person\/ca2a44a5fd969e9dd846c72d3b33bc01"},"headline":"Calendrier des entrainements par cat\u00e9gorie","datePublished":"2012-11-19T19:29:51+00:00","dateModified":"2013-12-21T22:34:32+00:00","mainEntityOfPage":{"@id":"https:\/\/www.aclanester56.com\/velo\/calendrier-des-entrainements-par-categorie\/"},"wordCount":339,"commentCount":0,"publisher":{"@id":"https:\/\/www.aclanester56.com\/velo\/#organization"},"image":{"@id":"https:\/\/www.aclanester56.com\/velo\/calendrier-des-entrainements-par-categorie\/#primaryimage"},"thumbnailUrl":"https:\/\/www.aclanester56.com\/velo\/wp-content\/uploads\/2012\/11\/Le-Barbier-Denis-et-Primas-Copie.jpg","articleSection":["AC LANESTER 56"],"inLanguage":"fr-FR","potentialAction":[{"@type":"CommentAction","name":"Comment","target":["https:\/\/www.aclanester56.com\/velo\/calendrier-des-entrainements-par-categorie\/#respond"]}]},{"@type":"WebPage","@id":"https:\/\/www.aclanester56.com\/velo\/calendrier-des-entrainements-par-categorie\/","url":"https:\/\/www.aclanester56.com\/velo\/calendrier-des-entrainements-par-categorie\/","name":"Calendrier des entrainements par cat\u00e9gorie - Avenir Cycliste Lanester 56","isPartOf":{"@id":"https:\/\/www.aclanester56.com\/velo\/#website"},"primaryImageOfPage":{"@id":"https:\/\/www.aclanester56.com\/velo\/calendrier-des-entrainements-par-categorie\/#primaryimage"},"image":{"@id":"https:\/\/www.aclanester56.com\/velo\/calendrier-des-entrainements-par-categorie\/#primaryimage"},"thumbnailUrl":"https:\/\/www.aclanester56.com\/velo\/wp-content\/uploads\/2012\/11\/Le-Barbier-Denis-et-Primas-Copie.jpg","datePublished":"2012-11-19T19:29:51+00:00","dateModified":"2013-12-21T22:34:32+00:00","inLanguage":"fr-FR","potentialAction":[{"@type":"ReadAction","target":["https:\/\/www.aclanester56.com\/velo\/calendrier-des-entrainements-par-categorie\/"]}]},{"@type":"ImageObject","inLanguage":"fr-FR","@id":"https:\/\/www.aclanester56.com\/velo\/calendrier-des-entrainements-par-categorie\/#primaryimage","url":"https:\/\/www.aclanester56.com\/velo\/wp-content\/uploads\/2012\/11\/Le-Barbier-Denis-et-Primas-Copie.jpg","contentUrl":"https:\/\/www.aclanester56.com\/velo\/wp-content\/uploads\/2012\/11\/Le-Barbier-Denis-et-Primas-Copie.jpg","width":650,"height":300},{"@type":"WebSite","@id":"https:\/\/www.aclanester56.com\/velo\/#website","url":"https:\/\/www.aclanester56.com\/velo\/","name":"Avenir Cycliste Lanester 56","description":"Club cycliste de l&#039;AC LANESTER 56","publisher":{"@id":"https:\/\/www.aclanester56.com\/velo\/#organization"},"potentialAction":[{"@type":"SearchAction","target":{"@type":"EntryPoint","urlTemplate":"https:\/\/www.aclanester56.com\/velo\/?s={search_term_string}"},"query-input":{"@type":"PropertyValueSpecification","valueRequired":true,"valueName":"search_term_string"}}],"inLanguage":"fr-FR"},{"@type":"Organization","@id":"https:\/\/www.aclanester56.com\/velo\/#organization","name":"Avenir Cycliste Lanester 56","url":"https:\/\/www.aclanester56.com\/velo\/","logo":{"@type":"ImageObject","inLanguage":"fr-FR","@id":"https:\/\/www.aclanester56.com\/velo\/#\/schema\/logo\/image\/","url":"https:\/\/www.aclanester56.com\/velo\/wp-content\/uploads\/2013\/04\/logo-ACL.jpg","contentUrl":"https:\/\/www.aclanester56.com\/velo\/wp-content\/uploads\/2013\/04\/logo-ACL.jpg","width":400,"height":334,"caption":"Avenir Cycliste Lanester 56"},"image":{"@id":"https:\/\/www.aclanester56.com\/velo\/#\/schema\/logo\/image\/"},"sameAs":["https:\/\/www.facebook.com\/pages\/AC-Lanester-56\/190286300991242?fref=ts"]},{"@type":"Person","@id":"https:\/\/www.aclanester56.com\/velo\/#\/schema\/person\/ca2a44a5fd969e9dd846c72d3b33bc01","name":"Jean-Christophe","url":"https:\/\/www.aclanester56.com\/velo\/author\/jeanchristophe\/"}]}},"_links":{"self":[{"href":"https:\/\/www.aclanester56.com\/velo\/wp-json\/wp\/v2\/posts\/13349","targetHints":{"allow":["GET"]}}],"collection":[{"href":"https:\/\/www.aclanester56.com\/velo\/wp-json\/wp\/v2\/posts"}],"about":[{"href":"https:\/\/www.aclanester56.com\/velo\/wp-json\/wp\/v2\/types\/post"}],"author":[{"embeddable":true,"href":"https:\/\/www.aclanester56.com\/velo\/wp-json\/wp\/v2\/users\/14"}],"replies":[{"embeddable":true,"href":"https:\/\/www.aclanester56.com\/velo\/wp-json\/wp\/v2\/comments?post=13349"}],"version-history":[{"count":0,"href":"https:\/\/www.aclanester56.com\/velo\/wp-json\/wp\/v2\/posts\/13349\/revisions"}],"wp:featuredmedia":[{"embeddable":true,"href":"https:\/\/www.aclanester56.com\/velo\/wp-json\/wp\/v2\/media\/13356"}],"wp:attachment":[{"href":"https:\/\/www.aclanester56.com\/velo\/wp-json\/wp\/v2\/media?parent=13349"}],"wp:term":[{"taxonomy":"category","embeddable":true,"href":"https:\/\/www.aclanester56.com\/velo\/wp-json\/wp\/v2\/categories?post=13349"},{"taxonomy":"post_tag","embeddable":true,"href":"https:\/\/www.aclanester56.com\/velo\/wp-json\/wp\/v2\/tags?post=13349"}],"curies":[{"name":"wp","href":"https:\/\/api.w.org\/{rel}","templated":true}]}}