{"id":13371,"date":"2012-11-25T22:17:54","date_gmt":"2012-11-25T21:17:54","guid":{"rendered":"http:\/\/www.aclanester56.com\/velo\/?p=13371"},"modified":"2013-12-22T00:27:36","modified_gmt":"2013-12-21T22:27:36","slug":"thomas-denis-champion-du-morbihan-de-cyclo-cross","status":"publish","type":"post","link":"https:\/\/www.aclanester56.com\/velo\/thomas-denis-champion-du-morbihan-de-cyclo-cross\/","title":{"rendered":"Thomas Denis champion du Morbihan de cyclo-cross !"},"content":{"rendered":"<p style=\"text-align: justify;\"><!--more--><\/p>\n<p style=\"text-align: justify;\">Le Lanest\u00e9rien Thomas Denis a remport\u00e9 ce dimanche le championnat du Morbihan cadets de cyclo-cross, disput\u00e9 \u00e0 Questembert !<\/p>\n<p>\u00a0<span style=\"line-height: 1.5em;\">D\u00e9j\u00e0 vainqueur cet \u00e9t\u00e9 de l&rsquo;\u00e9preuve de scratch sur le championnat de France sur piste \u00e0 Hy\u00e8res, le jeune coureur de l&rsquo;AC Lanester 56 Thomas Denis remporte un nouveau titre, en cyclo-cross cette fois. A l&rsquo;issue d&rsquo;une course qu&rsquo;il aura domin\u00e9e en faisant m\u00eame jeu \u00e9gal avec quelques-uns des meilleurs juniors, Thomas enfile le maillot de champion du Morbihan.<\/span><\/p>\n<p style=\"text-align: justify;\">Il lorgne d\u00e9sormais vers les hermines du championnat de Bretagne qui aura lieu dimanche prochain \u00e0 Ploeuc-sur-Li\u00e9, o\u00f9 il sera l&rsquo;un des favoris !<\/p>\n<div id=\"attachment_13377\" style=\"width: 410px\" class=\"wp-caption alignright\"><a href=\"http:\/\/www.aclanester56.com\/velo\/wp-content\/uploads\/2012\/11\/Thomas-Questembert-800x533.jpg\"><img loading=\"lazy\" decoding=\"async\" aria-describedby=\"caption-attachment-13377\" class=\"size-large wp-image-13377\" title=\"Malgr\u00e9 une belle glissade pendant la course, Thomas enfile un nouveau maillot de champion du Morbihan ! (photo Eric Cou\u00e9 - photosdecyclisme.fr)\" alt=\"\" src=\"http:\/\/www.aclanester56.com\/velo\/wp-content\/uploads\/2012\/11\/Thomas-Questembert-800x533.jpg\" width=\"400\" height=\"266\" srcset=\"https:\/\/www.aclanester56.com\/velo\/wp-content\/uploads\/2012\/11\/Thomas-Questembert-800x533.jpg 800w, https:\/\/www.aclanester56.com\/velo\/wp-content\/uploads\/2012\/11\/Thomas-Questembert-300x200.jpg 300w, https:\/\/www.aclanester56.com\/velo\/wp-content\/uploads\/2012\/11\/Thomas-Questembert-449x300.jpg 449w, https:\/\/www.aclanester56.com\/velo\/wp-content\/uploads\/2012\/11\/Thomas-Questembert.jpg 1000w\" sizes=\"auto, (max-width: 400px) 100vw, 400px\" \/><\/a><p id=\"caption-attachment-13377\" class=\"wp-caption-text\">Malgr\u00e9 une belle glissade pendant la course, Thomas enfile un nouveau maillot de champion du Morbihan ! (photo Eric Cou\u00e9 &#8211; photosdecyclisme.fr)<\/p><\/div>\n<p><span style=\"text-decoration: underline;\"><strong>Classement :<\/strong><\/span><\/p>\n<p><span style=\"background-color: #ff6600;\">1 DENIS Thomas AC LANESTER 56<\/span><br \/>2 LE DU Gwendal UC PAYS PLOUAY<br \/>3 LE DU Alan UC PAYS PLOUAY<br \/>4 ROUZAU Thibault UC PAYS PLOUAY<br \/>5 LE JOSSEC Renan VELO TAUPONT<br \/>6 ETESSE Alan UC PAYS PLOUAY<br \/>7 HELIN Thomas UC PAYS PLOUAY<br \/>8 DUBOIS Jean OUST LANVAUX VTT<br \/>9 LE NY Jean Louis AC PAYS DE BAUD<br \/>10 CRAVIC Maxime AC PAYS DE BAUD<\/p>\n","protected":false},"excerpt":{"rendered":"","protected":false},"author":14,"featured_media":13373,"comment_status":"open","ping_status":"closed","sticky":false,"template":"","format":"standard","meta":{"ngg_post_thumbnail":0,"footnotes":""},"categories":[5],"tags":[],"class_list":["post-13371","post","type-post","status-publish","format-standard","has-post-thumbnail","hentry","category-ac-lanester-56"],"yoast_head":"<!-- This site is optimized with the Yoast SEO plugin v27.5 - https:\/\/yoast.com\/product\/yoast-seo-wordpress\/ -->\n<title>Thomas Denis champion du Morbihan de cyclo-cross ! - Avenir Cycliste Lanester 56<\/title>\n<meta name=\"robots\" content=\"index, follow, max-snippet:-1, max-image-preview:large, max-video-preview:-1\" \/>\n<link rel=\"canonical\" href=\"https:\/\/www.aclanester56.com\/velo\/thomas-denis-champion-du-morbihan-de-cyclo-cross\/\" \/>\n<meta property=\"og:locale\" content=\"fr_FR\" \/>\n<meta property=\"og:type\" content=\"article\" \/>\n<meta property=\"og:title\" content=\"Thomas Denis champion du Morbihan de cyclo-cross ! - Avenir Cycliste Lanester 56\" \/>\n<meta property=\"og:url\" content=\"https:\/\/www.aclanester56.com\/velo\/thomas-denis-champion-du-morbihan-de-cyclo-cross\/\" \/>\n<meta property=\"og:site_name\" content=\"Avenir Cycliste Lanester 56\" \/>\n<meta property=\"article:publisher\" content=\"https:\/\/www.facebook.com\/pages\/AC-Lanester-56\/190286300991242?fref=ts\" \/>\n<meta property=\"article:published_time\" content=\"2012-11-25T21:17:54+00:00\" \/>\n<meta property=\"article:modified_time\" content=\"2013-12-21T22:27:36+00:00\" \/>\n<meta property=\"og:image\" content=\"https:\/\/www.aclanester56.com\/velo\/wp-content\/uploads\/2012\/11\/Thomas-Denis-Questembert-Copie.jpg\" \/>\n\t<meta property=\"og:image:width\" content=\"650\" \/>\n\t<meta property=\"og:image:height\" content=\"300\" \/>\n\t<meta property=\"og:image:type\" content=\"image\/jpeg\" \/>\n<meta name=\"author\" content=\"Jean-Christophe\" \/>\n<meta name=\"twitter:label1\" content=\"\u00c9crit par\" \/>\n\t<meta name=\"twitter:data1\" content=\"Jean-Christophe\" \/>\n\t<meta name=\"twitter:label2\" content=\"Dur\u00e9e de lecture estim\u00e9e\" \/>\n\t<meta name=\"twitter:data2\" content=\"1 minute\" \/>\n<script type=\"application\/ld+json\" class=\"yoast-schema-graph\">{\"@context\":\"https:\\\/\\\/schema.org\",\"@graph\":[{\"@type\":\"Article\",\"@id\":\"https:\\\/\\\/www.aclanester56.com\\\/velo\\\/thomas-denis-champion-du-morbihan-de-cyclo-cross\\\/#article\",\"isPartOf\":{\"@id\":\"https:\\\/\\\/www.aclanester56.com\\\/velo\\\/thomas-denis-champion-du-morbihan-de-cyclo-cross\\\/\"},\"author\":{\"name\":\"Jean-Christophe\",\"@id\":\"https:\\\/\\\/www.aclanester56.com\\\/velo\\\/#\\\/schema\\\/person\\\/ca2a44a5fd969e9dd846c72d3b33bc01\"},\"headline\":\"Thomas Denis champion du Morbihan de cyclo-cross !\",\"datePublished\":\"2012-11-25T21:17:54+00:00\",\"dateModified\":\"2013-12-21T22:27:36+00:00\",\"mainEntityOfPage\":{\"@id\":\"https:\\\/\\\/www.aclanester56.com\\\/velo\\\/thomas-denis-champion-du-morbihan-de-cyclo-cross\\\/\"},\"wordCount\":195,\"commentCount\":0,\"publisher\":{\"@id\":\"https:\\\/\\\/www.aclanester56.com\\\/velo\\\/#organization\"},\"image\":{\"@id\":\"https:\\\/\\\/www.aclanester56.com\\\/velo\\\/thomas-denis-champion-du-morbihan-de-cyclo-cross\\\/#primaryimage\"},\"thumbnailUrl\":\"https:\\\/\\\/www.aclanester56.com\\\/velo\\\/wp-content\\\/uploads\\\/2012\\\/11\\\/Thomas-Denis-Questembert-Copie.jpg\",\"articleSection\":[\"AC LANESTER 56\"],\"inLanguage\":\"fr-FR\",\"potentialAction\":[{\"@type\":\"CommentAction\",\"name\":\"Comment\",\"target\":[\"https:\\\/\\\/www.aclanester56.com\\\/velo\\\/thomas-denis-champion-du-morbihan-de-cyclo-cross\\\/#respond\"]}]},{\"@type\":\"WebPage\",\"@id\":\"https:\\\/\\\/www.aclanester56.com\\\/velo\\\/thomas-denis-champion-du-morbihan-de-cyclo-cross\\\/\",\"url\":\"https:\\\/\\\/www.aclanester56.com\\\/velo\\\/thomas-denis-champion-du-morbihan-de-cyclo-cross\\\/\",\"name\":\"Thomas Denis champion du Morbihan de cyclo-cross ! - Avenir Cycliste Lanester 56\",\"isPartOf\":{\"@id\":\"https:\\\/\\\/www.aclanester56.com\\\/velo\\\/#website\"},\"primaryImageOfPage\":{\"@id\":\"https:\\\/\\\/www.aclanester56.com\\\/velo\\\/thomas-denis-champion-du-morbihan-de-cyclo-cross\\\/#primaryimage\"},\"image\":{\"@id\":\"https:\\\/\\\/www.aclanester56.com\\\/velo\\\/thomas-denis-champion-du-morbihan-de-cyclo-cross\\\/#primaryimage\"},\"thumbnailUrl\":\"https:\\\/\\\/www.aclanester56.com\\\/velo\\\/wp-content\\\/uploads\\\/2012\\\/11\\\/Thomas-Denis-Questembert-Copie.jpg\",\"datePublished\":\"2012-11-25T21:17:54+00:00\",\"dateModified\":\"2013-12-21T22:27:36+00:00\",\"inLanguage\":\"fr-FR\",\"potentialAction\":[{\"@type\":\"ReadAction\",\"target\":[\"https:\\\/\\\/www.aclanester56.com\\\/velo\\\/thomas-denis-champion-du-morbihan-de-cyclo-cross\\\/\"]}]},{\"@type\":\"ImageObject\",\"inLanguage\":\"fr-FR\",\"@id\":\"https:\\\/\\\/www.aclanester56.com\\\/velo\\\/thomas-denis-champion-du-morbihan-de-cyclo-cross\\\/#primaryimage\",\"url\":\"https:\\\/\\\/www.aclanester56.com\\\/velo\\\/wp-content\\\/uploads\\\/2012\\\/11\\\/Thomas-Denis-Questembert-Copie.jpg\",\"contentUrl\":\"https:\\\/\\\/www.aclanester56.com\\\/velo\\\/wp-content\\\/uploads\\\/2012\\\/11\\\/Thomas-Denis-Questembert-Copie.jpg\",\"width\":650,\"height\":300},{\"@type\":\"WebSite\",\"@id\":\"https:\\\/\\\/www.aclanester56.com\\\/velo\\\/#website\",\"url\":\"https:\\\/\\\/www.aclanester56.com\\\/velo\\\/\",\"name\":\"Avenir Cycliste Lanester 56\",\"description\":\"Club cycliste de l&#039;AC LANESTER 56\",\"publisher\":{\"@id\":\"https:\\\/\\\/www.aclanester56.com\\\/velo\\\/#organization\"},\"potentialAction\":[{\"@type\":\"SearchAction\",\"target\":{\"@type\":\"EntryPoint\",\"urlTemplate\":\"https:\\\/\\\/www.aclanester56.com\\\/velo\\\/?s={search_term_string}\"},\"query-input\":{\"@type\":\"PropertyValueSpecification\",\"valueRequired\":true,\"valueName\":\"search_term_string\"}}],\"inLanguage\":\"fr-FR\"},{\"@type\":\"Organization\",\"@id\":\"https:\\\/\\\/www.aclanester56.com\\\/velo\\\/#organization\",\"name\":\"Avenir Cycliste Lanester 56\",\"url\":\"https:\\\/\\\/www.aclanester56.com\\\/velo\\\/\",\"logo\":{\"@type\":\"ImageObject\",\"inLanguage\":\"fr-FR\",\"@id\":\"https:\\\/\\\/www.aclanester56.com\\\/velo\\\/#\\\/schema\\\/logo\\\/image\\\/\",\"url\":\"https:\\\/\\\/www.aclanester56.com\\\/velo\\\/wp-content\\\/uploads\\\/2013\\\/04\\\/logo-ACL.jpg\",\"contentUrl\":\"https:\\\/\\\/www.aclanester56.com\\\/velo\\\/wp-content\\\/uploads\\\/2013\\\/04\\\/logo-ACL.jpg\",\"width\":400,\"height\":334,\"caption\":\"Avenir Cycliste Lanester 56\"},\"image\":{\"@id\":\"https:\\\/\\\/www.aclanester56.com\\\/velo\\\/#\\\/schema\\\/logo\\\/image\\\/\"},\"sameAs\":[\"https:\\\/\\\/www.facebook.com\\\/pages\\\/AC-Lanester-56\\\/190286300991242?fref=ts\"]},{\"@type\":\"Person\",\"@id\":\"https:\\\/\\\/www.aclanester56.com\\\/velo\\\/#\\\/schema\\\/person\\\/ca2a44a5fd969e9dd846c72d3b33bc01\",\"name\":\"Jean-Christophe\",\"url\":\"https:\\\/\\\/www.aclanester56.com\\\/velo\\\/author\\\/jeanchristophe\\\/\"}]}<\/script>\n<!-- \/ Yoast SEO plugin. -->","yoast_head_json":{"title":"Thomas Denis champion du Morbihan de cyclo-cross ! - Avenir Cycliste Lanester 56","robots":{"index":"index","follow":"follow","max-snippet":"max-snippet:-1","max-image-preview":"max-image-preview:large","max-video-preview":"max-video-preview:-1"},"canonical":"https:\/\/www.aclanester56.com\/velo\/thomas-denis-champion-du-morbihan-de-cyclo-cross\/","og_locale":"fr_FR","og_type":"article","og_title":"Thomas Denis champion du Morbihan de cyclo-cross ! - Avenir Cycliste Lanester 56","og_url":"https:\/\/www.aclanester56.com\/velo\/thomas-denis-champion-du-morbihan-de-cyclo-cross\/","og_site_name":"Avenir Cycliste Lanester 56","article_publisher":"https:\/\/www.facebook.com\/pages\/AC-Lanester-56\/190286300991242?fref=ts","article_published_time":"2012-11-25T21:17:54+00:00","article_modified_time":"2013-12-21T22:27:36+00:00","og_image":[{"width":650,"height":300,"url":"https:\/\/www.aclanester56.com\/velo\/wp-content\/uploads\/2012\/11\/Thomas-Denis-Questembert-Copie.jpg","type":"image\/jpeg"}],"author":"Jean-Christophe","twitter_misc":{"\u00c9crit par":"Jean-Christophe","Dur\u00e9e de lecture estim\u00e9e":"1 minute"},"schema":{"@context":"https:\/\/schema.org","@graph":[{"@type":"Article","@id":"https:\/\/www.aclanester56.com\/velo\/thomas-denis-champion-du-morbihan-de-cyclo-cross\/#article","isPartOf":{"@id":"https:\/\/www.aclanester56.com\/velo\/thomas-denis-champion-du-morbihan-de-cyclo-cross\/"},"author":{"name":"Jean-Christophe","@id":"https:\/\/www.aclanester56.com\/velo\/#\/schema\/person\/ca2a44a5fd969e9dd846c72d3b33bc01"},"headline":"Thomas Denis champion du Morbihan de cyclo-cross !","datePublished":"2012-11-25T21:17:54+00:00","dateModified":"2013-12-21T22:27:36+00:00","mainEntityOfPage":{"@id":"https:\/\/www.aclanester56.com\/velo\/thomas-denis-champion-du-morbihan-de-cyclo-cross\/"},"wordCount":195,"commentCount":0,"publisher":{"@id":"https:\/\/www.aclanester56.com\/velo\/#organization"},"image":{"@id":"https:\/\/www.aclanester56.com\/velo\/thomas-denis-champion-du-morbihan-de-cyclo-cross\/#primaryimage"},"thumbnailUrl":"https:\/\/www.aclanester56.com\/velo\/wp-content\/uploads\/2012\/11\/Thomas-Denis-Questembert-Copie.jpg","articleSection":["AC LANESTER 56"],"inLanguage":"fr-FR","potentialAction":[{"@type":"CommentAction","name":"Comment","target":["https:\/\/www.aclanester56.com\/velo\/thomas-denis-champion-du-morbihan-de-cyclo-cross\/#respond"]}]},{"@type":"WebPage","@id":"https:\/\/www.aclanester56.com\/velo\/thomas-denis-champion-du-morbihan-de-cyclo-cross\/","url":"https:\/\/www.aclanester56.com\/velo\/thomas-denis-champion-du-morbihan-de-cyclo-cross\/","name":"Thomas Denis champion du Morbihan de cyclo-cross ! - Avenir Cycliste Lanester 56","isPartOf":{"@id":"https:\/\/www.aclanester56.com\/velo\/#website"},"primaryImageOfPage":{"@id":"https:\/\/www.aclanester56.com\/velo\/thomas-denis-champion-du-morbihan-de-cyclo-cross\/#primaryimage"},"image":{"@id":"https:\/\/www.aclanester56.com\/velo\/thomas-denis-champion-du-morbihan-de-cyclo-cross\/#primaryimage"},"thumbnailUrl":"https:\/\/www.aclanester56.com\/velo\/wp-content\/uploads\/2012\/11\/Thomas-Denis-Questembert-Copie.jpg","datePublished":"2012-11-25T21:17:54+00:00","dateModified":"2013-12-21T22:27:36+00:00","inLanguage":"fr-FR","potentialAction":[{"@type":"ReadAction","target":["https:\/\/www.aclanester56.com\/velo\/thomas-denis-champion-du-morbihan-de-cyclo-cross\/"]}]},{"@type":"ImageObject","inLanguage":"fr-FR","@id":"https:\/\/www.aclanester56.com\/velo\/thomas-denis-champion-du-morbihan-de-cyclo-cross\/#primaryimage","url":"https:\/\/www.aclanester56.com\/velo\/wp-content\/uploads\/2012\/11\/Thomas-Denis-Questembert-Copie.jpg","contentUrl":"https:\/\/www.aclanester56.com\/velo\/wp-content\/uploads\/2012\/11\/Thomas-Denis-Questembert-Copie.jpg","width":650,"height":300},{"@type":"WebSite","@id":"https:\/\/www.aclanester56.com\/velo\/#website","url":"https:\/\/www.aclanester56.com\/velo\/","name":"Avenir Cycliste Lanester 56","description":"Club cycliste de l&#039;AC LANESTER 56","publisher":{"@id":"https:\/\/www.aclanester56.com\/velo\/#organization"},"potentialAction":[{"@type":"SearchAction","target":{"@type":"EntryPoint","urlTemplate":"https:\/\/www.aclanester56.com\/velo\/?s={search_term_string}"},"query-input":{"@type":"PropertyValueSpecification","valueRequired":true,"valueName":"search_term_string"}}],"inLanguage":"fr-FR"},{"@type":"Organization","@id":"https:\/\/www.aclanester56.com\/velo\/#organization","name":"Avenir Cycliste Lanester 56","url":"https:\/\/www.aclanester56.com\/velo\/","logo":{"@type":"ImageObject","inLanguage":"fr-FR","@id":"https:\/\/www.aclanester56.com\/velo\/#\/schema\/logo\/image\/","url":"https:\/\/www.aclanester56.com\/velo\/wp-content\/uploads\/2013\/04\/logo-ACL.jpg","contentUrl":"https:\/\/www.aclanester56.com\/velo\/wp-content\/uploads\/2013\/04\/logo-ACL.jpg","width":400,"height":334,"caption":"Avenir Cycliste Lanester 56"},"image":{"@id":"https:\/\/www.aclanester56.com\/velo\/#\/schema\/logo\/image\/"},"sameAs":["https:\/\/www.facebook.com\/pages\/AC-Lanester-56\/190286300991242?fref=ts"]},{"@type":"Person","@id":"https:\/\/www.aclanester56.com\/velo\/#\/schema\/person\/ca2a44a5fd969e9dd846c72d3b33bc01","name":"Jean-Christophe","url":"https:\/\/www.aclanester56.com\/velo\/author\/jeanchristophe\/"}]}},"_links":{"self":[{"href":"https:\/\/www.aclanester56.com\/velo\/wp-json\/wp\/v2\/posts\/13371","targetHints":{"allow":["GET"]}}],"collection":[{"href":"https:\/\/www.aclanester56.com\/velo\/wp-json\/wp\/v2\/posts"}],"about":[{"href":"https:\/\/www.aclanester56.com\/velo\/wp-json\/wp\/v2\/types\/post"}],"author":[{"embeddable":true,"href":"https:\/\/www.aclanester56.com\/velo\/wp-json\/wp\/v2\/users\/14"}],"replies":[{"embeddable":true,"href":"https:\/\/www.aclanester56.com\/velo\/wp-json\/wp\/v2\/comments?post=13371"}],"version-history":[{"count":0,"href":"https:\/\/www.aclanester56.com\/velo\/wp-json\/wp\/v2\/posts\/13371\/revisions"}],"wp:featuredmedia":[{"embeddable":true,"href":"https:\/\/www.aclanester56.com\/velo\/wp-json\/wp\/v2\/media\/13373"}],"wp:attachment":[{"href":"https:\/\/www.aclanester56.com\/velo\/wp-json\/wp\/v2\/media?parent=13371"}],"wp:term":[{"taxonomy":"category","embeddable":true,"href":"https:\/\/www.aclanester56.com\/velo\/wp-json\/wp\/v2\/categories?post=13371"},{"taxonomy":"post_tag","embeddable":true,"href":"https:\/\/www.aclanester56.com\/velo\/wp-json\/wp\/v2\/tags?post=13371"}],"curies":[{"name":"wp","href":"https:\/\/api.w.org\/{rel}","templated":true}]}}