{"id":13398,"date":"2012-11-30T00:07:24","date_gmt":"2012-11-29T23:07:24","guid":{"rendered":"http:\/\/www.aclanester56.com\/velo\/?p=13398"},"modified":"2013-12-22T00:26:03","modified_gmt":"2013-12-21T22:26:03","slug":"warren-barguil-de-retour-a-lac-lanester-56-2","status":"publish","type":"post","link":"https:\/\/www.aclanester56.com\/velo\/warren-barguil-de-retour-a-lac-lanester-56-2\/","title":{"rendered":"Warren Barguil de retour \u00e0 l&rsquo;AC Lanester 56 !"},"content":{"rendered":"<p style=\"text-align: justify;\"><!--more--><\/p>\n<p style=\"text-align: justify;\">Il est le petit ph\u00e9nom\u00e8ne du cyclisme fran\u00e7ais, celui dont tout le monde pr\u00e9dit un grand avenir. Il a \u00ab\u00a0grandi\u00a0\u00bb \u00e0 l&rsquo;AC Lanester 56 depuis ses d\u00e9buts chez les cadets jusqu&rsquo;\u00e0 l&rsquo;an pass\u00e9, remportant au passage le titre de champion de France Juniors 2009.<\/p>\n<p style=\"text-align: justify;\">Apr\u00e8s une saison au sein de l&rsquo;une des meilleures \u00e9quipes DN1 (le CC Etupes) o\u00f9 il s&rsquo;est affirm\u00e9 comme le meilleur amateur Fran\u00e7ais, le jeune Warren Barguil portera l&rsquo;an prochain les couleurs de l&rsquo;\u00e9quipe professionnelle n\u00e9erlandaise Argos-Shimano et a choisi de prendre sa licence dans le club de ses d\u00e9buts !<\/p>\n<div id=\"attachment_13417\" style=\"width: 210px\" class=\"wp-caption alignright\"><a href=\"http:\/\/www.aclanester56.com\/velo\/wp-content\/uploads\/2012\/11\/gpw2012002_warren_barguil_600.jpg\"><img loading=\"lazy\" decoding=\"async\" aria-describedby=\"caption-attachment-13417\" class=\"size-full wp-image-13417\" title=\"En 2013, Warren d\u00e9fendra les couleurs de l'\u00e9quipe Argos-Shimano (photo CyclingNews)\" alt=\"\" src=\"http:\/\/www.aclanester56.com\/velo\/wp-content\/uploads\/2012\/11\/gpw2012002_warren_barguil_600.jpg\" width=\"200\" height=\"300\" srcset=\"https:\/\/www.aclanester56.com\/velo\/wp-content\/uploads\/2012\/11\/gpw2012002_warren_barguil_600.jpg 400w, https:\/\/www.aclanester56.com\/velo\/wp-content\/uploads\/2012\/11\/gpw2012002_warren_barguil_600-200x300.jpg 200w\" sizes=\"auto, (max-width: 200px) 100vw, 200px\" \/><\/a><p id=\"caption-attachment-13417\" class=\"wp-caption-text\">En 2013, Warren d\u00e9fendra les couleurs de l&rsquo;\u00e9quipe Argos-Shimano (photo CyclingNews)<\/p><\/div>\n<p> \u00a0<\/p>\n<p>&nbsp;<\/p>\n<p style=\"text-align: justify;\">Le sympathique Warren signera sa licence \u00e0 l&rsquo;AC Lanester 56 la semaine prochaine. Certains se posent la question : \u00ab\u00a0Mais alors, sera-t-il \u00a0\u00e0 l&rsquo;AC Lanester 56 ou chez Argos-Shimano ?\u00a0\u00bb Il faut savoir que tout coureur\u00a0Elite professionnel ayant un contrat avec une \u00e9quipe professionnelle doit \u00eatre titulaire d&rsquo;une licence d\u00e9livr\u00e9e au sein d&rsquo;un club affili\u00e9 \u00e0 la F\u00e9d\u00e9ration Fran\u00e7aise de Cyclisme.<\/p>\n<p style=\"text-align: justify;\">En 2013, Warren sera donc licenci\u00e9 \u00e0 l&rsquo;AC Lanester 56, mais d\u00e9fendra les couleurs de l&rsquo;\u00e9quipe professionnelle Argos-Shimano, avec laquelle il est li\u00e9 par un contrat d&rsquo;une dur\u00e9e de trois ans !<\/p>\n<p>&nbsp;<\/p>\n","protected":false},"excerpt":{"rendered":"","protected":false},"author":14,"featured_media":13401,"comment_status":"open","ping_status":"closed","sticky":false,"template":"","format":"standard","meta":{"ngg_post_thumbnail":0,"footnotes":""},"categories":[5],"tags":[],"class_list":["post-13398","post","type-post","status-publish","format-standard","has-post-thumbnail","hentry","category-ac-lanester-56"],"yoast_head":"<!-- This site is optimized with the Yoast SEO plugin v27.5 - https:\/\/yoast.com\/product\/yoast-seo-wordpress\/ -->\n<title>Warren Barguil de retour \u00e0 l&#039;AC Lanester 56 ! - Avenir Cycliste Lanester 56<\/title>\n<meta name=\"robots\" content=\"index, follow, max-snippet:-1, max-image-preview:large, max-video-preview:-1\" \/>\n<link rel=\"canonical\" href=\"https:\/\/www.aclanester56.com\/velo\/warren-barguil-de-retour-a-lac-lanester-56-2\/\" \/>\n<meta property=\"og:locale\" content=\"fr_FR\" \/>\n<meta property=\"og:type\" content=\"article\" \/>\n<meta property=\"og:title\" content=\"Warren Barguil de retour \u00e0 l&#039;AC Lanester 56 ! - Avenir Cycliste Lanester 56\" \/>\n<meta property=\"og:url\" content=\"https:\/\/www.aclanester56.com\/velo\/warren-barguil-de-retour-a-lac-lanester-56-2\/\" \/>\n<meta property=\"og:site_name\" content=\"Avenir Cycliste Lanester 56\" \/>\n<meta property=\"article:publisher\" content=\"https:\/\/www.facebook.com\/pages\/AC-Lanester-56\/190286300991242?fref=ts\" \/>\n<meta property=\"article:published_time\" content=\"2012-11-29T23:07:24+00:00\" \/>\n<meta property=\"article:modified_time\" content=\"2013-12-21T22:26:03+00:00\" \/>\n<meta property=\"og:image\" content=\"https:\/\/www.aclanester56.com\/velo\/wp-content\/uploads\/2012\/11\/Warren-Barguil-8-Copie.jpg\" \/>\n\t<meta property=\"og:image:width\" content=\"650\" \/>\n\t<meta property=\"og:image:height\" content=\"300\" \/>\n\t<meta property=\"og:image:type\" content=\"image\/jpeg\" \/>\n<meta name=\"author\" content=\"Jean-Christophe\" \/>\n<meta name=\"twitter:label1\" content=\"\u00c9crit par\" \/>\n\t<meta name=\"twitter:data1\" content=\"Jean-Christophe\" \/>\n\t<meta name=\"twitter:label2\" content=\"Dur\u00e9e de lecture estim\u00e9e\" \/>\n\t<meta name=\"twitter:data2\" content=\"1 minute\" \/>\n<script type=\"application\/ld+json\" class=\"yoast-schema-graph\">{\"@context\":\"https:\\\/\\\/schema.org\",\"@graph\":[{\"@type\":\"Article\",\"@id\":\"https:\\\/\\\/www.aclanester56.com\\\/velo\\\/warren-barguil-de-retour-a-lac-lanester-56-2\\\/#article\",\"isPartOf\":{\"@id\":\"https:\\\/\\\/www.aclanester56.com\\\/velo\\\/warren-barguil-de-retour-a-lac-lanester-56-2\\\/\"},\"author\":{\"name\":\"Jean-Christophe\",\"@id\":\"https:\\\/\\\/www.aclanester56.com\\\/velo\\\/#\\\/schema\\\/person\\\/ca2a44a5fd969e9dd846c72d3b33bc01\"},\"headline\":\"Warren Barguil de retour \u00e0 l&rsquo;AC Lanester 56 !\",\"datePublished\":\"2012-11-29T23:07:24+00:00\",\"dateModified\":\"2013-12-21T22:26:03+00:00\",\"mainEntityOfPage\":{\"@id\":\"https:\\\/\\\/www.aclanester56.com\\\/velo\\\/warren-barguil-de-retour-a-lac-lanester-56-2\\\/\"},\"wordCount\":219,\"commentCount\":0,\"publisher\":{\"@id\":\"https:\\\/\\\/www.aclanester56.com\\\/velo\\\/#organization\"},\"image\":{\"@id\":\"https:\\\/\\\/www.aclanester56.com\\\/velo\\\/warren-barguil-de-retour-a-lac-lanester-56-2\\\/#primaryimage\"},\"thumbnailUrl\":\"https:\\\/\\\/www.aclanester56.com\\\/velo\\\/wp-content\\\/uploads\\\/2012\\\/11\\\/Warren-Barguil-8-Copie.jpg\",\"articleSection\":[\"AC LANESTER 56\"],\"inLanguage\":\"fr-FR\",\"potentialAction\":[{\"@type\":\"CommentAction\",\"name\":\"Comment\",\"target\":[\"https:\\\/\\\/www.aclanester56.com\\\/velo\\\/warren-barguil-de-retour-a-lac-lanester-56-2\\\/#respond\"]}]},{\"@type\":\"WebPage\",\"@id\":\"https:\\\/\\\/www.aclanester56.com\\\/velo\\\/warren-barguil-de-retour-a-lac-lanester-56-2\\\/\",\"url\":\"https:\\\/\\\/www.aclanester56.com\\\/velo\\\/warren-barguil-de-retour-a-lac-lanester-56-2\\\/\",\"name\":\"Warren Barguil de retour \u00e0 l'AC Lanester 56 ! - Avenir Cycliste Lanester 56\",\"isPartOf\":{\"@id\":\"https:\\\/\\\/www.aclanester56.com\\\/velo\\\/#website\"},\"primaryImageOfPage\":{\"@id\":\"https:\\\/\\\/www.aclanester56.com\\\/velo\\\/warren-barguil-de-retour-a-lac-lanester-56-2\\\/#primaryimage\"},\"image\":{\"@id\":\"https:\\\/\\\/www.aclanester56.com\\\/velo\\\/warren-barguil-de-retour-a-lac-lanester-56-2\\\/#primaryimage\"},\"thumbnailUrl\":\"https:\\\/\\\/www.aclanester56.com\\\/velo\\\/wp-content\\\/uploads\\\/2012\\\/11\\\/Warren-Barguil-8-Copie.jpg\",\"datePublished\":\"2012-11-29T23:07:24+00:00\",\"dateModified\":\"2013-12-21T22:26:03+00:00\",\"inLanguage\":\"fr-FR\",\"potentialAction\":[{\"@type\":\"ReadAction\",\"target\":[\"https:\\\/\\\/www.aclanester56.com\\\/velo\\\/warren-barguil-de-retour-a-lac-lanester-56-2\\\/\"]}]},{\"@type\":\"ImageObject\",\"inLanguage\":\"fr-FR\",\"@id\":\"https:\\\/\\\/www.aclanester56.com\\\/velo\\\/warren-barguil-de-retour-a-lac-lanester-56-2\\\/#primaryimage\",\"url\":\"https:\\\/\\\/www.aclanester56.com\\\/velo\\\/wp-content\\\/uploads\\\/2012\\\/11\\\/Warren-Barguil-8-Copie.jpg\",\"contentUrl\":\"https:\\\/\\\/www.aclanester56.com\\\/velo\\\/wp-content\\\/uploads\\\/2012\\\/11\\\/Warren-Barguil-8-Copie.jpg\",\"width\":650,\"height\":300},{\"@type\":\"WebSite\",\"@id\":\"https:\\\/\\\/www.aclanester56.com\\\/velo\\\/#website\",\"url\":\"https:\\\/\\\/www.aclanester56.com\\\/velo\\\/\",\"name\":\"Avenir Cycliste Lanester 56\",\"description\":\"Club cycliste de l&#039;AC LANESTER 56\",\"publisher\":{\"@id\":\"https:\\\/\\\/www.aclanester56.com\\\/velo\\\/#organization\"},\"potentialAction\":[{\"@type\":\"SearchAction\",\"target\":{\"@type\":\"EntryPoint\",\"urlTemplate\":\"https:\\\/\\\/www.aclanester56.com\\\/velo\\\/?s={search_term_string}\"},\"query-input\":{\"@type\":\"PropertyValueSpecification\",\"valueRequired\":true,\"valueName\":\"search_term_string\"}}],\"inLanguage\":\"fr-FR\"},{\"@type\":\"Organization\",\"@id\":\"https:\\\/\\\/www.aclanester56.com\\\/velo\\\/#organization\",\"name\":\"Avenir Cycliste Lanester 56\",\"url\":\"https:\\\/\\\/www.aclanester56.com\\\/velo\\\/\",\"logo\":{\"@type\":\"ImageObject\",\"inLanguage\":\"fr-FR\",\"@id\":\"https:\\\/\\\/www.aclanester56.com\\\/velo\\\/#\\\/schema\\\/logo\\\/image\\\/\",\"url\":\"https:\\\/\\\/www.aclanester56.com\\\/velo\\\/wp-content\\\/uploads\\\/2013\\\/04\\\/logo-ACL.jpg\",\"contentUrl\":\"https:\\\/\\\/www.aclanester56.com\\\/velo\\\/wp-content\\\/uploads\\\/2013\\\/04\\\/logo-ACL.jpg\",\"width\":400,\"height\":334,\"caption\":\"Avenir Cycliste Lanester 56\"},\"image\":{\"@id\":\"https:\\\/\\\/www.aclanester56.com\\\/velo\\\/#\\\/schema\\\/logo\\\/image\\\/\"},\"sameAs\":[\"https:\\\/\\\/www.facebook.com\\\/pages\\\/AC-Lanester-56\\\/190286300991242?fref=ts\"]},{\"@type\":\"Person\",\"@id\":\"https:\\\/\\\/www.aclanester56.com\\\/velo\\\/#\\\/schema\\\/person\\\/ca2a44a5fd969e9dd846c72d3b33bc01\",\"name\":\"Jean-Christophe\",\"url\":\"https:\\\/\\\/www.aclanester56.com\\\/velo\\\/author\\\/jeanchristophe\\\/\"}]}<\/script>\n<!-- \/ Yoast SEO plugin. -->","yoast_head_json":{"title":"Warren Barguil de retour \u00e0 l'AC Lanester 56 ! - Avenir Cycliste Lanester 56","robots":{"index":"index","follow":"follow","max-snippet":"max-snippet:-1","max-image-preview":"max-image-preview:large","max-video-preview":"max-video-preview:-1"},"canonical":"https:\/\/www.aclanester56.com\/velo\/warren-barguil-de-retour-a-lac-lanester-56-2\/","og_locale":"fr_FR","og_type":"article","og_title":"Warren Barguil de retour \u00e0 l'AC Lanester 56 ! - Avenir Cycliste Lanester 56","og_url":"https:\/\/www.aclanester56.com\/velo\/warren-barguil-de-retour-a-lac-lanester-56-2\/","og_site_name":"Avenir Cycliste Lanester 56","article_publisher":"https:\/\/www.facebook.com\/pages\/AC-Lanester-56\/190286300991242?fref=ts","article_published_time":"2012-11-29T23:07:24+00:00","article_modified_time":"2013-12-21T22:26:03+00:00","og_image":[{"width":650,"height":300,"url":"https:\/\/www.aclanester56.com\/velo\/wp-content\/uploads\/2012\/11\/Warren-Barguil-8-Copie.jpg","type":"image\/jpeg"}],"author":"Jean-Christophe","twitter_misc":{"\u00c9crit par":"Jean-Christophe","Dur\u00e9e de lecture estim\u00e9e":"1 minute"},"schema":{"@context":"https:\/\/schema.org","@graph":[{"@type":"Article","@id":"https:\/\/www.aclanester56.com\/velo\/warren-barguil-de-retour-a-lac-lanester-56-2\/#article","isPartOf":{"@id":"https:\/\/www.aclanester56.com\/velo\/warren-barguil-de-retour-a-lac-lanester-56-2\/"},"author":{"name":"Jean-Christophe","@id":"https:\/\/www.aclanester56.com\/velo\/#\/schema\/person\/ca2a44a5fd969e9dd846c72d3b33bc01"},"headline":"Warren Barguil de retour \u00e0 l&rsquo;AC Lanester 56 !","datePublished":"2012-11-29T23:07:24+00:00","dateModified":"2013-12-21T22:26:03+00:00","mainEntityOfPage":{"@id":"https:\/\/www.aclanester56.com\/velo\/warren-barguil-de-retour-a-lac-lanester-56-2\/"},"wordCount":219,"commentCount":0,"publisher":{"@id":"https:\/\/www.aclanester56.com\/velo\/#organization"},"image":{"@id":"https:\/\/www.aclanester56.com\/velo\/warren-barguil-de-retour-a-lac-lanester-56-2\/#primaryimage"},"thumbnailUrl":"https:\/\/www.aclanester56.com\/velo\/wp-content\/uploads\/2012\/11\/Warren-Barguil-8-Copie.jpg","articleSection":["AC LANESTER 56"],"inLanguage":"fr-FR","potentialAction":[{"@type":"CommentAction","name":"Comment","target":["https:\/\/www.aclanester56.com\/velo\/warren-barguil-de-retour-a-lac-lanester-56-2\/#respond"]}]},{"@type":"WebPage","@id":"https:\/\/www.aclanester56.com\/velo\/warren-barguil-de-retour-a-lac-lanester-56-2\/","url":"https:\/\/www.aclanester56.com\/velo\/warren-barguil-de-retour-a-lac-lanester-56-2\/","name":"Warren Barguil de retour \u00e0 l'AC Lanester 56 ! - Avenir Cycliste Lanester 56","isPartOf":{"@id":"https:\/\/www.aclanester56.com\/velo\/#website"},"primaryImageOfPage":{"@id":"https:\/\/www.aclanester56.com\/velo\/warren-barguil-de-retour-a-lac-lanester-56-2\/#primaryimage"},"image":{"@id":"https:\/\/www.aclanester56.com\/velo\/warren-barguil-de-retour-a-lac-lanester-56-2\/#primaryimage"},"thumbnailUrl":"https:\/\/www.aclanester56.com\/velo\/wp-content\/uploads\/2012\/11\/Warren-Barguil-8-Copie.jpg","datePublished":"2012-11-29T23:07:24+00:00","dateModified":"2013-12-21T22:26:03+00:00","inLanguage":"fr-FR","potentialAction":[{"@type":"ReadAction","target":["https:\/\/www.aclanester56.com\/velo\/warren-barguil-de-retour-a-lac-lanester-56-2\/"]}]},{"@type":"ImageObject","inLanguage":"fr-FR","@id":"https:\/\/www.aclanester56.com\/velo\/warren-barguil-de-retour-a-lac-lanester-56-2\/#primaryimage","url":"https:\/\/www.aclanester56.com\/velo\/wp-content\/uploads\/2012\/11\/Warren-Barguil-8-Copie.jpg","contentUrl":"https:\/\/www.aclanester56.com\/velo\/wp-content\/uploads\/2012\/11\/Warren-Barguil-8-Copie.jpg","width":650,"height":300},{"@type":"WebSite","@id":"https:\/\/www.aclanester56.com\/velo\/#website","url":"https:\/\/www.aclanester56.com\/velo\/","name":"Avenir Cycliste Lanester 56","description":"Club cycliste de l&#039;AC LANESTER 56","publisher":{"@id":"https:\/\/www.aclanester56.com\/velo\/#organization"},"potentialAction":[{"@type":"SearchAction","target":{"@type":"EntryPoint","urlTemplate":"https:\/\/www.aclanester56.com\/velo\/?s={search_term_string}"},"query-input":{"@type":"PropertyValueSpecification","valueRequired":true,"valueName":"search_term_string"}}],"inLanguage":"fr-FR"},{"@type":"Organization","@id":"https:\/\/www.aclanester56.com\/velo\/#organization","name":"Avenir Cycliste Lanester 56","url":"https:\/\/www.aclanester56.com\/velo\/","logo":{"@type":"ImageObject","inLanguage":"fr-FR","@id":"https:\/\/www.aclanester56.com\/velo\/#\/schema\/logo\/image\/","url":"https:\/\/www.aclanester56.com\/velo\/wp-content\/uploads\/2013\/04\/logo-ACL.jpg","contentUrl":"https:\/\/www.aclanester56.com\/velo\/wp-content\/uploads\/2013\/04\/logo-ACL.jpg","width":400,"height":334,"caption":"Avenir Cycliste Lanester 56"},"image":{"@id":"https:\/\/www.aclanester56.com\/velo\/#\/schema\/logo\/image\/"},"sameAs":["https:\/\/www.facebook.com\/pages\/AC-Lanester-56\/190286300991242?fref=ts"]},{"@type":"Person","@id":"https:\/\/www.aclanester56.com\/velo\/#\/schema\/person\/ca2a44a5fd969e9dd846c72d3b33bc01","name":"Jean-Christophe","url":"https:\/\/www.aclanester56.com\/velo\/author\/jeanchristophe\/"}]}},"_links":{"self":[{"href":"https:\/\/www.aclanester56.com\/velo\/wp-json\/wp\/v2\/posts\/13398","targetHints":{"allow":["GET"]}}],"collection":[{"href":"https:\/\/www.aclanester56.com\/velo\/wp-json\/wp\/v2\/posts"}],"about":[{"href":"https:\/\/www.aclanester56.com\/velo\/wp-json\/wp\/v2\/types\/post"}],"author":[{"embeddable":true,"href":"https:\/\/www.aclanester56.com\/velo\/wp-json\/wp\/v2\/users\/14"}],"replies":[{"embeddable":true,"href":"https:\/\/www.aclanester56.com\/velo\/wp-json\/wp\/v2\/comments?post=13398"}],"version-history":[{"count":0,"href":"https:\/\/www.aclanester56.com\/velo\/wp-json\/wp\/v2\/posts\/13398\/revisions"}],"wp:featuredmedia":[{"embeddable":true,"href":"https:\/\/www.aclanester56.com\/velo\/wp-json\/wp\/v2\/media\/13401"}],"wp:attachment":[{"href":"https:\/\/www.aclanester56.com\/velo\/wp-json\/wp\/v2\/media?parent=13398"}],"wp:term":[{"taxonomy":"category","embeddable":true,"href":"https:\/\/www.aclanester56.com\/velo\/wp-json\/wp\/v2\/categories?post=13398"},{"taxonomy":"post_tag","embeddable":true,"href":"https:\/\/www.aclanester56.com\/velo\/wp-json\/wp\/v2\/tags?post=13398"}],"curies":[{"name":"wp","href":"https:\/\/api.w.org\/{rel}","templated":true}]}}