{"id":13594,"date":"2012-12-24T16:08:50","date_gmt":"2012-12-24T15:08:50","guid":{"rendered":"http:\/\/www.aclanester56.com\/velo\/?p=13594"},"modified":"2013-12-22T00:23:10","modified_gmt":"2013-12-21T22:23:10","slug":"cyclo-cross-de-plouay-thomas-denis-sur-toute-la-ligne","status":"publish","type":"post","link":"https:\/\/www.aclanester56.com\/velo\/cyclo-cross-de-plouay-thomas-denis-sur-toute-la-ligne\/","title":{"rendered":"Cyclo Cross de Plouay : Thomas Denis sur toute la ligne !"},"content":{"rendered":"<p>\u00a0<!--more--><\/p>\n<p>Ce Dimanche 23 d\u00e9cembre se d\u00e9roulait le cyclo Cross de Plouay ..<\/p>\n<p>\u00a0\u00a0<\/p>\n<div id=\"attachment_13596\" style=\"width: 310px\" class=\"wp-caption alignright\"><a href=\"http:\/\/www.aclanester56.com\/velo\/wp-content\/uploads\/2012\/12\/thomas-denis-4-1024.jpg\"><img loading=\"lazy\" decoding=\"async\" aria-describedby=\"caption-attachment-13596\" class=\"size-medium wp-image-13596\" title=\"thomas-denis cyclo cross de Plouay\" alt=\"thomas-denis cyclo cross de Plouay\" src=\"http:\/\/www.aclanester56.com\/velo\/wp-content\/uploads\/2012\/12\/thomas-denis-4-1024-300x198.jpg\" width=\"300\" height=\"198\" srcset=\"https:\/\/www.aclanester56.com\/velo\/wp-content\/uploads\/2012\/12\/thomas-denis-4-1024-300x198.jpg 300w, https:\/\/www.aclanester56.com\/velo\/wp-content\/uploads\/2012\/12\/thomas-denis-4-1024-800x529.jpg 800w, https:\/\/www.aclanester56.com\/velo\/wp-content\/uploads\/2012\/12\/thomas-denis-4-1024-453x300.jpg 453w, https:\/\/www.aclanester56.com\/velo\/wp-content\/uploads\/2012\/12\/thomas-denis-4-1024.jpg 1024w\" sizes=\"auto, (max-width: 300px) 100vw, 300px\" \/><\/a><p id=\"caption-attachment-13596\" class=\"wp-caption-text\">Photos : Marion Denis<\/p><\/div>\n<p>Thomas Denis \u00e9tait pr\u00e9sent au d\u00e9part sur le circuit<\/p>\n<p>de Man\u00e9houarne \u00e0 Plouay,il termine premier de<\/p>\n<p>l&rsquo;\u00e9preuve remportant ainsi cette course bien relev\u00e9e.<\/p>\n<p>&nbsp;<\/p>\n<p>&nbsp;<\/p>\n<p>&nbsp;<\/p>\n<p>&nbsp;<\/p>\n<p>&nbsp;<\/p>\n<p><span style=\"text-decoration: underline;\"><strong>Le classement de l&rsquo;\u00e9preuve :\u00a0<\/strong><\/span><\/p>\n<p><em>Cadets<\/em><\/p>\n<p>1 <span style=\"color: #ff6600;\"><strong>DENIS Thomas A.C.Lanester<\/strong><\/span><\/p>\n<p>2 LE DU Gwendal U.C.P Plouay<\/p>\n<p>3 CHOUPAUX Ronan C.C.Uzelais<\/p>\n<p>&nbsp;<\/p>\n<p><span style=\"text-decoration: underline;\"><strong>Le classement apr\u00e8s la 4\u00e8me manche du CG56\u00a0 :<\/strong><\/span><\/p>\n<div id=\"attachment_13602\" style=\"width: 310px\" class=\"wp-caption alignright\"><a href=\"http:\/\/www.aclanester56.com\/velo\/wp-content\/uploads\/2012\/12\/thomas-denis-2-1024.jpg\"><img loading=\"lazy\" decoding=\"async\" aria-describedby=\"caption-attachment-13602\" class=\"size-medium wp-image-13602\" title=\"thomas-denis cyclo cross de Plouay\" alt=\"thomas-denis cyclo cross de Plouay\" src=\"http:\/\/www.aclanester56.com\/velo\/wp-content\/uploads\/2012\/12\/thomas-denis-2-1024-300x198.jpg\" width=\"300\" height=\"198\" srcset=\"https:\/\/www.aclanester56.com\/velo\/wp-content\/uploads\/2012\/12\/thomas-denis-2-1024-300x198.jpg 300w, https:\/\/www.aclanester56.com\/velo\/wp-content\/uploads\/2012\/12\/thomas-denis-2-1024-800x529.jpg 800w, https:\/\/www.aclanester56.com\/velo\/wp-content\/uploads\/2012\/12\/thomas-denis-2-1024-453x300.jpg 453w, https:\/\/www.aclanester56.com\/velo\/wp-content\/uploads\/2012\/12\/thomas-denis-2-1024.jpg 1024w\" sizes=\"auto, (max-width: 300px) 100vw, 300px\" \/><\/a><p id=\"caption-attachment-13602\" class=\"wp-caption-text\">Photos : Marion Denis<\/p><\/div>\n<p><em>Cadets<\/em><\/p>\n<p>Place Doss NOM et PRENOM ASSOCIATION CAT.<\/p>\n<p>1 1<span style=\"color: #ff6600;\"><strong> DENIS Thomas A.C.Lanester Cadet<\/strong><\/span><\/p>\n<p>2 4 LE DU Gwendal U.C.P Plouay Cadet<\/p>\n<p>3 12 CHOUPAUX Ronan C.C.Uzelais Cadet<\/p>\n<p>4 15 PROD&rsquo;HOMME FloriCan.C . M oncontour Cadet<\/p>\n<p>5 11 ROUZAU Thibault U.C.P Plouay Cadet<\/p>\n<p>6 2 ETESSE Alan U.C.P Plouay Cadet<\/p>\n<p>7 3 LE DU Alan U.C.P Plouay Cadet<\/p>\n<p>8 14 LE METAYER J-R\u00e9myA . C.P Baud Cadet<\/p>\n<p>9 5 HELIN Thomas U.C. P Plouay Cadet<\/p>\n<p>10 9 CHENAIS Corentin U.C.Inguiniel Cadet<\/p>\n","protected":false},"excerpt":{"rendered":"<p>\u00a0<\/p>\n","protected":false},"author":2,"featured_media":13608,"comment_status":"open","ping_status":"closed","sticky":false,"template":"","format":"standard","meta":{"ngg_post_thumbnail":0,"footnotes":""},"categories":[5,16,22,28],"tags":[],"class_list":["post-13594","post","type-post","status-publish","format-standard","has-post-thumbnail","hentry","category-ac-lanester-56","category-resultats","category-resultats-cadets","category-resultats-cyclo-cross"],"yoast_head":"<!-- This site is optimized with the Yoast SEO plugin v27.5 - https:\/\/yoast.com\/product\/yoast-seo-wordpress\/ -->\n<title>Cyclo Cross de Plouay : Thomas Denis sur toute la ligne ! - Avenir Cycliste Lanester 56<\/title>\n<meta name=\"robots\" content=\"index, follow, max-snippet:-1, max-image-preview:large, max-video-preview:-1\" \/>\n<link rel=\"canonical\" href=\"https:\/\/www.aclanester56.com\/velo\/cyclo-cross-de-plouay-thomas-denis-sur-toute-la-ligne\/\" \/>\n<meta property=\"og:locale\" content=\"fr_FR\" \/>\n<meta property=\"og:type\" content=\"article\" \/>\n<meta property=\"og:title\" content=\"Cyclo Cross de Plouay : Thomas Denis sur toute la ligne ! - Avenir Cycliste Lanester 56\" \/>\n<meta property=\"og:description\" content=\"\u00a0\" \/>\n<meta property=\"og:url\" content=\"https:\/\/www.aclanester56.com\/velo\/cyclo-cross-de-plouay-thomas-denis-sur-toute-la-ligne\/\" \/>\n<meta property=\"og:site_name\" content=\"Avenir Cycliste Lanester 56\" \/>\n<meta property=\"article:publisher\" content=\"https:\/\/www.facebook.com\/pages\/AC-Lanester-56\/190286300991242?fref=ts\" \/>\n<meta property=\"article:published_time\" content=\"2012-12-24T15:08:50+00:00\" \/>\n<meta property=\"article:modified_time\" content=\"2013-12-21T22:23:10+00:00\" \/>\n<meta property=\"og:image\" content=\"https:\/\/www.aclanester56.com\/velo\/wp-content\/uploads\/2012\/12\/thomas-denis-31.jpg\" \/>\n\t<meta property=\"og:image:width\" content=\"2048\" \/>\n\t<meta property=\"og:image:height\" content=\"1357\" \/>\n\t<meta property=\"og:image:type\" content=\"image\/jpeg\" \/>\n<meta name=\"author\" content=\"stephane\" \/>\n<meta name=\"twitter:label1\" content=\"\u00c9crit par\" \/>\n\t<meta name=\"twitter:data1\" content=\"stephane\" \/>\n\t<meta name=\"twitter:label2\" content=\"Dur\u00e9e de lecture estim\u00e9e\" \/>\n\t<meta name=\"twitter:data2\" content=\"1 minute\" \/>\n<script type=\"application\/ld+json\" class=\"yoast-schema-graph\">{\"@context\":\"https:\\\/\\\/schema.org\",\"@graph\":[{\"@type\":\"Article\",\"@id\":\"https:\\\/\\\/www.aclanester56.com\\\/velo\\\/cyclo-cross-de-plouay-thomas-denis-sur-toute-la-ligne\\\/#article\",\"isPartOf\":{\"@id\":\"https:\\\/\\\/www.aclanester56.com\\\/velo\\\/cyclo-cross-de-plouay-thomas-denis-sur-toute-la-ligne\\\/\"},\"author\":{\"name\":\"stephane\",\"@id\":\"https:\\\/\\\/www.aclanester56.com\\\/velo\\\/#\\\/schema\\\/person\\\/c844661e64a578ca46639cb0ae764de6\"},\"headline\":\"Cyclo Cross de Plouay : Thomas Denis sur toute la ligne !\",\"datePublished\":\"2012-12-24T15:08:50+00:00\",\"dateModified\":\"2013-12-21T22:23:10+00:00\",\"mainEntityOfPage\":{\"@id\":\"https:\\\/\\\/www.aclanester56.com\\\/velo\\\/cyclo-cross-de-plouay-thomas-denis-sur-toute-la-ligne\\\/\"},\"wordCount\":185,\"commentCount\":0,\"publisher\":{\"@id\":\"https:\\\/\\\/www.aclanester56.com\\\/velo\\\/#organization\"},\"image\":{\"@id\":\"https:\\\/\\\/www.aclanester56.com\\\/velo\\\/cyclo-cross-de-plouay-thomas-denis-sur-toute-la-ligne\\\/#primaryimage\"},\"thumbnailUrl\":\"https:\\\/\\\/www.aclanester56.com\\\/velo\\\/wp-content\\\/uploads\\\/2012\\\/12\\\/thomas-denis-31.jpg\",\"articleSection\":[\"AC LANESTER 56\",\"R\u00e9sultats\",\"R\u00e9sultats Cadets\",\"R\u00e9sultats Cyclo-Cross\"],\"inLanguage\":\"fr-FR\",\"potentialAction\":[{\"@type\":\"CommentAction\",\"name\":\"Comment\",\"target\":[\"https:\\\/\\\/www.aclanester56.com\\\/velo\\\/cyclo-cross-de-plouay-thomas-denis-sur-toute-la-ligne\\\/#respond\"]}]},{\"@type\":\"WebPage\",\"@id\":\"https:\\\/\\\/www.aclanester56.com\\\/velo\\\/cyclo-cross-de-plouay-thomas-denis-sur-toute-la-ligne\\\/\",\"url\":\"https:\\\/\\\/www.aclanester56.com\\\/velo\\\/cyclo-cross-de-plouay-thomas-denis-sur-toute-la-ligne\\\/\",\"name\":\"Cyclo Cross de Plouay : Thomas Denis sur toute la ligne ! - Avenir Cycliste Lanester 56\",\"isPartOf\":{\"@id\":\"https:\\\/\\\/www.aclanester56.com\\\/velo\\\/#website\"},\"primaryImageOfPage\":{\"@id\":\"https:\\\/\\\/www.aclanester56.com\\\/velo\\\/cyclo-cross-de-plouay-thomas-denis-sur-toute-la-ligne\\\/#primaryimage\"},\"image\":{\"@id\":\"https:\\\/\\\/www.aclanester56.com\\\/velo\\\/cyclo-cross-de-plouay-thomas-denis-sur-toute-la-ligne\\\/#primaryimage\"},\"thumbnailUrl\":\"https:\\\/\\\/www.aclanester56.com\\\/velo\\\/wp-content\\\/uploads\\\/2012\\\/12\\\/thomas-denis-31.jpg\",\"datePublished\":\"2012-12-24T15:08:50+00:00\",\"dateModified\":\"2013-12-21T22:23:10+00:00\",\"inLanguage\":\"fr-FR\",\"potentialAction\":[{\"@type\":\"ReadAction\",\"target\":[\"https:\\\/\\\/www.aclanester56.com\\\/velo\\\/cyclo-cross-de-plouay-thomas-denis-sur-toute-la-ligne\\\/\"]}]},{\"@type\":\"ImageObject\",\"inLanguage\":\"fr-FR\",\"@id\":\"https:\\\/\\\/www.aclanester56.com\\\/velo\\\/cyclo-cross-de-plouay-thomas-denis-sur-toute-la-ligne\\\/#primaryimage\",\"url\":\"https:\\\/\\\/www.aclanester56.com\\\/velo\\\/wp-content\\\/uploads\\\/2012\\\/12\\\/thomas-denis-31.jpg\",\"contentUrl\":\"https:\\\/\\\/www.aclanester56.com\\\/velo\\\/wp-content\\\/uploads\\\/2012\\\/12\\\/thomas-denis-31.jpg\",\"width\":2048,\"height\":1357,\"caption\":\"thomas-denis cyclo cross de Plouay\"},{\"@type\":\"WebSite\",\"@id\":\"https:\\\/\\\/www.aclanester56.com\\\/velo\\\/#website\",\"url\":\"https:\\\/\\\/www.aclanester56.com\\\/velo\\\/\",\"name\":\"Avenir Cycliste Lanester 56\",\"description\":\"Club cycliste de l&#039;AC LANESTER 56\",\"publisher\":{\"@id\":\"https:\\\/\\\/www.aclanester56.com\\\/velo\\\/#organization\"},\"potentialAction\":[{\"@type\":\"SearchAction\",\"target\":{\"@type\":\"EntryPoint\",\"urlTemplate\":\"https:\\\/\\\/www.aclanester56.com\\\/velo\\\/?s={search_term_string}\"},\"query-input\":{\"@type\":\"PropertyValueSpecification\",\"valueRequired\":true,\"valueName\":\"search_term_string\"}}],\"inLanguage\":\"fr-FR\"},{\"@type\":\"Organization\",\"@id\":\"https:\\\/\\\/www.aclanester56.com\\\/velo\\\/#organization\",\"name\":\"Avenir Cycliste Lanester 56\",\"url\":\"https:\\\/\\\/www.aclanester56.com\\\/velo\\\/\",\"logo\":{\"@type\":\"ImageObject\",\"inLanguage\":\"fr-FR\",\"@id\":\"https:\\\/\\\/www.aclanester56.com\\\/velo\\\/#\\\/schema\\\/logo\\\/image\\\/\",\"url\":\"https:\\\/\\\/www.aclanester56.com\\\/velo\\\/wp-content\\\/uploads\\\/2013\\\/04\\\/logo-ACL.jpg\",\"contentUrl\":\"https:\\\/\\\/www.aclanester56.com\\\/velo\\\/wp-content\\\/uploads\\\/2013\\\/04\\\/logo-ACL.jpg\",\"width\":400,\"height\":334,\"caption\":\"Avenir Cycliste Lanester 56\"},\"image\":{\"@id\":\"https:\\\/\\\/www.aclanester56.com\\\/velo\\\/#\\\/schema\\\/logo\\\/image\\\/\"},\"sameAs\":[\"https:\\\/\\\/www.facebook.com\\\/pages\\\/AC-Lanester-56\\\/190286300991242?fref=ts\"]},{\"@type\":\"Person\",\"@id\":\"https:\\\/\\\/www.aclanester56.com\\\/velo\\\/#\\\/schema\\\/person\\\/c844661e64a578ca46639cb0ae764de6\",\"name\":\"stephane\",\"url\":\"https:\\\/\\\/www.aclanester56.com\\\/velo\\\/author\\\/stephane\\\/\"}]}<\/script>\n<!-- \/ Yoast SEO plugin. -->","yoast_head_json":{"title":"Cyclo Cross de Plouay : Thomas Denis sur toute la ligne ! - Avenir Cycliste Lanester 56","robots":{"index":"index","follow":"follow","max-snippet":"max-snippet:-1","max-image-preview":"max-image-preview:large","max-video-preview":"max-video-preview:-1"},"canonical":"https:\/\/www.aclanester56.com\/velo\/cyclo-cross-de-plouay-thomas-denis-sur-toute-la-ligne\/","og_locale":"fr_FR","og_type":"article","og_title":"Cyclo Cross de Plouay : Thomas Denis sur toute la ligne ! - Avenir Cycliste Lanester 56","og_description":"\u00a0","og_url":"https:\/\/www.aclanester56.com\/velo\/cyclo-cross-de-plouay-thomas-denis-sur-toute-la-ligne\/","og_site_name":"Avenir Cycliste Lanester 56","article_publisher":"https:\/\/www.facebook.com\/pages\/AC-Lanester-56\/190286300991242?fref=ts","article_published_time":"2012-12-24T15:08:50+00:00","article_modified_time":"2013-12-21T22:23:10+00:00","og_image":[{"width":2048,"height":1357,"url":"https:\/\/www.aclanester56.com\/velo\/wp-content\/uploads\/2012\/12\/thomas-denis-31.jpg","type":"image\/jpeg"}],"author":"stephane","twitter_misc":{"\u00c9crit par":"stephane","Dur\u00e9e de lecture estim\u00e9e":"1 minute"},"schema":{"@context":"https:\/\/schema.org","@graph":[{"@type":"Article","@id":"https:\/\/www.aclanester56.com\/velo\/cyclo-cross-de-plouay-thomas-denis-sur-toute-la-ligne\/#article","isPartOf":{"@id":"https:\/\/www.aclanester56.com\/velo\/cyclo-cross-de-plouay-thomas-denis-sur-toute-la-ligne\/"},"author":{"name":"stephane","@id":"https:\/\/www.aclanester56.com\/velo\/#\/schema\/person\/c844661e64a578ca46639cb0ae764de6"},"headline":"Cyclo Cross de Plouay : Thomas Denis sur toute la ligne !","datePublished":"2012-12-24T15:08:50+00:00","dateModified":"2013-12-21T22:23:10+00:00","mainEntityOfPage":{"@id":"https:\/\/www.aclanester56.com\/velo\/cyclo-cross-de-plouay-thomas-denis-sur-toute-la-ligne\/"},"wordCount":185,"commentCount":0,"publisher":{"@id":"https:\/\/www.aclanester56.com\/velo\/#organization"},"image":{"@id":"https:\/\/www.aclanester56.com\/velo\/cyclo-cross-de-plouay-thomas-denis-sur-toute-la-ligne\/#primaryimage"},"thumbnailUrl":"https:\/\/www.aclanester56.com\/velo\/wp-content\/uploads\/2012\/12\/thomas-denis-31.jpg","articleSection":["AC LANESTER 56","R\u00e9sultats","R\u00e9sultats Cadets","R\u00e9sultats Cyclo-Cross"],"inLanguage":"fr-FR","potentialAction":[{"@type":"CommentAction","name":"Comment","target":["https:\/\/www.aclanester56.com\/velo\/cyclo-cross-de-plouay-thomas-denis-sur-toute-la-ligne\/#respond"]}]},{"@type":"WebPage","@id":"https:\/\/www.aclanester56.com\/velo\/cyclo-cross-de-plouay-thomas-denis-sur-toute-la-ligne\/","url":"https:\/\/www.aclanester56.com\/velo\/cyclo-cross-de-plouay-thomas-denis-sur-toute-la-ligne\/","name":"Cyclo Cross de Plouay : Thomas Denis sur toute la ligne ! - Avenir Cycliste Lanester 56","isPartOf":{"@id":"https:\/\/www.aclanester56.com\/velo\/#website"},"primaryImageOfPage":{"@id":"https:\/\/www.aclanester56.com\/velo\/cyclo-cross-de-plouay-thomas-denis-sur-toute-la-ligne\/#primaryimage"},"image":{"@id":"https:\/\/www.aclanester56.com\/velo\/cyclo-cross-de-plouay-thomas-denis-sur-toute-la-ligne\/#primaryimage"},"thumbnailUrl":"https:\/\/www.aclanester56.com\/velo\/wp-content\/uploads\/2012\/12\/thomas-denis-31.jpg","datePublished":"2012-12-24T15:08:50+00:00","dateModified":"2013-12-21T22:23:10+00:00","inLanguage":"fr-FR","potentialAction":[{"@type":"ReadAction","target":["https:\/\/www.aclanester56.com\/velo\/cyclo-cross-de-plouay-thomas-denis-sur-toute-la-ligne\/"]}]},{"@type":"ImageObject","inLanguage":"fr-FR","@id":"https:\/\/www.aclanester56.com\/velo\/cyclo-cross-de-plouay-thomas-denis-sur-toute-la-ligne\/#primaryimage","url":"https:\/\/www.aclanester56.com\/velo\/wp-content\/uploads\/2012\/12\/thomas-denis-31.jpg","contentUrl":"https:\/\/www.aclanester56.com\/velo\/wp-content\/uploads\/2012\/12\/thomas-denis-31.jpg","width":2048,"height":1357,"caption":"thomas-denis cyclo cross de Plouay"},{"@type":"WebSite","@id":"https:\/\/www.aclanester56.com\/velo\/#website","url":"https:\/\/www.aclanester56.com\/velo\/","name":"Avenir Cycliste Lanester 56","description":"Club cycliste de l&#039;AC LANESTER 56","publisher":{"@id":"https:\/\/www.aclanester56.com\/velo\/#organization"},"potentialAction":[{"@type":"SearchAction","target":{"@type":"EntryPoint","urlTemplate":"https:\/\/www.aclanester56.com\/velo\/?s={search_term_string}"},"query-input":{"@type":"PropertyValueSpecification","valueRequired":true,"valueName":"search_term_string"}}],"inLanguage":"fr-FR"},{"@type":"Organization","@id":"https:\/\/www.aclanester56.com\/velo\/#organization","name":"Avenir Cycliste Lanester 56","url":"https:\/\/www.aclanester56.com\/velo\/","logo":{"@type":"ImageObject","inLanguage":"fr-FR","@id":"https:\/\/www.aclanester56.com\/velo\/#\/schema\/logo\/image\/","url":"https:\/\/www.aclanester56.com\/velo\/wp-content\/uploads\/2013\/04\/logo-ACL.jpg","contentUrl":"https:\/\/www.aclanester56.com\/velo\/wp-content\/uploads\/2013\/04\/logo-ACL.jpg","width":400,"height":334,"caption":"Avenir Cycliste Lanester 56"},"image":{"@id":"https:\/\/www.aclanester56.com\/velo\/#\/schema\/logo\/image\/"},"sameAs":["https:\/\/www.facebook.com\/pages\/AC-Lanester-56\/190286300991242?fref=ts"]},{"@type":"Person","@id":"https:\/\/www.aclanester56.com\/velo\/#\/schema\/person\/c844661e64a578ca46639cb0ae764de6","name":"stephane","url":"https:\/\/www.aclanester56.com\/velo\/author\/stephane\/"}]}},"_links":{"self":[{"href":"https:\/\/www.aclanester56.com\/velo\/wp-json\/wp\/v2\/posts\/13594","targetHints":{"allow":["GET"]}}],"collection":[{"href":"https:\/\/www.aclanester56.com\/velo\/wp-json\/wp\/v2\/posts"}],"about":[{"href":"https:\/\/www.aclanester56.com\/velo\/wp-json\/wp\/v2\/types\/post"}],"author":[{"embeddable":true,"href":"https:\/\/www.aclanester56.com\/velo\/wp-json\/wp\/v2\/users\/2"}],"replies":[{"embeddable":true,"href":"https:\/\/www.aclanester56.com\/velo\/wp-json\/wp\/v2\/comments?post=13594"}],"version-history":[{"count":0,"href":"https:\/\/www.aclanester56.com\/velo\/wp-json\/wp\/v2\/posts\/13594\/revisions"}],"wp:featuredmedia":[{"embeddable":true,"href":"https:\/\/www.aclanester56.com\/velo\/wp-json\/wp\/v2\/media\/13608"}],"wp:attachment":[{"href":"https:\/\/www.aclanester56.com\/velo\/wp-json\/wp\/v2\/media?parent=13594"}],"wp:term":[{"taxonomy":"category","embeddable":true,"href":"https:\/\/www.aclanester56.com\/velo\/wp-json\/wp\/v2\/categories?post=13594"},{"taxonomy":"post_tag","embeddable":true,"href":"https:\/\/www.aclanester56.com\/velo\/wp-json\/wp\/v2\/tags?post=13594"}],"curies":[{"name":"wp","href":"https:\/\/api.w.org\/{rel}","templated":true}]}}