{"id":13683,"date":"2013-01-01T15:10:48","date_gmt":"2013-01-01T14:10:48","guid":{"rendered":"http:\/\/www.aclanester56.com\/velo\/?p=13683"},"modified":"2013-12-22T00:21:46","modified_gmt":"2013-12-21T22:21:46","slug":"voeux-2013-du-president-de-lac-lanester-56-marc-esvan","status":"publish","type":"post","link":"https:\/\/www.aclanester56.com\/velo\/voeux-2013-du-president-de-lac-lanester-56-marc-esvan\/","title":{"rendered":"Voeux 2013 du pr\u00e9sident de l&rsquo;AC LANESTER 56 Marc ESVAN"},"content":{"rendered":"<p style=\"text-align: justify;\"><!--more--><\/p>\n<p style=\"text-align: justify;\">Marc ESVAN, dynamique pr\u00e9sident de l\u2019AC LANESTER 56, formule ses voeux \u00e0 destination de l\u2019ensemble des acteurs du club pour la nouvelle ann\u00e9e qui d\u00e9bute !<\/p>\n<p>\u00a0\u00ab\u00a0<em><strong>L\u2019ann\u00e9e 2012 s\u2019ach\u00e8ve dans \u00ab le changement et la continuit\u00e9 \u00bb comme je l\u2019avais soulign\u00e9 lors de la lecture du bilan moral au cours de l\u2019assembl\u00e9e g\u00e9n\u00e9rale, en octobre dernier.<\/strong><\/em><\/p>\n<p style=\"text-align: justify;\"><em><strong>En effet, Jean Yves Le Gal souhaitant souffler un peu apr\u00e8s plus de dix ann\u00e9es pass\u00e9es \u00e0 la t\u00eate de notre structure, je me suis pr\u00e9sent\u00e9 \u00e0 la Pr\u00e9sidence de l\u2019AC LANESTER 56, et \u00e9lu par les membres du Comit\u00e9 Directeur.<\/strong><\/em><\/p>\n<p style=\"text-align: justify;\"><em><strong>Notre club a v\u00e9cu bien des \u00e9v\u00e9nements cette ann\u00e9e. Des bons moments que nous n\u2019avons sans doute pas su vraiment appr\u00e9cier, et des moments d\u00e9licats auxquels nous avons peut \u00eatre donn\u00e9 trop d\u2019importance.<\/strong><\/em><\/p>\n<p style=\"text-align: justify;\"><em><strong>Nous avons d\u00e9cid\u00e9, \u00e0 l\u2019automne, de ne pas organiser le Tro Div Ster en 2013, mais de prendre une ann\u00e9e sabbatique et de r\u00e9flexion pour cette manifestation sportive. Les raisons sont simples et avou\u00e9es, un bilan financier juste en \u00e9quilibre, une certaine lassitude de la part de l\u2019organisation et une d\u00e9pense d\u2019\u00e9nergie impensable pendant huit mois pour certains d\u2019entre nous.<\/strong><\/em><\/p>\n<p style=\"text-align: justify;\"><em><strong>Pour de nombreuses personnalit\u00e9s et observateurs, cette d\u00e9cision demeure paradoxale\u00a0au regard de notre prestation de qualit\u00e9 et de cette \u00e9preuve figurant parmi les toutes premi\u00e8res organisations cyclistes r\u00e9gionales.<\/strong><\/em><\/p>\n<p style=\"text-align: justify;\"><em><strong>Afin de pallier \u00e0 cette absence au calendrier, il a \u00e9t\u00e9 annonc\u00e9 qu\u2019un report d\u2019activit\u00e9s cons\u00e9quent sur le Grand Prix de la Ville 2013 sera envisag\u00e9 car apr\u00e8s plus de 20 ans d\u2019existence, cette \u00e9preuve fait partie des festivit\u00e9s historiques de la commune de Lanester.<\/strong><\/em><\/p>\n<p style=\"text-align: justify;\"><em><strong>Le Comit\u00e9 Directeur a pris ces d\u00e9cisions, avant tout, dans l\u2019int\u00e9r\u00eat de la structure et de\u00a0l\u2019ensemble de ses membres.<\/strong><\/em><\/p>\n<p style=\"text-align: justify;\"><em><strong>Par ailleurs, la continuit\u00e9 est d\u2019avoir renforc\u00e9 notre c\u0153ur d\u2019activit\u00e9 qu\u2019est la formation des jeunes que nous accueillons toujours plus nombreux. Nous avons obtenu d\u2019excellents r\u00e9sultats et de titres de champions d\u00e9partementaux, r\u00e9gionaux et nationaux. De tr\u00e8s grandes satisfactions sur le plan sportif.<\/strong><\/em><\/p>\n<p style=\"text-align: justify;\"><em><strong>Il faut souligner que la formation est un vecteur qui motive l\u2019implication des b\u00e9n\u00e9voles et conforte l\u2019engagement de nos partenaires.<\/strong><\/em><\/p>\n<p style=\"text-align: justify;\"><em><strong>L\u2019accent est mis \u00e9galement, pour 2013, sur un choix strat\u00e9gique commenc\u00e9 l\u2019an pass\u00e9.<\/strong><\/em><\/p>\n<p style=\"text-align: justify;\"><em><strong>C\u2019est l\u2019embauche d\u2019un salari\u00e9, formateur, encadrant et dirigeant, \u00e0 l\u2019\u00e9coute des jeunes cyclistes.<\/strong><\/em><\/p>\n<p style=\"text-align: justify;\"><em><strong>C\u2019est notre volont\u00e9 dans le but de garantir un des grands int\u00e9r\u00eats du club.<\/strong><\/em><\/p>\n<p style=\"text-align: justify;\"><em><strong>Enfin, il faut \u00e9galement penser aux futurs dirigeants de demain en qui nous comptons, avec qui nous voulons travailler sur l\u2019ensemble des dossiers afin de les aider et de les familiariser avec les proc\u00e9dures et les d\u00e9marches \u00e0 pr\u00e9voir. C\u2019est un travail de longue haleine qui m\u00e9rite un suivi coh\u00e9rent.\u00a0<\/strong><\/em><\/p>\n<p style=\"text-align: justify;\"><em><strong>Je vous pr\u00e9sente, \u00e0 toutes et \u00e0 tous ainsi qu\u2019\u00e0 vos familles et vos proches, mes Meilleurs\u00a0V\u0153ux et vous souhaite une excellente ann\u00e9e 2013.<\/strong><\/em>\u00ab\u00a0<\/p>\n<p style=\"text-align: justify;\"><strong>Marc ESVAN<\/strong><\/p>\n<p style=\"text-align: justify;\"><strong>Pr\u00e9sident de l&rsquo;AC LANESTER 56<\/strong><\/p>\n<p>&nbsp;<\/p>\n","protected":false},"excerpt":{"rendered":"","protected":false},"author":14,"featured_media":13689,"comment_status":"open","ping_status":"closed","sticky":false,"template":"","format":"standard","meta":{"ngg_post_thumbnail":0,"footnotes":""},"categories":[5],"tags":[],"class_list":["post-13683","post","type-post","status-publish","format-standard","has-post-thumbnail","hentry","category-ac-lanester-56"],"yoast_head":"<!-- This site is optimized with the Yoast SEO plugin v27.5 - https:\/\/yoast.com\/product\/yoast-seo-wordpress\/ -->\n<title>Voeux 2013 du pr\u00e9sident de l&#039;AC LANESTER 56 Marc ESVAN - Avenir Cycliste Lanester 56<\/title>\n<meta name=\"robots\" content=\"index, follow, max-snippet:-1, max-image-preview:large, max-video-preview:-1\" \/>\n<link rel=\"canonical\" href=\"https:\/\/www.aclanester56.com\/velo\/voeux-2013-du-president-de-lac-lanester-56-marc-esvan\/\" \/>\n<meta property=\"og:locale\" content=\"fr_FR\" \/>\n<meta property=\"og:type\" content=\"article\" \/>\n<meta property=\"og:title\" content=\"Voeux 2013 du pr\u00e9sident de l&#039;AC LANESTER 56 Marc ESVAN - Avenir Cycliste Lanester 56\" \/>\n<meta property=\"og:url\" content=\"https:\/\/www.aclanester56.com\/velo\/voeux-2013-du-president-de-lac-lanester-56-marc-esvan\/\" \/>\n<meta property=\"og:site_name\" content=\"Avenir Cycliste Lanester 56\" \/>\n<meta property=\"article:publisher\" content=\"https:\/\/www.facebook.com\/pages\/AC-Lanester-56\/190286300991242?fref=ts\" \/>\n<meta property=\"article:published_time\" content=\"2013-01-01T14:10:48+00:00\" \/>\n<meta property=\"article:modified_time\" content=\"2013-12-21T22:21:46+00:00\" \/>\n<meta property=\"og:image\" content=\"https:\/\/www.aclanester56.com\/velo\/wp-content\/uploads\/2013\/01\/photoAG_LeTelegramme-Copie-2-Copie.jpg\" \/>\n\t<meta property=\"og:image:width\" content=\"650\" \/>\n\t<meta property=\"og:image:height\" content=\"300\" \/>\n\t<meta property=\"og:image:type\" content=\"image\/jpeg\" \/>\n<meta name=\"author\" content=\"Jean-Christophe\" \/>\n<meta name=\"twitter:label1\" content=\"\u00c9crit par\" \/>\n\t<meta name=\"twitter:data1\" content=\"Jean-Christophe\" \/>\n\t<meta name=\"twitter:label2\" content=\"Dur\u00e9e de lecture estim\u00e9e\" \/>\n\t<meta name=\"twitter:data2\" content=\"3 minutes\" \/>\n<script type=\"application\/ld+json\" class=\"yoast-schema-graph\">{\"@context\":\"https:\\\/\\\/schema.org\",\"@graph\":[{\"@type\":\"Article\",\"@id\":\"https:\\\/\\\/www.aclanester56.com\\\/velo\\\/voeux-2013-du-president-de-lac-lanester-56-marc-esvan\\\/#article\",\"isPartOf\":{\"@id\":\"https:\\\/\\\/www.aclanester56.com\\\/velo\\\/voeux-2013-du-president-de-lac-lanester-56-marc-esvan\\\/\"},\"author\":{\"name\":\"Jean-Christophe\",\"@id\":\"https:\\\/\\\/www.aclanester56.com\\\/velo\\\/#\\\/schema\\\/person\\\/ca2a44a5fd969e9dd846c72d3b33bc01\"},\"headline\":\"Voeux 2013 du pr\u00e9sident de l&rsquo;AC LANESTER 56 Marc ESVAN\",\"datePublished\":\"2013-01-01T14:10:48+00:00\",\"dateModified\":\"2013-12-21T22:21:46+00:00\",\"mainEntityOfPage\":{\"@id\":\"https:\\\/\\\/www.aclanester56.com\\\/velo\\\/voeux-2013-du-president-de-lac-lanester-56-marc-esvan\\\/\"},\"wordCount\":545,\"commentCount\":0,\"publisher\":{\"@id\":\"https:\\\/\\\/www.aclanester56.com\\\/velo\\\/#organization\"},\"image\":{\"@id\":\"https:\\\/\\\/www.aclanester56.com\\\/velo\\\/voeux-2013-du-president-de-lac-lanester-56-marc-esvan\\\/#primaryimage\"},\"thumbnailUrl\":\"https:\\\/\\\/www.aclanester56.com\\\/velo\\\/wp-content\\\/uploads\\\/2013\\\/01\\\/photoAG_LeTelegramme-Copie-2-Copie.jpg\",\"articleSection\":[\"AC LANESTER 56\"],\"inLanguage\":\"fr-FR\",\"potentialAction\":[{\"@type\":\"CommentAction\",\"name\":\"Comment\",\"target\":[\"https:\\\/\\\/www.aclanester56.com\\\/velo\\\/voeux-2013-du-president-de-lac-lanester-56-marc-esvan\\\/#respond\"]}]},{\"@type\":\"WebPage\",\"@id\":\"https:\\\/\\\/www.aclanester56.com\\\/velo\\\/voeux-2013-du-president-de-lac-lanester-56-marc-esvan\\\/\",\"url\":\"https:\\\/\\\/www.aclanester56.com\\\/velo\\\/voeux-2013-du-president-de-lac-lanester-56-marc-esvan\\\/\",\"name\":\"Voeux 2013 du pr\u00e9sident de l'AC LANESTER 56 Marc ESVAN - Avenir Cycliste Lanester 56\",\"isPartOf\":{\"@id\":\"https:\\\/\\\/www.aclanester56.com\\\/velo\\\/#website\"},\"primaryImageOfPage\":{\"@id\":\"https:\\\/\\\/www.aclanester56.com\\\/velo\\\/voeux-2013-du-president-de-lac-lanester-56-marc-esvan\\\/#primaryimage\"},\"image\":{\"@id\":\"https:\\\/\\\/www.aclanester56.com\\\/velo\\\/voeux-2013-du-president-de-lac-lanester-56-marc-esvan\\\/#primaryimage\"},\"thumbnailUrl\":\"https:\\\/\\\/www.aclanester56.com\\\/velo\\\/wp-content\\\/uploads\\\/2013\\\/01\\\/photoAG_LeTelegramme-Copie-2-Copie.jpg\",\"datePublished\":\"2013-01-01T14:10:48+00:00\",\"dateModified\":\"2013-12-21T22:21:46+00:00\",\"inLanguage\":\"fr-FR\",\"potentialAction\":[{\"@type\":\"ReadAction\",\"target\":[\"https:\\\/\\\/www.aclanester56.com\\\/velo\\\/voeux-2013-du-president-de-lac-lanester-56-marc-esvan\\\/\"]}]},{\"@type\":\"ImageObject\",\"inLanguage\":\"fr-FR\",\"@id\":\"https:\\\/\\\/www.aclanester56.com\\\/velo\\\/voeux-2013-du-president-de-lac-lanester-56-marc-esvan\\\/#primaryimage\",\"url\":\"https:\\\/\\\/www.aclanester56.com\\\/velo\\\/wp-content\\\/uploads\\\/2013\\\/01\\\/photoAG_LeTelegramme-Copie-2-Copie.jpg\",\"contentUrl\":\"https:\\\/\\\/www.aclanester56.com\\\/velo\\\/wp-content\\\/uploads\\\/2013\\\/01\\\/photoAG_LeTelegramme-Copie-2-Copie.jpg\",\"width\":650,\"height\":300},{\"@type\":\"WebSite\",\"@id\":\"https:\\\/\\\/www.aclanester56.com\\\/velo\\\/#website\",\"url\":\"https:\\\/\\\/www.aclanester56.com\\\/velo\\\/\",\"name\":\"Avenir Cycliste Lanester 56\",\"description\":\"Club cycliste de l&#039;AC LANESTER 56\",\"publisher\":{\"@id\":\"https:\\\/\\\/www.aclanester56.com\\\/velo\\\/#organization\"},\"potentialAction\":[{\"@type\":\"SearchAction\",\"target\":{\"@type\":\"EntryPoint\",\"urlTemplate\":\"https:\\\/\\\/www.aclanester56.com\\\/velo\\\/?s={search_term_string}\"},\"query-input\":{\"@type\":\"PropertyValueSpecification\",\"valueRequired\":true,\"valueName\":\"search_term_string\"}}],\"inLanguage\":\"fr-FR\"},{\"@type\":\"Organization\",\"@id\":\"https:\\\/\\\/www.aclanester56.com\\\/velo\\\/#organization\",\"name\":\"Avenir Cycliste Lanester 56\",\"url\":\"https:\\\/\\\/www.aclanester56.com\\\/velo\\\/\",\"logo\":{\"@type\":\"ImageObject\",\"inLanguage\":\"fr-FR\",\"@id\":\"https:\\\/\\\/www.aclanester56.com\\\/velo\\\/#\\\/schema\\\/logo\\\/image\\\/\",\"url\":\"https:\\\/\\\/www.aclanester56.com\\\/velo\\\/wp-content\\\/uploads\\\/2013\\\/04\\\/logo-ACL.jpg\",\"contentUrl\":\"https:\\\/\\\/www.aclanester56.com\\\/velo\\\/wp-content\\\/uploads\\\/2013\\\/04\\\/logo-ACL.jpg\",\"width\":400,\"height\":334,\"caption\":\"Avenir Cycliste Lanester 56\"},\"image\":{\"@id\":\"https:\\\/\\\/www.aclanester56.com\\\/velo\\\/#\\\/schema\\\/logo\\\/image\\\/\"},\"sameAs\":[\"https:\\\/\\\/www.facebook.com\\\/pages\\\/AC-Lanester-56\\\/190286300991242?fref=ts\"]},{\"@type\":\"Person\",\"@id\":\"https:\\\/\\\/www.aclanester56.com\\\/velo\\\/#\\\/schema\\\/person\\\/ca2a44a5fd969e9dd846c72d3b33bc01\",\"name\":\"Jean-Christophe\",\"url\":\"https:\\\/\\\/www.aclanester56.com\\\/velo\\\/author\\\/jeanchristophe\\\/\"}]}<\/script>\n<!-- \/ Yoast SEO plugin. -->","yoast_head_json":{"title":"Voeux 2013 du pr\u00e9sident de l'AC LANESTER 56 Marc ESVAN - Avenir Cycliste Lanester 56","robots":{"index":"index","follow":"follow","max-snippet":"max-snippet:-1","max-image-preview":"max-image-preview:large","max-video-preview":"max-video-preview:-1"},"canonical":"https:\/\/www.aclanester56.com\/velo\/voeux-2013-du-president-de-lac-lanester-56-marc-esvan\/","og_locale":"fr_FR","og_type":"article","og_title":"Voeux 2013 du pr\u00e9sident de l'AC LANESTER 56 Marc ESVAN - Avenir Cycliste Lanester 56","og_url":"https:\/\/www.aclanester56.com\/velo\/voeux-2013-du-president-de-lac-lanester-56-marc-esvan\/","og_site_name":"Avenir Cycliste Lanester 56","article_publisher":"https:\/\/www.facebook.com\/pages\/AC-Lanester-56\/190286300991242?fref=ts","article_published_time":"2013-01-01T14:10:48+00:00","article_modified_time":"2013-12-21T22:21:46+00:00","og_image":[{"width":650,"height":300,"url":"https:\/\/www.aclanester56.com\/velo\/wp-content\/uploads\/2013\/01\/photoAG_LeTelegramme-Copie-2-Copie.jpg","type":"image\/jpeg"}],"author":"Jean-Christophe","twitter_misc":{"\u00c9crit par":"Jean-Christophe","Dur\u00e9e de lecture estim\u00e9e":"3 minutes"},"schema":{"@context":"https:\/\/schema.org","@graph":[{"@type":"Article","@id":"https:\/\/www.aclanester56.com\/velo\/voeux-2013-du-president-de-lac-lanester-56-marc-esvan\/#article","isPartOf":{"@id":"https:\/\/www.aclanester56.com\/velo\/voeux-2013-du-president-de-lac-lanester-56-marc-esvan\/"},"author":{"name":"Jean-Christophe","@id":"https:\/\/www.aclanester56.com\/velo\/#\/schema\/person\/ca2a44a5fd969e9dd846c72d3b33bc01"},"headline":"Voeux 2013 du pr\u00e9sident de l&rsquo;AC LANESTER 56 Marc ESVAN","datePublished":"2013-01-01T14:10:48+00:00","dateModified":"2013-12-21T22:21:46+00:00","mainEntityOfPage":{"@id":"https:\/\/www.aclanester56.com\/velo\/voeux-2013-du-president-de-lac-lanester-56-marc-esvan\/"},"wordCount":545,"commentCount":0,"publisher":{"@id":"https:\/\/www.aclanester56.com\/velo\/#organization"},"image":{"@id":"https:\/\/www.aclanester56.com\/velo\/voeux-2013-du-president-de-lac-lanester-56-marc-esvan\/#primaryimage"},"thumbnailUrl":"https:\/\/www.aclanester56.com\/velo\/wp-content\/uploads\/2013\/01\/photoAG_LeTelegramme-Copie-2-Copie.jpg","articleSection":["AC LANESTER 56"],"inLanguage":"fr-FR","potentialAction":[{"@type":"CommentAction","name":"Comment","target":["https:\/\/www.aclanester56.com\/velo\/voeux-2013-du-president-de-lac-lanester-56-marc-esvan\/#respond"]}]},{"@type":"WebPage","@id":"https:\/\/www.aclanester56.com\/velo\/voeux-2013-du-president-de-lac-lanester-56-marc-esvan\/","url":"https:\/\/www.aclanester56.com\/velo\/voeux-2013-du-president-de-lac-lanester-56-marc-esvan\/","name":"Voeux 2013 du pr\u00e9sident de l'AC LANESTER 56 Marc ESVAN - Avenir Cycliste Lanester 56","isPartOf":{"@id":"https:\/\/www.aclanester56.com\/velo\/#website"},"primaryImageOfPage":{"@id":"https:\/\/www.aclanester56.com\/velo\/voeux-2013-du-president-de-lac-lanester-56-marc-esvan\/#primaryimage"},"image":{"@id":"https:\/\/www.aclanester56.com\/velo\/voeux-2013-du-president-de-lac-lanester-56-marc-esvan\/#primaryimage"},"thumbnailUrl":"https:\/\/www.aclanester56.com\/velo\/wp-content\/uploads\/2013\/01\/photoAG_LeTelegramme-Copie-2-Copie.jpg","datePublished":"2013-01-01T14:10:48+00:00","dateModified":"2013-12-21T22:21:46+00:00","inLanguage":"fr-FR","potentialAction":[{"@type":"ReadAction","target":["https:\/\/www.aclanester56.com\/velo\/voeux-2013-du-president-de-lac-lanester-56-marc-esvan\/"]}]},{"@type":"ImageObject","inLanguage":"fr-FR","@id":"https:\/\/www.aclanester56.com\/velo\/voeux-2013-du-president-de-lac-lanester-56-marc-esvan\/#primaryimage","url":"https:\/\/www.aclanester56.com\/velo\/wp-content\/uploads\/2013\/01\/photoAG_LeTelegramme-Copie-2-Copie.jpg","contentUrl":"https:\/\/www.aclanester56.com\/velo\/wp-content\/uploads\/2013\/01\/photoAG_LeTelegramme-Copie-2-Copie.jpg","width":650,"height":300},{"@type":"WebSite","@id":"https:\/\/www.aclanester56.com\/velo\/#website","url":"https:\/\/www.aclanester56.com\/velo\/","name":"Avenir Cycliste Lanester 56","description":"Club cycliste de l&#039;AC LANESTER 56","publisher":{"@id":"https:\/\/www.aclanester56.com\/velo\/#organization"},"potentialAction":[{"@type":"SearchAction","target":{"@type":"EntryPoint","urlTemplate":"https:\/\/www.aclanester56.com\/velo\/?s={search_term_string}"},"query-input":{"@type":"PropertyValueSpecification","valueRequired":true,"valueName":"search_term_string"}}],"inLanguage":"fr-FR"},{"@type":"Organization","@id":"https:\/\/www.aclanester56.com\/velo\/#organization","name":"Avenir Cycliste Lanester 56","url":"https:\/\/www.aclanester56.com\/velo\/","logo":{"@type":"ImageObject","inLanguage":"fr-FR","@id":"https:\/\/www.aclanester56.com\/velo\/#\/schema\/logo\/image\/","url":"https:\/\/www.aclanester56.com\/velo\/wp-content\/uploads\/2013\/04\/logo-ACL.jpg","contentUrl":"https:\/\/www.aclanester56.com\/velo\/wp-content\/uploads\/2013\/04\/logo-ACL.jpg","width":400,"height":334,"caption":"Avenir Cycliste Lanester 56"},"image":{"@id":"https:\/\/www.aclanester56.com\/velo\/#\/schema\/logo\/image\/"},"sameAs":["https:\/\/www.facebook.com\/pages\/AC-Lanester-56\/190286300991242?fref=ts"]},{"@type":"Person","@id":"https:\/\/www.aclanester56.com\/velo\/#\/schema\/person\/ca2a44a5fd969e9dd846c72d3b33bc01","name":"Jean-Christophe","url":"https:\/\/www.aclanester56.com\/velo\/author\/jeanchristophe\/"}]}},"_links":{"self":[{"href":"https:\/\/www.aclanester56.com\/velo\/wp-json\/wp\/v2\/posts\/13683","targetHints":{"allow":["GET"]}}],"collection":[{"href":"https:\/\/www.aclanester56.com\/velo\/wp-json\/wp\/v2\/posts"}],"about":[{"href":"https:\/\/www.aclanester56.com\/velo\/wp-json\/wp\/v2\/types\/post"}],"author":[{"embeddable":true,"href":"https:\/\/www.aclanester56.com\/velo\/wp-json\/wp\/v2\/users\/14"}],"replies":[{"embeddable":true,"href":"https:\/\/www.aclanester56.com\/velo\/wp-json\/wp\/v2\/comments?post=13683"}],"version-history":[{"count":0,"href":"https:\/\/www.aclanester56.com\/velo\/wp-json\/wp\/v2\/posts\/13683\/revisions"}],"wp:featuredmedia":[{"embeddable":true,"href":"https:\/\/www.aclanester56.com\/velo\/wp-json\/wp\/v2\/media\/13689"}],"wp:attachment":[{"href":"https:\/\/www.aclanester56.com\/velo\/wp-json\/wp\/v2\/media?parent=13683"}],"wp:term":[{"taxonomy":"category","embeddable":true,"href":"https:\/\/www.aclanester56.com\/velo\/wp-json\/wp\/v2\/categories?post=13683"},{"taxonomy":"post_tag","embeddable":true,"href":"https:\/\/www.aclanester56.com\/velo\/wp-json\/wp\/v2\/tags?post=13683"}],"curies":[{"name":"wp","href":"https:\/\/api.w.org\/{rel}","templated":true}]}}