{"id":13888,"date":"2013-02-12T13:28:23","date_gmt":"2013-02-12T12:28:23","guid":{"rendered":"http:\/\/www.aclanester56.com\/velo\/?p=13888"},"modified":"2013-12-22T00:16:41","modified_gmt":"2013-12-21T22:16:41","slug":"revue-de-presse-60-jeunes-a-la-derniere-epreuve","status":"publish","type":"post","link":"https:\/\/www.aclanester56.com\/velo\/revue-de-presse-60-jeunes-a-la-derniere-epreuve\/","title":{"rendered":"Revue de presse : \u00ab\u00a060 jeunes a la derni\u00e8re \u00e9preuve\u00a0\u00bb"},"content":{"rendered":"<p><!--more--><\/p>\n<p>L\u2019Avenir cycliste de Lanester,ACL 56, organisait, samedi, la troisi\u00e8me et derni\u00e8re \u00e9preuve desJourn\u00e9es d\u00e9couverte de la pistesur l\u2019anneau cycliste G\u00e9rardLe Maguer de Kervido<\/p>\n<p>\u00a0Une soixantaine de jeunes coureurs(filles et gar\u00e7ons n\u00e9s entre 1999 et 2002) des clubs dud\u00e9partement se sont affront\u00e9slors des \u00e9preuves de type \u00ab \u00e9liminatoires\u00bb : tous les deux tours,le dernier coureur qui passe sur la ligne est \u00e9limin\u00e9 jusqu\u2019\u00e0 ce qu\u2019il ne reste plus qu\u2019un seul coureur. Ces journ\u00e9es permettent aux jeunes cyclistes des clubs locaux de d\u00e9couvrir la pratique de la piste \u00e0 travers diff\u00e9rents types d\u2019\u00e9preuves (scratch, courses aux points et \u00e9liminatoires) et de d\u00e9velopper ainsi leur\u00a0 adresse<\/p>\n<p><em>Source : Journal Le Telegramme<\/em><\/p>\n<p><div id=\"attachment_13889\" style=\"width: 310px\" class=\"wp-caption alignleft\"><a href=\"http:\/\/www.aclanester56.com\/velo\/wp-content\/uploads\/2013\/02\/ACL-Telegramme-12-02-2013.jpg\"><img loading=\"lazy\" decoding=\"async\" aria-describedby=\"caption-attachment-13889\" class=\"size-medium wp-image-13889 \" alt=\"Journal le Telegramme\" src=\"http:\/\/www.aclanester56.com\/velo\/wp-content\/uploads\/2013\/02\/ACL-Telegramme-12-02-2013-300x215.jpg\" width=\"300\" height=\"215\" srcset=\"https:\/\/www.aclanester56.com\/velo\/wp-content\/uploads\/2013\/02\/ACL-Telegramme-12-02-2013-300x215.jpg 300w, https:\/\/www.aclanester56.com\/velo\/wp-content\/uploads\/2013\/02\/ACL-Telegramme-12-02-2013-800x574.jpg 800w, https:\/\/www.aclanester56.com\/velo\/wp-content\/uploads\/2013\/02\/ACL-Telegramme-12-02-2013-417x300.jpg 417w, https:\/\/www.aclanester56.com\/velo\/wp-content\/uploads\/2013\/02\/ACL-Telegramme-12-02-2013.jpg 801w\" sizes=\"auto, (max-width: 300px) 100vw, 300px\" \/><\/a><p id=\"caption-attachment-13889\" class=\"wp-caption-text\">Journal le Telegramme<\/p><\/div><br \/>\n<div id=\"attachment_13908\" style=\"width: 207px\" class=\"wp-caption alignleft\"><a href=\"http:\/\/www.aclanester56.com\/velo\/wp-content\/uploads\/2013\/02\/OF-12-02-2013.jpg\"><img loading=\"lazy\" decoding=\"async\" aria-describedby=\"caption-attachment-13908\" class=\"size-medium wp-image-13908 \" alt=\"OF-12-02-2013\" src=\"http:\/\/www.aclanester56.com\/velo\/wp-content\/uploads\/2013\/02\/OF-12-02-2013-197x300.jpg\" width=\"197\" height=\"300\" srcset=\"https:\/\/www.aclanester56.com\/velo\/wp-content\/uploads\/2013\/02\/OF-12-02-2013-197x300.jpg 197w, https:\/\/www.aclanester56.com\/velo\/wp-content\/uploads\/2013\/02\/OF-12-02-2013-394x600.jpg 394w, https:\/\/www.aclanester56.com\/velo\/wp-content\/uploads\/2013\/02\/OF-12-02-2013.jpg 493w\" sizes=\"auto, (max-width: 197px) 100vw, 197px\" \/><\/a><p id=\"caption-attachment-13908\" class=\"wp-caption-text\">Journal Ouest France<\/p><\/div><\/p>\n<p>&nbsp;<\/p>\n","protected":false},"excerpt":{"rendered":"","protected":false},"author":2,"featured_media":0,"comment_status":"open","ping_status":"closed","sticky":false,"template":"","format":"standard","meta":{"ngg_post_thumbnail":0,"footnotes":""},"categories":[5,15],"tags":[],"class_list":["post-13888","post","type-post","status-publish","format-standard","hentry","category-ac-lanester-56","category-presse-actualites"],"yoast_head":"<!-- This site is optimized with the Yoast SEO plugin v27.5 - https:\/\/yoast.com\/product\/yoast-seo-wordpress\/ -->\n<title>Revue de presse : &quot;60 jeunes a la derni\u00e8re \u00e9preuve&quot; - Avenir Cycliste Lanester 56<\/title>\n<meta name=\"robots\" content=\"index, follow, max-snippet:-1, max-image-preview:large, max-video-preview:-1\" \/>\n<link rel=\"canonical\" href=\"https:\/\/www.aclanester56.com\/velo\/revue-de-presse-60-jeunes-a-la-derniere-epreuve\/\" \/>\n<meta property=\"og:locale\" content=\"fr_FR\" \/>\n<meta property=\"og:type\" content=\"article\" \/>\n<meta property=\"og:title\" content=\"Revue de presse : &quot;60 jeunes a la derni\u00e8re \u00e9preuve&quot; - Avenir Cycliste Lanester 56\" \/>\n<meta property=\"og:url\" content=\"https:\/\/www.aclanester56.com\/velo\/revue-de-presse-60-jeunes-a-la-derniere-epreuve\/\" \/>\n<meta property=\"og:site_name\" content=\"Avenir Cycliste Lanester 56\" \/>\n<meta property=\"article:publisher\" content=\"https:\/\/www.facebook.com\/pages\/AC-Lanester-56\/190286300991242?fref=ts\" \/>\n<meta property=\"article:published_time\" content=\"2013-02-12T12:28:23+00:00\" \/>\n<meta property=\"article:modified_time\" content=\"2013-12-21T22:16:41+00:00\" \/>\n<meta property=\"og:image\" content=\"https:\/\/www.aclanester56.com\/velo\/wp-content\/uploads\/2012\/05\/Presse-slider.jpg\" \/>\n\t<meta property=\"og:image:width\" content=\"650\" \/>\n\t<meta property=\"og:image:height\" content=\"300\" \/>\n\t<meta property=\"og:image:type\" content=\"image\/jpeg\" \/>\n<meta name=\"author\" content=\"stephane\" \/>\n<meta name=\"twitter:label1\" content=\"\u00c9crit par\" \/>\n\t<meta name=\"twitter:data1\" content=\"stephane\" \/>\n\t<meta name=\"twitter:label2\" content=\"Dur\u00e9e de lecture estim\u00e9e\" \/>\n\t<meta name=\"twitter:data2\" content=\"1 minute\" \/>\n<script type=\"application\/ld+json\" class=\"yoast-schema-graph\">{\"@context\":\"https:\\\/\\\/schema.org\",\"@graph\":[{\"@type\":\"Article\",\"@id\":\"https:\\\/\\\/www.aclanester56.com\\\/velo\\\/revue-de-presse-60-jeunes-a-la-derniere-epreuve\\\/#article\",\"isPartOf\":{\"@id\":\"https:\\\/\\\/www.aclanester56.com\\\/velo\\\/revue-de-presse-60-jeunes-a-la-derniere-epreuve\\\/\"},\"author\":{\"name\":\"stephane\",\"@id\":\"https:\\\/\\\/www.aclanester56.com\\\/velo\\\/#\\\/schema\\\/person\\\/c844661e64a578ca46639cb0ae764de6\"},\"headline\":\"Revue de presse : \u00ab\u00a060 jeunes a la derni\u00e8re \u00e9preuve\u00a0\u00bb\",\"datePublished\":\"2013-02-12T12:28:23+00:00\",\"dateModified\":\"2013-12-21T22:16:41+00:00\",\"mainEntityOfPage\":{\"@id\":\"https:\\\/\\\/www.aclanester56.com\\\/velo\\\/revue-de-presse-60-jeunes-a-la-derniere-epreuve\\\/\"},\"wordCount\":152,\"commentCount\":0,\"publisher\":{\"@id\":\"https:\\\/\\\/www.aclanester56.com\\\/velo\\\/#organization\"},\"image\":{\"@id\":\"https:\\\/\\\/www.aclanester56.com\\\/velo\\\/revue-de-presse-60-jeunes-a-la-derniere-epreuve\\\/#primaryimage\"},\"thumbnailUrl\":\"http:\\\/\\\/www.aclanester56.com\\\/velo\\\/wp-content\\\/uploads\\\/2013\\\/02\\\/ACL-Telegramme-12-02-2013-300x215.jpg\",\"articleSection\":[\"AC LANESTER 56\",\"Presse-Actualit\u00e9s\"],\"inLanguage\":\"fr-FR\",\"potentialAction\":[{\"@type\":\"CommentAction\",\"name\":\"Comment\",\"target\":[\"https:\\\/\\\/www.aclanester56.com\\\/velo\\\/revue-de-presse-60-jeunes-a-la-derniere-epreuve\\\/#respond\"]}]},{\"@type\":\"WebPage\",\"@id\":\"https:\\\/\\\/www.aclanester56.com\\\/velo\\\/revue-de-presse-60-jeunes-a-la-derniere-epreuve\\\/\",\"url\":\"https:\\\/\\\/www.aclanester56.com\\\/velo\\\/revue-de-presse-60-jeunes-a-la-derniere-epreuve\\\/\",\"name\":\"Revue de presse : \\\"60 jeunes a la derni\u00e8re \u00e9preuve\\\" - Avenir Cycliste Lanester 56\",\"isPartOf\":{\"@id\":\"https:\\\/\\\/www.aclanester56.com\\\/velo\\\/#website\"},\"primaryImageOfPage\":{\"@id\":\"https:\\\/\\\/www.aclanester56.com\\\/velo\\\/revue-de-presse-60-jeunes-a-la-derniere-epreuve\\\/#primaryimage\"},\"image\":{\"@id\":\"https:\\\/\\\/www.aclanester56.com\\\/velo\\\/revue-de-presse-60-jeunes-a-la-derniere-epreuve\\\/#primaryimage\"},\"thumbnailUrl\":\"http:\\\/\\\/www.aclanester56.com\\\/velo\\\/wp-content\\\/uploads\\\/2013\\\/02\\\/ACL-Telegramme-12-02-2013-300x215.jpg\",\"datePublished\":\"2013-02-12T12:28:23+00:00\",\"dateModified\":\"2013-12-21T22:16:41+00:00\",\"inLanguage\":\"fr-FR\",\"potentialAction\":[{\"@type\":\"ReadAction\",\"target\":[\"https:\\\/\\\/www.aclanester56.com\\\/velo\\\/revue-de-presse-60-jeunes-a-la-derniere-epreuve\\\/\"]}]},{\"@type\":\"ImageObject\",\"inLanguage\":\"fr-FR\",\"@id\":\"https:\\\/\\\/www.aclanester56.com\\\/velo\\\/revue-de-presse-60-jeunes-a-la-derniere-epreuve\\\/#primaryimage\",\"url\":\"http:\\\/\\\/www.aclanester56.com\\\/velo\\\/wp-content\\\/uploads\\\/2013\\\/02\\\/ACL-Telegramme-12-02-2013-300x215.jpg\",\"contentUrl\":\"http:\\\/\\\/www.aclanester56.com\\\/velo\\\/wp-content\\\/uploads\\\/2013\\\/02\\\/ACL-Telegramme-12-02-2013-300x215.jpg\"},{\"@type\":\"WebSite\",\"@id\":\"https:\\\/\\\/www.aclanester56.com\\\/velo\\\/#website\",\"url\":\"https:\\\/\\\/www.aclanester56.com\\\/velo\\\/\",\"name\":\"Avenir Cycliste Lanester 56\",\"description\":\"Club cycliste de l&#039;AC LANESTER 56\",\"publisher\":{\"@id\":\"https:\\\/\\\/www.aclanester56.com\\\/velo\\\/#organization\"},\"potentialAction\":[{\"@type\":\"SearchAction\",\"target\":{\"@type\":\"EntryPoint\",\"urlTemplate\":\"https:\\\/\\\/www.aclanester56.com\\\/velo\\\/?s={search_term_string}\"},\"query-input\":{\"@type\":\"PropertyValueSpecification\",\"valueRequired\":true,\"valueName\":\"search_term_string\"}}],\"inLanguage\":\"fr-FR\"},{\"@type\":\"Organization\",\"@id\":\"https:\\\/\\\/www.aclanester56.com\\\/velo\\\/#organization\",\"name\":\"Avenir Cycliste Lanester 56\",\"url\":\"https:\\\/\\\/www.aclanester56.com\\\/velo\\\/\",\"logo\":{\"@type\":\"ImageObject\",\"inLanguage\":\"fr-FR\",\"@id\":\"https:\\\/\\\/www.aclanester56.com\\\/velo\\\/#\\\/schema\\\/logo\\\/image\\\/\",\"url\":\"https:\\\/\\\/www.aclanester56.com\\\/velo\\\/wp-content\\\/uploads\\\/2013\\\/04\\\/logo-ACL.jpg\",\"contentUrl\":\"https:\\\/\\\/www.aclanester56.com\\\/velo\\\/wp-content\\\/uploads\\\/2013\\\/04\\\/logo-ACL.jpg\",\"width\":400,\"height\":334,\"caption\":\"Avenir Cycliste Lanester 56\"},\"image\":{\"@id\":\"https:\\\/\\\/www.aclanester56.com\\\/velo\\\/#\\\/schema\\\/logo\\\/image\\\/\"},\"sameAs\":[\"https:\\\/\\\/www.facebook.com\\\/pages\\\/AC-Lanester-56\\\/190286300991242?fref=ts\"]},{\"@type\":\"Person\",\"@id\":\"https:\\\/\\\/www.aclanester56.com\\\/velo\\\/#\\\/schema\\\/person\\\/c844661e64a578ca46639cb0ae764de6\",\"name\":\"stephane\",\"url\":\"https:\\\/\\\/www.aclanester56.com\\\/velo\\\/author\\\/stephane\\\/\"}]}<\/script>\n<!-- \/ Yoast SEO plugin. -->","yoast_head_json":{"title":"Revue de presse : \"60 jeunes a la derni\u00e8re \u00e9preuve\" - Avenir Cycliste Lanester 56","robots":{"index":"index","follow":"follow","max-snippet":"max-snippet:-1","max-image-preview":"max-image-preview:large","max-video-preview":"max-video-preview:-1"},"canonical":"https:\/\/www.aclanester56.com\/velo\/revue-de-presse-60-jeunes-a-la-derniere-epreuve\/","og_locale":"fr_FR","og_type":"article","og_title":"Revue de presse : \"60 jeunes a la derni\u00e8re \u00e9preuve\" - Avenir Cycliste Lanester 56","og_url":"https:\/\/www.aclanester56.com\/velo\/revue-de-presse-60-jeunes-a-la-derniere-epreuve\/","og_site_name":"Avenir Cycliste Lanester 56","article_publisher":"https:\/\/www.facebook.com\/pages\/AC-Lanester-56\/190286300991242?fref=ts","article_published_time":"2013-02-12T12:28:23+00:00","article_modified_time":"2013-12-21T22:16:41+00:00","og_image":[{"width":650,"height":300,"url":"https:\/\/www.aclanester56.com\/velo\/wp-content\/uploads\/2012\/05\/Presse-slider.jpg","type":"image\/jpeg"}],"author":"stephane","twitter_misc":{"\u00c9crit par":"stephane","Dur\u00e9e de lecture estim\u00e9e":"1 minute"},"schema":{"@context":"https:\/\/schema.org","@graph":[{"@type":"Article","@id":"https:\/\/www.aclanester56.com\/velo\/revue-de-presse-60-jeunes-a-la-derniere-epreuve\/#article","isPartOf":{"@id":"https:\/\/www.aclanester56.com\/velo\/revue-de-presse-60-jeunes-a-la-derniere-epreuve\/"},"author":{"name":"stephane","@id":"https:\/\/www.aclanester56.com\/velo\/#\/schema\/person\/c844661e64a578ca46639cb0ae764de6"},"headline":"Revue de presse : \u00ab\u00a060 jeunes a la derni\u00e8re \u00e9preuve\u00a0\u00bb","datePublished":"2013-02-12T12:28:23+00:00","dateModified":"2013-12-21T22:16:41+00:00","mainEntityOfPage":{"@id":"https:\/\/www.aclanester56.com\/velo\/revue-de-presse-60-jeunes-a-la-derniere-epreuve\/"},"wordCount":152,"commentCount":0,"publisher":{"@id":"https:\/\/www.aclanester56.com\/velo\/#organization"},"image":{"@id":"https:\/\/www.aclanester56.com\/velo\/revue-de-presse-60-jeunes-a-la-derniere-epreuve\/#primaryimage"},"thumbnailUrl":"http:\/\/www.aclanester56.com\/velo\/wp-content\/uploads\/2013\/02\/ACL-Telegramme-12-02-2013-300x215.jpg","articleSection":["AC LANESTER 56","Presse-Actualit\u00e9s"],"inLanguage":"fr-FR","potentialAction":[{"@type":"CommentAction","name":"Comment","target":["https:\/\/www.aclanester56.com\/velo\/revue-de-presse-60-jeunes-a-la-derniere-epreuve\/#respond"]}]},{"@type":"WebPage","@id":"https:\/\/www.aclanester56.com\/velo\/revue-de-presse-60-jeunes-a-la-derniere-epreuve\/","url":"https:\/\/www.aclanester56.com\/velo\/revue-de-presse-60-jeunes-a-la-derniere-epreuve\/","name":"Revue de presse : \"60 jeunes a la derni\u00e8re \u00e9preuve\" - Avenir Cycliste Lanester 56","isPartOf":{"@id":"https:\/\/www.aclanester56.com\/velo\/#website"},"primaryImageOfPage":{"@id":"https:\/\/www.aclanester56.com\/velo\/revue-de-presse-60-jeunes-a-la-derniere-epreuve\/#primaryimage"},"image":{"@id":"https:\/\/www.aclanester56.com\/velo\/revue-de-presse-60-jeunes-a-la-derniere-epreuve\/#primaryimage"},"thumbnailUrl":"http:\/\/www.aclanester56.com\/velo\/wp-content\/uploads\/2013\/02\/ACL-Telegramme-12-02-2013-300x215.jpg","datePublished":"2013-02-12T12:28:23+00:00","dateModified":"2013-12-21T22:16:41+00:00","inLanguage":"fr-FR","potentialAction":[{"@type":"ReadAction","target":["https:\/\/www.aclanester56.com\/velo\/revue-de-presse-60-jeunes-a-la-derniere-epreuve\/"]}]},{"@type":"ImageObject","inLanguage":"fr-FR","@id":"https:\/\/www.aclanester56.com\/velo\/revue-de-presse-60-jeunes-a-la-derniere-epreuve\/#primaryimage","url":"http:\/\/www.aclanester56.com\/velo\/wp-content\/uploads\/2013\/02\/ACL-Telegramme-12-02-2013-300x215.jpg","contentUrl":"http:\/\/www.aclanester56.com\/velo\/wp-content\/uploads\/2013\/02\/ACL-Telegramme-12-02-2013-300x215.jpg"},{"@type":"WebSite","@id":"https:\/\/www.aclanester56.com\/velo\/#website","url":"https:\/\/www.aclanester56.com\/velo\/","name":"Avenir Cycliste Lanester 56","description":"Club cycliste de l&#039;AC LANESTER 56","publisher":{"@id":"https:\/\/www.aclanester56.com\/velo\/#organization"},"potentialAction":[{"@type":"SearchAction","target":{"@type":"EntryPoint","urlTemplate":"https:\/\/www.aclanester56.com\/velo\/?s={search_term_string}"},"query-input":{"@type":"PropertyValueSpecification","valueRequired":true,"valueName":"search_term_string"}}],"inLanguage":"fr-FR"},{"@type":"Organization","@id":"https:\/\/www.aclanester56.com\/velo\/#organization","name":"Avenir Cycliste Lanester 56","url":"https:\/\/www.aclanester56.com\/velo\/","logo":{"@type":"ImageObject","inLanguage":"fr-FR","@id":"https:\/\/www.aclanester56.com\/velo\/#\/schema\/logo\/image\/","url":"https:\/\/www.aclanester56.com\/velo\/wp-content\/uploads\/2013\/04\/logo-ACL.jpg","contentUrl":"https:\/\/www.aclanester56.com\/velo\/wp-content\/uploads\/2013\/04\/logo-ACL.jpg","width":400,"height":334,"caption":"Avenir Cycliste Lanester 56"},"image":{"@id":"https:\/\/www.aclanester56.com\/velo\/#\/schema\/logo\/image\/"},"sameAs":["https:\/\/www.facebook.com\/pages\/AC-Lanester-56\/190286300991242?fref=ts"]},{"@type":"Person","@id":"https:\/\/www.aclanester56.com\/velo\/#\/schema\/person\/c844661e64a578ca46639cb0ae764de6","name":"stephane","url":"https:\/\/www.aclanester56.com\/velo\/author\/stephane\/"}]}},"_links":{"self":[{"href":"https:\/\/www.aclanester56.com\/velo\/wp-json\/wp\/v2\/posts\/13888","targetHints":{"allow":["GET"]}}],"collection":[{"href":"https:\/\/www.aclanester56.com\/velo\/wp-json\/wp\/v2\/posts"}],"about":[{"href":"https:\/\/www.aclanester56.com\/velo\/wp-json\/wp\/v2\/types\/post"}],"author":[{"embeddable":true,"href":"https:\/\/www.aclanester56.com\/velo\/wp-json\/wp\/v2\/users\/2"}],"replies":[{"embeddable":true,"href":"https:\/\/www.aclanester56.com\/velo\/wp-json\/wp\/v2\/comments?post=13888"}],"version-history":[{"count":0,"href":"https:\/\/www.aclanester56.com\/velo\/wp-json\/wp\/v2\/posts\/13888\/revisions"}],"wp:attachment":[{"href":"https:\/\/www.aclanester56.com\/velo\/wp-json\/wp\/v2\/media?parent=13888"}],"wp:term":[{"taxonomy":"category","embeddable":true,"href":"https:\/\/www.aclanester56.com\/velo\/wp-json\/wp\/v2\/categories?post=13888"},{"taxonomy":"post_tag","embeddable":true,"href":"https:\/\/www.aclanester56.com\/velo\/wp-json\/wp\/v2\/tags?post=13888"}],"curies":[{"name":"wp","href":"https:\/\/api.w.org\/{rel}","templated":true}]}}